{"id":18,"date":"2017-04-27T22:00:00","date_gmt":"2017-04-27T20:00:00","guid":{"rendered":"https:\/\/hoyre.no\/sauda\/aktuelt\/finst-det-lys-i-etne\/"},"modified":"2017-04-27T22:00:00","modified_gmt":"2017-04-27T20:00:00","slug":"finst-det-lys-i-etne","status":"publish","type":"post","link":"https:\/\/hoyre.no\/sauda\/aktuelt\/finst-det-lys-i-etne\/","title":{"rendered":"Finst det lys i (Etne-)tunnellen?"},"content":{"rendered":"<p class=\"preamble\">Me f\u00e5r ingen Etne-veg om me held fram med \u00e5 vera oss sj\u00f8lve nok. Til det er tunnellen for dyr og saudabuane for f\u00e5. Me m\u00e5 tenka st\u00f8rre!<\/p>\t\t\t<div class=\"post-meta wp-block teft-byline-wrapper\">\n\t\t\t\t<div class=\"top\">\n\t\t\t\t\t<div class=\"signature\">\n\t\t\t\t\t\t<div class=\"teft-byline\">\n\t\t\t\t\t\t\t\t\t\t\t\t\t\t<div>\n\t\t\t\t\t\t\t\t<h3>H\u00f8yres redaksjon<\/h3>\t\t\t\t\t\t\t\t\n\t\t\t\t\t\t\t\t\t\t\t\t\t\t\t\t\t<span class=\"date\">Sist oppdatert: 27. april 2017<\/span>\n\t\t\t\t\t\t\t\t\t\t\t\t\t\t\t\t\t\t\t\t\t\t\t\t\t<span class=\"reading-time\" itemprop=\"timeRequired\" content=\"PT4M\"><em>Ca. 4 minutter lesetid<\/em><\/span>\n\t\t\t\t\t\t\t\t\t\t\t\t\t\t\t<\/div>\n\t\t\t\t\t\t<\/div>\n\t\t\t\t\t<\/div>\n\t\t\t\t\t\t<div class=\"sharing\">\n\t\t<a class=\"share-button share-link copy-link\" data-copy=\"https:\/\/hoyre.no\/sauda\/aktuelt\/finst-det-lys-i-etne\/\" target=\"_blank\"><span class=\"screen-reader-text\">Del link<\/span><\/a>\n\t\t<a class=\"share-button share-twitter\" href=\"http:\/\/twitter.com\/share?text=Finst det lys i (Etne-)tunnellen?&#038;url=https:\/\/hoyre.no\/sauda\/aktuelt\/finst-det-lys-i-etne\/&#038;hashtags=Hoyre\" target=\"_blank\"><span class=\"screen-reader-text\">Del p\u00e5 twitter<\/span><\/a>\n\t\t<a class=\"share-button share-facebook\" href=\"https:\/\/www.facebook.com\/sharer\/sharer.php?u=https:\/\/hoyre.no\/sauda\/aktuelt\/finst-det-lys-i-etne\/\" target=\"_blank\"><span class=\"screen-reader-text\">Del p\u00e5 facebook<\/span><\/a>\n\t<\/div>\n\t\t\t\t\t<\/div>\n\t\t\t<\/div>\n\n\t\t\t<figure class=\"hoyre-image-wrapper\"><div class=\"hoyre-image\"><img loading=\"lazy\" decoding=\"async\" width=\"773\" height=\"513\" src=\"https:\/\/hoyre.no\/content\/uploads\/sites\/215\/2020\/11\/etneskilt-lite_1.jpg\" class=\"attachment-scaled size-scaled\" alt=\"\" style=\"object-position: 50% 50%\" srcset=\"https:\/\/hoyre.no\/content\/uploads\/sites\/215\/2020\/11\/etneskilt-lite_1.jpg 773w, https:\/\/hoyre.no\/content\/uploads\/sites\/215\/2020\/11\/etneskilt-lite_1-300x199.jpg 300w, https:\/\/hoyre.no\/content\/uploads\/sites\/215\/2020\/11\/etneskilt-lite_1-768x510.jpg 768w\" sizes=\"auto, (max-width: 773px) 100vw, 773px\" \/><\/div><\/figure><div id=\"hoyre-old-article-content-wrapper\"><p> Det burde eigentleg vera v\u00e5r tur no. Me har kjempa for heil\u00e5rsveg austover i generasjonar, ja, i 150 \u00e5r hevdar somme. Me var der nesten i 1939 med Slettedalsvegen, men s\u00e5 blei verda opptatt med andre ting og br\u00e5tt var toget g\u00e5tt. <\/p><p>Utan tilgang privat kapital kan ein jo undrast om me i det heile hadde hatt vegar til Sauda. Fv 520 Sauda-Ropeid trong dollar-l\u00e5n for \u00e5 komma heilt fram og R\u00f8ldalsvegen med same nummer blei for ein stor del bygt av private interesser. Offentleg-privat samarbeid, OPS, fanst i Sauda lenge f\u00f8r omgrepet var funne opp\u2026<\/p><p>Det var ingen som venta p\u00e5 tur d\u00e5. Og det er ingen som tenker slik i dag heller. Det som gjeld, er \u00e5 overtyda rette styresmaktene om kor fortreffeleg Etne-tunnellen er. Sp\u00f8rsm\u00e5let er berre korleis. <\/p><p><strong>\u00c5leine er ein liten<br \/><\/strong>Politikk handlar mykje om alliansar. Suldal allierte seg med Sauda og fekk brua si. Avtalen om \u00e5 hjelpa einannan var verken hogd i stein eller skriven p\u00e5 papir, s\u00e5 Suldal viste ikkje same st\u00f8tta i v\u00e5rt arbeid med etnevegen. Dei kan knapt klandrast. Med milliard-etterslep langs heile RV13 er det forst\u00e5eleg at suld\u00f8lane har nok med sitt eige. S\u00e6rleg om ein tar med i reknestykket at etnevegen saman med sandsfjordbrua kunne utfordra heile riksvegstatusen i Bratlandsdalen. <\/p><p>Stikkordet er likevel alliansar. Og Sauda treng mange p\u00e5 laget dersom me skal f\u00e5 veg til Etne.<\/p><p><\/p><p><strong>Catch 520<br \/><\/strong>Finansieringa av holet, som etter nye berekningar har passert 2 milliardar kroner i pris, er naturleg nok den store b\u00f8ygen. Ikkje berre er det dyrt, me fell mellom to stolar, eller meir presist, me treff ikkje den eine og er for tunge for den andre. Etter at FV 520 mista riksvegstatusen, er det ikkje muleg \u00e5 f\u00e5 tunnelprosjektet inn i Nasjonal Transportplan. Dermed m\u00e5 ein setta sin lit til dei regionale planane, ATP-ane (Areal- og Transportplan). Problemet her er berre at desse blir finansiert av fylkeskommunen. Med eit samferdselsbudsjett p\u00e5 drygt 300 millionar kroner, som heile fylket naturleg nok vil ha sin del (og vel s\u00e5 det) av, seier det seg sj\u00f8lv at det er krevjande \u00e5 g\u00e5 inn for s\u00e5 tunge prosjekt. Per i dag er tunnell Etne-Sauda med som eit vedlegg til ATP Ryfylke. Det er betre enn ingenting \u2013 men ikkje s\u00e5 mykje. Uansett verkar me \u00e5 vera avhengige av eit nasjonalt bidrag for at det skal vera realisme i prosjektet.<\/p><p><strong>S\u00e5, kva gjer me?<br \/><\/strong>F\u00f8rst og fremst m\u00e5 me slutta \u00e5 vingla! Trass i at kommunestyret har sagt at det er Etnevegen eller ingenting, snakkar saudafolk enno om hylsfjordveg, slettedalsveg, nordst\u00f8ldalsveg og tunnellar til Bratlandsdalen og R\u00f8ldal. Dette er noko av \u00e5rsaka til at me etter 150 \u00e5r enno ikkje har f\u00e5tt ein betre heil\u00e5rsveg austover. Me m\u00e5 samla oss om valet me har gjort og st\u00e5 for det!<\/p><p>Neste punkt p\u00e5 agendaen b\u00f8r vare \u00e5 f\u00e5 b\u00e5de siddisar, j\u00e6rbuar, hardingar og ryfylkingar til \u00e5 sj\u00e5 nytta i Sauda-Etne-sambandet. Med lang r\u00f8ldalstunnell p\u00e5 trappene og store p\u00e5g\u00e5ande veg- og tunnellprosjekt langs E134 i b\u00e5de Telemark og Buskerud, vil \u00abv\u00e5rt\u00bb prosjekt bli ei viktig tilf\u00f8rsels\u00e5re til hovudpuls\u00e5ra mellom aust og vest. Ja, for mange jamvel den beste reiseruta. Dei veit det gjerne ikkje enno, men det kan me gjera noko med. <\/p><p>Me er dessverre for f\u00e5 her inne til \u00e5 f\u00e5 geh\u00f8r i tigerstaden. Ja, s\u00e5 f\u00e5r me gjera noko med det og. Sauda m\u00e5 p\u00e5 friarferd og her snakkar me fleirkoneri! Sl\u00e5 saman Sauda, Odda, Etne, og deler av Vindafjord. Ja, Suldal kan \u00f2g f\u00e5 vera med, om dei vil spela p\u00e5 lag\u2026. For ein solid kraft-, industri-, turisme- og landbrukskommune me ville f\u00e5tt! <\/p><p>S\u00e5 m\u00e5 me g\u00e5 i forhandlingar med fylkeskommunen. Kor mykje kan me f\u00e5 i fylkesbidrag til finansiering dersom me gir fr\u00e5 oss hurtigb\u00e5ten og f\u00e5r dei sparte subsidiane til tunellbygging? Det er mykje \u00e5 spara p\u00e5 \u00e5 stoppa b\u00e5ten p\u00e5 Ropeid, for ikkje \u00e5 snakka om Jelsa\u2026 Det g\u00e5r an \u00e5 k\u00f8yra buss dit! <\/p><p>Sauda har for lenge sidan sagt at me \u00f8nsker oss ein Etne-tunnell. Etter nokre ti\u00e5r utan meir resultat enn ein reguleringsplan i kvar ende, synest tida \u00e5 vera overmoden for \u00e5 endra taktikk. Me m\u00e5 visa kor sterkt \u00f8nsket v\u00e5rt st\u00e5r, kor langt me er villige til \u00e5 strekka oss, kva me er villige til \u00e5 satsa og til slutt vurdera kor mykje kamel me kan tola \u00e5 ha p\u00e5 menyen i kampen for ei etterlengta vegutl\u00f8ysing. <\/p><p><strong>Sauda H\u00f8gre<br \/><\/strong><strong>Knut Atle Seim, leiar<\/strong><\/p><strike><\/strike><p><br \/><\/p><\/div>\n<div class=\"tags\">\n\t<\/div>\n<div class=\"post-footer alignfull has-background block-editor-block-list__block\" data-align=full>\n\t<div class=\"post-footer-inner\">\n\t\t<h3>Relaterte artikler<\/h3>\n\t\t<div class=\"related-content\"><div class=\"is-card-hoyre\">\n\t<div class=\"teft-card hoyre-teft-card post-teft-card\">\n\t\t<a href=\"https:\/\/hoyre.no\/sauda\/aktuelt\/hogre-skapar-pasient\/\" class=\"teft-card__primary-action\">\n\n\t\t\t\t\t<div class=\"teft-card__media teft-card__media--16-9\">\n\t\t\t\t\t\t<img loading=\"lazy\" decoding=\"async\" width=\"768\" height=\"513\" src=\"https:\/\/hoyre.no\/content\/uploads\/sites\/215\/2020\/11\/kvalitet-i-omsorg-768x513.jpg\" class=\"attachment-medium_large size-medium_large\" alt=\"\" srcset=\"https:\/\/hoyre.no\/content\/uploads\/sites\/215\/2020\/11\/kvalitet-i-omsorg-768x513.jpg 768w, https:\/\/hoyre.no\/content\/uploads\/sites\/215\/2020\/11\/kvalitet-i-omsorg-300x200.jpg 300w, https:\/\/hoyre.no\/content\/uploads\/sites\/215\/2020\/11\/kvalitet-i-omsorg.jpg 960w\" sizes=\"auto, (max-width: 768px) 100vw, 768px\" \/>\t\t<\/div>\n\t\t\n\t\t\t<div class=\"teft-card__content-wrapper\">\n\t\t\t\t<div class=\"teft-card__secondary\">\n\t\t\t\t\t\n\t\t\t\t\t\t\t\t<div class=\"teft-card__meta\">\n\t\t\t\t\t\t\t\t\t<span class=\"post-date\">6. sep 2017<\/span>\n\n\t\t\t\t\t\t\t\t\t\t\t\t\t\t\t\t\t<\/div>\n\t\t\t\t\t\t\t\t\t\t\t<\/div>\n\n\t\t\t\t<div class=\"teft-card__primary\">\n\t\t\t\t\t<h2 class=\"teft-card__title\">H\u00f8gre skapar pasienten si helseteneste&nbsp;<span class=\"teft-card__primary-title-append\"><\/span><\/h2>\t\t\t\t<\/div>\n\t\t\t<\/div>\n\t\t<\/a>\n\t<\/div>\n\n\t<\/div><div class=\"is-card-hoyre\">\n\t<div class=\"teft-card hoyre-teft-card post-teft-card\">\n\t\t<a href=\"https:\/\/hoyre.no\/sauda\/aktuelt\/hogre-onskjer-meir-s\/\" class=\"teft-card__primary-action\">\n\n\t\t\t\t\t<div class=\"teft-card__media teft-card__media--16-9\">\n\t\t\t\t\t\t<img loading=\"lazy\" decoding=\"async\" width=\"768\" height=\"461\" src=\"https:\/\/hoyre.no\/content\/uploads\/sites\/215\/2020\/11\/besok-ruh-sommar2017_1-768x461.jpg\" class=\"attachment-medium_large size-medium_large\" alt=\"\" srcset=\"https:\/\/hoyre.no\/content\/uploads\/sites\/215\/2020\/11\/besok-ruh-sommar2017_1-768x461.jpg 768w, https:\/\/hoyre.no\/content\/uploads\/sites\/215\/2020\/11\/besok-ruh-sommar2017_1-300x180.jpg 300w, https:\/\/hoyre.no\/content\/uploads\/sites\/215\/2020\/11\/besok-ruh-sommar2017_1.jpg 857w\" sizes=\"auto, (max-width: 768px) 100vw, 768px\" \/>\t\t<\/div>\n\t\t\n\t\t\t<div class=\"teft-card__content-wrapper\">\n\t\t\t\t<div class=\"teft-card__secondary\">\n\t\t\t\t\t\n\t\t\t\t\t\t\t\t<div class=\"teft-card__meta\">\n\t\t\t\t\t\t\t\t\t<span class=\"post-date\">17. aug 2017<\/span>\n\n\t\t\t\t\t\t\t\t\t\t\t\t\t\t\t\t\t<\/div>\n\t\t\t\t\t\t\t\t\t\t\t<\/div>\n\n\t\t\t\t<div class=\"teft-card__primary\">\n\t\t\t\t\t<h2 class=\"teft-card__title\">H\u00f8gre \u00f8nskjer meir sm\u00e5kraft&nbsp;<span class=\"teft-card__primary-title-append\"><\/span><\/h2>\t\t\t\t<\/div>\n\t\t\t<\/div>\n\t\t<\/a>\n\t<\/div>\n\n\t<\/div><div class=\"is-card-hoyre\">\n\t<div class=\"teft-card hoyre-teft-card post-teft-card\">\n\t\t<a href=\"https:\/\/hoyre.no\/sauda\/aktuelt\/ja_til_sauda\/\" class=\"teft-card__primary-action\">\n\n\t\t\t<div class=\"teft-card__media teft-card__media--16-9 no-image\"><\/div>\n\t\t\t<div class=\"teft-card__content-wrapper\">\n\t\t\t\t<div class=\"teft-card__secondary\">\n\t\t\t\t\t\n\t\t\t\t\t\t\t\t<div class=\"teft-card__meta\">\n\t\t\t\t\t\t\t\t\t<span class=\"post-date\">16. apr 2016<\/span>\n\n\t\t\t\t\t\t\t\t\t\t\t\t\t\t\t\t\t<\/div>\n\t\t\t\t\t\t\t\t\t\t\t<\/div>\n\n\t\t\t\t<div class=\"teft-card__primary\">\n\t\t\t\t\t<h2 class=\"teft-card__title\">Ja til Sauda!&nbsp;<span class=\"teft-card__primary-title-append\"><\/span><\/h2>\t\t\t\t<\/div>\n\t\t\t<\/div>\n\t\t<\/a>\n\t<\/div>\n\n\t<\/div><\/div>\t<\/div>\n<\/div>\n","protected":false},"excerpt":{"rendered":"","protected":false},"author":0,"featured_media":0,"comment_status":"open","ping_status":"open","sticky":false,"template":"","format":"standard","meta":{"teft_cards_image_url":"https:\/\/hoyre.no\/content\/uploads\/sites\/215\/2020\/11\/etneskilt-lite_1.jpg","teft_cards_custom_pretitle":"","teft_cards_image_id":17,"teft_cards_image_focal_point_x":0,"teft_cards_image_focal_point_y":0,"teft_cards_title":"","teft_cards_excerpt":"","teft_show_chapters":false,"author_display_name":"Knut Atle Seim","footnotes":""},"category":[1],"post_tag":[],"hoyre-visibility":[],"article-type":[],"politician":[],"class_list":["post-18","post","type-post","status-publish","format-standard","hentry","category-ukategorisert"],"yoast_head":"<!-- This site is optimized with the Yoast SEO plugin v26.6 - https:\/\/yoast.com\/wordpress\/plugins\/seo\/ -->\n<title>Finst det lys i (Etne-)tunnellen? - Sauda H\u00f8yre<\/title>\n<meta name=\"robots\" content=\"index, follow, max-snippet:-1, max-image-preview:large, max-video-preview:-1\" \/>\n<link rel=\"canonical\" href=\"https:\/\/hoyre.no\/sauda\/aktuelt\/finst-det-lys-i-etne\/\" \/>\n<meta property=\"og:locale\" content=\"nn_NO\" \/>\n<meta property=\"og:type\" content=\"article\" \/>\n<meta property=\"og:title\" content=\"Finst det lys i (Etne-)tunnellen? - Sauda H\u00f8yre\" \/>\n<meta property=\"og:url\" content=\"https:\/\/hoyre.no\/sauda\/aktuelt\/finst-det-lys-i-etne\/\" \/>\n<meta property=\"og:site_name\" content=\"Sauda H\u00f8yre\" \/>\n<meta property=\"article:published_time\" content=\"2017-04-27T20:00:00+00:00\" \/>\n<meta property=\"og:image\" content=\"https:\/\/hoyre.no\/content\/uploads\/sites\/215\/2022\/11\/Hoyres-logo.png\" \/>\n\t<meta property=\"og:image:width\" content=\"1000\" \/>\n\t<meta property=\"og:image:height\" content=\"1000\" \/>\n\t<meta property=\"og:image:type\" content=\"image\/png\" \/>\n<meta name=\"twitter:card\" content=\"summary_large_image\" \/>\n<meta name=\"twitter:label1\" content=\"Est. reading time\" \/>\n\t<meta name=\"twitter:data1\" content=\"4 minutt\" \/>\n<script type=\"application\/ld+json\" class=\"yoast-schema-graph\">{\"@context\":\"https:\/\/schema.org\",\"@graph\":[{\"@type\":\"NewsArticle\",\"@id\":\"https:\/\/hoyre.no\/sauda\/aktuelt\/finst-det-lys-i-etne\/\",\"url\":\"https:\/\/hoyre.no\/sauda\/aktuelt\/finst-det-lys-i-etne\/\",\"name\":\"Finst det lys i (Etne-)tunnellen? - Sauda H\u00f8yre\",\"isPartOf\":{\"@id\":\"https:\/\/hoyre.no\/sauda\/#website\"},\"datePublished\":\"2017-04-27T20:00:00+00:00\",\"author\":{\"@id\":\"\"},\"breadcrumb\":{\"@id\":\"https:\/\/hoyre.no\/sauda\/aktuelt\/finst-det-lys-i-etne\/#breadcrumb\"},\"inLanguage\":\"nn-NO\",\"potentialAction\":[{\"@type\":\"ReadAction\",\"target\":[\"https:\/\/hoyre.no\/sauda\/aktuelt\/finst-det-lys-i-etne\/\"]}]},{\"@type\":\"BreadcrumbList\",\"@id\":\"https:\/\/hoyre.no\/sauda\/aktuelt\/finst-det-lys-i-etne\/#breadcrumb\",\"itemListElement\":[{\"@type\":\"ListItem\",\"position\":1,\"name\":\"Til hoyre.no\",\"item\":\"https:\/\/hoyre.no\"},{\"@type\":\"ListItem\",\"position\":2,\"name\":\"Hjem\",\"item\":\"https:\/\/hoyre.no\/sauda\/\"},{\"@type\":\"ListItem\",\"position\":3,\"name\":\"Finst det lys i (Etne-)tunnellen?\"}]},{\"@type\":\"WebSite\",\"@id\":\"https:\/\/hoyre.no\/sauda\/#website\",\"url\":\"https:\/\/hoyre.no\/sauda\/\",\"name\":\"Sauda H\u00f8yre\",\"description\":\"Bare enda et H\u00f8yres nettsteder-nettsted\",\"inLanguage\":\"nn-NO\"}]}<\/script>\n<!-- \/ Yoast SEO plugin. -->","yoast_head_json":{"title":"Finst det lys i (Etne-)tunnellen? - Sauda H\u00f8yre","robots":{"index":"index","follow":"follow","max-snippet":"max-snippet:-1","max-image-preview":"max-image-preview:large","max-video-preview":"max-video-preview:-1"},"canonical":"https:\/\/hoyre.no\/sauda\/aktuelt\/finst-det-lys-i-etne\/","og_locale":"nn_NO","og_type":"article","og_title":"Finst det lys i (Etne-)tunnellen? - Sauda H\u00f8yre","og_url":"https:\/\/hoyre.no\/sauda\/aktuelt\/finst-det-lys-i-etne\/","og_site_name":"Sauda H\u00f8yre","article_published_time":"2017-04-27T20:00:00+00:00","og_image":[{"width":1000,"height":1000,"url":"https:\/\/hoyre.no\/content\/uploads\/sites\/215\/2022\/11\/Hoyres-logo.png","type":"image\/png"}],"twitter_card":"summary_large_image","twitter_misc":{"Est. reading time":"4 minutt"},"schema":{"@context":"https:\/\/schema.org","@graph":[{"@type":"NewsArticle","@id":"https:\/\/hoyre.no\/sauda\/aktuelt\/finst-det-lys-i-etne\/","url":"https:\/\/hoyre.no\/sauda\/aktuelt\/finst-det-lys-i-etne\/","name":"Finst det lys i (Etne-)tunnellen? - Sauda H\u00f8yre","isPartOf":{"@id":"https:\/\/hoyre.no\/sauda\/#website"},"datePublished":"2017-04-27T20:00:00+00:00","author":{"@id":""},"breadcrumb":{"@id":"https:\/\/hoyre.no\/sauda\/aktuelt\/finst-det-lys-i-etne\/#breadcrumb"},"inLanguage":"nn-NO","potentialAction":[{"@type":"ReadAction","target":["https:\/\/hoyre.no\/sauda\/aktuelt\/finst-det-lys-i-etne\/"]}]},{"@type":"BreadcrumbList","@id":"https:\/\/hoyre.no\/sauda\/aktuelt\/finst-det-lys-i-etne\/#breadcrumb","itemListElement":[{"@type":"ListItem","position":1,"name":"Til hoyre.no","item":"https:\/\/hoyre.no"},{"@type":"ListItem","position":2,"name":"Hjem","item":"https:\/\/hoyre.no\/sauda\/"},{"@type":"ListItem","position":3,"name":"Finst det lys i (Etne-)tunnellen?"}]},{"@type":"WebSite","@id":"https:\/\/hoyre.no\/sauda\/#website","url":"https:\/\/hoyre.no\/sauda\/","name":"Sauda H\u00f8yre","description":"Bare enda et H\u00f8yres nettsteder-nettsted","inLanguage":"nn-NO"}]}},"distributor_meta":false,"distributor_terms":false,"distributor_media":false,"distributor_original_site_name":"Sauda H\u00f8yre","distributor_original_site_url":"https:\/\/hoyre.no\/sauda","push-errors":false,"_links":{"self":[{"href":"https:\/\/hoyre.no\/sauda\/wp-json\/wp\/v2\/posts\/18","targetHints":{"allow":["GET"]}}],"collection":[{"href":"https:\/\/hoyre.no\/sauda\/wp-json\/wp\/v2\/posts"}],"about":[{"href":"https:\/\/hoyre.no\/sauda\/wp-json\/wp\/v2\/types\/post"}],"replies":[{"embeddable":true,"href":"https:\/\/hoyre.no\/sauda\/wp-json\/wp\/v2\/comments?post=18"}],"version-history":[{"count":0,"href":"https:\/\/hoyre.no\/sauda\/wp-json\/wp\/v2\/posts\/18\/revisions"}],"wp:attachment":[{"href":"https:\/\/hoyre.no\/sauda\/wp-json\/wp\/v2\/media?parent=18"}],"wp:term":[{"taxonomy":"category","embeddable":true,"href":"https:\/\/hoyre.no\/sauda\/wp-json\/wp\/v2\/category?post=18"},{"taxonomy":"post_tag","embeddable":true,"href":"https:\/\/hoyre.no\/sauda\/wp-json\/wp\/v2\/post_tag?post=18"},{"taxonomy":"hoyre-visibility","embeddable":true,"href":"https:\/\/hoyre.no\/sauda\/wp-json\/wp\/v2\/hoyre-visibility?post=18"},{"taxonomy":"article-type","embeddable":true,"href":"https:\/\/hoyre.no\/sauda\/wp-json\/wp\/v2\/article-type?post=18"},{"taxonomy":"politician","embeddable":true,"href":"https:\/\/hoyre.no\/sauda\/wp-json\/wp\/v2\/politician?post=18"}],"curies":[{"name":"wp","href":"https:\/\/api.w.org\/{rel}","templated":true}]}}