{"id":22,"date":"2017-09-06T22:00:00","date_gmt":"2017-09-06T20:00:00","guid":{"rendered":"https:\/\/hoyre.no\/sauda\/aktuelt\/hogre-skapar-pasient\/"},"modified":"2017-09-06T22:00:00","modified_gmt":"2017-09-06T20:00:00","slug":"hogre-skapar-pasient","status":"publish","type":"post","link":"https:\/\/hoyre.no\/sauda\/aktuelt\/hogre-skapar-pasient\/","title":{"rendered":"H\u00f8gre skapar pasienten si helseteneste"},"content":{"rendered":"<p class=\"preamble\">I 2015 innf\u00f8rte regjeringa pakkeforl\u00f8p for kreftpasientar. Tal fr\u00e5 \u00e5rets fire f\u00f8rste m\u00e5nader viser at 78 prosent av alle nye kreftpasientar no er i eit forl\u00f8p og at 70 prosent av desse blir behandla innanfor tilr\u00e5dd maksimal forl\u00f8pstid.<\/p>\t\t\t<div class=\"post-meta wp-block teft-byline-wrapper\">\n\t\t\t\t<div class=\"top\">\n\t\t\t\t\t<div class=\"signature\">\n\t\t\t\t\t\t<div class=\"teft-byline\">\n\t\t\t\t\t\t\t\t\t\t\t\t\t\t<div>\n\t\t\t\t\t\t\t\t<h3>H\u00f8yres redaksjon<\/h3>\t\t\t\t\t\t\t\t\n\t\t\t\t\t\t\t\t\t\t\t\t\t\t\t\t\t<span class=\"date\">Sist oppdatert: 6. september 2017<\/span>\n\t\t\t\t\t\t\t\t\t\t\t\t\t\t\t\t\t\t\t\t\t\t\t\t\t<span class=\"reading-time\" itemprop=\"timeRequired\" content=\"PT2M\"><em>Ca. 2 minutter lesetid<\/em><\/span>\n\t\t\t\t\t\t\t\t\t\t\t\t\t\t\t<\/div>\n\t\t\t\t\t\t<\/div>\n\t\t\t\t\t<\/div>\n\t\t\t\t\t\t<div class=\"sharing\">\n\t\t<a class=\"share-button share-link copy-link\" data-copy=\"https:\/\/hoyre.no\/sauda\/aktuelt\/hogre-skapar-pasient\/\" target=\"_blank\"><span class=\"screen-reader-text\">Del link<\/span><\/a>\n\t\t<a class=\"share-button share-twitter\" href=\"http:\/\/twitter.com\/share?text=H\u00f8gre skapar pasienten si helseteneste&#038;url=https:\/\/hoyre.no\/sauda\/aktuelt\/hogre-skapar-pasient\/&#038;hashtags=Hoyre\" target=\"_blank\"><span class=\"screen-reader-text\">Del p\u00e5 twitter<\/span><\/a>\n\t\t<a class=\"share-button share-facebook\" href=\"https:\/\/www.facebook.com\/sharer\/sharer.php?u=https:\/\/hoyre.no\/sauda\/aktuelt\/hogre-skapar-pasient\/\" target=\"_blank\"><span class=\"screen-reader-text\">Del p\u00e5 facebook<\/span><\/a>\n\t<\/div>\n\t\t\t\t\t<\/div>\n\t\t\t<\/div>\n\n\t\t\t<figure class=\"hoyre-image-wrapper\"><div class=\"hoyre-image\"><img loading=\"lazy\" decoding=\"async\" width=\"960\" height=\"641\" src=\"https:\/\/hoyre.no\/content\/uploads\/sites\/215\/2020\/11\/kvalitet-i-omsorg.jpg\" class=\"attachment-scaled size-scaled\" alt=\"\" style=\"object-position: 50% 50%\" srcset=\"https:\/\/hoyre.no\/content\/uploads\/sites\/215\/2020\/11\/kvalitet-i-omsorg.jpg 960w, https:\/\/hoyre.no\/content\/uploads\/sites\/215\/2020\/11\/kvalitet-i-omsorg-300x200.jpg 300w, https:\/\/hoyre.no\/content\/uploads\/sites\/215\/2020\/11\/kvalitet-i-omsorg-768x513.jpg 768w\" sizes=\"auto, (max-width: 960px) 100vw, 960px\" \/><\/div><\/figure><div id=\"hoyre-old-article-content-wrapper\">Tidlegare har kreftpasientar ofte m\u00e5tte forhalda seg til mange ulike personar i helsevesenet og gjerne gjenta sjukdomshistoria si mange gonger. D\u00e5rleg koordinering auka ogs\u00e5 d\u00f8dsrisikoen, jamf\u00f8r ei risikokartlegging gjort i 2011. \u00c5rleg opplever 30.000 nordmenn \u00e5 f\u00e5 ein kreftdiagnose. Meir enn 200.000 av oss lever med kreft. Pakkeforl\u00f8pet gir pasienten ein slags billett gjennom helsesystemet. Dette betyr at reiseruta er klar. Ein veit kva du skal gjennom, n\u00e5r og kor. Og ein f\u00e5r med deg ein pasientkoordinator som reiseleiar! Pasientar og familiar som alt er i ein vanskeleg situasjon skal ikkje f\u00e5 det verre p\u00e5 grunn av manglande informasjon, kommunikasjon og uforutsigbarhet. Dette skal ein sleppa \u00e5 uroa seg for n\u00e5r ein har f\u00e5tt ein kreftdiagnose. <\/p><p><strong>Heilt heim <br \/><\/strong>Sj\u00f8lv om m\u00e5loppn\u00e5inga er god, kan ein ikkje vera forn\u00f8gde f\u00f8r alle nye kreftpasientar opplever \u00e5 bli godt ivaretatt av helsevesenet v\u00e5rt. Parallelt med at ein arbeider med \u00e5 oppn\u00e5 betre m\u00e5loppn\u00e5ing innan dei 28 ulike pakkeforl\u00f8pa, vil ein utvida forl\u00f8pet til \u00e5 vara heilt heim. H\u00f8gre \u00f8nskjer derfor n\u00e5 \u00e5 gi Helsedirektoratet i oppdrag \u00e5 utarbeida eit pakkeforl\u00f8p som inneheld rehabilitering og oppf\u00f8lging i kommunane og i NAV for kreftpasientar som er ferdigbehandla eller som skal leva med ein kreftdiagnose. <\/p><p><strong>Fleire pakkar p\u00e5 veg<\/strong><br \/>Pakkeforl\u00f8p for kreftpasientar er alt no ein suksess og framst\u00e5r som eit langt steg i retning pasienten si (i motsetnad til systemet si) helseteneste. I 2018 kjem derfor \u00e5tte ulike pakkeforl\u00f8p innan psykisk helse og rus p\u00e5 plass og fleire innan same omr\u00e5de f\u00f8lgjer i \u00e5ra etter. H\u00f8gre vil vidare arbeida for \u00e5 f\u00e5 p\u00e5 plass pakkeforl\u00f8p for utmattingssjukdomar og for smerte-, muskel- og skjelettlidingar. \u00c5 f\u00e5 hjelp n\u00e5r ein treng det er viktig for b\u00e5de tryggleik og livskvalitet. Det viktigaste i helsetenesta er ikkje systemet, men pasienten. Behandlingsapparatet m\u00e5 byggast opp rundt dette. Det er derfor H\u00f8gre \u00f8nskjer pasienten si helseteneste. <\/p><p>Godt val! <p><br \/><\/p><\/div>\n<div class=\"tags\">\n\t<\/div>\n<div class=\"post-footer alignfull has-background block-editor-block-list__block\" data-align=full>\n\t<div class=\"post-footer-inner\">\n\t\t<h3>Relaterte artikler<\/h3>\n\t\t<div class=\"related-content\"><div class=\"is-card-hoyre\">\n\t<div class=\"teft-card hoyre-teft-card post-teft-card\">\n\t\t<a href=\"https:\/\/hoyre.no\/sauda\/aktuelt\/hogre-onskjer-meir-s\/\" class=\"teft-card__primary-action\">\n\n\t\t\t\t\t<div class=\"teft-card__media teft-card__media--16-9\">\n\t\t\t\t\t\t<img loading=\"lazy\" decoding=\"async\" width=\"768\" height=\"461\" src=\"https:\/\/hoyre.no\/content\/uploads\/sites\/215\/2020\/11\/besok-ruh-sommar2017_1-768x461.jpg\" class=\"attachment-medium_large size-medium_large\" alt=\"\" srcset=\"https:\/\/hoyre.no\/content\/uploads\/sites\/215\/2020\/11\/besok-ruh-sommar2017_1-768x461.jpg 768w, https:\/\/hoyre.no\/content\/uploads\/sites\/215\/2020\/11\/besok-ruh-sommar2017_1-300x180.jpg 300w, https:\/\/hoyre.no\/content\/uploads\/sites\/215\/2020\/11\/besok-ruh-sommar2017_1.jpg 857w\" sizes=\"auto, (max-width: 768px) 100vw, 768px\" \/>\t\t<\/div>\n\t\t\n\t\t\t<div class=\"teft-card__content-wrapper\">\n\t\t\t\t<div class=\"teft-card__secondary\">\n\t\t\t\t\t\n\t\t\t\t\t\t\t\t<div class=\"teft-card__meta\">\n\t\t\t\t\t\t\t\t\t<span class=\"post-date\">17. aug 2017<\/span>\n\n\t\t\t\t\t\t\t\t\t\t\t\t\t\t\t\t\t<\/div>\n\t\t\t\t\t\t\t\t\t\t\t<\/div>\n\n\t\t\t\t<div class=\"teft-card__primary\">\n\t\t\t\t\t<h2 class=\"teft-card__title\">H\u00f8gre \u00f8nskjer meir sm\u00e5kraft&nbsp;<span class=\"teft-card__primary-title-append\"><\/span><\/h2>\t\t\t\t<\/div>\n\t\t\t<\/div>\n\t\t<\/a>\n\t<\/div>\n\n\t<\/div><div class=\"is-card-hoyre\">\n\t<div class=\"teft-card hoyre-teft-card post-teft-card\">\n\t\t<a href=\"https:\/\/hoyre.no\/sauda\/aktuelt\/finst-det-lys-i-etne\/\" class=\"teft-card__primary-action\">\n\n\t\t\t\t\t<div class=\"teft-card__media teft-card__media--16-9\">\n\t\t\t\t\t\t<img loading=\"lazy\" decoding=\"async\" width=\"768\" height=\"510\" src=\"https:\/\/hoyre.no\/content\/uploads\/sites\/215\/2020\/11\/etneskilt-lite_1-768x510.jpg\" class=\"attachment-medium_large size-medium_large\" alt=\"\" srcset=\"https:\/\/hoyre.no\/content\/uploads\/sites\/215\/2020\/11\/etneskilt-lite_1-768x510.jpg 768w, https:\/\/hoyre.no\/content\/uploads\/sites\/215\/2020\/11\/etneskilt-lite_1-300x199.jpg 300w, https:\/\/hoyre.no\/content\/uploads\/sites\/215\/2020\/11\/etneskilt-lite_1.jpg 773w\" sizes=\"auto, (max-width: 768px) 100vw, 768px\" \/>\t\t<\/div>\n\t\t\n\t\t\t<div class=\"teft-card__content-wrapper\">\n\t\t\t\t<div class=\"teft-card__secondary\">\n\t\t\t\t\t\n\t\t\t\t\t\t\t\t<div class=\"teft-card__meta\">\n\t\t\t\t\t\t\t\t\t<span class=\"post-date\">27. apr 2017<\/span>\n\n\t\t\t\t\t\t\t\t\t\t\t\t\t\t\t\t\t<\/div>\n\t\t\t\t\t\t\t\t\t\t\t<\/div>\n\n\t\t\t\t<div class=\"teft-card__primary\">\n\t\t\t\t\t<h2 class=\"teft-card__title\">Finst det lys i (Etne-)tunnellen?&nbsp;<span class=\"teft-card__primary-title-append\"><\/span><\/h2>\t\t\t\t<\/div>\n\t\t\t<\/div>\n\t\t<\/a>\n\t<\/div>\n\n\t<\/div><div class=\"is-card-hoyre\">\n\t<div class=\"teft-card hoyre-teft-card post-teft-card\">\n\t\t<a href=\"https:\/\/hoyre.no\/sauda\/aktuelt\/ja_til_sauda\/\" class=\"teft-card__primary-action\">\n\n\t\t\t<div class=\"teft-card__media teft-card__media--16-9 no-image\"><\/div>\n\t\t\t<div class=\"teft-card__content-wrapper\">\n\t\t\t\t<div class=\"teft-card__secondary\">\n\t\t\t\t\t\n\t\t\t\t\t\t\t\t<div class=\"teft-card__meta\">\n\t\t\t\t\t\t\t\t\t<span class=\"post-date\">16. apr 2016<\/span>\n\n\t\t\t\t\t\t\t\t\t\t\t\t\t\t\t\t\t<\/div>\n\t\t\t\t\t\t\t\t\t\t\t<\/div>\n\n\t\t\t\t<div class=\"teft-card__primary\">\n\t\t\t\t\t<h2 class=\"teft-card__title\">Ja til Sauda!&nbsp;<span class=\"teft-card__primary-title-append\"><\/span><\/h2>\t\t\t\t<\/div>\n\t\t\t<\/div>\n\t\t<\/a>\n\t<\/div>\n\n\t<\/div><\/div>\t<\/div>\n<\/div>\n","protected":false},"excerpt":{"rendered":"","protected":false},"author":0,"featured_media":0,"comment_status":"open","ping_status":"open","sticky":false,"template":"","format":"standard","meta":{"teft_cards_image_url":"https:\/\/hoyre.no\/content\/uploads\/sites\/215\/2020\/11\/kvalitet-i-omsorg.jpg","teft_cards_custom_pretitle":"","teft_cards_image_id":21,"teft_cards_image_focal_point_x":0,"teft_cards_image_focal_point_y":0,"teft_cards_title":"","teft_cards_excerpt":"","teft_show_chapters":false,"author_display_name":"Knut Atle Seim","footnotes":""},"category":[1],"post_tag":[],"hoyre-visibility":[],"article-type":[],"politician":[],"class_list":["post-22","post","type-post","status-publish","format-standard","hentry","category-ukategorisert"],"yoast_head":"<!-- This site is optimized with the Yoast SEO plugin v26.6 - https:\/\/yoast.com\/wordpress\/plugins\/seo\/ -->\n<title>H\u00f8gre skapar pasienten si helseteneste - Sauda H\u00f8yre<\/title>\n<meta name=\"robots\" content=\"index, follow, max-snippet:-1, max-image-preview:large, max-video-preview:-1\" \/>\n<link rel=\"canonical\" href=\"https:\/\/hoyre.no\/sauda\/aktuelt\/hogre-skapar-pasient\/\" \/>\n<meta property=\"og:locale\" content=\"nn_NO\" \/>\n<meta property=\"og:type\" content=\"article\" \/>\n<meta property=\"og:title\" content=\"H\u00f8gre skapar pasienten si helseteneste - Sauda H\u00f8yre\" \/>\n<meta property=\"og:url\" content=\"https:\/\/hoyre.no\/sauda\/aktuelt\/hogre-skapar-pasient\/\" \/>\n<meta property=\"og:site_name\" content=\"Sauda H\u00f8yre\" \/>\n<meta property=\"article:published_time\" content=\"2017-09-06T20:00:00+00:00\" \/>\n<meta property=\"og:image\" content=\"https:\/\/hoyre.no\/content\/uploads\/sites\/215\/2022\/11\/Hoyres-logo.png\" \/>\n\t<meta property=\"og:image:width\" content=\"1000\" \/>\n\t<meta property=\"og:image:height\" content=\"1000\" \/>\n\t<meta property=\"og:image:type\" content=\"image\/png\" \/>\n<meta name=\"twitter:card\" content=\"summary_large_image\" \/>\n<meta name=\"twitter:label1\" content=\"Est. reading time\" \/>\n\t<meta name=\"twitter:data1\" content=\"2 minutt\" \/>\n<script type=\"application\/ld+json\" class=\"yoast-schema-graph\">{\"@context\":\"https:\/\/schema.org\",\"@graph\":[{\"@type\":\"NewsArticle\",\"@id\":\"https:\/\/hoyre.no\/sauda\/aktuelt\/hogre-skapar-pasient\/\",\"url\":\"https:\/\/hoyre.no\/sauda\/aktuelt\/hogre-skapar-pasient\/\",\"name\":\"H\u00f8gre skapar pasienten si helseteneste - Sauda H\u00f8yre\",\"isPartOf\":{\"@id\":\"https:\/\/hoyre.no\/sauda\/#website\"},\"datePublished\":\"2017-09-06T20:00:00+00:00\",\"author\":{\"@id\":\"\"},\"breadcrumb\":{\"@id\":\"https:\/\/hoyre.no\/sauda\/aktuelt\/hogre-skapar-pasient\/#breadcrumb\"},\"inLanguage\":\"nn-NO\",\"potentialAction\":[{\"@type\":\"ReadAction\",\"target\":[\"https:\/\/hoyre.no\/sauda\/aktuelt\/hogre-skapar-pasient\/\"]}]},{\"@type\":\"BreadcrumbList\",\"@id\":\"https:\/\/hoyre.no\/sauda\/aktuelt\/hogre-skapar-pasient\/#breadcrumb\",\"itemListElement\":[{\"@type\":\"ListItem\",\"position\":1,\"name\":\"Til hoyre.no\",\"item\":\"https:\/\/hoyre.no\"},{\"@type\":\"ListItem\",\"position\":2,\"name\":\"Hjem\",\"item\":\"https:\/\/hoyre.no\/sauda\/\"},{\"@type\":\"ListItem\",\"position\":3,\"name\":\"H\u00f8gre skapar pasienten si helseteneste\"}]},{\"@type\":\"WebSite\",\"@id\":\"https:\/\/hoyre.no\/sauda\/#website\",\"url\":\"https:\/\/hoyre.no\/sauda\/\",\"name\":\"Sauda H\u00f8yre\",\"description\":\"Bare enda et H\u00f8yres nettsteder-nettsted\",\"inLanguage\":\"nn-NO\"}]}<\/script>\n<!-- \/ Yoast SEO plugin. -->","yoast_head_json":{"title":"H\u00f8gre skapar pasienten si helseteneste - Sauda H\u00f8yre","robots":{"index":"index","follow":"follow","max-snippet":"max-snippet:-1","max-image-preview":"max-image-preview:large","max-video-preview":"max-video-preview:-1"},"canonical":"https:\/\/hoyre.no\/sauda\/aktuelt\/hogre-skapar-pasient\/","og_locale":"nn_NO","og_type":"article","og_title":"H\u00f8gre skapar pasienten si helseteneste - Sauda H\u00f8yre","og_url":"https:\/\/hoyre.no\/sauda\/aktuelt\/hogre-skapar-pasient\/","og_site_name":"Sauda H\u00f8yre","article_published_time":"2017-09-06T20:00:00+00:00","og_image":[{"width":1000,"height":1000,"url":"https:\/\/hoyre.no\/content\/uploads\/sites\/215\/2022\/11\/Hoyres-logo.png","type":"image\/png"}],"twitter_card":"summary_large_image","twitter_misc":{"Est. reading time":"2 minutt"},"schema":{"@context":"https:\/\/schema.org","@graph":[{"@type":"NewsArticle","@id":"https:\/\/hoyre.no\/sauda\/aktuelt\/hogre-skapar-pasient\/","url":"https:\/\/hoyre.no\/sauda\/aktuelt\/hogre-skapar-pasient\/","name":"H\u00f8gre skapar pasienten si helseteneste - Sauda H\u00f8yre","isPartOf":{"@id":"https:\/\/hoyre.no\/sauda\/#website"},"datePublished":"2017-09-06T20:00:00+00:00","author":{"@id":""},"breadcrumb":{"@id":"https:\/\/hoyre.no\/sauda\/aktuelt\/hogre-skapar-pasient\/#breadcrumb"},"inLanguage":"nn-NO","potentialAction":[{"@type":"ReadAction","target":["https:\/\/hoyre.no\/sauda\/aktuelt\/hogre-skapar-pasient\/"]}]},{"@type":"BreadcrumbList","@id":"https:\/\/hoyre.no\/sauda\/aktuelt\/hogre-skapar-pasient\/#breadcrumb","itemListElement":[{"@type":"ListItem","position":1,"name":"Til hoyre.no","item":"https:\/\/hoyre.no"},{"@type":"ListItem","position":2,"name":"Hjem","item":"https:\/\/hoyre.no\/sauda\/"},{"@type":"ListItem","position":3,"name":"H\u00f8gre skapar pasienten si helseteneste"}]},{"@type":"WebSite","@id":"https:\/\/hoyre.no\/sauda\/#website","url":"https:\/\/hoyre.no\/sauda\/","name":"Sauda H\u00f8yre","description":"Bare enda et H\u00f8yres nettsteder-nettsted","inLanguage":"nn-NO"}]}},"distributor_meta":false,"distributor_terms":false,"distributor_media":false,"distributor_original_site_name":"Sauda H\u00f8yre","distributor_original_site_url":"https:\/\/hoyre.no\/sauda","push-errors":false,"_links":{"self":[{"href":"https:\/\/hoyre.no\/sauda\/wp-json\/wp\/v2\/posts\/22","targetHints":{"allow":["GET"]}}],"collection":[{"href":"https:\/\/hoyre.no\/sauda\/wp-json\/wp\/v2\/posts"}],"about":[{"href":"https:\/\/hoyre.no\/sauda\/wp-json\/wp\/v2\/types\/post"}],"replies":[{"embeddable":true,"href":"https:\/\/hoyre.no\/sauda\/wp-json\/wp\/v2\/comments?post=22"}],"version-history":[{"count":0,"href":"https:\/\/hoyre.no\/sauda\/wp-json\/wp\/v2\/posts\/22\/revisions"}],"wp:attachment":[{"href":"https:\/\/hoyre.no\/sauda\/wp-json\/wp\/v2\/media?parent=22"}],"wp:term":[{"taxonomy":"category","embeddable":true,"href":"https:\/\/hoyre.no\/sauda\/wp-json\/wp\/v2\/category?post=22"},{"taxonomy":"post_tag","embeddable":true,"href":"https:\/\/hoyre.no\/sauda\/wp-json\/wp\/v2\/post_tag?post=22"},{"taxonomy":"hoyre-visibility","embeddable":true,"href":"https:\/\/hoyre.no\/sauda\/wp-json\/wp\/v2\/hoyre-visibility?post=22"},{"taxonomy":"article-type","embeddable":true,"href":"https:\/\/hoyre.no\/sauda\/wp-json\/wp\/v2\/article-type?post=22"},{"taxonomy":"politician","embeddable":true,"href":"https:\/\/hoyre.no\/sauda\/wp-json\/wp\/v2\/politician?post=22"}],"curies":[{"name":"wp","href":"https:\/\/api.w.org\/{rel}","templated":true}]}}