{"id":23,"date":"2016-04-16T06:56:51","date_gmt":"2016-04-16T04:56:51","guid":{"rendered":"https:\/\/hoyre.no\/sauda\/aktuelt\/ja_til_sauda\/"},"modified":"2016-04-16T06:56:51","modified_gmt":"2016-04-16T04:56:51","slug":"ja_til_sauda","status":"publish","type":"post","link":"https:\/\/hoyre.no\/sauda\/aktuelt\/ja_til_sauda\/","title":{"rendered":"Ja til Sauda!"},"content":{"rendered":"<p class=\"preamble\">Debatten om kommunereforma verkar s\u00e5 langt ikkje \u00e5 ha engasjert saudabuen nemneverdig. I alle fall ikkje i det offentlege rom. Det er b\u00e5de synd og urovekkande. I ei sak som, uansett utfall, vil kunna f\u00e5 store konsekvensar for oss som bur her, er det no tida og h\u00f8vet er her for \u00e5 stilla dei viktige sp\u00f8rsm\u00e5la og ytra si meining.<\/p><div id=\"hoyre-old-article-content-wrapper\"><p>Kommunereforma handlar om framtida v\u00e5r. Og ikkje minst; om korleis me skal rigga oss for \u00e5 kunna gi innbyggarane i Sauda gode tenestetilbod i \u00e5ra som kjem. Me veit me st\u00e5r overfor enorme utfordringar dei kommande ti\u00e5ra, mellom anna med monaleg fleire som treng helse- og omsorgstenester, f\u00e6rre personar i arbeidsf\u00f8r alder til \u00e5 utf\u00f8ra tenestene og f\u00e6rre skattytarar som skal betala gildet. <\/p><p>Sauda H\u00f8gre meiner Sauda vil vera betre rusta til \u00e5 m\u00f8ta desse utfordringane som ein del av ein st\u00f8rre kommune. Me meiner ei st\u00f8rre eining vil legga til rette for sterkare fagmilj\u00f8 og st\u00f8rre utviklingsmulegheiter, for betre rekruttering av kritisk kompetanse og for finansiering av tenestene. Me vil ogs\u00e5 vera betre rusta til \u00e5 overta ansvaret for oppg\u00e5ver som staten vil overf\u00f8ra til kommunane jamf\u00f8r ei ny lovproporsjon som er venta i 2017. <\/p><p>Kommunereforma handlar ikkje f\u00f8rst og fremst om kommunesamansl\u00e5ingar, slik ein gjerne kan f\u00e5 inntrykk av. \u00e5 redusera talet p\u00e5 kommunar vil imidlertid gjera det muleg \u00e5 flytta ressursar fr\u00e5 administrasjon og politisk leiing til tenesteyting  samanlikna med i dag. Ein vil ogs\u00e5 oppn\u00e5 andre stordriftsfordeler &ndash; som igjen frigjer midlar til tenesteproduksjon. Dette er god ressursforvalting, slik H\u00f8gre ser det. Det kunne forresten vera interessant \u00e5 h\u00f8yra litt om korleis motstandarane av ei eventuell kommunesamansl\u00e5ing meiner Sauda skal l\u00f8ysa framtidas utfordringar. Spesielt med 2000-talets stramme kommune\u00f8konomi, med \u00e5rlege budsjettkutt og fleire \u00e5r med drift i minus, som bakteppe&hellip;<\/p><p>Mange av tenestene som ein kommune utf\u00f8rer er av ein slik art at det ikkje speler s\u00e5 stor rolle kor i kommunen dei blir utf\u00f8rt. For andre tenester, er situasjonen heilt motsett; ein er heilt avhengig av \u00e5 ha folk til stades p\u00e5 kvar enkelt lokasjon for \u00e5 kunna ivareta tenestemottakarane. H\u00f8gre sitt standpunkt om at det er for langt \u00e5 reisa til ei legevakt i \u00f8len st\u00e5r derfor fast. <\/p><p>Det er naturlegvis mykje som er uavklara p\u00e5 eit slikt punkt i ein kommunereformprosess som me er i per i dag. F\u00f8r ein forhandlar om konkrete ting, m\u00e5 det avklarast om fleirtalet i kommunestyret i det heile ser mon i \u00e5 g\u00e5 i kompaniskap med ein eller fleire av nabokommunane. Og, sj\u00f8lvsagt, om interessa er gjensidig. <\/p><p>Ein ting som likevel er heilt sikkert, er at Sauda kjem til \u00e5 vera Sauda ogs\u00e5 i framtida, same kva kommune me h\u00f8yrer til. <\/p><p>Knut Atle Seim, <br \/>Gruppeleiar<br \/>Sauda H\u00f8gre<\/p><br \/><\/div>\n<div class=\"tags\">\n\t<\/div>\n<div class=\"post-footer alignfull has-background block-editor-block-list__block\" data-align=full>\n\t<div class=\"post-footer-inner\">\n\t\t<h3>Relaterte artikler<\/h3>\n\t\t<div class=\"related-content\"><div class=\"is-card-hoyre\">\n\t<div class=\"teft-card hoyre-teft-card post-teft-card\">\n\t\t<a href=\"https:\/\/hoyre.no\/sauda\/aktuelt\/hogre-skapar-pasient\/\" class=\"teft-card__primary-action\">\n\n\t\t\t\t\t<div class=\"teft-card__media teft-card__media--16-9\">\n\t\t\t\t\t\t<img loading=\"lazy\" decoding=\"async\" width=\"768\" height=\"513\" src=\"https:\/\/hoyre.no\/content\/uploads\/sites\/215\/2020\/11\/kvalitet-i-omsorg-768x513.jpg\" class=\"attachment-medium_large size-medium_large\" alt=\"\" srcset=\"https:\/\/hoyre.no\/content\/uploads\/sites\/215\/2020\/11\/kvalitet-i-omsorg-768x513.jpg 768w, https:\/\/hoyre.no\/content\/uploads\/sites\/215\/2020\/11\/kvalitet-i-omsorg-300x200.jpg 300w, https:\/\/hoyre.no\/content\/uploads\/sites\/215\/2020\/11\/kvalitet-i-omsorg.jpg 960w\" sizes=\"auto, (max-width: 768px) 100vw, 768px\" \/>\t\t<\/div>\n\t\t\n\t\t\t<div class=\"teft-card__content-wrapper\">\n\t\t\t\t<div class=\"teft-card__secondary\">\n\t\t\t\t\t\n\t\t\t\t\t\t\t\t<div class=\"teft-card__meta\">\n\t\t\t\t\t\t\t\t\t<span class=\"post-date\">6. sep 2017<\/span>\n\n\t\t\t\t\t\t\t\t\t\t\t\t\t\t\t\t\t<\/div>\n\t\t\t\t\t\t\t\t\t\t\t<\/div>\n\n\t\t\t\t<div class=\"teft-card__primary\">\n\t\t\t\t\t<h2 class=\"teft-card__title\">H\u00f8gre skapar pasienten si helseteneste&nbsp;<span class=\"teft-card__primary-title-append\"><\/span><\/h2>\t\t\t\t<\/div>\n\t\t\t<\/div>\n\t\t<\/a>\n\t<\/div>\n\n\t<\/div><div class=\"is-card-hoyre\">\n\t<div class=\"teft-card hoyre-teft-card post-teft-card\">\n\t\t<a href=\"https:\/\/hoyre.no\/sauda\/aktuelt\/hogre-onskjer-meir-s\/\" class=\"teft-card__primary-action\">\n\n\t\t\t\t\t<div class=\"teft-card__media teft-card__media--16-9\">\n\t\t\t\t\t\t<img loading=\"lazy\" decoding=\"async\" width=\"768\" height=\"461\" src=\"https:\/\/hoyre.no\/content\/uploads\/sites\/215\/2020\/11\/besok-ruh-sommar2017_1-768x461.jpg\" class=\"attachment-medium_large size-medium_large\" alt=\"\" srcset=\"https:\/\/hoyre.no\/content\/uploads\/sites\/215\/2020\/11\/besok-ruh-sommar2017_1-768x461.jpg 768w, https:\/\/hoyre.no\/content\/uploads\/sites\/215\/2020\/11\/besok-ruh-sommar2017_1-300x180.jpg 300w, https:\/\/hoyre.no\/content\/uploads\/sites\/215\/2020\/11\/besok-ruh-sommar2017_1.jpg 857w\" sizes=\"auto, (max-width: 768px) 100vw, 768px\" \/>\t\t<\/div>\n\t\t\n\t\t\t<div class=\"teft-card__content-wrapper\">\n\t\t\t\t<div class=\"teft-card__secondary\">\n\t\t\t\t\t\n\t\t\t\t\t\t\t\t<div class=\"teft-card__meta\">\n\t\t\t\t\t\t\t\t\t<span class=\"post-date\">17. aug 2017<\/span>\n\n\t\t\t\t\t\t\t\t\t\t\t\t\t\t\t\t\t<\/div>\n\t\t\t\t\t\t\t\t\t\t\t<\/div>\n\n\t\t\t\t<div class=\"teft-card__primary\">\n\t\t\t\t\t<h2 class=\"teft-card__title\">H\u00f8gre \u00f8nskjer meir sm\u00e5kraft&nbsp;<span class=\"teft-card__primary-title-append\"><\/span><\/h2>\t\t\t\t<\/div>\n\t\t\t<\/div>\n\t\t<\/a>\n\t<\/div>\n\n\t<\/div><div class=\"is-card-hoyre\">\n\t<div class=\"teft-card hoyre-teft-card post-teft-card\">\n\t\t<a href=\"https:\/\/hoyre.no\/sauda\/aktuelt\/finst-det-lys-i-etne\/\" class=\"teft-card__primary-action\">\n\n\t\t\t\t\t<div class=\"teft-card__media teft-card__media--16-9\">\n\t\t\t\t\t\t<img loading=\"lazy\" decoding=\"async\" width=\"768\" height=\"510\" src=\"https:\/\/hoyre.no\/content\/uploads\/sites\/215\/2020\/11\/etneskilt-lite_1-768x510.jpg\" class=\"attachment-medium_large size-medium_large\" alt=\"\" srcset=\"https:\/\/hoyre.no\/content\/uploads\/sites\/215\/2020\/11\/etneskilt-lite_1-768x510.jpg 768w, https:\/\/hoyre.no\/content\/uploads\/sites\/215\/2020\/11\/etneskilt-lite_1-300x199.jpg 300w, https:\/\/hoyre.no\/content\/uploads\/sites\/215\/2020\/11\/etneskilt-lite_1.jpg 773w\" sizes=\"auto, (max-width: 768px) 100vw, 768px\" \/>\t\t<\/div>\n\t\t\n\t\t\t<div class=\"teft-card__content-wrapper\">\n\t\t\t\t<div class=\"teft-card__secondary\">\n\t\t\t\t\t\n\t\t\t\t\t\t\t\t<div class=\"teft-card__meta\">\n\t\t\t\t\t\t\t\t\t<span class=\"post-date\">27. apr 2017<\/span>\n\n\t\t\t\t\t\t\t\t\t\t\t\t\t\t\t\t\t<\/div>\n\t\t\t\t\t\t\t\t\t\t\t<\/div>\n\n\t\t\t\t<div class=\"teft-card__primary\">\n\t\t\t\t\t<h2 class=\"teft-card__title\">Finst det lys i (Etne-)tunnellen?&nbsp;<span class=\"teft-card__primary-title-append\"><\/span><\/h2>\t\t\t\t<\/div>\n\t\t\t<\/div>\n\t\t<\/a>\n\t<\/div>\n\n\t<\/div><\/div>\t<\/div>\n<\/div>\n","protected":false},"excerpt":{"rendered":"","protected":false},"author":0,"featured_media":0,"comment_status":"open","ping_status":"open","sticky":false,"template":"","format":"standard","meta":{"teft_cards_image_url":"","teft_cards_custom_pretitle":"","teft_cards_image_id":0,"teft_cards_image_focal_point_x":0,"teft_cards_image_focal_point_y":0,"teft_cards_title":"","teft_cards_excerpt":"","teft_show_chapters":false,"author_display_name":"Sauda H\u00f8gre\/Knut Atle Seim","footnotes":""},"category":[1],"post_tag":[],"hoyre-visibility":[],"article-type":[],"politician":[],"class_list":["post-23","post","type-post","status-publish","format-standard","hentry","category-ukategorisert"],"yoast_head":"<!-- This site is optimized with the Yoast SEO plugin v26.6 - https:\/\/yoast.com\/wordpress\/plugins\/seo\/ -->\n<title>Ja til Sauda! - Sauda H\u00f8yre<\/title>\n<meta name=\"robots\" content=\"index, follow, max-snippet:-1, max-image-preview:large, max-video-preview:-1\" \/>\n<link rel=\"canonical\" href=\"https:\/\/hoyre.no\/sauda\/aktuelt\/ja_til_sauda\/\" \/>\n<meta property=\"og:locale\" content=\"nn_NO\" \/>\n<meta property=\"og:type\" content=\"article\" \/>\n<meta property=\"og:title\" content=\"Ja til Sauda! - Sauda H\u00f8yre\" \/>\n<meta property=\"og:url\" content=\"https:\/\/hoyre.no\/sauda\/aktuelt\/ja_til_sauda\/\" \/>\n<meta property=\"og:site_name\" content=\"Sauda H\u00f8yre\" \/>\n<meta property=\"article:published_time\" content=\"2016-04-16T04:56:51+00:00\" \/>\n<meta property=\"og:image\" content=\"https:\/\/hoyre.no\/content\/uploads\/sites\/215\/2020\/11\/etneskilt-lite_1.jpg\" \/>\n<meta name=\"twitter:card\" content=\"summary_large_image\" \/>\n<meta name=\"twitter:label1\" content=\"Est. reading time\" \/>\n\t<meta name=\"twitter:data1\" content=\"2 minutt\" \/>\n<script type=\"application\/ld+json\" class=\"yoast-schema-graph\">{\"@context\":\"https:\/\/schema.org\",\"@graph\":[{\"@type\":\"NewsArticle\",\"@id\":\"https:\/\/hoyre.no\/sauda\/aktuelt\/ja_til_sauda\/\",\"url\":\"https:\/\/hoyre.no\/sauda\/aktuelt\/ja_til_sauda\/\",\"name\":\"Ja til Sauda! - Sauda H\u00f8yre\",\"isPartOf\":{\"@id\":\"https:\/\/hoyre.no\/sauda\/#website\"},\"datePublished\":\"2016-04-16T04:56:51+00:00\",\"author\":{\"@id\":\"\"},\"breadcrumb\":{\"@id\":\"https:\/\/hoyre.no\/sauda\/aktuelt\/ja_til_sauda\/#breadcrumb\"},\"inLanguage\":\"nn-NO\",\"potentialAction\":[{\"@type\":\"ReadAction\",\"target\":[\"https:\/\/hoyre.no\/sauda\/aktuelt\/ja_til_sauda\/\"]}]},{\"@type\":\"BreadcrumbList\",\"@id\":\"https:\/\/hoyre.no\/sauda\/aktuelt\/ja_til_sauda\/#breadcrumb\",\"itemListElement\":[{\"@type\":\"ListItem\",\"position\":1,\"name\":\"Til hoyre.no\",\"item\":\"https:\/\/hoyre.no\"},{\"@type\":\"ListItem\",\"position\":2,\"name\":\"Hjem\",\"item\":\"https:\/\/hoyre.no\/sauda\/\"},{\"@type\":\"ListItem\",\"position\":3,\"name\":\"Ja til Sauda!\"}]},{\"@type\":\"WebSite\",\"@id\":\"https:\/\/hoyre.no\/sauda\/#website\",\"url\":\"https:\/\/hoyre.no\/sauda\/\",\"name\":\"Sauda H\u00f8yre\",\"description\":\"Bare enda et H\u00f8yres nettsteder-nettsted\",\"inLanguage\":\"nn-NO\"}]}<\/script>\n<!-- \/ Yoast SEO plugin. -->","yoast_head_json":{"title":"Ja til Sauda! - Sauda H\u00f8yre","robots":{"index":"index","follow":"follow","max-snippet":"max-snippet:-1","max-image-preview":"max-image-preview:large","max-video-preview":"max-video-preview:-1"},"canonical":"https:\/\/hoyre.no\/sauda\/aktuelt\/ja_til_sauda\/","og_locale":"nn_NO","og_type":"article","og_title":"Ja til Sauda! - Sauda H\u00f8yre","og_url":"https:\/\/hoyre.no\/sauda\/aktuelt\/ja_til_sauda\/","og_site_name":"Sauda H\u00f8yre","article_published_time":"2016-04-16T04:56:51+00:00","og_image":[{"url":"https:\/\/hoyre.no\/content\/uploads\/sites\/215\/2020\/11\/etneskilt-lite_1.jpg","width":"","height":"","type":""}],"twitter_card":"summary_large_image","twitter_misc":{"Est. reading time":"2 minutt"},"schema":{"@context":"https:\/\/schema.org","@graph":[{"@type":"NewsArticle","@id":"https:\/\/hoyre.no\/sauda\/aktuelt\/ja_til_sauda\/","url":"https:\/\/hoyre.no\/sauda\/aktuelt\/ja_til_sauda\/","name":"Ja til Sauda! - Sauda H\u00f8yre","isPartOf":{"@id":"https:\/\/hoyre.no\/sauda\/#website"},"datePublished":"2016-04-16T04:56:51+00:00","author":{"@id":""},"breadcrumb":{"@id":"https:\/\/hoyre.no\/sauda\/aktuelt\/ja_til_sauda\/#breadcrumb"},"inLanguage":"nn-NO","potentialAction":[{"@type":"ReadAction","target":["https:\/\/hoyre.no\/sauda\/aktuelt\/ja_til_sauda\/"]}]},{"@type":"BreadcrumbList","@id":"https:\/\/hoyre.no\/sauda\/aktuelt\/ja_til_sauda\/#breadcrumb","itemListElement":[{"@type":"ListItem","position":1,"name":"Til hoyre.no","item":"https:\/\/hoyre.no"},{"@type":"ListItem","position":2,"name":"Hjem","item":"https:\/\/hoyre.no\/sauda\/"},{"@type":"ListItem","position":3,"name":"Ja til Sauda!"}]},{"@type":"WebSite","@id":"https:\/\/hoyre.no\/sauda\/#website","url":"https:\/\/hoyre.no\/sauda\/","name":"Sauda H\u00f8yre","description":"Bare enda et H\u00f8yres nettsteder-nettsted","inLanguage":"nn-NO"}]}},"distributor_meta":false,"distributor_terms":false,"distributor_media":false,"distributor_original_site_name":"Sauda H\u00f8yre","distributor_original_site_url":"https:\/\/hoyre.no\/sauda","push-errors":false,"_links":{"self":[{"href":"https:\/\/hoyre.no\/sauda\/wp-json\/wp\/v2\/posts\/23","targetHints":{"allow":["GET"]}}],"collection":[{"href":"https:\/\/hoyre.no\/sauda\/wp-json\/wp\/v2\/posts"}],"about":[{"href":"https:\/\/hoyre.no\/sauda\/wp-json\/wp\/v2\/types\/post"}],"replies":[{"embeddable":true,"href":"https:\/\/hoyre.no\/sauda\/wp-json\/wp\/v2\/comments?post=23"}],"version-history":[{"count":0,"href":"https:\/\/hoyre.no\/sauda\/wp-json\/wp\/v2\/posts\/23\/revisions"}],"wp:attachment":[{"href":"https:\/\/hoyre.no\/sauda\/wp-json\/wp\/v2\/media?parent=23"}],"wp:term":[{"taxonomy":"category","embeddable":true,"href":"https:\/\/hoyre.no\/sauda\/wp-json\/wp\/v2\/category?post=23"},{"taxonomy":"post_tag","embeddable":true,"href":"https:\/\/hoyre.no\/sauda\/wp-json\/wp\/v2\/post_tag?post=23"},{"taxonomy":"hoyre-visibility","embeddable":true,"href":"https:\/\/hoyre.no\/sauda\/wp-json\/wp\/v2\/hoyre-visibility?post=23"},{"taxonomy":"article-type","embeddable":true,"href":"https:\/\/hoyre.no\/sauda\/wp-json\/wp\/v2\/article-type?post=23"},{"taxonomy":"politician","embeddable":true,"href":"https:\/\/hoyre.no\/sauda\/wp-json\/wp\/v2\/politician?post=23"}],"curies":[{"name":"wp","href":"https:\/\/api.w.org\/{rel}","templated":true}]}}