{"id":25,"date":"2016-04-16T06:52:34","date_gmt":"2016-04-16T04:52:34","guid":{"rendered":"https:\/\/hoyre.no\/sauda\/aktuelt\/kommunereforma\/"},"modified":"2016-04-16T06:52:34","modified_gmt":"2016-04-16T04:52:34","slug":"kommunereforma","status":"publish","type":"post","link":"https:\/\/hoyre.no\/sauda\/aktuelt\/kommunereforma\/","title":{"rendered":"nnKan fordelane med ei samansl\u00e5ingnoverg\u00e5 dei geografiske ulempene?"},"content":{"rendered":"<p class=\"preamble\">Korleis skal me sikra gode tenester for innbyggarane v\u00e5re ogs\u00e5 i framtida? Klarer meoss best om me st\u00e5r \u00e5leine, eller vil tilh\u00f8va ligga betre til rette om me blir ein del av ein st\u00f8rre kommune?<\/p>\t\t\t<div class=\"post-meta wp-block teft-byline-wrapper\">\n\t\t\t\t<div class=\"top\">\n\t\t\t\t\t<div class=\"signature\">\n\t\t\t\t\t\t<div class=\"teft-byline\">\n\t\t\t\t\t\t\t\t\t\t\t\t\t\t<div>\n\t\t\t\t\t\t\t\t<h3>H\u00f8yres redaksjon<\/h3>\t\t\t\t\t\t\t\t\n\t\t\t\t\t\t\t\t\t\t\t\t\t\t\t\t\t<span class=\"date\">Sist oppdatert: 16. april 2016<\/span>\n\t\t\t\t\t\t\t\t\t\t\t\t\t\t\t\t\t\t\t\t\t\t\t\t\t<span class=\"reading-time\" itemprop=\"timeRequired\" content=\"PT7M\"><em>Ca. 7 minutter lesetid<\/em><\/span>\n\t\t\t\t\t\t\t\t\t\t\t\t\t\t\t<\/div>\n\t\t\t\t\t\t<\/div>\n\t\t\t\t\t<\/div>\n\t\t\t\t\t\t<div class=\"sharing\">\n\t\t<a class=\"share-button share-link copy-link\" data-copy=\"https:\/\/hoyre.no\/sauda\/aktuelt\/kommunereforma\/\" target=\"_blank\"><span class=\"screen-reader-text\">Del link<\/span><\/a>\n\t\t<a class=\"share-button share-twitter\" href=\"http:\/\/twitter.com\/share?text=nnKan fordelane med ei samansl\u00e5ingnoverg\u00e5 dei geografiske ulempene?&#038;url=https:\/\/hoyre.no\/sauda\/aktuelt\/kommunereforma\/&#038;hashtags=Hoyre\" target=\"_blank\"><span class=\"screen-reader-text\">Del p\u00e5 twitter<\/span><\/a>\n\t\t<a class=\"share-button share-facebook\" href=\"https:\/\/www.facebook.com\/sharer\/sharer.php?u=https:\/\/hoyre.no\/sauda\/aktuelt\/kommunereforma\/\" target=\"_blank\"><span class=\"screen-reader-text\">Del p\u00e5 facebook<\/span><\/a>\n\t<\/div>\n\t\t\t\t\t<\/div>\n\t\t\t<\/div>\n\n\t\t\t<figure class=\"hoyre-image-wrapper\"><div class=\"hoyre-image\"><img loading=\"lazy\" decoding=\"async\" width=\"968\" height=\"300\" src=\"https:\/\/hoyre.no\/content\/uploads\/sites\/215\/2020\/11\/vess_kommunar.jpg\" class=\"attachment-scaled size-scaled\" alt=\"\" style=\"object-position: 50% 50%\" srcset=\"https:\/\/hoyre.no\/content\/uploads\/sites\/215\/2020\/11\/vess_kommunar.jpg 968w, https:\/\/hoyre.no\/content\/uploads\/sites\/215\/2020\/11\/vess_kommunar-300x93.jpg 300w, https:\/\/hoyre.no\/content\/uploads\/sites\/215\/2020\/11\/vess_kommunar-768x238.jpg 768w\" sizes=\"auto, (max-width: 968px) 100vw, 968px\" \/><\/div><\/figure><div id=\"hoyre-old-article-content-wrapper\"><p><span lang=\"NO-NYN\">Denne v\u00e5ren skal Sauda kommune ta stilling til om ein\u00f8nsker ei samansl\u00e5ing med Etne, Suldal og Vindafjord. Kva konsekvensar vil eislik samansl\u00e5ing kunna f\u00e5?<\/p><p><span lang=\"NO-NYN\">Noko veit me. Noko blir i beste fall kvalifisertgjetting. Og s\u00e5 vil det alltid dukka opp uf\u00f8resette saker undervegs. Fr\u00e5 denfelles utgreiinga som er gjort kan ein mellom anna trekka f\u00f8lgande:<\/p><p><span lang=\"NO-NYN\"><\/p><table border=\"1\" cellspacing=\"0\" cellpadding=\"0\"><tbody><tr><td valign=\"top\"><p><strong><span lang=\"NO-NYN\">Positive f\u00f8lgjer av ei samansl\u00e5ing<\/strong><\/p><\/td><td valign=\"top\"><p><strong><span lang=\"NO-NYN\">Negative konsekvensar\/utfordringar<\/strong><\/p><\/td><\/tr><tr><td valign=\"top\"><p><span lang=\"NO-NYN\">&uuml;     <span lang=\"NO-NYN\">St\u00f8rre            attraktivitet som arbeidsgivar<\/p><p><span lang=\"NO-NYN\">&uuml;     <span lang=\"NO-NYN\">Betre            teneste- og utviklingsmilj\u00f8<\/p><p><span lang=\"NO-NYN\">&uuml;     <span lang=\"NO-NYN\">Styrka            fagmilj\u00f8\/samla kompetanse<\/p><p><span lang=\"NO-NYN\">&uuml;     <span lang=\"NO-NYN\">St\u00f8rre            politisk gjennomslagskraft<\/p><p><span lang=\"NO-NYN\">&uuml;     <span lang=\"NO-NYN\">Betre            grunnlag for breiare fagleg kvalitet og for betre kvalitetsutvikling<\/p><p><span lang=\"NO-NYN\">&uuml;     <span lang=\"NO-NYN\">F\u00e6rre            habilitetsulemper<\/p><p><span lang=\"NO-NYN\">&uuml;     <span lang=\"NO-NYN\">Forenkla\/betra            arealplanlegging<\/p><p><span lang=\"NO-NYN\">&uuml;     <span lang=\"NO-NYN\">Betre            vegplanlegging<\/p><p><span lang=\"NO-NYN\">&uuml;     <span lang=\"NO-NYN\">Stordriftsfordeler            (b\u00e5de administrativt og politisk)<\/p><p><span lang=\"NO-NYN\">&uuml;     <span lang=\"NO-NYN\">Fleire            oppg\u00e5ver til lokale styresmakter av ein viss storleik = arbeidsplassar<a name=\"_ftnref1\" href=\"\/EditorPage.aspx?da=core&#038;&#038;id=%7B6E528F56-0AE7-4E9D-912F-F1510897CF84%7D&#038;&#038;ed&#038;&#038;vs=1&#038;&#038;la=nb-NO&#038;&#038;fld=%7B37EB6F3E-3388-4ED5-82EA-04A4582B749E%7D&#038;&#038;so&#038;&#038;di=0&#038;&#038;hdl=H740450536&#038;&#038;mo&#038;&#038;pe=1&#038;&#038;fbd=1#_ftn1\"><span lang=\"NO-NYN\">[1]<\/a><\/p><p><span lang=\"NO-NYN\">&uuml;     <span lang=\"NO-NYN\">Meir            effektiv ressursutnytting jfr. tildeling av nye oppg\u00e5ver<\/p><p><span lang=\"NO-NYN\">&uuml;     <span lang=\"NO-NYN\">Betre            rusta til \u00e5 ta imot utskrivingsklare pasientar<\/p><p><span lang=\"NO-NYN\">&uuml;     <span lang=\"NO-NYN\">Demensopprusting<\/p><p><span lang=\"NO-NYN\">&uuml;     <span lang=\"NO-NYN\">Betre            rusta til \u00e5 handtera eldreb\u00f8lga<\/p><p><span lang=\"NO-NYN\">&uuml;     <span lang=\"NO-NYN\">Meblir            nynorskkommune!<\/p><p><span lang=\"NO-NYN\">&uuml;     <span lang=\"NO-NYN\">Mindre            n\u00e6ringsmessig s\u00e5rbarhet<\/p><p><span lang=\"NO-NYN\">&uuml;     <span lang=\"NO-NYN\">Meir            fokus p\u00e5 prim\u00e6rn\u00e6ringane (les: landbruk<\/p><\/td><td valign=\"top\"><p><span lang=\"NO-NYN\">&uuml;     <span lang=\"NO-NYN\">St\u00f8rre            avstand mellom  innbyggarar\/administrasjon\/politisk            leiing<\/p><p><span lang=\"NO-NYN\">&uuml;     <span lang=\"NO-NYN\">St\u00f8rre            opplevd distanse mellom  innbyggarar\/administrasjon\/politisk            leiing<\/p><p><span lang=\"NO-NYN\">&uuml;     <span lang=\"NO-NYN\">Ombudsrolla            blir utfordra<a name=\"_ftnref2\" href=\"\/EditorPage.aspx?da=core&#038;&#038;id=%7B6E528F56-0AE7-4E9D-912F-F1510897CF84%7D&#038;&#038;ed&#038;&#038;vs=1&#038;&#038;la=nb-NO&#038;&#038;fld=%7B37EB6F3E-3388-4ED5-82EA-04A4582B749E%7D&#038;&#038;so&#038;&#038;di=0&#038;&#038;hdl=H740450536&#038;&#038;mo&#038;&#038;pe=1&#038;&#038;fbd=1#_ftn2\"><span lang=\"NO-NYN\">[2]<\/a><\/p><p><span lang=\"NO-NYN\">&uuml;     <span lang=\"NO-NYN\">Geografi;            reisetid<\/p><p><span lang=\"NO-NYN\">&uuml;     <span lang=\"NO-NYN\">Identitet<\/p><p><span lang=\"NO-NYN\">&uuml;     <span lang=\"NO-NYN\">Avstand            mellom tenesteytar og beslutningstakar<\/p><p><span lang=\"NO-NYN\">&uuml;     <span lang=\"NO-NYN\">Harmonisering            av tenesteniv\u00e5<\/p><p><span lang=\"NO-NYN\">&uuml;     <span lang=\"NO-NYN\">Lokalisering            og samordning av tenestetilbod<\/p><p><span lang=\"NO-NYN\">&uuml;     <span lang=\"NO-NYN\">Gjennomf\u00f8ring            av endringa av administrativ\/politisk organisering<\/p><\/td><\/tr><\/tbody><\/table><p><span lang=\"NO-NYN\"><\/p><span lang=\"NO-NYN\"><p><\/p><p><span lang=\"NO-NYN\">[1]<span lang=\"NO-NYN\"> Jfr. M\u00f8reforsk sin konklusjon om at oppg\u00e5ver m\u00e5 leggast til l\u00e5gastmuleg niv\u00e5 og at ansvaret for oppg\u00e5ver som f\u00f8reset lokal kjennskap b\u00f8r leggasttil region eller kommune. (Lovprop. Venta i 2017)<\/p><p><\/p><p><span lang=\"NO-NYN\">[2]<span lang=\"NO-NYN\"> I og med at dei tre andre kommunane har utvalsmodell, vil ei vidaref\u00f8ringav fleirtalet sine styringsorganisasjonar ogs\u00e5 kunna opplevast som ei styrkingav ombudsrolla i Sauda.<\/p><p><\/p><p><span lang=\"NO-NYN\"><\/p><table border=\"1\" cellspacing=\"0\" cellpadding=\"0\"><tbody><tr><td valign=\"top\"><p><strong><span lang=\"NO-NYN\">\u00f8konomi pluss<\/strong><\/p><\/td><td valign=\"top\"><p><strong><span lang=\"NO-NYN\">\u00f8konomi minus\/uklart<\/strong><\/p><\/td><\/tr><tr><td valign=\"top\"><p><span lang=\"NO-NYN\">&uuml;     <span lang=\"NO-NYN\">Beheld            inndelingstilskot som 4 kommunar i 15 \u00e5r; deretter 5 \u00e5rs nedtrapping<\/p><p><span lang=\"NO-NYN\">&uuml;     <span lang=\"NO-NYN\">45            MNOK eingongsst\u00f8nad<\/p><p><span lang=\"NO-NYN\">&uuml;     <span lang=\"NO-NYN\">20            MNOK reformst\u00f8tte<\/p><p><span lang=\"NO-NYN\">&uuml;     <span lang=\"NO-NYN\">13            MNOK \u00e5rleg i auka konsesjonskraftinntekter<\/p><p><span lang=\"NO-NYN\">&uuml;     <span lang=\"NO-NYN\">Stordriftsfordeler            adm\/pol; 5-6 MNOK \u00e5rleg<\/p><\/td><td valign=\"top\"><p><span lang=\"NO-NYN\">&uuml;     <span lang=\"NO-NYN\">Pluss            i v\u00e5re konsesjonskraft-inntekter=minus for FK <span lang=\"NO-NYN\">&agrave;<span lang=\"NO-NYN\"> mindre tilskot fr\u00e5 fylket?<\/p><p><span lang=\"NO-NYN\">&uuml;     <span lang=\"NO-NYN\">Bortfall            av inndelingstilskot etter 20 \u00e5r krev effektivisering tilsvarande 20 MNOK per            i dag. (2 MRD budsjett?)<\/p><p><span lang=\"NO-NYN\"><\/p><\/td><\/tr><\/tbody><\/table><p><span lang=\"NO-NYN\"><\/p><p><strong><span lang=\"NO-NYN\">Uavklarte saker:<\/strong><\/p><p><span lang=\"NO-NYN\">&uuml;  <span lang=\"NO-NYN\">Ulik eigedomsskatt i dei fire kommunane<\/p><p><span lang=\"NO-NYN\">&uuml;  <span lang=\"NO-NYN\">Politisk organisering?<\/p><p><span lang=\"NO-NYN\">&uuml;  <span lang=\"NO-NYN\">Status gjeld kontra vedlikehaldsniv\u00e5 bygningsmasse?<\/p><p><span lang=\"NO-NYN\">&uuml;  <span lang=\"NO-NYN\">Konsekvensar av nytt inntektssystem?<\/p><p><span lang=\"NO-NYN\">&uuml;  <span lang=\"NO-NYN\">Namn?<\/p><p><span lang=\"NO-NYN\">&uuml;  <span lang=\"NO-NYN\">Arbeidsplassar\/avstandar\/administrasjon\/lokalisering<\/p><p><span lang=\"NO-NYN\">&uuml;  <span lang=\"NO-NYN\">Arbeidsgivaravgiftssone?<\/p><p><span lang=\"NO-NYN\"><\/p><p><strong><span lang=\"NO-NYN\">Velferd- ogframtidsreform<\/strong><\/p><p><span lang=\"NO-NYN\">Den p\u00e5g\u00e5ande kommunereforma er f\u00f8rst og fremst eivelferdsreform. <\/p><p><span lang=\"NO-NYN\">M\u00e5la er \u00e5 rigga kommunane for \u00e5 vera best muleg rustafor \u00e5 gi innbyggarane gode og likeverdige tenester, \u00e5 legga til rette for eimeir heilskapleg og samordna samfunnsutvikling, \u00e5 sikra b\u00e6rekraftige, \u00f8konomiskrobuste kommunar og \u00e5 styrka lokaldemokratiet.  <\/p><p><span lang=\"NO-NYN\"><\/p><p><span lang=\"NO-NYN\">Kommunereforma handlar om framtida og om korleis meskal sikra gode tenester til innbyggarane ogs\u00e5 i framtida. Me veit omutfordringar som ligg f\u00f8re oss, men me veit ikkje korleis me best kan l\u00f8ysadei! Enno&hellip; Men mange av vala me gjer i dag, vil f\u00e5 konsekvensar i lang tidframover.<\/p><p><span lang=\"NO-NYN\"><\/p><p><strong><span lang=\"NO-NYN\">Det erpolitikarane si oppg\u00e5ve \u00e5 sj\u00e5 det store biletet og \u00e5 tenka strategisk, logiskog langsiktig. Det er dette som er politisk leiarskap. <br \/>Samstundes har politikaraneei ombudsrolle; ein handlar p\u00e5 vegne av veljarane. <br \/>Kva tenker saudabuen omframtida til kommunen? Klarer me oss best sj\u00f8lv, eller er me best tent med \u00e5bli ein del av ein st\u00f8rre kommune?<\/strong><\/p><p><span lang=\"NO-NYN\"><\/p><p><span lang=\"NO-NYN\"><\/p><p><strong>Andre moment:<br \/><\/strong><span lang=\"NO-NYN\">&uuml; <span lang=\"NO-NYN\">Kommunereforma i Danmark i 2007 (270<span lang=\"NO-NYN\">&agrave;<span lang=\"NO-NYN\">98 kommunar,20000<span lang=\"NO-NYN\">&agrave;<span lang=\"NO-NYN\">55000 innbyggarar i snitt per kommune) hadde mykje av dei same m\u00e5lasom den norske. Den har styrka kommunane fagleg og \u00f8konomisk; men  ein ser utfordringarmed lokaldemokratiet.<span lang=\"NO-NYN\"> Likevel har einoppn\u00e5dd st\u00f8rre politisk gjennomslagskraft; kommunane er ei reell motvekt tilstaten. <\/p><span lang=\"NO-NYN\"><span lang=\"NO-NYN\">&uuml; Forsking viser at den enkelte si haldning til eieventuell kommunesamansl\u00e5ing kjem an p\u00e5 den enkelte si <br \/>oppfatning   om kva som erbra for eigne, materielle interesser (jfr.  samansl\u00e5ingsprosessar i Noreg p\u00e5 2000-talet)<\/p><p><a href=\"https:\/\/kommrapp.cartodb.com\/viz\/8734fbac-f807-11e5-9815-0e3ff518bd15\/embed_map\" target=\"_blank\" rel=\"noopener noreferrer\">Slik g\u00e5r kommunereformprosessane i Noreg (Kommunal rapport)<\/a><div><div id=\"ftn2\"><p><span lang=\"NO-NYN\"><br \/><\/p><p><span lang=\"NO-NYN\"><\/p><p><span lang=\"NO-NYN\"><\/p><\/div><\/div><br \/><div id=\"radePasteHelper\"><\/div><\/div>\n<div class=\"tags\">\n\t<\/div>\n<div class=\"post-footer alignfull has-background block-editor-block-list__block\" data-align=full>\n\t<div class=\"post-footer-inner\">\n\t\t<h3>Relaterte artikler<\/h3>\n\t\t<div class=\"related-content\"><div class=\"is-card-hoyre\">\n\t<div class=\"teft-card hoyre-teft-card post-teft-card\">\n\t\t<a href=\"https:\/\/hoyre.no\/sauda\/aktuelt\/hogre-skapar-pasient\/\" class=\"teft-card__primary-action\">\n\n\t\t\t\t\t<div class=\"teft-card__media teft-card__media--16-9\">\n\t\t\t\t\t\t<img loading=\"lazy\" decoding=\"async\" width=\"768\" height=\"513\" src=\"https:\/\/hoyre.no\/content\/uploads\/sites\/215\/2020\/11\/kvalitet-i-omsorg-768x513.jpg\" class=\"attachment-medium_large size-medium_large\" alt=\"\" srcset=\"https:\/\/hoyre.no\/content\/uploads\/sites\/215\/2020\/11\/kvalitet-i-omsorg-768x513.jpg 768w, https:\/\/hoyre.no\/content\/uploads\/sites\/215\/2020\/11\/kvalitet-i-omsorg-300x200.jpg 300w, https:\/\/hoyre.no\/content\/uploads\/sites\/215\/2020\/11\/kvalitet-i-omsorg.jpg 960w\" sizes=\"auto, (max-width: 768px) 100vw, 768px\" \/>\t\t<\/div>\n\t\t\n\t\t\t<div class=\"teft-card__content-wrapper\">\n\t\t\t\t<div class=\"teft-card__secondary\">\n\t\t\t\t\t\n\t\t\t\t\t\t\t\t<div class=\"teft-card__meta\">\n\t\t\t\t\t\t\t\t\t<span class=\"post-date\">6. sep 2017<\/span>\n\n\t\t\t\t\t\t\t\t\t\t\t\t\t\t\t\t\t<\/div>\n\t\t\t\t\t\t\t\t\t\t\t<\/div>\n\n\t\t\t\t<div class=\"teft-card__primary\">\n\t\t\t\t\t<h2 class=\"teft-card__title\">H\u00f8gre skapar pasienten si helseteneste&nbsp;<span class=\"teft-card__primary-title-append\"><\/span><\/h2>\t\t\t\t<\/div>\n\t\t\t<\/div>\n\t\t<\/a>\n\t<\/div>\n\n\t<\/div><div class=\"is-card-hoyre\">\n\t<div class=\"teft-card hoyre-teft-card post-teft-card\">\n\t\t<a href=\"https:\/\/hoyre.no\/sauda\/aktuelt\/hogre-onskjer-meir-s\/\" class=\"teft-card__primary-action\">\n\n\t\t\t\t\t<div class=\"teft-card__media teft-card__media--16-9\">\n\t\t\t\t\t\t<img loading=\"lazy\" decoding=\"async\" width=\"768\" height=\"461\" src=\"https:\/\/hoyre.no\/content\/uploads\/sites\/215\/2020\/11\/besok-ruh-sommar2017_1-768x461.jpg\" class=\"attachment-medium_large size-medium_large\" alt=\"\" srcset=\"https:\/\/hoyre.no\/content\/uploads\/sites\/215\/2020\/11\/besok-ruh-sommar2017_1-768x461.jpg 768w, https:\/\/hoyre.no\/content\/uploads\/sites\/215\/2020\/11\/besok-ruh-sommar2017_1-300x180.jpg 300w, https:\/\/hoyre.no\/content\/uploads\/sites\/215\/2020\/11\/besok-ruh-sommar2017_1.jpg 857w\" sizes=\"auto, (max-width: 768px) 100vw, 768px\" \/>\t\t<\/div>\n\t\t\n\t\t\t<div class=\"teft-card__content-wrapper\">\n\t\t\t\t<div class=\"teft-card__secondary\">\n\t\t\t\t\t\n\t\t\t\t\t\t\t\t<div class=\"teft-card__meta\">\n\t\t\t\t\t\t\t\t\t<span class=\"post-date\">17. aug 2017<\/span>\n\n\t\t\t\t\t\t\t\t\t\t\t\t\t\t\t\t\t<\/div>\n\t\t\t\t\t\t\t\t\t\t\t<\/div>\n\n\t\t\t\t<div class=\"teft-card__primary\">\n\t\t\t\t\t<h2 class=\"teft-card__title\">H\u00f8gre \u00f8nskjer meir sm\u00e5kraft&nbsp;<span class=\"teft-card__primary-title-append\"><\/span><\/h2>\t\t\t\t<\/div>\n\t\t\t<\/div>\n\t\t<\/a>\n\t<\/div>\n\n\t<\/div><div class=\"is-card-hoyre\">\n\t<div class=\"teft-card hoyre-teft-card post-teft-card\">\n\t\t<a href=\"https:\/\/hoyre.no\/sauda\/aktuelt\/finst-det-lys-i-etne\/\" class=\"teft-card__primary-action\">\n\n\t\t\t\t\t<div class=\"teft-card__media teft-card__media--16-9\">\n\t\t\t\t\t\t<img loading=\"lazy\" decoding=\"async\" width=\"768\" height=\"510\" src=\"https:\/\/hoyre.no\/content\/uploads\/sites\/215\/2020\/11\/etneskilt-lite_1-768x510.jpg\" class=\"attachment-medium_large size-medium_large\" alt=\"\" srcset=\"https:\/\/hoyre.no\/content\/uploads\/sites\/215\/2020\/11\/etneskilt-lite_1-768x510.jpg 768w, https:\/\/hoyre.no\/content\/uploads\/sites\/215\/2020\/11\/etneskilt-lite_1-300x199.jpg 300w, https:\/\/hoyre.no\/content\/uploads\/sites\/215\/2020\/11\/etneskilt-lite_1.jpg 773w\" sizes=\"auto, (max-width: 768px) 100vw, 768px\" \/>\t\t<\/div>\n\t\t\n\t\t\t<div class=\"teft-card__content-wrapper\">\n\t\t\t\t<div class=\"teft-card__secondary\">\n\t\t\t\t\t\n\t\t\t\t\t\t\t\t<div class=\"teft-card__meta\">\n\t\t\t\t\t\t\t\t\t<span class=\"post-date\">27. apr 2017<\/span>\n\n\t\t\t\t\t\t\t\t\t\t\t\t\t\t\t\t\t<\/div>\n\t\t\t\t\t\t\t\t\t\t\t<\/div>\n\n\t\t\t\t<div class=\"teft-card__primary\">\n\t\t\t\t\t<h2 class=\"teft-card__title\">Finst det lys i (Etne-)tunnellen?&nbsp;<span class=\"teft-card__primary-title-append\"><\/span><\/h2>\t\t\t\t<\/div>\n\t\t\t<\/div>\n\t\t<\/a>\n\t<\/div>\n\n\t<\/div><\/div>\t<\/div>\n<\/div>\n","protected":false},"excerpt":{"rendered":"","protected":false},"author":0,"featured_media":0,"comment_status":"open","ping_status":"open","sticky":false,"template":"","format":"standard","meta":{"teft_cards_image_url":"https:\/\/hoyre.no\/content\/uploads\/sites\/215\/2020\/11\/vess_kommunar.jpg","teft_cards_custom_pretitle":"","teft_cards_image_id":24,"teft_cards_image_focal_point_x":0,"teft_cards_image_focal_point_y":0,"teft_cards_title":"","teft_cards_excerpt":"","teft_show_chapters":false,"author_display_name":"Sauda H\u00f8gre","footnotes":""},"category":[1],"post_tag":[],"hoyre-visibility":[],"article-type":[],"politician":[],"class_list":["post-25","post","type-post","status-publish","format-standard","hentry","category-ukategorisert"],"yoast_head":"<!-- This site is optimized with the Yoast SEO plugin v26.6 - https:\/\/yoast.com\/wordpress\/plugins\/seo\/ -->\n<title>nnKan fordelane med ei samansl\u00e5ingnoverg\u00e5 dei geografiske ulempene? - Sauda H\u00f8yre<\/title>\n<meta name=\"robots\" content=\"index, follow, max-snippet:-1, max-image-preview:large, max-video-preview:-1\" \/>\n<link rel=\"canonical\" href=\"https:\/\/hoyre.no\/sauda\/aktuelt\/kommunereforma\/\" \/>\n<meta property=\"og:locale\" content=\"nn_NO\" \/>\n<meta property=\"og:type\" content=\"article\" \/>\n<meta property=\"og:title\" content=\"nnKan fordelane med ei samansl\u00e5ingnoverg\u00e5 dei geografiske ulempene? - Sauda H\u00f8yre\" \/>\n<meta property=\"og:url\" content=\"https:\/\/hoyre.no\/sauda\/aktuelt\/kommunereforma\/\" \/>\n<meta property=\"og:site_name\" content=\"Sauda H\u00f8yre\" \/>\n<meta property=\"article:published_time\" content=\"2016-04-16T04:52:34+00:00\" \/>\n<meta property=\"og:image\" content=\"https:\/\/hoyre.no\/content\/uploads\/sites\/215\/2020\/11\/etneskilt-lite_1.jpg\" \/>\n<meta name=\"twitter:card\" content=\"summary_large_image\" \/>\n<meta name=\"twitter:label1\" content=\"Est. reading time\" \/>\n\t<meta name=\"twitter:data1\" content=\"3 minutt\" \/>\n<script type=\"application\/ld+json\" class=\"yoast-schema-graph\">{\"@context\":\"https:\/\/schema.org\",\"@graph\":[{\"@type\":\"NewsArticle\",\"@id\":\"https:\/\/hoyre.no\/sauda\/aktuelt\/kommunereforma\/\",\"url\":\"https:\/\/hoyre.no\/sauda\/aktuelt\/kommunereforma\/\",\"name\":\"nnKan fordelane med ei samansl\u00e5ingnoverg\u00e5 dei geografiske ulempene? - Sauda H\u00f8yre\",\"isPartOf\":{\"@id\":\"https:\/\/hoyre.no\/sauda\/#website\"},\"datePublished\":\"2016-04-16T04:52:34+00:00\",\"author\":{\"@id\":\"\"},\"breadcrumb\":{\"@id\":\"https:\/\/hoyre.no\/sauda\/aktuelt\/kommunereforma\/#breadcrumb\"},\"inLanguage\":\"nn-NO\",\"potentialAction\":[{\"@type\":\"ReadAction\",\"target\":[\"https:\/\/hoyre.no\/sauda\/aktuelt\/kommunereforma\/\"]}]},{\"@type\":\"BreadcrumbList\",\"@id\":\"https:\/\/hoyre.no\/sauda\/aktuelt\/kommunereforma\/#breadcrumb\",\"itemListElement\":[{\"@type\":\"ListItem\",\"position\":1,\"name\":\"Til hoyre.no\",\"item\":\"https:\/\/hoyre.no\"},{\"@type\":\"ListItem\",\"position\":2,\"name\":\"Hjem\",\"item\":\"https:\/\/hoyre.no\/sauda\/\"},{\"@type\":\"ListItem\",\"position\":3,\"name\":\"nnKan fordelane med ei samansl\u00e5ingnoverg\u00e5 dei geografiske ulempene?\"}]},{\"@type\":\"WebSite\",\"@id\":\"https:\/\/hoyre.no\/sauda\/#website\",\"url\":\"https:\/\/hoyre.no\/sauda\/\",\"name\":\"Sauda H\u00f8yre\",\"description\":\"Bare enda et H\u00f8yres nettsteder-nettsted\",\"inLanguage\":\"nn-NO\"}]}<\/script>\n<!-- \/ Yoast SEO plugin. -->","yoast_head_json":{"title":"nnKan fordelane med ei samansl\u00e5ingnoverg\u00e5 dei geografiske ulempene? - Sauda H\u00f8yre","robots":{"index":"index","follow":"follow","max-snippet":"max-snippet:-1","max-image-preview":"max-image-preview:large","max-video-preview":"max-video-preview:-1"},"canonical":"https:\/\/hoyre.no\/sauda\/aktuelt\/kommunereforma\/","og_locale":"nn_NO","og_type":"article","og_title":"nnKan fordelane med ei samansl\u00e5ingnoverg\u00e5 dei geografiske ulempene? - Sauda H\u00f8yre","og_url":"https:\/\/hoyre.no\/sauda\/aktuelt\/kommunereforma\/","og_site_name":"Sauda H\u00f8yre","article_published_time":"2016-04-16T04:52:34+00:00","og_image":[{"url":"https:\/\/hoyre.no\/content\/uploads\/sites\/215\/2020\/11\/etneskilt-lite_1.jpg","width":"","height":"","type":""}],"twitter_card":"summary_large_image","twitter_misc":{"Est. reading time":"3 minutt"},"schema":{"@context":"https:\/\/schema.org","@graph":[{"@type":"NewsArticle","@id":"https:\/\/hoyre.no\/sauda\/aktuelt\/kommunereforma\/","url":"https:\/\/hoyre.no\/sauda\/aktuelt\/kommunereforma\/","name":"nnKan fordelane med ei samansl\u00e5ingnoverg\u00e5 dei geografiske ulempene? - Sauda H\u00f8yre","isPartOf":{"@id":"https:\/\/hoyre.no\/sauda\/#website"},"datePublished":"2016-04-16T04:52:34+00:00","author":{"@id":""},"breadcrumb":{"@id":"https:\/\/hoyre.no\/sauda\/aktuelt\/kommunereforma\/#breadcrumb"},"inLanguage":"nn-NO","potentialAction":[{"@type":"ReadAction","target":["https:\/\/hoyre.no\/sauda\/aktuelt\/kommunereforma\/"]}]},{"@type":"BreadcrumbList","@id":"https:\/\/hoyre.no\/sauda\/aktuelt\/kommunereforma\/#breadcrumb","itemListElement":[{"@type":"ListItem","position":1,"name":"Til hoyre.no","item":"https:\/\/hoyre.no"},{"@type":"ListItem","position":2,"name":"Hjem","item":"https:\/\/hoyre.no\/sauda\/"},{"@type":"ListItem","position":3,"name":"nnKan fordelane med ei samansl\u00e5ingnoverg\u00e5 dei geografiske ulempene?"}]},{"@type":"WebSite","@id":"https:\/\/hoyre.no\/sauda\/#website","url":"https:\/\/hoyre.no\/sauda\/","name":"Sauda H\u00f8yre","description":"Bare enda et H\u00f8yres nettsteder-nettsted","inLanguage":"nn-NO"}]}},"distributor_meta":false,"distributor_terms":false,"distributor_media":false,"distributor_original_site_name":"Sauda H\u00f8yre","distributor_original_site_url":"https:\/\/hoyre.no\/sauda","push-errors":false,"_links":{"self":[{"href":"https:\/\/hoyre.no\/sauda\/wp-json\/wp\/v2\/posts\/25","targetHints":{"allow":["GET"]}}],"collection":[{"href":"https:\/\/hoyre.no\/sauda\/wp-json\/wp\/v2\/posts"}],"about":[{"href":"https:\/\/hoyre.no\/sauda\/wp-json\/wp\/v2\/types\/post"}],"replies":[{"embeddable":true,"href":"https:\/\/hoyre.no\/sauda\/wp-json\/wp\/v2\/comments?post=25"}],"version-history":[{"count":0,"href":"https:\/\/hoyre.no\/sauda\/wp-json\/wp\/v2\/posts\/25\/revisions"}],"wp:attachment":[{"href":"https:\/\/hoyre.no\/sauda\/wp-json\/wp\/v2\/media?parent=25"}],"wp:term":[{"taxonomy":"category","embeddable":true,"href":"https:\/\/hoyre.no\/sauda\/wp-json\/wp\/v2\/category?post=25"},{"taxonomy":"post_tag","embeddable":true,"href":"https:\/\/hoyre.no\/sauda\/wp-json\/wp\/v2\/post_tag?post=25"},{"taxonomy":"hoyre-visibility","embeddable":true,"href":"https:\/\/hoyre.no\/sauda\/wp-json\/wp\/v2\/hoyre-visibility?post=25"},{"taxonomy":"article-type","embeddable":true,"href":"https:\/\/hoyre.no\/sauda\/wp-json\/wp\/v2\/article-type?post=25"},{"taxonomy":"politician","embeddable":true,"href":"https:\/\/hoyre.no\/sauda\/wp-json\/wp\/v2\/politician?post=25"}],"curies":[{"name":"wp","href":"https:\/\/api.w.org\/{rel}","templated":true}]}}