{"id":49,"date":"2023-08-10T07:43:02","date_gmt":"2023-08-10T05:43:02","guid":{"rendered":"https:\/\/hoyre.no\/seljord\/?p=49"},"modified":"2023-08-10T07:48:16","modified_gmt":"2023-08-10T05:48:16","slug":"valprogram-for-seljord-hogre-2023-2027","status":"publish","type":"post","link":"https:\/\/hoyre.no\/seljord\/aktuelt\/valprogram-for-seljord-hogre-2023-2027\/","title":{"rendered":"Valprogram for Seljord H\u00f8gre 2023-2027"},"content":{"rendered":"\n<p class=\"preamble\">Seljord H\u00f8gre vil at kommunen skal v\u00e6re ein attraktiv bu- og arbeidsstad, ein stad i vekst med utviklingspotensiale for innbyggarar, tilflyttarar og n\u00e6ringsliv.<\/p>\t\t\t<div class=\"post-meta wp-block teft-byline-wrapper\">\n\t\t\t\t<div class=\"top\">\n\t\t\t\t\t<div class=\"signature\">\n\t\t\t\t\t\t<div class=\"teft-byline\">\n\t\t\t\t\t\t\t\t\t\t\t\t\t\t<div>\n\t\t\t\t\t\t\t\t<h3>H\u00f8yres redaksjon<\/h3>\t\t\t\t\t\t\t\t\n\t\t\t\t\t\t\t\t\t\t\t\t\t\t\t\t\t<span class=\"date\">Sist oppdatert: 10. august 2023<\/span>\n\t\t\t\t\t\t\t\t\t\t\t\t\t\t\t\t\t\t\t\t\t\t\t\t\t<span class=\"reading-time\" itemprop=\"timeRequired\" content=\"PT4M\"><em>Ca. 4 minutter lesetid<\/em><\/span>\n\t\t\t\t\t\t\t\t\t\t\t\t\t\t\t<\/div>\n\t\t\t\t\t\t<\/div>\n\t\t\t\t\t<\/div>\n\t\t\t\t\t\t<div class=\"sharing\">\n\t\t<a class=\"share-button share-link copy-link\" data-copy=\"https:\/\/hoyre.no\/seljord\/aktuelt\/valprogram-for-seljord-hogre-2023-2027\/\" target=\"_blank\"><span class=\"screen-reader-text\">Del link<\/span><\/a>\n\t\t<a class=\"share-button share-twitter\" href=\"http:\/\/twitter.com\/share?text=Valprogram for Seljord H\u00f8gre 2023-2027&#038;url=https:\/\/hoyre.no\/seljord\/aktuelt\/valprogram-for-seljord-hogre-2023-2027\/&#038;hashtags=Hoyre\" target=\"_blank\"><span class=\"screen-reader-text\">Del p\u00e5 twitter<\/span><\/a>\n\t\t<a class=\"share-button share-facebook\" href=\"https:\/\/www.facebook.com\/sharer\/sharer.php?u=https:\/\/hoyre.no\/seljord\/aktuelt\/valprogram-for-seljord-hogre-2023-2027\/\" target=\"_blank\"><span class=\"screen-reader-text\">Del p\u00e5 facebook<\/span><\/a>\n\t<\/div>\n\t\t\t\t\t<\/div>\n\t\t\t<\/div>\n\n\t\t\t<figure class=\"hoyre-image-wrapper\"><div class=\"hoyre-image\"><img loading=\"lazy\" decoding=\"async\" width=\"2500\" height=\"2500\" src=\"https:\/\/hoyre.no\/content\/uploads\/sites\/358\/2023\/05\/DSC02456-1-edited-scaled.jpg\" class=\"attachment-scaled size-scaled\" alt=\"\" style=\"object-position: 48% 24%\" srcset=\"https:\/\/hoyre.no\/content\/uploads\/sites\/358\/2023\/05\/DSC02456-1-edited-scaled.jpg 2500w, https:\/\/hoyre.no\/content\/uploads\/sites\/358\/2023\/05\/DSC02456-1-edited-300x300.jpg 300w, https:\/\/hoyre.no\/content\/uploads\/sites\/358\/2023\/05\/DSC02456-1-edited-1024x1024.jpg 1024w, https:\/\/hoyre.no\/content\/uploads\/sites\/358\/2023\/05\/DSC02456-1-edited-150x150.jpg 150w, https:\/\/hoyre.no\/content\/uploads\/sites\/358\/2023\/05\/DSC02456-1-edited-768x768.jpg 768w, https:\/\/hoyre.no\/content\/uploads\/sites\/358\/2023\/05\/DSC02456-1-edited-1536x1536.jpg 1536w, https:\/\/hoyre.no\/content\/uploads\/sites\/358\/2023\/05\/DSC02456-1-edited-2048x2048.jpg 2048w\" sizes=\"auto, (max-width: 2500px) 100vw, 2500px\" \/><\/div><figcaption class=\"caption\">Kandidater, Seljord H\u00f8gre<\/figcaption><\/figure>\n\n\n\n\n<p><strong>Det gode livsl\u00f8p med Seljord H\u00f8gre<\/strong><\/p>\n\n\n\n<p>Seljord H\u00f8gre vil at kommunen skal v\u00e6re ein attraktiv bu- og arbeidsstad, ein stad i vekst med utviklingspotensiale for innbyggarar, tilflyttarar og n\u00e6ringsliv.<br>Seljord H\u00f8gre ynskjer utvikling i takt med dagens og framtidas behov for a\u030a sikre eit godt tilbod og gode tenester for Seljord sine innbyggarar ved \u00e5:<\/p>\n\n\n\n<p><br>\u2022 prioritere kvalitet og kompetanseheving i skulen, barnehagane, SFO og kulturskulen.<\/p>\n\n\n\n<p>\u2022 prioritere fleksibelt barnehageopptak og ha m\u00e5l om barnehageplass i eigen skulekrins.<\/p>\n\n\n\n<p>\u2022 vidaref\u00f8re dagens skulestruktur med 1-7 trinn i Flatdal og ruste opp Seljordskulen.<\/p>\n\n\n\n<p>\u2022 satse p\u00e5 f\u00f8rebyggande arbeid blant barn og unge og vidareutvikle skulehelsetenesta for a\u030a avdekke utfordringar hj\u00e5 elevane.<\/p>\n\n\n\n<p>\u2022 st\u00f8tte opp om sosiale arenaer for unge og unge vaksne med f.eks. dataaktivitetar, mekking, motorsport, snoskuter o.l.<\/p>\n\n\n\n<p>\u2022 vidaref\u00f8re ein god kulturskule og sommarskule.<\/p>\n\n\n\n<p>\u2022 styrke ungdomsr\u00e5det si rolle i kommunen.<\/p>\n\n\n\n<p>\u2022 fokusere p\u00e5 mat og helse i eit folkehelseperspektiv og gjeninnf\u00f8re matservering i barnehagane.<\/p>\n\n\n\n<p>\u2022 vidareutvikle frisklivstiltak og m\u00f8teplassar for innbyggarane i Seljord.<\/p>\n\n\n\n<p>\u2022 st\u00f8tte opp om Frivilligsentralen.<\/p>\n\n\n\n<p>\u2022 utvide bruken av velferdsteknologi i heile livsl\u00f8pet for \u00e5 trygge kvardagen for den enkelte.<\/p>\n\n\n\n<p>\u2022 sikre at alle som ynskjer det skal kunne bu i eigen bustad sa\u030a lenge som mogleg med god st\u00f8tte fr\u00e5 kommunen, og dei som treng det skal fa\u030a sjukeheimsplass.<\/p>\n\n\n\n<p>\u2022 ha dagleg meiningsfylt fysisk aktivitet p\u00e5 institusjonar.<\/p>\n\n\n\n<p>\u2022 sikre at Seljord er ein demensvenleg kommune.<\/p>\n\n\n\n<p>\u2022 s\u00f8rge for at dei med funksjonsutfordringar f\u00e5r eit verdig liv i form av tilrettelegging, god og kvalifisera bemanning og ein innhaldsrik og trygg kvardag.<\/p>\n\n\n\n<p>\u2022 fylgje opp arbeidet med psykisk helse og rus.<\/p>\n\n\n\n<p>\u2022 ha eit godt fagmilj\u00f8 p\u00e5 helsesenteret som sikrar god og stabil legedekning.<br>\u2022 st\u00f8tte opp under arbeidet med heiltidskultur i kommunale stillingar.<\/p>\n\n\n\n<p><strong>Vekst og utvikling med Seljord H\u00f8gre<\/strong><\/p>\n\n\n\n<p>Det m\u00e5 leggast til rette for ulike bustadformer b\u00e5de sentrumsn\u00e6rt og i grendene.<br>Seljord skal vera ein offensiv kommune som aktivt legg til rette for auka busetting og for eksisterande og nye n\u00e6ringsverksemder ved \u00e5:<\/p>\n\n\n\n<p><br>\u2022 ikkje innf\u00f8re eigedomsskatt p\u00e5 bustader, hytter og n\u00e6ringsbygg.<\/p>\n\n\n\n<p>\u2022 sikre attraktive og tilgjengelege tomter for bustader og n\u00e6ringsliv i heile kommunen.<\/p>\n\n\n\n<p>\u2022 gjeninnf\u00f8re konsesjonsfridom for bustader.<\/p>\n\n\n\n<p>\u2022 gjennomg\u00e5 og vurdere kommunale avgifter for utleigemarknaden.<\/p>\n\n\n\n<p>\u2022 halde fram og forsterke det gode samarbeidet mellom kommunen, n\u00e6ringslivet og frivillige lag og organisasjonar.<\/p>\n\n\n\n<p>\u2022 sette i gang arbeidet med nytt prosjekt for tettstadutvikling i Seljord.<\/p>\n\n\n\n<p>\u2022 bidra til \u00e5 vidareutvikle Granvin som eit regionalt kulturhus for alle.<\/p>\n\n\n\n<p>\u2022 bidra til at Dyrskuplassen skal kunne utvikle seg som arrangementsstad.<\/p>\n\n\n\n<p>\u2022 st\u00f8tte opp om Seljord \u00d8kologiske Hage.<\/p>\n\n\n\n<p>\u2022 nytte fleire lokale innkj\u00f8p ved offentlege anskaffingar der det er mogleg.<\/p>\n\n\n\n<p>\u2022 prioritere heiltidsbruk i landbruket samtidig med at kombinasjonsbruka har ein viktig plass.<\/p>\n\n\n\n<p>\u2022 innf\u00f8re tilskotsordning for gardsskogshogst med kr. 100,-\/m3.<\/p>\n\n\n\n<p>\u2022 halde fram med opprustinga av kommunale vegar.<\/p>\n\n\n\n<p><strong>Seljord i eit st\u00f8rre perspektiv \u2013 inn i framtida med Seljord H\u00f8gre<br><\/strong><\/p>\n\n\n\n<p>Det er uro i store delar av verden, ogs\u00e5 i v\u00e5rt n\u00e6romr\u00e5de som sender menneske p\u00e5 flukt. Klima og milj\u00f8 er ei av dei store utfordringane verden st\u00e5r overfor og dette gjeld ogs\u00e5 Seljord. Seljord kan bidra med \u00e5:<\/p>\n\n\n\n<p>\u2022 bevare naturmangfald i skog og kulturlandskap og st\u00f8tte tiltak mot attgroing.<\/p>\n\n\n\n<p>\u2022 legge til rette for milj\u00f8venlege transportl\u00f8ysingar og utsleppsfrie kommunale k\u00f8yret\u00f8y der det er mogleg og bruke milj\u00f8venleg energi som sol og jordvarme i kommunale bygg.<\/p>\n\n\n\n<p>\u2022 ha ein fakta- og kunnskapsbasera milj\u00f8vennleg samfunnsutvikling.<\/p>\n\n\n\n<p>\u2022 sikre at berekraft er grunnplanken i alle kommunale planer og verksemder.<\/p>\n\n\n\n<p>\u2022 milj\u00f8fyrt\u00e5rn-sertifisere Seljord kommune.<\/p>\n\n\n\n<p>\u2022 ta v\u00e5r del av ansvaret for a\u030a busette flyktningar og sikre ei god integrering.<\/p>\n\n\n\n<p>\u2022 styrke beredskapen med fokus p\u00e5 \u00f8vingar og kommunikasjonen med innbyggarane.<\/p>\n\n\n\n<p>\u2022 vidareutvikle regionsamarbeidet i Vest-Telemark og nye Telemark fylke.<\/p>\n\n\n\n<div class=\"wp-block-teft-file icon-link-block\"><a href=\"https:\/\/hoyre.no\/content\/uploads\/sites\/358\/2023\/08\/Program-Seljord-Hogre-2023-2027.pdf\" download><span class=\"file-title\">Program-Seljord-Hogre-2023-2027<\/span><span class=\"file-name\"><\/span><\/a><\/div>\n\n\n<div class=\"tags\">\n\t<\/div>\n<div class=\"post-footer alignfull has-background block-editor-block-list__block\" data-align=full>\n\t<div class=\"post-footer-inner\">\n\t\t<h3>Relaterte artikler<\/h3>\n\t\t\t<\/div>\n<\/div>\n","protected":false},"excerpt":{"rendered":"","protected":false},"author":376,"featured_media":0,"comment_status":"closed","ping_status":"closed","sticky":true,"template":"","format":"standard","meta":{"teft_cards_image_url":"","teft_cards_custom_pretitle":"","teft_cards_image_id":45,"teft_cards_image_focal_point_x":0.5,"teft_cards_image_focal_point_y":0.19,"teft_cards_title":"","teft_cards_excerpt":"","teft_show_chapters":false,"author_display_name":"","footnotes":""},"category":[1],"post_tag":[],"hoyre-visibility":[],"article-type":[],"politician":[],"class_list":["post-49","post","type-post","status-publish","format-standard","hentry","category-ukategorisert"],"yoast_head":"<!-- This site is optimized with the Yoast SEO plugin v26.6 - https:\/\/yoast.com\/wordpress\/plugins\/seo\/ -->\n<title>Valprogram for Seljord H\u00f8gre 2023-2027 - Seljord H\u00f8gre<\/title>\n<meta name=\"robots\" content=\"index, follow, max-snippet:-1, max-image-preview:large, max-video-preview:-1\" \/>\n<link rel=\"canonical\" href=\"https:\/\/hoyre.no\/seljord\/aktuelt\/valprogram-for-seljord-hogre-2023-2027\/\" \/>\n<meta property=\"og:locale\" content=\"nn_NO\" \/>\n<meta property=\"og:type\" content=\"article\" \/>\n<meta property=\"og:title\" content=\"Valprogram for Seljord H\u00f8gre 2023-2027 - Seljord H\u00f8gre\" \/>\n<meta property=\"og:url\" content=\"https:\/\/hoyre.no\/seljord\/aktuelt\/valprogram-for-seljord-hogre-2023-2027\/\" \/>\n<meta property=\"og:site_name\" content=\"Seljord H\u00f8gre\" \/>\n<meta property=\"article:published_time\" content=\"2023-08-10T05:43:02+00:00\" \/>\n<meta property=\"article:modified_time\" content=\"2023-08-10T05:48:16+00:00\" \/>\n<meta property=\"og:image\" content=\"https:\/\/hoyre.no\/content\/uploads\/sites\/358\/2023\/05\/DSC02456-1-edited-1024x1024.jpg\" \/>\n<meta name=\"author\" content=\"Ole Espen Strand\" \/>\n<meta name=\"twitter:card\" content=\"summary_large_image\" \/>\n<meta name=\"twitter:label1\" content=\"Written by\" \/>\n\t<meta name=\"twitter:data1\" content=\"Ole Espen Strand\" \/>\n\t<meta name=\"twitter:label2\" content=\"Est. reading time\" \/>\n\t<meta name=\"twitter:data2\" content=\"4 minutt\" \/>\n<script type=\"application\/ld+json\" class=\"yoast-schema-graph\">{\"@context\":\"https:\/\/schema.org\",\"@graph\":[{\"@type\":\"NewsArticle\",\"@id\":\"https:\/\/hoyre.no\/seljord\/aktuelt\/valprogram-for-seljord-hogre-2023-2027\/\",\"url\":\"https:\/\/hoyre.no\/seljord\/aktuelt\/valprogram-for-seljord-hogre-2023-2027\/\",\"name\":\"Valprogram for Seljord H\u00f8gre 2023-2027 - Seljord H\u00f8gre\",\"isPartOf\":{\"@id\":\"https:\/\/hoyre.no\/seljord\/#website\"},\"datePublished\":\"2023-08-10T05:43:02+00:00\",\"dateModified\":\"2023-08-10T05:48:16+00:00\",\"author\":{\"@id\":\"https:\/\/hoyre.no\/seljord\/#\/schema\/person\/e53549e4110bc61d77480d222e49eef1\"},\"breadcrumb\":{\"@id\":\"https:\/\/hoyre.no\/seljord\/aktuelt\/valprogram-for-seljord-hogre-2023-2027\/#breadcrumb\"},\"inLanguage\":\"nn-NO\",\"potentialAction\":[{\"@type\":\"ReadAction\",\"target\":[\"https:\/\/hoyre.no\/seljord\/aktuelt\/valprogram-for-seljord-hogre-2023-2027\/\"]}]},{\"@type\":\"BreadcrumbList\",\"@id\":\"https:\/\/hoyre.no\/seljord\/aktuelt\/valprogram-for-seljord-hogre-2023-2027\/#breadcrumb\",\"itemListElement\":[{\"@type\":\"ListItem\",\"position\":1,\"name\":\"Til hoyre.no\",\"item\":\"https:\/\/hoyre.no\"},{\"@type\":\"ListItem\",\"position\":2,\"name\":\"Hjem\",\"item\":\"https:\/\/hoyre.no\/seljord\/\"},{\"@type\":\"ListItem\",\"position\":3,\"name\":\"Valprogram for Seljord H\u00f8gre 2023-2027\"}]},{\"@type\":\"WebSite\",\"@id\":\"https:\/\/hoyre.no\/seljord\/#website\",\"url\":\"https:\/\/hoyre.no\/seljord\/\",\"name\":\"Seljord H\u00f8gre\",\"description\":\"Bare enda et H\u00f8yres nettsteder-nettsted\",\"inLanguage\":\"nn-NO\"},{\"@type\":\"Person\",\"@id\":\"https:\/\/hoyre.no\/seljord\/#\/schema\/person\/e53549e4110bc61d77480d222e49eef1\",\"name\":\"Ole Espen Strand\",\"image\":{\"@type\":\"ImageObject\",\"inLanguage\":\"nn-NO\",\"@id\":\"https:\/\/hoyre.no\/seljord\/#\/schema\/person\/image\/\",\"url\":\"https:\/\/secure.gravatar.com\/avatar\/b5ab5bf6a88c5268515bd75538435c1a23c6bb23748faa38dbe737b284a38918?s=96&d=mm&r=g\",\"contentUrl\":\"https:\/\/secure.gravatar.com\/avatar\/b5ab5bf6a88c5268515bd75538435c1a23c6bb23748faa38dbe737b284a38918?s=96&d=mm&r=g\",\"caption\":\"Ole Espen Strand\"},\"url\":\"https:\/\/hoyre.no\/seljord\/aktuelt\/author\/m11380987\/\"}]}<\/script>\n<!-- \/ Yoast SEO plugin. -->","yoast_head_json":{"title":"Valprogram for Seljord H\u00f8gre 2023-2027 - Seljord H\u00f8gre","robots":{"index":"index","follow":"follow","max-snippet":"max-snippet:-1","max-image-preview":"max-image-preview:large","max-video-preview":"max-video-preview:-1"},"canonical":"https:\/\/hoyre.no\/seljord\/aktuelt\/valprogram-for-seljord-hogre-2023-2027\/","og_locale":"nn_NO","og_type":"article","og_title":"Valprogram for Seljord H\u00f8gre 2023-2027 - Seljord H\u00f8gre","og_url":"https:\/\/hoyre.no\/seljord\/aktuelt\/valprogram-for-seljord-hogre-2023-2027\/","og_site_name":"Seljord H\u00f8gre","article_published_time":"2023-08-10T05:43:02+00:00","article_modified_time":"2023-08-10T05:48:16+00:00","og_image":[{"url":"https:\/\/hoyre.no\/content\/uploads\/sites\/358\/2023\/05\/DSC02456-1-edited-1024x1024.jpg","width":"","height":"","type":""}],"author":"Ole Espen Strand","twitter_card":"summary_large_image","twitter_misc":{"Written by":"Ole Espen Strand","Est. reading time":"4 minutt"},"schema":{"@context":"https:\/\/schema.org","@graph":[{"@type":"NewsArticle","@id":"https:\/\/hoyre.no\/seljord\/aktuelt\/valprogram-for-seljord-hogre-2023-2027\/","url":"https:\/\/hoyre.no\/seljord\/aktuelt\/valprogram-for-seljord-hogre-2023-2027\/","name":"Valprogram for Seljord H\u00f8gre 2023-2027 - Seljord H\u00f8gre","isPartOf":{"@id":"https:\/\/hoyre.no\/seljord\/#website"},"datePublished":"2023-08-10T05:43:02+00:00","dateModified":"2023-08-10T05:48:16+00:00","author":{"@id":"https:\/\/hoyre.no\/seljord\/#\/schema\/person\/e53549e4110bc61d77480d222e49eef1"},"breadcrumb":{"@id":"https:\/\/hoyre.no\/seljord\/aktuelt\/valprogram-for-seljord-hogre-2023-2027\/#breadcrumb"},"inLanguage":"nn-NO","potentialAction":[{"@type":"ReadAction","target":["https:\/\/hoyre.no\/seljord\/aktuelt\/valprogram-for-seljord-hogre-2023-2027\/"]}]},{"@type":"BreadcrumbList","@id":"https:\/\/hoyre.no\/seljord\/aktuelt\/valprogram-for-seljord-hogre-2023-2027\/#breadcrumb","itemListElement":[{"@type":"ListItem","position":1,"name":"Til hoyre.no","item":"https:\/\/hoyre.no"},{"@type":"ListItem","position":2,"name":"Hjem","item":"https:\/\/hoyre.no\/seljord\/"},{"@type":"ListItem","position":3,"name":"Valprogram for Seljord H\u00f8gre 2023-2027"}]},{"@type":"WebSite","@id":"https:\/\/hoyre.no\/seljord\/#website","url":"https:\/\/hoyre.no\/seljord\/","name":"Seljord H\u00f8gre","description":"Bare enda et H\u00f8yres nettsteder-nettsted","inLanguage":"nn-NO"},{"@type":"Person","@id":"https:\/\/hoyre.no\/seljord\/#\/schema\/person\/e53549e4110bc61d77480d222e49eef1","name":"Ole Espen Strand","image":{"@type":"ImageObject","inLanguage":"nn-NO","@id":"https:\/\/hoyre.no\/seljord\/#\/schema\/person\/image\/","url":"https:\/\/secure.gravatar.com\/avatar\/b5ab5bf6a88c5268515bd75538435c1a23c6bb23748faa38dbe737b284a38918?s=96&d=mm&r=g","contentUrl":"https:\/\/secure.gravatar.com\/avatar\/b5ab5bf6a88c5268515bd75538435c1a23c6bb23748faa38dbe737b284a38918?s=96&d=mm&r=g","caption":"Ole Espen Strand"},"url":"https:\/\/hoyre.no\/seljord\/aktuelt\/author\/m11380987\/"}]}},"distributor_meta":false,"distributor_terms":false,"distributor_media":false,"distributor_original_site_name":"Seljord H\u00f8gre","distributor_original_site_url":"https:\/\/hoyre.no\/seljord","push-errors":false,"_links":{"self":[{"href":"https:\/\/hoyre.no\/seljord\/wp-json\/wp\/v2\/posts\/49","targetHints":{"allow":["GET"]}}],"collection":[{"href":"https:\/\/hoyre.no\/seljord\/wp-json\/wp\/v2\/posts"}],"about":[{"href":"https:\/\/hoyre.no\/seljord\/wp-json\/wp\/v2\/types\/post"}],"author":[{"embeddable":true,"href":"https:\/\/hoyre.no\/seljord\/wp-json\/wp\/v2\/users\/376"}],"replies":[{"embeddable":true,"href":"https:\/\/hoyre.no\/seljord\/wp-json\/wp\/v2\/comments?post=49"}],"version-history":[{"count":1,"href":"https:\/\/hoyre.no\/seljord\/wp-json\/wp\/v2\/posts\/49\/revisions"}],"predecessor-version":[{"id":51,"href":"https:\/\/hoyre.no\/seljord\/wp-json\/wp\/v2\/posts\/49\/revisions\/51"}],"wp:attachment":[{"href":"https:\/\/hoyre.no\/seljord\/wp-json\/wp\/v2\/media?parent=49"}],"wp:term":[{"taxonomy":"category","embeddable":true,"href":"https:\/\/hoyre.no\/seljord\/wp-json\/wp\/v2\/category?post=49"},{"taxonomy":"post_tag","embeddable":true,"href":"https:\/\/hoyre.no\/seljord\/wp-json\/wp\/v2\/post_tag?post=49"},{"taxonomy":"hoyre-visibility","embeddable":true,"href":"https:\/\/hoyre.no\/seljord\/wp-json\/wp\/v2\/hoyre-visibility?post=49"},{"taxonomy":"article-type","embeddable":true,"href":"https:\/\/hoyre.no\/seljord\/wp-json\/wp\/v2\/article-type?post=49"},{"taxonomy":"politician","embeddable":true,"href":"https:\/\/hoyre.no\/seljord\/wp-json\/wp\/v2\/politician?post=49"}],"curies":[{"name":"wp","href":"https:\/\/api.w.org\/{rel}","templated":true}]}}