{"id":11,"date":"2020-06-22T13:28:00","date_gmt":"2020-06-22T11:28:00","guid":{"rendered":"https:\/\/hoyre.no\/sigdal-og-eggedal\/?p=11"},"modified":"2020-12-05T13:31:34","modified_gmt":"2020-12-05T12:31:34","slug":"stiller-sporsmal-ved-stengingen-av-eggedal-legekontor","status":"publish","type":"post","link":"https:\/\/hoyre.no\/sigdal-og-eggedal\/aktuelt\/stiller-sporsmal-ved-stengingen-av-eggedal-legekontor\/","title":{"rendered":"Stiller sp\u00f8rsm\u00e5l ved stengingen av Eggedal legekontor"},"content":{"rendered":"\n<p class=\"preamble\">H\u00f8yre er opptatt av at det skal v\u00e6re et legetilbud i b\u00e5de Prestfoss og Eggedal. Foreningen undrer seg over at en gjen\u00e5pning av Eggedal legekontor f\u00f8rst er planlagt vurdert den 26. august og har derfor sendt inn sp\u00f8rsm\u00e5l om situasjonen til innbyggernes sp\u00f8rretime.<\/p>\t\t\t<div class=\"post-meta wp-block teft-byline-wrapper\">\n\t\t\t\t<div class=\"top\">\n\t\t\t\t\t<div class=\"signature\">\n\t\t\t\t\t\t<div class=\"teft-byline\">\n\t\t\t\t\t\t\t\t\t\t\t\t\t\t<div>\n\t\t\t\t\t\t\t\t<h3>H\u00f8yres redaksjon<\/h3>\t\t\t\t\t\t\t\t\n\t\t\t\t\t\t\t\t\t\t\t\t\t\t\t\t\t<span class=\"date\">Sist oppdatert: 5. desember 2020<\/span>\n\t\t\t\t\t\t\t\t\t\t\t\t\t\t\t\t\t\t\t\t\t\t\t\t\t<span class=\"reading-time\" itemprop=\"timeRequired\" content=\"PT2M\"><em>Ca. 2 minutter lesetid<\/em><\/span>\n\t\t\t\t\t\t\t\t\t\t\t\t\t\t\t<\/div>\n\t\t\t\t\t\t<\/div>\n\t\t\t\t\t<\/div>\n\t\t\t\t\t\t<div class=\"sharing\">\n\t\t<a class=\"share-button share-link copy-link\" data-copy=\"https:\/\/hoyre.no\/sigdal-og-eggedal\/aktuelt\/stiller-sporsmal-ved-stengingen-av-eggedal-legekontor\/\" target=\"_blank\"><span class=\"screen-reader-text\">Del link<\/span><\/a>\n\t\t<a class=\"share-button share-twitter\" href=\"http:\/\/twitter.com\/share?text=Stiller sp\u00f8rsm\u00e5l ved stengingen av Eggedal legekontor&#038;url=https:\/\/hoyre.no\/sigdal-og-eggedal\/aktuelt\/stiller-sporsmal-ved-stengingen-av-eggedal-legekontor\/&#038;hashtags=Hoyre\" target=\"_blank\"><span class=\"screen-reader-text\">Del p\u00e5 twitter<\/span><\/a>\n\t\t<a class=\"share-button share-facebook\" href=\"https:\/\/www.facebook.com\/sharer\/sharer.php?u=https:\/\/hoyre.no\/sigdal-og-eggedal\/aktuelt\/stiller-sporsmal-ved-stengingen-av-eggedal-legekontor\/\" target=\"_blank\"><span class=\"screen-reader-text\">Del p\u00e5 facebook<\/span><\/a>\n\t<\/div>\n\t\t\t\t\t<\/div>\n\t\t\t<\/div>\n\n\t\t\t<figure class=\"hoyre-image-wrapper\"><div class=\"hoyre-image\"><img loading=\"lazy\" decoding=\"async\" width=\"2560\" height=\"1441\" src=\"https:\/\/hoyre.no\/content\/uploads\/sites\/162\/2020\/12\/img_4746_16x9-scaled.jpg\" class=\"attachment-scaled size-scaled\" alt=\"\" style=\"object-position: 50% 50%\" srcset=\"https:\/\/hoyre.no\/content\/uploads\/sites\/162\/2020\/12\/img_4746_16x9-scaled.jpg 2560w, https:\/\/hoyre.no\/content\/uploads\/sites\/162\/2020\/12\/img_4746_16x9-300x169.jpg 300w, https:\/\/hoyre.no\/content\/uploads\/sites\/162\/2020\/12\/img_4746_16x9-1024x576.jpg 1024w, https:\/\/hoyre.no\/content\/uploads\/sites\/162\/2020\/12\/img_4746_16x9-768x432.jpg 768w, https:\/\/hoyre.no\/content\/uploads\/sites\/162\/2020\/12\/img_4746_16x9-1536x864.jpg 1536w, https:\/\/hoyre.no\/content\/uploads\/sites\/162\/2020\/12\/img_4746_16x9-2048x1153.jpg 2048w\" sizes=\"auto, (max-width: 2560px) 100vw, 2560px\" \/><\/div><figcaption class=\"caption\">I Prestfoss er legekontoret \u00e5pent \u2013 hvorfor ikke ogs\u00e5 i Eggedal?<\/figcaption><\/figure>\n\n\n\n\n<p>Ordf\u00f8rer,<\/p>\n\n\n\n<p>Den 6. april publiserte Sigdal kommune f\u00f8lgende melding p\u00e5 sine nettsider:<\/p>\n\n\n\n<p><em>\u00abEggedal legekontor stengt:<\/em><\/p>\n\n\n\n<p><em>Legene har kommet fram til den beslutning av f\u00f8lgende \u00e5rsaker: 1) Smittevernutstyr: Det er ingen egen inngang for pasienter med mistenkt smitte, det er felles venterom, ikke eget smitterom som kan benyttes til unders\u00f8kelse. Disse fasilitetene har vi i Prestfoss. 2) Av hensyn til redusert bemanning.\u00bb<\/em><\/p>\n\n\n\n<p>I en redegj\u00f8relse fra kommuneoverlegen datert 28. mai skrives det at en&nbsp;vurdering&nbsp;av situasjonen ikke vil skje f\u00f8r 26. august.<\/p>\n\n\n\n<p>H\u00f8yre er opptatt av at det skal v\u00e6re et legetilbud i b\u00e5de Prestfoss og Eggedal. Selv om en oppgradering muligens er n\u00f8dvendig, eksisterer det i dag velfungerende lokaler i Eggedal. Behovet for et legetilbud er ogs\u00e5 til stede. Selv om pasienter har mulighet til \u00e5 f\u00e5 dekket lang reisevei, er den ekstra reiseveien fra Eggedal til Prestfoss for en legetime en belastning for mange.<\/p>\n\n\n\n<p>P\u00e5 bakgrunn av dette fremsettes f\u00f8lgende sp\u00f8rsm\u00e5l:<\/p>\n\n\n\n<ol class=\"wp-block-list\"><li>Hva er det faglige grunnlaget for at en gjen\u00e5pning av legekontoret i Eggedal f\u00f8rst er planlagt vurdert 26. august?&nbsp;<\/li><li>Vil ordf\u00f8reren ta initiativ til \u00e5 vurdere en tidligere gjen\u00e5pning av Eggedal legekontor?<\/li><\/ol>\n\n\n\n<p><em>Sp\u00f8rsm\u00e5let vil bli lagt frem i innbyggernes sp\u00f8rretime f\u00f8r kommunestyrem\u00f8tet torsdag den 25. juni.<\/em><\/p>\n\n\n<div class=\"tags\">\n\t<\/div>\n<div class=\"post-footer alignfull has-background block-editor-block-list__block\" data-align=full>\n\t<div class=\"post-footer-inner\">\n\t\t<h3>Relaterte artikler<\/h3>\n\t\t<div class=\"related-content\"><div class=\"is-card-hoyre\">\n\t<div class=\"teft-card hoyre-teft-card post-teft-card\">\n\t\t<a href=\"https:\/\/hoyre.no\/sigdal-og-eggedal\/aktuelt\/resultat-fra-provenominasjon-til-stortinget\/\" class=\"teft-card__primary-action\">\n\n\t\t\t\t\t<div class=\"teft-card__media teft-card__media--16-9\">\n\t\t\t\t\t\t<img loading=\"lazy\" decoding=\"async\" width=\"768\" height=\"576\" src=\"https:\/\/hoyre.no\/content\/uploads\/sites\/162\/2024\/09\/IMG_1816-768x576.jpg\" class=\"attachment-medium_large size-medium_large\" alt=\"\" srcset=\"https:\/\/hoyre.no\/content\/uploads\/sites\/162\/2024\/09\/IMG_1816-768x576.jpg 768w, https:\/\/hoyre.no\/content\/uploads\/sites\/162\/2024\/09\/IMG_1816-300x225.jpg 300w, https:\/\/hoyre.no\/content\/uploads\/sites\/162\/2024\/09\/IMG_1816-1024x768.jpg 1024w, https:\/\/hoyre.no\/content\/uploads\/sites\/162\/2024\/09\/IMG_1816-1536x1152.jpg 1536w, https:\/\/hoyre.no\/content\/uploads\/sites\/162\/2024\/09\/IMG_1816-2048x1536.jpg 2048w\" sizes=\"auto, (max-width: 768px) 100vw, 768px\" \/>\t\t<\/div>\n\t\t\n\t\t\t<div class=\"teft-card__content-wrapper\">\n\t\t\t\t<div class=\"teft-card__secondary\">\n\t\t\t\t\t\n\t\t\t\t\t\t\t\t<div class=\"teft-card__meta\">\n\t\t\t\t\t\t\t\t\t<span class=\"post-date\">18. sep 2024<\/span>\n\n\t\t\t\t\t\t\t\t\t\t\t\t\t\t\t\t\t<\/div>\n\t\t\t\t\t\t\t\t\t\t\t<\/div>\n\n\t\t\t\t<div class=\"teft-card__primary\">\n\t\t\t\t\t<h2 class=\"teft-card__title\">Resultat fra pr\u00f8venominasjon til Stortinget&nbsp;<span class=\"teft-card__primary-title-append\"><\/span><\/h2>\t\t\t\t<\/div>\n\t\t\t<\/div>\n\t\t<\/a>\n\t<\/div>\n\n\t<\/div><div class=\"is-card-hoyre\">\n\t<div class=\"teft-card hoyre-teft-card post-teft-card\">\n\t\t<a href=\"https:\/\/hoyre.no\/sigdal-og-eggedal\/aktuelt\/tar-opp-trafikksituasjonen-langs-soneren-i-kommunestyret\/\" class=\"teft-card__primary-action\">\n\n\t\t\t\t\t<div class=\"teft-card__media teft-card__media--16-9\">\n\t\t\t\t\t\t<img loading=\"lazy\" decoding=\"async\" width=\"768\" height=\"432\" src=\"https:\/\/hoyre.no\/content\/uploads\/sites\/162\/2020\/12\/foto_2_fri_bruk_16x9-768x432.jpg\" class=\"attachment-medium_large size-medium_large\" alt=\"\" srcset=\"https:\/\/hoyre.no\/content\/uploads\/sites\/162\/2020\/12\/foto_2_fri_bruk_16x9-768x432.jpg 768w, https:\/\/hoyre.no\/content\/uploads\/sites\/162\/2020\/12\/foto_2_fri_bruk_16x9-300x169.jpg 300w, https:\/\/hoyre.no\/content\/uploads\/sites\/162\/2020\/12\/foto_2_fri_bruk_16x9-1024x576.jpg 1024w, https:\/\/hoyre.no\/content\/uploads\/sites\/162\/2020\/12\/foto_2_fri_bruk_16x9-1536x863.jpg 1536w, https:\/\/hoyre.no\/content\/uploads\/sites\/162\/2020\/12\/foto_2_fri_bruk_16x9-2048x1151.jpg 2048w\" sizes=\"auto, (max-width: 768px) 100vw, 768px\" \/>\t\t<\/div>\n\t\t\n\t\t\t<div class=\"teft-card__content-wrapper\">\n\t\t\t\t<div class=\"teft-card__secondary\">\n\t\t\t\t\t\n\t\t\t\t\t\t\t\t<div class=\"teft-card__meta\">\n\t\t\t\t\t\t\t\t\t<span class=\"post-date\">24. sep 2020<\/span>\n\n\t\t\t\t\t\t\t\t\t<span class=\"post-category\">Samferdsel<\/span>\t\t\t\t\t\t\t\t<\/div>\n\t\t\t\t\t\t\t\t\t\t\t<\/div>\n\n\t\t\t\t<div class=\"teft-card__primary\">\n\t\t\t\t\t<h2 class=\"teft-card__title\">Tar opp trafikksituasjonen langs Soneren i kommunestyret&nbsp;<span class=\"teft-card__primary-title-append\"><\/span><\/h2>\t\t\t\t<\/div>\n\t\t\t<\/div>\n\t\t<\/a>\n\t<\/div>\n\n\t<\/div><div class=\"is-card-hoyre\">\n\t<div class=\"teft-card hoyre-teft-card post-teft-card\">\n\t\t<a href=\"https:\/\/hoyre.no\/sigdal-og-eggedal\/aktuelt\/resultat-fra-provenominasjonen\/\" class=\"teft-card__primary-action\">\n\n\t\t\t\t\t<div class=\"teft-card__media teft-card__media--16-9\">\n\t\t\t\t\t\t<img loading=\"lazy\" decoding=\"async\" width=\"768\" height=\"432\" src=\"https:\/\/hoyre.no\/content\/uploads\/sites\/162\/2020\/12\/img_9394_16x9-768x432.jpg\" class=\"attachment-medium_large size-medium_large\" alt=\"\" srcset=\"https:\/\/hoyre.no\/content\/uploads\/sites\/162\/2020\/12\/img_9394_16x9-768x432.jpg 768w, https:\/\/hoyre.no\/content\/uploads\/sites\/162\/2020\/12\/img_9394_16x9-300x169.jpg 300w, https:\/\/hoyre.no\/content\/uploads\/sites\/162\/2020\/12\/img_9394_16x9-1024x576.jpg 1024w, https:\/\/hoyre.no\/content\/uploads\/sites\/162\/2020\/12\/img_9394_16x9-1536x864.jpg 1536w, https:\/\/hoyre.no\/content\/uploads\/sites\/162\/2020\/12\/img_9394_16x9-2048x1152.jpg 2048w\" sizes=\"auto, (max-width: 768px) 100vw, 768px\" \/>\t\t<\/div>\n\t\t\n\t\t\t<div class=\"teft-card__content-wrapper\">\n\t\t\t\t<div class=\"teft-card__secondary\">\n\t\t\t\t\t\n\t\t\t\t\t\t\t\t<div class=\"teft-card__meta\">\n\t\t\t\t\t\t\t\t\t<span class=\"post-date\">22. sep 2020<\/span>\n\n\t\t\t\t\t\t\t\t\t<span class=\"post-category\">Valg 2021<\/span>\t\t\t\t\t\t\t\t<\/div>\n\t\t\t\t\t\t\t\t\t\t\t<\/div>\n\n\t\t\t\t<div class=\"teft-card__primary\">\n\t\t\t\t\t<h2 class=\"teft-card__title\">Resultat fra pr\u00f8venominasjonen&nbsp;<span class=\"teft-card__primary-title-append\"><\/span><\/h2>\t\t\t\t<\/div>\n\t\t\t<\/div>\n\t\t<\/a>\n\t<\/div>\n\n\t<\/div><\/div>\t<\/div>\n<\/div>\n","protected":false},"excerpt":{"rendered":"","protected":false},"author":51320,"featured_media":0,"comment_status":"closed","ping_status":"closed","sticky":false,"template":"","format":"standard","meta":{"teft_cards_image_url":"","teft_cards_custom_pretitle":"","teft_cards_image_id":12,"teft_cards_image_focal_point_x":0.5,"teft_cards_image_focal_point_y":0.5,"teft_cards_title":"","teft_cards_excerpt":"","teft_show_chapters":false,"author_display_name":"","footnotes":""},"category":[3],"post_tag":[],"hoyre-visibility":[],"article-type":[],"politician":[],"class_list":["post-11","post","type-post","status-publish","format-standard","hentry","category-helse"],"yoast_head":"<!-- This site is optimized with the Yoast SEO plugin v26.6 - https:\/\/yoast.com\/wordpress\/plugins\/seo\/ -->\n<title>Stiller sp\u00f8rsm\u00e5l ved stengingen av Eggedal legekontor - Sigdal og Eggedal H\u00f8yre<\/title>\n<meta name=\"robots\" content=\"index, follow, max-snippet:-1, max-image-preview:large, max-video-preview:-1\" \/>\n<link rel=\"canonical\" href=\"https:\/\/hoyre.no\/sigdal-og-eggedal\/aktuelt\/stiller-sporsmal-ved-stengingen-av-eggedal-legekontor\/\" \/>\n<meta property=\"og:locale\" content=\"nb_NO\" \/>\n<meta property=\"og:type\" content=\"article\" \/>\n<meta property=\"og:title\" content=\"Stiller sp\u00f8rsm\u00e5l ved stengingen av Eggedal legekontor - Sigdal og Eggedal H\u00f8yre\" \/>\n<meta property=\"og:url\" content=\"https:\/\/hoyre.no\/sigdal-og-eggedal\/aktuelt\/stiller-sporsmal-ved-stengingen-av-eggedal-legekontor\/\" \/>\n<meta property=\"og:site_name\" content=\"Sigdal og Eggedal H\u00f8yre\" \/>\n<meta property=\"article:published_time\" content=\"2020-06-22T11:28:00+00:00\" \/>\n<meta property=\"article:modified_time\" content=\"2020-12-05T12:31:34+00:00\" \/>\n<meta property=\"og:image\" content=\"https:\/\/hoyre.no\/content\/uploads\/sites\/162\/2020\/12\/img_9394_16x9-1024x576.jpg\" \/>\n<meta name=\"author\" content=\"Cecilie Tofteng\" \/>\n<meta name=\"twitter:card\" content=\"summary_large_image\" \/>\n<meta name=\"twitter:label1\" content=\"Skrevet av\" \/>\n\t<meta name=\"twitter:data1\" content=\"Cecilie Tofteng\" \/>\n\t<meta name=\"twitter:label2\" content=\"Ansl. lesetid\" \/>\n\t<meta name=\"twitter:data2\" content=\"1 minutt\" \/>\n<script type=\"application\/ld+json\" class=\"yoast-schema-graph\">{\"@context\":\"https:\/\/schema.org\",\"@graph\":[{\"@type\":\"NewsArticle\",\"@id\":\"https:\/\/hoyre.no\/sigdal-og-eggedal\/aktuelt\/stiller-sporsmal-ved-stengingen-av-eggedal-legekontor\/\",\"url\":\"https:\/\/hoyre.no\/sigdal-og-eggedal\/aktuelt\/stiller-sporsmal-ved-stengingen-av-eggedal-legekontor\/\",\"name\":\"Stiller sp\u00f8rsm\u00e5l ved stengingen av Eggedal legekontor - Sigdal og Eggedal H\u00f8yre\",\"isPartOf\":{\"@id\":\"https:\/\/hoyre.no\/sigdal-og-eggedal\/#website\"},\"datePublished\":\"2020-06-22T11:28:00+00:00\",\"dateModified\":\"2020-12-05T12:31:34+00:00\",\"author\":{\"@id\":\"https:\/\/hoyre.no\/sigdal-og-eggedal\/#\/schema\/person\/0bf433749e315dcb10f0af58dd183b2a\"},\"breadcrumb\":{\"@id\":\"https:\/\/hoyre.no\/sigdal-og-eggedal\/aktuelt\/stiller-sporsmal-ved-stengingen-av-eggedal-legekontor\/#breadcrumb\"},\"inLanguage\":\"nb-NO\",\"potentialAction\":[{\"@type\":\"ReadAction\",\"target\":[\"https:\/\/hoyre.no\/sigdal-og-eggedal\/aktuelt\/stiller-sporsmal-ved-stengingen-av-eggedal-legekontor\/\"]}]},{\"@type\":\"BreadcrumbList\",\"@id\":\"https:\/\/hoyre.no\/sigdal-og-eggedal\/aktuelt\/stiller-sporsmal-ved-stengingen-av-eggedal-legekontor\/#breadcrumb\",\"itemListElement\":[{\"@type\":\"ListItem\",\"position\":1,\"name\":\"Til hoyre.no\",\"item\":\"https:\/\/hoyre.no\"},{\"@type\":\"ListItem\",\"position\":2,\"name\":\"Hjem\",\"item\":\"https:\/\/hoyre.no\/sigdal-og-eggedal\/\"},{\"@type\":\"ListItem\",\"position\":3,\"name\":\"Stiller sp\u00f8rsm\u00e5l ved stengingen av Eggedal legekontor\"}]},{\"@type\":\"WebSite\",\"@id\":\"https:\/\/hoyre.no\/sigdal-og-eggedal\/#website\",\"url\":\"https:\/\/hoyre.no\/sigdal-og-eggedal\/\",\"name\":\"Sigdal og Eggedal H\u00f8yre\",\"description\":\"Bare enda et H\u00f8yres nettsteder-nettsted\",\"inLanguage\":\"nb-NO\"},{\"@type\":\"Person\",\"@id\":\"https:\/\/hoyre.no\/sigdal-og-eggedal\/#\/schema\/person\/0bf433749e315dcb10f0af58dd183b2a\",\"name\":\"Cecilie Tofteng\",\"image\":{\"@type\":\"ImageObject\",\"inLanguage\":\"nb-NO\",\"@id\":\"https:\/\/hoyre.no\/sigdal-og-eggedal\/#\/schema\/person\/image\/\",\"url\":\"https:\/\/secure.gravatar.com\/avatar\/694d56caca63f6821e9843b24b8c7aba0cb29dd0c5ef0ea904de3cebe07ae31d?s=96&d=mm&r=g\",\"contentUrl\":\"https:\/\/secure.gravatar.com\/avatar\/694d56caca63f6821e9843b24b8c7aba0cb29dd0c5ef0ea904de3cebe07ae31d?s=96&d=mm&r=g\",\"caption\":\"Cecilie Tofteng\"},\"url\":\"https:\/\/hoyre.no\/sigdal-og-eggedal\/aktuelt\/author\/m60000393\/\"}]}<\/script>\n<!-- \/ Yoast SEO plugin. -->","yoast_head_json":{"title":"Stiller sp\u00f8rsm\u00e5l ved stengingen av Eggedal legekontor - Sigdal og Eggedal H\u00f8yre","robots":{"index":"index","follow":"follow","max-snippet":"max-snippet:-1","max-image-preview":"max-image-preview:large","max-video-preview":"max-video-preview:-1"},"canonical":"https:\/\/hoyre.no\/sigdal-og-eggedal\/aktuelt\/stiller-sporsmal-ved-stengingen-av-eggedal-legekontor\/","og_locale":"nb_NO","og_type":"article","og_title":"Stiller sp\u00f8rsm\u00e5l ved stengingen av Eggedal legekontor - Sigdal og Eggedal H\u00f8yre","og_url":"https:\/\/hoyre.no\/sigdal-og-eggedal\/aktuelt\/stiller-sporsmal-ved-stengingen-av-eggedal-legekontor\/","og_site_name":"Sigdal og Eggedal H\u00f8yre","article_published_time":"2020-06-22T11:28:00+00:00","article_modified_time":"2020-12-05T12:31:34+00:00","og_image":[{"url":"https:\/\/hoyre.no\/content\/uploads\/sites\/162\/2020\/12\/img_9394_16x9-1024x576.jpg","width":"","height":"","type":""}],"author":"Cecilie Tofteng","twitter_card":"summary_large_image","twitter_misc":{"Skrevet av":"Cecilie Tofteng","Ansl. lesetid":"1 minutt"},"schema":{"@context":"https:\/\/schema.org","@graph":[{"@type":"NewsArticle","@id":"https:\/\/hoyre.no\/sigdal-og-eggedal\/aktuelt\/stiller-sporsmal-ved-stengingen-av-eggedal-legekontor\/","url":"https:\/\/hoyre.no\/sigdal-og-eggedal\/aktuelt\/stiller-sporsmal-ved-stengingen-av-eggedal-legekontor\/","name":"Stiller sp\u00f8rsm\u00e5l ved stengingen av Eggedal legekontor - Sigdal og Eggedal H\u00f8yre","isPartOf":{"@id":"https:\/\/hoyre.no\/sigdal-og-eggedal\/#website"},"datePublished":"2020-06-22T11:28:00+00:00","dateModified":"2020-12-05T12:31:34+00:00","author":{"@id":"https:\/\/hoyre.no\/sigdal-og-eggedal\/#\/schema\/person\/0bf433749e315dcb10f0af58dd183b2a"},"breadcrumb":{"@id":"https:\/\/hoyre.no\/sigdal-og-eggedal\/aktuelt\/stiller-sporsmal-ved-stengingen-av-eggedal-legekontor\/#breadcrumb"},"inLanguage":"nb-NO","potentialAction":[{"@type":"ReadAction","target":["https:\/\/hoyre.no\/sigdal-og-eggedal\/aktuelt\/stiller-sporsmal-ved-stengingen-av-eggedal-legekontor\/"]}]},{"@type":"BreadcrumbList","@id":"https:\/\/hoyre.no\/sigdal-og-eggedal\/aktuelt\/stiller-sporsmal-ved-stengingen-av-eggedal-legekontor\/#breadcrumb","itemListElement":[{"@type":"ListItem","position":1,"name":"Til hoyre.no","item":"https:\/\/hoyre.no"},{"@type":"ListItem","position":2,"name":"Hjem","item":"https:\/\/hoyre.no\/sigdal-og-eggedal\/"},{"@type":"ListItem","position":3,"name":"Stiller sp\u00f8rsm\u00e5l ved stengingen av Eggedal legekontor"}]},{"@type":"WebSite","@id":"https:\/\/hoyre.no\/sigdal-og-eggedal\/#website","url":"https:\/\/hoyre.no\/sigdal-og-eggedal\/","name":"Sigdal og Eggedal H\u00f8yre","description":"Bare enda et H\u00f8yres nettsteder-nettsted","inLanguage":"nb-NO"},{"@type":"Person","@id":"https:\/\/hoyre.no\/sigdal-og-eggedal\/#\/schema\/person\/0bf433749e315dcb10f0af58dd183b2a","name":"Cecilie Tofteng","image":{"@type":"ImageObject","inLanguage":"nb-NO","@id":"https:\/\/hoyre.no\/sigdal-og-eggedal\/#\/schema\/person\/image\/","url":"https:\/\/secure.gravatar.com\/avatar\/694d56caca63f6821e9843b24b8c7aba0cb29dd0c5ef0ea904de3cebe07ae31d?s=96&d=mm&r=g","contentUrl":"https:\/\/secure.gravatar.com\/avatar\/694d56caca63f6821e9843b24b8c7aba0cb29dd0c5ef0ea904de3cebe07ae31d?s=96&d=mm&r=g","caption":"Cecilie Tofteng"},"url":"https:\/\/hoyre.no\/sigdal-og-eggedal\/aktuelt\/author\/m60000393\/"}]}},"distributor_meta":false,"distributor_terms":false,"distributor_media":false,"distributor_original_site_name":"Sigdal og Eggedal H\u00f8yre","distributor_original_site_url":"https:\/\/hoyre.no\/sigdal-og-eggedal","push-errors":false,"_links":{"self":[{"href":"https:\/\/hoyre.no\/sigdal-og-eggedal\/wp-json\/wp\/v2\/posts\/11","targetHints":{"allow":["GET"]}}],"collection":[{"href":"https:\/\/hoyre.no\/sigdal-og-eggedal\/wp-json\/wp\/v2\/posts"}],"about":[{"href":"https:\/\/hoyre.no\/sigdal-og-eggedal\/wp-json\/wp\/v2\/types\/post"}],"author":[{"embeddable":true,"href":"https:\/\/hoyre.no\/sigdal-og-eggedal\/wp-json\/wp\/v2\/users\/51320"}],"replies":[{"embeddable":true,"href":"https:\/\/hoyre.no\/sigdal-og-eggedal\/wp-json\/wp\/v2\/comments?post=11"}],"version-history":[{"count":1,"href":"https:\/\/hoyre.no\/sigdal-og-eggedal\/wp-json\/wp\/v2\/posts\/11\/revisions"}],"predecessor-version":[{"id":13,"href":"https:\/\/hoyre.no\/sigdal-og-eggedal\/wp-json\/wp\/v2\/posts\/11\/revisions\/13"}],"wp:attachment":[{"href":"https:\/\/hoyre.no\/sigdal-og-eggedal\/wp-json\/wp\/v2\/media?parent=11"}],"wp:term":[{"taxonomy":"category","embeddable":true,"href":"https:\/\/hoyre.no\/sigdal-og-eggedal\/wp-json\/wp\/v2\/category?post=11"},{"taxonomy":"post_tag","embeddable":true,"href":"https:\/\/hoyre.no\/sigdal-og-eggedal\/wp-json\/wp\/v2\/post_tag?post=11"},{"taxonomy":"hoyre-visibility","embeddable":true,"href":"https:\/\/hoyre.no\/sigdal-og-eggedal\/wp-json\/wp\/v2\/hoyre-visibility?post=11"},{"taxonomy":"article-type","embeddable":true,"href":"https:\/\/hoyre.no\/sigdal-og-eggedal\/wp-json\/wp\/v2\/article-type?post=11"},{"taxonomy":"politician","embeddable":true,"href":"https:\/\/hoyre.no\/sigdal-og-eggedal\/wp-json\/wp\/v2\/politician?post=11"}],"curies":[{"name":"wp","href":"https:\/\/api.w.org\/{rel}","templated":true}]}}