{"id":14,"date":"2020-09-22T13:31:00","date_gmt":"2020-09-22T11:31:00","guid":{"rendered":"https:\/\/hoyre.no\/sigdal-og-eggedal\/?p=14"},"modified":"2020-12-05T13:34:27","modified_gmt":"2020-12-05T12:34:27","slug":"resultat-fra-provenominasjonen","status":"publish","type":"post","link":"https:\/\/hoyre.no\/sigdal-og-eggedal\/aktuelt\/resultat-fra-provenominasjonen\/","title":{"rendered":"Resultat fra pr\u00f8venominasjonen"},"content":{"rendered":"\n<p class=\"preamble\">Mandag den 21. september avholdt foreningen sitt pr\u00f8venominasjonsm\u00f8te til stortingsvalglista for H\u00f8yre i Buskerud. Se resultatet her!<\/p>\t\t\t<div class=\"post-meta wp-block teft-byline-wrapper\">\n\t\t\t\t<div class=\"top\">\n\t\t\t\t\t<div class=\"signature\">\n\t\t\t\t\t\t<div class=\"teft-byline\">\n\t\t\t\t\t\t\t\t\t\t\t\t\t\t<div>\n\t\t\t\t\t\t\t\t<h3>H\u00f8yres redaksjon<\/h3>\t\t\t\t\t\t\t\t\n\t\t\t\t\t\t\t\t\t\t\t\t\t\t\t\t\t<span class=\"date\">Sist oppdatert: 5. desember 2020<\/span>\n\t\t\t\t\t\t\t\t\t\t\t\t\t\t\t\t\t\t\t\t\t\t\t\t\t<span class=\"reading-time\" itemprop=\"timeRequired\" content=\"PT1M\"><em>Ca. 1 minutter lesetid<\/em><\/span>\n\t\t\t\t\t\t\t\t\t\t\t\t\t\t\t<\/div>\n\t\t\t\t\t\t<\/div>\n\t\t\t\t\t<\/div>\n\t\t\t\t\t\t<div class=\"sharing\">\n\t\t<a class=\"share-button share-link copy-link\" data-copy=\"https:\/\/hoyre.no\/sigdal-og-eggedal\/aktuelt\/resultat-fra-provenominasjonen\/\" target=\"_blank\"><span class=\"screen-reader-text\">Del link<\/span><\/a>\n\t\t<a class=\"share-button share-twitter\" href=\"http:\/\/twitter.com\/share?text=Resultat fra pr\u00f8venominasjonen&#038;url=https:\/\/hoyre.no\/sigdal-og-eggedal\/aktuelt\/resultat-fra-provenominasjonen\/&#038;hashtags=Hoyre\" target=\"_blank\"><span class=\"screen-reader-text\">Del p\u00e5 twitter<\/span><\/a>\n\t\t<a class=\"share-button share-facebook\" href=\"https:\/\/www.facebook.com\/sharer\/sharer.php?u=https:\/\/hoyre.no\/sigdal-og-eggedal\/aktuelt\/resultat-fra-provenominasjonen\/\" target=\"_blank\"><span class=\"screen-reader-text\">Del p\u00e5 facebook<\/span><\/a>\n\t<\/div>\n\t\t\t\t\t<\/div>\n\t\t\t<\/div>\n\n\t\t\t<figure class=\"hoyre-image-wrapper\"><div class=\"hoyre-image\"><img loading=\"lazy\" decoding=\"async\" width=\"2560\" height=\"1440\" src=\"https:\/\/hoyre.no\/content\/uploads\/sites\/162\/2020\/12\/img_9394_16x9-scaled.jpg\" class=\"attachment-scaled size-scaled\" alt=\"\" style=\"object-position: 50% 50%\" srcset=\"https:\/\/hoyre.no\/content\/uploads\/sites\/162\/2020\/12\/img_9394_16x9-scaled.jpg 2560w, https:\/\/hoyre.no\/content\/uploads\/sites\/162\/2020\/12\/img_9394_16x9-300x169.jpg 300w, https:\/\/hoyre.no\/content\/uploads\/sites\/162\/2020\/12\/img_9394_16x9-1024x576.jpg 1024w, https:\/\/hoyre.no\/content\/uploads\/sites\/162\/2020\/12\/img_9394_16x9-768x432.jpg 768w, https:\/\/hoyre.no\/content\/uploads\/sites\/162\/2020\/12\/img_9394_16x9-1536x864.jpg 1536w, https:\/\/hoyre.no\/content\/uploads\/sites\/162\/2020\/12\/img_9394_16x9-2048x1152.jpg 2048w\" sizes=\"auto, (max-width: 2560px) 100vw, 2560px\" \/><\/div><figcaption class=\"caption\">Illustrasjonsfoto fra H\u00f8gevard<\/figcaption><\/figure>\n\n\n\n\n<p>Den 21. september avholdt foreningen medlemsm\u00f8te med pr\u00f8venominasjon til stortingsvalglista hjemme p\u00e5 g\u00e5rden til \u00c5se Lene. M\u00f8tet ble enige om et listeforslag som er sendt til nominasjonskomiteen for Buskerud stortingsvalgkrets. Det ble ogs\u00e5 valgt tre delegater til selve nominasjonsm\u00f8tet. Den endelige lista blir vedtatt p\u00e5 nominasjonsm\u00f8tet den 25. november p\u00e5 Sundvollen.<\/p>\n\n\n\n<p><strong>Hele lista er \u00e5 finne som vedlegg nederst i denne artikkelen.&nbsp;<\/strong><\/p>\n\n\n\n<p>I tillegg til pr\u00f8venominasjonsm\u00f8tene gjennomf\u00f8res ogs\u00e5 en elektronisk, r\u00e5dgivende uravstemning blant alle medlemmer. Det er sendt ut link p\u00e5 SMS og stemmer kan avgis frem til 27. september. Ta kontakt om du ikke har mottatt link!<\/p>\n\n\n\n<div class=\"wp-block-teft-file icon-link-block\"><a href=\"https:\/\/hoyre.no\/content\/uploads\/sites\/162\/2020\/12\/liste_etter_provenom.pdf\" download><span class=\"file-title\">liste_etter_provenom<\/span><span class=\"file-name\"><\/span><\/a><\/div>\n\n\n<div class=\"tags\">\n\t<\/div>\n<div class=\"post-footer alignfull has-background block-editor-block-list__block\" data-align=full>\n\t<div class=\"post-footer-inner\">\n\t\t<h3>Relaterte artikler<\/h3>\n\t\t<div class=\"related-content\"><div class=\"is-card-hoyre\">\n\t<div class=\"teft-card hoyre-teft-card post-teft-card\">\n\t\t<a href=\"https:\/\/hoyre.no\/sigdal-og-eggedal\/aktuelt\/resultat-fra-provenominasjon-til-stortinget\/\" class=\"teft-card__primary-action\">\n\n\t\t\t\t\t<div class=\"teft-card__media teft-card__media--16-9\">\n\t\t\t\t\t\t<img loading=\"lazy\" decoding=\"async\" width=\"768\" height=\"576\" src=\"https:\/\/hoyre.no\/content\/uploads\/sites\/162\/2024\/09\/IMG_1816-768x576.jpg\" class=\"attachment-medium_large size-medium_large\" alt=\"\" srcset=\"https:\/\/hoyre.no\/content\/uploads\/sites\/162\/2024\/09\/IMG_1816-768x576.jpg 768w, https:\/\/hoyre.no\/content\/uploads\/sites\/162\/2024\/09\/IMG_1816-300x225.jpg 300w, https:\/\/hoyre.no\/content\/uploads\/sites\/162\/2024\/09\/IMG_1816-1024x768.jpg 1024w, https:\/\/hoyre.no\/content\/uploads\/sites\/162\/2024\/09\/IMG_1816-1536x1152.jpg 1536w, https:\/\/hoyre.no\/content\/uploads\/sites\/162\/2024\/09\/IMG_1816-2048x1536.jpg 2048w\" sizes=\"auto, (max-width: 768px) 100vw, 768px\" \/>\t\t<\/div>\n\t\t\n\t\t\t<div class=\"teft-card__content-wrapper\">\n\t\t\t\t<div class=\"teft-card__secondary\">\n\t\t\t\t\t\n\t\t\t\t\t\t\t\t<div class=\"teft-card__meta\">\n\t\t\t\t\t\t\t\t\t<span class=\"post-date\">18. sep 2024<\/span>\n\n\t\t\t\t\t\t\t\t\t\t\t\t\t\t\t\t\t<\/div>\n\t\t\t\t\t\t\t\t\t\t\t<\/div>\n\n\t\t\t\t<div class=\"teft-card__primary\">\n\t\t\t\t\t<h2 class=\"teft-card__title\">Resultat fra pr\u00f8venominasjon til Stortinget&nbsp;<span class=\"teft-card__primary-title-append\"><\/span><\/h2>\t\t\t\t<\/div>\n\t\t\t<\/div>\n\t\t<\/a>\n\t<\/div>\n\n\t<\/div><div class=\"is-card-hoyre\">\n\t<div class=\"teft-card hoyre-teft-card post-teft-card\">\n\t\t<a href=\"https:\/\/hoyre.no\/sigdal-og-eggedal\/aktuelt\/tar-opp-trafikksituasjonen-langs-soneren-i-kommunestyret\/\" class=\"teft-card__primary-action\">\n\n\t\t\t\t\t<div class=\"teft-card__media teft-card__media--16-9\">\n\t\t\t\t\t\t<img loading=\"lazy\" decoding=\"async\" width=\"768\" height=\"432\" src=\"https:\/\/hoyre.no\/content\/uploads\/sites\/162\/2020\/12\/foto_2_fri_bruk_16x9-768x432.jpg\" class=\"attachment-medium_large size-medium_large\" alt=\"\" srcset=\"https:\/\/hoyre.no\/content\/uploads\/sites\/162\/2020\/12\/foto_2_fri_bruk_16x9-768x432.jpg 768w, https:\/\/hoyre.no\/content\/uploads\/sites\/162\/2020\/12\/foto_2_fri_bruk_16x9-300x169.jpg 300w, https:\/\/hoyre.no\/content\/uploads\/sites\/162\/2020\/12\/foto_2_fri_bruk_16x9-1024x576.jpg 1024w, https:\/\/hoyre.no\/content\/uploads\/sites\/162\/2020\/12\/foto_2_fri_bruk_16x9-1536x863.jpg 1536w, https:\/\/hoyre.no\/content\/uploads\/sites\/162\/2020\/12\/foto_2_fri_bruk_16x9-2048x1151.jpg 2048w\" sizes=\"auto, (max-width: 768px) 100vw, 768px\" \/>\t\t<\/div>\n\t\t\n\t\t\t<div class=\"teft-card__content-wrapper\">\n\t\t\t\t<div class=\"teft-card__secondary\">\n\t\t\t\t\t\n\t\t\t\t\t\t\t\t<div class=\"teft-card__meta\">\n\t\t\t\t\t\t\t\t\t<span class=\"post-date\">24. sep 2020<\/span>\n\n\t\t\t\t\t\t\t\t\t<span class=\"post-category\">Samferdsel<\/span>\t\t\t\t\t\t\t\t<\/div>\n\t\t\t\t\t\t\t\t\t\t\t<\/div>\n\n\t\t\t\t<div class=\"teft-card__primary\">\n\t\t\t\t\t<h2 class=\"teft-card__title\">Tar opp trafikksituasjonen langs Soneren i kommunestyret&nbsp;<span class=\"teft-card__primary-title-append\"><\/span><\/h2>\t\t\t\t<\/div>\n\t\t\t<\/div>\n\t\t<\/a>\n\t<\/div>\n\n\t<\/div><div class=\"is-card-hoyre\">\n\t<div class=\"teft-card hoyre-teft-card post-teft-card\">\n\t\t<a href=\"https:\/\/hoyre.no\/sigdal-og-eggedal\/aktuelt\/stiller-sporsmal-ved-stengingen-av-eggedal-legekontor\/\" class=\"teft-card__primary-action\">\n\n\t\t\t\t\t<div class=\"teft-card__media teft-card__media--16-9\">\n\t\t\t\t\t\t<img loading=\"lazy\" decoding=\"async\" width=\"768\" height=\"432\" src=\"https:\/\/hoyre.no\/content\/uploads\/sites\/162\/2020\/12\/img_4746_16x9-768x432.jpg\" class=\"attachment-medium_large size-medium_large\" alt=\"\" srcset=\"https:\/\/hoyre.no\/content\/uploads\/sites\/162\/2020\/12\/img_4746_16x9-768x432.jpg 768w, https:\/\/hoyre.no\/content\/uploads\/sites\/162\/2020\/12\/img_4746_16x9-300x169.jpg 300w, https:\/\/hoyre.no\/content\/uploads\/sites\/162\/2020\/12\/img_4746_16x9-1024x576.jpg 1024w, https:\/\/hoyre.no\/content\/uploads\/sites\/162\/2020\/12\/img_4746_16x9-1536x864.jpg 1536w, https:\/\/hoyre.no\/content\/uploads\/sites\/162\/2020\/12\/img_4746_16x9-2048x1153.jpg 2048w\" sizes=\"auto, (max-width: 768px) 100vw, 768px\" \/>\t\t<\/div>\n\t\t\n\t\t\t<div class=\"teft-card__content-wrapper\">\n\t\t\t\t<div class=\"teft-card__secondary\">\n\t\t\t\t\t\n\t\t\t\t\t\t\t\t<div class=\"teft-card__meta\">\n\t\t\t\t\t\t\t\t\t<span class=\"post-date\">22. jun 2020<\/span>\n\n\t\t\t\t\t\t\t\t\t<span class=\"post-category\">Helse<\/span>\t\t\t\t\t\t\t\t<\/div>\n\t\t\t\t\t\t\t\t\t\t\t<\/div>\n\n\t\t\t\t<div class=\"teft-card__primary\">\n\t\t\t\t\t<h2 class=\"teft-card__title\">Stiller sp\u00f8rsm\u00e5l ved stengingen av Eggedal legekontor&nbsp;<span class=\"teft-card__primary-title-append\"><\/span><\/h2>\t\t\t\t<\/div>\n\t\t\t<\/div>\n\t\t<\/a>\n\t<\/div>\n\n\t<\/div><\/div>\t<\/div>\n<\/div>\n","protected":false},"excerpt":{"rendered":"","protected":false},"author":51320,"featured_media":0,"comment_status":"closed","ping_status":"closed","sticky":false,"template":"","format":"standard","meta":{"teft_cards_image_url":"","teft_cards_custom_pretitle":"","teft_cards_image_id":15,"teft_cards_image_focal_point_x":0.5,"teft_cards_image_focal_point_y":0.5,"teft_cards_title":"","teft_cards_excerpt":"","teft_show_chapters":false,"author_display_name":"","footnotes":""},"category":[4],"post_tag":[],"hoyre-visibility":[],"article-type":[],"politician":[],"class_list":["post-14","post","type-post","status-publish","format-standard","hentry","category-valg-2021"],"yoast_head":"<!-- This site is optimized with the Yoast SEO plugin v26.6 - https:\/\/yoast.com\/wordpress\/plugins\/seo\/ -->\n<title>Resultat fra pr\u00f8venominasjonen - Sigdal og Eggedal H\u00f8yre<\/title>\n<meta name=\"robots\" content=\"index, follow, max-snippet:-1, max-image-preview:large, max-video-preview:-1\" \/>\n<link rel=\"canonical\" href=\"https:\/\/hoyre.no\/sigdal-og-eggedal\/aktuelt\/resultat-fra-provenominasjonen\/\" \/>\n<meta property=\"og:locale\" content=\"nb_NO\" \/>\n<meta property=\"og:type\" content=\"article\" \/>\n<meta property=\"og:title\" content=\"Resultat fra pr\u00f8venominasjonen - Sigdal og Eggedal H\u00f8yre\" \/>\n<meta property=\"og:url\" content=\"https:\/\/hoyre.no\/sigdal-og-eggedal\/aktuelt\/resultat-fra-provenominasjonen\/\" \/>\n<meta property=\"og:site_name\" content=\"Sigdal og Eggedal H\u00f8yre\" \/>\n<meta property=\"article:published_time\" content=\"2020-09-22T11:31:00+00:00\" \/>\n<meta property=\"article:modified_time\" content=\"2020-12-05T12:34:27+00:00\" \/>\n<meta property=\"og:image\" content=\"https:\/\/hoyre.no\/content\/uploads\/sites\/162\/2020\/12\/img_4746_16x9-1024x576.jpg\" \/>\n<meta name=\"author\" content=\"Cecilie Tofteng\" \/>\n<meta name=\"twitter:card\" content=\"summary_large_image\" \/>\n<meta name=\"twitter:label1\" content=\"Skrevet av\" \/>\n\t<meta name=\"twitter:data1\" content=\"Cecilie Tofteng\" \/>\n\t<meta name=\"twitter:label2\" content=\"Ansl. lesetid\" \/>\n\t<meta name=\"twitter:data2\" content=\"1 minutt\" \/>\n<script type=\"application\/ld+json\" class=\"yoast-schema-graph\">{\"@context\":\"https:\/\/schema.org\",\"@graph\":[{\"@type\":\"NewsArticle\",\"@id\":\"https:\/\/hoyre.no\/sigdal-og-eggedal\/aktuelt\/resultat-fra-provenominasjonen\/\",\"url\":\"https:\/\/hoyre.no\/sigdal-og-eggedal\/aktuelt\/resultat-fra-provenominasjonen\/\",\"name\":\"Resultat fra pr\u00f8venominasjonen - Sigdal og Eggedal H\u00f8yre\",\"isPartOf\":{\"@id\":\"https:\/\/hoyre.no\/sigdal-og-eggedal\/#website\"},\"datePublished\":\"2020-09-22T11:31:00+00:00\",\"dateModified\":\"2020-12-05T12:34:27+00:00\",\"author\":{\"@id\":\"https:\/\/hoyre.no\/sigdal-og-eggedal\/#\/schema\/person\/0bf433749e315dcb10f0af58dd183b2a\"},\"breadcrumb\":{\"@id\":\"https:\/\/hoyre.no\/sigdal-og-eggedal\/aktuelt\/resultat-fra-provenominasjonen\/#breadcrumb\"},\"inLanguage\":\"nb-NO\",\"potentialAction\":[{\"@type\":\"ReadAction\",\"target\":[\"https:\/\/hoyre.no\/sigdal-og-eggedal\/aktuelt\/resultat-fra-provenominasjonen\/\"]}]},{\"@type\":\"BreadcrumbList\",\"@id\":\"https:\/\/hoyre.no\/sigdal-og-eggedal\/aktuelt\/resultat-fra-provenominasjonen\/#breadcrumb\",\"itemListElement\":[{\"@type\":\"ListItem\",\"position\":1,\"name\":\"Til hoyre.no\",\"item\":\"https:\/\/hoyre.no\"},{\"@type\":\"ListItem\",\"position\":2,\"name\":\"Hjem\",\"item\":\"https:\/\/hoyre.no\/sigdal-og-eggedal\/\"},{\"@type\":\"ListItem\",\"position\":3,\"name\":\"Resultat fra pr\u00f8venominasjonen\"}]},{\"@type\":\"WebSite\",\"@id\":\"https:\/\/hoyre.no\/sigdal-og-eggedal\/#website\",\"url\":\"https:\/\/hoyre.no\/sigdal-og-eggedal\/\",\"name\":\"Sigdal og Eggedal H\u00f8yre\",\"description\":\"Bare enda et H\u00f8yres nettsteder-nettsted\",\"inLanguage\":\"nb-NO\"},{\"@type\":\"Person\",\"@id\":\"https:\/\/hoyre.no\/sigdal-og-eggedal\/#\/schema\/person\/0bf433749e315dcb10f0af58dd183b2a\",\"name\":\"Cecilie Tofteng\",\"image\":{\"@type\":\"ImageObject\",\"inLanguage\":\"nb-NO\",\"@id\":\"https:\/\/hoyre.no\/sigdal-og-eggedal\/#\/schema\/person\/image\/\",\"url\":\"https:\/\/secure.gravatar.com\/avatar\/694d56caca63f6821e9843b24b8c7aba0cb29dd0c5ef0ea904de3cebe07ae31d?s=96&d=mm&r=g\",\"contentUrl\":\"https:\/\/secure.gravatar.com\/avatar\/694d56caca63f6821e9843b24b8c7aba0cb29dd0c5ef0ea904de3cebe07ae31d?s=96&d=mm&r=g\",\"caption\":\"Cecilie Tofteng\"},\"url\":\"https:\/\/hoyre.no\/sigdal-og-eggedal\/aktuelt\/author\/m60000393\/\"}]}<\/script>\n<!-- \/ Yoast SEO plugin. -->","yoast_head_json":{"title":"Resultat fra pr\u00f8venominasjonen - Sigdal og Eggedal H\u00f8yre","robots":{"index":"index","follow":"follow","max-snippet":"max-snippet:-1","max-image-preview":"max-image-preview:large","max-video-preview":"max-video-preview:-1"},"canonical":"https:\/\/hoyre.no\/sigdal-og-eggedal\/aktuelt\/resultat-fra-provenominasjonen\/","og_locale":"nb_NO","og_type":"article","og_title":"Resultat fra pr\u00f8venominasjonen - Sigdal og Eggedal H\u00f8yre","og_url":"https:\/\/hoyre.no\/sigdal-og-eggedal\/aktuelt\/resultat-fra-provenominasjonen\/","og_site_name":"Sigdal og Eggedal H\u00f8yre","article_published_time":"2020-09-22T11:31:00+00:00","article_modified_time":"2020-12-05T12:34:27+00:00","og_image":[{"url":"https:\/\/hoyre.no\/content\/uploads\/sites\/162\/2020\/12\/img_4746_16x9-1024x576.jpg","width":"","height":"","type":""}],"author":"Cecilie Tofteng","twitter_card":"summary_large_image","twitter_misc":{"Skrevet av":"Cecilie Tofteng","Ansl. lesetid":"1 minutt"},"schema":{"@context":"https:\/\/schema.org","@graph":[{"@type":"NewsArticle","@id":"https:\/\/hoyre.no\/sigdal-og-eggedal\/aktuelt\/resultat-fra-provenominasjonen\/","url":"https:\/\/hoyre.no\/sigdal-og-eggedal\/aktuelt\/resultat-fra-provenominasjonen\/","name":"Resultat fra pr\u00f8venominasjonen - Sigdal og Eggedal H\u00f8yre","isPartOf":{"@id":"https:\/\/hoyre.no\/sigdal-og-eggedal\/#website"},"datePublished":"2020-09-22T11:31:00+00:00","dateModified":"2020-12-05T12:34:27+00:00","author":{"@id":"https:\/\/hoyre.no\/sigdal-og-eggedal\/#\/schema\/person\/0bf433749e315dcb10f0af58dd183b2a"},"breadcrumb":{"@id":"https:\/\/hoyre.no\/sigdal-og-eggedal\/aktuelt\/resultat-fra-provenominasjonen\/#breadcrumb"},"inLanguage":"nb-NO","potentialAction":[{"@type":"ReadAction","target":["https:\/\/hoyre.no\/sigdal-og-eggedal\/aktuelt\/resultat-fra-provenominasjonen\/"]}]},{"@type":"BreadcrumbList","@id":"https:\/\/hoyre.no\/sigdal-og-eggedal\/aktuelt\/resultat-fra-provenominasjonen\/#breadcrumb","itemListElement":[{"@type":"ListItem","position":1,"name":"Til hoyre.no","item":"https:\/\/hoyre.no"},{"@type":"ListItem","position":2,"name":"Hjem","item":"https:\/\/hoyre.no\/sigdal-og-eggedal\/"},{"@type":"ListItem","position":3,"name":"Resultat fra pr\u00f8venominasjonen"}]},{"@type":"WebSite","@id":"https:\/\/hoyre.no\/sigdal-og-eggedal\/#website","url":"https:\/\/hoyre.no\/sigdal-og-eggedal\/","name":"Sigdal og Eggedal H\u00f8yre","description":"Bare enda et H\u00f8yres nettsteder-nettsted","inLanguage":"nb-NO"},{"@type":"Person","@id":"https:\/\/hoyre.no\/sigdal-og-eggedal\/#\/schema\/person\/0bf433749e315dcb10f0af58dd183b2a","name":"Cecilie Tofteng","image":{"@type":"ImageObject","inLanguage":"nb-NO","@id":"https:\/\/hoyre.no\/sigdal-og-eggedal\/#\/schema\/person\/image\/","url":"https:\/\/secure.gravatar.com\/avatar\/694d56caca63f6821e9843b24b8c7aba0cb29dd0c5ef0ea904de3cebe07ae31d?s=96&d=mm&r=g","contentUrl":"https:\/\/secure.gravatar.com\/avatar\/694d56caca63f6821e9843b24b8c7aba0cb29dd0c5ef0ea904de3cebe07ae31d?s=96&d=mm&r=g","caption":"Cecilie Tofteng"},"url":"https:\/\/hoyre.no\/sigdal-og-eggedal\/aktuelt\/author\/m60000393\/"}]}},"distributor_meta":false,"distributor_terms":false,"distributor_media":false,"distributor_original_site_name":"Sigdal og Eggedal H\u00f8yre","distributor_original_site_url":"https:\/\/hoyre.no\/sigdal-og-eggedal","push-errors":false,"_links":{"self":[{"href":"https:\/\/hoyre.no\/sigdal-og-eggedal\/wp-json\/wp\/v2\/posts\/14","targetHints":{"allow":["GET"]}}],"collection":[{"href":"https:\/\/hoyre.no\/sigdal-og-eggedal\/wp-json\/wp\/v2\/posts"}],"about":[{"href":"https:\/\/hoyre.no\/sigdal-og-eggedal\/wp-json\/wp\/v2\/types\/post"}],"author":[{"embeddable":true,"href":"https:\/\/hoyre.no\/sigdal-og-eggedal\/wp-json\/wp\/v2\/users\/51320"}],"replies":[{"embeddable":true,"href":"https:\/\/hoyre.no\/sigdal-og-eggedal\/wp-json\/wp\/v2\/comments?post=14"}],"version-history":[{"count":1,"href":"https:\/\/hoyre.no\/sigdal-og-eggedal\/wp-json\/wp\/v2\/posts\/14\/revisions"}],"predecessor-version":[{"id":17,"href":"https:\/\/hoyre.no\/sigdal-og-eggedal\/wp-json\/wp\/v2\/posts\/14\/revisions\/17"}],"wp:attachment":[{"href":"https:\/\/hoyre.no\/sigdal-og-eggedal\/wp-json\/wp\/v2\/media?parent=14"}],"wp:term":[{"taxonomy":"category","embeddable":true,"href":"https:\/\/hoyre.no\/sigdal-og-eggedal\/wp-json\/wp\/v2\/category?post=14"},{"taxonomy":"post_tag","embeddable":true,"href":"https:\/\/hoyre.no\/sigdal-og-eggedal\/wp-json\/wp\/v2\/post_tag?post=14"},{"taxonomy":"hoyre-visibility","embeddable":true,"href":"https:\/\/hoyre.no\/sigdal-og-eggedal\/wp-json\/wp\/v2\/hoyre-visibility?post=14"},{"taxonomy":"article-type","embeddable":true,"href":"https:\/\/hoyre.no\/sigdal-og-eggedal\/wp-json\/wp\/v2\/article-type?post=14"},{"taxonomy":"politician","embeddable":true,"href":"https:\/\/hoyre.no\/sigdal-og-eggedal\/wp-json\/wp\/v2\/politician?post=14"}],"curies":[{"name":"wp","href":"https:\/\/api.w.org\/{rel}","templated":true}]}}