{"id":543,"date":"2025-03-17T10:31:33","date_gmt":"2025-03-17T09:31:33","guid":{"rendered":"https:\/\/hoyre.no\/skien\/?p=543"},"modified":"2025-03-17T10:31:33","modified_gmt":"2025-03-17T09:31:33","slug":"kan-vi-fa-sykefravaeret-under-kontroll","status":"publish","type":"post","link":"https:\/\/hoyre.no\/skien\/aktuelt\/kan-vi-fa-sykefravaeret-under-kontroll\/","title":{"rendered":"KAN VI F\u00c5 SYKEFRAV\u00c6RET UNDER KONTROLL?"},"content":{"rendered":"\n<p><em>Halvor Berg-Hanssen (H) bystyrerepresentant og Nestleder i utvalg for helse og velferd<\/em><\/p>\n\n\n\n<p><strong><em>Blir jeg aldri lei av \u00e5 snakke om sykefrav\u00e6ret? Nei, og det er en god grunn til det. Skien har et astronomisk h\u00f8yt sykefrav\u00e6r, langt over landsgjennomsnittet p\u00e5 5,8 %. Dette er en belastning for den sykmeldte, kollegaene, tjenestetilbudet og ikke minst kommunens \u00f8konomi.<\/em><\/strong><\/p>\n\n\n\n<p>For \u00e5 sette det i perspektiv: Skien kommunes overforbruk p\u00e5 over 140 millioner kroner hadde v\u00e6rt borte om vi hadde hatt et mer normalt sykefrav\u00e6r. Det er en utgift vi ikke kan ignorere.<\/p>\n\n\n\n<p><strong>VI M\u00c5 SE P\u00c5 \u00c5RSAKENE OG L\u00d8SNINGENE<\/strong><\/p>\n\n\n\n<p>Sykefrav\u00e6r er komplekst, men \u00e9n ting er sikkert: L\u00f8sningen er ikke bare \u00e5 ansette flere folk. Vi m\u00e5 forst\u00e5 hva som utl\u00f8ser dette frav\u00e6ret. Er det tilfeldig hvem du jobber med? Er lederne for frav\u00e6rende? Er det blitt for lett \u00e5 sykmelde seg? Vi m\u00e5 v\u00e5ge \u00e5 ta debatten.<\/p>\n\n\n\n<p><strong>GOD OPPF\u00d8LGING ER N\u00d8KKELEN<\/strong><\/p>\n\n\n\n<p>L\u00f8sningene finnes. Dette handler ikke om \u00e5 jage syke folk tilbake p\u00e5 jobb, men om \u00e5 skape en arbeidsplass hvor folk \u00f8nsker \u00e5 v\u00e6re og vet at de blir sett og ivaretatt. Fastlegene m\u00e5 ogs\u00e5 ta ansvar. Vi kan ikke ha en praksis der sykmelding blir en \u00absnarvei\u00bb til varig uf\u00f8rhet uten at andre tiltak er pr\u00f8vd. Aktivitet hjelper ofte folk tilbake i jobb.<\/p>\n\n\n\n<p>Derfor m\u00e5 vi ha tett oppf\u00f8lging, stabile team og en bedriftshelsetjeneste som er uavhengig nok til \u00e5 ivareta b\u00e5de arbeidstaker og arbeidsgiver.<\/p>\n\n\n\n<p><strong>NOEN F\u00c5R DET TIL \u2013 HVORFOR IKKE SKIEN?<\/strong><\/p>\n\n\n\n<p>I et tidligere innlegg etter bystyrem\u00f8tet 6. mars 2025 skrev jeg:<\/p>\n\n\n\n<p><em>\u00abJeg tar det hele og fulle ansvaret for Skien kommunes skyh\u00f8ye sykefrav\u00e6r. For sykefrav\u00e6r er et ledelsesansvar, og ledelsen starter hos oss politikere, vi som sitter i bystyret. Det er vi som har det overordnede ansvaret.\u00bb<\/em><\/p>\n\n\n\n<p>Det mener jeg fortsatt. Ansvaret for \u00e5 f\u00e5 ned sykefrav\u00e6ret starter hos oss politikere, men det slutter ikke der. Alle har et ansvar. Og vi vet at det er mulig \u00e5 lykkes.<\/p>\n\n\n\n<p>Bydel St. Hanshaugen i Oslo med 40.000 innbyggere, har vist vei. Med rundt 100 ansatte i hjemmetjenesten har de hatt et sykefrav\u00e6r p\u00e5 sm\u00e5tt utrolige 1,74 % i f\u00f8rste halv\u00e5r av 2024. Noen kvartaler har de til og med hatt 0 % sykefrav\u00e6r. Hvordan har de f\u00e5tt det til?<\/p>\n\n\n\n<p><strong><em>Bydelen har tatt grep:<\/em><\/strong><\/p>\n\n\n\n<ol start=\"1\" class=\"wp-block-list\">\n<li><strong>Alle ansatte snakker om hvordan sykefrav\u00e6r p\u00e5virker dem og arbeidsplassen.<\/strong><\/li>\n\n\n\n<li><strong>Det er sjefen til sjefen som tar samtalen n\u00e5r noen er sykmeldt.<\/strong><\/li>\n\n\n\n<li><strong>Hvis du er syk (f.eks. forkj\u00f8let), tilbys du administrative oppgaver istedenfor \u00e5 v\u00e6re helt borte.<\/strong><\/li>\n<\/ol>\n\n\n\n<p>Dette er enkle, men effektive grep. Og de virker over tid, det viser resultatene fra bydel St. Hanshaugen<\/p>\n\n\n\n<p><strong>INGEN QUICK FIX \u2013 VI M\u00c5 TA FELLES ANSVAR<\/strong><\/p>\n\n\n\n<p>Dette handler ikke om \u00e5 skylde p\u00e5 noen, det handler om \u00e5 ta ansvar. Arbeidsgivere, fagforeninger, fastleger og ansatte m\u00e5 alle bidra. Vi m\u00e5 skape en kultur der det er normalt \u00e5 ta vare p\u00e5 seg selv og hverandre. Sykdom er privatsak. Sykefrav\u00e6r er ikke det.<\/p>\n\n\n\n<p>Det er nok av sykdomsfaenskap, om du ikke ogs\u00e5 skal bli syk av \u00e5 g\u00e5 p\u00e5 jobb ogs\u00e5 !<\/p>\n\n\n\n<p>Vi har ikke r\u00e5d til \u00e5 la dette fortsette. Ikke for den enkelte , ikke for tjenesten og ikke for velferdssamfunnet v\u00e5rt.<\/p>\n\n\n\n\n\n\n<p><\/p>\n\n\n<div class=\"tags\">\n\t<\/div>\n<div class=\"post-footer alignfull has-background block-editor-block-list__block\" data-align=full>\n\t<div class=\"post-footer-inner\">\n\t\t<h3>Relaterte artikler<\/h3>\n\t\t<div class=\"related-content\"><div class=\"is-card-hoyre\">\n\t<div class=\"teft-card hoyre-teft-card post-teft-card\">\n\t\t<a href=\"https:\/\/hoyre.no\/skien\/aktuelt\/bli-kandidat-i-kommunevalget-2027\/\" class=\"teft-card__primary-action\">\n\n\t\t\t\t\t<div class=\"teft-card__media teft-card__media--16-9\">\n\t\t\t\t\t\t<img loading=\"lazy\" decoding=\"async\" width=\"500\" height=\"625\" src=\"https:\/\/hoyre.no\/content\/uploads\/sites\/357\/2026\/04\/672320407_1366069885555272_2553278105581354258_n.jpg\" class=\"attachment-medium_large size-medium_large\" alt=\"\" srcset=\"https:\/\/hoyre.no\/content\/uploads\/sites\/357\/2026\/04\/672320407_1366069885555272_2553278105581354258_n.jpg 500w, https:\/\/hoyre.no\/content\/uploads\/sites\/357\/2026\/04\/672320407_1366069885555272_2553278105581354258_n-240x300.jpg 240w\" sizes=\"auto, (max-width: 500px) 100vw, 500px\" \/>\t\t<\/div>\n\t\t\n\t\t\t<div class=\"teft-card__content-wrapper\">\n\t\t\t\t<div class=\"teft-card__secondary\">\n\t\t\t\t\t\n\t\t\t\t\t\t\t\t<div class=\"teft-card__meta\">\n\t\t\t\t\t\t\t\t\t<span class=\"post-date\">17. apr 2026<\/span>\n\n\t\t\t\t\t\t\t\t\t<span class=\"post-category\">Ukategorisert<\/span>\t\t\t\t\t\t\t\t<\/div>\n\t\t\t\t\t\t\t\t\t\t\t<\/div>\n\n\t\t\t\t<div class=\"teft-card__primary\">\n\t\t\t\t\t<h2 class=\"teft-card__title\">Bli kandidat i kommunevalget 2027 ?&nbsp;<span class=\"teft-card__primary-title-append\"><\/span><\/h2>\t\t\t\t<\/div>\n\t\t\t<\/div>\n\t\t<\/a>\n\t<\/div>\n\n\t<\/div><div class=\"is-card-hoyre\">\n\t<div class=\"teft-card hoyre-teft-card post-teft-card\">\n\t\t<a href=\"https:\/\/hoyre.no\/skien\/aktuelt\/forhands-nominasjon-av-ordforerkandidat\/\" class=\"teft-card__primary-action\">\n\n\t\t\t<div class=\"teft-card__media teft-card__media--16-9 no-image\"><\/div>\n\t\t\t<div class=\"teft-card__content-wrapper\">\n\t\t\t\t<div class=\"teft-card__secondary\">\n\t\t\t\t\t\n\t\t\t\t\t\t\t\t<div class=\"teft-card__meta\">\n\t\t\t\t\t\t\t\t\t<span class=\"post-date\">9. apr 2026<\/span>\n\n\t\t\t\t\t\t\t\t\t\t\t\t\t\t\t\t\t<\/div>\n\t\t\t\t\t\t\t\t\t\t\t<\/div>\n\n\t\t\t\t<div class=\"teft-card__primary\">\n\t\t\t\t\t<h2 class=\"teft-card__title\">Forh\u00e5nds nominasjon av ordf\u00f8rerkandidat.&nbsp;<span class=\"teft-card__primary-title-append\"><\/span><\/h2>\t\t\t\t<\/div>\n\t\t\t<\/div>\n\t\t<\/a>\n\t<\/div>\n\n\t<\/div><div class=\"is-card-hoyre\">\n\t<div class=\"teft-card hoyre-teft-card post-teft-card\">\n\t\t<a href=\"https:\/\/hoyre.no\/skien\/aktuelt\/kommunevalg-2027\/\" class=\"teft-card__primary-action\">\n\n\t\t\t<div class=\"teft-card__media teft-card__media--16-9 no-image\"><\/div>\n\t\t\t<div class=\"teft-card__content-wrapper\">\n\t\t\t\t<div class=\"teft-card__secondary\">\n\t\t\t\t\t\n\t\t\t\t\t\t\t\t<div class=\"teft-card__meta\">\n\t\t\t\t\t\t\t\t\t<span class=\"post-date\">16. mar 2026<\/span>\n\n\t\t\t\t\t\t\t\t\t\t\t\t\t\t\t\t\t<\/div>\n\t\t\t\t\t\t\t\t\t\t\t<\/div>\n\n\t\t\t\t<div class=\"teft-card__primary\">\n\t\t\t\t\t<h2 class=\"teft-card__title\">Valgvillige representanter 2027&nbsp;<span class=\"teft-card__primary-title-append\"><\/span><\/h2>\t\t\t\t<\/div>\n\t\t\t<\/div>\n\t\t<\/a>\n\t<\/div>\n\n\t<\/div><\/div>\t<\/div>\n<\/div>\n","protected":false},"excerpt":{"rendered":"<p>Halvor Berg-Hanssen (H) bystyrerepresentant og Nestleder i utvalg for helse og velferd Blir jeg aldri lei av \u00e5 snakke om sykefrav\u00e6ret? Nei, og det er en god grunn til det. Skien har et astronomisk h\u00f8yt sykefrav\u00e6r, langt over landsgjennomsnittet p\u00e5 5,8 %. Dette er en belastning for den sykmeldte, kollegaene, tjenestetilbudet og ikke minst kommunens [&hellip;]<\/p>\n","protected":false},"author":43298,"featured_media":0,"comment_status":"closed","ping_status":"closed","sticky":false,"template":"","format":"standard","meta":{"teft_cards_image_url":"","teft_cards_custom_pretitle":"","teft_cards_image_id":0,"teft_cards_image_focal_point_x":0,"teft_cards_image_focal_point_y":0,"teft_cards_title":"","teft_cards_excerpt":"","teft_show_chapters":false,"author_display_name":"","footnotes":""},"category":[1],"post_tag":[],"hoyre-visibility":[],"article-type":[],"politician":[],"class_list":["post-543","post","type-post","status-publish","format-standard","hentry","category-ukategorisert"],"yoast_head":"<!-- This site is optimized with the Yoast SEO plugin v26.6 - https:\/\/yoast.com\/wordpress\/plugins\/seo\/ -->\n<title>KAN VI F\u00c5 SYKEFRAV\u00c6RET UNDER KONTROLL? - Skien H\u00f8yre<\/title>\n<meta name=\"robots\" content=\"index, follow, max-snippet:-1, max-image-preview:large, max-video-preview:-1\" \/>\n<link rel=\"canonical\" href=\"https:\/\/hoyre.no\/skien\/aktuelt\/kan-vi-fa-sykefravaeret-under-kontroll\/\" \/>\n<meta property=\"og:locale\" content=\"nb_NO\" \/>\n<meta property=\"og:type\" content=\"article\" \/>\n<meta property=\"og:title\" content=\"KAN VI F\u00c5 SYKEFRAV\u00c6RET UNDER KONTROLL? - Skien H\u00f8yre\" \/>\n<meta property=\"og:description\" content=\"Halvor Berg-Hanssen (H) bystyrerepresentant og Nestleder i utvalg for helse og velferd Blir jeg aldri lei av \u00e5 snakke om sykefrav\u00e6ret? Nei, og det er en god grunn til det. Skien har et astronomisk h\u00f8yt sykefrav\u00e6r, langt over landsgjennomsnittet p\u00e5 5,8 %. Dette er en belastning for den sykmeldte, kollegaene, tjenestetilbudet og ikke minst kommunens [&hellip;]\" \/>\n<meta property=\"og:url\" content=\"https:\/\/hoyre.no\/skien\/aktuelt\/kan-vi-fa-sykefravaeret-under-kontroll\/\" \/>\n<meta property=\"og:site_name\" content=\"Skien H\u00f8yre\" \/>\n<meta property=\"article:published_time\" content=\"2025-03-17T09:31:33+00:00\" \/>\n<meta property=\"og:image\" content=\"https:\/\/hoyre.no\/content\/uploads\/sites\/357\/2022\/11\/Hoyres-logo.png\" \/>\n\t<meta property=\"og:image:width\" content=\"1000\" \/>\n\t<meta property=\"og:image:height\" content=\"1000\" \/>\n\t<meta property=\"og:image:type\" content=\"image\/png\" \/>\n<meta name=\"author\" content=\"Robin Spange\" \/>\n<meta name=\"twitter:card\" content=\"summary_large_image\" \/>\n<meta name=\"twitter:label1\" content=\"Skrevet av\" \/>\n\t<meta name=\"twitter:data1\" content=\"Robin Spange\" \/>\n\t<meta name=\"twitter:label2\" content=\"Ansl. lesetid\" \/>\n\t<meta name=\"twitter:data2\" content=\"3 minutter\" \/>\n<script type=\"application\/ld+json\" class=\"yoast-schema-graph\">{\"@context\":\"https:\/\/schema.org\",\"@graph\":[{\"@type\":\"NewsArticle\",\"@id\":\"https:\/\/hoyre.no\/skien\/aktuelt\/kan-vi-fa-sykefravaeret-under-kontroll\/\",\"url\":\"https:\/\/hoyre.no\/skien\/aktuelt\/kan-vi-fa-sykefravaeret-under-kontroll\/\",\"name\":\"KAN VI F\u00c5 SYKEFRAV\u00c6RET UNDER KONTROLL? - Skien H\u00f8yre\",\"isPartOf\":{\"@id\":\"https:\/\/hoyre.no\/skien\/#website\"},\"datePublished\":\"2025-03-17T09:31:33+00:00\",\"author\":{\"@id\":\"https:\/\/hoyre.no\/skien\/#\/schema\/person\/c86f86d845a1cd48904c41557344daaa\"},\"breadcrumb\":{\"@id\":\"https:\/\/hoyre.no\/skien\/aktuelt\/kan-vi-fa-sykefravaeret-under-kontroll\/#breadcrumb\"},\"inLanguage\":\"nb-NO\",\"potentialAction\":[{\"@type\":\"ReadAction\",\"target\":[\"https:\/\/hoyre.no\/skien\/aktuelt\/kan-vi-fa-sykefravaeret-under-kontroll\/\"]}]},{\"@type\":\"BreadcrumbList\",\"@id\":\"https:\/\/hoyre.no\/skien\/aktuelt\/kan-vi-fa-sykefravaeret-under-kontroll\/#breadcrumb\",\"itemListElement\":[{\"@type\":\"ListItem\",\"position\":1,\"name\":\"Til hoyre.no\",\"item\":\"https:\/\/hoyre.no\"},{\"@type\":\"ListItem\",\"position\":2,\"name\":\"Hjem\",\"item\":\"https:\/\/hoyre.no\/skien\/\"},{\"@type\":\"ListItem\",\"position\":3,\"name\":\"KAN VI F\u00c5 SYKEFRAV\u00c6RET UNDER KONTROLL?\"}]},{\"@type\":\"WebSite\",\"@id\":\"https:\/\/hoyre.no\/skien\/#website\",\"url\":\"https:\/\/hoyre.no\/skien\/\",\"name\":\"Skien H\u00f8yre\",\"description\":\"Bare enda et H\u00f8yres nettsteder-nettsted\",\"inLanguage\":\"nb-NO\"},{\"@type\":\"Person\",\"@id\":\"https:\/\/hoyre.no\/skien\/#\/schema\/person\/c86f86d845a1cd48904c41557344daaa\",\"name\":\"Robin Spange\",\"image\":{\"@type\":\"ImageObject\",\"inLanguage\":\"nb-NO\",\"@id\":\"https:\/\/hoyre.no\/skien\/#\/schema\/person\/image\/\",\"url\":\"https:\/\/secure.gravatar.com\/avatar\/3a8d7b7c6b785cf3bb5c6734e2eb443480687e3227b66ee31967502ab5153374?s=96&d=mm&r=g\",\"contentUrl\":\"https:\/\/secure.gravatar.com\/avatar\/3a8d7b7c6b785cf3bb5c6734e2eb443480687e3227b66ee31967502ab5153374?s=96&d=mm&r=g\",\"caption\":\"Robin Spange\"},\"url\":\"https:\/\/hoyre.no\/skien\/aktuelt\/author\/m52221280\/\"}]}<\/script>\n<!-- \/ Yoast SEO plugin. -->","yoast_head_json":{"title":"KAN VI F\u00c5 SYKEFRAV\u00c6RET UNDER KONTROLL? - Skien H\u00f8yre","robots":{"index":"index","follow":"follow","max-snippet":"max-snippet:-1","max-image-preview":"max-image-preview:large","max-video-preview":"max-video-preview:-1"},"canonical":"https:\/\/hoyre.no\/skien\/aktuelt\/kan-vi-fa-sykefravaeret-under-kontroll\/","og_locale":"nb_NO","og_type":"article","og_title":"KAN VI F\u00c5 SYKEFRAV\u00c6RET UNDER KONTROLL? - Skien H\u00f8yre","og_description":"Halvor Berg-Hanssen (H) bystyrerepresentant og Nestleder i utvalg for helse og velferd Blir jeg aldri lei av \u00e5 snakke om sykefrav\u00e6ret? Nei, og det er en god grunn til det. Skien har et astronomisk h\u00f8yt sykefrav\u00e6r, langt over landsgjennomsnittet p\u00e5 5,8 %. Dette er en belastning for den sykmeldte, kollegaene, tjenestetilbudet og ikke minst kommunens [&hellip;]","og_url":"https:\/\/hoyre.no\/skien\/aktuelt\/kan-vi-fa-sykefravaeret-under-kontroll\/","og_site_name":"Skien H\u00f8yre","article_published_time":"2025-03-17T09:31:33+00:00","og_image":[{"width":1000,"height":1000,"url":"https:\/\/hoyre.no\/content\/uploads\/sites\/357\/2022\/11\/Hoyres-logo.png","type":"image\/png"}],"author":"Robin Spange","twitter_card":"summary_large_image","twitter_misc":{"Skrevet av":"Robin Spange","Ansl. lesetid":"3 minutter"},"schema":{"@context":"https:\/\/schema.org","@graph":[{"@type":"NewsArticle","@id":"https:\/\/hoyre.no\/skien\/aktuelt\/kan-vi-fa-sykefravaeret-under-kontroll\/","url":"https:\/\/hoyre.no\/skien\/aktuelt\/kan-vi-fa-sykefravaeret-under-kontroll\/","name":"KAN VI F\u00c5 SYKEFRAV\u00c6RET UNDER KONTROLL? - Skien H\u00f8yre","isPartOf":{"@id":"https:\/\/hoyre.no\/skien\/#website"},"datePublished":"2025-03-17T09:31:33+00:00","author":{"@id":"https:\/\/hoyre.no\/skien\/#\/schema\/person\/c86f86d845a1cd48904c41557344daaa"},"breadcrumb":{"@id":"https:\/\/hoyre.no\/skien\/aktuelt\/kan-vi-fa-sykefravaeret-under-kontroll\/#breadcrumb"},"inLanguage":"nb-NO","potentialAction":[{"@type":"ReadAction","target":["https:\/\/hoyre.no\/skien\/aktuelt\/kan-vi-fa-sykefravaeret-under-kontroll\/"]}]},{"@type":"BreadcrumbList","@id":"https:\/\/hoyre.no\/skien\/aktuelt\/kan-vi-fa-sykefravaeret-under-kontroll\/#breadcrumb","itemListElement":[{"@type":"ListItem","position":1,"name":"Til hoyre.no","item":"https:\/\/hoyre.no"},{"@type":"ListItem","position":2,"name":"Hjem","item":"https:\/\/hoyre.no\/skien\/"},{"@type":"ListItem","position":3,"name":"KAN VI F\u00c5 SYKEFRAV\u00c6RET UNDER KONTROLL?"}]},{"@type":"WebSite","@id":"https:\/\/hoyre.no\/skien\/#website","url":"https:\/\/hoyre.no\/skien\/","name":"Skien H\u00f8yre","description":"Bare enda et H\u00f8yres nettsteder-nettsted","inLanguage":"nb-NO"},{"@type":"Person","@id":"https:\/\/hoyre.no\/skien\/#\/schema\/person\/c86f86d845a1cd48904c41557344daaa","name":"Robin Spange","image":{"@type":"ImageObject","inLanguage":"nb-NO","@id":"https:\/\/hoyre.no\/skien\/#\/schema\/person\/image\/","url":"https:\/\/secure.gravatar.com\/avatar\/3a8d7b7c6b785cf3bb5c6734e2eb443480687e3227b66ee31967502ab5153374?s=96&d=mm&r=g","contentUrl":"https:\/\/secure.gravatar.com\/avatar\/3a8d7b7c6b785cf3bb5c6734e2eb443480687e3227b66ee31967502ab5153374?s=96&d=mm&r=g","caption":"Robin Spange"},"url":"https:\/\/hoyre.no\/skien\/aktuelt\/author\/m52221280\/"}]}},"distributor_meta":false,"distributor_terms":false,"distributor_media":false,"distributor_original_site_name":"Skien H\u00f8yre","distributor_original_site_url":"https:\/\/hoyre.no\/skien","push-errors":false,"_links":{"self":[{"href":"https:\/\/hoyre.no\/skien\/wp-json\/wp\/v2\/posts\/543","targetHints":{"allow":["GET"]}}],"collection":[{"href":"https:\/\/hoyre.no\/skien\/wp-json\/wp\/v2\/posts"}],"about":[{"href":"https:\/\/hoyre.no\/skien\/wp-json\/wp\/v2\/types\/post"}],"author":[{"embeddable":true,"href":"https:\/\/hoyre.no\/skien\/wp-json\/wp\/v2\/users\/43298"}],"replies":[{"embeddable":true,"href":"https:\/\/hoyre.no\/skien\/wp-json\/wp\/v2\/comments?post=543"}],"version-history":[{"count":2,"href":"https:\/\/hoyre.no\/skien\/wp-json\/wp\/v2\/posts\/543\/revisions"}],"predecessor-version":[{"id":548,"href":"https:\/\/hoyre.no\/skien\/wp-json\/wp\/v2\/posts\/543\/revisions\/548"}],"wp:attachment":[{"href":"https:\/\/hoyre.no\/skien\/wp-json\/wp\/v2\/media?parent=543"}],"wp:term":[{"taxonomy":"category","embeddable":true,"href":"https:\/\/hoyre.no\/skien\/wp-json\/wp\/v2\/category?post=543"},{"taxonomy":"post_tag","embeddable":true,"href":"https:\/\/hoyre.no\/skien\/wp-json\/wp\/v2\/post_tag?post=543"},{"taxonomy":"hoyre-visibility","embeddable":true,"href":"https:\/\/hoyre.no\/skien\/wp-json\/wp\/v2\/hoyre-visibility?post=543"},{"taxonomy":"article-type","embeddable":true,"href":"https:\/\/hoyre.no\/skien\/wp-json\/wp\/v2\/article-type?post=543"},{"taxonomy":"politician","embeddable":true,"href":"https:\/\/hoyre.no\/skien\/wp-json\/wp\/v2\/politician?post=543"}],"curies":[{"name":"wp","href":"https:\/\/api.w.org\/{rel}","templated":true}]}}