{"id":594,"date":"2026-03-03T15:25:47","date_gmt":"2026-03-03T14:25:47","guid":{"rendered":"https:\/\/hoyre.no\/skien\/?p=594"},"modified":"2026-03-06T13:56:37","modified_gmt":"2026-03-06T12:56:37","slug":"respekt-for-demokratiet-det-begynner-med-meg-selv","status":"publish","type":"post","link":"https:\/\/hoyre.no\/skien\/aktuelt\/respekt-for-demokratiet-det-begynner-med-meg-selv\/","title":{"rendered":"Respekt for demokratiet, det begynner med meg selv"},"content":{"rendered":"\n<p class=\"preamble\"><br>Torsdag 5. mars samles vi igjen til bystyrem\u00f8te i Skien. I arbeidet med sakene til dette m\u00f8tet har jeg gjort meg noen refleksjoner. Ikke f\u00f8rst og fremst om innholdet i sakene, men om hvordan vi som folkevalgte m\u00f8ter hverandre n\u00e5r vi skal behandle dem.<br><br><\/p>\t\t\t<div class=\"post-meta wp-block teft-byline-wrapper\">\n\t\t\t\t<div class=\"top\">\n\t\t\t\t\t<div class=\"signature\">\n\t\t\t\t\t\t<div class=\"teft-byline\">\n\t\t\t\t\t\t\t<div class=\"teft-card__media circle-crop\"><img decoding=\"async\" loading=\"lazy\" width=\"500\" height=\"500\" src=\"https:\/\/res.cloudinary.com\/hoyre\/image\/upload\/c_thumb,g_face:center,h_500,w_500,d_defaultprofileimg3.jpg,fl_lossy,f_auto\/w_500\/v20230420\/1801240.jpg\" style=\"background-position:50% 50%;\" alt=\"Halvor Berg-Hanssen\" \/><\/div>\t\t\t\t\t\t\t<div>\n\t\t\t\t\t\t\t\t<h3><a href=\"https:\/\/hoyre.no\/personprofiler\/halvor-berg-hanssen\/\">Halvor Berg-Hanssen<\/a><\/h3>\t\t\t\t\t\t\t\t\t\t\t\t\t\t\t\t\t<span class=\"position\">Representant<\/span>\n\t\t\t\t\t\t\t\t\n\t\t\t\t\t\t\t\t\t\t\t\t\t\t\t\t\t<span class=\"date\">Sist oppdatert: 6. mars 2026<\/span>\n\t\t\t\t\t\t\t\t\t\t\t\t\t\t\t\t\t\t\t\t\t\t\t\t\t<span class=\"reading-time\" itemprop=\"timeRequired\" content=\"PT4M\"><em>Ca. 4 minutter lesetid<\/em><\/span>\n\t\t\t\t\t\t\t\t\t\t\t\t\t\t\t<\/div>\n\t\t\t\t\t\t<\/div>\n\t\t\t\t\t<\/div>\n\t\t\t\t\t\t<div class=\"sharing\">\n\t\t<a class=\"share-button share-link copy-link\" data-copy=\"https:\/\/hoyre.no\/skien\/aktuelt\/respekt-for-demokratiet-det-begynner-med-meg-selv\/\" target=\"_blank\"><span class=\"screen-reader-text\">Del link<\/span><\/a>\n\t\t<a class=\"share-button share-twitter\" href=\"http:\/\/twitter.com\/share?text=Respekt for demokratiet, det begynner med meg selv&#038;url=https:\/\/hoyre.no\/skien\/aktuelt\/respekt-for-demokratiet-det-begynner-med-meg-selv\/&#038;hashtags=Hoyre\" target=\"_blank\"><span class=\"screen-reader-text\">Del p\u00e5 twitter<\/span><\/a>\n\t\t<a class=\"share-button share-facebook\" href=\"https:\/\/www.facebook.com\/sharer\/sharer.php?u=https:\/\/hoyre.no\/skien\/aktuelt\/respekt-for-demokratiet-det-begynner-med-meg-selv\/\" target=\"_blank\"><span class=\"screen-reader-text\">Del p\u00e5 facebook<\/span><\/a>\n\t<\/div>\n\t\t\t\t\t<\/div>\n\t\t\t<\/div>\n\n\t\t\t\n\n\n<div class=\"wp-block-media-text is-stacked-on-mobile is-image-fill-element\"><figure class=\"wp-block-media-text__media\"><img loading=\"lazy\" decoding=\"async\" width=\"1024\" height=\"682\" src=\"https:\/\/hoyre.no\/content\/uploads\/sites\/357\/2026\/03\/Halvor-2-1024x682.jpg\" alt=\"Halvor Berg-Hanssen\" class=\"wp-image-595 size-full\" style=\"object-position:50% 50%\" srcset=\"https:\/\/hoyre.no\/content\/uploads\/sites\/357\/2026\/03\/Halvor-2-1024x682.jpg 1024w, https:\/\/hoyre.no\/content\/uploads\/sites\/357\/2026\/03\/Halvor-2-300x200.jpg 300w, https:\/\/hoyre.no\/content\/uploads\/sites\/357\/2026\/03\/Halvor-2-768x511.jpg 768w, https:\/\/hoyre.no\/content\/uploads\/sites\/357\/2026\/03\/Halvor-2.jpg 1200w\" sizes=\"auto, (max-width: 1024px) 100vw, 1024px\" \/><\/figure><div class=\"wp-block-media-text__content\">\n<p>Jeg har v\u00e6rt en del av bystyret siden 2007. Fast representant siden 2011. Det er snart to ti\u00e5r i demokratiets f\u00f8rstelinje.<\/p>\n\n\n\n<p>I l\u00f8pet av disse \u00e5rene har jeg sett en gradvis forflytning i hvordan vi snakker til, med og om hverandre. Retorikken har blitt skarpere. Debatten hardere. Terskelen lavere for \u00e5 tillegge hverandre motiver og h\u00f8yere for \u00e5 vise raushet.<\/p>\n\n\n\n<p>Det bekymrer meg.<\/p>\n<\/div><\/div>\n\n\n\n\n\n<p>Vi m\u00e5 kunne diskutere alt, ogs\u00e5 det som er vanskelig, krevende og konfliktfylt. Det er selve kjernen i politikken. Men hvordan vi diskuterer betyr noe. Respekt, anstendighet og \u00abinnestemme\u00bb er ikke svakhet. Det er styrke i et demokrati.<\/p>\n\n\n\n<p>N\u00e5r bystyresalen, et h\u00f8ytidelig rom for forvaltning av fellesskapets makt, begynner \u00e5 ligne et realityshow der m\u00e5let er \u00e5 \u00abvinne\u00bb over motstanderen, da mister vi noe. Ikke bare i form. Men i innhold. Lokalt ligger \u00aball makt i denne sal\u00bb. Det forplikter.<\/p>\n\n\n\n<p>Det forplikter posisjonen til \u00e5 m\u00f8te opposisjonen med respekt. Det forplikter opposisjonen til \u00e5 v\u00e6re tydelig, men ogs\u00e5 til \u00e5 akseptere flertallets beslutninger n\u00e5r voteringen er over. Uenighet er demokratiets drivkraft. Mistenkeliggj\u00f8ring er dets erosjon. Vi snakker ofte om \u00e5 bekjempe mobbing. Vi advarer mot netthat og polarisering. Men vi kan ikke kreve en annen standard i samfunnet enn den vi selv viser fra talerstolen.<\/p>\n\n\n\n<p>Og det begynner med meg selv. Liker jeg det jeg ser, n\u00e5r jeg ser meg selv i speilet? Har jeg v\u00e6rt skarpere enn n\u00f8dvendig? Har jeg alltid holdt meg til sak og unng\u00e5tt \u00ab\u00e5 ta\u00bb personen? Behandler jeg mine 54 bystyrekolleger med den respekten de ikke bare fortjener, men skal ha?<\/p>\n\n\n\n<p>Jeg er et menneske som gj\u00f8r feil. Det betyr ikke at jeg er uegnet. Det betyr at jeg m\u00e5 v\u00e6re villig til korreksjon. Politisk h\u00e5ndverk handler ikke om \u00e5 ha rett hele tiden. Det handler om \u00e5 s\u00f8ke det som er rett. Det handler om \u00e5 kunne st\u00e5 i uenighet uten \u00e5 gj\u00f8re motstanderen til fiende. Vi er valgt av innbyggerne. Vi forvalter deres tillit. Den tilliten er ikke v\u00e5r eiendom. Den er l\u00e5nt. Og den kan tas tilbake.<\/p>\n\n\n\n<p><strong>Hvordan tror vi unge mennesker opplever politikken n\u00e5r de ser hvordan vi av og til behandler hverandre?<\/strong><\/p>\n\n\n\n<p>Hvordan skal vi inspirere neste generasjon til \u00e5 engasjere seg i lokaldemokratiet dersom de opplever at arenaen preges mer av konfrontasjon enn av konstruktivitet? Skal vi ha et levende demokrati ogs\u00e5 i fremtiden, m\u00e5 vi vise at det er mulig \u00e5 v\u00e6re tydelig uten \u00e5 v\u00e6re nedlatende.<\/p>\n\n\n\n<p>Uenig uten \u00e5 v\u00e6re usaklig. Prinsipiell uten \u00e5 v\u00e6re personlig. \u00c5 si ja til et politisk verv er \u00e5 si ja til mer enn en rolle. Det er \u00e5 si ja til ansvar. Til lange kvelder, tid borte fra familie og venner. Til krevende saker. Til kritikk. Til motvind. B\u00e5de i posisjon og i opposisjon hviler det et stort ansvar.<\/p>\n\n\n\n<p>Begge rollene er n\u00f8dvendige for at demokratiet skal virke. N\u00e5r voteringen er over, skal arbeidet fortsette, til beste for de samme innbyggerne. Bystyresalen skal ikke v\u00e6re underholdningsteater. Den skal v\u00e6re en trygg arena for 55 representanter som, uansett parti, er valgt for \u00e5 tjene det samme fellesskapet. Vi m\u00e5 kunne v\u00e6re tydelig uenige uten \u00e5 redusere hverandre.<\/p>\n\n\n\n<p>Vi m\u00e5 t\u00e5le motstand uten \u00e5 svare med forakt. Vi m\u00e5 forvente mer av oss selv enn det vi tillater oss i v\u00e5rt private l\u00f8nnkammer.<\/p>\n\n\n\n<p>Om vi politikere mangler respekt for hverandre, hvordan skal vi da vinne respekt for arbeidet vi gj\u00f8r?<\/p>\n\n\n\n<p>Om halvannet \u00e5r g\u00e5r vi igjen til valg. Lokaldemokratiet er stedet der politiske beslutninger blir virkelighet i folks hverdag, i skolene, i helse- og omsorgstjenestene og i n\u00e6rmilj\u00f8ene v\u00e5re. La oss bruke tiden frem mot det valget til \u00e5 styrke respekten for demokratiet. Ikke gjennom mindre tydelighet. Ikke gjennom mindre debatt. Men gjennom st\u00f8rre bevissthet om hvordan vi opptrer overfor hverandre.<\/p>\n\n\n\n<p><strong>Demokratiet trenger ikke flere vinnere. Det trenger flere ansvarlige.<\/strong><\/p>\n\n\n<div class=\"tags\">\n\t<\/div>\n<div class=\"post-footer alignfull has-background block-editor-block-list__block\" data-align=full>\n\t<div class=\"post-footer-inner\">\n\t\t<h3>Relaterte artikler<\/h3>\n\t\t<div class=\"related-content\"><div class=\"is-card-hoyre\">\n\t<div class=\"teft-card hoyre-teft-card post-teft-card\">\n\t\t<a href=\"https:\/\/hoyre.no\/skien\/aktuelt\/bli-kandidat-i-kommunevalget-2027\/\" class=\"teft-card__primary-action\">\n\n\t\t\t\t\t<div class=\"teft-card__media teft-card__media--16-9\">\n\t\t\t\t\t\t<img loading=\"lazy\" decoding=\"async\" width=\"500\" height=\"625\" src=\"https:\/\/hoyre.no\/content\/uploads\/sites\/357\/2026\/04\/672320407_1366069885555272_2553278105581354258_n.jpg\" class=\"attachment-medium_large size-medium_large\" alt=\"\" srcset=\"https:\/\/hoyre.no\/content\/uploads\/sites\/357\/2026\/04\/672320407_1366069885555272_2553278105581354258_n.jpg 500w, https:\/\/hoyre.no\/content\/uploads\/sites\/357\/2026\/04\/672320407_1366069885555272_2553278105581354258_n-240x300.jpg 240w\" sizes=\"auto, (max-width: 500px) 100vw, 500px\" \/>\t\t<\/div>\n\t\t\n\t\t\t<div class=\"teft-card__content-wrapper\">\n\t\t\t\t<div class=\"teft-card__secondary\">\n\t\t\t\t\t\n\t\t\t\t\t\t\t\t<div class=\"teft-card__meta\">\n\t\t\t\t\t\t\t\t\t<span class=\"post-date\">17. apr 2026<\/span>\n\n\t\t\t\t\t\t\t\t\t<span class=\"post-category\">Ukategorisert<\/span>\t\t\t\t\t\t\t\t<\/div>\n\t\t\t\t\t\t\t\t\t\t\t<\/div>\n\n\t\t\t\t<div class=\"teft-card__primary\">\n\t\t\t\t\t<h2 class=\"teft-card__title\">Bli kandidat i kommunevalget 2027 ?&nbsp;<span class=\"teft-card__primary-title-append\"><\/span><\/h2>\t\t\t\t<\/div>\n\t\t\t<\/div>\n\t\t<\/a>\n\t<\/div>\n\n\t<\/div><div class=\"is-card-hoyre\">\n\t<div class=\"teft-card hoyre-teft-card post-teft-card\">\n\t\t<a href=\"https:\/\/hoyre.no\/skien\/aktuelt\/forhands-nominasjon-av-ordforerkandidat\/\" class=\"teft-card__primary-action\">\n\n\t\t\t<div class=\"teft-card__media teft-card__media--16-9 no-image\"><\/div>\n\t\t\t<div class=\"teft-card__content-wrapper\">\n\t\t\t\t<div class=\"teft-card__secondary\">\n\t\t\t\t\t\n\t\t\t\t\t\t\t\t<div class=\"teft-card__meta\">\n\t\t\t\t\t\t\t\t\t<span class=\"post-date\">9. apr 2026<\/span>\n\n\t\t\t\t\t\t\t\t\t\t\t\t\t\t\t\t\t<\/div>\n\t\t\t\t\t\t\t\t\t\t\t<\/div>\n\n\t\t\t\t<div class=\"teft-card__primary\">\n\t\t\t\t\t<h2 class=\"teft-card__title\">Forh\u00e5nds nominasjon av ordf\u00f8rerkandidat.&nbsp;<span class=\"teft-card__primary-title-append\"><\/span><\/h2>\t\t\t\t<\/div>\n\t\t\t<\/div>\n\t\t<\/a>\n\t<\/div>\n\n\t<\/div><div class=\"is-card-hoyre\">\n\t<div class=\"teft-card hoyre-teft-card post-teft-card\">\n\t\t<a href=\"https:\/\/hoyre.no\/skien\/aktuelt\/kommunevalg-2027\/\" class=\"teft-card__primary-action\">\n\n\t\t\t<div class=\"teft-card__media teft-card__media--16-9 no-image\"><\/div>\n\t\t\t<div class=\"teft-card__content-wrapper\">\n\t\t\t\t<div class=\"teft-card__secondary\">\n\t\t\t\t\t\n\t\t\t\t\t\t\t\t<div class=\"teft-card__meta\">\n\t\t\t\t\t\t\t\t\t<span class=\"post-date\">16. mar 2026<\/span>\n\n\t\t\t\t\t\t\t\t\t\t\t\t\t\t\t\t\t<\/div>\n\t\t\t\t\t\t\t\t\t\t\t<\/div>\n\n\t\t\t\t<div class=\"teft-card__primary\">\n\t\t\t\t\t<h2 class=\"teft-card__title\">Valgvillige representanter 2027&nbsp;<span class=\"teft-card__primary-title-append\"><\/span><\/h2>\t\t\t\t<\/div>\n\t\t\t<\/div>\n\t\t<\/a>\n\t<\/div>\n\n\t<\/div><\/div>\t<\/div>\n<\/div>\n","protected":false},"excerpt":{"rendered":"","protected":false},"author":43298,"featured_media":0,"comment_status":"closed","ping_status":"closed","sticky":false,"template":"","format":"standard","meta":{"teft_cards_image_url":"","teft_cards_custom_pretitle":"","teft_cards_image_id":446,"teft_cards_image_focal_point_x":0.5,"teft_cards_image_focal_point_y":0.5,"teft_cards_title":"","teft_cards_excerpt":"","teft_show_chapters":false,"author_display_name":"","footnotes":""},"category":[4],"post_tag":[],"hoyre-visibility":[],"article-type":[],"politician":[],"class_list":["post-594","post","type-post","status-publish","format-standard","hentry","category-bystyret-i-skien"],"yoast_head":"<!-- This site is optimized with the Yoast SEO plugin v26.6 - https:\/\/yoast.com\/wordpress\/plugins\/seo\/ -->\n<title>Respekt for demokratiet, det begynner med meg selv - Skien H\u00f8yre<\/title>\n<meta name=\"robots\" content=\"index, follow, max-snippet:-1, max-image-preview:large, max-video-preview:-1\" \/>\n<link rel=\"canonical\" href=\"https:\/\/hoyre.no\/skien\/aktuelt\/respekt-for-demokratiet-det-begynner-med-meg-selv\/\" \/>\n<meta property=\"og:locale\" content=\"nb_NO\" \/>\n<meta property=\"og:type\" content=\"article\" \/>\n<meta property=\"og:title\" content=\"Respekt for demokratiet, det begynner med meg selv - Skien H\u00f8yre\" \/>\n<meta property=\"og:url\" content=\"https:\/\/hoyre.no\/skien\/aktuelt\/respekt-for-demokratiet-det-begynner-med-meg-selv\/\" \/>\n<meta property=\"og:site_name\" content=\"Skien H\u00f8yre\" \/>\n<meta property=\"article:published_time\" content=\"2026-03-03T14:25:47+00:00\" \/>\n<meta property=\"article:modified_time\" content=\"2026-03-06T12:56:37+00:00\" \/>\n<meta property=\"og:image\" content=\"https:\/\/hoyre.no\/content\/uploads\/sites\/357\/2026\/03\/Halvor-2-1024x682.jpg\" \/>\n<meta name=\"author\" content=\"Robin Spange\" \/>\n<meta name=\"twitter:card\" content=\"summary_large_image\" \/>\n<meta name=\"twitter:label1\" content=\"Skrevet av\" \/>\n\t<meta name=\"twitter:data1\" content=\"Robin Spange\" \/>\n\t<meta name=\"twitter:label2\" content=\"Ansl. lesetid\" \/>\n\t<meta name=\"twitter:data2\" content=\"4 minutter\" \/>\n<script type=\"application\/ld+json\" class=\"yoast-schema-graph\">{\"@context\":\"https:\/\/schema.org\",\"@graph\":[{\"@type\":\"NewsArticle\",\"@id\":\"https:\/\/hoyre.no\/skien\/aktuelt\/respekt-for-demokratiet-det-begynner-med-meg-selv\/\",\"url\":\"https:\/\/hoyre.no\/skien\/aktuelt\/respekt-for-demokratiet-det-begynner-med-meg-selv\/\",\"name\":\"Respekt for demokratiet, det begynner med meg selv - Skien H\u00f8yre\",\"isPartOf\":{\"@id\":\"https:\/\/hoyre.no\/skien\/#website\"},\"image\":{\"@id\":\"https:\/\/hoyre.no\/skien\/aktuelt\/respekt-for-demokratiet-det-begynner-med-meg-selv\/#primaryimage\"},\"thumbnailUrl\":\"https:\/\/hoyre.no\/content\/uploads\/sites\/357\/2026\/03\/Halvor-2-1024x682.jpg\",\"datePublished\":\"2026-03-03T14:25:47+00:00\",\"dateModified\":\"2026-03-06T12:56:37+00:00\",\"author\":{\"@id\":\"https:\/\/hoyre.no\/skien\/#\/schema\/person\/c86f86d845a1cd48904c41557344daaa\"},\"breadcrumb\":{\"@id\":\"https:\/\/hoyre.no\/skien\/aktuelt\/respekt-for-demokratiet-det-begynner-med-meg-selv\/#breadcrumb\"},\"inLanguage\":\"nb-NO\",\"potentialAction\":[{\"@type\":\"ReadAction\",\"target\":[\"https:\/\/hoyre.no\/skien\/aktuelt\/respekt-for-demokratiet-det-begynner-med-meg-selv\/\"]}]},{\"@type\":\"ImageObject\",\"inLanguage\":\"nb-NO\",\"@id\":\"https:\/\/hoyre.no\/skien\/aktuelt\/respekt-for-demokratiet-det-begynner-med-meg-selv\/#primaryimage\",\"url\":\"https:\/\/hoyre.no\/content\/uploads\/sites\/357\/2026\/03\/Halvor-2-1024x682.jpg\",\"contentUrl\":\"https:\/\/hoyre.no\/content\/uploads\/sites\/357\/2026\/03\/Halvor-2-1024x682.jpg\"},{\"@type\":\"BreadcrumbList\",\"@id\":\"https:\/\/hoyre.no\/skien\/aktuelt\/respekt-for-demokratiet-det-begynner-med-meg-selv\/#breadcrumb\",\"itemListElement\":[{\"@type\":\"ListItem\",\"position\":1,\"name\":\"Til hoyre.no\",\"item\":\"https:\/\/hoyre.no\"},{\"@type\":\"ListItem\",\"position\":2,\"name\":\"Hjem\",\"item\":\"https:\/\/hoyre.no\/skien\/\"},{\"@type\":\"ListItem\",\"position\":3,\"name\":\"Respekt for demokratiet, det begynner med meg selv\"}]},{\"@type\":\"WebSite\",\"@id\":\"https:\/\/hoyre.no\/skien\/#website\",\"url\":\"https:\/\/hoyre.no\/skien\/\",\"name\":\"Skien H\u00f8yre\",\"description\":\"Bare enda et H\u00f8yres nettsteder-nettsted\",\"inLanguage\":\"nb-NO\"},{\"@type\":\"Person\",\"@id\":\"https:\/\/hoyre.no\/skien\/#\/schema\/person\/c86f86d845a1cd48904c41557344daaa\",\"name\":\"Robin Spange\",\"image\":{\"@type\":\"ImageObject\",\"inLanguage\":\"nb-NO\",\"@id\":\"https:\/\/hoyre.no\/skien\/#\/schema\/person\/image\/\",\"url\":\"https:\/\/secure.gravatar.com\/avatar\/3a8d7b7c6b785cf3bb5c6734e2eb443480687e3227b66ee31967502ab5153374?s=96&d=mm&r=g\",\"contentUrl\":\"https:\/\/secure.gravatar.com\/avatar\/3a8d7b7c6b785cf3bb5c6734e2eb443480687e3227b66ee31967502ab5153374?s=96&d=mm&r=g\",\"caption\":\"Robin Spange\"},\"url\":\"https:\/\/hoyre.no\/skien\/aktuelt\/author\/m52221280\/\"}]}<\/script>\n<!-- \/ Yoast SEO plugin. -->","yoast_head_json":{"title":"Respekt for demokratiet, det begynner med meg selv - Skien H\u00f8yre","robots":{"index":"index","follow":"follow","max-snippet":"max-snippet:-1","max-image-preview":"max-image-preview:large","max-video-preview":"max-video-preview:-1"},"canonical":"https:\/\/hoyre.no\/skien\/aktuelt\/respekt-for-demokratiet-det-begynner-med-meg-selv\/","og_locale":"nb_NO","og_type":"article","og_title":"Respekt for demokratiet, det begynner med meg selv - Skien H\u00f8yre","og_url":"https:\/\/hoyre.no\/skien\/aktuelt\/respekt-for-demokratiet-det-begynner-med-meg-selv\/","og_site_name":"Skien H\u00f8yre","article_published_time":"2026-03-03T14:25:47+00:00","article_modified_time":"2026-03-06T12:56:37+00:00","og_image":[{"url":"https:\/\/hoyre.no\/content\/uploads\/sites\/357\/2026\/03\/Halvor-2-1024x682.jpg","type":"","width":"","height":""}],"author":"Robin Spange","twitter_card":"summary_large_image","twitter_misc":{"Skrevet av":"Robin Spange","Ansl. lesetid":"4 minutter"},"schema":{"@context":"https:\/\/schema.org","@graph":[{"@type":"NewsArticle","@id":"https:\/\/hoyre.no\/skien\/aktuelt\/respekt-for-demokratiet-det-begynner-med-meg-selv\/","url":"https:\/\/hoyre.no\/skien\/aktuelt\/respekt-for-demokratiet-det-begynner-med-meg-selv\/","name":"Respekt for demokratiet, det begynner med meg selv - Skien H\u00f8yre","isPartOf":{"@id":"https:\/\/hoyre.no\/skien\/#website"},"image":{"@id":"https:\/\/hoyre.no\/skien\/aktuelt\/respekt-for-demokratiet-det-begynner-med-meg-selv\/#primaryimage"},"thumbnailUrl":"https:\/\/hoyre.no\/content\/uploads\/sites\/357\/2026\/03\/Halvor-2-1024x682.jpg","datePublished":"2026-03-03T14:25:47+00:00","dateModified":"2026-03-06T12:56:37+00:00","author":{"@id":"https:\/\/hoyre.no\/skien\/#\/schema\/person\/c86f86d845a1cd48904c41557344daaa"},"breadcrumb":{"@id":"https:\/\/hoyre.no\/skien\/aktuelt\/respekt-for-demokratiet-det-begynner-med-meg-selv\/#breadcrumb"},"inLanguage":"nb-NO","potentialAction":[{"@type":"ReadAction","target":["https:\/\/hoyre.no\/skien\/aktuelt\/respekt-for-demokratiet-det-begynner-med-meg-selv\/"]}]},{"@type":"ImageObject","inLanguage":"nb-NO","@id":"https:\/\/hoyre.no\/skien\/aktuelt\/respekt-for-demokratiet-det-begynner-med-meg-selv\/#primaryimage","url":"https:\/\/hoyre.no\/content\/uploads\/sites\/357\/2026\/03\/Halvor-2-1024x682.jpg","contentUrl":"https:\/\/hoyre.no\/content\/uploads\/sites\/357\/2026\/03\/Halvor-2-1024x682.jpg"},{"@type":"BreadcrumbList","@id":"https:\/\/hoyre.no\/skien\/aktuelt\/respekt-for-demokratiet-det-begynner-med-meg-selv\/#breadcrumb","itemListElement":[{"@type":"ListItem","position":1,"name":"Til hoyre.no","item":"https:\/\/hoyre.no"},{"@type":"ListItem","position":2,"name":"Hjem","item":"https:\/\/hoyre.no\/skien\/"},{"@type":"ListItem","position":3,"name":"Respekt for demokratiet, det begynner med meg selv"}]},{"@type":"WebSite","@id":"https:\/\/hoyre.no\/skien\/#website","url":"https:\/\/hoyre.no\/skien\/","name":"Skien H\u00f8yre","description":"Bare enda et H\u00f8yres nettsteder-nettsted","inLanguage":"nb-NO"},{"@type":"Person","@id":"https:\/\/hoyre.no\/skien\/#\/schema\/person\/c86f86d845a1cd48904c41557344daaa","name":"Robin Spange","image":{"@type":"ImageObject","inLanguage":"nb-NO","@id":"https:\/\/hoyre.no\/skien\/#\/schema\/person\/image\/","url":"https:\/\/secure.gravatar.com\/avatar\/3a8d7b7c6b785cf3bb5c6734e2eb443480687e3227b66ee31967502ab5153374?s=96&d=mm&r=g","contentUrl":"https:\/\/secure.gravatar.com\/avatar\/3a8d7b7c6b785cf3bb5c6734e2eb443480687e3227b66ee31967502ab5153374?s=96&d=mm&r=g","caption":"Robin Spange"},"url":"https:\/\/hoyre.no\/skien\/aktuelt\/author\/m52221280\/"}]}},"distributor_meta":false,"distributor_terms":false,"distributor_media":false,"distributor_original_site_name":"Skien H\u00f8yre","distributor_original_site_url":"https:\/\/hoyre.no\/skien","push-errors":false,"_links":{"self":[{"href":"https:\/\/hoyre.no\/skien\/wp-json\/wp\/v2\/posts\/594","targetHints":{"allow":["GET"]}}],"collection":[{"href":"https:\/\/hoyre.no\/skien\/wp-json\/wp\/v2\/posts"}],"about":[{"href":"https:\/\/hoyre.no\/skien\/wp-json\/wp\/v2\/types\/post"}],"author":[{"embeddable":true,"href":"https:\/\/hoyre.no\/skien\/wp-json\/wp\/v2\/users\/43298"}],"replies":[{"embeddable":true,"href":"https:\/\/hoyre.no\/skien\/wp-json\/wp\/v2\/comments?post=594"}],"version-history":[{"count":3,"href":"https:\/\/hoyre.no\/skien\/wp-json\/wp\/v2\/posts\/594\/revisions"}],"predecessor-version":[{"id":619,"href":"https:\/\/hoyre.no\/skien\/wp-json\/wp\/v2\/posts\/594\/revisions\/619"}],"wp:attachment":[{"href":"https:\/\/hoyre.no\/skien\/wp-json\/wp\/v2\/media?parent=594"}],"wp:term":[{"taxonomy":"category","embeddable":true,"href":"https:\/\/hoyre.no\/skien\/wp-json\/wp\/v2\/category?post=594"},{"taxonomy":"post_tag","embeddable":true,"href":"https:\/\/hoyre.no\/skien\/wp-json\/wp\/v2\/post_tag?post=594"},{"taxonomy":"hoyre-visibility","embeddable":true,"href":"https:\/\/hoyre.no\/skien\/wp-json\/wp\/v2\/hoyre-visibility?post=594"},{"taxonomy":"article-type","embeddable":true,"href":"https:\/\/hoyre.no\/skien\/wp-json\/wp\/v2\/article-type?post=594"},{"taxonomy":"politician","embeddable":true,"href":"https:\/\/hoyre.no\/skien\/wp-json\/wp\/v2\/politician?post=594"}],"curies":[{"name":"wp","href":"https:\/\/api.w.org\/{rel}","templated":true}]}}