{"id":689,"date":"2026-04-17T19:11:04","date_gmt":"2026-04-17T17:11:04","guid":{"rendered":"https:\/\/hoyre.no\/skien\/?p=689"},"modified":"2026-04-17T19:11:04","modified_gmt":"2026-04-17T17:11:04","slug":"bli-kandidat-i-kommunevalget-2027","status":"publish","type":"post","link":"https:\/\/hoyre.no\/skien\/aktuelt\/bli-kandidat-i-kommunevalget-2027\/","title":{"rendered":"Bli kandidat i kommunevalget 2027 ?"},"content":{"rendered":"\n<p class=\"preamble\">Har du eller kjenner du noen med engasjement og lyst til \u00e5 p\u00e5virke?<br><\/p>\t\t\t<div class=\"post-meta wp-block teft-byline-wrapper\">\n\t\t\t\t<div class=\"top\">\n\t\t\t\t\t<div class=\"signature\">\n\t\t\t\t\t\t<div class=\"teft-byline\">\n\t\t\t\t\t\t\t\t\t\t\t\t\t\t<div>\n\t\t\t\t\t\t\t\t<h3>H\u00f8yres redaksjon<\/h3>\t\t\t\t\t\t\t\t\n\t\t\t\t\t\t\t\t\t\t\t\t\t\t\t\t\t<span class=\"date\">Sist oppdatert: 17. april 2026<\/span>\n\t\t\t\t\t\t\t\t\t\t\t\t\t\t\t\t\t\t\t\t\t\t\t\t\t<span class=\"reading-time\" itemprop=\"timeRequired\" content=\"PT1M\"><em>Ca. 1 minutter lesetid<\/em><\/span>\n\t\t\t\t\t\t\t\t\t\t\t\t\t\t\t<\/div>\n\t\t\t\t\t\t<\/div>\n\t\t\t\t\t<\/div>\n\t\t\t\t\t\t<div class=\"sharing\">\n\t\t<a class=\"share-button share-link copy-link\" data-copy=\"https:\/\/hoyre.no\/skien\/aktuelt\/bli-kandidat-i-kommunevalget-2027\/\" target=\"_blank\"><span class=\"screen-reader-text\">Del link<\/span><\/a>\n\t\t<a class=\"share-button share-twitter\" href=\"http:\/\/twitter.com\/share?text=Bli kandidat i kommunevalget 2027 ?&#038;url=https:\/\/hoyre.no\/skien\/aktuelt\/bli-kandidat-i-kommunevalget-2027\/&#038;hashtags=Hoyre\" target=\"_blank\"><span class=\"screen-reader-text\">Del p\u00e5 twitter<\/span><\/a>\n\t\t<a class=\"share-button share-facebook\" href=\"https:\/\/www.facebook.com\/sharer\/sharer.php?u=https:\/\/hoyre.no\/skien\/aktuelt\/bli-kandidat-i-kommunevalget-2027\/\" target=\"_blank\"><span class=\"screen-reader-text\">Del p\u00e5 facebook<\/span><\/a>\n\t<\/div>\n\t\t\t\t\t<\/div>\n\t\t\t<\/div>\n\n\t\t\t<figure class=\"hoyre-image-wrapper\"><div class=\"hoyre-image\"><img loading=\"lazy\" decoding=\"async\" width=\"500\" height=\"625\" src=\"https:\/\/hoyre.no\/content\/uploads\/sites\/357\/2026\/04\/672320407_1366069885555272_2553278105581354258_n.jpg\" class=\"attachment-scaled size-scaled\" alt=\"\" style=\"object-position: 50% 50%\" srcset=\"https:\/\/hoyre.no\/content\/uploads\/sites\/357\/2026\/04\/672320407_1366069885555272_2553278105581354258_n.jpg 500w, https:\/\/hoyre.no\/content\/uploads\/sites\/357\/2026\/04\/672320407_1366069885555272_2553278105581354258_n-240x300.jpg 240w\" sizes=\"auto, (max-width: 500px) 100vw, 500px\" \/><\/div><\/figure>\n\n\n\n<p><br>Skien H\u00f8yres nominasjonskomit\u00e9 er interessert i \u00e5 f\u00e5 gode innspill p\u00e5 kandidater fra deg.<\/p>\n\n\n\n\n<p>Har du engasjement og lyst til \u00e5 p\u00e5virke?<br>Kjenner du noen som kan v\u00e6re kandidat og har lyst og engasjement?<br>Vi vil gjerne ha dine innspill innen 20.08.2026<\/p>\n\n\n\n<p>Du kan sende ditt forslag via nettsiden \ud83d\udc47<br>https:\/\/hoyre.no\/kandidater\/<\/p>\n\n\n\n<p>Med vennlig hilsen<br>Nominasjonskomiteen i Skien H\u00f8yre<\/p>\n\n\n<div class=\"tags\">\n\t\t<div class=\"wp-block-tag-cloud\">\n\t\t\t\t\t<a href=\"https:\/\/hoyre.no\/skien\/aktuelt\/tag\/nominasjon\/\" class=\"tag-cloud-link\">nominasjon<\/a>\n\t\t\t\t\t<a href=\"https:\/\/hoyre.no\/skien\/aktuelt\/tag\/skien\/\" class=\"tag-cloud-link\">skien<\/a>\n\t\t\t\t\t<a href=\"https:\/\/hoyre.no\/skien\/aktuelt\/tag\/valg\/\" class=\"tag-cloud-link\">VALG<\/a>\n\t\t\t<\/div>\n\t<\/div>\n<div class=\"post-footer alignfull has-background block-editor-block-list__block\" data-align=full>\n\t<div class=\"post-footer-inner\">\n\t\t<h3>Relaterte artikler<\/h3>\n\t\t<div class=\"related-content\"><div class=\"is-card-hoyre\">\n\t<div class=\"teft-card hoyre-teft-card post-teft-card\">\n\t\t<a href=\"https:\/\/hoyre.no\/skien\/aktuelt\/forhands-nominasjon-av-ordforerkandidat\/\" class=\"teft-card__primary-action\">\n\n\t\t\t<div class=\"teft-card__media teft-card__media--16-9 no-image\"><\/div>\n\t\t\t<div class=\"teft-card__content-wrapper\">\n\t\t\t\t<div class=\"teft-card__secondary\">\n\t\t\t\t\t\n\t\t\t\t\t\t\t\t<div class=\"teft-card__meta\">\n\t\t\t\t\t\t\t\t\t<span class=\"post-date\">9. apr 2026<\/span>\n\n\t\t\t\t\t\t\t\t\t\t\t\t\t\t\t\t\t<\/div>\n\t\t\t\t\t\t\t\t\t\t\t<\/div>\n\n\t\t\t\t<div class=\"teft-card__primary\">\n\t\t\t\t\t<h2 class=\"teft-card__title\">Forh\u00e5nds nominasjon av ordf\u00f8rerkandidat.&nbsp;<span class=\"teft-card__primary-title-append\"><\/span><\/h2>\t\t\t\t<\/div>\n\t\t\t<\/div>\n\t\t<\/a>\n\t<\/div>\n\n\t<\/div><div class=\"is-card-hoyre\">\n\t<div class=\"teft-card hoyre-teft-card post-teft-card\">\n\t\t<a href=\"https:\/\/hoyre.no\/skien\/aktuelt\/kommunevalg-2027\/\" class=\"teft-card__primary-action\">\n\n\t\t\t<div class=\"teft-card__media teft-card__media--16-9 no-image\"><\/div>\n\t\t\t<div class=\"teft-card__content-wrapper\">\n\t\t\t\t<div class=\"teft-card__secondary\">\n\t\t\t\t\t\n\t\t\t\t\t\t\t\t<div class=\"teft-card__meta\">\n\t\t\t\t\t\t\t\t\t<span class=\"post-date\">16. mar 2026<\/span>\n\n\t\t\t\t\t\t\t\t\t\t\t\t\t\t\t\t\t<\/div>\n\t\t\t\t\t\t\t\t\t\t\t<\/div>\n\n\t\t\t\t<div class=\"teft-card__primary\">\n\t\t\t\t\t<h2 class=\"teft-card__title\">Valgvillige representanter 2027&nbsp;<span class=\"teft-card__primary-title-append\"><\/span><\/h2>\t\t\t\t<\/div>\n\t\t\t<\/div>\n\t\t<\/a>\n\t<\/div>\n\n\t<\/div><div class=\"is-card-hoyre\">\n\t<div class=\"teft-card hoyre-teft-card post-teft-card\">\n\t\t<a href=\"https:\/\/hoyre.no\/skien\/aktuelt\/feil-og-fakta-om-melum-sykehjem\/\" class=\"teft-card__primary-action\">\n\n\t\t\t\t\t<div class=\"teft-card__media teft-card__media--16-9\">\n\t\t\t\t\t\t<img loading=\"lazy\" decoding=\"async\" width=\"768\" height=\"419\" src=\"https:\/\/hoyre.no\/content\/uploads\/sites\/357\/2026\/03\/image-768x419.png\" class=\"attachment-medium_large size-medium_large\" alt=\"\" srcset=\"https:\/\/hoyre.no\/content\/uploads\/sites\/357\/2026\/03\/image-768x419.png 768w, https:\/\/hoyre.no\/content\/uploads\/sites\/357\/2026\/03\/image-300x164.png 300w, https:\/\/hoyre.no\/content\/uploads\/sites\/357\/2026\/03\/image.png 953w\" sizes=\"auto, (max-width: 768px) 100vw, 768px\" \/>\t\t<\/div>\n\t\t\n\t\t\t<div class=\"teft-card__content-wrapper\">\n\t\t\t\t<div class=\"teft-card__secondary\">\n\t\t\t\t\t\n\t\t\t\t\t\t\t\t<div class=\"teft-card__meta\">\n\t\t\t\t\t\t\t\t\t<span class=\"post-date\">6. mar 2026<\/span>\n\n\t\t\t\t\t\t\t\t\t<span class=\"post-category\">Helsepolitikk<\/span>\t\t\t\t\t\t\t\t<\/div>\n\t\t\t\t\t\t\t\t\t\t\t<\/div>\n\n\t\t\t\t<div class=\"teft-card__primary\">\n\t\t\t\t\t<h2 class=\"teft-card__title\">Feil og fakta om Melum sykehjem&nbsp;<span class=\"teft-card__primary-title-append\"><\/span><\/h2>\t\t\t\t<\/div>\n\t\t\t<\/div>\n\t\t<\/a>\n\t<\/div>\n\n\t<\/div><\/div>\t<\/div>\n<\/div>\n","protected":false},"excerpt":{"rendered":"<p>Skien H\u00f8yres nominasjonskomit\u00e9 er interessert i \u00e5 f\u00e5 gode innspill p\u00e5 kandidater fra deg.<\/p>\n","protected":false},"author":43298,"featured_media":0,"comment_status":"closed","ping_status":"closed","sticky":false,"template":"","format":"standard","meta":{"teft_cards_image_url":"","teft_cards_custom_pretitle":"","teft_cards_image_id":691,"teft_cards_image_focal_point_x":0.5,"teft_cards_image_focal_point_y":0.5,"teft_cards_title":"","teft_cards_excerpt":"","teft_show_chapters":false,"author_display_name":"","footnotes":""},"category":[1],"post_tag":[28,10,27],"hoyre-visibility":[],"article-type":[],"politician":[],"class_list":["post-689","post","type-post","status-publish","format-standard","hentry","category-ukategorisert","tag-nominasjon","tag-skien","tag-valg"],"yoast_head":"<!-- This site is optimized with the Yoast SEO plugin v26.6 - https:\/\/yoast.com\/wordpress\/plugins\/seo\/ -->\n<title>Bli kandidat i kommunevalget 2027 ? - Skien H\u00f8yre<\/title>\n<meta name=\"robots\" content=\"index, follow, max-snippet:-1, max-image-preview:large, max-video-preview:-1\" \/>\n<link rel=\"canonical\" href=\"https:\/\/hoyre.no\/skien\/aktuelt\/bli-kandidat-i-kommunevalget-2027\/\" \/>\n<meta property=\"og:locale\" content=\"nb_NO\" \/>\n<meta property=\"og:type\" content=\"article\" \/>\n<meta property=\"og:title\" content=\"Bli kandidat i kommunevalget 2027 ? - Skien H\u00f8yre\" \/>\n<meta property=\"og:description\" content=\"Skien H\u00f8yres nominasjonskomit\u00e9 er interessert i \u00e5 f\u00e5 gode innspill p\u00e5 kandidater fra deg.\" \/>\n<meta property=\"og:url\" content=\"https:\/\/hoyre.no\/skien\/aktuelt\/bli-kandidat-i-kommunevalget-2027\/\" \/>\n<meta property=\"og:site_name\" content=\"Skien H\u00f8yre\" \/>\n<meta property=\"article:published_time\" content=\"2026-04-17T17:11:04+00:00\" \/>\n<meta property=\"og:image\" content=\"https:\/\/hoyre.no\/content\/uploads\/sites\/357\/2026\/03\/image.png\" \/>\n<meta name=\"author\" content=\"Robin Spange\" \/>\n<meta name=\"twitter:card\" content=\"summary_large_image\" \/>\n<meta name=\"twitter:label1\" content=\"Skrevet av\" \/>\n\t<meta name=\"twitter:data1\" content=\"Robin Spange\" \/>\n\t<meta name=\"twitter:label2\" content=\"Ansl. lesetid\" \/>\n\t<meta name=\"twitter:data2\" content=\"1 minutt\" \/>\n<script type=\"application\/ld+json\" class=\"yoast-schema-graph\">{\"@context\":\"https:\/\/schema.org\",\"@graph\":[{\"@type\":\"NewsArticle\",\"@id\":\"https:\/\/hoyre.no\/skien\/aktuelt\/bli-kandidat-i-kommunevalget-2027\/\",\"url\":\"https:\/\/hoyre.no\/skien\/aktuelt\/bli-kandidat-i-kommunevalget-2027\/\",\"name\":\"Bli kandidat i kommunevalget 2027 ? - Skien H\u00f8yre\",\"isPartOf\":{\"@id\":\"https:\/\/hoyre.no\/skien\/#website\"},\"datePublished\":\"2026-04-17T17:11:04+00:00\",\"author\":{\"@id\":\"https:\/\/hoyre.no\/skien\/#\/schema\/person\/c86f86d845a1cd48904c41557344daaa\"},\"breadcrumb\":{\"@id\":\"https:\/\/hoyre.no\/skien\/aktuelt\/bli-kandidat-i-kommunevalget-2027\/#breadcrumb\"},\"inLanguage\":\"nb-NO\",\"potentialAction\":[{\"@type\":\"ReadAction\",\"target\":[\"https:\/\/hoyre.no\/skien\/aktuelt\/bli-kandidat-i-kommunevalget-2027\/\"]}]},{\"@type\":\"BreadcrumbList\",\"@id\":\"https:\/\/hoyre.no\/skien\/aktuelt\/bli-kandidat-i-kommunevalget-2027\/#breadcrumb\",\"itemListElement\":[{\"@type\":\"ListItem\",\"position\":1,\"name\":\"Til hoyre.no\",\"item\":\"https:\/\/hoyre.no\"},{\"@type\":\"ListItem\",\"position\":2,\"name\":\"Hjem\",\"item\":\"https:\/\/hoyre.no\/skien\/\"},{\"@type\":\"ListItem\",\"position\":3,\"name\":\"Bli kandidat i kommunevalget 2027 ?\"}]},{\"@type\":\"WebSite\",\"@id\":\"https:\/\/hoyre.no\/skien\/#website\",\"url\":\"https:\/\/hoyre.no\/skien\/\",\"name\":\"Skien H\u00f8yre\",\"description\":\"Bare enda et H\u00f8yres nettsteder-nettsted\",\"inLanguage\":\"nb-NO\"},{\"@type\":\"Person\",\"@id\":\"https:\/\/hoyre.no\/skien\/#\/schema\/person\/c86f86d845a1cd48904c41557344daaa\",\"name\":\"Robin Spange\",\"image\":{\"@type\":\"ImageObject\",\"inLanguage\":\"nb-NO\",\"@id\":\"https:\/\/hoyre.no\/skien\/#\/schema\/person\/image\/\",\"url\":\"https:\/\/secure.gravatar.com\/avatar\/3a8d7b7c6b785cf3bb5c6734e2eb443480687e3227b66ee31967502ab5153374?s=96&d=mm&r=g\",\"contentUrl\":\"https:\/\/secure.gravatar.com\/avatar\/3a8d7b7c6b785cf3bb5c6734e2eb443480687e3227b66ee31967502ab5153374?s=96&d=mm&r=g\",\"caption\":\"Robin Spange\"},\"url\":\"https:\/\/hoyre.no\/skien\/aktuelt\/author\/m52221280\/\"}]}<\/script>\n<!-- \/ Yoast SEO plugin. -->","yoast_head_json":{"title":"Bli kandidat i kommunevalget 2027 ? - Skien H\u00f8yre","robots":{"index":"index","follow":"follow","max-snippet":"max-snippet:-1","max-image-preview":"max-image-preview:large","max-video-preview":"max-video-preview:-1"},"canonical":"https:\/\/hoyre.no\/skien\/aktuelt\/bli-kandidat-i-kommunevalget-2027\/","og_locale":"nb_NO","og_type":"article","og_title":"Bli kandidat i kommunevalget 2027 ? - Skien H\u00f8yre","og_description":"Skien H\u00f8yres nominasjonskomit\u00e9 er interessert i \u00e5 f\u00e5 gode innspill p\u00e5 kandidater fra deg.","og_url":"https:\/\/hoyre.no\/skien\/aktuelt\/bli-kandidat-i-kommunevalget-2027\/","og_site_name":"Skien H\u00f8yre","article_published_time":"2026-04-17T17:11:04+00:00","og_image":[{"url":"https:\/\/hoyre.no\/content\/uploads\/sites\/357\/2026\/03\/image.png","width":"","height":"","type":""}],"author":"Robin Spange","twitter_card":"summary_large_image","twitter_misc":{"Skrevet av":"Robin Spange","Ansl. lesetid":"1 minutt"},"schema":{"@context":"https:\/\/schema.org","@graph":[{"@type":"NewsArticle","@id":"https:\/\/hoyre.no\/skien\/aktuelt\/bli-kandidat-i-kommunevalget-2027\/","url":"https:\/\/hoyre.no\/skien\/aktuelt\/bli-kandidat-i-kommunevalget-2027\/","name":"Bli kandidat i kommunevalget 2027 ? - Skien H\u00f8yre","isPartOf":{"@id":"https:\/\/hoyre.no\/skien\/#website"},"datePublished":"2026-04-17T17:11:04+00:00","author":{"@id":"https:\/\/hoyre.no\/skien\/#\/schema\/person\/c86f86d845a1cd48904c41557344daaa"},"breadcrumb":{"@id":"https:\/\/hoyre.no\/skien\/aktuelt\/bli-kandidat-i-kommunevalget-2027\/#breadcrumb"},"inLanguage":"nb-NO","potentialAction":[{"@type":"ReadAction","target":["https:\/\/hoyre.no\/skien\/aktuelt\/bli-kandidat-i-kommunevalget-2027\/"]}]},{"@type":"BreadcrumbList","@id":"https:\/\/hoyre.no\/skien\/aktuelt\/bli-kandidat-i-kommunevalget-2027\/#breadcrumb","itemListElement":[{"@type":"ListItem","position":1,"name":"Til hoyre.no","item":"https:\/\/hoyre.no"},{"@type":"ListItem","position":2,"name":"Hjem","item":"https:\/\/hoyre.no\/skien\/"},{"@type":"ListItem","position":3,"name":"Bli kandidat i kommunevalget 2027 ?"}]},{"@type":"WebSite","@id":"https:\/\/hoyre.no\/skien\/#website","url":"https:\/\/hoyre.no\/skien\/","name":"Skien H\u00f8yre","description":"Bare enda et H\u00f8yres nettsteder-nettsted","inLanguage":"nb-NO"},{"@type":"Person","@id":"https:\/\/hoyre.no\/skien\/#\/schema\/person\/c86f86d845a1cd48904c41557344daaa","name":"Robin Spange","image":{"@type":"ImageObject","inLanguage":"nb-NO","@id":"https:\/\/hoyre.no\/skien\/#\/schema\/person\/image\/","url":"https:\/\/secure.gravatar.com\/avatar\/3a8d7b7c6b785cf3bb5c6734e2eb443480687e3227b66ee31967502ab5153374?s=96&d=mm&r=g","contentUrl":"https:\/\/secure.gravatar.com\/avatar\/3a8d7b7c6b785cf3bb5c6734e2eb443480687e3227b66ee31967502ab5153374?s=96&d=mm&r=g","caption":"Robin Spange"},"url":"https:\/\/hoyre.no\/skien\/aktuelt\/author\/m52221280\/"}]}},"distributor_meta":false,"distributor_terms":false,"distributor_media":false,"distributor_original_site_name":"Skien H\u00f8yre","distributor_original_site_url":"https:\/\/hoyre.no\/skien","push-errors":false,"_links":{"self":[{"href":"https:\/\/hoyre.no\/skien\/wp-json\/wp\/v2\/posts\/689","targetHints":{"allow":["GET"]}}],"collection":[{"href":"https:\/\/hoyre.no\/skien\/wp-json\/wp\/v2\/posts"}],"about":[{"href":"https:\/\/hoyre.no\/skien\/wp-json\/wp\/v2\/types\/post"}],"author":[{"embeddable":true,"href":"https:\/\/hoyre.no\/skien\/wp-json\/wp\/v2\/users\/43298"}],"replies":[{"embeddable":true,"href":"https:\/\/hoyre.no\/skien\/wp-json\/wp\/v2\/comments?post=689"}],"version-history":[{"count":5,"href":"https:\/\/hoyre.no\/skien\/wp-json\/wp\/v2\/posts\/689\/revisions"}],"predecessor-version":[{"id":696,"href":"https:\/\/hoyre.no\/skien\/wp-json\/wp\/v2\/posts\/689\/revisions\/696"}],"wp:attachment":[{"href":"https:\/\/hoyre.no\/skien\/wp-json\/wp\/v2\/media?parent=689"}],"wp:term":[{"taxonomy":"category","embeddable":true,"href":"https:\/\/hoyre.no\/skien\/wp-json\/wp\/v2\/category?post=689"},{"taxonomy":"post_tag","embeddable":true,"href":"https:\/\/hoyre.no\/skien\/wp-json\/wp\/v2\/post_tag?post=689"},{"taxonomy":"hoyre-visibility","embeddable":true,"href":"https:\/\/hoyre.no\/skien\/wp-json\/wp\/v2\/hoyre-visibility?post=689"},{"taxonomy":"article-type","embeddable":true,"href":"https:\/\/hoyre.no\/skien\/wp-json\/wp\/v2\/article-type?post=689"},{"taxonomy":"politician","embeddable":true,"href":"https:\/\/hoyre.no\/skien\/wp-json\/wp\/v2\/politician?post=689"}],"curies":[{"name":"wp","href":"https:\/\/api.w.org\/{rel}","templated":true}]}}