{"id":1542,"date":"2023-01-20T16:40:28","date_gmt":"2023-01-20T15:40:28","guid":{"rendered":"https:\/\/hoyre.no\/stavanger\/?p=1542"},"modified":"2023-01-21T08:58:25","modified_gmt":"2023-01-21T07:58:25","slug":"ny-leder-av-stavanger-hoyre","status":"publish","type":"post","link":"https:\/\/hoyre.no\/stavanger\/aktuelt\/ny-leder-av-stavanger-hoyre\/","title":{"rendered":"Ny leder av Stavanger H\u00f8yre"},"content":{"rendered":"\n<p class=\"preamble\">Jeg ser frem til en spennende valgkamp &#8211; her skal vi bygge et sterkt lag med samhold, raushet og mangfold, sier ny styreleder Kirsten Madland.<\/p>\t\t\t<div class=\"post-meta wp-block teft-byline-wrapper\">\n\t\t\t\t<div class=\"top\">\n\t\t\t\t\t<div class=\"signature\">\n\t\t\t\t\t\t<div class=\"teft-byline\">\n\t\t\t\t\t\t\t\t\t\t\t\t\t\t<div>\n\t\t\t\t\t\t\t\t<h3>H\u00f8yres redaksjon<\/h3>\t\t\t\t\t\t\t\t\n\t\t\t\t\t\t\t\t\t\t\t\t\t\t\t\t\t<span class=\"date\">Sist oppdatert: 21. januar 2023<\/span>\n\t\t\t\t\t\t\t\t\t\t\t\t\t\t\t\t\t\t\t\t\t\t\t\t\t<span class=\"reading-time\" itemprop=\"timeRequired\" content=\"PT3M\"><em>Ca. 3 minutter lesetid<\/em><\/span>\n\t\t\t\t\t\t\t\t\t\t\t\t\t\t\t<\/div>\n\t\t\t\t\t\t<\/div>\n\t\t\t\t\t<\/div>\n\t\t\t\t\t\t<div class=\"sharing\">\n\t\t<a class=\"share-button share-link copy-link\" data-copy=\"https:\/\/hoyre.no\/stavanger\/aktuelt\/ny-leder-av-stavanger-hoyre\/\" target=\"_blank\"><span class=\"screen-reader-text\">Del link<\/span><\/a>\n\t\t<a class=\"share-button share-twitter\" href=\"http:\/\/twitter.com\/share?text=Ny leder av Stavanger H\u00f8yre&#038;url=https:\/\/hoyre.no\/stavanger\/aktuelt\/ny-leder-av-stavanger-hoyre\/&#038;hashtags=Hoyre\" target=\"_blank\"><span class=\"screen-reader-text\">Del p\u00e5 twitter<\/span><\/a>\n\t\t<a class=\"share-button share-facebook\" href=\"https:\/\/www.facebook.com\/sharer\/sharer.php?u=https:\/\/hoyre.no\/stavanger\/aktuelt\/ny-leder-av-stavanger-hoyre\/\" target=\"_blank\"><span class=\"screen-reader-text\">Del p\u00e5 facebook<\/span><\/a>\n\t<\/div>\n\t\t\t\t\t<\/div>\n\t\t\t<\/div>\n\n\t\t\t<figure class=\"hoyre-image-wrapper\"><div class=\"hoyre-image\"><img loading=\"lazy\" decoding=\"async\" width=\"2500\" height=\"1667\" src=\"https:\/\/hoyre.no\/content\/uploads\/sites\/212\/2023\/01\/Kirsten-Madland-scaled.jpg\" class=\"attachment-scaled size-scaled\" alt=\"\" style=\"object-position: 50% 50%\" srcset=\"https:\/\/hoyre.no\/content\/uploads\/sites\/212\/2023\/01\/Kirsten-Madland-scaled.jpg 2500w, https:\/\/hoyre.no\/content\/uploads\/sites\/212\/2023\/01\/Kirsten-Madland-300x200.jpg 300w, https:\/\/hoyre.no\/content\/uploads\/sites\/212\/2023\/01\/Kirsten-Madland-1024x683.jpg 1024w, https:\/\/hoyre.no\/content\/uploads\/sites\/212\/2023\/01\/Kirsten-Madland-768x512.jpg 768w, https:\/\/hoyre.no\/content\/uploads\/sites\/212\/2023\/01\/Kirsten-Madland-1536x1024.jpg 1536w, https:\/\/hoyre.no\/content\/uploads\/sites\/212\/2023\/01\/Kirsten-Madland-2048x1366.jpg 2048w\" sizes=\"auto, (max-width: 2500px) 100vw, 2500px\" \/><\/div><figcaption class=\"caption\">KIRSTEN MADLAND, STYRELEDER STAVANGER H\u00d8YRE<\/figcaption><\/figure>\n\n\n\n\n<p>Under \u00e5rsm\u00f8tet i november, ble Kirsten Madland valgt som ny leder for Stavanger H\u00f8yre.<br><br>&#8211; F\u00f8rst vil jeg takke for tilliten og ser frem til to spennende \u00e5r sammen med alle i Stavanger H\u00f8yre. \u00c5 sitte p\u00e5 Teams fra Vietnam og vente p\u00e5 endelig avklaringen, var de lengste minuttene i mitt liv. Det \u00e5 f\u00e5 muligheten til \u00e5 lede en forening med s\u00e5 mange kunnskapsrike og engasjerte folk, er en stor \u00e6re. Jeg ser frem til \u00e5 kunne samarbeid med dere alle, sier Madland.<br><br>Til tross for kort tid i vervet, er Kirsten allerede godt i gang med planleggingen av valgkamp\u00e5ret.<\/p>\n\n\n\n<p>&#8211; Vi skal v\u00e6re en forening som tilbyr mange aktiviteter med gode debatter som utfordrer og setter ting i perspektiver. Styret i Stavanger H\u00f8yre skal legge til rett for et h\u00f8yt aktivitetsniv\u00e5, men er helt avhengig av at alle bidrar. Vi kan bare lykkes om vi jobber sammen, sier Madland.&nbsp;&nbsp;<\/p>\n\n\n\n<p>&#8211; Her skal styret med meg, ta v\u00e5rt ansvar og v\u00e6re aktive deltakere i valgkampen. Vi skal v\u00e6re en st\u00f8tte til listekandidatene i valgkamparbeidet, v\u00e6re seg \u00e5 st\u00e5 p\u00e5 stand, g\u00e5 d\u00f8rbank, dele ut boller eller tomater, ja hva n\u00e5 enn er v\u00e5r dyktige valgkampleder, Tormod, m\u00e5tte finne p\u00e5. Dette gj\u00f8re vi sammen!, sier Madland.&nbsp;<\/p>\n\n\n\n<p>Kirsten har v\u00e6rt et aktivt medlem i Stavanger H\u00f8yre gjennom flere \u00e5r. Hun brenner for flere saker, men det er spesielt to saker som ligger henne n\u00e6rt.<br><br>&#8211; Barn er en s\u00e5rbar gruppe i samfunnet og jeg \u00f8nsker vi skal styrke barnevernet, gi bedre st\u00f8tte til familier i krise og bidra til at alle barn f\u00e5r vokse opp i trygge, omsorgsfulle og kj\u00e6rlige omgivelser. Dette er et ansvar som ligger p\u00e5 oss alle. Barn skal bli sett, ivaretatt og beskyttet av oss alle, sier Kirsten og fortsetter:<br><br>&#8211; Kvinnehelse er ogs\u00e5 noe jeg brenner for. Det er for lite kunnskap og innsikt i kvinners helse og v\u00e5rt sykdomsbilde. For \u00e5 f\u00e5 bedre innsikt og forst\u00e5else p\u00e5 kvinnehelse, m\u00e5 det satses mye mer p\u00e5 forskning og \u00f8kt kunnskap. Vi m\u00e5 f\u00e5 bedre innsikt i hvilke sykdommer kvinner er mer utsatt for, hvordan sykdomsforl\u00f8pet er, for da \u00e5 kunne tilrettelegge for rett behandlingstiltak. Her har vi en vei \u00e5 g\u00e5, avslutter Kirsten Maland.&nbsp;&nbsp;<\/p>\n\n\n\n<div class=\"wp-block-teft-factbox is-style-blue\"><div class=\"factbox-inner\"><div class=\"entry-content\"><h4 class=\"toggle\">Kort om Kirsten:<\/h4>\n<p>Vokst opp: V\u00e5land \/ Kristianlyst<br>Bor n\u00e5: Tasta<br><br>Jobber som: Bist\u00e5r oljeselskaper med det gr\u00f8nne skiftet.<br>Hvis du skulle valgt et annet yrke? Sosialantropolog<br><br>Hvilken TV-serie anbefaler du n\u00e5? Blir lite TV, men har begynt p\u00e5 Yellowstone.<br>Pizza med eller uten ananas? Uten<\/p>\n<\/div><\/div><\/div>\n\n\n<div class=\"tags\">\n\t<\/div>\n<div class=\"post-footer alignfull has-background block-editor-block-list__block\" data-align=full>\n\t<div class=\"post-footer-inner\">\n\t\t<h3>Relaterte artikler<\/h3>\n\t\t<div class=\"related-content\"><div class=\"is-card-hoyre\">\n\t<div class=\"teft-card hoyre-teft-card post-teft-card\">\n\t\t<a href=\"https:\/\/hoyre.no\/stavanger\/aktuelt\/hvem-bor-representere-hoyre-i-bystyret-neste-periode\/\" class=\"teft-card__primary-action\">\n\n\t\t\t<div class=\"teft-card__media teft-card__media--16-9 no-image\"><\/div>\n\t\t\t<div class=\"teft-card__content-wrapper\">\n\t\t\t\t<div class=\"teft-card__secondary\">\n\t\t\t\t\t\n\t\t\t\t\t\t\t\t<div class=\"teft-card__meta\">\n\t\t\t\t\t\t\t\t\t<span class=\"post-date\">12. feb 2026<\/span>\n\n\t\t\t\t\t\t\t\t\t\t\t\t\t\t\t\t\t<\/div>\n\t\t\t\t\t\t\t\t\t\t\t<\/div>\n\n\t\t\t\t<div class=\"teft-card__primary\">\n\t\t\t\t\t<h2 class=\"teft-card__title\">Lokalvalget 2027 &#8211; Stavanger H\u00f8yres nominasjonsprosess&nbsp;<span class=\"teft-card__primary-title-append\"><\/span><\/h2>\t\t\t\t<\/div>\n\t\t\t<\/div>\n\t\t<\/a>\n\t<\/div>\n\n\t<\/div><div class=\"is-card-hoyre\">\n\t<div class=\"teft-card hoyre-teft-card post-teft-card\">\n\t\t<a href=\"https:\/\/hoyre.no\/stavanger\/aktuelt\/datoplan-for-nominasjons-prosessen\/\" class=\"teft-card__primary-action\">\n\n\t\t\t<div class=\"teft-card__media teft-card__media--16-9 no-image\"><\/div>\n\t\t\t<div class=\"teft-card__content-wrapper\">\n\t\t\t\t<div class=\"teft-card__secondary\">\n\t\t\t\t\t\n\t\t\t\t\t\t\t\t<div class=\"teft-card__meta\">\n\t\t\t\t\t\t\t\t\t<span class=\"post-date\">9. feb 2026<\/span>\n\n\t\t\t\t\t\t\t\t\t<span class=\"post-category\">Nyheter<\/span>\t\t\t\t\t\t\t\t<\/div>\n\t\t\t\t\t\t\t\t\t\t\t<\/div>\n\n\t\t\t\t<div class=\"teft-card__primary\">\n\t\t\t\t\t<h2 class=\"teft-card__title\">Datoplan for nominasjons-prosessen&nbsp;<span class=\"teft-card__primary-title-append\"><\/span><\/h2>\t\t\t\t<\/div>\n\t\t\t<\/div>\n\t\t<\/a>\n\t<\/div>\n\n\t<\/div><div class=\"is-card-hoyre\">\n\t<div class=\"teft-card hoyre-teft-card post-teft-card\">\n\t\t<a href=\"https:\/\/hoyre.no\/stavanger\/aktuelt\/rogaland-hoyre-arsmote-2026\/\" class=\"teft-card__primary-action\">\n\n\t\t\t<div class=\"teft-card__media teft-card__media--16-9 no-image\"><\/div>\n\t\t\t<div class=\"teft-card__content-wrapper\">\n\t\t\t\t<div class=\"teft-card__secondary\">\n\t\t\t\t\t\n\t\t\t\t\t\t\t\t<div class=\"teft-card__meta\">\n\t\t\t\t\t\t\t\t\t<span class=\"post-date\">8. feb 2026<\/span>\n\n\t\t\t\t\t\t\t\t\t\t\t\t\t\t\t\t\t<\/div>\n\t\t\t\t\t\t\t\t\t\t\t<\/div>\n\n\t\t\t\t<div class=\"teft-card__primary\">\n\t\t\t\t\t<h2 class=\"teft-card__title\">Vedtatt politikk &#8211; Stavanger H\u00f8yre \u00c5rsm\u00f8te 2025&nbsp;<span class=\"teft-card__primary-title-append\"><\/span><\/h2>\t\t\t\t<\/div>\n\t\t\t<\/div>\n\t\t<\/a>\n\t<\/div>\n\n\t<\/div><\/div>\t<\/div>\n<\/div>\n","protected":false},"excerpt":{"rendered":"","protected":false},"author":30950,"featured_media":0,"comment_status":"closed","ping_status":"closed","sticky":false,"template":"","format":"standard","meta":{"teft_cards_image_url":"","teft_cards_custom_pretitle":"","teft_cards_image_id":1543,"teft_cards_image_focal_point_x":0.5,"teft_cards_image_focal_point_y":0.5,"teft_cards_title":"Ny leder av Stavanger H\u00f8yre","teft_cards_excerpt":"","teft_show_chapters":false,"author_display_name":"","footnotes":""},"category":[1],"post_tag":[],"hoyre-visibility":[],"article-type":[],"politician":[],"class_list":["post-1542","post","type-post","status-publish","format-standard","hentry","category-nyheter"],"yoast_head":"<!-- This site is optimized with the Yoast SEO plugin v26.6 - https:\/\/yoast.com\/wordpress\/plugins\/seo\/ -->\n<title>Ny leder av Stavanger H\u00f8yre - Stavanger H\u00f8yre<\/title>\n<meta name=\"robots\" content=\"index, follow, max-snippet:-1, max-image-preview:large, max-video-preview:-1\" \/>\n<link rel=\"canonical\" href=\"https:\/\/hoyre.no\/stavanger\/aktuelt\/ny-leder-av-stavanger-hoyre\/\" \/>\n<meta property=\"og:locale\" content=\"nb_NO\" \/>\n<meta property=\"og:type\" content=\"article\" \/>\n<meta property=\"og:title\" content=\"Ny leder av Stavanger H\u00f8yre - Stavanger H\u00f8yre\" \/>\n<meta property=\"og:url\" content=\"https:\/\/hoyre.no\/stavanger\/aktuelt\/ny-leder-av-stavanger-hoyre\/\" \/>\n<meta property=\"og:site_name\" content=\"Stavanger H\u00f8yre\" \/>\n<meta property=\"article:published_time\" content=\"2023-01-20T15:40:28+00:00\" \/>\n<meta property=\"article:modified_time\" content=\"2023-01-21T07:58:25+00:00\" \/>\n<meta property=\"og:image\" content=\"https:\/\/hoyre.no\/content\/uploads\/sites\/212\/2022\/11\/Hoyres-logo.png\" \/>\n\t<meta property=\"og:image:width\" content=\"1000\" \/>\n\t<meta property=\"og:image:height\" content=\"1000\" \/>\n\t<meta property=\"og:image:type\" content=\"image\/png\" \/>\n<meta name=\"author\" content=\"Torhild \u00d8sten\u00e5 Larsen\" \/>\n<meta name=\"twitter:card\" content=\"summary_large_image\" \/>\n<meta name=\"twitter:label1\" content=\"Skrevet av\" \/>\n\t<meta name=\"twitter:data1\" content=\"Torhild \u00d8sten\u00e5 Larsen\" \/>\n\t<meta name=\"twitter:label2\" content=\"Ansl. lesetid\" \/>\n\t<meta name=\"twitter:data2\" content=\"3 minutter\" \/>\n<script type=\"application\/ld+json\" class=\"yoast-schema-graph\">{\"@context\":\"https:\/\/schema.org\",\"@graph\":[{\"@type\":\"NewsArticle\",\"@id\":\"https:\/\/hoyre.no\/stavanger\/aktuelt\/ny-leder-av-stavanger-hoyre\/\",\"url\":\"https:\/\/hoyre.no\/stavanger\/aktuelt\/ny-leder-av-stavanger-hoyre\/\",\"name\":\"Ny leder av Stavanger H\u00f8yre - Stavanger H\u00f8yre\",\"isPartOf\":{\"@id\":\"https:\/\/hoyre.no\/stavanger\/#website\"},\"datePublished\":\"2023-01-20T15:40:28+00:00\",\"dateModified\":\"2023-01-21T07:58:25+00:00\",\"author\":{\"@id\":\"https:\/\/hoyre.no\/stavanger\/#\/schema\/person\/6bff9b4fb96ce00ecc81562e4aab3e44\"},\"breadcrumb\":{\"@id\":\"https:\/\/hoyre.no\/stavanger\/aktuelt\/ny-leder-av-stavanger-hoyre\/#breadcrumb\"},\"inLanguage\":\"nb-NO\",\"potentialAction\":[{\"@type\":\"ReadAction\",\"target\":[\"https:\/\/hoyre.no\/stavanger\/aktuelt\/ny-leder-av-stavanger-hoyre\/\"]}]},{\"@type\":\"BreadcrumbList\",\"@id\":\"https:\/\/hoyre.no\/stavanger\/aktuelt\/ny-leder-av-stavanger-hoyre\/#breadcrumb\",\"itemListElement\":[{\"@type\":\"ListItem\",\"position\":1,\"name\":\"Til hoyre.no\",\"item\":\"https:\/\/hoyre.no\"},{\"@type\":\"ListItem\",\"position\":2,\"name\":\"Hjem\",\"item\":\"https:\/\/hoyre.no\/stavanger\/\"},{\"@type\":\"ListItem\",\"position\":3,\"name\":\"Ny leder av Stavanger H\u00f8yre\"}]},{\"@type\":\"WebSite\",\"@id\":\"https:\/\/hoyre.no\/stavanger\/#website\",\"url\":\"https:\/\/hoyre.no\/stavanger\/\",\"name\":\"Stavanger H\u00f8yre\",\"description\":\"Bare enda et H\u00f8yres nettsteder-nettsted\",\"inLanguage\":\"nb-NO\"},{\"@type\":\"Person\",\"@id\":\"https:\/\/hoyre.no\/stavanger\/#\/schema\/person\/6bff9b4fb96ce00ecc81562e4aab3e44\",\"name\":\"Torhild \u00d8sten\u00e5 Larsen\",\"image\":{\"@type\":\"ImageObject\",\"inLanguage\":\"nb-NO\",\"@id\":\"https:\/\/hoyre.no\/stavanger\/#\/schema\/person\/image\/\",\"url\":\"https:\/\/secure.gravatar.com\/avatar\/bb8b78fff9ae7ebf108059a245a4f86a87ca86a5693c7cd69772b023fc6754e3?s=96&d=mm&r=g\",\"contentUrl\":\"https:\/\/secure.gravatar.com\/avatar\/bb8b78fff9ae7ebf108059a245a4f86a87ca86a5693c7cd69772b023fc6754e3?s=96&d=mm&r=g\",\"caption\":\"Torhild \u00d8sten\u00e5 Larsen\"},\"url\":\"https:\/\/hoyre.no\/stavanger\/aktuelt\/author\/m52121324\/\"}]}<\/script>\n<!-- \/ Yoast SEO plugin. -->","yoast_head_json":{"title":"Ny leder av Stavanger H\u00f8yre - Stavanger H\u00f8yre","robots":{"index":"index","follow":"follow","max-snippet":"max-snippet:-1","max-image-preview":"max-image-preview:large","max-video-preview":"max-video-preview:-1"},"canonical":"https:\/\/hoyre.no\/stavanger\/aktuelt\/ny-leder-av-stavanger-hoyre\/","og_locale":"nb_NO","og_type":"article","og_title":"Ny leder av Stavanger H\u00f8yre - Stavanger H\u00f8yre","og_url":"https:\/\/hoyre.no\/stavanger\/aktuelt\/ny-leder-av-stavanger-hoyre\/","og_site_name":"Stavanger H\u00f8yre","article_published_time":"2023-01-20T15:40:28+00:00","article_modified_time":"2023-01-21T07:58:25+00:00","og_image":[{"width":1000,"height":1000,"url":"https:\/\/hoyre.no\/content\/uploads\/sites\/212\/2022\/11\/Hoyres-logo.png","type":"image\/png"}],"author":"Torhild \u00d8sten\u00e5 Larsen","twitter_card":"summary_large_image","twitter_misc":{"Skrevet av":"Torhild \u00d8sten\u00e5 Larsen","Ansl. lesetid":"3 minutter"},"schema":{"@context":"https:\/\/schema.org","@graph":[{"@type":"NewsArticle","@id":"https:\/\/hoyre.no\/stavanger\/aktuelt\/ny-leder-av-stavanger-hoyre\/","url":"https:\/\/hoyre.no\/stavanger\/aktuelt\/ny-leder-av-stavanger-hoyre\/","name":"Ny leder av Stavanger H\u00f8yre - Stavanger H\u00f8yre","isPartOf":{"@id":"https:\/\/hoyre.no\/stavanger\/#website"},"datePublished":"2023-01-20T15:40:28+00:00","dateModified":"2023-01-21T07:58:25+00:00","author":{"@id":"https:\/\/hoyre.no\/stavanger\/#\/schema\/person\/6bff9b4fb96ce00ecc81562e4aab3e44"},"breadcrumb":{"@id":"https:\/\/hoyre.no\/stavanger\/aktuelt\/ny-leder-av-stavanger-hoyre\/#breadcrumb"},"inLanguage":"nb-NO","potentialAction":[{"@type":"ReadAction","target":["https:\/\/hoyre.no\/stavanger\/aktuelt\/ny-leder-av-stavanger-hoyre\/"]}]},{"@type":"BreadcrumbList","@id":"https:\/\/hoyre.no\/stavanger\/aktuelt\/ny-leder-av-stavanger-hoyre\/#breadcrumb","itemListElement":[{"@type":"ListItem","position":1,"name":"Til hoyre.no","item":"https:\/\/hoyre.no"},{"@type":"ListItem","position":2,"name":"Hjem","item":"https:\/\/hoyre.no\/stavanger\/"},{"@type":"ListItem","position":3,"name":"Ny leder av Stavanger H\u00f8yre"}]},{"@type":"WebSite","@id":"https:\/\/hoyre.no\/stavanger\/#website","url":"https:\/\/hoyre.no\/stavanger\/","name":"Stavanger H\u00f8yre","description":"Bare enda et H\u00f8yres nettsteder-nettsted","inLanguage":"nb-NO"},{"@type":"Person","@id":"https:\/\/hoyre.no\/stavanger\/#\/schema\/person\/6bff9b4fb96ce00ecc81562e4aab3e44","name":"Torhild \u00d8sten\u00e5 Larsen","image":{"@type":"ImageObject","inLanguage":"nb-NO","@id":"https:\/\/hoyre.no\/stavanger\/#\/schema\/person\/image\/","url":"https:\/\/secure.gravatar.com\/avatar\/bb8b78fff9ae7ebf108059a245a4f86a87ca86a5693c7cd69772b023fc6754e3?s=96&d=mm&r=g","contentUrl":"https:\/\/secure.gravatar.com\/avatar\/bb8b78fff9ae7ebf108059a245a4f86a87ca86a5693c7cd69772b023fc6754e3?s=96&d=mm&r=g","caption":"Torhild \u00d8sten\u00e5 Larsen"},"url":"https:\/\/hoyre.no\/stavanger\/aktuelt\/author\/m52121324\/"}]}},"distributor_meta":false,"distributor_terms":false,"distributor_media":false,"distributor_original_site_name":"Stavanger H\u00f8yre","distributor_original_site_url":"https:\/\/hoyre.no\/stavanger","push-errors":false,"_links":{"self":[{"href":"https:\/\/hoyre.no\/stavanger\/wp-json\/wp\/v2\/posts\/1542","targetHints":{"allow":["GET"]}}],"collection":[{"href":"https:\/\/hoyre.no\/stavanger\/wp-json\/wp\/v2\/posts"}],"about":[{"href":"https:\/\/hoyre.no\/stavanger\/wp-json\/wp\/v2\/types\/post"}],"author":[{"embeddable":true,"href":"https:\/\/hoyre.no\/stavanger\/wp-json\/wp\/v2\/users\/30950"}],"replies":[{"embeddable":true,"href":"https:\/\/hoyre.no\/stavanger\/wp-json\/wp\/v2\/comments?post=1542"}],"version-history":[{"count":3,"href":"https:\/\/hoyre.no\/stavanger\/wp-json\/wp\/v2\/posts\/1542\/revisions"}],"predecessor-version":[{"id":1549,"href":"https:\/\/hoyre.no\/stavanger\/wp-json\/wp\/v2\/posts\/1542\/revisions\/1549"}],"wp:attachment":[{"href":"https:\/\/hoyre.no\/stavanger\/wp-json\/wp\/v2\/media?parent=1542"}],"wp:term":[{"taxonomy":"category","embeddable":true,"href":"https:\/\/hoyre.no\/stavanger\/wp-json\/wp\/v2\/category?post=1542"},{"taxonomy":"post_tag","embeddable":true,"href":"https:\/\/hoyre.no\/stavanger\/wp-json\/wp\/v2\/post_tag?post=1542"},{"taxonomy":"hoyre-visibility","embeddable":true,"href":"https:\/\/hoyre.no\/stavanger\/wp-json\/wp\/v2\/hoyre-visibility?post=1542"},{"taxonomy":"article-type","embeddable":true,"href":"https:\/\/hoyre.no\/stavanger\/wp-json\/wp\/v2\/article-type?post=1542"},{"taxonomy":"politician","embeddable":true,"href":"https:\/\/hoyre.no\/stavanger\/wp-json\/wp\/v2\/politician?post=1542"}],"curies":[{"name":"wp","href":"https:\/\/api.w.org\/{rel}","templated":true}]}}