{"id":1842,"date":"2023-03-08T07:22:00","date_gmt":"2023-03-08T06:22:00","guid":{"rendered":"https:\/\/hoyre.no\/stavanger\/?p=1842"},"modified":"2023-03-08T07:22:10","modified_gmt":"2023-03-08T06:22:10","slug":"gratulerer-med-kvinnedagen","status":"publish","type":"post","link":"https:\/\/hoyre.no\/stavanger\/aktuelt\/gratulerer-med-kvinnedagen\/","title":{"rendered":"Gratulerer med kvinnedagen!"},"content":{"rendered":"\n<p class=\"preamble\">B\u00e5de min mor og bestemor har v\u00e6rt mine forbilder ved \u00e5 st\u00e5 opp for seg selv som kvinner, sier Randi Karin Sudmann Tunheim, ansvarlig for kvinnenettverket i Stavanger H\u00f8yre.<\/p>\t\t\t<div class=\"post-meta wp-block teft-byline-wrapper\">\n\t\t\t\t<div class=\"top\">\n\t\t\t\t\t<div class=\"signature\">\n\t\t\t\t\t\t<div class=\"teft-byline\">\n\t\t\t\t\t\t\t\t\t\t\t\t\t\t<div>\n\t\t\t\t\t\t\t\t<h3>H\u00f8yres redaksjon<\/h3>\t\t\t\t\t\t\t\t\n\t\t\t\t\t\t\t\t\t\t\t\t\t\t\t\t\t<span class=\"date\">Sist oppdatert: 8. mars 2023<\/span>\n\t\t\t\t\t\t\t\t\t\t\t\t\t\t\t\t\t\t\t\t\t\t\t\t\t<span class=\"reading-time\" itemprop=\"timeRequired\" content=\"PT2M\"><em>Ca. 2 minutter lesetid<\/em><\/span>\n\t\t\t\t\t\t\t\t\t\t\t\t\t\t\t<\/div>\n\t\t\t\t\t\t<\/div>\n\t\t\t\t\t<\/div>\n\t\t\t\t\t\t<div class=\"sharing\">\n\t\t<a class=\"share-button share-link copy-link\" data-copy=\"https:\/\/hoyre.no\/stavanger\/aktuelt\/gratulerer-med-kvinnedagen\/\" target=\"_blank\"><span class=\"screen-reader-text\">Del link<\/span><\/a>\n\t\t<a class=\"share-button share-twitter\" href=\"http:\/\/twitter.com\/share?text=Gratulerer med kvinnedagen!&#038;url=https:\/\/hoyre.no\/stavanger\/aktuelt\/gratulerer-med-kvinnedagen\/&#038;hashtags=Hoyre\" target=\"_blank\"><span class=\"screen-reader-text\">Del p\u00e5 twitter<\/span><\/a>\n\t\t<a class=\"share-button share-facebook\" href=\"https:\/\/www.facebook.com\/sharer\/sharer.php?u=https:\/\/hoyre.no\/stavanger\/aktuelt\/gratulerer-med-kvinnedagen\/\" target=\"_blank\"><span class=\"screen-reader-text\">Del p\u00e5 facebook<\/span><\/a>\n\t<\/div>\n\t\t\t\t\t<\/div>\n\t\t\t<\/div>\n\n\t\t\t<figure class=\"hoyre-image-wrapper\"><div class=\"hoyre-image\"><img loading=\"lazy\" decoding=\"async\" width=\"1170\" height=\"1170\" src=\"https:\/\/hoyre.no\/content\/uploads\/sites\/212\/2023\/03\/IMG_8298.jpg\" class=\"attachment-scaled size-scaled\" alt=\"\" style=\"object-position: 55.00000000000001% 90%\" srcset=\"https:\/\/hoyre.no\/content\/uploads\/sites\/212\/2023\/03\/IMG_8298.jpg 1170w, https:\/\/hoyre.no\/content\/uploads\/sites\/212\/2023\/03\/IMG_8298-300x300.jpg 300w, https:\/\/hoyre.no\/content\/uploads\/sites\/212\/2023\/03\/IMG_8298-1024x1024.jpg 1024w, https:\/\/hoyre.no\/content\/uploads\/sites\/212\/2023\/03\/IMG_8298-150x150.jpg 150w, https:\/\/hoyre.no\/content\/uploads\/sites\/212\/2023\/03\/IMG_8298-768x768.jpg 768w\" sizes=\"auto, (max-width: 1170px) 100vw, 1170px\" \/><\/div><figcaption class=\"caption\">RANDU KARIN SUDMANN TUNHEIM, ANSVARLIG FOR STAVANGER H\u00d8YRES KVINNENETTVERK OG MEDLEM AV 8. MARS-KOMITEEN<\/figcaption><\/figure>\n\n\n\n\n<p>8. mars er den internasjonale kvinnedagen. Sammen med resten av H\u00f8yres kvinnenettverk, h\u00e5per Randi Karin Sudmann Tunheim at mange m\u00f8ter opp p\u00e5 markeringen i Byparken kl. 17:00.<br><br>&#8211; Jeg \u00f8nsker at \u00e5rets markering skal bevisstgj\u00f8re alle at det er flere ting i samfunnet som ikke er p\u00e5 plass, og som vil v\u00e6re til fordel for alle at vi tar tak i, sier Sudmann Tunheim.<br><br>H\u00f8yres kvinnenettverk fikk gjennomslag for to paroler i \u00e5rets 8. mars tog &#8211; prioriter etterforskning av voldtekt og likestilt skift- og turnusarbeid.<\/p>\n\n\n\n<p><strong>Prioriter etterforskning av voldtekt<\/strong><br>Tall fra Norsk kunnskapssenter om vold og traumatisk stress (NKVTS) viser at 1 av 5 norske kvinner har blitt voldtatt. Samtidig opplever kun 1 av 20 voldtekts- og overgrepsutsatte at gjerningspersonen ble d\u00f8mt. <br><br>&#8211; Tallenes tale n\u00e5r det gjelder voldtekt viser at vi gj\u00f8r for lite &#8211;  i forebygging mot voldtekt, men ogs\u00e5 etter at voldtekten har skjedd, sier Sudmann Tunheim. <\/p>\n\n\n\n<p><strong>Likestill skift- og turnusarbeid<\/strong><br>Turnusarbeidere i helsesektoren har 35,5 timers arbeidsuke, mens skiftarbeidere i industrien arbeider 33,6 timers uker. Det inneb\u00e6rer at en sykepleier p\u00e5 et sykehjem m\u00e5 arbeidere flere timer enn en sveiser i industrien &#8211; selv om begge har en 100 prosent stilling. Det er problematisk mener Randi Karin.<br><br>&#8211; Gang p\u00e5 gang ser vi at yrker hvor kvinner oftest utgj\u00f8r st\u00f8rst andel av arbeidsstyrken har andre premisser enn for yrker som tradisjonelt er mannsdominerte. Slik skal det ikke v\u00e6re i 2023, sier Randi Karin.<\/p>\n\n\n\n<p><strong>Markering av kvinnedagen er fortsatt viktig<\/strong><br>&#8211; Selv om Norge ligger langt foran mange andre land, har vi ikke kommet i m\u00e5l med likestillingsarbeidet. Samtidig m\u00e5 vi vise at vi st\u00e5r sammen med kvinner i andre land, som ikke er i n\u00e6rheten av \u00e5 ha de mulighetene vi har, sier Sudmann Tunheim. <\/p>\n\n\n\n<p>Randi Karin p\u00e5peker at kvinnenettverket i Stavanger H\u00f8yre arbeider aktivt med likestilling p\u00e5 ulike plan, som mer fokus p\u00e5 forskning p\u00e5 kvinnesykdommer, flere kvinner i lederposisjoner og rekrutering av kvinner inn i politikken. Samtidig er man opptatt av at likestilling skal g\u00e5 begge veier.<\/p>\n\n\n\n<p>&#8211; For eksempel vil vi i H\u00f8yre at skolen v\u00e6re en plass hvor alle lykkes. Da kan vi ikke akseptere at gutter over tid viser seg \u00e5 ha svakere lese- og skriveferdigheter enn jenter, avslutter Sudmann Tunheim.<\/p>\n\n\n<div class=\"tags\">\n\t<\/div>\n<div class=\"post-footer alignfull has-background block-editor-block-list__block\" data-align=full>\n\t<div class=\"post-footer-inner\">\n\t\t<h3>Relaterte artikler<\/h3>\n\t\t<div class=\"related-content\"><div class=\"is-card-hoyre\">\n\t<div class=\"teft-card hoyre-teft-card post-teft-card\">\n\t\t<a href=\"https:\/\/hoyre.no\/stavanger\/aktuelt\/hvem-bor-representere-hoyre-i-bystyret-neste-periode\/\" class=\"teft-card__primary-action\">\n\n\t\t\t<div class=\"teft-card__media teft-card__media--16-9 no-image\"><\/div>\n\t\t\t<div class=\"teft-card__content-wrapper\">\n\t\t\t\t<div class=\"teft-card__secondary\">\n\t\t\t\t\t\n\t\t\t\t\t\t\t\t<div class=\"teft-card__meta\">\n\t\t\t\t\t\t\t\t\t<span class=\"post-date\">12. feb 2026<\/span>\n\n\t\t\t\t\t\t\t\t\t\t\t\t\t\t\t\t\t<\/div>\n\t\t\t\t\t\t\t\t\t\t\t<\/div>\n\n\t\t\t\t<div class=\"teft-card__primary\">\n\t\t\t\t\t<h2 class=\"teft-card__title\">Lokalvalget 2027 &#8211; Stavanger H\u00f8yres nominasjonsprosess&nbsp;<span class=\"teft-card__primary-title-append\"><\/span><\/h2>\t\t\t\t<\/div>\n\t\t\t<\/div>\n\t\t<\/a>\n\t<\/div>\n\n\t<\/div><div class=\"is-card-hoyre\">\n\t<div class=\"teft-card hoyre-teft-card post-teft-card\">\n\t\t<a href=\"https:\/\/hoyre.no\/stavanger\/aktuelt\/datoplan-for-nominasjons-prosessen\/\" class=\"teft-card__primary-action\">\n\n\t\t\t<div class=\"teft-card__media teft-card__media--16-9 no-image\"><\/div>\n\t\t\t<div class=\"teft-card__content-wrapper\">\n\t\t\t\t<div class=\"teft-card__secondary\">\n\t\t\t\t\t\n\t\t\t\t\t\t\t\t<div class=\"teft-card__meta\">\n\t\t\t\t\t\t\t\t\t<span class=\"post-date\">9. feb 2026<\/span>\n\n\t\t\t\t\t\t\t\t\t<span class=\"post-category\">Nyheter<\/span>\t\t\t\t\t\t\t\t<\/div>\n\t\t\t\t\t\t\t\t\t\t\t<\/div>\n\n\t\t\t\t<div class=\"teft-card__primary\">\n\t\t\t\t\t<h2 class=\"teft-card__title\">Datoplan for nominasjons-prosessen&nbsp;<span class=\"teft-card__primary-title-append\"><\/span><\/h2>\t\t\t\t<\/div>\n\t\t\t<\/div>\n\t\t<\/a>\n\t<\/div>\n\n\t<\/div><div class=\"is-card-hoyre\">\n\t<div class=\"teft-card hoyre-teft-card post-teft-card\">\n\t\t<a href=\"https:\/\/hoyre.no\/stavanger\/aktuelt\/rogaland-hoyre-arsmote-2026\/\" class=\"teft-card__primary-action\">\n\n\t\t\t<div class=\"teft-card__media teft-card__media--16-9 no-image\"><\/div>\n\t\t\t<div class=\"teft-card__content-wrapper\">\n\t\t\t\t<div class=\"teft-card__secondary\">\n\t\t\t\t\t\n\t\t\t\t\t\t\t\t<div class=\"teft-card__meta\">\n\t\t\t\t\t\t\t\t\t<span class=\"post-date\">8. feb 2026<\/span>\n\n\t\t\t\t\t\t\t\t\t\t\t\t\t\t\t\t\t<\/div>\n\t\t\t\t\t\t\t\t\t\t\t<\/div>\n\n\t\t\t\t<div class=\"teft-card__primary\">\n\t\t\t\t\t<h2 class=\"teft-card__title\">Vedtatt politikk &#8211; Stavanger H\u00f8yre \u00c5rsm\u00f8te 2025&nbsp;<span class=\"teft-card__primary-title-append\"><\/span><\/h2>\t\t\t\t<\/div>\n\t\t\t<\/div>\n\t\t<\/a>\n\t<\/div>\n\n\t<\/div><\/div>\t<\/div>\n<\/div>\n","protected":false},"excerpt":{"rendered":"","protected":false},"author":30950,"featured_media":0,"comment_status":"closed","ping_status":"closed","sticky":false,"template":"","format":"standard","meta":{"teft_cards_image_url":"","teft_cards_custom_pretitle":"","teft_cards_image_id":1971,"teft_cards_image_focal_point_x":0.33,"teft_cards_image_focal_point_y":0.5,"teft_cards_title":"","teft_cards_excerpt":"","teft_show_chapters":false,"author_display_name":"","footnotes":""},"category":[1],"post_tag":[],"hoyre-visibility":[],"article-type":[],"politician":[],"class_list":["post-1842","post","type-post","status-publish","format-standard","hentry","category-nyheter"],"yoast_head":"<!-- This site is optimized with the Yoast SEO plugin v26.6 - https:\/\/yoast.com\/wordpress\/plugins\/seo\/ -->\n<title>Gratulerer med kvinnedagen! - Stavanger H\u00f8yre<\/title>\n<meta name=\"robots\" content=\"index, follow, max-snippet:-1, max-image-preview:large, max-video-preview:-1\" \/>\n<link rel=\"canonical\" href=\"https:\/\/hoyre.no\/stavanger\/aktuelt\/gratulerer-med-kvinnedagen\/\" \/>\n<meta property=\"og:locale\" content=\"nb_NO\" \/>\n<meta property=\"og:type\" content=\"article\" \/>\n<meta property=\"og:title\" content=\"Gratulerer med kvinnedagen! - Stavanger H\u00f8yre\" \/>\n<meta property=\"og:url\" content=\"https:\/\/hoyre.no\/stavanger\/aktuelt\/gratulerer-med-kvinnedagen\/\" \/>\n<meta property=\"og:site_name\" content=\"Stavanger H\u00f8yre\" \/>\n<meta property=\"article:published_time\" content=\"2023-03-08T06:22:00+00:00\" \/>\n<meta property=\"article:modified_time\" content=\"2023-03-08T06:22:10+00:00\" \/>\n<meta property=\"og:image\" content=\"https:\/\/hoyre.no\/content\/uploads\/sites\/212\/2022\/11\/Hoyres-logo.png\" \/>\n\t<meta property=\"og:image:width\" content=\"1000\" \/>\n\t<meta property=\"og:image:height\" content=\"1000\" \/>\n\t<meta property=\"og:image:type\" content=\"image\/png\" \/>\n<meta name=\"author\" content=\"Torhild \u00d8sten\u00e5 Larsen\" \/>\n<meta name=\"twitter:card\" content=\"summary_large_image\" \/>\n<meta name=\"twitter:label1\" content=\"Skrevet av\" \/>\n\t<meta name=\"twitter:data1\" content=\"Torhild \u00d8sten\u00e5 Larsen\" \/>\n\t<meta name=\"twitter:label2\" content=\"Ansl. lesetid\" \/>\n\t<meta name=\"twitter:data2\" content=\"3 minutter\" \/>\n<script type=\"application\/ld+json\" class=\"yoast-schema-graph\">{\"@context\":\"https:\/\/schema.org\",\"@graph\":[{\"@type\":\"NewsArticle\",\"@id\":\"https:\/\/hoyre.no\/stavanger\/aktuelt\/gratulerer-med-kvinnedagen\/\",\"url\":\"https:\/\/hoyre.no\/stavanger\/aktuelt\/gratulerer-med-kvinnedagen\/\",\"name\":\"Gratulerer med kvinnedagen! - Stavanger H\u00f8yre\",\"isPartOf\":{\"@id\":\"https:\/\/hoyre.no\/stavanger\/#website\"},\"datePublished\":\"2023-03-08T06:22:00+00:00\",\"dateModified\":\"2023-03-08T06:22:10+00:00\",\"author\":{\"@id\":\"https:\/\/hoyre.no\/stavanger\/#\/schema\/person\/6bff9b4fb96ce00ecc81562e4aab3e44\"},\"breadcrumb\":{\"@id\":\"https:\/\/hoyre.no\/stavanger\/aktuelt\/gratulerer-med-kvinnedagen\/#breadcrumb\"},\"inLanguage\":\"nb-NO\",\"potentialAction\":[{\"@type\":\"ReadAction\",\"target\":[\"https:\/\/hoyre.no\/stavanger\/aktuelt\/gratulerer-med-kvinnedagen\/\"]}]},{\"@type\":\"BreadcrumbList\",\"@id\":\"https:\/\/hoyre.no\/stavanger\/aktuelt\/gratulerer-med-kvinnedagen\/#breadcrumb\",\"itemListElement\":[{\"@type\":\"ListItem\",\"position\":1,\"name\":\"Til hoyre.no\",\"item\":\"https:\/\/hoyre.no\"},{\"@type\":\"ListItem\",\"position\":2,\"name\":\"Hjem\",\"item\":\"https:\/\/hoyre.no\/stavanger\/\"},{\"@type\":\"ListItem\",\"position\":3,\"name\":\"Gratulerer med kvinnedagen!\"}]},{\"@type\":\"WebSite\",\"@id\":\"https:\/\/hoyre.no\/stavanger\/#website\",\"url\":\"https:\/\/hoyre.no\/stavanger\/\",\"name\":\"Stavanger H\u00f8yre\",\"description\":\"Bare enda et H\u00f8yres nettsteder-nettsted\",\"inLanguage\":\"nb-NO\"},{\"@type\":\"Person\",\"@id\":\"https:\/\/hoyre.no\/stavanger\/#\/schema\/person\/6bff9b4fb96ce00ecc81562e4aab3e44\",\"name\":\"Torhild \u00d8sten\u00e5 Larsen\",\"image\":{\"@type\":\"ImageObject\",\"inLanguage\":\"nb-NO\",\"@id\":\"https:\/\/hoyre.no\/stavanger\/#\/schema\/person\/image\/\",\"url\":\"https:\/\/secure.gravatar.com\/avatar\/bb8b78fff9ae7ebf108059a245a4f86a87ca86a5693c7cd69772b023fc6754e3?s=96&d=mm&r=g\",\"contentUrl\":\"https:\/\/secure.gravatar.com\/avatar\/bb8b78fff9ae7ebf108059a245a4f86a87ca86a5693c7cd69772b023fc6754e3?s=96&d=mm&r=g\",\"caption\":\"Torhild \u00d8sten\u00e5 Larsen\"},\"url\":\"https:\/\/hoyre.no\/stavanger\/aktuelt\/author\/m52121324\/\"}]}<\/script>\n<!-- \/ Yoast SEO plugin. -->","yoast_head_json":{"title":"Gratulerer med kvinnedagen! - Stavanger H\u00f8yre","robots":{"index":"index","follow":"follow","max-snippet":"max-snippet:-1","max-image-preview":"max-image-preview:large","max-video-preview":"max-video-preview:-1"},"canonical":"https:\/\/hoyre.no\/stavanger\/aktuelt\/gratulerer-med-kvinnedagen\/","og_locale":"nb_NO","og_type":"article","og_title":"Gratulerer med kvinnedagen! - Stavanger H\u00f8yre","og_url":"https:\/\/hoyre.no\/stavanger\/aktuelt\/gratulerer-med-kvinnedagen\/","og_site_name":"Stavanger H\u00f8yre","article_published_time":"2023-03-08T06:22:00+00:00","article_modified_time":"2023-03-08T06:22:10+00:00","og_image":[{"width":1000,"height":1000,"url":"https:\/\/hoyre.no\/content\/uploads\/sites\/212\/2022\/11\/Hoyres-logo.png","type":"image\/png"}],"author":"Torhild \u00d8sten\u00e5 Larsen","twitter_card":"summary_large_image","twitter_misc":{"Skrevet av":"Torhild \u00d8sten\u00e5 Larsen","Ansl. lesetid":"3 minutter"},"schema":{"@context":"https:\/\/schema.org","@graph":[{"@type":"NewsArticle","@id":"https:\/\/hoyre.no\/stavanger\/aktuelt\/gratulerer-med-kvinnedagen\/","url":"https:\/\/hoyre.no\/stavanger\/aktuelt\/gratulerer-med-kvinnedagen\/","name":"Gratulerer med kvinnedagen! - Stavanger H\u00f8yre","isPartOf":{"@id":"https:\/\/hoyre.no\/stavanger\/#website"},"datePublished":"2023-03-08T06:22:00+00:00","dateModified":"2023-03-08T06:22:10+00:00","author":{"@id":"https:\/\/hoyre.no\/stavanger\/#\/schema\/person\/6bff9b4fb96ce00ecc81562e4aab3e44"},"breadcrumb":{"@id":"https:\/\/hoyre.no\/stavanger\/aktuelt\/gratulerer-med-kvinnedagen\/#breadcrumb"},"inLanguage":"nb-NO","potentialAction":[{"@type":"ReadAction","target":["https:\/\/hoyre.no\/stavanger\/aktuelt\/gratulerer-med-kvinnedagen\/"]}]},{"@type":"BreadcrumbList","@id":"https:\/\/hoyre.no\/stavanger\/aktuelt\/gratulerer-med-kvinnedagen\/#breadcrumb","itemListElement":[{"@type":"ListItem","position":1,"name":"Til hoyre.no","item":"https:\/\/hoyre.no"},{"@type":"ListItem","position":2,"name":"Hjem","item":"https:\/\/hoyre.no\/stavanger\/"},{"@type":"ListItem","position":3,"name":"Gratulerer med kvinnedagen!"}]},{"@type":"WebSite","@id":"https:\/\/hoyre.no\/stavanger\/#website","url":"https:\/\/hoyre.no\/stavanger\/","name":"Stavanger H\u00f8yre","description":"Bare enda et H\u00f8yres nettsteder-nettsted","inLanguage":"nb-NO"},{"@type":"Person","@id":"https:\/\/hoyre.no\/stavanger\/#\/schema\/person\/6bff9b4fb96ce00ecc81562e4aab3e44","name":"Torhild \u00d8sten\u00e5 Larsen","image":{"@type":"ImageObject","inLanguage":"nb-NO","@id":"https:\/\/hoyre.no\/stavanger\/#\/schema\/person\/image\/","url":"https:\/\/secure.gravatar.com\/avatar\/bb8b78fff9ae7ebf108059a245a4f86a87ca86a5693c7cd69772b023fc6754e3?s=96&d=mm&r=g","contentUrl":"https:\/\/secure.gravatar.com\/avatar\/bb8b78fff9ae7ebf108059a245a4f86a87ca86a5693c7cd69772b023fc6754e3?s=96&d=mm&r=g","caption":"Torhild \u00d8sten\u00e5 Larsen"},"url":"https:\/\/hoyre.no\/stavanger\/aktuelt\/author\/m52121324\/"}]}},"distributor_meta":false,"distributor_terms":false,"distributor_media":false,"distributor_original_site_name":"Stavanger H\u00f8yre","distributor_original_site_url":"https:\/\/hoyre.no\/stavanger","push-errors":false,"_links":{"self":[{"href":"https:\/\/hoyre.no\/stavanger\/wp-json\/wp\/v2\/posts\/1842","targetHints":{"allow":["GET"]}}],"collection":[{"href":"https:\/\/hoyre.no\/stavanger\/wp-json\/wp\/v2\/posts"}],"about":[{"href":"https:\/\/hoyre.no\/stavanger\/wp-json\/wp\/v2\/types\/post"}],"author":[{"embeddable":true,"href":"https:\/\/hoyre.no\/stavanger\/wp-json\/wp\/v2\/users\/30950"}],"replies":[{"embeddable":true,"href":"https:\/\/hoyre.no\/stavanger\/wp-json\/wp\/v2\/comments?post=1842"}],"version-history":[{"count":11,"href":"https:\/\/hoyre.no\/stavanger\/wp-json\/wp\/v2\/posts\/1842\/revisions"}],"predecessor-version":[{"id":1982,"href":"https:\/\/hoyre.no\/stavanger\/wp-json\/wp\/v2\/posts\/1842\/revisions\/1982"}],"wp:attachment":[{"href":"https:\/\/hoyre.no\/stavanger\/wp-json\/wp\/v2\/media?parent=1842"}],"wp:term":[{"taxonomy":"category","embeddable":true,"href":"https:\/\/hoyre.no\/stavanger\/wp-json\/wp\/v2\/category?post=1842"},{"taxonomy":"post_tag","embeddable":true,"href":"https:\/\/hoyre.no\/stavanger\/wp-json\/wp\/v2\/post_tag?post=1842"},{"taxonomy":"hoyre-visibility","embeddable":true,"href":"https:\/\/hoyre.no\/stavanger\/wp-json\/wp\/v2\/hoyre-visibility?post=1842"},{"taxonomy":"article-type","embeddable":true,"href":"https:\/\/hoyre.no\/stavanger\/wp-json\/wp\/v2\/article-type?post=1842"},{"taxonomy":"politician","embeddable":true,"href":"https:\/\/hoyre.no\/stavanger\/wp-json\/wp\/v2\/politician?post=1842"}],"curies":[{"name":"wp","href":"https:\/\/api.w.org\/{rel}","templated":true}]}}