{"id":2503,"date":"2023-08-14T14:15:23","date_gmt":"2023-08-14T12:15:23","guid":{"rendered":"https:\/\/hoyre.no\/stavanger\/?p=2503"},"modified":"2023-08-14T18:20:51","modified_gmt":"2023-08-14T16:20:51","slug":"semesterstart-og-fadderuke-velkommen-til-studentbyen-stavanger","status":"publish","type":"post","link":"https:\/\/hoyre.no\/stavanger\/aktuelt\/semesterstart-og-fadderuke-velkommen-til-studentbyen-stavanger\/","title":{"rendered":"Semesterstart og fadderuke &#8211; velkommen til studentbyen Stavanger"},"content":{"rendered":"\n<p class=\"preamble\">&#8211; Semester\u00e5pning og fadderuken er startskuddet for et nytt studie\u00e5r i Stavanger. N\u00e5 skal campus og byens gater fylles opp med studenter, sier Jonas Molde Hollund<\/p>\t\t\t<div class=\"post-meta wp-block teft-byline-wrapper\">\n\t\t\t\t<div class=\"top\">\n\t\t\t\t\t<div class=\"signature\">\n\t\t\t\t\t\t<div class=\"teft-byline\">\n\t\t\t\t\t\t\t\t\t\t\t\t\t\t<div>\n\t\t\t\t\t\t\t\t<h3>H\u00f8yres redaksjon<\/h3>\t\t\t\t\t\t\t\t\n\t\t\t\t\t\t\t\t\t\t\t\t\t\t\t\t\t<span class=\"date\">Sist oppdatert: 14. august 2023<\/span>\n\t\t\t\t\t\t\t\t\t\t\t\t\t\t\t\t\t\t\t\t\t\t\t\t\t<span class=\"reading-time\" itemprop=\"timeRequired\" content=\"PT3M\"><em>Ca. 3 minutter lesetid<\/em><\/span>\n\t\t\t\t\t\t\t\t\t\t\t\t\t\t\t<\/div>\n\t\t\t\t\t\t<\/div>\n\t\t\t\t\t<\/div>\n\t\t\t\t\t\t<div class=\"sharing\">\n\t\t<a class=\"share-button share-link copy-link\" data-copy=\"https:\/\/hoyre.no\/stavanger\/aktuelt\/semesterstart-og-fadderuke-velkommen-til-studentbyen-stavanger\/\" target=\"_blank\"><span class=\"screen-reader-text\">Del link<\/span><\/a>\n\t\t<a class=\"share-button share-twitter\" href=\"http:\/\/twitter.com\/share?text=Semesterstart og fadderuke &#8211; velkommen til studentbyen Stavanger&#038;url=https:\/\/hoyre.no\/stavanger\/aktuelt\/semesterstart-og-fadderuke-velkommen-til-studentbyen-stavanger\/&#038;hashtags=Hoyre\" target=\"_blank\"><span class=\"screen-reader-text\">Del p\u00e5 twitter<\/span><\/a>\n\t\t<a class=\"share-button share-facebook\" href=\"https:\/\/www.facebook.com\/sharer\/sharer.php?u=https:\/\/hoyre.no\/stavanger\/aktuelt\/semesterstart-og-fadderuke-velkommen-til-studentbyen-stavanger\/\" target=\"_blank\"><span class=\"screen-reader-text\">Del p\u00e5 facebook<\/span><\/a>\n\t<\/div>\n\t\t\t\t\t<\/div>\n\t\t\t<\/div>\n\n\t\t\t<figure class=\"hoyre-image-wrapper\"><div class=\"hoyre-image\"><img loading=\"lazy\" decoding=\"async\" width=\"3375\" height=\"3375\" src=\"https:\/\/hoyre.no\/content\/uploads\/sites\/212\/2023\/08\/BILDE-kvadrat-1.png\" class=\"attachment-scaled size-scaled\" alt=\"\" style=\"object-position: 47% 10%\" srcset=\"https:\/\/hoyre.no\/content\/uploads\/sites\/212\/2023\/08\/BILDE-kvadrat-1.png 3375w, https:\/\/hoyre.no\/content\/uploads\/sites\/212\/2023\/08\/BILDE-kvadrat-1-300x300.png 300w, https:\/\/hoyre.no\/content\/uploads\/sites\/212\/2023\/08\/BILDE-kvadrat-1-1024x1024.png 1024w, https:\/\/hoyre.no\/content\/uploads\/sites\/212\/2023\/08\/BILDE-kvadrat-1-150x150.png 150w, https:\/\/hoyre.no\/content\/uploads\/sites\/212\/2023\/08\/BILDE-kvadrat-1-768x768.png 768w, https:\/\/hoyre.no\/content\/uploads\/sites\/212\/2023\/08\/BILDE-kvadrat-1-1536x1536.png 1536w, https:\/\/hoyre.no\/content\/uploads\/sites\/212\/2023\/08\/BILDE-kvadrat-1-2048x2048.png 2048w\" sizes=\"auto, (max-width: 3375px) 100vw, 3375px\" \/><\/div><figcaption class=\"caption\">JONAS MOLDE HOLLUND, UNGDOMSKANDIDAT STAVANGER H\u00d8YRE<\/figcaption><\/figure>\n\n\n\n\n<p>&#8211; H\u00f8yre sitt m\u00e5l er at Stavanger skal v\u00e6re en s\u00e5 attraktiv studentby at flere velger \u00e5 studere her, og studentene trives s\u00e5 godt at de blir igjen etter endt utdanning, sier Jonas Molde Hollund.<\/p>\n\n\n\n<p>Som student og lokalpolitiker, er Jonas tilstede p\u00e5 Campus i forbindelse med \u00e5pningen av det nye studie\u00e5ret. <\/p>\n\n\n\n<p>&#8211; Det er god stemning p\u00e5 campus. N\u00e5 skal vi bruke dagen og uken p\u00e5 \u00e5 \u00f8nske alle studenter velkommen til Stavanger og gjennomf\u00f8re en flott fadderuke, sier Molde Hollund.<\/p>\n\n\n\n<p><strong>Studentbyen Stavanger<\/strong><br>&#8211; I Stavanger er vi s\u00e5 heldige \u00e5 ha flere gode utdanningsinstitusjoner. Vi skal legge til rette for at Stavanger ikke bare er en by hvor studentene studerer og jobber, men en by hvor studentene opplever h\u00f8y trivsel, sier Molde Hollund.<\/p>\n\n\n\n<p>Hollund trekker frem at studentene og deres studiehverdag er variert, og p\u00e5peker at det er viktig \u00e5 legge til rette for at alle deler av studiehverdagen.<\/p>\n\n\n\n<p>&#8211; Studentenes deltakelse i kultur- og samfunnsliv bidrar til et mangfoldig tilbud til alle byens innbyggere. Samtidig m\u00e5 vi ta p\u00e5 alvor de utfordringene studentene melder innenfor helsetilbud og tilgang p\u00e5 studentboliger for \u00e5 nevne noe, avslutter Molde Hollund.<\/p>\n\n\n\n\t\t<div class=\"has-lightest-blue-background-color is-layout-left alignwide alignwide wp-block-hoyre-media-text\">\n\t\t\t<div class=\"hoyre-media-text__media\">\n\t\t\t\t<img loading=\"lazy\" decoding=\"async\" width=\"768\" height=\"1024\" src=\"https:\/\/hoyre.no\/content\/uploads\/sites\/212\/2023\/08\/20220801_072506906_iOS-768x1024.jpg\" class=\"hoyre-media-text__media-image\" alt=\"\" style=\"--focal: 50% 50%;\" srcset=\"https:\/\/hoyre.no\/content\/uploads\/sites\/212\/2023\/08\/20220801_072506906_iOS-768x1024.jpg 768w, https:\/\/hoyre.no\/content\/uploads\/sites\/212\/2023\/08\/20220801_072506906_iOS-225x300.jpg 225w, https:\/\/hoyre.no\/content\/uploads\/sites\/212\/2023\/08\/20220801_072506906_iOS-1152x1536.jpg 1152w, https:\/\/hoyre.no\/content\/uploads\/sites\/212\/2023\/08\/20220801_072506906_iOS-1536x2048.jpg 1536w, https:\/\/hoyre.no\/content\/uploads\/sites\/212\/2023\/08\/20220801_072506906_iOS-scaled.jpg 1875w\" sizes=\"auto, (max-width: 768px) 100vw, 768px\" \/>\n\t\t\t<\/div>\n\t\t\t<div class=\"hoyre-media-text__content\">\n\t\t\t\t<div class=\"hoyre-media-text__content-inner\">\n\t\t\t\t\t\n\t\t\t<div class=\"hoyre-media-text__title-container\">\n\t\t\t\t\n\t\t\t\t<h2 class=\"hoyre-media-text__title\">Noen av satsingsomr\u00e5dene til H\u00f8yre:<\/h2>\n\t\t\t<\/div>\n\t\t\t\n\t\t\t\t\t<div class=\"hoyre-media-text__blocks\">\n<p>&#8211; Samarbeide med studentorganisasjonene og s\u00f8rge for at de er en h\u00f8ringsinstans for kommunen.<\/p><p>&#8211; Sikre \u00f8konomiske tilskudd til studenthelsestasjonen for helsefremmede tiltak i regi av Studentsamskipnaden SiS.<\/p><p>&#8211; \u00d8ke aldersgrensen p\u00e5 helsestasjonen for ungdom fra 18 til 23 \u00e5r, slik at tilbudet kan benyttes av studentene.<\/p><p>&#8211; Arbeide for flere studentboliger, hovedsakelig p\u00e5 Campus Ullandhaug, med et m\u00e5l om min. 20 prosent dekningsgrad.<\/p><p>&#8211; Etablere et studenthus i sentrum som kan utfylle og supplere tilbudet studentene har p\u00e5 Campus Ullandhaug.<\/p><p>&#8211; Jobbe for \u00e5 tilby stipend og lignende ordninger for studier hvor det er identifisert behov for mer arbeidskraft i regionen, som rammes av at det innf\u00f8res studieavgift for utenlandske studenter.<\/p><p>&#8211; Stavanger og Rogaland har f\u00e6rrest studieplasser per innbygger i Norge. Dette vil vi endre.<\/p>\n<\/div>\n\t\t\t\t\t\n\t\t\t\t<\/div>\n\t\t\t<\/div>\n\t\t<\/div>\n\t\t\n\n<div class=\"tags\">\n\t<\/div>\n<div class=\"post-footer alignfull has-background block-editor-block-list__block\" data-align=full>\n\t<div class=\"post-footer-inner\">\n\t\t<h3>Relaterte artikler<\/h3>\n\t\t<div class=\"related-content\"><div class=\"is-card-hoyre\">\n\t<div class=\"teft-card hoyre-teft-card post-teft-card\">\n\t\t<a href=\"https:\/\/hoyre.no\/stavanger\/aktuelt\/hvem-bor-representere-hoyre-i-bystyret-neste-periode\/\" class=\"teft-card__primary-action\">\n\n\t\t\t<div class=\"teft-card__media teft-card__media--16-9 no-image\"><\/div>\n\t\t\t<div class=\"teft-card__content-wrapper\">\n\t\t\t\t<div class=\"teft-card__secondary\">\n\t\t\t\t\t\n\t\t\t\t\t\t\t\t<div class=\"teft-card__meta\">\n\t\t\t\t\t\t\t\t\t<span class=\"post-date\">12. feb 2026<\/span>\n\n\t\t\t\t\t\t\t\t\t\t\t\t\t\t\t\t\t<\/div>\n\t\t\t\t\t\t\t\t\t\t\t<\/div>\n\n\t\t\t\t<div class=\"teft-card__primary\">\n\t\t\t\t\t<h2 class=\"teft-card__title\">Lokalvalget 2027 &#8211; Stavanger H\u00f8yres nominasjonsprosess&nbsp;<span class=\"teft-card__primary-title-append\"><\/span><\/h2>\t\t\t\t<\/div>\n\t\t\t<\/div>\n\t\t<\/a>\n\t<\/div>\n\n\t<\/div><div class=\"is-card-hoyre\">\n\t<div class=\"teft-card hoyre-teft-card post-teft-card\">\n\t\t<a href=\"https:\/\/hoyre.no\/stavanger\/aktuelt\/datoplan-for-nominasjons-prosessen\/\" class=\"teft-card__primary-action\">\n\n\t\t\t<div class=\"teft-card__media teft-card__media--16-9 no-image\"><\/div>\n\t\t\t<div class=\"teft-card__content-wrapper\">\n\t\t\t\t<div class=\"teft-card__secondary\">\n\t\t\t\t\t\n\t\t\t\t\t\t\t\t<div class=\"teft-card__meta\">\n\t\t\t\t\t\t\t\t\t<span class=\"post-date\">9. feb 2026<\/span>\n\n\t\t\t\t\t\t\t\t\t<span class=\"post-category\">Nyheter<\/span>\t\t\t\t\t\t\t\t<\/div>\n\t\t\t\t\t\t\t\t\t\t\t<\/div>\n\n\t\t\t\t<div class=\"teft-card__primary\">\n\t\t\t\t\t<h2 class=\"teft-card__title\">Datoplan for nominasjons-prosessen&nbsp;<span class=\"teft-card__primary-title-append\"><\/span><\/h2>\t\t\t\t<\/div>\n\t\t\t<\/div>\n\t\t<\/a>\n\t<\/div>\n\n\t<\/div><div class=\"is-card-hoyre\">\n\t<div class=\"teft-card hoyre-teft-card post-teft-card\">\n\t\t<a href=\"https:\/\/hoyre.no\/stavanger\/aktuelt\/rogaland-hoyre-arsmote-2026\/\" class=\"teft-card__primary-action\">\n\n\t\t\t<div class=\"teft-card__media teft-card__media--16-9 no-image\"><\/div>\n\t\t\t<div class=\"teft-card__content-wrapper\">\n\t\t\t\t<div class=\"teft-card__secondary\">\n\t\t\t\t\t\n\t\t\t\t\t\t\t\t<div class=\"teft-card__meta\">\n\t\t\t\t\t\t\t\t\t<span class=\"post-date\">8. feb 2026<\/span>\n\n\t\t\t\t\t\t\t\t\t\t\t\t\t\t\t\t\t<\/div>\n\t\t\t\t\t\t\t\t\t\t\t<\/div>\n\n\t\t\t\t<div class=\"teft-card__primary\">\n\t\t\t\t\t<h2 class=\"teft-card__title\">Vedtatt politikk &#8211; Stavanger H\u00f8yre \u00c5rsm\u00f8te 2025&nbsp;<span class=\"teft-card__primary-title-append\"><\/span><\/h2>\t\t\t\t<\/div>\n\t\t\t<\/div>\n\t\t<\/a>\n\t<\/div>\n\n\t<\/div><\/div>\t<\/div>\n<\/div>\n","protected":false},"excerpt":{"rendered":"","protected":false},"author":30950,"featured_media":0,"comment_status":"closed","ping_status":"closed","sticky":false,"template":"","format":"standard","meta":{"teft_cards_image_url":"","teft_cards_custom_pretitle":"","teft_cards_image_id":2505,"teft_cards_image_focal_point_x":0.5,"teft_cards_image_focal_point_y":0.5,"teft_cards_title":"","teft_cards_excerpt":"","teft_show_chapters":false,"author_display_name":"","footnotes":""},"category":[1],"post_tag":[],"hoyre-visibility":[],"article-type":[],"politician":[],"class_list":["post-2503","post","type-post","status-publish","format-standard","hentry","category-nyheter"],"yoast_head":"<!-- This site is optimized with the Yoast SEO plugin v26.6 - https:\/\/yoast.com\/wordpress\/plugins\/seo\/ -->\n<title>Semesterstart og fadderuke - velkommen til studentbyen Stavanger - Stavanger H\u00f8yre<\/title>\n<meta name=\"robots\" content=\"index, follow, max-snippet:-1, max-image-preview:large, max-video-preview:-1\" \/>\n<link rel=\"canonical\" href=\"https:\/\/hoyre.no\/stavanger\/aktuelt\/semesterstart-og-fadderuke-velkommen-til-studentbyen-stavanger\/\" \/>\n<meta property=\"og:locale\" content=\"nb_NO\" \/>\n<meta property=\"og:type\" content=\"article\" \/>\n<meta property=\"og:title\" content=\"Semesterstart og fadderuke - velkommen til studentbyen Stavanger - Stavanger H\u00f8yre\" \/>\n<meta property=\"og:url\" content=\"https:\/\/hoyre.no\/stavanger\/aktuelt\/semesterstart-og-fadderuke-velkommen-til-studentbyen-stavanger\/\" \/>\n<meta property=\"og:site_name\" content=\"Stavanger H\u00f8yre\" \/>\n<meta property=\"article:published_time\" content=\"2023-08-14T12:15:23+00:00\" \/>\n<meta property=\"article:modified_time\" content=\"2023-08-14T16:20:51+00:00\" \/>\n<meta property=\"og:image\" content=\"https:\/\/hoyre.no\/content\/uploads\/sites\/212\/2022\/11\/Hoyres-logo.png\" \/>\n\t<meta property=\"og:image:width\" content=\"1000\" \/>\n\t<meta property=\"og:image:height\" content=\"1000\" \/>\n\t<meta property=\"og:image:type\" content=\"image\/png\" \/>\n<meta name=\"author\" content=\"Torhild \u00d8sten\u00e5 Larsen\" \/>\n<meta name=\"twitter:card\" content=\"summary_large_image\" \/>\n<meta name=\"twitter:label1\" content=\"Skrevet av\" \/>\n\t<meta name=\"twitter:data1\" content=\"Torhild \u00d8sten\u00e5 Larsen\" \/>\n\t<meta name=\"twitter:label2\" content=\"Ansl. lesetid\" \/>\n\t<meta name=\"twitter:data2\" content=\"2 minutter\" \/>\n<script type=\"application\/ld+json\" class=\"yoast-schema-graph\">{\"@context\":\"https:\/\/schema.org\",\"@graph\":[{\"@type\":\"NewsArticle\",\"@id\":\"https:\/\/hoyre.no\/stavanger\/aktuelt\/semesterstart-og-fadderuke-velkommen-til-studentbyen-stavanger\/\",\"url\":\"https:\/\/hoyre.no\/stavanger\/aktuelt\/semesterstart-og-fadderuke-velkommen-til-studentbyen-stavanger\/\",\"name\":\"Semesterstart og fadderuke - velkommen til studentbyen Stavanger - Stavanger H\u00f8yre\",\"isPartOf\":{\"@id\":\"https:\/\/hoyre.no\/stavanger\/#website\"},\"datePublished\":\"2023-08-14T12:15:23+00:00\",\"dateModified\":\"2023-08-14T16:20:51+00:00\",\"author\":{\"@id\":\"https:\/\/hoyre.no\/stavanger\/#\/schema\/person\/6bff9b4fb96ce00ecc81562e4aab3e44\"},\"breadcrumb\":{\"@id\":\"https:\/\/hoyre.no\/stavanger\/aktuelt\/semesterstart-og-fadderuke-velkommen-til-studentbyen-stavanger\/#breadcrumb\"},\"inLanguage\":\"nb-NO\",\"potentialAction\":[{\"@type\":\"ReadAction\",\"target\":[\"https:\/\/hoyre.no\/stavanger\/aktuelt\/semesterstart-og-fadderuke-velkommen-til-studentbyen-stavanger\/\"]}]},{\"@type\":\"BreadcrumbList\",\"@id\":\"https:\/\/hoyre.no\/stavanger\/aktuelt\/semesterstart-og-fadderuke-velkommen-til-studentbyen-stavanger\/#breadcrumb\",\"itemListElement\":[{\"@type\":\"ListItem\",\"position\":1,\"name\":\"Til hoyre.no\",\"item\":\"https:\/\/hoyre.no\"},{\"@type\":\"ListItem\",\"position\":2,\"name\":\"Hjem\",\"item\":\"https:\/\/hoyre.no\/stavanger\/\"},{\"@type\":\"ListItem\",\"position\":3,\"name\":\"Semesterstart og fadderuke &#8211; velkommen til studentbyen Stavanger\"}]},{\"@type\":\"WebSite\",\"@id\":\"https:\/\/hoyre.no\/stavanger\/#website\",\"url\":\"https:\/\/hoyre.no\/stavanger\/\",\"name\":\"Stavanger H\u00f8yre\",\"description\":\"Bare enda et H\u00f8yres nettsteder-nettsted\",\"inLanguage\":\"nb-NO\"},{\"@type\":\"Person\",\"@id\":\"https:\/\/hoyre.no\/stavanger\/#\/schema\/person\/6bff9b4fb96ce00ecc81562e4aab3e44\",\"name\":\"Torhild \u00d8sten\u00e5 Larsen\",\"image\":{\"@type\":\"ImageObject\",\"inLanguage\":\"nb-NO\",\"@id\":\"https:\/\/hoyre.no\/stavanger\/#\/schema\/person\/image\/\",\"url\":\"https:\/\/secure.gravatar.com\/avatar\/bb8b78fff9ae7ebf108059a245a4f86a87ca86a5693c7cd69772b023fc6754e3?s=96&d=mm&r=g\",\"contentUrl\":\"https:\/\/secure.gravatar.com\/avatar\/bb8b78fff9ae7ebf108059a245a4f86a87ca86a5693c7cd69772b023fc6754e3?s=96&d=mm&r=g\",\"caption\":\"Torhild \u00d8sten\u00e5 Larsen\"},\"url\":\"https:\/\/hoyre.no\/stavanger\/aktuelt\/author\/m52121324\/\"}]}<\/script>\n<!-- \/ Yoast SEO plugin. -->","yoast_head_json":{"title":"Semesterstart og fadderuke - velkommen til studentbyen Stavanger - Stavanger H\u00f8yre","robots":{"index":"index","follow":"follow","max-snippet":"max-snippet:-1","max-image-preview":"max-image-preview:large","max-video-preview":"max-video-preview:-1"},"canonical":"https:\/\/hoyre.no\/stavanger\/aktuelt\/semesterstart-og-fadderuke-velkommen-til-studentbyen-stavanger\/","og_locale":"nb_NO","og_type":"article","og_title":"Semesterstart og fadderuke - velkommen til studentbyen Stavanger - Stavanger H\u00f8yre","og_url":"https:\/\/hoyre.no\/stavanger\/aktuelt\/semesterstart-og-fadderuke-velkommen-til-studentbyen-stavanger\/","og_site_name":"Stavanger H\u00f8yre","article_published_time":"2023-08-14T12:15:23+00:00","article_modified_time":"2023-08-14T16:20:51+00:00","og_image":[{"width":1000,"height":1000,"url":"https:\/\/hoyre.no\/content\/uploads\/sites\/212\/2022\/11\/Hoyres-logo.png","type":"image\/png"}],"author":"Torhild \u00d8sten\u00e5 Larsen","twitter_card":"summary_large_image","twitter_misc":{"Skrevet av":"Torhild \u00d8sten\u00e5 Larsen","Ansl. lesetid":"2 minutter"},"schema":{"@context":"https:\/\/schema.org","@graph":[{"@type":"NewsArticle","@id":"https:\/\/hoyre.no\/stavanger\/aktuelt\/semesterstart-og-fadderuke-velkommen-til-studentbyen-stavanger\/","url":"https:\/\/hoyre.no\/stavanger\/aktuelt\/semesterstart-og-fadderuke-velkommen-til-studentbyen-stavanger\/","name":"Semesterstart og fadderuke - velkommen til studentbyen Stavanger - Stavanger H\u00f8yre","isPartOf":{"@id":"https:\/\/hoyre.no\/stavanger\/#website"},"datePublished":"2023-08-14T12:15:23+00:00","dateModified":"2023-08-14T16:20:51+00:00","author":{"@id":"https:\/\/hoyre.no\/stavanger\/#\/schema\/person\/6bff9b4fb96ce00ecc81562e4aab3e44"},"breadcrumb":{"@id":"https:\/\/hoyre.no\/stavanger\/aktuelt\/semesterstart-og-fadderuke-velkommen-til-studentbyen-stavanger\/#breadcrumb"},"inLanguage":"nb-NO","potentialAction":[{"@type":"ReadAction","target":["https:\/\/hoyre.no\/stavanger\/aktuelt\/semesterstart-og-fadderuke-velkommen-til-studentbyen-stavanger\/"]}]},{"@type":"BreadcrumbList","@id":"https:\/\/hoyre.no\/stavanger\/aktuelt\/semesterstart-og-fadderuke-velkommen-til-studentbyen-stavanger\/#breadcrumb","itemListElement":[{"@type":"ListItem","position":1,"name":"Til hoyre.no","item":"https:\/\/hoyre.no"},{"@type":"ListItem","position":2,"name":"Hjem","item":"https:\/\/hoyre.no\/stavanger\/"},{"@type":"ListItem","position":3,"name":"Semesterstart og fadderuke &#8211; velkommen til studentbyen Stavanger"}]},{"@type":"WebSite","@id":"https:\/\/hoyre.no\/stavanger\/#website","url":"https:\/\/hoyre.no\/stavanger\/","name":"Stavanger H\u00f8yre","description":"Bare enda et H\u00f8yres nettsteder-nettsted","inLanguage":"nb-NO"},{"@type":"Person","@id":"https:\/\/hoyre.no\/stavanger\/#\/schema\/person\/6bff9b4fb96ce00ecc81562e4aab3e44","name":"Torhild \u00d8sten\u00e5 Larsen","image":{"@type":"ImageObject","inLanguage":"nb-NO","@id":"https:\/\/hoyre.no\/stavanger\/#\/schema\/person\/image\/","url":"https:\/\/secure.gravatar.com\/avatar\/bb8b78fff9ae7ebf108059a245a4f86a87ca86a5693c7cd69772b023fc6754e3?s=96&d=mm&r=g","contentUrl":"https:\/\/secure.gravatar.com\/avatar\/bb8b78fff9ae7ebf108059a245a4f86a87ca86a5693c7cd69772b023fc6754e3?s=96&d=mm&r=g","caption":"Torhild \u00d8sten\u00e5 Larsen"},"url":"https:\/\/hoyre.no\/stavanger\/aktuelt\/author\/m52121324\/"}]}},"distributor_meta":false,"distributor_terms":false,"distributor_media":false,"distributor_original_site_name":"Stavanger H\u00f8yre","distributor_original_site_url":"https:\/\/hoyre.no\/stavanger","push-errors":false,"_links":{"self":[{"href":"https:\/\/hoyre.no\/stavanger\/wp-json\/wp\/v2\/posts\/2503","targetHints":{"allow":["GET"]}}],"collection":[{"href":"https:\/\/hoyre.no\/stavanger\/wp-json\/wp\/v2\/posts"}],"about":[{"href":"https:\/\/hoyre.no\/stavanger\/wp-json\/wp\/v2\/types\/post"}],"author":[{"embeddable":true,"href":"https:\/\/hoyre.no\/stavanger\/wp-json\/wp\/v2\/users\/30950"}],"replies":[{"embeddable":true,"href":"https:\/\/hoyre.no\/stavanger\/wp-json\/wp\/v2\/comments?post=2503"}],"version-history":[{"count":2,"href":"https:\/\/hoyre.no\/stavanger\/wp-json\/wp\/v2\/posts\/2503\/revisions"}],"predecessor-version":[{"id":2507,"href":"https:\/\/hoyre.no\/stavanger\/wp-json\/wp\/v2\/posts\/2503\/revisions\/2507"}],"wp:attachment":[{"href":"https:\/\/hoyre.no\/stavanger\/wp-json\/wp\/v2\/media?parent=2503"}],"wp:term":[{"taxonomy":"category","embeddable":true,"href":"https:\/\/hoyre.no\/stavanger\/wp-json\/wp\/v2\/category?post=2503"},{"taxonomy":"post_tag","embeddable":true,"href":"https:\/\/hoyre.no\/stavanger\/wp-json\/wp\/v2\/post_tag?post=2503"},{"taxonomy":"hoyre-visibility","embeddable":true,"href":"https:\/\/hoyre.no\/stavanger\/wp-json\/wp\/v2\/hoyre-visibility?post=2503"},{"taxonomy":"article-type","embeddable":true,"href":"https:\/\/hoyre.no\/stavanger\/wp-json\/wp\/v2\/article-type?post=2503"},{"taxonomy":"politician","embeddable":true,"href":"https:\/\/hoyre.no\/stavanger\/wp-json\/wp\/v2\/politician?post=2503"}],"curies":[{"name":"wp","href":"https:\/\/api.w.org\/{rel}","templated":true}]}}