{"id":2560,"date":"2023-08-26T15:04:58","date_gmt":"2023-08-26T13:04:58","guid":{"rendered":"https:\/\/hoyre.no\/stavanger\/?p=2560"},"modified":"2023-08-26T15:09:45","modified_gmt":"2023-08-26T13:09:45","slug":"leve-hele-livet-i-stavanger","status":"publish","type":"post","link":"https:\/\/hoyre.no\/stavanger\/aktuelt\/leve-hele-livet-i-stavanger\/","title":{"rendered":"Leve hele livet i Stavanger"},"content":{"rendered":"\n<p class=\"preamble\">N\u00e5r Stavanger aldri har hatt flere alderspensjonister, m\u00e5 vi legge til rette for en aktiv seniorpolitikk, sier Hard Olav Bastiansen.<\/p>\t\t\t<div class=\"post-meta wp-block teft-byline-wrapper\">\n\t\t\t\t<div class=\"top\">\n\t\t\t\t\t<div class=\"signature\">\n\t\t\t\t\t\t<div class=\"teft-byline\">\n\t\t\t\t\t\t\t\t\t\t\t\t\t\t<div>\n\t\t\t\t\t\t\t\t<h3>H\u00f8yres redaksjon<\/h3>\t\t\t\t\t\t\t\t\n\t\t\t\t\t\t\t\t\t\t\t\t\t\t\t\t\t<span class=\"date\">Sist oppdatert: 26. august 2023<\/span>\n\t\t\t\t\t\t\t\t\t\t\t\t\t\t\t\t\t\t\t\t\t\t\t\t\t<span class=\"reading-time\" itemprop=\"timeRequired\" content=\"PT4M\"><em>Ca. 4 minutter lesetid<\/em><\/span>\n\t\t\t\t\t\t\t\t\t\t\t\t\t\t\t<\/div>\n\t\t\t\t\t\t<\/div>\n\t\t\t\t\t<\/div>\n\t\t\t\t\t\t<div class=\"sharing\">\n\t\t<a class=\"share-button share-link copy-link\" data-copy=\"https:\/\/hoyre.no\/stavanger\/aktuelt\/leve-hele-livet-i-stavanger\/\" target=\"_blank\"><span class=\"screen-reader-text\">Del link<\/span><\/a>\n\t\t<a class=\"share-button share-twitter\" href=\"http:\/\/twitter.com\/share?text=Leve hele livet i Stavanger&#038;url=https:\/\/hoyre.no\/stavanger\/aktuelt\/leve-hele-livet-i-stavanger\/&#038;hashtags=Hoyre\" target=\"_blank\"><span class=\"screen-reader-text\">Del p\u00e5 twitter<\/span><\/a>\n\t\t<a class=\"share-button share-facebook\" href=\"https:\/\/www.facebook.com\/sharer\/sharer.php?u=https:\/\/hoyre.no\/stavanger\/aktuelt\/leve-hele-livet-i-stavanger\/\" target=\"_blank\"><span class=\"screen-reader-text\">Del p\u00e5 facebook<\/span><\/a>\n\t<\/div>\n\t\t\t\t\t<\/div>\n\t\t\t<\/div>\n\n\t\t\t<figure class=\"hoyre-image-wrapper\"><div class=\"hoyre-image\"><img loading=\"lazy\" decoding=\"async\" width=\"1080\" height=\"1080\" src=\"https:\/\/hoyre.no\/content\/uploads\/sites\/212\/2023\/08\/BILDE-kvadrat-3.png\" class=\"attachment-scaled size-scaled\" alt=\"\" style=\"object-position: 49% 19%\" srcset=\"https:\/\/hoyre.no\/content\/uploads\/sites\/212\/2023\/08\/BILDE-kvadrat-3.png 1080w, https:\/\/hoyre.no\/content\/uploads\/sites\/212\/2023\/08\/BILDE-kvadrat-3-300x300.png 300w, https:\/\/hoyre.no\/content\/uploads\/sites\/212\/2023\/08\/BILDE-kvadrat-3-1024x1024.png 1024w, https:\/\/hoyre.no\/content\/uploads\/sites\/212\/2023\/08\/BILDE-kvadrat-3-150x150.png 150w, https:\/\/hoyre.no\/content\/uploads\/sites\/212\/2023\/08\/BILDE-kvadrat-3-768x768.png 768w\" sizes=\"auto, (max-width: 1080px) 100vw, 1080px\" \/><\/div><figcaption class=\"caption\">HARD OLAV BASTIANSEN, SENIORKANDIDAT STAVANGER H\u00d8YRE<\/figcaption><\/figure>\n\n\n\n\n<p>&#8211; Stavanger har aldri hatt flere alderspensjonister, starter Hard Olav Bastiansen, seniorkandidat for Stavanger H\u00f8yre. <\/p>\n\n\n\n<p>Tall fra <a href=\"https:\/\/www.ssb.no\/statbank\/table\/11746\/\">SSB <\/a>viser at det i 2022 var i underkant av 22.000 alderspensjonister i Stavanger. Det er det h\u00f8yeste antallet siden statistikken startet i 2015.<\/p>\n\n\n\n<p>&#8211; Vi m\u00e5 se p\u00e5 denne gruppen som en ressursbank for samfunnet, samtidig som vi legger til rette for gode hverdagsliv, fortsetter Bastiansen.<\/p>\n\n\n\n<p>H\u00f8yre g\u00e5r til valg p\u00e5 at Stavanger skal v\u00e6re en aldersvennlig by, hvor man kan leve selvstendige og meningsfylte liv.<\/p>\n\n\n\n<p>&#8211;  Veldig mange alderspensjonister \u00f8nsker \u00e5 bidra p\u00e5 forskjellige typer arenaer. H\u00f8yres utgangspunkt er at livserfaring ikke g\u00e5r ut p\u00e5 dato. Derfor skal vi legge til rette for flere arenaer for generasjonsm\u00f8ter, sikre aldersvennlig boligbygging og Fiks Ferigge Ferie for eldre &#8211; for \u00e5 nevne noe, avslutter Bastiansen.<\/p>\n\n\n\n<p><strong>Noen helt konkrete tiltak H\u00f8yre vil jobbe med i Stavanger:<\/strong><\/p>\n\n\n\n<div class=\"wp-block-teft-accordion\"><div class=\"teft-accordion__inner\">\n<div class=\"wp-block-teft-item\"><div class=\"teft-item__inner\"><h4 class=\"toggle\">Fiks Ferigge Ferie for eldre<\/h4><div class=\"teft-item__inner-content entry-content\">\n<p>N\u00e5r familie reiser p\u00e5 ferie, kan sommeren bli h\u00f8ysesong for ensomhet for mange eldre. De fleste tilbudene eldre deltar p\u00e5 stenger n\u00e5r skolen stenger. Et tilbud om Fiks Ferigge Ferie for eldre vil derfor kunne bidra til \u00e5 opprettholde aktivitet og sosialt samv\u00e6r.<\/p>\n\n\n\n<p>Fiks Ferigge Ferie vil ogs\u00e5 kunne v\u00e6re en avlastning for p\u00e5r\u00f8rende. Som vet at sine eldre har et aktivitetstilbud n\u00e5r man eksempelvis selv er p\u00e5 ferie.<\/p>\n<\/div><\/div><\/div>\n\n\n\n<div class=\"wp-block-teft-item\"><div class=\"teft-item__inner\"><h4 class=\"toggle\">Vaktmestertjeneste for eldre<\/h4><div class=\"teft-item__inner-content entry-content\">\n<p>Familie og venner har ofte en sentral rolle i \u00e5 gi st\u00f8tte og omsorg n\u00e5r man blir eldre. P\u00e5r\u00f8rende er en viktig ressurs, men ikke alle eldre har p\u00e5r\u00f8rende i n\u00e6rheten.<\/p>\n\n\n\n<p>H\u00f8yre foresl\u00e5r en vaktmestertjeneste for eldre, som bidrar til \u00e5 gj\u00f8re det lettere \u00e5 bo og leve selvstendige liv \u2013 uavhengig av bostedsadressen til p\u00e5r\u00f8rende.<\/p>\n<\/div><\/div><\/div>\n\n\n\n<div class=\"wp-block-teft-item\"><div class=\"teft-item__inner\"><h4 class=\"toggle\">Aldersvennlig boligbygging<\/h4><div class=\"teft-item__inner-content entry-content\">\n<p>Aldersvennlig boligbygging begynner allerede p\u00e5 tegnebrettet og i reguleringsfasen. Det kan eksempelvis v\u00e6re krav om h\u00f8yere niv\u00e5 p\u00e5 utem\u00f8blement, fellesomr\u00e5der som motiverer til sosialisering eller plassering i n\u00e6rheten av n\u00f8dvendige tjenester som butikk, kollektivtilbud og caf\u00e9 \u2013 slik at det er enkelt \u00e5 v\u00e6re sosial og selvstendig i hverdagen.<\/p>\n\n\n\n<p>Derfor vi vil g\u00e5 i dialog med ideelle og private akt\u00f8rer, slik at vi sammen f\u00e5r til en mer aldersvennlig boligutbygging i Stavanger.<\/p>\n<\/div><\/div><\/div>\n\n\n\n<div class=\"wp-block-teft-item\"><div class=\"teft-item__inner\"><h4 class=\"toggle\">Gjeninnf\u00f8re fritt brukervalg<\/h4><div class=\"teft-item__inner-content entry-content\">\n<p>F\u00f8r hadde Stavanger fritt brukervalg for hjemmehjelp til rengj\u00f8ring. Egenbetalingen og tjenesten var lik, og brukerne kunne bytte leverand\u00f8r hvis de ville. Ordningen ble avviklet av dagens flertallspartier.<\/p>\n\n\n\n<p>For oss skal innbyggerne st\u00e5 i sentrum \u2013 ikke systemet. Derfor vil vi gjeninnf\u00f8re fritt brukervalg i Stavanger.<\/p>\n<\/div><\/div><\/div>\n\n\n\n<div class=\"wp-block-teft-item\"><div class=\"teft-item__inner\"><h4 class=\"toggle\">Lokalt l\u00f8ft for minstepensjonister<\/h4><div class=\"teft-item__inner-content entry-content\">\n<p>Det er krevende \u00f8konomiske tider for mange. Vi \u00f8nsker \u00e5 ta et lokalt ansvar for \u00e5 l\u00f8fte minstepensjonistenes muligheter til \u00e5 benytte seg av det kommunale tjenestetilbudet \u2013 all den tid privat\u00f8konomi kan begrense deres deltakelse.<\/p>\n\n\n\n<p>Derfor vil vi fjerne egenandel for minstepensjonister med inntekt inntil 2G, for dagsenteropphold og praktisk bistand.<\/p>\n<\/div><\/div><\/div>\n\n\n\n<div class=\"wp-block-teft-item\"><div class=\"teft-item__inner\"><h4 class=\"toggle\">Livserfaring g\u00e5r ikke ut p\u00e5 dato<\/h4><div class=\"teft-item__inner-content entry-content\">\n<p>Skal Stavanger v\u00e6re en aldersvennlig by, m\u00e5 eldre oppleve at man blir inkludert i samfunns- og arbeidsliv. Livserfaring g\u00e5r aldri ut p\u00e5 dato, og dagens unge har mye \u00e5 l\u00e6re av hvordan ting ble gjort f\u00f8r.<\/p>\n\n\n\n<p>Vi vil bidra til at flere over 65 \u00e5r deltar i politiske organer.<\/p>\n<\/div><\/div><\/div>\n\n\n\n<div class=\"wp-block-teft-item\"><div class=\"teft-item__inner\"><h4 class=\"toggle\">Generasjonsm\u00f8ter<\/h4><div class=\"teft-item__inner-content entry-content\">\n<p>Vi vil legge til rette for flere plasser der unge og eldre kan m\u00f8tes og v\u00e6re i aktivitet p\u00e5 tvers av generasjon &#8211; eksempelvis ved \u00e5 inng\u00e5 samarbeid med barnehager og skoler.<\/p>\n\n\n\n<p>Generasjonsm\u00f8ter vil kunne bidra til \u00f8kt inkludering, l\u00e6ring og mestring. Barna f\u00e5r mulighet til \u00e5 l\u00e6re av de eldre, samtidig som de f\u00e5r vist frem egne ferdigheter. Slik skapes gode hverdags\u00f8yeblikk. <\/p>\n<\/div><\/div><\/div>\n<\/div><\/div>\n\n\n<div class=\"tags\">\n\t<\/div>\n<div class=\"post-footer alignfull has-background block-editor-block-list__block\" data-align=full>\n\t<div class=\"post-footer-inner\">\n\t\t<h3>Relaterte artikler<\/h3>\n\t\t<div class=\"related-content\"><div class=\"is-card-hoyre\">\n\t<div class=\"teft-card hoyre-teft-card post-teft-card\">\n\t\t<a href=\"https:\/\/hoyre.no\/stavanger\/aktuelt\/hvem-bor-representere-hoyre-i-bystyret-neste-periode\/\" class=\"teft-card__primary-action\">\n\n\t\t\t<div class=\"teft-card__media teft-card__media--16-9 no-image\"><\/div>\n\t\t\t<div class=\"teft-card__content-wrapper\">\n\t\t\t\t<div class=\"teft-card__secondary\">\n\t\t\t\t\t\n\t\t\t\t\t\t\t\t<div class=\"teft-card__meta\">\n\t\t\t\t\t\t\t\t\t<span class=\"post-date\">12. feb 2026<\/span>\n\n\t\t\t\t\t\t\t\t\t\t\t\t\t\t\t\t\t<\/div>\n\t\t\t\t\t\t\t\t\t\t\t<\/div>\n\n\t\t\t\t<div class=\"teft-card__primary\">\n\t\t\t\t\t<h2 class=\"teft-card__title\">Lokalvalget 2027 &#8211; Stavanger H\u00f8yres nominasjonsprosess&nbsp;<span class=\"teft-card__primary-title-append\"><\/span><\/h2>\t\t\t\t<\/div>\n\t\t\t<\/div>\n\t\t<\/a>\n\t<\/div>\n\n\t<\/div><div class=\"is-card-hoyre\">\n\t<div class=\"teft-card hoyre-teft-card post-teft-card\">\n\t\t<a href=\"https:\/\/hoyre.no\/stavanger\/aktuelt\/datoplan-for-nominasjons-prosessen\/\" class=\"teft-card__primary-action\">\n\n\t\t\t<div class=\"teft-card__media teft-card__media--16-9 no-image\"><\/div>\n\t\t\t<div class=\"teft-card__content-wrapper\">\n\t\t\t\t<div class=\"teft-card__secondary\">\n\t\t\t\t\t\n\t\t\t\t\t\t\t\t<div class=\"teft-card__meta\">\n\t\t\t\t\t\t\t\t\t<span class=\"post-date\">9. feb 2026<\/span>\n\n\t\t\t\t\t\t\t\t\t<span class=\"post-category\">Nyheter<\/span>\t\t\t\t\t\t\t\t<\/div>\n\t\t\t\t\t\t\t\t\t\t\t<\/div>\n\n\t\t\t\t<div class=\"teft-card__primary\">\n\t\t\t\t\t<h2 class=\"teft-card__title\">Datoplan for nominasjons-prosessen&nbsp;<span class=\"teft-card__primary-title-append\"><\/span><\/h2>\t\t\t\t<\/div>\n\t\t\t<\/div>\n\t\t<\/a>\n\t<\/div>\n\n\t<\/div><div class=\"is-card-hoyre\">\n\t<div class=\"teft-card hoyre-teft-card post-teft-card\">\n\t\t<a href=\"https:\/\/hoyre.no\/stavanger\/aktuelt\/rogaland-hoyre-arsmote-2026\/\" class=\"teft-card__primary-action\">\n\n\t\t\t<div class=\"teft-card__media teft-card__media--16-9 no-image\"><\/div>\n\t\t\t<div class=\"teft-card__content-wrapper\">\n\t\t\t\t<div class=\"teft-card__secondary\">\n\t\t\t\t\t\n\t\t\t\t\t\t\t\t<div class=\"teft-card__meta\">\n\t\t\t\t\t\t\t\t\t<span class=\"post-date\">8. feb 2026<\/span>\n\n\t\t\t\t\t\t\t\t\t\t\t\t\t\t\t\t\t<\/div>\n\t\t\t\t\t\t\t\t\t\t\t<\/div>\n\n\t\t\t\t<div class=\"teft-card__primary\">\n\t\t\t\t\t<h2 class=\"teft-card__title\">Vedtatt politikk &#8211; Stavanger H\u00f8yre \u00c5rsm\u00f8te 2025&nbsp;<span class=\"teft-card__primary-title-append\"><\/span><\/h2>\t\t\t\t<\/div>\n\t\t\t<\/div>\n\t\t<\/a>\n\t<\/div>\n\n\t<\/div><\/div>\t<\/div>\n<\/div>\n","protected":false},"excerpt":{"rendered":"","protected":false},"author":30950,"featured_media":0,"comment_status":"closed","ping_status":"closed","sticky":false,"template":"","format":"standard","meta":{"teft_cards_image_url":"","teft_cards_custom_pretitle":"","teft_cards_image_id":2327,"teft_cards_image_focal_point_x":0.5,"teft_cards_image_focal_point_y":0.5,"teft_cards_title":"","teft_cards_excerpt":"","teft_show_chapters":false,"author_display_name":"","footnotes":""},"category":[1],"post_tag":[],"hoyre-visibility":[],"article-type":[],"politician":[],"class_list":["post-2560","post","type-post","status-publish","format-standard","hentry","category-nyheter"],"yoast_head":"<!-- This site is optimized with the Yoast SEO plugin v26.6 - https:\/\/yoast.com\/wordpress\/plugins\/seo\/ -->\n<title>Leve hele livet i Stavanger - Stavanger H\u00f8yre<\/title>\n<meta name=\"robots\" content=\"index, follow, max-snippet:-1, max-image-preview:large, max-video-preview:-1\" \/>\n<link rel=\"canonical\" href=\"https:\/\/hoyre.no\/stavanger\/aktuelt\/leve-hele-livet-i-stavanger\/\" \/>\n<meta property=\"og:locale\" content=\"nb_NO\" \/>\n<meta property=\"og:type\" content=\"article\" \/>\n<meta property=\"og:title\" content=\"Leve hele livet i Stavanger - Stavanger H\u00f8yre\" \/>\n<meta property=\"og:url\" content=\"https:\/\/hoyre.no\/stavanger\/aktuelt\/leve-hele-livet-i-stavanger\/\" \/>\n<meta property=\"og:site_name\" content=\"Stavanger H\u00f8yre\" \/>\n<meta property=\"article:published_time\" content=\"2023-08-26T13:04:58+00:00\" \/>\n<meta property=\"article:modified_time\" content=\"2023-08-26T13:09:45+00:00\" \/>\n<meta property=\"og:image\" content=\"https:\/\/hoyre.no\/content\/uploads\/sites\/212\/2022\/11\/Hoyres-logo.png\" \/>\n\t<meta property=\"og:image:width\" content=\"1000\" \/>\n\t<meta property=\"og:image:height\" content=\"1000\" \/>\n\t<meta property=\"og:image:type\" content=\"image\/png\" \/>\n<meta name=\"author\" content=\"Torhild \u00d8sten\u00e5 Larsen\" \/>\n<meta name=\"twitter:card\" content=\"summary_large_image\" \/>\n<meta name=\"twitter:label1\" content=\"Skrevet av\" \/>\n\t<meta name=\"twitter:data1\" content=\"Torhild \u00d8sten\u00e5 Larsen\" \/>\n\t<meta name=\"twitter:label2\" content=\"Ansl. lesetid\" \/>\n\t<meta name=\"twitter:data2\" content=\"4 minutter\" \/>\n<script type=\"application\/ld+json\" class=\"yoast-schema-graph\">{\"@context\":\"https:\/\/schema.org\",\"@graph\":[{\"@type\":\"NewsArticle\",\"@id\":\"https:\/\/hoyre.no\/stavanger\/aktuelt\/leve-hele-livet-i-stavanger\/\",\"url\":\"https:\/\/hoyre.no\/stavanger\/aktuelt\/leve-hele-livet-i-stavanger\/\",\"name\":\"Leve hele livet i Stavanger - Stavanger H\u00f8yre\",\"isPartOf\":{\"@id\":\"https:\/\/hoyre.no\/stavanger\/#website\"},\"datePublished\":\"2023-08-26T13:04:58+00:00\",\"dateModified\":\"2023-08-26T13:09:45+00:00\",\"author\":{\"@id\":\"https:\/\/hoyre.no\/stavanger\/#\/schema\/person\/6bff9b4fb96ce00ecc81562e4aab3e44\"},\"breadcrumb\":{\"@id\":\"https:\/\/hoyre.no\/stavanger\/aktuelt\/leve-hele-livet-i-stavanger\/#breadcrumb\"},\"inLanguage\":\"nb-NO\",\"potentialAction\":[{\"@type\":\"ReadAction\",\"target\":[\"https:\/\/hoyre.no\/stavanger\/aktuelt\/leve-hele-livet-i-stavanger\/\"]}]},{\"@type\":\"BreadcrumbList\",\"@id\":\"https:\/\/hoyre.no\/stavanger\/aktuelt\/leve-hele-livet-i-stavanger\/#breadcrumb\",\"itemListElement\":[{\"@type\":\"ListItem\",\"position\":1,\"name\":\"Til hoyre.no\",\"item\":\"https:\/\/hoyre.no\"},{\"@type\":\"ListItem\",\"position\":2,\"name\":\"Hjem\",\"item\":\"https:\/\/hoyre.no\/stavanger\/\"},{\"@type\":\"ListItem\",\"position\":3,\"name\":\"Leve hele livet i Stavanger\"}]},{\"@type\":\"WebSite\",\"@id\":\"https:\/\/hoyre.no\/stavanger\/#website\",\"url\":\"https:\/\/hoyre.no\/stavanger\/\",\"name\":\"Stavanger H\u00f8yre\",\"description\":\"Bare enda et H\u00f8yres nettsteder-nettsted\",\"inLanguage\":\"nb-NO\"},{\"@type\":\"Person\",\"@id\":\"https:\/\/hoyre.no\/stavanger\/#\/schema\/person\/6bff9b4fb96ce00ecc81562e4aab3e44\",\"name\":\"Torhild \u00d8sten\u00e5 Larsen\",\"image\":{\"@type\":\"ImageObject\",\"inLanguage\":\"nb-NO\",\"@id\":\"https:\/\/hoyre.no\/stavanger\/#\/schema\/person\/image\/\",\"url\":\"https:\/\/secure.gravatar.com\/avatar\/bb8b78fff9ae7ebf108059a245a4f86a87ca86a5693c7cd69772b023fc6754e3?s=96&d=mm&r=g\",\"contentUrl\":\"https:\/\/secure.gravatar.com\/avatar\/bb8b78fff9ae7ebf108059a245a4f86a87ca86a5693c7cd69772b023fc6754e3?s=96&d=mm&r=g\",\"caption\":\"Torhild \u00d8sten\u00e5 Larsen\"},\"url\":\"https:\/\/hoyre.no\/stavanger\/aktuelt\/author\/m52121324\/\"}]}<\/script>\n<!-- \/ Yoast SEO plugin. -->","yoast_head_json":{"title":"Leve hele livet i Stavanger - Stavanger H\u00f8yre","robots":{"index":"index","follow":"follow","max-snippet":"max-snippet:-1","max-image-preview":"max-image-preview:large","max-video-preview":"max-video-preview:-1"},"canonical":"https:\/\/hoyre.no\/stavanger\/aktuelt\/leve-hele-livet-i-stavanger\/","og_locale":"nb_NO","og_type":"article","og_title":"Leve hele livet i Stavanger - Stavanger H\u00f8yre","og_url":"https:\/\/hoyre.no\/stavanger\/aktuelt\/leve-hele-livet-i-stavanger\/","og_site_name":"Stavanger H\u00f8yre","article_published_time":"2023-08-26T13:04:58+00:00","article_modified_time":"2023-08-26T13:09:45+00:00","og_image":[{"width":1000,"height":1000,"url":"https:\/\/hoyre.no\/content\/uploads\/sites\/212\/2022\/11\/Hoyres-logo.png","type":"image\/png"}],"author":"Torhild \u00d8sten\u00e5 Larsen","twitter_card":"summary_large_image","twitter_misc":{"Skrevet av":"Torhild \u00d8sten\u00e5 Larsen","Ansl. lesetid":"4 minutter"},"schema":{"@context":"https:\/\/schema.org","@graph":[{"@type":"NewsArticle","@id":"https:\/\/hoyre.no\/stavanger\/aktuelt\/leve-hele-livet-i-stavanger\/","url":"https:\/\/hoyre.no\/stavanger\/aktuelt\/leve-hele-livet-i-stavanger\/","name":"Leve hele livet i Stavanger - Stavanger H\u00f8yre","isPartOf":{"@id":"https:\/\/hoyre.no\/stavanger\/#website"},"datePublished":"2023-08-26T13:04:58+00:00","dateModified":"2023-08-26T13:09:45+00:00","author":{"@id":"https:\/\/hoyre.no\/stavanger\/#\/schema\/person\/6bff9b4fb96ce00ecc81562e4aab3e44"},"breadcrumb":{"@id":"https:\/\/hoyre.no\/stavanger\/aktuelt\/leve-hele-livet-i-stavanger\/#breadcrumb"},"inLanguage":"nb-NO","potentialAction":[{"@type":"ReadAction","target":["https:\/\/hoyre.no\/stavanger\/aktuelt\/leve-hele-livet-i-stavanger\/"]}]},{"@type":"BreadcrumbList","@id":"https:\/\/hoyre.no\/stavanger\/aktuelt\/leve-hele-livet-i-stavanger\/#breadcrumb","itemListElement":[{"@type":"ListItem","position":1,"name":"Til hoyre.no","item":"https:\/\/hoyre.no"},{"@type":"ListItem","position":2,"name":"Hjem","item":"https:\/\/hoyre.no\/stavanger\/"},{"@type":"ListItem","position":3,"name":"Leve hele livet i Stavanger"}]},{"@type":"WebSite","@id":"https:\/\/hoyre.no\/stavanger\/#website","url":"https:\/\/hoyre.no\/stavanger\/","name":"Stavanger H\u00f8yre","description":"Bare enda et H\u00f8yres nettsteder-nettsted","inLanguage":"nb-NO"},{"@type":"Person","@id":"https:\/\/hoyre.no\/stavanger\/#\/schema\/person\/6bff9b4fb96ce00ecc81562e4aab3e44","name":"Torhild \u00d8sten\u00e5 Larsen","image":{"@type":"ImageObject","inLanguage":"nb-NO","@id":"https:\/\/hoyre.no\/stavanger\/#\/schema\/person\/image\/","url":"https:\/\/secure.gravatar.com\/avatar\/bb8b78fff9ae7ebf108059a245a4f86a87ca86a5693c7cd69772b023fc6754e3?s=96&d=mm&r=g","contentUrl":"https:\/\/secure.gravatar.com\/avatar\/bb8b78fff9ae7ebf108059a245a4f86a87ca86a5693c7cd69772b023fc6754e3?s=96&d=mm&r=g","caption":"Torhild \u00d8sten\u00e5 Larsen"},"url":"https:\/\/hoyre.no\/stavanger\/aktuelt\/author\/m52121324\/"}]}},"distributor_meta":false,"distributor_terms":false,"distributor_media":false,"distributor_original_site_name":"Stavanger H\u00f8yre","distributor_original_site_url":"https:\/\/hoyre.no\/stavanger","push-errors":false,"_links":{"self":[{"href":"https:\/\/hoyre.no\/stavanger\/wp-json\/wp\/v2\/posts\/2560","targetHints":{"allow":["GET"]}}],"collection":[{"href":"https:\/\/hoyre.no\/stavanger\/wp-json\/wp\/v2\/posts"}],"about":[{"href":"https:\/\/hoyre.no\/stavanger\/wp-json\/wp\/v2\/types\/post"}],"author":[{"embeddable":true,"href":"https:\/\/hoyre.no\/stavanger\/wp-json\/wp\/v2\/users\/30950"}],"replies":[{"embeddable":true,"href":"https:\/\/hoyre.no\/stavanger\/wp-json\/wp\/v2\/comments?post=2560"}],"version-history":[{"count":2,"href":"https:\/\/hoyre.no\/stavanger\/wp-json\/wp\/v2\/posts\/2560\/revisions"}],"predecessor-version":[{"id":2563,"href":"https:\/\/hoyre.no\/stavanger\/wp-json\/wp\/v2\/posts\/2560\/revisions\/2563"}],"wp:attachment":[{"href":"https:\/\/hoyre.no\/stavanger\/wp-json\/wp\/v2\/media?parent=2560"}],"wp:term":[{"taxonomy":"category","embeddable":true,"href":"https:\/\/hoyre.no\/stavanger\/wp-json\/wp\/v2\/category?post=2560"},{"taxonomy":"post_tag","embeddable":true,"href":"https:\/\/hoyre.no\/stavanger\/wp-json\/wp\/v2\/post_tag?post=2560"},{"taxonomy":"hoyre-visibility","embeddable":true,"href":"https:\/\/hoyre.no\/stavanger\/wp-json\/wp\/v2\/hoyre-visibility?post=2560"},{"taxonomy":"article-type","embeddable":true,"href":"https:\/\/hoyre.no\/stavanger\/wp-json\/wp\/v2\/article-type?post=2560"},{"taxonomy":"politician","embeddable":true,"href":"https:\/\/hoyre.no\/stavanger\/wp-json\/wp\/v2\/politician?post=2560"}],"curies":[{"name":"wp","href":"https:\/\/api.w.org\/{rel}","templated":true}]}}