{"id":2681,"date":"2024-01-25T11:35:04","date_gmt":"2024-01-25T10:35:04","guid":{"rendered":"https:\/\/hoyre.no\/stavanger\/?p=2681"},"modified":"2024-01-31T07:37:44","modified_gmt":"2024-01-31T06:37:44","slug":"100-dager-med-hoyre","status":"publish","type":"post","link":"https:\/\/hoyre.no\/stavanger\/aktuelt\/100-dager-med-hoyre\/","title":{"rendered":"100 dager med H\u00f8yre"},"content":{"rendered":"\n<p class=\"preamble\">Valgkampen var v\u00e5r jobbs\u00f8knad, n\u00e5 skal vi bruke de neste fire \u00e5rene til \u00e5 vise oss tilliten verdig, sier Sissel Knutsen Hegdal, ordf\u00f8rer (H). <\/p>\t\t\t<div class=\"post-meta wp-block teft-byline-wrapper\">\n\t\t\t\t<div class=\"top\">\n\t\t\t\t\t<div class=\"signature\">\n\t\t\t\t\t\t<div class=\"teft-byline\">\n\t\t\t\t\t\t\t\t\t\t\t\t\t\t<div>\n\t\t\t\t\t\t\t\t<h3>H\u00f8yres redaksjon<\/h3>\t\t\t\t\t\t\t\t\n\t\t\t\t\t\t\t\t\t\t\t\t\t\t\t\t\t<span class=\"date\">Sist oppdatert: 31. januar 2024<\/span>\n\t\t\t\t\t\t\t\t\t\t\t\t\t\t\t\t\t\t\t\t\t\t\t\t\t<span class=\"reading-time\" itemprop=\"timeRequired\" content=\"PT7M\"><em>Ca. 7 minutter lesetid<\/em><\/span>\n\t\t\t\t\t\t\t\t\t\t\t\t\t\t\t<\/div>\n\t\t\t\t\t\t<\/div>\n\t\t\t\t\t<\/div>\n\t\t\t\t\t\t<div class=\"sharing\">\n\t\t<a class=\"share-button share-link copy-link\" data-copy=\"https:\/\/hoyre.no\/stavanger\/aktuelt\/100-dager-med-hoyre\/\" target=\"_blank\"><span class=\"screen-reader-text\">Del link<\/span><\/a>\n\t\t<a class=\"share-button share-twitter\" href=\"http:\/\/twitter.com\/share?text=100 dager med H\u00f8yre&#038;url=https:\/\/hoyre.no\/stavanger\/aktuelt\/100-dager-med-hoyre\/&#038;hashtags=Hoyre\" target=\"_blank\"><span class=\"screen-reader-text\">Del p\u00e5 twitter<\/span><\/a>\n\t\t<a class=\"share-button share-facebook\" href=\"https:\/\/www.facebook.com\/sharer\/sharer.php?u=https:\/\/hoyre.no\/stavanger\/aktuelt\/100-dager-med-hoyre\/\" target=\"_blank\"><span class=\"screen-reader-text\">Del p\u00e5 facebook<\/span><\/a>\n\t<\/div>\n\t\t\t\t\t<\/div>\n\t\t\t<\/div>\n\n\t\t\t<figure class=\"hoyre-image-wrapper\"><div class=\"hoyre-image\"><img loading=\"lazy\" decoding=\"async\" width=\"1875\" height=\"2500\" src=\"https:\/\/hoyre.no\/content\/uploads\/sites\/212\/2024\/01\/20230714_083059019_iOS-scaled.jpg\" class=\"attachment-scaled size-scaled\" alt=\"\" style=\"object-position: 49% 24%\" srcset=\"https:\/\/hoyre.no\/content\/uploads\/sites\/212\/2024\/01\/20230714_083059019_iOS-scaled.jpg 1875w, https:\/\/hoyre.no\/content\/uploads\/sites\/212\/2024\/01\/20230714_083059019_iOS-225x300.jpg 225w, https:\/\/hoyre.no\/content\/uploads\/sites\/212\/2024\/01\/20230714_083059019_iOS-768x1024.jpg 768w, https:\/\/hoyre.no\/content\/uploads\/sites\/212\/2024\/01\/20230714_083059019_iOS-1152x1536.jpg 1152w, https:\/\/hoyre.no\/content\/uploads\/sites\/212\/2024\/01\/20230714_083059019_iOS-1536x2048.jpg 1536w\" sizes=\"auto, (max-width: 1875px) 100vw, 1875px\" \/><\/div><figcaption class=\"caption\">F.v. Tormod Wilson Losnedal og Sissel Knutsen Hegdal<\/figcaption><\/figure>\n\n\n\n\n<p>Onsdag 31. januar markerer at det er 100 dager med nytt politisk flertall og H\u00f8yre tilbake som ordf\u00f8rerpartiet i Stavanger.<\/p>\n\n\n\n<p>&#8211; \u00c5 f\u00e5 v\u00e6re ordf\u00f8rer i verdens beste by er virkelig en \u00e6re, men ogs\u00e5 et stort ansvar. Heldigvis er jeg del av et solid lag og har mange dyktige folk rundt meg, som sammen er toppmotiverte for \u00e5 l\u00f8se oppgavene som ligger foran oss, sier Sissel Knutsen Hegdal. <\/p>\n\n\n\n<p>Med Sissel som ordf\u00f8rer, overtok Tormod Wilson Losnedal stafettpinnen som gruppeleder for Stavanger H\u00f8yre.<\/p>\n\n\n\n<p>&#8211; Som fersk gruppeleder, ser jeg tilbake p\u00e5 100 innholdsrike dager. En ny bystyregruppe er p\u00e5 plass, mange viktige initiativ er p\u00e5 gang &#8211; men vi m\u00e5 erkjenne at alt l\u00f8ses ikke i l\u00f8pet av de f\u00f8rste 100 dagene. Den viktigste jobben er den vi totalt sett gj\u00f8r i l\u00f8pet av de neste fire \u00e5rene, sier Losnedal.<\/p>\n\n\n\n<h2 class=\"wp-block-heading\">Noen av sakene H\u00f8yre har f\u00e5tt gjennomslag for etter 100 dager:<\/h2>\n\n\n\n\t\t<div class=\"has-dark-blue-background-color is-layout-left alignwide alignwide wp-block-hoyre-media-text\">\n\t\t\t<div class=\"hoyre-media-text__media\">\n\t\t\t\t<img loading=\"lazy\" decoding=\"async\" width=\"1024\" height=\"683\" src=\"https:\/\/hoyre.no\/content\/uploads\/sites\/212\/2023\/07\/GettyImages-983418152-1024x683.jpg\" class=\"hoyre-media-text__media-image\" alt=\"\" style=\"--focal: 50% 50%;\" srcset=\"https:\/\/hoyre.no\/content\/uploads\/sites\/212\/2023\/07\/GettyImages-983418152-1024x683.jpg 1024w, https:\/\/hoyre.no\/content\/uploads\/sites\/212\/2023\/07\/GettyImages-983418152-300x200.jpg 300w, https:\/\/hoyre.no\/content\/uploads\/sites\/212\/2023\/07\/GettyImages-983418152-768x512.jpg 768w, https:\/\/hoyre.no\/content\/uploads\/sites\/212\/2023\/07\/GettyImages-983418152-1536x1024.jpg 1536w, https:\/\/hoyre.no\/content\/uploads\/sites\/212\/2023\/07\/GettyImages-983418152-2048x1365.jpg 2048w\" sizes=\"auto, (max-width: 1024px) 100vw, 1024px\" \/>\n\t\t\t<\/div>\n\t\t\t<div class=\"hoyre-media-text__content\">\n\t\t\t\t<div class=\"hoyre-media-text__content-inner\">\n\t\t\t\t\t\n\t\t\t<div class=\"hoyre-media-text__title-container\">\n\t\t\t\t\n\t\t\t\t<h2 class=\"hoyre-media-text__title\">Et mer fleksibelt barnehageopptak<\/h2>\n\t\t\t<\/div>\n\t\t\t\n\t\t\t\t\t<div class=\"hoyre-media-text__blocks\">\n<p>Mange foreldre m\u00e5 i dag ta ul\u00f8nnet permisjon for \u00e5 v\u00e6re hjemme med barnet. Bortfall av arbeidsinntekt g\u00e5r hardt utover familie\u00f8konomien.<\/p><p>Flertallspartiene setter i f\u00f8rste omgang av 40 millioner til utrulling av et mer fleksibelt barnehageopptak. Dette inneb\u00e6rer blant annet at 90 barnehageplasser ikke legges ned som planlagt.<\/p>\n<\/div>\n\t\t\t\t\t\n\t\t\t\t<\/div>\n\t\t\t<\/div>\n\t\t<\/div>\n\t\t\n\n\n\t\t<div class=\"has-dark-blue-background-color is-layout-right alignwide alignwide wp-block-hoyre-media-text\">\n\t\t\t<div class=\"hoyre-media-text__media\">\n\t\t\t\t<img loading=\"lazy\" decoding=\"async\" width=\"1024\" height=\"683\" src=\"https:\/\/hoyre.no\/content\/uploads\/sites\/212\/2023\/07\/GettyImages-1331345416-1024x683.jpg\" class=\"hoyre-media-text__media-image\" alt=\"\" style=\"--focal: 50% 50%;\" srcset=\"https:\/\/hoyre.no\/content\/uploads\/sites\/212\/2023\/07\/GettyImages-1331345416-1024x683.jpg 1024w, https:\/\/hoyre.no\/content\/uploads\/sites\/212\/2023\/07\/GettyImages-1331345416-300x200.jpg 300w, https:\/\/hoyre.no\/content\/uploads\/sites\/212\/2023\/07\/GettyImages-1331345416-768x512.jpg 768w, https:\/\/hoyre.no\/content\/uploads\/sites\/212\/2023\/07\/GettyImages-1331345416-1536x1024.jpg 1536w, https:\/\/hoyre.no\/content\/uploads\/sites\/212\/2023\/07\/GettyImages-1331345416-2048x1365.jpg 2048w\" sizes=\"auto, (max-width: 1024px) 100vw, 1024px\" \/>\n\t\t\t<\/div>\n\t\t\t<div class=\"hoyre-media-text__content\">\n\t\t\t\t<div class=\"hoyre-media-text__content-inner\">\n\t\t\t\t\t\n\t\t\t<div class=\"hoyre-media-text__title-container\">\n\t\t\t\t\n\t\t\t\t<h2 class=\"hoyre-media-text__title\">Friplasser p\u00e5 SFO<\/h2>\n\t\t\t<\/div>\n\t\t\t\n\t\t\t\t\t<div class=\"hoyre-media-text__blocks\">\n<p>Skolefritidsordning er et valgfritt tilbud, som ikke skal velges bort p\u00e5 grunn av \u00f8konomi. Vi \u00f8nsker en helhetlig SFO-ordning, hvor familier med moderate inntekter tilbys friplass fra 1. til 4. trinn.<\/p><p>Ordningen vil iverksettes fra skole\u00e5ret 2024\/2025.<\/p>\n<\/div>\n\t\t\t\t\t\n\t\t\t\t<\/div>\n\t\t\t<\/div>\n\t\t<\/div>\n\t\t\n\n\n\t\t<div class=\"has-dark-blue-background-color is-layout-left alignwide alignwide wp-block-hoyre-media-text\">\n\t\t\t<div class=\"hoyre-media-text__media\">\n\t\t\t\t<img loading=\"lazy\" decoding=\"async\" width=\"1024\" height=\"1024\" src=\"https:\/\/hoyre.no\/content\/uploads\/sites\/212\/2023\/12\/Stavanger-budsjettet-2024-2-1024x1024.png\" class=\"hoyre-media-text__media-image\" alt=\"\" style=\"--focal: 43% 46%;\" srcset=\"https:\/\/hoyre.no\/content\/uploads\/sites\/212\/2023\/12\/Stavanger-budsjettet-2024-2-1024x1024.png 1024w, https:\/\/hoyre.no\/content\/uploads\/sites\/212\/2023\/12\/Stavanger-budsjettet-2024-2-300x300.png 300w, https:\/\/hoyre.no\/content\/uploads\/sites\/212\/2023\/12\/Stavanger-budsjettet-2024-2-150x150.png 150w, https:\/\/hoyre.no\/content\/uploads\/sites\/212\/2023\/12\/Stavanger-budsjettet-2024-2-768x768.png 768w, https:\/\/hoyre.no\/content\/uploads\/sites\/212\/2023\/12\/Stavanger-budsjettet-2024-2.png 1080w\" sizes=\"auto, (max-width: 1024px) 100vw, 1024px\" \/>\n\t\t\t<\/div>\n\t\t\t<div class=\"hoyre-media-text__content\">\n\t\t\t\t<div class=\"hoyre-media-text__content-inner\">\n\t\t\t\t\t\n\t\t\t<div class=\"hoyre-media-text__title-container\">\n\t\t\t\t\n\t\t\t\t<h2 class=\"hoyre-media-text__title\">Fjerner egenandeler for minstepensjonister<\/h2>\n\t\t\t<\/div>\n\t\t\t\n\t\t\t\t\t<div class=\"hoyre-media-text__blocks\">\n<p>Vi har et lokalt ansvar for \u00e5 l\u00f8fte minstepensjonistenes mulighet til \u00e5 benytte seg av det kommunale tjenestetilbudet \u2013 all den tid privat\u00f8konomi kan begrense deres deltakelse.<\/p><p>Flertallspartiene fjerner egenandel for minstepensjonister p\u00e5 kommunale tjenester med egenandel som ulike dagsenteropphold og praktisk bistand.<\/p>\n<\/div>\n\t\t\t\t\t\n\t\t\t\t<\/div>\n\t\t\t<\/div>\n\t\t<\/div>\n\t\t\n\n\n\t\t<div class=\"has-dark-blue-background-color is-layout-right alignwide alignwide wp-block-hoyre-media-text\">\n\t\t\t<div class=\"hoyre-media-text__media\">\n\t\t\t\t<img loading=\"lazy\" decoding=\"async\" width=\"1024\" height=\"683\" src=\"https:\/\/hoyre.no\/content\/uploads\/sites\/212\/2023\/07\/GettyImages-1063392686-1024x683.jpg\" class=\"hoyre-media-text__media-image\" alt=\"\" style=\"--focal: 43% 46%;\" srcset=\"https:\/\/hoyre.no\/content\/uploads\/sites\/212\/2023\/07\/GettyImages-1063392686-1024x683.jpg 1024w, https:\/\/hoyre.no\/content\/uploads\/sites\/212\/2023\/07\/GettyImages-1063392686-300x200.jpg 300w, https:\/\/hoyre.no\/content\/uploads\/sites\/212\/2023\/07\/GettyImages-1063392686-768x512.jpg 768w, https:\/\/hoyre.no\/content\/uploads\/sites\/212\/2023\/07\/GettyImages-1063392686-1536x1024.jpg 1536w, https:\/\/hoyre.no\/content\/uploads\/sites\/212\/2023\/07\/GettyImages-1063392686-2048x1365.jpg 2048w\" sizes=\"auto, (max-width: 1024px) 100vw, 1024px\" \/>\n\t\t\t<\/div>\n\t\t\t<div class=\"hoyre-media-text__content\">\n\t\t\t\t<div class=\"hoyre-media-text__content-inner\">\n\t\t\t\t\t\n\t\t\t<div class=\"hoyre-media-text__title-container\">\n\t\t\t\t\n\t\t\t\t<h2 class=\"hoyre-media-text__title\">Fjerner egenandel p\u00e5 rusbehandling for unge<\/h2>\n\t\t\t<\/div>\n\t\t\t\n\t\t\t\t\t<div class=\"hoyre-media-text__blocks\">\n<p>Flertallspartiene mener at \u00f8konomi ikke skal v\u00e6re til hinder for at unge skal f\u00e5 hjelp med rusproblemer. Derfor fjernes egenandelen for d\u00f8gnopphold p\u00e5 MO-Ung. Egenandelen dekker utgifter til kost\/losji og aktiviteter som inng\u00e5r i d\u00f8gntilbudet.<\/p>\n<\/div>\n\t\t\t\t\t\n\t\t\t\t<\/div>\n\t\t\t<\/div>\n\t\t<\/div>\n\t\t\n\n\n\t\t<div class=\"has-dark-blue-background-color is-layout-left alignwide alignwide wp-block-hoyre-media-text\">\n\t\t\t<div class=\"hoyre-media-text__media\">\n\t\t\t\t<img loading=\"lazy\" decoding=\"async\" width=\"1024\" height=\"1024\" src=\"https:\/\/hoyre.no\/content\/uploads\/sites\/212\/2024\/01\/Bare-bilder-1024x1024.png\" class=\"hoyre-media-text__media-image\" alt=\"\" style=\"--focal: 50% 50%;\" srcset=\"https:\/\/hoyre.no\/content\/uploads\/sites\/212\/2024\/01\/Bare-bilder-1024x1024.png 1024w, https:\/\/hoyre.no\/content\/uploads\/sites\/212\/2024\/01\/Bare-bilder-300x300.png 300w, https:\/\/hoyre.no\/content\/uploads\/sites\/212\/2024\/01\/Bare-bilder-150x150.png 150w, https:\/\/hoyre.no\/content\/uploads\/sites\/212\/2024\/01\/Bare-bilder-768x768.png 768w, https:\/\/hoyre.no\/content\/uploads\/sites\/212\/2024\/01\/Bare-bilder.png 1080w\" sizes=\"auto, (max-width: 1024px) 100vw, 1024px\" \/>\n\t\t\t<\/div>\n\t\t\t<div class=\"hoyre-media-text__content\">\n\t\t\t\t<div class=\"hoyre-media-text__content-inner\">\n\t\t\t\t\t\n\t\t\t<div class=\"hoyre-media-text__title-container\">\n\t\t\t\t\n\t\t\t\t<h2 class=\"hoyre-media-text__title\">\u00d8ke aldersgrensen p\u00e5 helsestasjon for unge<\/h2>\n\t\t\t<\/div>\n\t\t\t\n\t\t\t\t\t<div class=\"hoyre-media-text__blocks\">\n<p>Helsestasjon for ungdom er et viktig lavterskeltilbud, som i dag er gratis for ungdom i aldersgruppen 16-20 \u00e5r.  <\/p><p>Flertallspartiene hever aldersgrensen fra 20 til 23 \u00e5r, slik at tilbudet ogs\u00e5 omfatter studenter og unge voksne. <\/p>\n<\/div>\n\t\t\t\t\t\n\t\t\t\t<\/div>\n\t\t\t<\/div>\n\t\t<\/div>\n\t\t\n\n\n\t\t<div class=\"has-dark-blue-background-color is-layout-right alignwide alignwide wp-block-hoyre-media-text\">\n\t\t\t<div class=\"hoyre-media-text__media\">\n\t\t\t\t<img loading=\"lazy\" decoding=\"async\" width=\"1024\" height=\"683\" src=\"https:\/\/hoyre.no\/content\/uploads\/sites\/212\/2023\/07\/GettyImages-1152308900-1024x683.jpg\" class=\"hoyre-media-text__media-image\" alt=\"\" style=\"--focal: 50% 50%;\" srcset=\"https:\/\/hoyre.no\/content\/uploads\/sites\/212\/2023\/07\/GettyImages-1152308900-1024x683.jpg 1024w, https:\/\/hoyre.no\/content\/uploads\/sites\/212\/2023\/07\/GettyImages-1152308900-300x200.jpg 300w, https:\/\/hoyre.no\/content\/uploads\/sites\/212\/2023\/07\/GettyImages-1152308900-768x512.jpg 768w, https:\/\/hoyre.no\/content\/uploads\/sites\/212\/2023\/07\/GettyImages-1152308900-1536x1024.jpg 1536w, https:\/\/hoyre.no\/content\/uploads\/sites\/212\/2023\/07\/GettyImages-1152308900-2048x1365.jpg 2048w\" sizes=\"auto, (max-width: 1024px) 100vw, 1024px\" \/>\n\t\t\t<\/div>\n\t\t\t<div class=\"hoyre-media-text__content\">\n\t\t\t\t<div class=\"hoyre-media-text__content-inner\">\n\t\t\t\t\t\n\t\t\t<div class=\"hoyre-media-text__title-container\">\n\t\t\t\t\n\t\t\t\t<h2 class=\"hoyre-media-text__title\">Gjeninnf\u00f8rer fritt brukervalg<\/h2>\n\t\t\t<\/div>\n\t\t\t\n\t\t\t\t\t<div class=\"hoyre-media-text__blocks\">\n<p>Tidligere hadde Stavanger fritt brukervalg for hjemmehjelp til rengj\u00f8ring. Egenbetalingen og tjenesten var lik, og brukerne kunne bytte leverand\u00f8r hvis de ville. Ordningen ble avviklet i forrige bystyreperiode.<\/p><p>For flertallspartiene skal innbyggerne st\u00e5 i sentrum &#8211; ikke systemet. Derfor vil vi at fritt brukervalg skal vurderes \u00e5 gjelde mest mulig av kommunens samlede tjenestetilbud. <\/p>\n<\/div>\n\t\t\t\t\t\n\t\t\t\t<\/div>\n\t\t\t<\/div>\n\t\t<\/div>\n\t\t\n\n\n\t\t<div class=\"has-dark-blue-background-color is-layout-left alignwide alignwide wp-block-hoyre-media-text\">\n\t\t\t<div class=\"hoyre-media-text__media\">\n\t\t\t\t<img loading=\"lazy\" decoding=\"async\" width=\"1024\" height=\"1024\" src=\"https:\/\/hoyre.no\/content\/uploads\/sites\/212\/2023\/07\/SOME-helse-og-velferd-5-1-1024x1024.png\" class=\"hoyre-media-text__media-image\" alt=\"\" style=\"--focal: 44% 37%;\" srcset=\"https:\/\/hoyre.no\/content\/uploads\/sites\/212\/2023\/07\/SOME-helse-og-velferd-5-1-1024x1024.png 1024w, https:\/\/hoyre.no\/content\/uploads\/sites\/212\/2023\/07\/SOME-helse-og-velferd-5-1-300x300.png 300w, https:\/\/hoyre.no\/content\/uploads\/sites\/212\/2023\/07\/SOME-helse-og-velferd-5-1-150x150.png 150w, https:\/\/hoyre.no\/content\/uploads\/sites\/212\/2023\/07\/SOME-helse-og-velferd-5-1-768x768.png 768w, https:\/\/hoyre.no\/content\/uploads\/sites\/212\/2023\/07\/SOME-helse-og-velferd-5-1.png 1080w\" sizes=\"auto, (max-width: 1024px) 100vw, 1024px\" \/>\n\t\t\t<\/div>\n\t\t\t<div class=\"hoyre-media-text__content\">\n\t\t\t\t<div class=\"hoyre-media-text__content-inner\">\n\t\t\t\t\t\n\t\t\t<div class=\"hoyre-media-text__title-container\">\n\t\t\t\t\n\t\t\t\t<h2 class=\"hoyre-media-text__title\">Arbeidsinkludering<\/h2>\n\t\t\t<\/div>\n\t\t\t\n\t\t\t\t\t<div class=\"hoyre-media-text__blocks\">\n<p>N\u00e5r stadig flere mennesker leverer i utenforskap, m\u00e5 det gj\u00f8res mer for at flere f\u00e5r muligheten til \u00e5 delta i arbeidslivet. For flertallspartiene er det viktig at flere f\u00e5r muligheten til \u00e5 vise hva de kan. <\/p><p>Blant annet skal u<span style=\"font-size: revert;, sans-serif;letter-spacing: 0.02em\">tvalg for helse og velferd f\u00e5 en oversikt over hvilke tiltak kommunen kan gj\u00f8re for \u00e5 redusere eller fjerne barrierer for \u00e5 f\u00e5 flere av innbyggerne, som i dag st\u00e5r utenfor arbeidsmarkedet, helt eller delvis inn i arbeid eller utdanning.<\/span><\/p>\n<\/div>\n\t\t\t\t\t\n\t\t\t\t<\/div>\n\t\t\t<\/div>\n\t\t<\/div>\n\t\t\n\n\n\t\t<div class=\"has-dark-blue-background-color is-layout-right alignwide alignwide wp-block-hoyre-media-text\">\n\t\t\t<div class=\"hoyre-media-text__media\">\n\t\t\t\t<img loading=\"lazy\" decoding=\"async\" width=\"1024\" height=\"683\" src=\"https:\/\/hoyre.no\/content\/uploads\/sites\/212\/2023\/07\/GettyImages-1191193174-1024x683.jpg\" class=\"hoyre-media-text__media-image\" alt=\"\" style=\"--focal: 44% 37%;\" srcset=\"https:\/\/hoyre.no\/content\/uploads\/sites\/212\/2023\/07\/GettyImages-1191193174-1024x683.jpg 1024w, https:\/\/hoyre.no\/content\/uploads\/sites\/212\/2023\/07\/GettyImages-1191193174-300x200.jpg 300w, https:\/\/hoyre.no\/content\/uploads\/sites\/212\/2023\/07\/GettyImages-1191193174-768x512.jpg 768w, https:\/\/hoyre.no\/content\/uploads\/sites\/212\/2023\/07\/GettyImages-1191193174-1536x1024.jpg 1536w, https:\/\/hoyre.no\/content\/uploads\/sites\/212\/2023\/07\/GettyImages-1191193174-2048x1365.jpg 2048w\" sizes=\"auto, (max-width: 1024px) 100vw, 1024px\" \/>\n\t\t\t<\/div>\n\t\t\t<div class=\"hoyre-media-text__content\">\n\t\t\t\t<div class=\"hoyre-media-text__content-inner\">\n\t\t\t\t\t\n\t\t\t<div class=\"hoyre-media-text__title-container\">\n\t\t\t\t\n\t\t\t\t<h2 class=\"hoyre-media-text__title\">Forutsigbare rammevilk\u00e5r for serveringsbransjen<\/h2>\n\t\t\t<\/div>\n\t\t\t\n\t\t\t\t\t<div class=\"hoyre-media-text__blocks\">\n<p>Med dagens praksis er i utgangspunktet alle ansatte i serveringsbransjen p\u00e5 midlertidig 4-\u00e5rsengasjement &#8211; i p\u00e5vente av fornyelse av skjenkebevilling.<\/p><p>Flertallspartiene \u00f8nsker \u00e5 im\u00f8tekomme bransjen med forutsigbare rammebetingelser ved \u00e5 forenkle prosessen for fornyelse av skjenkebevilling &#8211; kun endringer skal meldes inn, men bevilgning fornyes automatisk s\u00e5 lenge det ikke foreligger grunnlag for \u00e5 frata bevilgningen.<\/p>\n<\/div>\n\t\t\t\t\t\n\t\t\t\t<\/div>\n\t\t\t<\/div>\n\t\t<\/div>\n\t\t\n\n\n\t\t<div class=\"has-dark-blue-background-color is-layout-left alignwide alignwide wp-block-hoyre-media-text\">\n\t\t\t<div class=\"hoyre-media-text__media\">\n\t\t\t\t<img loading=\"lazy\" decoding=\"async\" width=\"1024\" height=\"1024\" src=\"https:\/\/hoyre.no\/content\/uploads\/sites\/212\/2023\/12\/Stavanger-budsjettet-2024-3-1024x1024.png\" class=\"hoyre-media-text__media-image\" alt=\"\" style=\"--focal: 57% 35%;\" srcset=\"https:\/\/hoyre.no\/content\/uploads\/sites\/212\/2023\/12\/Stavanger-budsjettet-2024-3-1024x1024.png 1024w, https:\/\/hoyre.no\/content\/uploads\/sites\/212\/2023\/12\/Stavanger-budsjettet-2024-3-300x300.png 300w, https:\/\/hoyre.no\/content\/uploads\/sites\/212\/2023\/12\/Stavanger-budsjettet-2024-3-150x150.png 150w, https:\/\/hoyre.no\/content\/uploads\/sites\/212\/2023\/12\/Stavanger-budsjettet-2024-3-768x768.png 768w, https:\/\/hoyre.no\/content\/uploads\/sites\/212\/2023\/12\/Stavanger-budsjettet-2024-3.png 1080w\" sizes=\"auto, (max-width: 1024px) 100vw, 1024px\" \/>\n\t\t\t<\/div>\n\t\t\t<div class=\"hoyre-media-text__content\">\n\t\t\t\t<div class=\"hoyre-media-text__content-inner\">\n\t\t\t\t\t\n\t\t\t<div class=\"hoyre-media-text__title-container\">\n\t\t\t\t\n\t\t\t\t<h2 class=\"hoyre-media-text__title\">Lokal gaveforsterkningsordning<\/h2>\n\t\t\t<\/div>\n\t\t\t\n\t\t\t\t\t<div class=\"hoyre-media-text__blocks\">\n<p>Flertallspartiene oppretter en lokal gaveforsterkningsordning for kunst, kultur og idrett i Stavanger. Private pengegaver til kunst- og kulturinstitusjoner eller individuelle idrettsut\u00f8vere kan forsterkes gjennom et p\u00e5slag p\u00e5 inntil 25 prosent av det private gavebel\u00f8pet \u2013 begrenset opp 100.000 kroner per mottaker.<\/p><p>Utvalg for kultur, idrett og samfunnsdialog gis et utvidet mandat til \u00e5 dele ut midler via gaveforsterkningsordningen.<\/p>\n<\/div>\n\t\t\t\t\t\n\t\t\t\t<\/div>\n\t\t\t<\/div>\n\t\t<\/div>\n\t\t\n\n\n\t\t<div class=\"has-dark-blue-background-color is-layout-right alignwide alignwide wp-block-hoyre-media-text\">\n\t\t\t<div class=\"hoyre-media-text__media\">\n\t\t\t\t<img loading=\"lazy\" decoding=\"async\" width=\"1024\" height=\"683\" src=\"https:\/\/hoyre.no\/content\/uploads\/sites\/212\/2023\/07\/GettyImages-1224332804-2-1024x683.jpg\" class=\"hoyre-media-text__media-image\" alt=\"\" style=\"--focal: 44% 37%;\" srcset=\"https:\/\/hoyre.no\/content\/uploads\/sites\/212\/2023\/07\/GettyImages-1224332804-2-1024x683.jpg 1024w, https:\/\/hoyre.no\/content\/uploads\/sites\/212\/2023\/07\/GettyImages-1224332804-2-300x200.jpg 300w, https:\/\/hoyre.no\/content\/uploads\/sites\/212\/2023\/07\/GettyImages-1224332804-2-768x513.jpg 768w, https:\/\/hoyre.no\/content\/uploads\/sites\/212\/2023\/07\/GettyImages-1224332804-2-1536x1025.jpg 1536w, https:\/\/hoyre.no\/content\/uploads\/sites\/212\/2023\/07\/GettyImages-1224332804-2-2048x1367.jpg 2048w\" sizes=\"auto, (max-width: 1024px) 100vw, 1024px\" \/>\n\t\t\t<\/div>\n\t\t\t<div class=\"hoyre-media-text__content\">\n\t\t\t\t<div class=\"hoyre-media-text__content-inner\">\n\t\t\t\t\t\n\t\t\t<div class=\"hoyre-media-text__title-container\">\n\t\t\t\t\n\t\t\t\t<h2 class=\"hoyre-media-text__title\">Vern av S\u00f8rmarka<\/h2>\n\t\t\t<\/div>\n\t\t\t\n\t\t\t\t\t<div class=\"hoyre-media-text__blocks\">\n<p>Flertallspartiene vil stanse nedbygging av s\u00e5rbare naturomr\u00e5der og frede Stavangers st\u00f8rste sammenhengende skogsomr\u00e5de. Helt konkret inneholder planene:<\/p><p>Statlig sikre friluftsomr\u00e5der p\u00e5 kommunale eiendommer i S\u00f8rmarka.<\/p><p>I neste revisjon av kommuneplanen legges det inn sikring av marka. Dette kan gj\u00f8res gjennom innf\u00f8ring av markagrense og hensynssoner. Dette er spesielt viktig i de omr\u00e5dene av S\u00f8rmarka som ikke er regulert som friomr\u00e5de.<\/p><p>Etablere urban nasjonalpark eller vernet friluftslivsomr\u00e5de. Dette vil inneb\u00e6re pionerarbeid fra kommunen og mulig lovendringer fra Stortinget.\u00a0<\/p>\n<\/div>\n\t\t\t\t\t\n\t\t\t\t<\/div>\n\t\t\t<\/div>\n\t\t<\/div>\n\t\t\n\n<div class=\"tags\">\n\t<\/div>\n<div class=\"post-footer alignfull has-background block-editor-block-list__block\" data-align=full>\n\t<div class=\"post-footer-inner\">\n\t\t<h3>Relaterte artikler<\/h3>\n\t\t<div class=\"related-content\"><div class=\"is-card-hoyre\">\n\t<div class=\"teft-card hoyre-teft-card post-teft-card\">\n\t\t<a href=\"https:\/\/hoyre.no\/stavanger\/aktuelt\/hvem-bor-representere-hoyre-i-bystyret-neste-periode\/\" class=\"teft-card__primary-action\">\n\n\t\t\t<div class=\"teft-card__media teft-card__media--16-9 no-image\"><\/div>\n\t\t\t<div class=\"teft-card__content-wrapper\">\n\t\t\t\t<div class=\"teft-card__secondary\">\n\t\t\t\t\t\n\t\t\t\t\t\t\t\t<div class=\"teft-card__meta\">\n\t\t\t\t\t\t\t\t\t<span class=\"post-date\">12. feb 2026<\/span>\n\n\t\t\t\t\t\t\t\t\t\t\t\t\t\t\t\t\t<\/div>\n\t\t\t\t\t\t\t\t\t\t\t<\/div>\n\n\t\t\t\t<div class=\"teft-card__primary\">\n\t\t\t\t\t<h2 class=\"teft-card__title\">Lokalvalget 2027 &#8211; Stavanger H\u00f8yres nominasjonsprosess&nbsp;<span class=\"teft-card__primary-title-append\"><\/span><\/h2>\t\t\t\t<\/div>\n\t\t\t<\/div>\n\t\t<\/a>\n\t<\/div>\n\n\t<\/div><div class=\"is-card-hoyre\">\n\t<div class=\"teft-card hoyre-teft-card post-teft-card\">\n\t\t<a href=\"https:\/\/hoyre.no\/stavanger\/aktuelt\/datoplan-for-nominasjons-prosessen\/\" class=\"teft-card__primary-action\">\n\n\t\t\t<div class=\"teft-card__media teft-card__media--16-9 no-image\"><\/div>\n\t\t\t<div class=\"teft-card__content-wrapper\">\n\t\t\t\t<div class=\"teft-card__secondary\">\n\t\t\t\t\t\n\t\t\t\t\t\t\t\t<div class=\"teft-card__meta\">\n\t\t\t\t\t\t\t\t\t<span class=\"post-date\">9. feb 2026<\/span>\n\n\t\t\t\t\t\t\t\t\t<span class=\"post-category\">Nyheter<\/span>\t\t\t\t\t\t\t\t<\/div>\n\t\t\t\t\t\t\t\t\t\t\t<\/div>\n\n\t\t\t\t<div class=\"teft-card__primary\">\n\t\t\t\t\t<h2 class=\"teft-card__title\">Datoplan for nominasjons-prosessen&nbsp;<span class=\"teft-card__primary-title-append\"><\/span><\/h2>\t\t\t\t<\/div>\n\t\t\t<\/div>\n\t\t<\/a>\n\t<\/div>\n\n\t<\/div><div class=\"is-card-hoyre\">\n\t<div class=\"teft-card hoyre-teft-card post-teft-card\">\n\t\t<a href=\"https:\/\/hoyre.no\/stavanger\/aktuelt\/rogaland-hoyre-arsmote-2026\/\" class=\"teft-card__primary-action\">\n\n\t\t\t<div class=\"teft-card__media teft-card__media--16-9 no-image\"><\/div>\n\t\t\t<div class=\"teft-card__content-wrapper\">\n\t\t\t\t<div class=\"teft-card__secondary\">\n\t\t\t\t\t\n\t\t\t\t\t\t\t\t<div class=\"teft-card__meta\">\n\t\t\t\t\t\t\t\t\t<span class=\"post-date\">8. feb 2026<\/span>\n\n\t\t\t\t\t\t\t\t\t\t\t\t\t\t\t\t\t<\/div>\n\t\t\t\t\t\t\t\t\t\t\t<\/div>\n\n\t\t\t\t<div class=\"teft-card__primary\">\n\t\t\t\t\t<h2 class=\"teft-card__title\">Vedtatt politikk &#8211; Stavanger H\u00f8yre \u00c5rsm\u00f8te 2025&nbsp;<span class=\"teft-card__primary-title-append\"><\/span><\/h2>\t\t\t\t<\/div>\n\t\t\t<\/div>\n\t\t<\/a>\n\t<\/div>\n\n\t<\/div><\/div>\t<\/div>\n<\/div>\n","protected":false},"excerpt":{"rendered":"","protected":false},"author":30950,"featured_media":0,"comment_status":"closed","ping_status":"closed","sticky":false,"template":"","format":"standard","meta":{"teft_cards_image_url":"","teft_cards_custom_pretitle":"","teft_cards_image_id":2377,"teft_cards_image_focal_point_x":0.5,"teft_cards_image_focal_point_y":0.5,"teft_cards_title":"","teft_cards_excerpt":"","teft_show_chapters":false,"author_display_name":"","footnotes":""},"category":[1],"post_tag":[],"hoyre-visibility":[],"article-type":[],"politician":[],"class_list":["post-2681","post","type-post","status-publish","format-standard","hentry","category-nyheter"],"yoast_head":"<!-- This site is optimized with the Yoast SEO plugin v26.6 - https:\/\/yoast.com\/wordpress\/plugins\/seo\/ -->\n<title>100 dager med H\u00f8yre - Stavanger H\u00f8yre<\/title>\n<meta name=\"robots\" content=\"index, follow, max-snippet:-1, max-image-preview:large, max-video-preview:-1\" \/>\n<link rel=\"canonical\" href=\"https:\/\/hoyre.no\/stavanger\/aktuelt\/100-dager-med-hoyre\/\" \/>\n<meta property=\"og:locale\" content=\"nb_NO\" \/>\n<meta property=\"og:type\" content=\"article\" \/>\n<meta property=\"og:title\" content=\"100 dager med H\u00f8yre - Stavanger H\u00f8yre\" \/>\n<meta property=\"og:url\" content=\"https:\/\/hoyre.no\/stavanger\/aktuelt\/100-dager-med-hoyre\/\" \/>\n<meta property=\"og:site_name\" content=\"Stavanger H\u00f8yre\" \/>\n<meta property=\"article:published_time\" content=\"2024-01-25T10:35:04+00:00\" \/>\n<meta property=\"article:modified_time\" content=\"2024-01-31T06:37:44+00:00\" \/>\n<meta property=\"og:image\" content=\"https:\/\/hoyre.no\/content\/uploads\/sites\/212\/2022\/11\/Hoyres-logo.png\" \/>\n\t<meta property=\"og:image:width\" content=\"1000\" \/>\n\t<meta property=\"og:image:height\" content=\"1000\" \/>\n\t<meta property=\"og:image:type\" content=\"image\/png\" \/>\n<meta name=\"author\" content=\"Torhild \u00d8sten\u00e5 Larsen\" \/>\n<meta name=\"twitter:card\" content=\"summary_large_image\" \/>\n<meta name=\"twitter:label1\" content=\"Skrevet av\" \/>\n\t<meta name=\"twitter:data1\" content=\"Torhild \u00d8sten\u00e5 Larsen\" \/>\n\t<meta name=\"twitter:label2\" content=\"Ansl. lesetid\" \/>\n\t<meta name=\"twitter:data2\" content=\"4 minutter\" \/>\n<script type=\"application\/ld+json\" class=\"yoast-schema-graph\">{\"@context\":\"https:\/\/schema.org\",\"@graph\":[{\"@type\":\"NewsArticle\",\"@id\":\"https:\/\/hoyre.no\/stavanger\/aktuelt\/100-dager-med-hoyre\/\",\"url\":\"https:\/\/hoyre.no\/stavanger\/aktuelt\/100-dager-med-hoyre\/\",\"name\":\"100 dager med H\u00f8yre - Stavanger H\u00f8yre\",\"isPartOf\":{\"@id\":\"https:\/\/hoyre.no\/stavanger\/#website\"},\"datePublished\":\"2024-01-25T10:35:04+00:00\",\"dateModified\":\"2024-01-31T06:37:44+00:00\",\"author\":{\"@id\":\"https:\/\/hoyre.no\/stavanger\/#\/schema\/person\/6bff9b4fb96ce00ecc81562e4aab3e44\"},\"breadcrumb\":{\"@id\":\"https:\/\/hoyre.no\/stavanger\/aktuelt\/100-dager-med-hoyre\/#breadcrumb\"},\"inLanguage\":\"nb-NO\",\"potentialAction\":[{\"@type\":\"ReadAction\",\"target\":[\"https:\/\/hoyre.no\/stavanger\/aktuelt\/100-dager-med-hoyre\/\"]}]},{\"@type\":\"BreadcrumbList\",\"@id\":\"https:\/\/hoyre.no\/stavanger\/aktuelt\/100-dager-med-hoyre\/#breadcrumb\",\"itemListElement\":[{\"@type\":\"ListItem\",\"position\":1,\"name\":\"Til hoyre.no\",\"item\":\"https:\/\/hoyre.no\"},{\"@type\":\"ListItem\",\"position\":2,\"name\":\"Hjem\",\"item\":\"https:\/\/hoyre.no\/stavanger\/\"},{\"@type\":\"ListItem\",\"position\":3,\"name\":\"100 dager med H\u00f8yre\"}]},{\"@type\":\"WebSite\",\"@id\":\"https:\/\/hoyre.no\/stavanger\/#website\",\"url\":\"https:\/\/hoyre.no\/stavanger\/\",\"name\":\"Stavanger H\u00f8yre\",\"description\":\"Bare enda et H\u00f8yres nettsteder-nettsted\",\"inLanguage\":\"nb-NO\"},{\"@type\":\"Person\",\"@id\":\"https:\/\/hoyre.no\/stavanger\/#\/schema\/person\/6bff9b4fb96ce00ecc81562e4aab3e44\",\"name\":\"Torhild \u00d8sten\u00e5 Larsen\",\"image\":{\"@type\":\"ImageObject\",\"inLanguage\":\"nb-NO\",\"@id\":\"https:\/\/hoyre.no\/stavanger\/#\/schema\/person\/image\/\",\"url\":\"https:\/\/secure.gravatar.com\/avatar\/bb8b78fff9ae7ebf108059a245a4f86a87ca86a5693c7cd69772b023fc6754e3?s=96&d=mm&r=g\",\"contentUrl\":\"https:\/\/secure.gravatar.com\/avatar\/bb8b78fff9ae7ebf108059a245a4f86a87ca86a5693c7cd69772b023fc6754e3?s=96&d=mm&r=g\",\"caption\":\"Torhild \u00d8sten\u00e5 Larsen\"},\"url\":\"https:\/\/hoyre.no\/stavanger\/aktuelt\/author\/m52121324\/\"}]}<\/script>\n<!-- \/ Yoast SEO plugin. -->","yoast_head_json":{"title":"100 dager med H\u00f8yre - Stavanger H\u00f8yre","robots":{"index":"index","follow":"follow","max-snippet":"max-snippet:-1","max-image-preview":"max-image-preview:large","max-video-preview":"max-video-preview:-1"},"canonical":"https:\/\/hoyre.no\/stavanger\/aktuelt\/100-dager-med-hoyre\/","og_locale":"nb_NO","og_type":"article","og_title":"100 dager med H\u00f8yre - Stavanger H\u00f8yre","og_url":"https:\/\/hoyre.no\/stavanger\/aktuelt\/100-dager-med-hoyre\/","og_site_name":"Stavanger H\u00f8yre","article_published_time":"2024-01-25T10:35:04+00:00","article_modified_time":"2024-01-31T06:37:44+00:00","og_image":[{"width":1000,"height":1000,"url":"https:\/\/hoyre.no\/content\/uploads\/sites\/212\/2022\/11\/Hoyres-logo.png","type":"image\/png"}],"author":"Torhild \u00d8sten\u00e5 Larsen","twitter_card":"summary_large_image","twitter_misc":{"Skrevet av":"Torhild \u00d8sten\u00e5 Larsen","Ansl. lesetid":"4 minutter"},"schema":{"@context":"https:\/\/schema.org","@graph":[{"@type":"NewsArticle","@id":"https:\/\/hoyre.no\/stavanger\/aktuelt\/100-dager-med-hoyre\/","url":"https:\/\/hoyre.no\/stavanger\/aktuelt\/100-dager-med-hoyre\/","name":"100 dager med H\u00f8yre - Stavanger H\u00f8yre","isPartOf":{"@id":"https:\/\/hoyre.no\/stavanger\/#website"},"datePublished":"2024-01-25T10:35:04+00:00","dateModified":"2024-01-31T06:37:44+00:00","author":{"@id":"https:\/\/hoyre.no\/stavanger\/#\/schema\/person\/6bff9b4fb96ce00ecc81562e4aab3e44"},"breadcrumb":{"@id":"https:\/\/hoyre.no\/stavanger\/aktuelt\/100-dager-med-hoyre\/#breadcrumb"},"inLanguage":"nb-NO","potentialAction":[{"@type":"ReadAction","target":["https:\/\/hoyre.no\/stavanger\/aktuelt\/100-dager-med-hoyre\/"]}]},{"@type":"BreadcrumbList","@id":"https:\/\/hoyre.no\/stavanger\/aktuelt\/100-dager-med-hoyre\/#breadcrumb","itemListElement":[{"@type":"ListItem","position":1,"name":"Til hoyre.no","item":"https:\/\/hoyre.no"},{"@type":"ListItem","position":2,"name":"Hjem","item":"https:\/\/hoyre.no\/stavanger\/"},{"@type":"ListItem","position":3,"name":"100 dager med H\u00f8yre"}]},{"@type":"WebSite","@id":"https:\/\/hoyre.no\/stavanger\/#website","url":"https:\/\/hoyre.no\/stavanger\/","name":"Stavanger H\u00f8yre","description":"Bare enda et H\u00f8yres nettsteder-nettsted","inLanguage":"nb-NO"},{"@type":"Person","@id":"https:\/\/hoyre.no\/stavanger\/#\/schema\/person\/6bff9b4fb96ce00ecc81562e4aab3e44","name":"Torhild \u00d8sten\u00e5 Larsen","image":{"@type":"ImageObject","inLanguage":"nb-NO","@id":"https:\/\/hoyre.no\/stavanger\/#\/schema\/person\/image\/","url":"https:\/\/secure.gravatar.com\/avatar\/bb8b78fff9ae7ebf108059a245a4f86a87ca86a5693c7cd69772b023fc6754e3?s=96&d=mm&r=g","contentUrl":"https:\/\/secure.gravatar.com\/avatar\/bb8b78fff9ae7ebf108059a245a4f86a87ca86a5693c7cd69772b023fc6754e3?s=96&d=mm&r=g","caption":"Torhild \u00d8sten\u00e5 Larsen"},"url":"https:\/\/hoyre.no\/stavanger\/aktuelt\/author\/m52121324\/"}]}},"distributor_meta":false,"distributor_terms":false,"distributor_media":false,"distributor_original_site_name":"Stavanger H\u00f8yre","distributor_original_site_url":"https:\/\/hoyre.no\/stavanger","push-errors":false,"_links":{"self":[{"href":"https:\/\/hoyre.no\/stavanger\/wp-json\/wp\/v2\/posts\/2681","targetHints":{"allow":["GET"]}}],"collection":[{"href":"https:\/\/hoyre.no\/stavanger\/wp-json\/wp\/v2\/posts"}],"about":[{"href":"https:\/\/hoyre.no\/stavanger\/wp-json\/wp\/v2\/types\/post"}],"author":[{"embeddable":true,"href":"https:\/\/hoyre.no\/stavanger\/wp-json\/wp\/v2\/users\/30950"}],"replies":[{"embeddable":true,"href":"https:\/\/hoyre.no\/stavanger\/wp-json\/wp\/v2\/comments?post=2681"}],"version-history":[{"count":7,"href":"https:\/\/hoyre.no\/stavanger\/wp-json\/wp\/v2\/posts\/2681\/revisions"}],"predecessor-version":[{"id":2695,"href":"https:\/\/hoyre.no\/stavanger\/wp-json\/wp\/v2\/posts\/2681\/revisions\/2695"}],"wp:attachment":[{"href":"https:\/\/hoyre.no\/stavanger\/wp-json\/wp\/v2\/media?parent=2681"}],"wp:term":[{"taxonomy":"category","embeddable":true,"href":"https:\/\/hoyre.no\/stavanger\/wp-json\/wp\/v2\/category?post=2681"},{"taxonomy":"post_tag","embeddable":true,"href":"https:\/\/hoyre.no\/stavanger\/wp-json\/wp\/v2\/post_tag?post=2681"},{"taxonomy":"hoyre-visibility","embeddable":true,"href":"https:\/\/hoyre.no\/stavanger\/wp-json\/wp\/v2\/hoyre-visibility?post=2681"},{"taxonomy":"article-type","embeddable":true,"href":"https:\/\/hoyre.no\/stavanger\/wp-json\/wp\/v2\/article-type?post=2681"},{"taxonomy":"politician","embeddable":true,"href":"https:\/\/hoyre.no\/stavanger\/wp-json\/wp\/v2\/politician?post=2681"}],"curies":[{"name":"wp","href":"https:\/\/api.w.org\/{rel}","templated":true}]}}