{"id":2940,"date":"2025-08-08T09:10:36","date_gmt":"2025-08-08T07:10:36","guid":{"rendered":"https:\/\/hoyre.no\/stavanger\/?p=2940"},"modified":"2025-08-11T19:27:45","modified_gmt":"2025-08-11T17:27:45","slug":"sok-til-styret-frist-01-sep","status":"publish","type":"post","link":"https:\/\/hoyre.no\/stavanger\/aktuelt\/sok-til-styret-frist-01-sep\/","title":{"rendered":"S\u00f8k til styret &#8211; Frist 01. sep"},"content":{"rendered":"\n<p class=\"preamble\">Har du noen i tankene som kunne v\u00e6re en god kandidat til styret?<\/p>\t\t\t<div class=\"post-meta wp-block teft-byline-wrapper\">\n\t\t\t\t<div class=\"top\">\n\t\t\t\t\t<div class=\"signature\">\n\t\t\t\t\t\t<div class=\"teft-byline\">\n\t\t\t\t\t\t\t\t\t\t\t\t\t\t<div>\n\t\t\t\t\t\t\t\t<h3>H\u00f8yres redaksjon<\/h3>\t\t\t\t\t\t\t\t\n\t\t\t\t\t\t\t\t\t\t\t\t\t\t\t\t\t<span class=\"date\">Sist oppdatert: 11. august 2025<\/span>\n\t\t\t\t\t\t\t\t\t\t\t\t\t\t\t\t\t\t\t\t\t\t\t\t\t<span class=\"reading-time\" itemprop=\"timeRequired\" content=\"PT1M\"><em>Ca. 1 minutter lesetid<\/em><\/span>\n\t\t\t\t\t\t\t\t\t\t\t\t\t\t\t<\/div>\n\t\t\t\t\t\t<\/div>\n\t\t\t\t\t<\/div>\n\t\t\t\t\t\t<div class=\"sharing\">\n\t\t<a class=\"share-button share-link copy-link\" data-copy=\"https:\/\/hoyre.no\/stavanger\/aktuelt\/sok-til-styret-frist-01-sep\/\" target=\"_blank\"><span class=\"screen-reader-text\">Del link<\/span><\/a>\n\t\t<a class=\"share-button share-twitter\" href=\"http:\/\/twitter.com\/share?text=S\u00f8k til styret &#8211; Frist 01. sep&#038;url=https:\/\/hoyre.no\/stavanger\/aktuelt\/sok-til-styret-frist-01-sep\/&#038;hashtags=Hoyre\" target=\"_blank\"><span class=\"screen-reader-text\">Del p\u00e5 twitter<\/span><\/a>\n\t\t<a class=\"share-button share-facebook\" href=\"https:\/\/www.facebook.com\/sharer\/sharer.php?u=https:\/\/hoyre.no\/stavanger\/aktuelt\/sok-til-styret-frist-01-sep\/\" target=\"_blank\"><span class=\"screen-reader-text\">Del p\u00e5 facebook<\/span><\/a>\n\t<\/div>\n\t\t\t\t\t<\/div>\n\t\t\t<\/div>\n\n\t\t\t<figure class=\"hoyre-image-wrapper\"><div class=\"hoyre-image\"><img loading=\"lazy\" decoding=\"async\" width=\"1080\" height=\"1080\" src=\"https:\/\/hoyre.no\/content\/uploads\/sites\/212\/2025\/08\/Styre-innspillsfrist.png\" class=\"attachment-scaled size-scaled\" alt=\"\" style=\"object-position: 50% 50%\" srcset=\"https:\/\/hoyre.no\/content\/uploads\/sites\/212\/2025\/08\/Styre-innspillsfrist.png 1080w, https:\/\/hoyre.no\/content\/uploads\/sites\/212\/2025\/08\/Styre-innspillsfrist-300x300.png 300w, https:\/\/hoyre.no\/content\/uploads\/sites\/212\/2025\/08\/Styre-innspillsfrist-1024x1024.png 1024w, https:\/\/hoyre.no\/content\/uploads\/sites\/212\/2025\/08\/Styre-innspillsfrist-150x150.png 150w, https:\/\/hoyre.no\/content\/uploads\/sites\/212\/2025\/08\/Styre-innspillsfrist-768x768.png 768w\" sizes=\"auto, (max-width: 1080px) 100vw, 1080px\" \/><\/div><\/figure>\n\n\n\n\n<figure class=\"wp-block-table\"><table class=\"has-fixed-layout\"><tbody><tr><td>Vi trenger deres hjelp til \u00e5 finne de beste kandidatene til viktige styreverv i Stavanger H\u00f8yre. Vi leter etter flinke, engasjerte og motiverte personer som kan bidra til \u00e5 styrke v\u00e5rt arbeid og lede organisasjonen p\u00e5 en god m\u00e5te. Valgkomiteen er i gang med arbeidet, men vi trenger deres innspill! Har du noen i tankene som kunne v\u00e6re en god kandidat til styret? Send inn ditt forslag via v\u00e5rt skjema s\u00e5 snart som mulig. For \u00e5 sikre at komiteen f\u00e5r tid til \u00e5 gjennomf\u00f8re grundige samtaler med kandidatene, setter vi frist for nominasjoner\/innspill til 1. september. Foresl\u00e5 i vei!\u00a0<br><br>Du finner skjemaet til valgkomiteen ved \u00e5 klikke <a href=\"https:\/\/hoyre.ungapped.io\/evt\/Issues\/670ad221-8e27-4388-a87c-a4cd6b9de0a1\/Click?ContactId=00000000-0000-0000-0000-000000000000&amp;AccountId=d913d6b8-5e90-4601-b939-106356b54803&amp;ir=&amp;url=https%3a%2f%2fdocs.google.com%2fforms%2fd%2fe%2f1FAIpQLSdARlVGMVPKbtx0ec_ZYY62K0Vg8rKIeQ6H_-XHl3Qcmx5Tmw%2fviewform%3fusp%3dsharing%26ouid%3d116419131941869281090\">her<\/a>. Vi setter stor pris p\u00e5 alle forslag og h\u00e5per dere vil bidra til \u00e5 finne de beste kandidatene. Har du sp\u00f8rsm\u00e5l? Ta gjerne kontakt med Kirsten Madland, leder av valgkomiteen, p\u00e5 telefon 913 16 477 eller e-post <a href=\"mailto:kirsten.madland@lyse.net\">kirsten.madland@lyse.net<\/a>.<\/td><\/tr><\/tbody><\/table><\/figure>\n\n\n\n<figure class=\"wp-block-table\"><table class=\"has-fixed-layout\"><tbody><tr><td>F\u00f8lgende verv er p\u00e5 valg:\u00a0<br> &#8211; Nestleder &#8211; 2 \u00e5r <br>&#8211; Styremedlem &#8211; 2 \u00e5r <br>&#8211; Styremedlem &#8211; 2 \u00e5r<br>&#8211; Styremedlem &#8211; 1 \u00e5r<\/td><\/tr><\/tbody><\/table><\/figure>\n\n\n<div class=\"tags\">\n\t<\/div>\n<div class=\"post-footer alignfull has-background block-editor-block-list__block\" data-align=full>\n\t<div class=\"post-footer-inner\">\n\t\t<h3>Relaterte artikler<\/h3>\n\t\t<div class=\"related-content\"><div class=\"is-card-hoyre\">\n\t<div class=\"teft-card hoyre-teft-card post-teft-card\">\n\t\t<a href=\"https:\/\/hoyre.no\/stavanger\/aktuelt\/hvem-bor-representere-hoyre-i-bystyret-neste-periode\/\" class=\"teft-card__primary-action\">\n\n\t\t\t<div class=\"teft-card__media teft-card__media--16-9 no-image\"><\/div>\n\t\t\t<div class=\"teft-card__content-wrapper\">\n\t\t\t\t<div class=\"teft-card__secondary\">\n\t\t\t\t\t\n\t\t\t\t\t\t\t\t<div class=\"teft-card__meta\">\n\t\t\t\t\t\t\t\t\t<span class=\"post-date\">12. feb 2026<\/span>\n\n\t\t\t\t\t\t\t\t\t\t\t\t\t\t\t\t\t<\/div>\n\t\t\t\t\t\t\t\t\t\t\t<\/div>\n\n\t\t\t\t<div class=\"teft-card__primary\">\n\t\t\t\t\t<h2 class=\"teft-card__title\">Lokalvalget 2027 &#8211; Stavanger H\u00f8yres nominasjonsprosess&nbsp;<span class=\"teft-card__primary-title-append\"><\/span><\/h2>\t\t\t\t<\/div>\n\t\t\t<\/div>\n\t\t<\/a>\n\t<\/div>\n\n\t<\/div><div class=\"is-card-hoyre\">\n\t<div class=\"teft-card hoyre-teft-card post-teft-card\">\n\t\t<a href=\"https:\/\/hoyre.no\/stavanger\/aktuelt\/datoplan-for-nominasjons-prosessen\/\" class=\"teft-card__primary-action\">\n\n\t\t\t<div class=\"teft-card__media teft-card__media--16-9 no-image\"><\/div>\n\t\t\t<div class=\"teft-card__content-wrapper\">\n\t\t\t\t<div class=\"teft-card__secondary\">\n\t\t\t\t\t\n\t\t\t\t\t\t\t\t<div class=\"teft-card__meta\">\n\t\t\t\t\t\t\t\t\t<span class=\"post-date\">9. feb 2026<\/span>\n\n\t\t\t\t\t\t\t\t\t<span class=\"post-category\">Nyheter<\/span>\t\t\t\t\t\t\t\t<\/div>\n\t\t\t\t\t\t\t\t\t\t\t<\/div>\n\n\t\t\t\t<div class=\"teft-card__primary\">\n\t\t\t\t\t<h2 class=\"teft-card__title\">Datoplan for nominasjons-prosessen&nbsp;<span class=\"teft-card__primary-title-append\"><\/span><\/h2>\t\t\t\t<\/div>\n\t\t\t<\/div>\n\t\t<\/a>\n\t<\/div>\n\n\t<\/div><div class=\"is-card-hoyre\">\n\t<div class=\"teft-card hoyre-teft-card post-teft-card\">\n\t\t<a href=\"https:\/\/hoyre.no\/stavanger\/aktuelt\/rogaland-hoyre-arsmote-2026\/\" class=\"teft-card__primary-action\">\n\n\t\t\t<div class=\"teft-card__media teft-card__media--16-9 no-image\"><\/div>\n\t\t\t<div class=\"teft-card__content-wrapper\">\n\t\t\t\t<div class=\"teft-card__secondary\">\n\t\t\t\t\t\n\t\t\t\t\t\t\t\t<div class=\"teft-card__meta\">\n\t\t\t\t\t\t\t\t\t<span class=\"post-date\">8. feb 2026<\/span>\n\n\t\t\t\t\t\t\t\t\t\t\t\t\t\t\t\t\t<\/div>\n\t\t\t\t\t\t\t\t\t\t\t<\/div>\n\n\t\t\t\t<div class=\"teft-card__primary\">\n\t\t\t\t\t<h2 class=\"teft-card__title\">Vedtatt politikk &#8211; Stavanger H\u00f8yre \u00c5rsm\u00f8te 2025&nbsp;<span class=\"teft-card__primary-title-append\"><\/span><\/h2>\t\t\t\t<\/div>\n\t\t\t<\/div>\n\t\t<\/a>\n\t<\/div>\n\n\t<\/div><\/div>\t<\/div>\n<\/div>\n","protected":false},"excerpt":{"rendered":"","protected":false},"author":29602,"featured_media":0,"comment_status":"closed","ping_status":"closed","sticky":false,"template":"","format":"standard","meta":{"teft_cards_image_url":"","teft_cards_custom_pretitle":"","teft_cards_image_id":1543,"teft_cards_image_focal_point_x":0.51,"teft_cards_image_focal_point_y":0.34,"teft_cards_title":"","teft_cards_excerpt":"","teft_show_chapters":false,"author_display_name":"","footnotes":""},"category":[1],"post_tag":[],"hoyre-visibility":[],"article-type":[],"politician":[],"class_list":["post-2940","post","type-post","status-publish","format-standard","hentry","category-nyheter"],"yoast_head":"<!-- This site is optimized with the Yoast SEO plugin v26.6 - https:\/\/yoast.com\/wordpress\/plugins\/seo\/ -->\n<title>S\u00f8k til styret - Frist 01. sep - Stavanger H\u00f8yre<\/title>\n<meta name=\"robots\" content=\"index, follow, max-snippet:-1, max-image-preview:large, max-video-preview:-1\" \/>\n<link rel=\"canonical\" href=\"https:\/\/hoyre.no\/stavanger\/aktuelt\/sok-til-styret-frist-01-sep\/\" \/>\n<meta property=\"og:locale\" content=\"nb_NO\" \/>\n<meta property=\"og:type\" content=\"article\" \/>\n<meta property=\"og:title\" content=\"S\u00f8k til styret - Frist 01. sep - Stavanger H\u00f8yre\" \/>\n<meta property=\"og:url\" content=\"https:\/\/hoyre.no\/stavanger\/aktuelt\/sok-til-styret-frist-01-sep\/\" \/>\n<meta property=\"og:site_name\" content=\"Stavanger H\u00f8yre\" \/>\n<meta property=\"article:published_time\" content=\"2025-08-08T07:10:36+00:00\" \/>\n<meta property=\"article:modified_time\" content=\"2025-08-11T17:27:45+00:00\" \/>\n<meta property=\"og:image\" content=\"https:\/\/hoyre.no\/content\/uploads\/sites\/212\/2022\/11\/Hoyres-logo.png\" \/>\n\t<meta property=\"og:image:width\" content=\"1000\" \/>\n\t<meta property=\"og:image:height\" content=\"1000\" \/>\n\t<meta property=\"og:image:type\" content=\"image\/png\" \/>\n<meta name=\"author\" content=\"Kristina Knudsen Gjerde\" \/>\n<meta name=\"twitter:card\" content=\"summary_large_image\" \/>\n<meta name=\"twitter:label1\" content=\"Skrevet av\" \/>\n\t<meta name=\"twitter:data1\" content=\"Kristina Knudsen Gjerde\" \/>\n\t<meta name=\"twitter:label2\" content=\"Ansl. lesetid\" \/>\n\t<meta name=\"twitter:data2\" content=\"1 minutt\" \/>\n<script type=\"application\/ld+json\" class=\"yoast-schema-graph\">{\"@context\":\"https:\/\/schema.org\",\"@graph\":[{\"@type\":\"NewsArticle\",\"@id\":\"https:\/\/hoyre.no\/stavanger\/aktuelt\/sok-til-styret-frist-01-sep\/\",\"url\":\"https:\/\/hoyre.no\/stavanger\/aktuelt\/sok-til-styret-frist-01-sep\/\",\"name\":\"S\u00f8k til styret - Frist 01. sep - Stavanger H\u00f8yre\",\"isPartOf\":{\"@id\":\"https:\/\/hoyre.no\/stavanger\/#website\"},\"datePublished\":\"2025-08-08T07:10:36+00:00\",\"dateModified\":\"2025-08-11T17:27:45+00:00\",\"author\":{\"@id\":\"https:\/\/hoyre.no\/stavanger\/#\/schema\/person\/dbc309ff6d3c4e167cd775ddbb7c558d\"},\"breadcrumb\":{\"@id\":\"https:\/\/hoyre.no\/stavanger\/aktuelt\/sok-til-styret-frist-01-sep\/#breadcrumb\"},\"inLanguage\":\"nb-NO\",\"potentialAction\":[{\"@type\":\"ReadAction\",\"target\":[\"https:\/\/hoyre.no\/stavanger\/aktuelt\/sok-til-styret-frist-01-sep\/\"]}]},{\"@type\":\"BreadcrumbList\",\"@id\":\"https:\/\/hoyre.no\/stavanger\/aktuelt\/sok-til-styret-frist-01-sep\/#breadcrumb\",\"itemListElement\":[{\"@type\":\"ListItem\",\"position\":1,\"name\":\"Til hoyre.no\",\"item\":\"https:\/\/hoyre.no\"},{\"@type\":\"ListItem\",\"position\":2,\"name\":\"Hjem\",\"item\":\"https:\/\/hoyre.no\/stavanger\/\"},{\"@type\":\"ListItem\",\"position\":3,\"name\":\"S\u00f8k til styret &#8211; Frist 01. sep\"}]},{\"@type\":\"WebSite\",\"@id\":\"https:\/\/hoyre.no\/stavanger\/#website\",\"url\":\"https:\/\/hoyre.no\/stavanger\/\",\"name\":\"Stavanger H\u00f8yre\",\"description\":\"Bare enda et H\u00f8yres nettsteder-nettsted\",\"inLanguage\":\"nb-NO\"},{\"@type\":\"Person\",\"@id\":\"https:\/\/hoyre.no\/stavanger\/#\/schema\/person\/dbc309ff6d3c4e167cd775ddbb7c558d\",\"name\":\"Kristina Knudsen Gjerde\",\"image\":{\"@type\":\"ImageObject\",\"inLanguage\":\"nb-NO\",\"@id\":\"https:\/\/hoyre.no\/stavanger\/#\/schema\/person\/image\/\",\"url\":\"https:\/\/secure.gravatar.com\/avatar\/8e3c4c8eccb5ebd583781e4758c57dc5fe3f71da67c619e3f2080622c1094818?s=96&d=mm&r=g\",\"contentUrl\":\"https:\/\/secure.gravatar.com\/avatar\/8e3c4c8eccb5ebd583781e4758c57dc5fe3f71da67c619e3f2080622c1094818?s=96&d=mm&r=g\",\"caption\":\"Kristina Knudsen Gjerde\"},\"url\":\"https:\/\/hoyre.no\/stavanger\/aktuelt\/author\/m52115912\/\"}]}<\/script>\n<!-- \/ Yoast SEO plugin. -->","yoast_head_json":{"title":"S\u00f8k til styret - Frist 01. sep - Stavanger H\u00f8yre","robots":{"index":"index","follow":"follow","max-snippet":"max-snippet:-1","max-image-preview":"max-image-preview:large","max-video-preview":"max-video-preview:-1"},"canonical":"https:\/\/hoyre.no\/stavanger\/aktuelt\/sok-til-styret-frist-01-sep\/","og_locale":"nb_NO","og_type":"article","og_title":"S\u00f8k til styret - Frist 01. sep - Stavanger H\u00f8yre","og_url":"https:\/\/hoyre.no\/stavanger\/aktuelt\/sok-til-styret-frist-01-sep\/","og_site_name":"Stavanger H\u00f8yre","article_published_time":"2025-08-08T07:10:36+00:00","article_modified_time":"2025-08-11T17:27:45+00:00","og_image":[{"width":1000,"height":1000,"url":"https:\/\/hoyre.no\/content\/uploads\/sites\/212\/2022\/11\/Hoyres-logo.png","type":"image\/png"}],"author":"Kristina Knudsen Gjerde","twitter_card":"summary_large_image","twitter_misc":{"Skrevet av":"Kristina Knudsen Gjerde","Ansl. lesetid":"1 minutt"},"schema":{"@context":"https:\/\/schema.org","@graph":[{"@type":"NewsArticle","@id":"https:\/\/hoyre.no\/stavanger\/aktuelt\/sok-til-styret-frist-01-sep\/","url":"https:\/\/hoyre.no\/stavanger\/aktuelt\/sok-til-styret-frist-01-sep\/","name":"S\u00f8k til styret - Frist 01. sep - Stavanger H\u00f8yre","isPartOf":{"@id":"https:\/\/hoyre.no\/stavanger\/#website"},"datePublished":"2025-08-08T07:10:36+00:00","dateModified":"2025-08-11T17:27:45+00:00","author":{"@id":"https:\/\/hoyre.no\/stavanger\/#\/schema\/person\/dbc309ff6d3c4e167cd775ddbb7c558d"},"breadcrumb":{"@id":"https:\/\/hoyre.no\/stavanger\/aktuelt\/sok-til-styret-frist-01-sep\/#breadcrumb"},"inLanguage":"nb-NO","potentialAction":[{"@type":"ReadAction","target":["https:\/\/hoyre.no\/stavanger\/aktuelt\/sok-til-styret-frist-01-sep\/"]}]},{"@type":"BreadcrumbList","@id":"https:\/\/hoyre.no\/stavanger\/aktuelt\/sok-til-styret-frist-01-sep\/#breadcrumb","itemListElement":[{"@type":"ListItem","position":1,"name":"Til hoyre.no","item":"https:\/\/hoyre.no"},{"@type":"ListItem","position":2,"name":"Hjem","item":"https:\/\/hoyre.no\/stavanger\/"},{"@type":"ListItem","position":3,"name":"S\u00f8k til styret &#8211; Frist 01. sep"}]},{"@type":"WebSite","@id":"https:\/\/hoyre.no\/stavanger\/#website","url":"https:\/\/hoyre.no\/stavanger\/","name":"Stavanger H\u00f8yre","description":"Bare enda et H\u00f8yres nettsteder-nettsted","inLanguage":"nb-NO"},{"@type":"Person","@id":"https:\/\/hoyre.no\/stavanger\/#\/schema\/person\/dbc309ff6d3c4e167cd775ddbb7c558d","name":"Kristina Knudsen Gjerde","image":{"@type":"ImageObject","inLanguage":"nb-NO","@id":"https:\/\/hoyre.no\/stavanger\/#\/schema\/person\/image\/","url":"https:\/\/secure.gravatar.com\/avatar\/8e3c4c8eccb5ebd583781e4758c57dc5fe3f71da67c619e3f2080622c1094818?s=96&d=mm&r=g","contentUrl":"https:\/\/secure.gravatar.com\/avatar\/8e3c4c8eccb5ebd583781e4758c57dc5fe3f71da67c619e3f2080622c1094818?s=96&d=mm&r=g","caption":"Kristina Knudsen Gjerde"},"url":"https:\/\/hoyre.no\/stavanger\/aktuelt\/author\/m52115912\/"}]}},"distributor_meta":false,"distributor_terms":false,"distributor_media":false,"distributor_original_site_name":"Stavanger H\u00f8yre","distributor_original_site_url":"https:\/\/hoyre.no\/stavanger","push-errors":false,"_links":{"self":[{"href":"https:\/\/hoyre.no\/stavanger\/wp-json\/wp\/v2\/posts\/2940","targetHints":{"allow":["GET"]}}],"collection":[{"href":"https:\/\/hoyre.no\/stavanger\/wp-json\/wp\/v2\/posts"}],"about":[{"href":"https:\/\/hoyre.no\/stavanger\/wp-json\/wp\/v2\/types\/post"}],"author":[{"embeddable":true,"href":"https:\/\/hoyre.no\/stavanger\/wp-json\/wp\/v2\/users\/29602"}],"replies":[{"embeddable":true,"href":"https:\/\/hoyre.no\/stavanger\/wp-json\/wp\/v2\/comments?post=2940"}],"version-history":[{"count":2,"href":"https:\/\/hoyre.no\/stavanger\/wp-json\/wp\/v2\/posts\/2940\/revisions"}],"predecessor-version":[{"id":2947,"href":"https:\/\/hoyre.no\/stavanger\/wp-json\/wp\/v2\/posts\/2940\/revisions\/2947"}],"wp:attachment":[{"href":"https:\/\/hoyre.no\/stavanger\/wp-json\/wp\/v2\/media?parent=2940"}],"wp:term":[{"taxonomy":"category","embeddable":true,"href":"https:\/\/hoyre.no\/stavanger\/wp-json\/wp\/v2\/category?post=2940"},{"taxonomy":"post_tag","embeddable":true,"href":"https:\/\/hoyre.no\/stavanger\/wp-json\/wp\/v2\/post_tag?post=2940"},{"taxonomy":"hoyre-visibility","embeddable":true,"href":"https:\/\/hoyre.no\/stavanger\/wp-json\/wp\/v2\/hoyre-visibility?post=2940"},{"taxonomy":"article-type","embeddable":true,"href":"https:\/\/hoyre.no\/stavanger\/wp-json\/wp\/v2\/article-type?post=2940"},{"taxonomy":"politician","embeddable":true,"href":"https:\/\/hoyre.no\/stavanger\/wp-json\/wp\/v2\/politician?post=2940"}],"curies":[{"name":"wp","href":"https:\/\/api.w.org\/{rel}","templated":true}]}}