{"id":2994,"date":"2025-12-09T11:52:20","date_gmt":"2025-12-09T10:52:20","guid":{"rendered":"https:\/\/hoyre.no\/stavanger\/?p=2994"},"modified":"2025-12-09T11:53:11","modified_gmt":"2025-12-09T10:53:11","slug":"uttalelse-fra-stavanger-hoyre-til-valgkomiteen-og-landsmotet-2026","status":"publish","type":"post","link":"https:\/\/hoyre.no\/stavanger\/aktuelt\/uttalelse-fra-stavanger-hoyre-til-valgkomiteen-og-landsmotet-2026\/","title":{"rendered":"Uttalelse fra Stavanger H\u00f8yre til valgkomiteen og landsm\u00f8tet 2026"},"content":{"rendered":"\n<p class=\"preamble\">Stavanger H\u00f8yres \u00e5rsm\u00f8te kommer med f\u00f8lgende uttalelse<\/p>\n\n\n\n\n<p><strong>1. En ny ledelse som ikke kun rekrutteres fra Stortinget og Oslo-milj\u00f8et.<\/strong><br>Vi trenger ledere som kjenner kystens verdiskaping, n\u00e6ringslivet som faktisk skaper jobber, og kommunenes daglige realiteter.<\/p>\n\n\n\n<p><strong>2. Et sterkere lederlag med tydelig distrikts- og kystkompetanse.<\/strong><br>Det er p\u00e5 tide at H\u00f8yres sentrale ledelse f\u00e5r tyngre \u00abkyst- og distriktsmuskler\u00bb. Hele landet m\u00e5 v\u00e6re representert \u2013 ikke bare som ord, men i faktisk maktut\u00f8velse.<\/p>\n\n\n\n<p><strong>3. En politikkutvikling som starter i grasrota \u2013 ikke slutter der.<\/strong><br>Den nye ledelsen m\u00e5 bygge et system for politikkutforming som involverer kommuner, fylkeslag, ordf\u00f8rere og n\u00e6ringslivsakt\u00f8rer tidlig og kontinuerlig. Forankring er ikke en h\u00f8flig gest; det er selve kilden til politisk treffsikkerhet.<\/p>\n\n\n\n<p><strong>4. En lederstil som bygger tillit fra bunnen og opp.<\/strong><br>Partiet m\u00e5 drives med st\u00f8rre rom for uenighet, mer \u00e5penhet om prosesser, og en kultur der medlemsmassen opplever at deres erfaringer faktisk p\u00e5virker partiets retning.<\/p>\n\n\n\n<p>H\u00f8yre skal v\u00e6re et bredt folkeparti, ikke et sentralistisk prosjekt.<\/p>\n\n\n\n<p>Stavanger H\u00f8yre \u00f8nsker en ledelse som evner \u00e5 binde sammen kommunene og Stortinget, n\u00e6ringslivet og politikken, kysten og hovedstaden. Vi trenger et lag som b\u00e5de lytter og leder \u2013 og som forst\u00e5r at politisk kraft og talent kommer fra hele landet. Stavanger H\u00f8yre st\u00e5r klare til \u00e5 bidra. N\u00e5 forventer vi at partiets nye ledelse gj\u00f8r det samme.<\/p>\n\n\n<div class=\"tags\">\n\t<\/div>\n<div class=\"post-footer alignfull has-background block-editor-block-list__block\" data-align=full>\n\t<div class=\"post-footer-inner\">\n\t\t<h3>Relaterte artikler<\/h3>\n\t\t<div class=\"related-content\"><div class=\"is-card-hoyre\">\n\t<div class=\"teft-card hoyre-teft-card post-teft-card\">\n\t\t<a href=\"https:\/\/hoyre.no\/stavanger\/aktuelt\/hvem-bor-representere-hoyre-i-bystyret-neste-periode\/\" class=\"teft-card__primary-action\">\n\n\t\t\t<div class=\"teft-card__media teft-card__media--16-9 no-image\"><\/div>\n\t\t\t<div class=\"teft-card__content-wrapper\">\n\t\t\t\t<div class=\"teft-card__secondary\">\n\t\t\t\t\t\n\t\t\t\t\t\t\t\t<div class=\"teft-card__meta\">\n\t\t\t\t\t\t\t\t\t<span class=\"post-date\">12. feb 2026<\/span>\n\n\t\t\t\t\t\t\t\t\t\t\t\t\t\t\t\t\t<\/div>\n\t\t\t\t\t\t\t\t\t\t\t<\/div>\n\n\t\t\t\t<div class=\"teft-card__primary\">\n\t\t\t\t\t<h2 class=\"teft-card__title\">Lokalvalget 2027 &#8211; Stavanger H\u00f8yres nominasjonsprosess&nbsp;<span class=\"teft-card__primary-title-append\"><\/span><\/h2>\t\t\t\t<\/div>\n\t\t\t<\/div>\n\t\t<\/a>\n\t<\/div>\n\n\t<\/div><div class=\"is-card-hoyre\">\n\t<div class=\"teft-card hoyre-teft-card post-teft-card\">\n\t\t<a href=\"https:\/\/hoyre.no\/stavanger\/aktuelt\/datoplan-for-nominasjons-prosessen\/\" class=\"teft-card__primary-action\">\n\n\t\t\t<div class=\"teft-card__media teft-card__media--16-9 no-image\"><\/div>\n\t\t\t<div class=\"teft-card__content-wrapper\">\n\t\t\t\t<div class=\"teft-card__secondary\">\n\t\t\t\t\t\n\t\t\t\t\t\t\t\t<div class=\"teft-card__meta\">\n\t\t\t\t\t\t\t\t\t<span class=\"post-date\">9. feb 2026<\/span>\n\n\t\t\t\t\t\t\t\t\t<span class=\"post-category\">Nyheter<\/span>\t\t\t\t\t\t\t\t<\/div>\n\t\t\t\t\t\t\t\t\t\t\t<\/div>\n\n\t\t\t\t<div class=\"teft-card__primary\">\n\t\t\t\t\t<h2 class=\"teft-card__title\">Datoplan for nominasjons-prosessen&nbsp;<span class=\"teft-card__primary-title-append\"><\/span><\/h2>\t\t\t\t<\/div>\n\t\t\t<\/div>\n\t\t<\/a>\n\t<\/div>\n\n\t<\/div><div class=\"is-card-hoyre\">\n\t<div class=\"teft-card hoyre-teft-card post-teft-card\">\n\t\t<a href=\"https:\/\/hoyre.no\/stavanger\/aktuelt\/rogaland-hoyre-arsmote-2026\/\" class=\"teft-card__primary-action\">\n\n\t\t\t<div class=\"teft-card__media teft-card__media--16-9 no-image\"><\/div>\n\t\t\t<div class=\"teft-card__content-wrapper\">\n\t\t\t\t<div class=\"teft-card__secondary\">\n\t\t\t\t\t\n\t\t\t\t\t\t\t\t<div class=\"teft-card__meta\">\n\t\t\t\t\t\t\t\t\t<span class=\"post-date\">8. feb 2026<\/span>\n\n\t\t\t\t\t\t\t\t\t\t\t\t\t\t\t\t\t<\/div>\n\t\t\t\t\t\t\t\t\t\t\t<\/div>\n\n\t\t\t\t<div class=\"teft-card__primary\">\n\t\t\t\t\t<h2 class=\"teft-card__title\">Vedtatt politikk &#8211; Stavanger H\u00f8yre \u00c5rsm\u00f8te 2025&nbsp;<span class=\"teft-card__primary-title-append\"><\/span><\/h2>\t\t\t\t<\/div>\n\t\t\t<\/div>\n\t\t<\/a>\n\t<\/div>\n\n\t<\/div><\/div>\t<\/div>\n<\/div>\n","protected":false},"excerpt":{"rendered":"","protected":false},"author":29602,"featured_media":0,"comment_status":"closed","ping_status":"closed","sticky":false,"template":"","format":"standard","meta":{"teft_cards_image_url":"","teft_cards_custom_pretitle":"","teft_cards_image_id":0,"teft_cards_image_focal_point_x":0,"teft_cards_image_focal_point_y":0,"teft_cards_title":"","teft_cards_excerpt":"","teft_show_chapters":false,"author_display_name":"","footnotes":""},"category":[1],"post_tag":[],"hoyre-visibility":[],"article-type":[],"politician":[],"class_list":["post-2994","post","type-post","status-publish","format-standard","hentry","category-nyheter"],"yoast_head":"<!-- This site is optimized with the Yoast SEO plugin v26.6 - https:\/\/yoast.com\/wordpress\/plugins\/seo\/ -->\n<title>Uttalelse fra Stavanger H\u00f8yre til valgkomiteen og landsm\u00f8tet 2026 - Stavanger H\u00f8yre<\/title>\n<meta name=\"robots\" content=\"index, follow, max-snippet:-1, max-image-preview:large, max-video-preview:-1\" \/>\n<link rel=\"canonical\" href=\"https:\/\/hoyre.no\/stavanger\/aktuelt\/uttalelse-fra-stavanger-hoyre-til-valgkomiteen-og-landsmotet-2026\/\" \/>\n<meta property=\"og:locale\" content=\"nb_NO\" \/>\n<meta property=\"og:type\" content=\"article\" \/>\n<meta property=\"og:title\" content=\"Uttalelse fra Stavanger H\u00f8yre til valgkomiteen og landsm\u00f8tet 2026 - Stavanger H\u00f8yre\" \/>\n<meta property=\"og:url\" content=\"https:\/\/hoyre.no\/stavanger\/aktuelt\/uttalelse-fra-stavanger-hoyre-til-valgkomiteen-og-landsmotet-2026\/\" \/>\n<meta property=\"og:site_name\" content=\"Stavanger H\u00f8yre\" \/>\n<meta property=\"article:published_time\" content=\"2025-12-09T10:52:20+00:00\" \/>\n<meta property=\"article:modified_time\" content=\"2025-12-09T10:53:11+00:00\" \/>\n<meta property=\"og:image\" content=\"https:\/\/hoyre.no\/content\/uploads\/sites\/212\/2022\/11\/Hoyres-logo.png\" \/>\n\t<meta property=\"og:image:width\" content=\"1000\" \/>\n\t<meta property=\"og:image:height\" content=\"1000\" \/>\n\t<meta property=\"og:image:type\" content=\"image\/png\" \/>\n<meta name=\"author\" content=\"Kristina Knudsen Gjerde\" \/>\n<meta name=\"twitter:card\" content=\"summary_large_image\" \/>\n<meta name=\"twitter:label1\" content=\"Skrevet av\" \/>\n\t<meta name=\"twitter:data1\" content=\"Kristina Knudsen Gjerde\" \/>\n\t<meta name=\"twitter:label2\" content=\"Ansl. lesetid\" \/>\n\t<meta name=\"twitter:data2\" content=\"2 minutter\" \/>\n<script type=\"application\/ld+json\" class=\"yoast-schema-graph\">{\"@context\":\"https:\/\/schema.org\",\"@graph\":[{\"@type\":\"NewsArticle\",\"@id\":\"https:\/\/hoyre.no\/stavanger\/aktuelt\/uttalelse-fra-stavanger-hoyre-til-valgkomiteen-og-landsmotet-2026\/\",\"url\":\"https:\/\/hoyre.no\/stavanger\/aktuelt\/uttalelse-fra-stavanger-hoyre-til-valgkomiteen-og-landsmotet-2026\/\",\"name\":\"Uttalelse fra Stavanger H\u00f8yre til valgkomiteen og landsm\u00f8tet 2026 - Stavanger H\u00f8yre\",\"isPartOf\":{\"@id\":\"https:\/\/hoyre.no\/stavanger\/#website\"},\"datePublished\":\"2025-12-09T10:52:20+00:00\",\"dateModified\":\"2025-12-09T10:53:11+00:00\",\"author\":{\"@id\":\"https:\/\/hoyre.no\/stavanger\/#\/schema\/person\/dbc309ff6d3c4e167cd775ddbb7c558d\"},\"breadcrumb\":{\"@id\":\"https:\/\/hoyre.no\/stavanger\/aktuelt\/uttalelse-fra-stavanger-hoyre-til-valgkomiteen-og-landsmotet-2026\/#breadcrumb\"},\"inLanguage\":\"nb-NO\",\"potentialAction\":[{\"@type\":\"ReadAction\",\"target\":[\"https:\/\/hoyre.no\/stavanger\/aktuelt\/uttalelse-fra-stavanger-hoyre-til-valgkomiteen-og-landsmotet-2026\/\"]}]},{\"@type\":\"BreadcrumbList\",\"@id\":\"https:\/\/hoyre.no\/stavanger\/aktuelt\/uttalelse-fra-stavanger-hoyre-til-valgkomiteen-og-landsmotet-2026\/#breadcrumb\",\"itemListElement\":[{\"@type\":\"ListItem\",\"position\":1,\"name\":\"Til hoyre.no\",\"item\":\"https:\/\/hoyre.no\"},{\"@type\":\"ListItem\",\"position\":2,\"name\":\"Hjem\",\"item\":\"https:\/\/hoyre.no\/stavanger\/\"},{\"@type\":\"ListItem\",\"position\":3,\"name\":\"Uttalelse fra Stavanger H\u00f8yre til valgkomiteen og landsm\u00f8tet 2026\"}]},{\"@type\":\"WebSite\",\"@id\":\"https:\/\/hoyre.no\/stavanger\/#website\",\"url\":\"https:\/\/hoyre.no\/stavanger\/\",\"name\":\"Stavanger H\u00f8yre\",\"description\":\"Bare enda et H\u00f8yres nettsteder-nettsted\",\"inLanguage\":\"nb-NO\"},{\"@type\":\"Person\",\"@id\":\"https:\/\/hoyre.no\/stavanger\/#\/schema\/person\/dbc309ff6d3c4e167cd775ddbb7c558d\",\"name\":\"Kristina Knudsen Gjerde\",\"image\":{\"@type\":\"ImageObject\",\"inLanguage\":\"nb-NO\",\"@id\":\"https:\/\/hoyre.no\/stavanger\/#\/schema\/person\/image\/\",\"url\":\"https:\/\/secure.gravatar.com\/avatar\/8e3c4c8eccb5ebd583781e4758c57dc5fe3f71da67c619e3f2080622c1094818?s=96&d=mm&r=g\",\"contentUrl\":\"https:\/\/secure.gravatar.com\/avatar\/8e3c4c8eccb5ebd583781e4758c57dc5fe3f71da67c619e3f2080622c1094818?s=96&d=mm&r=g\",\"caption\":\"Kristina Knudsen Gjerde\"},\"url\":\"https:\/\/hoyre.no\/stavanger\/aktuelt\/author\/m52115912\/\"}]}<\/script>\n<!-- \/ Yoast SEO plugin. -->","yoast_head_json":{"title":"Uttalelse fra Stavanger H\u00f8yre til valgkomiteen og landsm\u00f8tet 2026 - Stavanger H\u00f8yre","robots":{"index":"index","follow":"follow","max-snippet":"max-snippet:-1","max-image-preview":"max-image-preview:large","max-video-preview":"max-video-preview:-1"},"canonical":"https:\/\/hoyre.no\/stavanger\/aktuelt\/uttalelse-fra-stavanger-hoyre-til-valgkomiteen-og-landsmotet-2026\/","og_locale":"nb_NO","og_type":"article","og_title":"Uttalelse fra Stavanger H\u00f8yre til valgkomiteen og landsm\u00f8tet 2026 - Stavanger H\u00f8yre","og_url":"https:\/\/hoyre.no\/stavanger\/aktuelt\/uttalelse-fra-stavanger-hoyre-til-valgkomiteen-og-landsmotet-2026\/","og_site_name":"Stavanger H\u00f8yre","article_published_time":"2025-12-09T10:52:20+00:00","article_modified_time":"2025-12-09T10:53:11+00:00","og_image":[{"width":1000,"height":1000,"url":"https:\/\/hoyre.no\/content\/uploads\/sites\/212\/2022\/11\/Hoyres-logo.png","type":"image\/png"}],"author":"Kristina Knudsen Gjerde","twitter_card":"summary_large_image","twitter_misc":{"Skrevet av":"Kristina Knudsen Gjerde","Ansl. lesetid":"2 minutter"},"schema":{"@context":"https:\/\/schema.org","@graph":[{"@type":"NewsArticle","@id":"https:\/\/hoyre.no\/stavanger\/aktuelt\/uttalelse-fra-stavanger-hoyre-til-valgkomiteen-og-landsmotet-2026\/","url":"https:\/\/hoyre.no\/stavanger\/aktuelt\/uttalelse-fra-stavanger-hoyre-til-valgkomiteen-og-landsmotet-2026\/","name":"Uttalelse fra Stavanger H\u00f8yre til valgkomiteen og landsm\u00f8tet 2026 - Stavanger H\u00f8yre","isPartOf":{"@id":"https:\/\/hoyre.no\/stavanger\/#website"},"datePublished":"2025-12-09T10:52:20+00:00","dateModified":"2025-12-09T10:53:11+00:00","author":{"@id":"https:\/\/hoyre.no\/stavanger\/#\/schema\/person\/dbc309ff6d3c4e167cd775ddbb7c558d"},"breadcrumb":{"@id":"https:\/\/hoyre.no\/stavanger\/aktuelt\/uttalelse-fra-stavanger-hoyre-til-valgkomiteen-og-landsmotet-2026\/#breadcrumb"},"inLanguage":"nb-NO","potentialAction":[{"@type":"ReadAction","target":["https:\/\/hoyre.no\/stavanger\/aktuelt\/uttalelse-fra-stavanger-hoyre-til-valgkomiteen-og-landsmotet-2026\/"]}]},{"@type":"BreadcrumbList","@id":"https:\/\/hoyre.no\/stavanger\/aktuelt\/uttalelse-fra-stavanger-hoyre-til-valgkomiteen-og-landsmotet-2026\/#breadcrumb","itemListElement":[{"@type":"ListItem","position":1,"name":"Til hoyre.no","item":"https:\/\/hoyre.no"},{"@type":"ListItem","position":2,"name":"Hjem","item":"https:\/\/hoyre.no\/stavanger\/"},{"@type":"ListItem","position":3,"name":"Uttalelse fra Stavanger H\u00f8yre til valgkomiteen og landsm\u00f8tet 2026"}]},{"@type":"WebSite","@id":"https:\/\/hoyre.no\/stavanger\/#website","url":"https:\/\/hoyre.no\/stavanger\/","name":"Stavanger H\u00f8yre","description":"Bare enda et H\u00f8yres nettsteder-nettsted","inLanguage":"nb-NO"},{"@type":"Person","@id":"https:\/\/hoyre.no\/stavanger\/#\/schema\/person\/dbc309ff6d3c4e167cd775ddbb7c558d","name":"Kristina Knudsen Gjerde","image":{"@type":"ImageObject","inLanguage":"nb-NO","@id":"https:\/\/hoyre.no\/stavanger\/#\/schema\/person\/image\/","url":"https:\/\/secure.gravatar.com\/avatar\/8e3c4c8eccb5ebd583781e4758c57dc5fe3f71da67c619e3f2080622c1094818?s=96&d=mm&r=g","contentUrl":"https:\/\/secure.gravatar.com\/avatar\/8e3c4c8eccb5ebd583781e4758c57dc5fe3f71da67c619e3f2080622c1094818?s=96&d=mm&r=g","caption":"Kristina Knudsen Gjerde"},"url":"https:\/\/hoyre.no\/stavanger\/aktuelt\/author\/m52115912\/"}]}},"distributor_meta":false,"distributor_terms":false,"distributor_media":false,"distributor_original_site_name":"Stavanger H\u00f8yre","distributor_original_site_url":"https:\/\/hoyre.no\/stavanger","push-errors":false,"_links":{"self":[{"href":"https:\/\/hoyre.no\/stavanger\/wp-json\/wp\/v2\/posts\/2994","targetHints":{"allow":["GET"]}}],"collection":[{"href":"https:\/\/hoyre.no\/stavanger\/wp-json\/wp\/v2\/posts"}],"about":[{"href":"https:\/\/hoyre.no\/stavanger\/wp-json\/wp\/v2\/types\/post"}],"author":[{"embeddable":true,"href":"https:\/\/hoyre.no\/stavanger\/wp-json\/wp\/v2\/users\/29602"}],"replies":[{"embeddable":true,"href":"https:\/\/hoyre.no\/stavanger\/wp-json\/wp\/v2\/comments?post=2994"}],"version-history":[{"count":2,"href":"https:\/\/hoyre.no\/stavanger\/wp-json\/wp\/v2\/posts\/2994\/revisions"}],"predecessor-version":[{"id":2996,"href":"https:\/\/hoyre.no\/stavanger\/wp-json\/wp\/v2\/posts\/2994\/revisions\/2996"}],"wp:attachment":[{"href":"https:\/\/hoyre.no\/stavanger\/wp-json\/wp\/v2\/media?parent=2994"}],"wp:term":[{"taxonomy":"category","embeddable":true,"href":"https:\/\/hoyre.no\/stavanger\/wp-json\/wp\/v2\/category?post=2994"},{"taxonomy":"post_tag","embeddable":true,"href":"https:\/\/hoyre.no\/stavanger\/wp-json\/wp\/v2\/post_tag?post=2994"},{"taxonomy":"hoyre-visibility","embeddable":true,"href":"https:\/\/hoyre.no\/stavanger\/wp-json\/wp\/v2\/hoyre-visibility?post=2994"},{"taxonomy":"article-type","embeddable":true,"href":"https:\/\/hoyre.no\/stavanger\/wp-json\/wp\/v2\/article-type?post=2994"},{"taxonomy":"politician","embeddable":true,"href":"https:\/\/hoyre.no\/stavanger\/wp-json\/wp\/v2\/politician?post=2994"}],"curies":[{"name":"wp","href":"https:\/\/api.w.org\/{rel}","templated":true}]}}