{"id":17,"date":"2015-09-18T12:17:57","date_gmt":"2015-09-18T10:17:57","guid":{"rendered":"https:\/\/hoyre.no\/stjordal\/aktuelt\/borgerlig-politisk-avtale\/"},"modified":"2015-09-18T12:17:57","modified_gmt":"2015-09-18T10:17:57","slug":"borgerlig-politisk-avtale","status":"publish","type":"post","link":"https:\/\/hoyre.no\/stjordal\/aktuelt\/borgerlig-politisk-avtale\/","title":{"rendered":"Borgerlig politisk avtale for Stj\u00f8rdal kommune for perioden 2015\u20132019"},"content":{"rendered":"<p class=\"preamble\">H\u00f8yre har inng\u00e5tt den nedenst\u00e5ende avtalen med Senterpartiet, Fremskrittspartiet, Venstre og Kristelig Folkeparti om et fortsatt samarbeid om politisk styring i Stj\u00f8rdal kommune.<\/p>\t\t\t<div class=\"post-meta wp-block teft-byline-wrapper\">\n\t\t\t\t<div class=\"top\">\n\t\t\t\t\t<div class=\"signature\">\n\t\t\t\t\t\t<div class=\"teft-byline\">\n\t\t\t\t\t\t\t\t\t\t\t\t\t\t<div>\n\t\t\t\t\t\t\t\t<h3>H\u00f8yres redaksjon<\/h3>\t\t\t\t\t\t\t\t\n\t\t\t\t\t\t\t\t\t\t\t\t\t\t\t\t\t<span class=\"date\">Sist oppdatert: 18. september 2015<\/span>\n\t\t\t\t\t\t\t\t\t\t\t\t\t\t\t\t\t\t\t\t\t\t\t\t\t<span class=\"reading-time\" itemprop=\"timeRequired\" content=\"PT2M\"><em>Ca. 2 minutter lesetid<\/em><\/span>\n\t\t\t\t\t\t\t\t\t\t\t\t\t\t\t<\/div>\n\t\t\t\t\t\t<\/div>\n\t\t\t\t\t<\/div>\n\t\t\t\t\t\t<div class=\"sharing\">\n\t\t<a class=\"share-button share-link copy-link\" data-copy=\"https:\/\/hoyre.no\/stjordal\/aktuelt\/borgerlig-politisk-avtale\/\" target=\"_blank\"><span class=\"screen-reader-text\">Del link<\/span><\/a>\n\t\t<a class=\"share-button share-twitter\" href=\"http:\/\/twitter.com\/share?text=Borgerlig politisk avtale for Stj\u00f8rdal kommune for perioden 2015\u20132019&#038;url=https:\/\/hoyre.no\/stjordal\/aktuelt\/borgerlig-politisk-avtale\/&#038;hashtags=Hoyre\" target=\"_blank\"><span class=\"screen-reader-text\">Del p\u00e5 twitter<\/span><\/a>\n\t\t<a class=\"share-button share-facebook\" href=\"https:\/\/www.facebook.com\/sharer\/sharer.php?u=https:\/\/hoyre.no\/stjordal\/aktuelt\/borgerlig-politisk-avtale\/\" target=\"_blank\"><span class=\"screen-reader-text\">Del p\u00e5 facebook<\/span><\/a>\n\t<\/div>\n\t\t\t\t\t<\/div>\n\t\t\t<\/div>\n\n\t\t\t<figure class=\"hoyre-image-wrapper\"><div class=\"hoyre-image\"><img loading=\"lazy\" decoding=\"async\" width=\"568\" height=\"380\" src=\"https:\/\/hoyre.no\/content\/uploads\/sites\/274\/2020\/11\/olehermod2.jpg\" class=\"attachment-scaled size-scaled\" alt=\"\" style=\"object-position: 50% 50%\" srcset=\"https:\/\/hoyre.no\/content\/uploads\/sites\/274\/2020\/11\/olehermod2.jpg 568w, https:\/\/hoyre.no\/content\/uploads\/sites\/274\/2020\/11\/olehermod2-300x201.jpg 300w\" sizes=\"auto, (max-width: 568px) 100vw, 568px\" \/><\/div><\/figure><div id=\"hoyre-old-article-content-wrapper\"><div>1) Element\u00e6rt i v\u00e5r styring av kommunen vil v\u00e6re sterk og l\u00f8pende kontroll med, og balanse i, kommunens \u00f8konomi. For \u00e5 n\u00e5 dette skal det fra 2017 v\u00e6re implementert et netto driftsresultat p\u00e5 minimum 1,5 %. Det skal ikke innf\u00f8res eller forberedes innf\u00f8rt eiendomsskatt i kommunevalgperioden, hverken p\u00e5 boliger eller n\u00e6ringseiendom.<br><\/div><div><br><\/div><div>2) Innenfor rammene av 100 millioner \u00e5rlig til ikke-selvfinansierende l\u00e5neopptak prioriteres Hegra barneskole og Halsen barneskole, i den rekkef\u00f8lge, med mindre uforutsette forhold skulle inntreffe.<\/div><div><br><\/div><div>3) F\u00f8r periodens utl\u00f8p skal det kommunale velferdstilbudet styrkes med minimum 20 l\u00e6rer\u00e5rsverk til ordin\u00e6r undervisning, hvorav minimum 10 nye \u00e5rsverk. En hovedprioritet i perioden blir \u00e5 oppn\u00e5 dreining av ressurser fra spesialundervisning til tidlig innsats. Innenfor barnehagen skal derfor 3.0 i bemanningsnorm etableres f\u00f8r utgangen av perioden. En like viktig prioritet blir \u00e5 forbedre det innholdsmessige utviklingsarbeidet gjennom kvalitetsmeldingene for skolen.<\/div><div><br><\/div><div>4) Omsorgstjenestene skal styrkes med 15 nye \u00e5rsverk i l\u00f8pet av perioden. Satsingen p\u00e5 velferdsteknologi og hverdagsrehabilitering har prioritet. Det er videre en m\u00e5lsetting \u00e5 \u00f8ke antallet korttids- og avlastningsplasser. Utbygging av bosenterkapasitet gis prioritet der det kan framvises rasjonelle driftsmessige l\u00f8sninger.<\/div><div><br><\/div><div>5) M\u00e5lsettingen om 60\/40 %-fordeling av veksten i kommunen tydeliggj\u00f8res til \u00e5 gjelde fordeling av innbyggervekst, og forsterkes med en m\u00e5lsetting om vekst i alle grendesamfunn. N\u00e6rmere avgrensing av disse sonene foretas ved rullering av kommuneplanens samfunns- og arealdel. Boligbygging skal ivareta hensynet til dyrkajord, med mindre s\u00e6rlige hensyn tilsier noe annet. Opprettelsen av et kommunalt tomteselskap og\/eller enhet forberedes gjennom en utredning.<\/div><div><br><\/div><div>6) Stj\u00f8rdal sentrum skal utvikles planmessig som en by. Dette inneb\u00e6rer fortetting og \u00f8kte byggeh\u00f8yder, men ogs\u00e5 muligheter for frigivelse av areal p\u00e5 bakkeplan til gr\u00f8ntomr\u00e5der, samt \u00f8kte investeringer i forskj\u00f8nnelse av sentrum. Det skal etableres et signalbygg p\u00e5 tomta nord for Kimen. Utvikling av Halsenbanen som en fritidspark underlegges en egen utredning.<\/div><div><br><\/div><div>7) Fritt skolevalg for enkeltelever utredes. Skolebruksplanen vil gi nyttig kunnskap om framtidens skole. Alle grender i Stj\u00f8rdal som i dag har en barnehage og en skole skal ogs\u00e5 ha det i perioden. Ny Hegra barneskole sammenbygges med Hegra ungdomsskole i en ny 1\u201310-skole. Kretsgrenser vurderes i skolebruksplanen. Felles utgangspunkt for partiene er det best mulige skoletilbud for elevene.<\/div><div><br><\/div><div>8) Det gj\u00f8res enklere og billigere \u00e5 velge gr\u00f8nne l\u00f8sninger. Stj\u00f8rdal skal v\u00e6re en foregangskommune innen klima- og milj\u00f8tiltak.<\/div><\/div>\n<div class=\"tags\">\n\t<\/div>\n<div class=\"post-footer alignfull has-background block-editor-block-list__block\" data-align=full>\n\t<div class=\"post-footer-inner\">\n\t\t<h3>Relaterte artikler<\/h3>\n\t\t<div class=\"related-content\"><div class=\"is-card-hoyre\">\n\t<div class=\"teft-card hoyre-teft-card post-teft-card\">\n\t\t<a href=\"https:\/\/hoyre.no\/stjordal\/aktuelt\/vi-krever-bedre-vilkar-for-reelt-lokalt-selvstyre\/\" class=\"teft-card__primary-action\">\n\n\t\t\t<div class=\"teft-card__media teft-card__media--16-9 no-image\"><\/div>\n\t\t\t<div class=\"teft-card__content-wrapper\">\n\t\t\t\t<div class=\"teft-card__secondary\">\n\t\t\t\t\t\n\t\t\t\t\t\t\t\t<div class=\"teft-card__meta\">\n\t\t\t\t\t\t\t\t\t<span class=\"post-date\">14. mar 2024<\/span>\n\n\t\t\t\t\t\t\t\t\t\t\t\t\t\t\t\t\t<\/div>\n\t\t\t\t\t\t\t\t\t\t\t<\/div>\n\n\t\t\t\t<div class=\"teft-card__primary\">\n\t\t\t\t\t<h2 class=\"teft-card__title\">Vi krever bedre vilk\u00e5r for reelt lokalt selvstyre&nbsp;<span class=\"teft-card__primary-title-append\"><\/span><\/h2>\t\t\t\t<\/div>\n\t\t\t<\/div>\n\t\t<\/a>\n\t<\/div>\n\n\t<\/div><div class=\"is-card-hoyre\">\n\t<div class=\"teft-card hoyre-teft-card post-teft-card\">\n\t\t<a href=\"https:\/\/hoyre.no\/stjordal\/aktuelt\/et-krafttak-for-okt-forsvarsevne-er-nodvendig\/\" class=\"teft-card__primary-action\">\n\n\t\t\t<div class=\"teft-card__media teft-card__media--16-9 no-image\"><\/div>\n\t\t\t<div class=\"teft-card__content-wrapper\">\n\t\t\t\t<div class=\"teft-card__secondary\">\n\t\t\t\t\t\n\t\t\t\t\t\t\t\t<div class=\"teft-card__meta\">\n\t\t\t\t\t\t\t\t\t<span class=\"post-date\">7. mar 2024<\/span>\n\n\t\t\t\t\t\t\t\t\t\t\t\t\t\t\t\t\t<\/div>\n\t\t\t\t\t\t\t\t\t\t\t<\/div>\n\n\t\t\t\t<div class=\"teft-card__primary\">\n\t\t\t\t\t<h2 class=\"teft-card__title\">Et krafttak for \u00f8kt forsvarsevne er n\u00f8dvendig&nbsp;<span class=\"teft-card__primary-title-append\"><\/span><\/h2>\t\t\t\t<\/div>\n\t\t\t<\/div>\n\t\t<\/a>\n\t<\/div>\n\n\t<\/div><div class=\"is-card-hoyre\">\n\t<div class=\"teft-card hoyre-teft-card post-teft-card\">\n\t\t<a href=\"https:\/\/hoyre.no\/stjordal\/aktuelt\/stolthet-og-fordom\/\" class=\"teft-card__primary-action\">\n\n\t\t\t<div class=\"teft-card__media teft-card__media--16-9 no-image\"><\/div>\n\t\t\t<div class=\"teft-card__content-wrapper\">\n\t\t\t\t<div class=\"teft-card__secondary\">\n\t\t\t\t\t\n\t\t\t\t\t\t\t\t<div class=\"teft-card__meta\">\n\t\t\t\t\t\t\t\t\t<span class=\"post-date\">5. jun 2016<\/span>\n\n\t\t\t\t\t\t\t\t\t\t\t\t\t\t\t\t\t<\/div>\n\t\t\t\t\t\t\t\t\t\t\t<\/div>\n\n\t\t\t\t<div class=\"teft-card__primary\">\n\t\t\t\t\t<h2 class=\"teft-card__title\">Stolthet og fordom&nbsp;<span class=\"teft-card__primary-title-append\"><\/span><\/h2>\t\t\t\t<\/div>\n\t\t\t<\/div>\n\t\t<\/a>\n\t<\/div>\n\n\t<\/div><\/div>\t<\/div>\n<\/div>\n","protected":false},"excerpt":{"rendered":"","protected":false},"author":0,"featured_media":0,"comment_status":"open","ping_status":"open","sticky":false,"template":"","format":"standard","meta":{"teft_cards_image_url":"https:\/\/hoyre.no\/content\/uploads\/sites\/274\/2020\/11\/olehermod2.jpg","teft_cards_custom_pretitle":"","teft_cards_image_id":16,"teft_cards_image_focal_point_x":0,"teft_cards_image_focal_point_y":0,"teft_cards_title":"","teft_cards_excerpt":"","teft_show_chapters":false,"author_display_name":"Erik Fl\u00f8an","footnotes":""},"category":[1],"post_tag":[],"hoyre-visibility":[],"article-type":[],"politician":[],"class_list":["post-17","post","type-post","status-publish","format-standard","hentry","category-ukategorisert"],"yoast_head":"<!-- This site is optimized with the Yoast SEO plugin v26.6 - https:\/\/yoast.com\/wordpress\/plugins\/seo\/ -->\n<title>Borgerlig politisk avtale for Stj\u00f8rdal kommune for perioden 2015\u20132019 - Stj\u00f8rdal H\u00f8yre<\/title>\n<meta name=\"robots\" content=\"index, follow, max-snippet:-1, max-image-preview:large, max-video-preview:-1\" \/>\n<link rel=\"canonical\" href=\"https:\/\/hoyre.no\/stjordal\/aktuelt\/borgerlig-politisk-avtale\/\" \/>\n<meta property=\"og:locale\" content=\"nb_NO\" \/>\n<meta property=\"og:type\" content=\"article\" \/>\n<meta property=\"og:title\" content=\"Borgerlig politisk avtale for Stj\u00f8rdal kommune for perioden 2015\u20132019 - Stj\u00f8rdal H\u00f8yre\" \/>\n<meta property=\"og:url\" content=\"https:\/\/hoyre.no\/stjordal\/aktuelt\/borgerlig-politisk-avtale\/\" \/>\n<meta property=\"og:site_name\" content=\"Stj\u00f8rdal H\u00f8yre\" \/>\n<meta property=\"article:published_time\" content=\"2015-09-18T10:17:57+00:00\" \/>\n<meta property=\"og:image\" content=\"https:\/\/hoyre.no\/content\/uploads\/sites\/274\/2022\/11\/Hoyres-logo.png\" \/>\n\t<meta property=\"og:image:width\" content=\"1000\" \/>\n\t<meta property=\"og:image:height\" content=\"1000\" \/>\n\t<meta property=\"og:image:type\" content=\"image\/png\" \/>\n<meta name=\"twitter:card\" content=\"summary_large_image\" \/>\n<meta name=\"twitter:label1\" content=\"Ansl. lesetid\" \/>\n\t<meta name=\"twitter:data1\" content=\"2 minutter\" \/>\n<script type=\"application\/ld+json\" class=\"yoast-schema-graph\">{\"@context\":\"https:\/\/schema.org\",\"@graph\":[{\"@type\":\"NewsArticle\",\"@id\":\"https:\/\/hoyre.no\/stjordal\/aktuelt\/borgerlig-politisk-avtale\/\",\"url\":\"https:\/\/hoyre.no\/stjordal\/aktuelt\/borgerlig-politisk-avtale\/\",\"name\":\"Borgerlig politisk avtale for Stj\u00f8rdal kommune for perioden 2015\u20132019 - Stj\u00f8rdal H\u00f8yre\",\"isPartOf\":{\"@id\":\"https:\/\/hoyre.no\/stjordal\/#website\"},\"datePublished\":\"2015-09-18T10:17:57+00:00\",\"author\":{\"@id\":\"\"},\"breadcrumb\":{\"@id\":\"https:\/\/hoyre.no\/stjordal\/aktuelt\/borgerlig-politisk-avtale\/#breadcrumb\"},\"inLanguage\":\"nb-NO\",\"potentialAction\":[{\"@type\":\"ReadAction\",\"target\":[\"https:\/\/hoyre.no\/stjordal\/aktuelt\/borgerlig-politisk-avtale\/\"]}]},{\"@type\":\"BreadcrumbList\",\"@id\":\"https:\/\/hoyre.no\/stjordal\/aktuelt\/borgerlig-politisk-avtale\/#breadcrumb\",\"itemListElement\":[{\"@type\":\"ListItem\",\"position\":1,\"name\":\"Til hoyre.no\",\"item\":\"https:\/\/hoyre.no\"},{\"@type\":\"ListItem\",\"position\":2,\"name\":\"Hjem\",\"item\":\"https:\/\/hoyre.no\/stjordal\/\"},{\"@type\":\"ListItem\",\"position\":3,\"name\":\"Borgerlig politisk avtale for Stj\u00f8rdal kommune for perioden 2015\u20132019\"}]},{\"@type\":\"WebSite\",\"@id\":\"https:\/\/hoyre.no\/stjordal\/#website\",\"url\":\"https:\/\/hoyre.no\/stjordal\/\",\"name\":\"Stj\u00f8rdal H\u00f8yre\",\"description\":\"Bare enda et H\u00f8yres nettsteder-nettsted\",\"inLanguage\":\"nb-NO\"}]}<\/script>\n<!-- \/ Yoast SEO plugin. -->","yoast_head_json":{"title":"Borgerlig politisk avtale for Stj\u00f8rdal kommune for perioden 2015\u20132019 - Stj\u00f8rdal H\u00f8yre","robots":{"index":"index","follow":"follow","max-snippet":"max-snippet:-1","max-image-preview":"max-image-preview:large","max-video-preview":"max-video-preview:-1"},"canonical":"https:\/\/hoyre.no\/stjordal\/aktuelt\/borgerlig-politisk-avtale\/","og_locale":"nb_NO","og_type":"article","og_title":"Borgerlig politisk avtale for Stj\u00f8rdal kommune for perioden 2015\u20132019 - Stj\u00f8rdal H\u00f8yre","og_url":"https:\/\/hoyre.no\/stjordal\/aktuelt\/borgerlig-politisk-avtale\/","og_site_name":"Stj\u00f8rdal H\u00f8yre","article_published_time":"2015-09-18T10:17:57+00:00","og_image":[{"width":1000,"height":1000,"url":"https:\/\/hoyre.no\/content\/uploads\/sites\/274\/2022\/11\/Hoyres-logo.png","type":"image\/png"}],"twitter_card":"summary_large_image","twitter_misc":{"Ansl. lesetid":"2 minutter"},"schema":{"@context":"https:\/\/schema.org","@graph":[{"@type":"NewsArticle","@id":"https:\/\/hoyre.no\/stjordal\/aktuelt\/borgerlig-politisk-avtale\/","url":"https:\/\/hoyre.no\/stjordal\/aktuelt\/borgerlig-politisk-avtale\/","name":"Borgerlig politisk avtale for Stj\u00f8rdal kommune for perioden 2015\u20132019 - Stj\u00f8rdal H\u00f8yre","isPartOf":{"@id":"https:\/\/hoyre.no\/stjordal\/#website"},"datePublished":"2015-09-18T10:17:57+00:00","author":{"@id":""},"breadcrumb":{"@id":"https:\/\/hoyre.no\/stjordal\/aktuelt\/borgerlig-politisk-avtale\/#breadcrumb"},"inLanguage":"nb-NO","potentialAction":[{"@type":"ReadAction","target":["https:\/\/hoyre.no\/stjordal\/aktuelt\/borgerlig-politisk-avtale\/"]}]},{"@type":"BreadcrumbList","@id":"https:\/\/hoyre.no\/stjordal\/aktuelt\/borgerlig-politisk-avtale\/#breadcrumb","itemListElement":[{"@type":"ListItem","position":1,"name":"Til hoyre.no","item":"https:\/\/hoyre.no"},{"@type":"ListItem","position":2,"name":"Hjem","item":"https:\/\/hoyre.no\/stjordal\/"},{"@type":"ListItem","position":3,"name":"Borgerlig politisk avtale for Stj\u00f8rdal kommune for perioden 2015\u20132019"}]},{"@type":"WebSite","@id":"https:\/\/hoyre.no\/stjordal\/#website","url":"https:\/\/hoyre.no\/stjordal\/","name":"Stj\u00f8rdal H\u00f8yre","description":"Bare enda et H\u00f8yres nettsteder-nettsted","inLanguage":"nb-NO"}]}},"distributor_meta":false,"distributor_terms":false,"distributor_media":false,"distributor_original_site_name":"Stj\u00f8rdal H\u00f8yre","distributor_original_site_url":"https:\/\/hoyre.no\/stjordal","push-errors":false,"_links":{"self":[{"href":"https:\/\/hoyre.no\/stjordal\/wp-json\/wp\/v2\/posts\/17","targetHints":{"allow":["GET"]}}],"collection":[{"href":"https:\/\/hoyre.no\/stjordal\/wp-json\/wp\/v2\/posts"}],"about":[{"href":"https:\/\/hoyre.no\/stjordal\/wp-json\/wp\/v2\/types\/post"}],"replies":[{"embeddable":true,"href":"https:\/\/hoyre.no\/stjordal\/wp-json\/wp\/v2\/comments?post=17"}],"version-history":[{"count":0,"href":"https:\/\/hoyre.no\/stjordal\/wp-json\/wp\/v2\/posts\/17\/revisions"}],"wp:attachment":[{"href":"https:\/\/hoyre.no\/stjordal\/wp-json\/wp\/v2\/media?parent=17"}],"wp:term":[{"taxonomy":"category","embeddable":true,"href":"https:\/\/hoyre.no\/stjordal\/wp-json\/wp\/v2\/category?post=17"},{"taxonomy":"post_tag","embeddable":true,"href":"https:\/\/hoyre.no\/stjordal\/wp-json\/wp\/v2\/post_tag?post=17"},{"taxonomy":"hoyre-visibility","embeddable":true,"href":"https:\/\/hoyre.no\/stjordal\/wp-json\/wp\/v2\/hoyre-visibility?post=17"},{"taxonomy":"article-type","embeddable":true,"href":"https:\/\/hoyre.no\/stjordal\/wp-json\/wp\/v2\/article-type?post=17"},{"taxonomy":"politician","embeddable":true,"href":"https:\/\/hoyre.no\/stjordal\/wp-json\/wp\/v2\/politician?post=17"}],"curies":[{"name":"wp","href":"https:\/\/api.w.org\/{rel}","templated":true}]}}