{"id":34,"date":"2023-08-29T13:48:15","date_gmt":"2023-08-29T11:48:15","guid":{"rendered":"https:\/\/hoyre.no\/sunndal\/?p=34"},"modified":"2023-08-29T13:56:53","modified_gmt":"2023-08-29T11:56:53","slug":"sunndal-skal-vaere-en-attraktiv-kommune-a-bo-i","status":"publish","type":"post","link":"https:\/\/hoyre.no\/sunndal\/aktuelt\/sunndal-skal-vaere-en-attraktiv-kommune-a-bo-i\/","title":{"rendered":"Sunndal skal v\u00e6re en attraktiv kommune \u00e5 bo i!"},"content":{"rendered":"\n<p class=\"preamble\">Sunndal har mange forutsetninger som er viktig for velstand, utvikling og vekst. Det skyldes<br>naturgitte forutsetninger, generasjoner som har sett mulighetene og satset sammen med<br>b\u00e6rekraftig styring.<br><\/p>\t\t\t<div class=\"post-meta wp-block teft-byline-wrapper\">\n\t\t\t\t<div class=\"top\">\n\t\t\t\t\t<div class=\"signature\">\n\t\t\t\t\t\t<div class=\"teft-byline\">\n\t\t\t\t\t\t\t\t\t\t\t\t\t\t<div>\n\t\t\t\t\t\t\t\t<h3>H\u00f8yres redaksjon<\/h3>\t\t\t\t\t\t\t\t\n\t\t\t\t\t\t\t\t\t\t\t\t\t\t\t\t\t<span class=\"date\">Sist oppdatert: 29. august 2023<\/span>\n\t\t\t\t\t\t\t\t\t\t\t\t\t\t\t\t\t\t\t\t\t\t\t\t\t<span class=\"reading-time\" itemprop=\"timeRequired\" content=\"PT2M\"><em>Ca. 2 minutter lesetid<\/em><\/span>\n\t\t\t\t\t\t\t\t\t\t\t\t\t\t\t<\/div>\n\t\t\t\t\t\t<\/div>\n\t\t\t\t\t<\/div>\n\t\t\t\t\t\t<div class=\"sharing\">\n\t\t<a class=\"share-button share-link copy-link\" data-copy=\"https:\/\/hoyre.no\/sunndal\/aktuelt\/sunndal-skal-vaere-en-attraktiv-kommune-a-bo-i\/\" target=\"_blank\"><span class=\"screen-reader-text\">Del link<\/span><\/a>\n\t\t<a class=\"share-button share-twitter\" href=\"http:\/\/twitter.com\/share?text=Sunndal skal v\u00e6re en attraktiv kommune \u00e5 bo i!&#038;url=https:\/\/hoyre.no\/sunndal\/aktuelt\/sunndal-skal-vaere-en-attraktiv-kommune-a-bo-i\/&#038;hashtags=Hoyre\" target=\"_blank\"><span class=\"screen-reader-text\">Del p\u00e5 twitter<\/span><\/a>\n\t\t<a class=\"share-button share-facebook\" href=\"https:\/\/www.facebook.com\/sharer\/sharer.php?u=https:\/\/hoyre.no\/sunndal\/aktuelt\/sunndal-skal-vaere-en-attraktiv-kommune-a-bo-i\/\" target=\"_blank\"><span class=\"screen-reader-text\">Del p\u00e5 facebook<\/span><\/a>\n\t<\/div>\n\t\t\t\t\t<\/div>\n\t\t\t<\/div>\n\n\t\t\t<figure class=\"hoyre-image-wrapper\"><div class=\"hoyre-image\"><img loading=\"lazy\" decoding=\"async\" width=\"1080\" height=\"1080\" src=\"https:\/\/hoyre.no\/content\/uploads\/sites\/96\/2023\/08\/LKG.jpg\" class=\"attachment-scaled size-scaled\" alt=\"\" style=\"object-position: 50% 50%\" srcset=\"https:\/\/hoyre.no\/content\/uploads\/sites\/96\/2023\/08\/LKG.jpg 1080w, https:\/\/hoyre.no\/content\/uploads\/sites\/96\/2023\/08\/LKG-300x300.jpg 300w, https:\/\/hoyre.no\/content\/uploads\/sites\/96\/2023\/08\/LKG-1024x1024.jpg 1024w, https:\/\/hoyre.no\/content\/uploads\/sites\/96\/2023\/08\/LKG-150x150.jpg 150w, https:\/\/hoyre.no\/content\/uploads\/sites\/96\/2023\/08\/LKG-768x768.jpg 768w\" sizes=\"auto, (max-width: 1080px) 100vw, 1080px\" \/><\/div><\/figure>\n\n\n\n<p>Sunndal skal fortsette \u00e5 utvikle seg som kommune og skape verdier fremover. Til det arbeidet trenger vi arbeidskraft og kompetanse. Sunndal H\u00f8yre vil arbeide aktivt for \u00e5 gj\u00f8re Sunndal attraktiv som bo- og arbeidsstedskommune.<\/p>\n\n\n\n<p>Sunndal H\u00f8yre sitt program sier blant annet:<br>\u2022 Gratis barnehage for barn nummer 2. Etablering og tilflytting av unge familier er avgj\u00f8rende b\u00e5de for \u00e5 gi n\u00e6ringslivet vekstkraft og for opprettholde kommunens velferdsniv\u00e5. Barnehagetilbudet m\u00e5 gj\u00f8res mer fleksibelt med kontinuerlig opptak igjennom hele \u00e5ret. <\/p>\n\n\n\n<p>\u2022 Gratis skolem\u00e5ltid til alle i grunnskolen. Dette er viktig b\u00e5de for \u00e5 gi alle barn likeverdige l\u00e6ringsbetingelser og for \u00e5 bedre fellesskapsf\u00f8lelsen i Sunndalsskolen.<br>\u2022 H\u00f8yre vil opprettholde og styrke fritidsaktiviteter for ungdom i hele kommunen.<br>\u2022 Trivselstiltak er en viktig del av eldreomsorgen. B\u00e5de hjemmeboende eldre og sykehjemsbeboere har et udekket behov for sosial aktivisering som vi vil styrke. God trivsel bidrar til god helse.<br>\u2022 H\u00f8yre ser viktigheten av frivillighetsarbeidet. Frivillighet er et viktig og b\u00e6rende bidrag til trivsel og utvikling i alle deler av samfunnet. Dugnads\u00e5nden er under press i alle samfunnslag og derfor viktig at kommunen \u00f8konomisk bidrar til \u00e5 stimulere frivillighet.<\/p>\n\n\n\n<p>Frivillighetsarbeidet p\u00e5 tvers av alder, kj\u00f8nn, etnisitet og kompetanse er vesentlig for helheten i et fellesskap. Det etableres relasjoner og kontakter p\u00e5 tvers som gir en mening utover bare \u00e5 gj\u00f8re noe sammen. Det har vi mange gode eksempler p\u00e5. Frivillighet gir vennskap, kunnskap og trang til ny l\u00e6ring, som i neste omgang gir \u00f8kt utvikling.<\/p>\n\n\n\n<p>At dugnad skaper resultater som gir nytte og glede for v\u00e5re innbyggere er det mange gode eksempler p\u00e5 i Sunndal. I de fleste tilfeller s\u00e5 er det skapt verdier som ellers ikke hadde blitt realisert.<\/p>\n\n\n\n<p>Sunndal har et godt virkemiddelapparat, og det skal utvikles videre. St\u00f8tte til lag og foreninger som engasjerer, utvikler og skaper helhet for mennesker er en st\u00f8tte til bolyst og attraksjon.<\/p>\n\n\n\n<p>En stemme til H\u00f8yre er en stemme til frivilligheten \u2013 godt valg!<\/p>\n\n\n\n<p>Leif K\u00e5re Gustavsen<\/p>\n\n\n\n\n<p><\/p>\n\n\n<div class=\"tags\">\n\t<\/div>\n<div class=\"post-footer alignfull has-background block-editor-block-list__block\" data-align=full>\n\t<div class=\"post-footer-inner\">\n\t\t<h3>Relaterte artikler<\/h3>\n\t\t<div class=\"related-content\"><div class=\"is-card-hoyre\">\n\t<div class=\"teft-card hoyre-teft-card post-teft-card\">\n\t\t<a href=\"https:\/\/hoyre.no\/sunndal\/aktuelt\/a-stanse-arbeidet-med-todalsfjordprosjektet-na-vil-vaere-et-tilnaermet-katastrofesignal-til-indre-nordmore-som-region\/\" class=\"teft-card__primary-action\">\n\n\t\t\t<div class=\"teft-card__media teft-card__media--16-9 no-image\"><\/div>\n\t\t\t<div class=\"teft-card__content-wrapper\">\n\t\t\t\t<div class=\"teft-card__secondary\">\n\t\t\t\t\t\n\t\t\t\t\t\t\t\t<div class=\"teft-card__meta\">\n\t\t\t\t\t\t\t\t\t<span class=\"post-date\">5. apr 2024<\/span>\n\n\t\t\t\t\t\t\t\t\t\t\t\t\t\t\t\t\t<\/div>\n\t\t\t\t\t\t\t\t\t\t\t<\/div>\n\n\t\t\t\t<div class=\"teft-card__primary\">\n\t\t\t\t\t<h2 class=\"teft-card__title\">\u00c5 stanse arbeidet med Todalsfjordprosjektet n\u00e5 vil v\u00e6re et tiln\u00e6rmet katastrofesignal til indre Nordm\u00f8re som region&nbsp;<span class=\"teft-card__primary-title-append\"><\/span><\/h2>\t\t\t\t<\/div>\n\t\t\t<\/div>\n\t\t<\/a>\n\t<\/div>\n\n\t<\/div><div class=\"is-card-hoyre\">\n\t<div class=\"teft-card hoyre-teft-card post-teft-card\">\n\t\t<a href=\"https:\/\/hoyre.no\/sunndal\/aktuelt\/er-stale-og-ap-troverdig\/\" class=\"teft-card__primary-action\">\n\n\t\t\t<div class=\"teft-card__media teft-card__media--16-9 no-image\"><\/div>\n\t\t\t<div class=\"teft-card__content-wrapper\">\n\t\t\t\t<div class=\"teft-card__secondary\">\n\t\t\t\t\t\n\t\t\t\t\t\t\t\t<div class=\"teft-card__meta\">\n\t\t\t\t\t\t\t\t\t<span class=\"post-date\">5. sep 2023<\/span>\n\n\t\t\t\t\t\t\t\t\t\t\t\t\t\t\t\t\t<\/div>\n\t\t\t\t\t\t\t\t\t\t\t<\/div>\n\n\t\t\t\t<div class=\"teft-card__primary\">\n\t\t\t\t\t<h2 class=\"teft-card__title\">Er St\u00e5le og AP troverdig?&nbsp;<span class=\"teft-card__primary-title-append\"><\/span><\/h2>\t\t\t\t<\/div>\n\t\t\t<\/div>\n\t\t<\/a>\n\t<\/div>\n\n\t<\/div><\/div>\t<\/div>\n<\/div>\n","protected":false},"excerpt":{"rendered":"<p>Sunndal skal fortsette \u00e5 utvikle seg som kommune og skape verdier fremover. Til det arbeidet trenger vi arbeidskraft og kompetanse. Sunndal H\u00f8yre vil arbeide aktivt for \u00e5 gj\u00f8re Sunndal attraktiv som bo- og arbeidsstedskommune. Sunndal H\u00f8yre sitt program sier blant annet:\u2022 Gratis barnehage for barn nummer 2. Etablering og tilflytting av unge familier er avgj\u00f8rende [&hellip;]<\/p>\n","protected":false},"author":8374,"featured_media":0,"comment_status":"closed","ping_status":"closed","sticky":false,"template":"","format":"standard","meta":{"teft_cards_image_url":"","teft_cards_custom_pretitle":"","teft_cards_image_id":0,"teft_cards_image_focal_point_x":0,"teft_cards_image_focal_point_y":0,"teft_cards_title":"","teft_cards_excerpt":"","teft_show_chapters":false,"author_display_name":"","footnotes":""},"category":[1],"post_tag":[],"hoyre-visibility":[],"article-type":[],"politician":[],"class_list":["post-34","post","type-post","status-publish","format-standard","hentry","category-ukategorisert"],"yoast_head":"<!-- This site is optimized with the Yoast SEO plugin v26.6 - https:\/\/yoast.com\/wordpress\/plugins\/seo\/ -->\n<title>Sunndal skal v\u00e6re en attraktiv kommune \u00e5 bo i! - Sunndal H\u00f8yre<\/title>\n<meta name=\"robots\" content=\"index, follow, max-snippet:-1, max-image-preview:large, max-video-preview:-1\" \/>\n<link rel=\"canonical\" href=\"https:\/\/hoyre.no\/sunndal\/aktuelt\/sunndal-skal-vaere-en-attraktiv-kommune-a-bo-i\/\" \/>\n<meta property=\"og:locale\" content=\"nb_NO\" \/>\n<meta property=\"og:type\" content=\"article\" \/>\n<meta property=\"og:title\" content=\"Sunndal skal v\u00e6re en attraktiv kommune \u00e5 bo i! - Sunndal H\u00f8yre\" \/>\n<meta property=\"og:description\" content=\"Sunndal skal fortsette \u00e5 utvikle seg som kommune og skape verdier fremover. Til det arbeidet trenger vi arbeidskraft og kompetanse. Sunndal H\u00f8yre vil arbeide aktivt for \u00e5 gj\u00f8re Sunndal attraktiv som bo- og arbeidsstedskommune. Sunndal H\u00f8yre sitt program sier blant annet:\u2022 Gratis barnehage for barn nummer 2. Etablering og tilflytting av unge familier er avgj\u00f8rende [&hellip;]\" \/>\n<meta property=\"og:url\" content=\"https:\/\/hoyre.no\/sunndal\/aktuelt\/sunndal-skal-vaere-en-attraktiv-kommune-a-bo-i\/\" \/>\n<meta property=\"og:site_name\" content=\"Sunndal H\u00f8yre\" \/>\n<meta property=\"article:published_time\" content=\"2023-08-29T11:48:15+00:00\" \/>\n<meta property=\"article:modified_time\" content=\"2023-08-29T11:56:53+00:00\" \/>\n<meta property=\"og:image\" content=\"https:\/\/hoyre.no\/content\/uploads\/sites\/96\/2022\/11\/Hoyres-logo.png\" \/>\n\t<meta property=\"og:image:width\" content=\"1000\" \/>\n\t<meta property=\"og:image:height\" content=\"1000\" \/>\n\t<meta property=\"og:image:type\" content=\"image\/png\" \/>\n<meta name=\"author\" content=\"Thomas Kj\u00f8rnes\" \/>\n<meta name=\"twitter:card\" content=\"summary_large_image\" \/>\n<meta name=\"twitter:label1\" content=\"Skrevet av\" \/>\n\t<meta name=\"twitter:data1\" content=\"Thomas Kj\u00f8rnes\" \/>\n\t<meta name=\"twitter:label2\" content=\"Ansl. lesetid\" \/>\n\t<meta name=\"twitter:data2\" content=\"2 minutter\" \/>\n<script type=\"application\/ld+json\" class=\"yoast-schema-graph\">{\"@context\":\"https:\/\/schema.org\",\"@graph\":[{\"@type\":\"NewsArticle\",\"@id\":\"https:\/\/hoyre.no\/sunndal\/aktuelt\/sunndal-skal-vaere-en-attraktiv-kommune-a-bo-i\/\",\"url\":\"https:\/\/hoyre.no\/sunndal\/aktuelt\/sunndal-skal-vaere-en-attraktiv-kommune-a-bo-i\/\",\"name\":\"Sunndal skal v\u00e6re en attraktiv kommune \u00e5 bo i! - Sunndal H\u00f8yre\",\"isPartOf\":{\"@id\":\"https:\/\/hoyre.no\/sunndal\/#website\"},\"datePublished\":\"2023-08-29T11:48:15+00:00\",\"dateModified\":\"2023-08-29T11:56:53+00:00\",\"author\":{\"@id\":\"https:\/\/hoyre.no\/sunndal\/#\/schema\/person\/02db56839d6fdf279fc9307c3e639535\"},\"breadcrumb\":{\"@id\":\"https:\/\/hoyre.no\/sunndal\/aktuelt\/sunndal-skal-vaere-en-attraktiv-kommune-a-bo-i\/#breadcrumb\"},\"inLanguage\":\"nb-NO\",\"potentialAction\":[{\"@type\":\"ReadAction\",\"target\":[\"https:\/\/hoyre.no\/sunndal\/aktuelt\/sunndal-skal-vaere-en-attraktiv-kommune-a-bo-i\/\"]}]},{\"@type\":\"BreadcrumbList\",\"@id\":\"https:\/\/hoyre.no\/sunndal\/aktuelt\/sunndal-skal-vaere-en-attraktiv-kommune-a-bo-i\/#breadcrumb\",\"itemListElement\":[{\"@type\":\"ListItem\",\"position\":1,\"name\":\"Til hoyre.no\",\"item\":\"https:\/\/hoyre.no\"},{\"@type\":\"ListItem\",\"position\":2,\"name\":\"Hjem\",\"item\":\"https:\/\/hoyre.no\/sunndal\/\"},{\"@type\":\"ListItem\",\"position\":3,\"name\":\"Sunndal skal v\u00e6re en attraktiv kommune \u00e5 bo i!\"}]},{\"@type\":\"WebSite\",\"@id\":\"https:\/\/hoyre.no\/sunndal\/#website\",\"url\":\"https:\/\/hoyre.no\/sunndal\/\",\"name\":\"Sunndal H\u00f8yre\",\"description\":\"Bare enda et H\u00f8yres nettsteder-nettsted\",\"inLanguage\":\"nb-NO\"},{\"@type\":\"Person\",\"@id\":\"https:\/\/hoyre.no\/sunndal\/#\/schema\/person\/02db56839d6fdf279fc9307c3e639535\",\"name\":\"Thomas Kj\u00f8rnes\",\"image\":{\"@type\":\"ImageObject\",\"inLanguage\":\"nb-NO\",\"@id\":\"https:\/\/hoyre.no\/sunndal\/#\/schema\/person\/image\/\",\"url\":\"https:\/\/secure.gravatar.com\/avatar\/1ecbf659764676f389c1d8b1f368f6230698f3bdd8d5b3d873d4fbb0c710bf54?s=96&d=mm&r=g\",\"contentUrl\":\"https:\/\/secure.gravatar.com\/avatar\/1ecbf659764676f389c1d8b1f368f6230698f3bdd8d5b3d873d4fbb0c710bf54?s=96&d=mm&r=g\",\"caption\":\"Thomas Kj\u00f8rnes\"},\"url\":\"https:\/\/hoyre.no\/sunndal\/aktuelt\/author\/m52084688\/\"}]}<\/script>\n<!-- \/ Yoast SEO plugin. -->","yoast_head_json":{"title":"Sunndal skal v\u00e6re en attraktiv kommune \u00e5 bo i! - Sunndal H\u00f8yre","robots":{"index":"index","follow":"follow","max-snippet":"max-snippet:-1","max-image-preview":"max-image-preview:large","max-video-preview":"max-video-preview:-1"},"canonical":"https:\/\/hoyre.no\/sunndal\/aktuelt\/sunndal-skal-vaere-en-attraktiv-kommune-a-bo-i\/","og_locale":"nb_NO","og_type":"article","og_title":"Sunndal skal v\u00e6re en attraktiv kommune \u00e5 bo i! - Sunndal H\u00f8yre","og_description":"Sunndal skal fortsette \u00e5 utvikle seg som kommune og skape verdier fremover. Til det arbeidet trenger vi arbeidskraft og kompetanse. Sunndal H\u00f8yre vil arbeide aktivt for \u00e5 gj\u00f8re Sunndal attraktiv som bo- og arbeidsstedskommune. Sunndal H\u00f8yre sitt program sier blant annet:\u2022 Gratis barnehage for barn nummer 2. Etablering og tilflytting av unge familier er avgj\u00f8rende [&hellip;]","og_url":"https:\/\/hoyre.no\/sunndal\/aktuelt\/sunndal-skal-vaere-en-attraktiv-kommune-a-bo-i\/","og_site_name":"Sunndal H\u00f8yre","article_published_time":"2023-08-29T11:48:15+00:00","article_modified_time":"2023-08-29T11:56:53+00:00","og_image":[{"width":1000,"height":1000,"url":"https:\/\/hoyre.no\/content\/uploads\/sites\/96\/2022\/11\/Hoyres-logo.png","type":"image\/png"}],"author":"Thomas Kj\u00f8rnes","twitter_card":"summary_large_image","twitter_misc":{"Skrevet av":"Thomas Kj\u00f8rnes","Ansl. lesetid":"2 minutter"},"schema":{"@context":"https:\/\/schema.org","@graph":[{"@type":"NewsArticle","@id":"https:\/\/hoyre.no\/sunndal\/aktuelt\/sunndal-skal-vaere-en-attraktiv-kommune-a-bo-i\/","url":"https:\/\/hoyre.no\/sunndal\/aktuelt\/sunndal-skal-vaere-en-attraktiv-kommune-a-bo-i\/","name":"Sunndal skal v\u00e6re en attraktiv kommune \u00e5 bo i! - Sunndal H\u00f8yre","isPartOf":{"@id":"https:\/\/hoyre.no\/sunndal\/#website"},"datePublished":"2023-08-29T11:48:15+00:00","dateModified":"2023-08-29T11:56:53+00:00","author":{"@id":"https:\/\/hoyre.no\/sunndal\/#\/schema\/person\/02db56839d6fdf279fc9307c3e639535"},"breadcrumb":{"@id":"https:\/\/hoyre.no\/sunndal\/aktuelt\/sunndal-skal-vaere-en-attraktiv-kommune-a-bo-i\/#breadcrumb"},"inLanguage":"nb-NO","potentialAction":[{"@type":"ReadAction","target":["https:\/\/hoyre.no\/sunndal\/aktuelt\/sunndal-skal-vaere-en-attraktiv-kommune-a-bo-i\/"]}]},{"@type":"BreadcrumbList","@id":"https:\/\/hoyre.no\/sunndal\/aktuelt\/sunndal-skal-vaere-en-attraktiv-kommune-a-bo-i\/#breadcrumb","itemListElement":[{"@type":"ListItem","position":1,"name":"Til hoyre.no","item":"https:\/\/hoyre.no"},{"@type":"ListItem","position":2,"name":"Hjem","item":"https:\/\/hoyre.no\/sunndal\/"},{"@type":"ListItem","position":3,"name":"Sunndal skal v\u00e6re en attraktiv kommune \u00e5 bo i!"}]},{"@type":"WebSite","@id":"https:\/\/hoyre.no\/sunndal\/#website","url":"https:\/\/hoyre.no\/sunndal\/","name":"Sunndal H\u00f8yre","description":"Bare enda et H\u00f8yres nettsteder-nettsted","inLanguage":"nb-NO"},{"@type":"Person","@id":"https:\/\/hoyre.no\/sunndal\/#\/schema\/person\/02db56839d6fdf279fc9307c3e639535","name":"Thomas Kj\u00f8rnes","image":{"@type":"ImageObject","inLanguage":"nb-NO","@id":"https:\/\/hoyre.no\/sunndal\/#\/schema\/person\/image\/","url":"https:\/\/secure.gravatar.com\/avatar\/1ecbf659764676f389c1d8b1f368f6230698f3bdd8d5b3d873d4fbb0c710bf54?s=96&d=mm&r=g","contentUrl":"https:\/\/secure.gravatar.com\/avatar\/1ecbf659764676f389c1d8b1f368f6230698f3bdd8d5b3d873d4fbb0c710bf54?s=96&d=mm&r=g","caption":"Thomas Kj\u00f8rnes"},"url":"https:\/\/hoyre.no\/sunndal\/aktuelt\/author\/m52084688\/"}]}},"distributor_meta":false,"distributor_terms":false,"distributor_media":false,"distributor_original_site_name":"Sunndal H\u00f8yre","distributor_original_site_url":"https:\/\/hoyre.no\/sunndal","push-errors":false,"_links":{"self":[{"href":"https:\/\/hoyre.no\/sunndal\/wp-json\/wp\/v2\/posts\/34","targetHints":{"allow":["GET"]}}],"collection":[{"href":"https:\/\/hoyre.no\/sunndal\/wp-json\/wp\/v2\/posts"}],"about":[{"href":"https:\/\/hoyre.no\/sunndal\/wp-json\/wp\/v2\/types\/post"}],"author":[{"embeddable":true,"href":"https:\/\/hoyre.no\/sunndal\/wp-json\/wp\/v2\/users\/8374"}],"replies":[{"embeddable":true,"href":"https:\/\/hoyre.no\/sunndal\/wp-json\/wp\/v2\/comments?post=34"}],"version-history":[{"count":2,"href":"https:\/\/hoyre.no\/sunndal\/wp-json\/wp\/v2\/posts\/34\/revisions"}],"predecessor-version":[{"id":37,"href":"https:\/\/hoyre.no\/sunndal\/wp-json\/wp\/v2\/posts\/34\/revisions\/37"}],"wp:attachment":[{"href":"https:\/\/hoyre.no\/sunndal\/wp-json\/wp\/v2\/media?parent=34"}],"wp:term":[{"taxonomy":"category","embeddable":true,"href":"https:\/\/hoyre.no\/sunndal\/wp-json\/wp\/v2\/category?post=34"},{"taxonomy":"post_tag","embeddable":true,"href":"https:\/\/hoyre.no\/sunndal\/wp-json\/wp\/v2\/post_tag?post=34"},{"taxonomy":"hoyre-visibility","embeddable":true,"href":"https:\/\/hoyre.no\/sunndal\/wp-json\/wp\/v2\/hoyre-visibility?post=34"},{"taxonomy":"article-type","embeddable":true,"href":"https:\/\/hoyre.no\/sunndal\/wp-json\/wp\/v2\/article-type?post=34"},{"taxonomy":"politician","embeddable":true,"href":"https:\/\/hoyre.no\/sunndal\/wp-json\/wp\/v2\/politician?post=34"}],"curies":[{"name":"wp","href":"https:\/\/api.w.org\/{rel}","templated":true}]}}