{"id":38,"date":"2023-09-05T20:51:33","date_gmt":"2023-09-05T18:51:33","guid":{"rendered":"https:\/\/hoyre.no\/sunndal\/?p=38"},"modified":"2023-09-05T20:51:33","modified_gmt":"2023-09-05T18:51:33","slug":"er-stale-og-ap-troverdig","status":"publish","type":"post","link":"https:\/\/hoyre.no\/sunndal\/aktuelt\/er-stale-og-ap-troverdig\/","title":{"rendered":"Er St\u00e5le og AP troverdig?"},"content":{"rendered":"\n<p class=\"preamble\">Sakene dukker opp rundt Arbeiderpartiet og ordf\u00f8rer som ikke er s\u00e5 bra og sp\u00f8rsm\u00e5let blir for mange<br>hvorfor er det slik?<\/p>\t\t\t<div class=\"post-meta wp-block teft-byline-wrapper\">\n\t\t\t\t<div class=\"top\">\n\t\t\t\t\t<div class=\"signature\">\n\t\t\t\t\t\t<div class=\"teft-byline\">\n\t\t\t\t\t\t\t\t\t\t\t\t\t\t<div>\n\t\t\t\t\t\t\t\t<h3>H\u00f8yres redaksjon<\/h3>\t\t\t\t\t\t\t\t\n\t\t\t\t\t\t\t\t\t\t\t\t\t\t\t\t\t<span class=\"date\">Sist oppdatert: 5. september 2023<\/span>\n\t\t\t\t\t\t\t\t\t\t\t\t\t\t\t\t\t\t\t\t\t\t\t\t\t<span class=\"reading-time\" itemprop=\"timeRequired\" content=\"PT2M\"><em>Ca. 2 minutter lesetid<\/em><\/span>\n\t\t\t\t\t\t\t\t\t\t\t\t\t\t\t<\/div>\n\t\t\t\t\t\t<\/div>\n\t\t\t\t\t<\/div>\n\t\t\t\t\t\t<div class=\"sharing\">\n\t\t<a class=\"share-button share-link copy-link\" data-copy=\"https:\/\/hoyre.no\/sunndal\/aktuelt\/er-stale-og-ap-troverdig\/\" target=\"_blank\"><span class=\"screen-reader-text\">Del link<\/span><\/a>\n\t\t<a class=\"share-button share-twitter\" href=\"http:\/\/twitter.com\/share?text=Er St\u00e5le og AP troverdig?&#038;url=https:\/\/hoyre.no\/sunndal\/aktuelt\/er-stale-og-ap-troverdig\/&#038;hashtags=Hoyre\" target=\"_blank\"><span class=\"screen-reader-text\">Del p\u00e5 twitter<\/span><\/a>\n\t\t<a class=\"share-button share-facebook\" href=\"https:\/\/www.facebook.com\/sharer\/sharer.php?u=https:\/\/hoyre.no\/sunndal\/aktuelt\/er-stale-og-ap-troverdig\/\" target=\"_blank\"><span class=\"screen-reader-text\">Del p\u00e5 facebook<\/span><\/a>\n\t<\/div>\n\t\t\t\t\t<\/div>\n\t\t\t<\/div>\n\n\t\t\t<figure class=\"hoyre-image-wrapper\"><div class=\"hoyre-image\"><img loading=\"lazy\" decoding=\"async\" width=\"630\" height=\"840\" src=\"https:\/\/hoyre.no\/content\/uploads\/sites\/96\/2023\/09\/AT.jpg\" class=\"attachment-scaled size-scaled\" alt=\"\" style=\"object-position: 50% 50%\" srcset=\"https:\/\/hoyre.no\/content\/uploads\/sites\/96\/2023\/09\/AT.jpg 630w, https:\/\/hoyre.no\/content\/uploads\/sites\/96\/2023\/09\/AT-225x300.jpg 225w\" sizes=\"auto, (max-width: 630px) 100vw, 630px\" \/><\/div><\/figure>\n\n\n\n<p>Vi har en ordf\u00f8rer som har over en million i l\u00f8nn og en varaordf\u00f8rer i 20 % stilling. Disse to er ganske greit betalt og forventes \u00e5 f\u00f8lge opp hvordan vedtak gjort i kommunestyret blir fulgt opp og kanskje konsekvens av at det ikke blir fulgt opp.<\/p>\n\n\n\n<p>Siste vi ser er situasjonen ved ungdomssentret som er godt dekket i media. Her sier ordf\u00f8reren at politikerne ikke har fulgt med? Det er DU som ikke f\u00f8lger med og f\u00f8lger opp politiske vedtak og sjekker fremdrift. Det er p\u00e5 \u00abarbeiderpartiets vakt\u00bb at dette skjer.<\/p>\n\n\n\n<p>Sunndal N\u00e6ringsforening og SUNS hadde politisk debatt sist torsdag. Da stilte leder i n\u00e6ringsforeningen kritiske sp\u00f8rsm\u00e5l rundt Sunndal kommune og sammenlignet Sunndal med Oppdal. Leder i n\u00e6ringsforeningen sier at kommunen er for passiv. N\u00e6ringslivet etterlyste en betydelig bedring av Sunndal kommune. I avisa to dager senere sier ordf\u00f8rer at g\u00e5r det godt med n\u00e6ringslivet g\u00e5r det bra med Sunndal kommune. Var vi p\u00e5 samme debattm\u00f8te? N\u00e6ringslivet i Sunndal g\u00e5r godt og det har det gjort i mange mange \u00e5r \u2013 g\u00e5r Sunndal kommune godt?<\/p>\n\n\n\n<ul class=\"wp-block-list\"><li>Er eldreomsorgen v\u00e5r god nok?<\/li><li>Har vi gode skoler?<\/li><li>Fremst\u00e5r Sunndal som en attraktiv kommune \u00e5 flytte til?<\/li><li>Har vi barnehagedekning som bidrar til rekrutering til n\u00e6ringslivet?<\/li><li>Har vi boligtomter som er attraktive fremover i 10-20 \u00e5r?<\/li><\/ul>\n\n\n\n<p>For mange fremst\u00e5r det derfor lite troverdig n\u00e5r du skriver i avisinnlegg: \u00abN\u00e5r n\u00e6ringslivet lykkes, da lykkes hele kommunen\u00bb Arbeiderpartiet har ikke lykkes med \u00e5 l\u00f8fte Sunndal kommune fra 162 plass p\u00e5 kommunebarometret, Sunndal har 160 plass som snitt i 6 \u00e5r St\u00e5le. Dine fors\u00f8k p\u00e5 \u00e5 nedsnakke betydningen av denne m\u00e5lingen er i mine \u00f8yne et tydelig tegn p\u00e5 svakhet. Det er en helhet som<br>ligger bak slike m\u00e5linger. Det forst\u00e5r n\u00e6ringslivet.<\/p>\n\n\n\n<p>N\u00e5 l\u00f8per Arbeiderpartiet rundt \u00e5 lover i sum enorme pengebel\u00f8p til alle gode form\u00e5l og alt som er fors\u00f8mt under Ap sin styringstid i mange mange \u00e5r.<\/p>\n\n\n\n<p>Husk at p\u00e5 Arbeiderpartiets valgprogram er det tilslutt nederst og bakerst vedlagt \u00abutfylt angreskjema\u00bb p\u00e5 de fleste lovnader: \u00abom kommune\u00f8konomien i Sunndal skulle komme under press\u00bb\u00bb At den vil svekkes er noe alle er klar over, ogs\u00e5 arbeiderpartiet. Harskner valgflesket?<\/p>\n\n\n\n<p>Bruk din stemme \u2013 stem p\u00e5 et borgerlig parti, p\u00e5 tide med endring for bedre fremtid.<\/p>\n\n\n\n<p>Asbj\u00f8rn Tronsg\u00e5rd<br>Sunndal H\u00f8yre<\/p>\n\n\n\n\n<p><\/p>\n\n\n<div class=\"tags\">\n\t<\/div>\n<div class=\"post-footer alignfull has-background block-editor-block-list__block\" data-align=full>\n\t<div class=\"post-footer-inner\">\n\t\t<h3>Relaterte artikler<\/h3>\n\t\t<div class=\"related-content\"><div class=\"is-card-hoyre\">\n\t<div class=\"teft-card hoyre-teft-card post-teft-card\">\n\t\t<a href=\"https:\/\/hoyre.no\/sunndal\/aktuelt\/a-stanse-arbeidet-med-todalsfjordprosjektet-na-vil-vaere-et-tilnaermet-katastrofesignal-til-indre-nordmore-som-region\/\" class=\"teft-card__primary-action\">\n\n\t\t\t<div class=\"teft-card__media teft-card__media--16-9 no-image\"><\/div>\n\t\t\t<div class=\"teft-card__content-wrapper\">\n\t\t\t\t<div class=\"teft-card__secondary\">\n\t\t\t\t\t\n\t\t\t\t\t\t\t\t<div class=\"teft-card__meta\">\n\t\t\t\t\t\t\t\t\t<span class=\"post-date\">5. apr 2024<\/span>\n\n\t\t\t\t\t\t\t\t\t\t\t\t\t\t\t\t\t<\/div>\n\t\t\t\t\t\t\t\t\t\t\t<\/div>\n\n\t\t\t\t<div class=\"teft-card__primary\">\n\t\t\t\t\t<h2 class=\"teft-card__title\">\u00c5 stanse arbeidet med Todalsfjordprosjektet n\u00e5 vil v\u00e6re et tiln\u00e6rmet katastrofesignal til indre Nordm\u00f8re som region&nbsp;<span class=\"teft-card__primary-title-append\"><\/span><\/h2>\t\t\t\t<\/div>\n\t\t\t<\/div>\n\t\t<\/a>\n\t<\/div>\n\n\t<\/div><div class=\"is-card-hoyre\">\n\t<div class=\"teft-card hoyre-teft-card post-teft-card\">\n\t\t<a href=\"https:\/\/hoyre.no\/sunndal\/aktuelt\/sunndal-skal-vaere-en-attraktiv-kommune-a-bo-i\/\" class=\"teft-card__primary-action\">\n\n\t\t\t<div class=\"teft-card__media teft-card__media--16-9 no-image\"><\/div>\n\t\t\t<div class=\"teft-card__content-wrapper\">\n\t\t\t\t<div class=\"teft-card__secondary\">\n\t\t\t\t\t\n\t\t\t\t\t\t\t\t<div class=\"teft-card__meta\">\n\t\t\t\t\t\t\t\t\t<span class=\"post-date\">29. aug 2023<\/span>\n\n\t\t\t\t\t\t\t\t\t\t\t\t\t\t\t\t\t<\/div>\n\t\t\t\t\t\t\t\t\t\t\t<\/div>\n\n\t\t\t\t<div class=\"teft-card__primary\">\n\t\t\t\t\t<h2 class=\"teft-card__title\">Sunndal skal v\u00e6re en attraktiv kommune \u00e5 bo i!&nbsp;<span class=\"teft-card__primary-title-append\"><\/span><\/h2>\t\t\t\t<\/div>\n\t\t\t<\/div>\n\t\t<\/a>\n\t<\/div>\n\n\t<\/div><\/div>\t<\/div>\n<\/div>\n","protected":false},"excerpt":{"rendered":"<p>Vi har en ordf\u00f8rer som har over en million i l\u00f8nn og en varaordf\u00f8rer i 20 % stilling. Disse to er ganske greit betalt og forventes \u00e5 f\u00f8lge opp hvordan vedtak gjort i kommunestyret blir fulgt opp og kanskje konsekvens av at det ikke blir fulgt opp. Siste vi ser er situasjonen ved ungdomssentret som [&hellip;]<\/p>\n","protected":false},"author":8374,"featured_media":0,"comment_status":"closed","ping_status":"closed","sticky":false,"template":"","format":"standard","meta":{"teft_cards_image_url":"","teft_cards_custom_pretitle":"","teft_cards_image_id":0,"teft_cards_image_focal_point_x":0,"teft_cards_image_focal_point_y":0,"teft_cards_title":"","teft_cards_excerpt":"","teft_show_chapters":false,"author_display_name":"","footnotes":""},"category":[1],"post_tag":[],"hoyre-visibility":[],"article-type":[],"politician":[],"class_list":["post-38","post","type-post","status-publish","format-standard","hentry","category-ukategorisert"],"yoast_head":"<!-- This site is optimized with the Yoast SEO plugin v26.6 - https:\/\/yoast.com\/wordpress\/plugins\/seo\/ -->\n<title>Er St\u00e5le og AP troverdig? - Sunndal H\u00f8yre<\/title>\n<meta name=\"robots\" content=\"index, follow, max-snippet:-1, max-image-preview:large, max-video-preview:-1\" \/>\n<link rel=\"canonical\" href=\"https:\/\/hoyre.no\/sunndal\/aktuelt\/er-stale-og-ap-troverdig\/\" \/>\n<meta property=\"og:locale\" content=\"nb_NO\" \/>\n<meta property=\"og:type\" content=\"article\" \/>\n<meta property=\"og:title\" content=\"Er St\u00e5le og AP troverdig? - Sunndal H\u00f8yre\" \/>\n<meta property=\"og:description\" content=\"Vi har en ordf\u00f8rer som har over en million i l\u00f8nn og en varaordf\u00f8rer i 20 % stilling. Disse to er ganske greit betalt og forventes \u00e5 f\u00f8lge opp hvordan vedtak gjort i kommunestyret blir fulgt opp og kanskje konsekvens av at det ikke blir fulgt opp. Siste vi ser er situasjonen ved ungdomssentret som [&hellip;]\" \/>\n<meta property=\"og:url\" content=\"https:\/\/hoyre.no\/sunndal\/aktuelt\/er-stale-og-ap-troverdig\/\" \/>\n<meta property=\"og:site_name\" content=\"Sunndal H\u00f8yre\" \/>\n<meta property=\"article:published_time\" content=\"2023-09-05T18:51:33+00:00\" \/>\n<meta property=\"og:image\" content=\"https:\/\/hoyre.no\/content\/uploads\/sites\/96\/2022\/11\/Hoyres-logo.png\" \/>\n\t<meta property=\"og:image:width\" content=\"1000\" \/>\n\t<meta property=\"og:image:height\" content=\"1000\" \/>\n\t<meta property=\"og:image:type\" content=\"image\/png\" \/>\n<meta name=\"author\" content=\"Thomas Kj\u00f8rnes\" \/>\n<meta name=\"twitter:card\" content=\"summary_large_image\" \/>\n<meta name=\"twitter:label1\" content=\"Skrevet av\" \/>\n\t<meta name=\"twitter:data1\" content=\"Thomas Kj\u00f8rnes\" \/>\n\t<meta name=\"twitter:label2\" content=\"Ansl. lesetid\" \/>\n\t<meta name=\"twitter:data2\" content=\"3 minutter\" \/>\n<script type=\"application\/ld+json\" class=\"yoast-schema-graph\">{\"@context\":\"https:\/\/schema.org\",\"@graph\":[{\"@type\":\"NewsArticle\",\"@id\":\"https:\/\/hoyre.no\/sunndal\/aktuelt\/er-stale-og-ap-troverdig\/\",\"url\":\"https:\/\/hoyre.no\/sunndal\/aktuelt\/er-stale-og-ap-troverdig\/\",\"name\":\"Er St\u00e5le og AP troverdig? - Sunndal H\u00f8yre\",\"isPartOf\":{\"@id\":\"https:\/\/hoyre.no\/sunndal\/#website\"},\"datePublished\":\"2023-09-05T18:51:33+00:00\",\"author\":{\"@id\":\"https:\/\/hoyre.no\/sunndal\/#\/schema\/person\/02db56839d6fdf279fc9307c3e639535\"},\"breadcrumb\":{\"@id\":\"https:\/\/hoyre.no\/sunndal\/aktuelt\/er-stale-og-ap-troverdig\/#breadcrumb\"},\"inLanguage\":\"nb-NO\",\"potentialAction\":[{\"@type\":\"ReadAction\",\"target\":[\"https:\/\/hoyre.no\/sunndal\/aktuelt\/er-stale-og-ap-troverdig\/\"]}]},{\"@type\":\"BreadcrumbList\",\"@id\":\"https:\/\/hoyre.no\/sunndal\/aktuelt\/er-stale-og-ap-troverdig\/#breadcrumb\",\"itemListElement\":[{\"@type\":\"ListItem\",\"position\":1,\"name\":\"Til hoyre.no\",\"item\":\"https:\/\/hoyre.no\"},{\"@type\":\"ListItem\",\"position\":2,\"name\":\"Hjem\",\"item\":\"https:\/\/hoyre.no\/sunndal\/\"},{\"@type\":\"ListItem\",\"position\":3,\"name\":\"Er St\u00e5le og AP troverdig?\"}]},{\"@type\":\"WebSite\",\"@id\":\"https:\/\/hoyre.no\/sunndal\/#website\",\"url\":\"https:\/\/hoyre.no\/sunndal\/\",\"name\":\"Sunndal H\u00f8yre\",\"description\":\"Bare enda et H\u00f8yres nettsteder-nettsted\",\"inLanguage\":\"nb-NO\"},{\"@type\":\"Person\",\"@id\":\"https:\/\/hoyre.no\/sunndal\/#\/schema\/person\/02db56839d6fdf279fc9307c3e639535\",\"name\":\"Thomas Kj\u00f8rnes\",\"image\":{\"@type\":\"ImageObject\",\"inLanguage\":\"nb-NO\",\"@id\":\"https:\/\/hoyre.no\/sunndal\/#\/schema\/person\/image\/\",\"url\":\"https:\/\/secure.gravatar.com\/avatar\/1ecbf659764676f389c1d8b1f368f6230698f3bdd8d5b3d873d4fbb0c710bf54?s=96&d=mm&r=g\",\"contentUrl\":\"https:\/\/secure.gravatar.com\/avatar\/1ecbf659764676f389c1d8b1f368f6230698f3bdd8d5b3d873d4fbb0c710bf54?s=96&d=mm&r=g\",\"caption\":\"Thomas Kj\u00f8rnes\"},\"url\":\"https:\/\/hoyre.no\/sunndal\/aktuelt\/author\/m52084688\/\"}]}<\/script>\n<!-- \/ Yoast SEO plugin. -->","yoast_head_json":{"title":"Er St\u00e5le og AP troverdig? - Sunndal H\u00f8yre","robots":{"index":"index","follow":"follow","max-snippet":"max-snippet:-1","max-image-preview":"max-image-preview:large","max-video-preview":"max-video-preview:-1"},"canonical":"https:\/\/hoyre.no\/sunndal\/aktuelt\/er-stale-og-ap-troverdig\/","og_locale":"nb_NO","og_type":"article","og_title":"Er St\u00e5le og AP troverdig? - Sunndal H\u00f8yre","og_description":"Vi har en ordf\u00f8rer som har over en million i l\u00f8nn og en varaordf\u00f8rer i 20 % stilling. Disse to er ganske greit betalt og forventes \u00e5 f\u00f8lge opp hvordan vedtak gjort i kommunestyret blir fulgt opp og kanskje konsekvens av at det ikke blir fulgt opp. Siste vi ser er situasjonen ved ungdomssentret som [&hellip;]","og_url":"https:\/\/hoyre.no\/sunndal\/aktuelt\/er-stale-og-ap-troverdig\/","og_site_name":"Sunndal H\u00f8yre","article_published_time":"2023-09-05T18:51:33+00:00","og_image":[{"width":1000,"height":1000,"url":"https:\/\/hoyre.no\/content\/uploads\/sites\/96\/2022\/11\/Hoyres-logo.png","type":"image\/png"}],"author":"Thomas Kj\u00f8rnes","twitter_card":"summary_large_image","twitter_misc":{"Skrevet av":"Thomas Kj\u00f8rnes","Ansl. lesetid":"3 minutter"},"schema":{"@context":"https:\/\/schema.org","@graph":[{"@type":"NewsArticle","@id":"https:\/\/hoyre.no\/sunndal\/aktuelt\/er-stale-og-ap-troverdig\/","url":"https:\/\/hoyre.no\/sunndal\/aktuelt\/er-stale-og-ap-troverdig\/","name":"Er St\u00e5le og AP troverdig? - Sunndal H\u00f8yre","isPartOf":{"@id":"https:\/\/hoyre.no\/sunndal\/#website"},"datePublished":"2023-09-05T18:51:33+00:00","author":{"@id":"https:\/\/hoyre.no\/sunndal\/#\/schema\/person\/02db56839d6fdf279fc9307c3e639535"},"breadcrumb":{"@id":"https:\/\/hoyre.no\/sunndal\/aktuelt\/er-stale-og-ap-troverdig\/#breadcrumb"},"inLanguage":"nb-NO","potentialAction":[{"@type":"ReadAction","target":["https:\/\/hoyre.no\/sunndal\/aktuelt\/er-stale-og-ap-troverdig\/"]}]},{"@type":"BreadcrumbList","@id":"https:\/\/hoyre.no\/sunndal\/aktuelt\/er-stale-og-ap-troverdig\/#breadcrumb","itemListElement":[{"@type":"ListItem","position":1,"name":"Til hoyre.no","item":"https:\/\/hoyre.no"},{"@type":"ListItem","position":2,"name":"Hjem","item":"https:\/\/hoyre.no\/sunndal\/"},{"@type":"ListItem","position":3,"name":"Er St\u00e5le og AP troverdig?"}]},{"@type":"WebSite","@id":"https:\/\/hoyre.no\/sunndal\/#website","url":"https:\/\/hoyre.no\/sunndal\/","name":"Sunndal H\u00f8yre","description":"Bare enda et H\u00f8yres nettsteder-nettsted","inLanguage":"nb-NO"},{"@type":"Person","@id":"https:\/\/hoyre.no\/sunndal\/#\/schema\/person\/02db56839d6fdf279fc9307c3e639535","name":"Thomas Kj\u00f8rnes","image":{"@type":"ImageObject","inLanguage":"nb-NO","@id":"https:\/\/hoyre.no\/sunndal\/#\/schema\/person\/image\/","url":"https:\/\/secure.gravatar.com\/avatar\/1ecbf659764676f389c1d8b1f368f6230698f3bdd8d5b3d873d4fbb0c710bf54?s=96&d=mm&r=g","contentUrl":"https:\/\/secure.gravatar.com\/avatar\/1ecbf659764676f389c1d8b1f368f6230698f3bdd8d5b3d873d4fbb0c710bf54?s=96&d=mm&r=g","caption":"Thomas Kj\u00f8rnes"},"url":"https:\/\/hoyre.no\/sunndal\/aktuelt\/author\/m52084688\/"}]}},"distributor_meta":false,"distributor_terms":false,"distributor_media":false,"distributor_original_site_name":"Sunndal H\u00f8yre","distributor_original_site_url":"https:\/\/hoyre.no\/sunndal","push-errors":false,"_links":{"self":[{"href":"https:\/\/hoyre.no\/sunndal\/wp-json\/wp\/v2\/posts\/38","targetHints":{"allow":["GET"]}}],"collection":[{"href":"https:\/\/hoyre.no\/sunndal\/wp-json\/wp\/v2\/posts"}],"about":[{"href":"https:\/\/hoyre.no\/sunndal\/wp-json\/wp\/v2\/types\/post"}],"author":[{"embeddable":true,"href":"https:\/\/hoyre.no\/sunndal\/wp-json\/wp\/v2\/users\/8374"}],"replies":[{"embeddable":true,"href":"https:\/\/hoyre.no\/sunndal\/wp-json\/wp\/v2\/comments?post=38"}],"version-history":[{"count":1,"href":"https:\/\/hoyre.no\/sunndal\/wp-json\/wp\/v2\/posts\/38\/revisions"}],"predecessor-version":[{"id":40,"href":"https:\/\/hoyre.no\/sunndal\/wp-json\/wp\/v2\/posts\/38\/revisions\/40"}],"wp:attachment":[{"href":"https:\/\/hoyre.no\/sunndal\/wp-json\/wp\/v2\/media?parent=38"}],"wp:term":[{"taxonomy":"category","embeddable":true,"href":"https:\/\/hoyre.no\/sunndal\/wp-json\/wp\/v2\/category?post=38"},{"taxonomy":"post_tag","embeddable":true,"href":"https:\/\/hoyre.no\/sunndal\/wp-json\/wp\/v2\/post_tag?post=38"},{"taxonomy":"hoyre-visibility","embeddable":true,"href":"https:\/\/hoyre.no\/sunndal\/wp-json\/wp\/v2\/hoyre-visibility?post=38"},{"taxonomy":"article-type","embeddable":true,"href":"https:\/\/hoyre.no\/sunndal\/wp-json\/wp\/v2\/article-type?post=38"},{"taxonomy":"politician","embeddable":true,"href":"https:\/\/hoyre.no\/sunndal\/wp-json\/wp\/v2\/politician?post=38"}],"curies":[{"name":"wp","href":"https:\/\/api.w.org\/{rel}","templated":true}]}}