{"id":43,"date":"2024-04-05T23:01:42","date_gmt":"2024-04-05T21:01:42","guid":{"rendered":"https:\/\/hoyre.no\/sunndal\/?p=43"},"modified":"2024-04-05T23:01:42","modified_gmt":"2024-04-05T21:01:42","slug":"a-stanse-arbeidet-med-todalsfjordprosjektet-na-vil-vaere-et-tilnaermet-katastrofesignal-til-indre-nordmore-som-region","status":"publish","type":"post","link":"https:\/\/hoyre.no\/sunndal\/aktuelt\/a-stanse-arbeidet-med-todalsfjordprosjektet-na-vil-vaere-et-tilnaermet-katastrofesignal-til-indre-nordmore-som-region\/","title":{"rendered":"\u00c5 stanse arbeidet med Todalsfjordprosjektet n\u00e5 vil v\u00e6re et tiln\u00e6rmet katastrofesignal til indre Nordm\u00f8re som region"},"content":{"rendered":"\n<p class=\"preamble\">Sunndal H\u00f8yre og Surnadal H\u00f8yre er sterkt bekymret for de signaler som n\u00e5 er kommet fra fylkeskommunedirekt\u00f8ren som gjelder stans i planleggingen av Todalsfjordprosjektet.<\/p>\t\t\t<div class=\"post-meta wp-block teft-byline-wrapper\">\n\t\t\t\t<div class=\"top\">\n\t\t\t\t\t<div class=\"signature\">\n\t\t\t\t\t\t<div class=\"teft-byline\">\n\t\t\t\t\t\t\t\t\t\t\t\t\t\t<div>\n\t\t\t\t\t\t\t\t<h3>H\u00f8yres redaksjon<\/h3>\t\t\t\t\t\t\t\t\n\t\t\t\t\t\t\t\t\t\t\t\t\t\t\t\t\t<span class=\"date\">Sist oppdatert: 5. april 2024<\/span>\n\t\t\t\t\t\t\t\t\t\t\t\t\t\t\t\t\t\t\t\t\t\t\t\t\t<span class=\"reading-time\" itemprop=\"timeRequired\" content=\"PT1M\"><em>Ca. 1 minutter lesetid<\/em><\/span>\n\t\t\t\t\t\t\t\t\t\t\t\t\t\t\t<\/div>\n\t\t\t\t\t\t<\/div>\n\t\t\t\t\t<\/div>\n\t\t\t\t\t\t<div class=\"sharing\">\n\t\t<a class=\"share-button share-link copy-link\" data-copy=\"https:\/\/hoyre.no\/sunndal\/aktuelt\/a-stanse-arbeidet-med-todalsfjordprosjektet-na-vil-vaere-et-tilnaermet-katastrofesignal-til-indre-nordmore-som-region\/\" target=\"_blank\"><span class=\"screen-reader-text\">Del link<\/span><\/a>\n\t\t<a class=\"share-button share-twitter\" href=\"http:\/\/twitter.com\/share?text=\u00c5 stanse arbeidet med Todalsfjordprosjektet n\u00e5 vil v\u00e6re et tiln\u00e6rmet katastrofesignal til indre Nordm\u00f8re som region&#038;url=https:\/\/hoyre.no\/sunndal\/aktuelt\/a-stanse-arbeidet-med-todalsfjordprosjektet-na-vil-vaere-et-tilnaermet-katastrofesignal-til-indre-nordmore-som-region\/&#038;hashtags=Hoyre\" target=\"_blank\"><span class=\"screen-reader-text\">Del p\u00e5 twitter<\/span><\/a>\n\t\t<a class=\"share-button share-facebook\" href=\"https:\/\/www.facebook.com\/sharer\/sharer.php?u=https:\/\/hoyre.no\/sunndal\/aktuelt\/a-stanse-arbeidet-med-todalsfjordprosjektet-na-vil-vaere-et-tilnaermet-katastrofesignal-til-indre-nordmore-som-region\/\" target=\"_blank\"><span class=\"screen-reader-text\">Del p\u00e5 facebook<\/span><\/a>\n\t<\/div>\n\t\t\t\t\t<\/div>\n\t\t\t<\/div>\n\n\t\t\t<figure class=\"hoyre-image-wrapper\"><div class=\"hoyre-image\"><img loading=\"lazy\" decoding=\"async\" width=\"1347\" height=\"760\" src=\"https:\/\/hoyre.no\/content\/uploads\/sites\/96\/2024\/04\/LK_og_OJB.jpg\" class=\"attachment-scaled size-scaled\" alt=\"Leif K\u00e5re Gustavsen, Sunndal H\u00f8yre, Ole Joar Bruset, Surnadal H\u00f8yre\" style=\"object-position: 50% 50%\" srcset=\"https:\/\/hoyre.no\/content\/uploads\/sites\/96\/2024\/04\/LK_og_OJB.jpg 1347w, https:\/\/hoyre.no\/content\/uploads\/sites\/96\/2024\/04\/LK_og_OJB-300x169.jpg 300w, https:\/\/hoyre.no\/content\/uploads\/sites\/96\/2024\/04\/LK_og_OJB-1024x578.jpg 1024w, https:\/\/hoyre.no\/content\/uploads\/sites\/96\/2024\/04\/LK_og_OJB-768x433.jpg 768w\" sizes=\"auto, (max-width: 1347px) 100vw, 1347px\" \/><\/div><\/figure>\n\n\n\n\n<p>Til H\u00f8yre sine utvalgsmedlemmer i fylkesutvalget og samferdselsutvalget i M\u00f8re og Romsdal.<\/p>\n\n\n\n<p>Sunndal H\u00f8yre og Surnadal H\u00f8yre er sterkt bekymret for de signaler som n\u00e5 er kommet fra fylkeskommunedirekt\u00f8ren som gjelder stans i planleggingen av Todalsfjordprosjektet.<\/p>\n\n\n\n<p>Dette samferdselsprosjektet har i over 80 \u00e5r v\u00e6rt fors\u00f8kt l\u00f8st gjennom forskjellige modeller. Vi har v\u00e6rt t\u00e5lmodige, og gleden var derfor stor, n\u00e5r det 20.06.2023 ble bestemt \u00e5 starte planleggingsarbeidet. \u00c5 sikre at planleggingsarbeidet fortsetter er av st\u00f8rste betydning for en realisering av prosjektet.<\/p>\n\n\n\n<p>Vi kan ikke akseptere enda en endring i fremdriftsplaner for v\u00e5rt viktige prosjekt for videre utvikling av v\u00e5r region. V\u00e5rt klare budskap til fylkesutvalget i M\u00f8re og Romsdal er \u00e5 holde fremdrift p\u00e5 det prosjektet som st\u00e5r som prioritet nummer 1 p\u00e5 ikke selvfinansierende prosjekter i Fylkeskommunen.<\/p>\n\n\n\n<p>\u00c5 stanse arbeidet n\u00e5 vil v\u00e6re et tiln\u00e6rmet katastrofesignal til indre Nordm\u00f8re som region.<\/p>\n\n\n\n<p>Med Hilsen<\/p>\n\n\n\n<p>Ole Joar Bruset, Surnadal H\u00f8yre<\/p>\n\n\n\n<p>Leif K\u00e5re Gustavsen, Sunndal H\u00f8yre<\/p>\n\n\n<div class=\"tags\">\n\t<\/div>\n<div class=\"post-footer alignfull has-background block-editor-block-list__block\" data-align=full>\n\t<div class=\"post-footer-inner\">\n\t\t<h3>Relaterte artikler<\/h3>\n\t\t<div class=\"related-content\"><div class=\"is-card-hoyre\">\n\t<div class=\"teft-card hoyre-teft-card post-teft-card\">\n\t\t<a href=\"https:\/\/hoyre.no\/sunndal\/aktuelt\/er-stale-og-ap-troverdig\/\" class=\"teft-card__primary-action\">\n\n\t\t\t<div class=\"teft-card__media teft-card__media--16-9 no-image\"><\/div>\n\t\t\t<div class=\"teft-card__content-wrapper\">\n\t\t\t\t<div class=\"teft-card__secondary\">\n\t\t\t\t\t\n\t\t\t\t\t\t\t\t<div class=\"teft-card__meta\">\n\t\t\t\t\t\t\t\t\t<span class=\"post-date\">5. sep 2023<\/span>\n\n\t\t\t\t\t\t\t\t\t\t\t\t\t\t\t\t\t<\/div>\n\t\t\t\t\t\t\t\t\t\t\t<\/div>\n\n\t\t\t\t<div class=\"teft-card__primary\">\n\t\t\t\t\t<h2 class=\"teft-card__title\">Er St\u00e5le og AP troverdig?&nbsp;<span class=\"teft-card__primary-title-append\"><\/span><\/h2>\t\t\t\t<\/div>\n\t\t\t<\/div>\n\t\t<\/a>\n\t<\/div>\n\n\t<\/div><div class=\"is-card-hoyre\">\n\t<div class=\"teft-card hoyre-teft-card post-teft-card\">\n\t\t<a href=\"https:\/\/hoyre.no\/sunndal\/aktuelt\/sunndal-skal-vaere-en-attraktiv-kommune-a-bo-i\/\" class=\"teft-card__primary-action\">\n\n\t\t\t<div class=\"teft-card__media teft-card__media--16-9 no-image\"><\/div>\n\t\t\t<div class=\"teft-card__content-wrapper\">\n\t\t\t\t<div class=\"teft-card__secondary\">\n\t\t\t\t\t\n\t\t\t\t\t\t\t\t<div class=\"teft-card__meta\">\n\t\t\t\t\t\t\t\t\t<span class=\"post-date\">29. aug 2023<\/span>\n\n\t\t\t\t\t\t\t\t\t\t\t\t\t\t\t\t\t<\/div>\n\t\t\t\t\t\t\t\t\t\t\t<\/div>\n\n\t\t\t\t<div class=\"teft-card__primary\">\n\t\t\t\t\t<h2 class=\"teft-card__title\">Sunndal skal v\u00e6re en attraktiv kommune \u00e5 bo i!&nbsp;<span class=\"teft-card__primary-title-append\"><\/span><\/h2>\t\t\t\t<\/div>\n\t\t\t<\/div>\n\t\t<\/a>\n\t<\/div>\n\n\t<\/div><\/div>\t<\/div>\n<\/div>\n","protected":false},"excerpt":{"rendered":"","protected":false},"author":8374,"featured_media":0,"comment_status":"closed","ping_status":"closed","sticky":false,"template":"","format":"standard","meta":{"teft_cards_image_url":"","teft_cards_custom_pretitle":"","teft_cards_image_id":0,"teft_cards_image_focal_point_x":0,"teft_cards_image_focal_point_y":0,"teft_cards_title":"","teft_cards_excerpt":"","teft_show_chapters":false,"author_display_name":"","footnotes":""},"category":[1],"post_tag":[],"hoyre-visibility":[],"article-type":[],"politician":[],"class_list":["post-43","post","type-post","status-publish","format-standard","hentry","category-ukategorisert"],"yoast_head":"<!-- This site is optimized with the Yoast SEO plugin v26.6 - https:\/\/yoast.com\/wordpress\/plugins\/seo\/ -->\n<title>\u00c5 stanse arbeidet med Todalsfjordprosjektet n\u00e5 vil v\u00e6re et tiln\u00e6rmet katastrofesignal til indre Nordm\u00f8re som region - Sunndal H\u00f8yre<\/title>\n<meta name=\"robots\" content=\"index, follow, max-snippet:-1, max-image-preview:large, max-video-preview:-1\" \/>\n<link rel=\"canonical\" href=\"https:\/\/hoyre.no\/sunndal\/aktuelt\/a-stanse-arbeidet-med-todalsfjordprosjektet-na-vil-vaere-et-tilnaermet-katastrofesignal-til-indre-nordmore-som-region\/\" \/>\n<meta property=\"og:locale\" content=\"nb_NO\" \/>\n<meta property=\"og:type\" content=\"article\" \/>\n<meta property=\"og:title\" content=\"\u00c5 stanse arbeidet med Todalsfjordprosjektet n\u00e5 vil v\u00e6re et tiln\u00e6rmet katastrofesignal til indre Nordm\u00f8re som region - Sunndal H\u00f8yre\" \/>\n<meta property=\"og:url\" content=\"https:\/\/hoyre.no\/sunndal\/aktuelt\/a-stanse-arbeidet-med-todalsfjordprosjektet-na-vil-vaere-et-tilnaermet-katastrofesignal-til-indre-nordmore-som-region\/\" \/>\n<meta property=\"og:site_name\" content=\"Sunndal H\u00f8yre\" \/>\n<meta property=\"article:published_time\" content=\"2024-04-05T21:01:42+00:00\" \/>\n<meta property=\"og:image\" content=\"https:\/\/hoyre.no\/content\/uploads\/sites\/96\/2022\/11\/Hoyres-logo.png\" \/>\n\t<meta property=\"og:image:width\" content=\"1000\" \/>\n\t<meta property=\"og:image:height\" content=\"1000\" \/>\n\t<meta property=\"og:image:type\" content=\"image\/png\" \/>\n<meta name=\"author\" content=\"Thomas Kj\u00f8rnes\" \/>\n<meta name=\"twitter:card\" content=\"summary_large_image\" \/>\n<meta name=\"twitter:label1\" content=\"Skrevet av\" \/>\n\t<meta name=\"twitter:data1\" content=\"Thomas Kj\u00f8rnes\" \/>\n\t<meta name=\"twitter:label2\" content=\"Ansl. lesetid\" \/>\n\t<meta name=\"twitter:data2\" content=\"1 minutt\" \/>\n<script type=\"application\/ld+json\" class=\"yoast-schema-graph\">{\"@context\":\"https:\/\/schema.org\",\"@graph\":[{\"@type\":\"NewsArticle\",\"@id\":\"https:\/\/hoyre.no\/sunndal\/aktuelt\/a-stanse-arbeidet-med-todalsfjordprosjektet-na-vil-vaere-et-tilnaermet-katastrofesignal-til-indre-nordmore-som-region\/\",\"url\":\"https:\/\/hoyre.no\/sunndal\/aktuelt\/a-stanse-arbeidet-med-todalsfjordprosjektet-na-vil-vaere-et-tilnaermet-katastrofesignal-til-indre-nordmore-som-region\/\",\"name\":\"\u00c5 stanse arbeidet med Todalsfjordprosjektet n\u00e5 vil v\u00e6re et tiln\u00e6rmet katastrofesignal til indre Nordm\u00f8re som region - Sunndal H\u00f8yre\",\"isPartOf\":{\"@id\":\"https:\/\/hoyre.no\/sunndal\/#website\"},\"datePublished\":\"2024-04-05T21:01:42+00:00\",\"author\":{\"@id\":\"https:\/\/hoyre.no\/sunndal\/#\/schema\/person\/02db56839d6fdf279fc9307c3e639535\"},\"breadcrumb\":{\"@id\":\"https:\/\/hoyre.no\/sunndal\/aktuelt\/a-stanse-arbeidet-med-todalsfjordprosjektet-na-vil-vaere-et-tilnaermet-katastrofesignal-til-indre-nordmore-som-region\/#breadcrumb\"},\"inLanguage\":\"nb-NO\",\"potentialAction\":[{\"@type\":\"ReadAction\",\"target\":[\"https:\/\/hoyre.no\/sunndal\/aktuelt\/a-stanse-arbeidet-med-todalsfjordprosjektet-na-vil-vaere-et-tilnaermet-katastrofesignal-til-indre-nordmore-som-region\/\"]}]},{\"@type\":\"BreadcrumbList\",\"@id\":\"https:\/\/hoyre.no\/sunndal\/aktuelt\/a-stanse-arbeidet-med-todalsfjordprosjektet-na-vil-vaere-et-tilnaermet-katastrofesignal-til-indre-nordmore-som-region\/#breadcrumb\",\"itemListElement\":[{\"@type\":\"ListItem\",\"position\":1,\"name\":\"Til hoyre.no\",\"item\":\"https:\/\/hoyre.no\"},{\"@type\":\"ListItem\",\"position\":2,\"name\":\"Hjem\",\"item\":\"https:\/\/hoyre.no\/sunndal\/\"},{\"@type\":\"ListItem\",\"position\":3,\"name\":\"\u00c5 stanse arbeidet med Todalsfjordprosjektet n\u00e5 vil v\u00e6re et tiln\u00e6rmet katastrofesignal til indre Nordm\u00f8re som region\"}]},{\"@type\":\"WebSite\",\"@id\":\"https:\/\/hoyre.no\/sunndal\/#website\",\"url\":\"https:\/\/hoyre.no\/sunndal\/\",\"name\":\"Sunndal H\u00f8yre\",\"description\":\"Bare enda et H\u00f8yres nettsteder-nettsted\",\"inLanguage\":\"nb-NO\"},{\"@type\":\"Person\",\"@id\":\"https:\/\/hoyre.no\/sunndal\/#\/schema\/person\/02db56839d6fdf279fc9307c3e639535\",\"name\":\"Thomas Kj\u00f8rnes\",\"image\":{\"@type\":\"ImageObject\",\"inLanguage\":\"nb-NO\",\"@id\":\"https:\/\/hoyre.no\/sunndal\/#\/schema\/person\/image\/\",\"url\":\"https:\/\/secure.gravatar.com\/avatar\/1ecbf659764676f389c1d8b1f368f6230698f3bdd8d5b3d873d4fbb0c710bf54?s=96&d=mm&r=g\",\"contentUrl\":\"https:\/\/secure.gravatar.com\/avatar\/1ecbf659764676f389c1d8b1f368f6230698f3bdd8d5b3d873d4fbb0c710bf54?s=96&d=mm&r=g\",\"caption\":\"Thomas Kj\u00f8rnes\"},\"url\":\"https:\/\/hoyre.no\/sunndal\/aktuelt\/author\/m52084688\/\"}]}<\/script>\n<!-- \/ Yoast SEO plugin. -->","yoast_head_json":{"title":"\u00c5 stanse arbeidet med Todalsfjordprosjektet n\u00e5 vil v\u00e6re et tiln\u00e6rmet katastrofesignal til indre Nordm\u00f8re som region - Sunndal H\u00f8yre","robots":{"index":"index","follow":"follow","max-snippet":"max-snippet:-1","max-image-preview":"max-image-preview:large","max-video-preview":"max-video-preview:-1"},"canonical":"https:\/\/hoyre.no\/sunndal\/aktuelt\/a-stanse-arbeidet-med-todalsfjordprosjektet-na-vil-vaere-et-tilnaermet-katastrofesignal-til-indre-nordmore-som-region\/","og_locale":"nb_NO","og_type":"article","og_title":"\u00c5 stanse arbeidet med Todalsfjordprosjektet n\u00e5 vil v\u00e6re et tiln\u00e6rmet katastrofesignal til indre Nordm\u00f8re som region - Sunndal H\u00f8yre","og_url":"https:\/\/hoyre.no\/sunndal\/aktuelt\/a-stanse-arbeidet-med-todalsfjordprosjektet-na-vil-vaere-et-tilnaermet-katastrofesignal-til-indre-nordmore-som-region\/","og_site_name":"Sunndal H\u00f8yre","article_published_time":"2024-04-05T21:01:42+00:00","og_image":[{"width":1000,"height":1000,"url":"https:\/\/hoyre.no\/content\/uploads\/sites\/96\/2022\/11\/Hoyres-logo.png","type":"image\/png"}],"author":"Thomas Kj\u00f8rnes","twitter_card":"summary_large_image","twitter_misc":{"Skrevet av":"Thomas Kj\u00f8rnes","Ansl. lesetid":"1 minutt"},"schema":{"@context":"https:\/\/schema.org","@graph":[{"@type":"NewsArticle","@id":"https:\/\/hoyre.no\/sunndal\/aktuelt\/a-stanse-arbeidet-med-todalsfjordprosjektet-na-vil-vaere-et-tilnaermet-katastrofesignal-til-indre-nordmore-som-region\/","url":"https:\/\/hoyre.no\/sunndal\/aktuelt\/a-stanse-arbeidet-med-todalsfjordprosjektet-na-vil-vaere-et-tilnaermet-katastrofesignal-til-indre-nordmore-som-region\/","name":"\u00c5 stanse arbeidet med Todalsfjordprosjektet n\u00e5 vil v\u00e6re et tiln\u00e6rmet katastrofesignal til indre Nordm\u00f8re som region - Sunndal H\u00f8yre","isPartOf":{"@id":"https:\/\/hoyre.no\/sunndal\/#website"},"datePublished":"2024-04-05T21:01:42+00:00","author":{"@id":"https:\/\/hoyre.no\/sunndal\/#\/schema\/person\/02db56839d6fdf279fc9307c3e639535"},"breadcrumb":{"@id":"https:\/\/hoyre.no\/sunndal\/aktuelt\/a-stanse-arbeidet-med-todalsfjordprosjektet-na-vil-vaere-et-tilnaermet-katastrofesignal-til-indre-nordmore-som-region\/#breadcrumb"},"inLanguage":"nb-NO","potentialAction":[{"@type":"ReadAction","target":["https:\/\/hoyre.no\/sunndal\/aktuelt\/a-stanse-arbeidet-med-todalsfjordprosjektet-na-vil-vaere-et-tilnaermet-katastrofesignal-til-indre-nordmore-som-region\/"]}]},{"@type":"BreadcrumbList","@id":"https:\/\/hoyre.no\/sunndal\/aktuelt\/a-stanse-arbeidet-med-todalsfjordprosjektet-na-vil-vaere-et-tilnaermet-katastrofesignal-til-indre-nordmore-som-region\/#breadcrumb","itemListElement":[{"@type":"ListItem","position":1,"name":"Til hoyre.no","item":"https:\/\/hoyre.no"},{"@type":"ListItem","position":2,"name":"Hjem","item":"https:\/\/hoyre.no\/sunndal\/"},{"@type":"ListItem","position":3,"name":"\u00c5 stanse arbeidet med Todalsfjordprosjektet n\u00e5 vil v\u00e6re et tiln\u00e6rmet katastrofesignal til indre Nordm\u00f8re som region"}]},{"@type":"WebSite","@id":"https:\/\/hoyre.no\/sunndal\/#website","url":"https:\/\/hoyre.no\/sunndal\/","name":"Sunndal H\u00f8yre","description":"Bare enda et H\u00f8yres nettsteder-nettsted","inLanguage":"nb-NO"},{"@type":"Person","@id":"https:\/\/hoyre.no\/sunndal\/#\/schema\/person\/02db56839d6fdf279fc9307c3e639535","name":"Thomas Kj\u00f8rnes","image":{"@type":"ImageObject","inLanguage":"nb-NO","@id":"https:\/\/hoyre.no\/sunndal\/#\/schema\/person\/image\/","url":"https:\/\/secure.gravatar.com\/avatar\/1ecbf659764676f389c1d8b1f368f6230698f3bdd8d5b3d873d4fbb0c710bf54?s=96&d=mm&r=g","contentUrl":"https:\/\/secure.gravatar.com\/avatar\/1ecbf659764676f389c1d8b1f368f6230698f3bdd8d5b3d873d4fbb0c710bf54?s=96&d=mm&r=g","caption":"Thomas Kj\u00f8rnes"},"url":"https:\/\/hoyre.no\/sunndal\/aktuelt\/author\/m52084688\/"}]}},"distributor_meta":false,"distributor_terms":false,"distributor_media":false,"distributor_original_site_name":"Sunndal H\u00f8yre","distributor_original_site_url":"https:\/\/hoyre.no\/sunndal","push-errors":false,"_links":{"self":[{"href":"https:\/\/hoyre.no\/sunndal\/wp-json\/wp\/v2\/posts\/43","targetHints":{"allow":["GET"]}}],"collection":[{"href":"https:\/\/hoyre.no\/sunndal\/wp-json\/wp\/v2\/posts"}],"about":[{"href":"https:\/\/hoyre.no\/sunndal\/wp-json\/wp\/v2\/types\/post"}],"author":[{"embeddable":true,"href":"https:\/\/hoyre.no\/sunndal\/wp-json\/wp\/v2\/users\/8374"}],"replies":[{"embeddable":true,"href":"https:\/\/hoyre.no\/sunndal\/wp-json\/wp\/v2\/comments?post=43"}],"version-history":[{"count":1,"href":"https:\/\/hoyre.no\/sunndal\/wp-json\/wp\/v2\/posts\/43\/revisions"}],"predecessor-version":[{"id":45,"href":"https:\/\/hoyre.no\/sunndal\/wp-json\/wp\/v2\/posts\/43\/revisions\/45"}],"wp:attachment":[{"href":"https:\/\/hoyre.no\/sunndal\/wp-json\/wp\/v2\/media?parent=43"}],"wp:term":[{"taxonomy":"category","embeddable":true,"href":"https:\/\/hoyre.no\/sunndal\/wp-json\/wp\/v2\/category?post=43"},{"taxonomy":"post_tag","embeddable":true,"href":"https:\/\/hoyre.no\/sunndal\/wp-json\/wp\/v2\/post_tag?post=43"},{"taxonomy":"hoyre-visibility","embeddable":true,"href":"https:\/\/hoyre.no\/sunndal\/wp-json\/wp\/v2\/hoyre-visibility?post=43"},{"taxonomy":"article-type","embeddable":true,"href":"https:\/\/hoyre.no\/sunndal\/wp-json\/wp\/v2\/article-type?post=43"},{"taxonomy":"politician","embeddable":true,"href":"https:\/\/hoyre.no\/sunndal\/wp-json\/wp\/v2\/politician?post=43"}],"curies":[{"name":"wp","href":"https:\/\/api.w.org\/{rel}","templated":true}]}}