{"id":377,"date":"2026-04-12T20:17:14","date_gmt":"2026-04-12T18:17:14","guid":{"rendered":"https:\/\/hoyre.no\/sunnfjord\/?p=377"},"modified":"2026-04-12T20:17:14","modified_gmt":"2026-04-12T18:17:14","slug":"stian-grimseth-innstilt-som-ordforarkandidat","status":"publish","type":"post","link":"https:\/\/hoyre.no\/sunnfjord\/aktuelt\/stian-grimseth-innstilt-som-ordforarkandidat\/","title":{"rendered":"Stian Grimseth innstilt som ordf\u00f8rarkandidat"},"content":{"rendered":"\n\t\t\t<div class=\"post-meta wp-block teft-byline-wrapper\">\n\t\t\t\t<div class=\"top\">\n\t\t\t\t\t<div class=\"signature\">\n\t\t\t\t\t\t<div class=\"teft-byline\">\n\t\t\t\t\t\t\t\t\t\t\t\t\t\t<div>\n\t\t\t\t\t\t\t\t<h3>H\u00f8yres redaksjon<\/h3>\t\t\t\t\t\t\t\t\n\t\t\t\t\t\t\t\t\t\t\t\t\t\t\t\t\t<span class=\"date\">Sist oppdatert: 12. april 2026<\/span>\n\t\t\t\t\t\t\t\t\t\t\t\t\t\t\t\t\t\t\t\t\t\t\t\t\t<span class=\"reading-time\" itemprop=\"timeRequired\" content=\"PT1M\"><em>Ca. 1 minutter lesetid<\/em><\/span>\n\t\t\t\t\t\t\t\t\t\t\t\t\t\t\t<\/div>\n\t\t\t\t\t\t<\/div>\n\t\t\t\t\t<\/div>\n\t\t\t\t\t\t<div class=\"sharing\">\n\t\t<a class=\"share-button share-link copy-link\" data-copy=\"https:\/\/hoyre.no\/sunnfjord\/aktuelt\/stian-grimseth-innstilt-som-ordforarkandidat\/\" target=\"_blank\"><span class=\"screen-reader-text\">Del link<\/span><\/a>\n\t\t<a class=\"share-button share-twitter\" href=\"http:\/\/twitter.com\/share?text=Stian Grimseth innstilt som ordf\u00f8rarkandidat&#038;url=https:\/\/hoyre.no\/sunnfjord\/aktuelt\/stian-grimseth-innstilt-som-ordforarkandidat\/&#038;hashtags=Hoyre\" target=\"_blank\"><span class=\"screen-reader-text\">Del p\u00e5 twitter<\/span><\/a>\n\t\t<a class=\"share-button share-facebook\" href=\"https:\/\/www.facebook.com\/sharer\/sharer.php?u=https:\/\/hoyre.no\/sunnfjord\/aktuelt\/stian-grimseth-innstilt-som-ordforarkandidat\/\" target=\"_blank\"><span class=\"screen-reader-text\">Del p\u00e5 facebook<\/span><\/a>\n\t<\/div>\n\t\t\t\t\t<\/div>\n\t\t\t<\/div>\n\n\t\t\t<figure class=\"hoyre-image-wrapper\"><div class=\"hoyre-image\"><img loading=\"lazy\" decoding=\"async\" width=\"1000\" height=\"1000\" src=\"https:\/\/hoyre.no\/content\/uploads\/sites\/318\/2022\/11\/Hoyres-logo.png\" class=\"attachment-scaled size-scaled\" alt=\"\" style=\"object-position: 50% 50%\" srcset=\"https:\/\/hoyre.no\/content\/uploads\/sites\/318\/2022\/11\/Hoyres-logo.png 1000w, https:\/\/hoyre.no\/content\/uploads\/sites\/318\/2022\/11\/Hoyres-logo-300x300.png 300w, https:\/\/hoyre.no\/content\/uploads\/sites\/318\/2022\/11\/Hoyres-logo-150x150.png 150w, https:\/\/hoyre.no\/content\/uploads\/sites\/318\/2022\/11\/Hoyres-logo-768x768.png 768w\" sizes=\"auto, (max-width: 1000px) 100vw, 1000px\" \/><\/div><\/figure>\n\n\n\n\n<p><strong>Pressemelding fr\u00e5 nominasjonskomiteen i Sunnfjord H\u00f8gre<\/strong><\/p>\n\n\n\n<p>Nominasjonskomiteen til Sunnfjord H\u00f8gre har samr\u00f8ystes innstilt&nbsp;<strong>Stian Grimseth<\/strong>&nbsp;som ordf\u00f8rarkandidat for H\u00f8gre i Sunnfjord kommune for 2027-2031.<\/p>\n\n\n\n<p>Grimseth bur i dag i Naustdal, og har tidlegare sete ein periode i kommunestyret for Naustdal H\u00f8gre. Han har hatt ei lang karriere innanfor idretten, b\u00e5de som ut\u00f8var, trenar og i ulike leiarroller. I tillegg har han erfaring fr\u00e5 n\u00e6ringslivet.&nbsp;<\/p>\n\n\n\n<p>-Eg er veldig glad for at Stian har takka ja til \u00e5 stille som ordf\u00f8rarkandidat for H\u00f8gre. Han har alt som skal til for \u00e5 kunne bli ein veldig god ordf\u00f8rar for Sunnfjord, sier leiar av nominasjonskomiteen, Elias Eide.<\/p>\n\n\n\n<p>Sunnfjord H\u00f8gre gjennomf\u00f8rer nominasjon av ordf\u00f8rarkandidat 27. mai. Resten av lista vil bli nominert p\u00e5 eit eige nominasjonsm\u00f8te til hausten.<\/p>\n\n\n\n<p>Nominasjonskomiteen i Sunnfjord H\u00f8gre har best\u00e5tt av:<\/p>\n\n\n\n<p>Elias Eide (leiar), Olin Henden, Mathias R\u00e5heim og Olve Grotle.<\/p>\n\n\n<div class=\"tags\">\n\t<\/div>\n<div class=\"post-footer alignfull has-background block-editor-block-list__block\" data-align=full>\n\t<div class=\"post-footer-inner\">\n\t\t<h3>Relaterte artikler<\/h3>\n\t\t<div class=\"related-content\"><div class=\"is-card-hoyre\">\n\t<div class=\"teft-card hoyre-teft-card post-teft-card\">\n\t\t<a href=\"https:\/\/hoyre.no\/sunnfjord\/aktuelt\/innkalling-til-tidlegnominasjon\/\" class=\"teft-card__primary-action\">\n\n\t\t\t\t\t<div class=\"teft-card__media teft-card__media--16-9\">\n\t\t\t\t\t\t<img loading=\"lazy\" decoding=\"async\" width=\"768\" height=\"768\" src=\"https:\/\/hoyre.no\/content\/uploads\/sites\/318\/2022\/11\/Hoyres-logo-768x768.png\" class=\"attachment-medium_large size-medium_large\" alt=\"\" srcset=\"https:\/\/hoyre.no\/content\/uploads\/sites\/318\/2022\/11\/Hoyres-logo-768x768.png 768w, https:\/\/hoyre.no\/content\/uploads\/sites\/318\/2022\/11\/Hoyres-logo-300x300.png 300w, https:\/\/hoyre.no\/content\/uploads\/sites\/318\/2022\/11\/Hoyres-logo-150x150.png 150w, https:\/\/hoyre.no\/content\/uploads\/sites\/318\/2022\/11\/Hoyres-logo.png 1000w\" sizes=\"auto, (max-width: 768px) 100vw, 768px\" \/>\t\t<\/div>\n\t\t\n\t\t\t<div class=\"teft-card__content-wrapper\">\n\t\t\t\t<div class=\"teft-card__secondary\">\n\t\t\t\t\t\n\t\t\t\t\t\t\t\t<div class=\"teft-card__meta\">\n\t\t\t\t\t\t\t\t\t<span class=\"post-date\">25. mar 2026<\/span>\n\n\t\t\t\t\t\t\t\t\t<span class=\"post-category\">Ukategorisert<\/span>\t\t\t\t\t\t\t\t<\/div>\n\t\t\t\t\t\t\t\t\t\t\t<\/div>\n\n\t\t\t\t<div class=\"teft-card__primary\">\n\t\t\t\t\t<h2 class=\"teft-card__title\">Innkalling til tidlegnominasjon&nbsp;<span class=\"teft-card__primary-title-append\"><\/span><\/h2>\t\t\t\t<\/div>\n\t\t\t<\/div>\n\t\t<\/a>\n\t<\/div>\n\n\t<\/div><div class=\"is-card-hoyre\">\n\t<div class=\"teft-card hoyre-teft-card post-teft-card\">\n\t\t<a href=\"https:\/\/hoyre.no\/sunnfjord\/aktuelt\/informasjon-fra-nominasjonskomiteen\/\" class=\"teft-card__primary-action\">\n\n\t\t\t\t\t<div class=\"teft-card__media teft-card__media--16-9\">\n\t\t\t\t\t\t<img loading=\"lazy\" decoding=\"async\" width=\"768\" height=\"768\" src=\"https:\/\/hoyre.no\/content\/uploads\/sites\/318\/2022\/11\/Hoyres-logo-768x768.png\" class=\"attachment-medium_large size-medium_large\" alt=\"\" srcset=\"https:\/\/hoyre.no\/content\/uploads\/sites\/318\/2022\/11\/Hoyres-logo-768x768.png 768w, https:\/\/hoyre.no\/content\/uploads\/sites\/318\/2022\/11\/Hoyres-logo-300x300.png 300w, https:\/\/hoyre.no\/content\/uploads\/sites\/318\/2022\/11\/Hoyres-logo-150x150.png 150w, https:\/\/hoyre.no\/content\/uploads\/sites\/318\/2022\/11\/Hoyres-logo.png 1000w\" sizes=\"auto, (max-width: 768px) 100vw, 768px\" \/>\t\t<\/div>\n\t\t\n\t\t\t<div class=\"teft-card__content-wrapper\">\n\t\t\t\t<div class=\"teft-card__secondary\">\n\t\t\t\t\t\n\t\t\t\t\t\t\t\t<div class=\"teft-card__meta\">\n\t\t\t\t\t\t\t\t\t<span class=\"post-date\">17. mar 2026<\/span>\n\n\t\t\t\t\t\t\t\t\t<span class=\"post-category\">Ukategorisert<\/span>\t\t\t\t\t\t\t\t<\/div>\n\t\t\t\t\t\t\t\t\t\t\t<\/div>\n\n\t\t\t\t<div class=\"teft-card__primary\">\n\t\t\t\t\t<h2 class=\"teft-card__title\">Informasjon fr\u00e5 nominasjonskomiteen&nbsp;<span class=\"teft-card__primary-title-append\"><\/span><\/h2>\t\t\t\t<\/div>\n\t\t\t<\/div>\n\t\t<\/a>\n\t<\/div>\n\n\t<\/div><div class=\"is-card-hoyre\">\n\t<div class=\"teft-card hoyre-teft-card post-teft-card\">\n\t\t<a href=\"https:\/\/hoyre.no\/sunnfjord\/aktuelt\/sunnfjord-hogre-har-valgt-nominasjonskomite\/\" class=\"teft-card__primary-action\">\n\n\t\t\t\t\t<div class=\"teft-card__media teft-card__media--16-9\">\n\t\t\t\t\t\t<img loading=\"lazy\" decoding=\"async\" width=\"768\" height=\"512\" src=\"https:\/\/hoyre.no\/content\/uploads\/sites\/318\/2022\/08\/IMG_3893-768x512.jpeg\" class=\"attachment-medium_large size-medium_large\" alt=\"Sunnfjord Kommune. Foto: Elias Eide\" srcset=\"https:\/\/hoyre.no\/content\/uploads\/sites\/318\/2022\/08\/IMG_3893-768x512.jpeg 768w, https:\/\/hoyre.no\/content\/uploads\/sites\/318\/2022\/08\/IMG_3893-300x200.jpeg 300w, https:\/\/hoyre.no\/content\/uploads\/sites\/318\/2022\/08\/IMG_3893-1024x683.jpeg 1024w, https:\/\/hoyre.no\/content\/uploads\/sites\/318\/2022\/08\/IMG_3893-1536x1024.jpeg 1536w, https:\/\/hoyre.no\/content\/uploads\/sites\/318\/2022\/08\/IMG_3893-2048x1365.jpeg 2048w\" sizes=\"auto, (max-width: 768px) 100vw, 768px\" \/>\t\t<\/div>\n\t\t\n\t\t\t<div class=\"teft-card__content-wrapper\">\n\t\t\t\t<div class=\"teft-card__secondary\">\n\t\t\t\t\t\n\t\t\t\t\t\t\t\t<div class=\"teft-card__meta\">\n\t\t\t\t\t\t\t\t\t<span class=\"post-date\">16. mar 2026<\/span>\n\n\t\t\t\t\t\t\t\t\t\t\t\t\t\t\t\t\t<\/div>\n\t\t\t\t\t\t\t\t\t\t\t<\/div>\n\n\t\t\t\t<div class=\"teft-card__primary\">\n\t\t\t\t\t<h2 class=\"teft-card__title\">Sunnfjord H\u00f8gre har valgt nominasjonskomite&nbsp;<span class=\"teft-card__primary-title-append\"><\/span><\/h2>\t\t\t\t<\/div>\n\t\t\t<\/div>\n\t\t<\/a>\n\t<\/div>\n\n\t<\/div><\/div>\t<\/div>\n<\/div>\n","protected":false},"excerpt":{"rendered":"","protected":false},"author":29643,"featured_media":0,"comment_status":"closed","ping_status":"closed","sticky":false,"template":"","format":"standard","meta":{"teft_cards_image_url":"","teft_cards_custom_pretitle":"","teft_cards_image_id":65,"teft_cards_image_focal_point_x":0.5,"teft_cards_image_focal_point_y":0.5,"teft_cards_title":"","teft_cards_excerpt":"","teft_show_chapters":false,"author_display_name":"","footnotes":""},"category":[1],"post_tag":[],"hoyre-visibility":[],"article-type":[],"politician":[],"class_list":["post-377","post","type-post","status-publish","format-standard","hentry","category-ukategorisert"],"yoast_head":"<!-- This site is optimized with the Yoast SEO plugin v26.6 - https:\/\/yoast.com\/wordpress\/plugins\/seo\/ -->\n<title>Stian Grimseth innstilt som ordf\u00f8rarkandidat - Sunnfjord H\u00f8gre<\/title>\n<meta name=\"robots\" content=\"index, follow, max-snippet:-1, max-image-preview:large, max-video-preview:-1\" \/>\n<link rel=\"canonical\" href=\"https:\/\/hoyre.no\/sunnfjord\/aktuelt\/stian-grimseth-innstilt-som-ordforarkandidat\/\" \/>\n<meta property=\"og:locale\" content=\"nn_NO\" \/>\n<meta property=\"og:type\" content=\"article\" \/>\n<meta property=\"og:title\" content=\"Stian Grimseth innstilt som ordf\u00f8rarkandidat - Sunnfjord H\u00f8gre\" \/>\n<meta property=\"og:url\" content=\"https:\/\/hoyre.no\/sunnfjord\/aktuelt\/stian-grimseth-innstilt-som-ordforarkandidat\/\" \/>\n<meta property=\"og:site_name\" content=\"Sunnfjord H\u00f8gre\" \/>\n<meta property=\"article:published_time\" content=\"2026-04-12T18:17:14+00:00\" \/>\n<meta property=\"og:image\" content=\"https:\/\/hoyre.no\/content\/uploads\/sites\/318\/2022\/08\/IMG_3893-1024x683.jpeg\" \/>\n<meta name=\"author\" content=\"Elias Eide\" \/>\n<meta name=\"twitter:card\" content=\"summary_large_image\" \/>\n<meta name=\"twitter:label1\" content=\"Written by\" \/>\n\t<meta name=\"twitter:data1\" content=\"Elias Eide\" \/>\n\t<meta name=\"twitter:label2\" content=\"Est. reading time\" \/>\n\t<meta name=\"twitter:data2\" content=\"1 minutt\" \/>\n<script type=\"application\/ld+json\" class=\"yoast-schema-graph\">{\"@context\":\"https:\/\/schema.org\",\"@graph\":[{\"@type\":\"NewsArticle\",\"@id\":\"https:\/\/hoyre.no\/sunnfjord\/aktuelt\/stian-grimseth-innstilt-som-ordforarkandidat\/\",\"url\":\"https:\/\/hoyre.no\/sunnfjord\/aktuelt\/stian-grimseth-innstilt-som-ordforarkandidat\/\",\"name\":\"Stian Grimseth innstilt som ordf\u00f8rarkandidat - Sunnfjord H\u00f8gre\",\"isPartOf\":{\"@id\":\"https:\/\/hoyre.no\/sunnfjord\/#website\"},\"datePublished\":\"2026-04-12T18:17:14+00:00\",\"author\":{\"@id\":\"https:\/\/hoyre.no\/sunnfjord\/#\/schema\/person\/a62a20d5220c6fccf39f5073bb4aeca2\"},\"breadcrumb\":{\"@id\":\"https:\/\/hoyre.no\/sunnfjord\/aktuelt\/stian-grimseth-innstilt-som-ordforarkandidat\/#breadcrumb\"},\"inLanguage\":\"nn-NO\",\"potentialAction\":[{\"@type\":\"ReadAction\",\"target\":[\"https:\/\/hoyre.no\/sunnfjord\/aktuelt\/stian-grimseth-innstilt-som-ordforarkandidat\/\"]}]},{\"@type\":\"BreadcrumbList\",\"@id\":\"https:\/\/hoyre.no\/sunnfjord\/aktuelt\/stian-grimseth-innstilt-som-ordforarkandidat\/#breadcrumb\",\"itemListElement\":[{\"@type\":\"ListItem\",\"position\":1,\"name\":\"Til hoyre.no\",\"item\":\"https:\/\/hoyre.no\"},{\"@type\":\"ListItem\",\"position\":2,\"name\":\"Hjem\",\"item\":\"https:\/\/hoyre.no\/sunnfjord\/\"},{\"@type\":\"ListItem\",\"position\":3,\"name\":\"Stian Grimseth innstilt som ordf\u00f8rarkandidat\"}]},{\"@type\":\"WebSite\",\"@id\":\"https:\/\/hoyre.no\/sunnfjord\/#website\",\"url\":\"https:\/\/hoyre.no\/sunnfjord\/\",\"name\":\"Sunnfjord H\u00f8gre\",\"description\":\"Bare enda et H\u00f8yres nettsteder-nettsted\",\"inLanguage\":\"nn-NO\"},{\"@type\":\"Person\",\"@id\":\"https:\/\/hoyre.no\/sunnfjord\/#\/schema\/person\/a62a20d5220c6fccf39f5073bb4aeca2\",\"name\":\"Elias Eide\",\"image\":{\"@type\":\"ImageObject\",\"inLanguage\":\"nn-NO\",\"@id\":\"https:\/\/hoyre.no\/sunnfjord\/#\/schema\/person\/image\/\",\"url\":\"https:\/\/secure.gravatar.com\/avatar\/e58459efce1cee92773c25f907405b7381b572080c4222498554bdddac6b4e00?s=96&d=mm&r=g\",\"contentUrl\":\"https:\/\/secure.gravatar.com\/avatar\/e58459efce1cee92773c25f907405b7381b572080c4222498554bdddac6b4e00?s=96&d=mm&r=g\",\"caption\":\"Elias Eide\"},\"url\":\"https:\/\/hoyre.no\/sunnfjord\/aktuelt\/author\/m52040375\/\"}]}<\/script>\n<!-- \/ Yoast SEO plugin. -->","yoast_head_json":{"title":"Stian Grimseth innstilt som ordf\u00f8rarkandidat - Sunnfjord H\u00f8gre","robots":{"index":"index","follow":"follow","max-snippet":"max-snippet:-1","max-image-preview":"max-image-preview:large","max-video-preview":"max-video-preview:-1"},"canonical":"https:\/\/hoyre.no\/sunnfjord\/aktuelt\/stian-grimseth-innstilt-som-ordforarkandidat\/","og_locale":"nn_NO","og_type":"article","og_title":"Stian Grimseth innstilt som ordf\u00f8rarkandidat - Sunnfjord H\u00f8gre","og_url":"https:\/\/hoyre.no\/sunnfjord\/aktuelt\/stian-grimseth-innstilt-som-ordforarkandidat\/","og_site_name":"Sunnfjord H\u00f8gre","article_published_time":"2026-04-12T18:17:14+00:00","og_image":[{"url":"https:\/\/hoyre.no\/content\/uploads\/sites\/318\/2022\/08\/IMG_3893-1024x683.jpeg","width":"","height":"","type":""}],"author":"Elias Eide","twitter_card":"summary_large_image","twitter_misc":{"Written by":"Elias Eide","Est. reading time":"1 minutt"},"schema":{"@context":"https:\/\/schema.org","@graph":[{"@type":"NewsArticle","@id":"https:\/\/hoyre.no\/sunnfjord\/aktuelt\/stian-grimseth-innstilt-som-ordforarkandidat\/","url":"https:\/\/hoyre.no\/sunnfjord\/aktuelt\/stian-grimseth-innstilt-som-ordforarkandidat\/","name":"Stian Grimseth innstilt som ordf\u00f8rarkandidat - Sunnfjord H\u00f8gre","isPartOf":{"@id":"https:\/\/hoyre.no\/sunnfjord\/#website"},"datePublished":"2026-04-12T18:17:14+00:00","author":{"@id":"https:\/\/hoyre.no\/sunnfjord\/#\/schema\/person\/a62a20d5220c6fccf39f5073bb4aeca2"},"breadcrumb":{"@id":"https:\/\/hoyre.no\/sunnfjord\/aktuelt\/stian-grimseth-innstilt-som-ordforarkandidat\/#breadcrumb"},"inLanguage":"nn-NO","potentialAction":[{"@type":"ReadAction","target":["https:\/\/hoyre.no\/sunnfjord\/aktuelt\/stian-grimseth-innstilt-som-ordforarkandidat\/"]}]},{"@type":"BreadcrumbList","@id":"https:\/\/hoyre.no\/sunnfjord\/aktuelt\/stian-grimseth-innstilt-som-ordforarkandidat\/#breadcrumb","itemListElement":[{"@type":"ListItem","position":1,"name":"Til hoyre.no","item":"https:\/\/hoyre.no"},{"@type":"ListItem","position":2,"name":"Hjem","item":"https:\/\/hoyre.no\/sunnfjord\/"},{"@type":"ListItem","position":3,"name":"Stian Grimseth innstilt som ordf\u00f8rarkandidat"}]},{"@type":"WebSite","@id":"https:\/\/hoyre.no\/sunnfjord\/#website","url":"https:\/\/hoyre.no\/sunnfjord\/","name":"Sunnfjord H\u00f8gre","description":"Bare enda et H\u00f8yres nettsteder-nettsted","inLanguage":"nn-NO"},{"@type":"Person","@id":"https:\/\/hoyre.no\/sunnfjord\/#\/schema\/person\/a62a20d5220c6fccf39f5073bb4aeca2","name":"Elias Eide","image":{"@type":"ImageObject","inLanguage":"nn-NO","@id":"https:\/\/hoyre.no\/sunnfjord\/#\/schema\/person\/image\/","url":"https:\/\/secure.gravatar.com\/avatar\/e58459efce1cee92773c25f907405b7381b572080c4222498554bdddac6b4e00?s=96&d=mm&r=g","contentUrl":"https:\/\/secure.gravatar.com\/avatar\/e58459efce1cee92773c25f907405b7381b572080c4222498554bdddac6b4e00?s=96&d=mm&r=g","caption":"Elias Eide"},"url":"https:\/\/hoyre.no\/sunnfjord\/aktuelt\/author\/m52040375\/"}]}},"distributor_meta":false,"distributor_terms":false,"distributor_media":false,"distributor_original_site_name":"Sunnfjord H\u00f8gre","distributor_original_site_url":"https:\/\/hoyre.no\/sunnfjord","push-errors":false,"_links":{"self":[{"href":"https:\/\/hoyre.no\/sunnfjord\/wp-json\/wp\/v2\/posts\/377","targetHints":{"allow":["GET"]}}],"collection":[{"href":"https:\/\/hoyre.no\/sunnfjord\/wp-json\/wp\/v2\/posts"}],"about":[{"href":"https:\/\/hoyre.no\/sunnfjord\/wp-json\/wp\/v2\/types\/post"}],"author":[{"embeddable":true,"href":"https:\/\/hoyre.no\/sunnfjord\/wp-json\/wp\/v2\/users\/29643"}],"replies":[{"embeddable":true,"href":"https:\/\/hoyre.no\/sunnfjord\/wp-json\/wp\/v2\/comments?post=377"}],"version-history":[{"count":1,"href":"https:\/\/hoyre.no\/sunnfjord\/wp-json\/wp\/v2\/posts\/377\/revisions"}],"predecessor-version":[{"id":378,"href":"https:\/\/hoyre.no\/sunnfjord\/wp-json\/wp\/v2\/posts\/377\/revisions\/378"}],"wp:attachment":[{"href":"https:\/\/hoyre.no\/sunnfjord\/wp-json\/wp\/v2\/media?parent=377"}],"wp:term":[{"taxonomy":"category","embeddable":true,"href":"https:\/\/hoyre.no\/sunnfjord\/wp-json\/wp\/v2\/category?post=377"},{"taxonomy":"post_tag","embeddable":true,"href":"https:\/\/hoyre.no\/sunnfjord\/wp-json\/wp\/v2\/post_tag?post=377"},{"taxonomy":"hoyre-visibility","embeddable":true,"href":"https:\/\/hoyre.no\/sunnfjord\/wp-json\/wp\/v2\/hoyre-visibility?post=377"},{"taxonomy":"article-type","embeddable":true,"href":"https:\/\/hoyre.no\/sunnfjord\/wp-json\/wp\/v2\/article-type?post=377"},{"taxonomy":"politician","embeddable":true,"href":"https:\/\/hoyre.no\/sunnfjord\/wp-json\/wp\/v2\/politician?post=377"}],"curies":[{"name":"wp","href":"https:\/\/api.w.org\/{rel}","templated":true}]}}