{"id":181,"date":"2024-08-05T08:53:23","date_gmt":"2024-08-05T06:53:23","guid":{"rendered":"https:\/\/hoyre.no\/telemark\/?p=181"},"modified":"2024-08-05T08:53:24","modified_gmt":"2024-08-05T06:53:24","slug":"vi-trenger-aldersgrense-pa-sosiale-medier","status":"publish","type":"post","link":"https:\/\/hoyre.no\/telemark\/aktuelt\/vi-trenger-aldersgrense-pa-sosiale-medier\/","title":{"rendered":"Vi trenger aldersgrense p\u00e5 sosiale medier"},"content":{"rendered":"\n<p class=\"preamble\">Selvf\u00f8lgelig har foreldre et ansvar for barns skjermbruk og sosiale medier. Men n\u00e5r noe er skadelig for barn, mener jeg samfunnet ogs\u00e5 har et ansvar for \u00e5 sette begrensninger.<\/p>\t\t\t<div class=\"post-meta wp-block teft-byline-wrapper\">\n\t\t\t\t<div class=\"top\">\n\t\t\t\t\t<div class=\"signature\">\n\t\t\t\t\t\t<div class=\"teft-byline\">\n\t\t\t\t\t\t\t\t\t\t\t\t\t\t<div>\n\t\t\t\t\t\t\t\t<h3>H\u00f8yres redaksjon<\/h3>\t\t\t\t\t\t\t\t\n\t\t\t\t\t\t\t\t\t\t\t\t\t\t\t\t\t<span class=\"date\">Sist oppdatert: 5. august 2024<\/span>\n\t\t\t\t\t\t\t\t\t\t\t\t\t\t\t\t\t\t\t\t\t\t\t\t\t<span class=\"reading-time\" itemprop=\"timeRequired\" content=\"PT2M\"><em>Ca. 2 minutter lesetid<\/em><\/span>\n\t\t\t\t\t\t\t\t\t\t\t\t\t\t\t<\/div>\n\t\t\t\t\t\t<\/div>\n\t\t\t\t\t<\/div>\n\t\t\t\t\t\t<div class=\"sharing\">\n\t\t<a class=\"share-button share-link copy-link\" data-copy=\"https:\/\/hoyre.no\/telemark\/aktuelt\/vi-trenger-aldersgrense-pa-sosiale-medier\/\" target=\"_blank\"><span class=\"screen-reader-text\">Del link<\/span><\/a>\n\t\t<a class=\"share-button share-twitter\" href=\"http:\/\/twitter.com\/share?text=Vi trenger aldersgrense p\u00e5 sosiale medier&#038;url=https:\/\/hoyre.no\/telemark\/aktuelt\/vi-trenger-aldersgrense-pa-sosiale-medier\/&#038;hashtags=Hoyre\" target=\"_blank\"><span class=\"screen-reader-text\">Del p\u00e5 twitter<\/span><\/a>\n\t\t<a class=\"share-button share-facebook\" href=\"https:\/\/www.facebook.com\/sharer\/sharer.php?u=https:\/\/hoyre.no\/telemark\/aktuelt\/vi-trenger-aldersgrense-pa-sosiale-medier\/\" target=\"_blank\"><span class=\"screen-reader-text\">Del p\u00e5 facebook<\/span><\/a>\n\t<\/div>\n\t\t\t\t\t<\/div>\n\t\t\t<\/div>\n\n\t\t\t<figure class=\"hoyre-image-wrapper\"><div class=\"hoyre-image\"><img loading=\"lazy\" decoding=\"async\" width=\"2500\" height=\"1667\" src=\"https:\/\/hoyre.no\/content\/uploads\/sites\/429\/2023\/07\/Karoline7-scaled.jpeg\" class=\"attachment-scaled size-scaled\" alt=\"\" style=\"object-position: 50% 50%\" srcset=\"https:\/\/hoyre.no\/content\/uploads\/sites\/429\/2023\/07\/Karoline7-scaled.jpeg 2500w, https:\/\/hoyre.no\/content\/uploads\/sites\/429\/2023\/07\/Karoline7-300x200.jpeg 300w, https:\/\/hoyre.no\/content\/uploads\/sites\/429\/2023\/07\/Karoline7-1024x683.jpeg 1024w, https:\/\/hoyre.no\/content\/uploads\/sites\/429\/2023\/07\/Karoline7-768x512.jpeg 768w, https:\/\/hoyre.no\/content\/uploads\/sites\/429\/2023\/07\/Karoline7-1536x1024.jpeg 1536w, https:\/\/hoyre.no\/content\/uploads\/sites\/429\/2023\/07\/Karoline7-2048x1365.jpeg 2048w\" sizes=\"auto, (max-width: 2500px) 100vw, 2500px\" \/><\/div><figcaption class=\"caption\">Karoline Roheim Aarvold, fylkestingsrepresentant<\/figcaption><\/figure>\n\n\n\n\n<p>Aldersgrense p\u00e5 sosiale medier handler egentlig ikke om skjermtid og grenser. Det handler om barn som blir presset til \u00e5 sende nakenbilder p\u00e5 Snapchat, om ungdommer ned i 12-\u00e5rsaldere som blir eksporter for voldelige og h\u00f8yreekstremistiske videoer p\u00e5 Tiktok, og om mobbing, utestengelse og trakassering.<\/p>\n\n\n\n<p>Det handler om lukkede jentegrupper p\u00e5 Instagram som inspirerer hverandre med selvskading, alvorlige spiseforstyrrelser og selvmordsfors\u00f8k, det handler om usensurert og omfattende reklame mot barn, og det handler om avhengighet, manglende konsentrasjonsevne og psykiske problemer.<\/p>\n\n\n\n<p>Over 90 prosent av alle barn mellom ni og elleve har mobil i dag, og over halvparten av norske ti\u00e5ringer bruker sosiale medier. Fra og med 12 \u00e5r er ni av ti barn p\u00e5 sosiale medier, og nesten halvparten av unge bruker mer enn fire timer hver eneste dag p\u00e5 sosiale plattformer p\u00e5 nett.<\/p>\n\n\n\n<p>Sosiale medier og algoritmer er rigget for \u00e5 eksponere oss for innhold som barn ikke b\u00f8r utsettes for eller er modne nok for \u00e5 h\u00e5ndtere, og de er rigget for \u00e5 skade avhengighet og scrolling. Algoritmene bryr seg ikke om alder, reklame eller innhold. De vil bare at du skal bruke mest mulig tid p\u00e5 plattformen, uansett om du er ti eller f\u00f8rti.<\/p>\n\n\n\n<p>Det er faktisk umulig for oss foreldre begrense algoritmenes konsekvenser, uansett hvor god kontroll vi har over hva tolv\u00e5ringen ser p\u00e5 YouTube eller hvor mye tid de bruker p\u00e5 mobilen hver dag.<\/p>\n\n\n\n<p>Og n\u00e5 vet vi mye om hvordan sosiale medier p\u00e5virker barn negativt. Det g\u00e5r utover s\u00f8vn, konsentrasjonsevne, selvbilde og sosiale ferdigheter, og flere studier viser ogs\u00e5 at det \u00f8ker risikoen for psykisk uhelse.<\/p>\n\n\n\n<p>I den fysiske verden skjermer vi barna v\u00e5re for skadelig innhold og produkter. Vi setter aldersgrenser for filmer, for alkohol, for solarium, for bilkj\u00f8ring og for rus og tobakk, og det er strenge og omfattende regler for reklame rettet mot barn og unge.<\/p>\n\n\n\n<p>Men p\u00e5 nettet har det til n\u00e5 v\u00e6rt fritt frem p\u00e5 plattformer med innhold som \u00e5penbart ikke er laget for barn. Og selv om plattformene i teorien har 13-\u00e5rs aldersgrense, er det i praksis umulig for foreldrene \u00e5 sette begrensninger.<\/p>\n\n\n\n<p>Derfor b\u00f8r der innf\u00f8res en h\u00e5ndhevbar aldersgrense p\u00e5 sosiale medier, fordi samfunnet har et ansvar for \u00e5 beskytte barn. Vi kan ikke overlate barns oppvekst til Snapchat eller Instagram. Det er et eksperiment vi ikke kan v\u00e6re med p\u00e5.<\/p>\n\n\n<div class=\"tags\">\n\t<\/div>\n<div class=\"post-footer alignfull has-background block-editor-block-list__block\" data-align=full>\n\t<div class=\"post-footer-inner\">\n\t\t<h3>Relaterte artikler<\/h3>\n\t\t<div class=\"related-content\"><div class=\"is-card-hoyre\">\n\t<div class=\"teft-card hoyre-teft-card post-teft-card\">\n\t\t<a href=\"https:\/\/hoyre.no\/telemark\/aktuelt\/na-er-det-pa-tide-at-norge-blir-med-i-eu\/\" class=\"teft-card__primary-action\">\n\n\t\t\t\t\t<div class=\"teft-card__media teft-card__media--16-9\">\n\t\t\t\t\t\t<img loading=\"lazy\" decoding=\"async\" width=\"768\" height=\"733\" src=\"https:\/\/hoyre.no\/content\/uploads\/sites\/429\/2024\/12\/Helene1-768x733.jpg\" class=\"attachment-medium_large size-medium_large\" alt=\"\" srcset=\"https:\/\/hoyre.no\/content\/uploads\/sites\/429\/2024\/12\/Helene1-768x733.jpg 768w, https:\/\/hoyre.no\/content\/uploads\/sites\/429\/2024\/12\/Helene1-300x286.jpg 300w, https:\/\/hoyre.no\/content\/uploads\/sites\/429\/2024\/12\/Helene1-1024x977.jpg 1024w, https:\/\/hoyre.no\/content\/uploads\/sites\/429\/2024\/12\/Helene1.jpg 1043w\" sizes=\"auto, (max-width: 768px) 100vw, 768px\" \/>\t\t<\/div>\n\t\t\n\t\t\t<div class=\"teft-card__content-wrapper\">\n\t\t\t\t<div class=\"teft-card__secondary\">\n\t\t\t\t\t\n\t\t\t\t\t\t\t\t<div class=\"teft-card__meta\">\n\t\t\t\t\t\t\t\t\t<span class=\"post-date\">24. feb 2025<\/span>\n\n\t\t\t\t\t\t\t\t\t<span class=\"post-category\">Nyheter<\/span>\t\t\t\t\t\t\t\t<\/div>\n\t\t\t\t\t\t\t\t\t\t\t<\/div>\n\n\t\t\t\t<div class=\"teft-card__primary\">\n\t\t\t\t\t<h2 class=\"teft-card__title\">N\u00e5 er det p\u00e5 tide at Norge blir med i EU&nbsp;<span class=\"teft-card__primary-title-append\"><\/span><\/h2>\t\t\t\t<\/div>\n\t\t\t<\/div>\n\t\t<\/a>\n\t<\/div>\n\n\t<\/div><div class=\"is-card-hoyre\">\n\t<div class=\"teft-card hoyre-teft-card post-teft-card\">\n\t\t<a href=\"https:\/\/hoyre.no\/telemark\/aktuelt\/sjeldne-jordarter-kritiske-og-strategiske-ravarer\/\" class=\"teft-card__primary-action\">\n\n\t\t\t\t\t<div class=\"teft-card__media teft-card__media--16-9\">\n\t\t\t\t\t\t<img loading=\"lazy\" decoding=\"async\" width=\"768\" height=\"726\" src=\"https:\/\/hoyre.no\/content\/uploads\/sites\/429\/2025\/02\/sjeldenejordarter-768x726.jpg\" class=\"attachment-medium_large size-medium_large\" alt=\"\" srcset=\"https:\/\/hoyre.no\/content\/uploads\/sites\/429\/2025\/02\/sjeldenejordarter-768x726.jpg 768w, https:\/\/hoyre.no\/content\/uploads\/sites\/429\/2025\/02\/sjeldenejordarter-300x283.jpg 300w, https:\/\/hoyre.no\/content\/uploads\/sites\/429\/2025\/02\/sjeldenejordarter-1024x967.jpg 1024w, https:\/\/hoyre.no\/content\/uploads\/sites\/429\/2025\/02\/sjeldenejordarter.jpg 1284w\" sizes=\"auto, (max-width: 768px) 100vw, 768px\" \/>\t\t<\/div>\n\t\t\n\t\t\t<div class=\"teft-card__content-wrapper\">\n\t\t\t\t<div class=\"teft-card__secondary\">\n\t\t\t\t\t\n\t\t\t\t\t\t\t\t<div class=\"teft-card__meta\">\n\t\t\t\t\t\t\t\t\t<span class=\"post-date\">6. feb 2025<\/span>\n\n\t\t\t\t\t\t\t\t\t<span class=\"post-category\">Nyheter<\/span>\t\t\t\t\t\t\t\t<\/div>\n\t\t\t\t\t\t\t\t\t\t\t<\/div>\n\n\t\t\t\t<div class=\"teft-card__primary\">\n\t\t\t\t\t<h2 class=\"teft-card__title\">Sjeldne jordarter \u2013 kritiske og strategiske r\u00e5varer&nbsp;<span class=\"teft-card__primary-title-append\"><\/span><\/h2>\t\t\t\t<\/div>\n\t\t\t<\/div>\n\t\t<\/a>\n\t<\/div>\n\n\t<\/div><div class=\"is-card-hoyre\">\n\t<div class=\"teft-card hoyre-teft-card post-teft-card\">\n\t\t<a href=\"https:\/\/hoyre.no\/telemark\/aktuelt\/norge-et-foregangsland-innen-baerekraftig-energi-og-verdiskaping\/\" class=\"teft-card__primary-action\">\n\n\t\t\t\t\t<div class=\"teft-card__media teft-card__media--16-9\">\n\t\t\t\t\t\t<img loading=\"lazy\" decoding=\"async\" width=\"768\" height=\"646\" src=\"https:\/\/hoyre.no\/content\/uploads\/sites\/429\/2025\/02\/Fornybarenergi-768x646.avif\" class=\"attachment-medium_large size-medium_large\" alt=\"\" srcset=\"https:\/\/hoyre.no\/content\/uploads\/sites\/429\/2025\/02\/Fornybarenergi-768x646.avif 768w, https:\/\/hoyre.no\/content\/uploads\/sites\/429\/2025\/02\/Fornybarenergi-300x252.avif 300w, https:\/\/hoyre.no\/content\/uploads\/sites\/429\/2025\/02\/Fornybarenergi-1024x861.avif 1024w, https:\/\/hoyre.no\/content\/uploads\/sites\/429\/2025\/02\/Fornybarenergi.avif 1272w\" sizes=\"auto, (max-width: 768px) 100vw, 768px\" \/>\t\t<\/div>\n\t\t\n\t\t\t<div class=\"teft-card__content-wrapper\">\n\t\t\t\t<div class=\"teft-card__secondary\">\n\t\t\t\t\t\n\t\t\t\t\t\t\t\t<div class=\"teft-card__meta\">\n\t\t\t\t\t\t\t\t\t<span class=\"post-date\">5. feb 2025<\/span>\n\n\t\t\t\t\t\t\t\t\t<span class=\"post-category\">Nyheter<\/span>\t\t\t\t\t\t\t\t<\/div>\n\t\t\t\t\t\t\t\t\t\t\t<\/div>\n\n\t\t\t\t<div class=\"teft-card__primary\">\n\t\t\t\t\t<h2 class=\"teft-card__title\">Norge, et foregangsland innen b\u00e6rekraftig energi og verdiskaping&nbsp;<span class=\"teft-card__primary-title-append\"><\/span><\/h2>\t\t\t\t<\/div>\n\t\t\t<\/div>\n\t\t<\/a>\n\t<\/div>\n\n\t<\/div><\/div>\t<\/div>\n<\/div>\n","protected":false},"excerpt":{"rendered":"","protected":false},"author":376,"featured_media":0,"comment_status":"closed","ping_status":"closed","sticky":true,"template":"","format":"standard","meta":{"teft_cards_image_url":"","teft_cards_custom_pretitle":"","teft_cards_image_id":98,"teft_cards_image_focal_point_x":0.5,"teft_cards_image_focal_point_y":0.5,"teft_cards_title":"","teft_cards_excerpt":"","teft_show_chapters":false,"author_display_name":"","footnotes":""},"category":[1],"post_tag":[],"hoyre-visibility":[],"article-type":[],"politician":[],"class_list":["post-181","post","type-post","status-publish","format-standard","hentry","category-nyheter"],"yoast_head":"<!-- This site is optimized with the Yoast SEO plugin v26.6 - https:\/\/yoast.com\/wordpress\/plugins\/seo\/ -->\n<title>Vi trenger aldersgrense p\u00e5 sosiale medier - Telemark H\u00f8yre<\/title>\n<meta name=\"robots\" content=\"index, follow, max-snippet:-1, max-image-preview:large, max-video-preview:-1\" \/>\n<link rel=\"canonical\" href=\"https:\/\/hoyre.no\/telemark\/aktuelt\/vi-trenger-aldersgrense-pa-sosiale-medier\/\" \/>\n<meta property=\"og:locale\" content=\"nb_NO\" \/>\n<meta property=\"og:type\" content=\"article\" \/>\n<meta property=\"og:title\" content=\"Vi trenger aldersgrense p\u00e5 sosiale medier - Telemark H\u00f8yre\" \/>\n<meta property=\"og:url\" content=\"https:\/\/hoyre.no\/telemark\/aktuelt\/vi-trenger-aldersgrense-pa-sosiale-medier\/\" \/>\n<meta property=\"og:site_name\" content=\"Telemark H\u00f8yre\" \/>\n<meta property=\"article:published_time\" content=\"2024-08-05T06:53:23+00:00\" \/>\n<meta property=\"article:modified_time\" content=\"2024-08-05T06:53:24+00:00\" \/>\n<meta property=\"og:image\" content=\"https:\/\/hoyre.no\/content\/uploads\/sites\/429\/2025\/02\/Arsmotet25-1024x768.jpg\" \/>\n<meta name=\"author\" content=\"Ole Espen Strand\" \/>\n<meta name=\"twitter:card\" content=\"summary_large_image\" \/>\n<meta name=\"twitter:label1\" content=\"Skrevet av\" \/>\n\t<meta name=\"twitter:data1\" content=\"Ole Espen Strand\" \/>\n\t<meta name=\"twitter:label2\" content=\"Ansl. lesetid\" \/>\n\t<meta name=\"twitter:data2\" content=\"3 minutter\" \/>\n<script type=\"application\/ld+json\" class=\"yoast-schema-graph\">{\"@context\":\"https:\/\/schema.org\",\"@graph\":[{\"@type\":\"Article\",\"@id\":\"https:\/\/hoyre.no\/telemark\/aktuelt\/vi-trenger-aldersgrense-pa-sosiale-medier\/#article\",\"isPartOf\":{\"@id\":\"https:\/\/hoyre.no\/telemark\/aktuelt\/vi-trenger-aldersgrense-pa-sosiale-medier\/\"},\"author\":{\"name\":\"Ole Espen Strand\",\"@id\":\"https:\/\/hoyre.no\/telemark\/#\/schema\/person\/e53549e4110bc61d77480d222e49eef1\"},\"headline\":\"Vi trenger aldersgrense p\u00e5 sosiale medier\",\"datePublished\":\"2024-08-05T06:53:23+00:00\",\"dateModified\":\"2024-08-05T06:53:24+00:00\",\"mainEntityOfPage\":{\"@id\":\"https:\/\/hoyre.no\/telemark\/aktuelt\/vi-trenger-aldersgrense-pa-sosiale-medier\/\"},\"wordCount\":450,\"publisher\":{\"@id\":\"https:\/\/hoyre.no\/telemark\/#organization\"},\"articleSection\":[\"Nyheter\"],\"inLanguage\":\"nb-NO\"},{\"@type\":\"NewsArticle\",\"@id\":\"https:\/\/hoyre.no\/telemark\/aktuelt\/vi-trenger-aldersgrense-pa-sosiale-medier\/\",\"url\":\"https:\/\/hoyre.no\/telemark\/aktuelt\/vi-trenger-aldersgrense-pa-sosiale-medier\/\",\"name\":\"Vi trenger aldersgrense p\u00e5 sosiale medier - Telemark H\u00f8yre\",\"isPartOf\":{\"@id\":\"https:\/\/hoyre.no\/telemark\/#website\"},\"datePublished\":\"2024-08-05T06:53:23+00:00\",\"dateModified\":\"2024-08-05T06:53:24+00:00\",\"breadcrumb\":{\"@id\":\"https:\/\/hoyre.no\/telemark\/aktuelt\/vi-trenger-aldersgrense-pa-sosiale-medier\/#breadcrumb\"},\"inLanguage\":\"nb-NO\",\"potentialAction\":[{\"@type\":\"ReadAction\",\"target\":[\"https:\/\/hoyre.no\/telemark\/aktuelt\/vi-trenger-aldersgrense-pa-sosiale-medier\/\"]}]},{\"@type\":\"BreadcrumbList\",\"@id\":\"https:\/\/hoyre.no\/telemark\/aktuelt\/vi-trenger-aldersgrense-pa-sosiale-medier\/#breadcrumb\",\"itemListElement\":[{\"@type\":\"ListItem\",\"position\":1,\"name\":\"Til hoyre.no\",\"item\":\"https:\/\/hoyre.no\"},{\"@type\":\"ListItem\",\"position\":2,\"name\":\"Hjem\",\"item\":\"https:\/\/hoyre.no\/telemark\/\"},{\"@type\":\"ListItem\",\"position\":3,\"name\":\"Vi trenger aldersgrense p\u00e5 sosiale medier\"}]},{\"@type\":\"WebSite\",\"@id\":\"https:\/\/hoyre.no\/telemark\/#website\",\"url\":\"https:\/\/hoyre.no\/telemark\/\",\"name\":\"Telemark H\u00f8yre\",\"description\":\"Bare enda et H\u00f8yres nettsteder-nettsted\",\"publisher\":{\"@id\":\"https:\/\/hoyre.no\/telemark\/#organization\"},\"inLanguage\":\"nb-NO\"},{\"@type\":\"Organization\",\"@id\":\"https:\/\/hoyre.no\/telemark\/#organization\",\"name\":\"Telemark H\u00f8yre\",\"url\":\"https:\/\/hoyre.no\/telemark\/\",\"logo\":{\"@type\":\"ImageObject\",\"inLanguage\":\"nb-NO\",\"@id\":\"https:\/\/hoyre.no\/telemark\/#\/schema\/logo\/image\/\",\"url\":\"https:\/\/hoyre.no\/content\/uploads\/sites\/429\/2023\/02\/hoyre_logo.png\",\"contentUrl\":\"https:\/\/hoyre.no\/content\/uploads\/sites\/429\/2023\/02\/hoyre_logo.png\",\"width\":1000,\"height\":1000,\"caption\":\"Telemark H\u00f8yre\"},\"image\":{\"@id\":\"https:\/\/hoyre.no\/telemark\/#\/schema\/logo\/image\/\"}},{\"@type\":\"Person\",\"@id\":\"https:\/\/hoyre.no\/telemark\/#\/schema\/person\/e53549e4110bc61d77480d222e49eef1\",\"name\":\"Ole Espen Strand\",\"image\":{\"@type\":\"ImageObject\",\"inLanguage\":\"nb-NO\",\"@id\":\"https:\/\/hoyre.no\/telemark\/#\/schema\/person\/image\/\",\"url\":\"https:\/\/secure.gravatar.com\/avatar\/b5ab5bf6a88c5268515bd75538435c1a23c6bb23748faa38dbe737b284a38918?s=96&d=mm&r=g\",\"contentUrl\":\"https:\/\/secure.gravatar.com\/avatar\/b5ab5bf6a88c5268515bd75538435c1a23c6bb23748faa38dbe737b284a38918?s=96&d=mm&r=g\",\"caption\":\"Ole Espen Strand\"},\"url\":\"https:\/\/hoyre.no\/telemark\/aktuelt\/author\/m11380987\/\"}]}<\/script>\n<!-- \/ Yoast SEO plugin. -->","yoast_head_json":{"title":"Vi trenger aldersgrense p\u00e5 sosiale medier - Telemark H\u00f8yre","robots":{"index":"index","follow":"follow","max-snippet":"max-snippet:-1","max-image-preview":"max-image-preview:large","max-video-preview":"max-video-preview:-1"},"canonical":"https:\/\/hoyre.no\/telemark\/aktuelt\/vi-trenger-aldersgrense-pa-sosiale-medier\/","og_locale":"nb_NO","og_type":"article","og_title":"Vi trenger aldersgrense p\u00e5 sosiale medier - Telemark H\u00f8yre","og_url":"https:\/\/hoyre.no\/telemark\/aktuelt\/vi-trenger-aldersgrense-pa-sosiale-medier\/","og_site_name":"Telemark H\u00f8yre","article_published_time":"2024-08-05T06:53:23+00:00","article_modified_time":"2024-08-05T06:53:24+00:00","og_image":[{"url":"https:\/\/hoyre.no\/content\/uploads\/sites\/429\/2025\/02\/Arsmotet25-1024x768.jpg","width":"","height":"","type":""}],"author":"Ole Espen Strand","twitter_card":"summary_large_image","twitter_misc":{"Skrevet av":"Ole Espen Strand","Ansl. lesetid":"3 minutter"},"schema":{"@context":"https:\/\/schema.org","@graph":[{"@type":"Article","@id":"https:\/\/hoyre.no\/telemark\/aktuelt\/vi-trenger-aldersgrense-pa-sosiale-medier\/#article","isPartOf":{"@id":"https:\/\/hoyre.no\/telemark\/aktuelt\/vi-trenger-aldersgrense-pa-sosiale-medier\/"},"author":{"name":"Ole Espen Strand","@id":"https:\/\/hoyre.no\/telemark\/#\/schema\/person\/e53549e4110bc61d77480d222e49eef1"},"headline":"Vi trenger aldersgrense p\u00e5 sosiale medier","datePublished":"2024-08-05T06:53:23+00:00","dateModified":"2024-08-05T06:53:24+00:00","mainEntityOfPage":{"@id":"https:\/\/hoyre.no\/telemark\/aktuelt\/vi-trenger-aldersgrense-pa-sosiale-medier\/"},"wordCount":450,"publisher":{"@id":"https:\/\/hoyre.no\/telemark\/#organization"},"articleSection":["Nyheter"],"inLanguage":"nb-NO"},{"@type":"NewsArticle","@id":"https:\/\/hoyre.no\/telemark\/aktuelt\/vi-trenger-aldersgrense-pa-sosiale-medier\/","url":"https:\/\/hoyre.no\/telemark\/aktuelt\/vi-trenger-aldersgrense-pa-sosiale-medier\/","name":"Vi trenger aldersgrense p\u00e5 sosiale medier - Telemark H\u00f8yre","isPartOf":{"@id":"https:\/\/hoyre.no\/telemark\/#website"},"datePublished":"2024-08-05T06:53:23+00:00","dateModified":"2024-08-05T06:53:24+00:00","breadcrumb":{"@id":"https:\/\/hoyre.no\/telemark\/aktuelt\/vi-trenger-aldersgrense-pa-sosiale-medier\/#breadcrumb"},"inLanguage":"nb-NO","potentialAction":[{"@type":"ReadAction","target":["https:\/\/hoyre.no\/telemark\/aktuelt\/vi-trenger-aldersgrense-pa-sosiale-medier\/"]}]},{"@type":"BreadcrumbList","@id":"https:\/\/hoyre.no\/telemark\/aktuelt\/vi-trenger-aldersgrense-pa-sosiale-medier\/#breadcrumb","itemListElement":[{"@type":"ListItem","position":1,"name":"Til hoyre.no","item":"https:\/\/hoyre.no"},{"@type":"ListItem","position":2,"name":"Hjem","item":"https:\/\/hoyre.no\/telemark\/"},{"@type":"ListItem","position":3,"name":"Vi trenger aldersgrense p\u00e5 sosiale medier"}]},{"@type":"WebSite","@id":"https:\/\/hoyre.no\/telemark\/#website","url":"https:\/\/hoyre.no\/telemark\/","name":"Telemark H\u00f8yre","description":"Bare enda et H\u00f8yres nettsteder-nettsted","publisher":{"@id":"https:\/\/hoyre.no\/telemark\/#organization"},"inLanguage":"nb-NO"},{"@type":"Organization","@id":"https:\/\/hoyre.no\/telemark\/#organization","name":"Telemark H\u00f8yre","url":"https:\/\/hoyre.no\/telemark\/","logo":{"@type":"ImageObject","inLanguage":"nb-NO","@id":"https:\/\/hoyre.no\/telemark\/#\/schema\/logo\/image\/","url":"https:\/\/hoyre.no\/content\/uploads\/sites\/429\/2023\/02\/hoyre_logo.png","contentUrl":"https:\/\/hoyre.no\/content\/uploads\/sites\/429\/2023\/02\/hoyre_logo.png","width":1000,"height":1000,"caption":"Telemark H\u00f8yre"},"image":{"@id":"https:\/\/hoyre.no\/telemark\/#\/schema\/logo\/image\/"}},{"@type":"Person","@id":"https:\/\/hoyre.no\/telemark\/#\/schema\/person\/e53549e4110bc61d77480d222e49eef1","name":"Ole Espen Strand","image":{"@type":"ImageObject","inLanguage":"nb-NO","@id":"https:\/\/hoyre.no\/telemark\/#\/schema\/person\/image\/","url":"https:\/\/secure.gravatar.com\/avatar\/b5ab5bf6a88c5268515bd75538435c1a23c6bb23748faa38dbe737b284a38918?s=96&d=mm&r=g","contentUrl":"https:\/\/secure.gravatar.com\/avatar\/b5ab5bf6a88c5268515bd75538435c1a23c6bb23748faa38dbe737b284a38918?s=96&d=mm&r=g","caption":"Ole Espen Strand"},"url":"https:\/\/hoyre.no\/telemark\/aktuelt\/author\/m11380987\/"}]}},"distributor_meta":false,"distributor_terms":false,"distributor_media":false,"distributor_original_site_name":"Telemark H\u00f8yre","distributor_original_site_url":"https:\/\/hoyre.no\/telemark","push-errors":false,"_links":{"self":[{"href":"https:\/\/hoyre.no\/telemark\/wp-json\/wp\/v2\/posts\/181","targetHints":{"allow":["GET"]}}],"collection":[{"href":"https:\/\/hoyre.no\/telemark\/wp-json\/wp\/v2\/posts"}],"about":[{"href":"https:\/\/hoyre.no\/telemark\/wp-json\/wp\/v2\/types\/post"}],"author":[{"embeddable":true,"href":"https:\/\/hoyre.no\/telemark\/wp-json\/wp\/v2\/users\/376"}],"replies":[{"embeddable":true,"href":"https:\/\/hoyre.no\/telemark\/wp-json\/wp\/v2\/comments?post=181"}],"version-history":[{"count":1,"href":"https:\/\/hoyre.no\/telemark\/wp-json\/wp\/v2\/posts\/181\/revisions"}],"predecessor-version":[{"id":182,"href":"https:\/\/hoyre.no\/telemark\/wp-json\/wp\/v2\/posts\/181\/revisions\/182"}],"wp:attachment":[{"href":"https:\/\/hoyre.no\/telemark\/wp-json\/wp\/v2\/media?parent=181"}],"wp:term":[{"taxonomy":"category","embeddable":true,"href":"https:\/\/hoyre.no\/telemark\/wp-json\/wp\/v2\/category?post=181"},{"taxonomy":"post_tag","embeddable":true,"href":"https:\/\/hoyre.no\/telemark\/wp-json\/wp\/v2\/post_tag?post=181"},{"taxonomy":"hoyre-visibility","embeddable":true,"href":"https:\/\/hoyre.no\/telemark\/wp-json\/wp\/v2\/hoyre-visibility?post=181"},{"taxonomy":"article-type","embeddable":true,"href":"https:\/\/hoyre.no\/telemark\/wp-json\/wp\/v2\/article-type?post=181"},{"taxonomy":"politician","embeddable":true,"href":"https:\/\/hoyre.no\/telemark\/wp-json\/wp\/v2\/politician?post=181"}],"curies":[{"name":"wp","href":"https:\/\/api.w.org\/{rel}","templated":true}]}}