{"id":244,"date":"2025-01-21T10:59:41","date_gmt":"2025-01-21T09:59:41","guid":{"rendered":"https:\/\/hoyre.no\/telemark\/?p=244"},"modified":"2025-01-21T10:59:41","modified_gmt":"2025-01-21T09:59:41","slug":"bli-bedre-kjent-med-stortingskandidat-lars-inge-ronholt","status":"publish","type":"post","link":"https:\/\/hoyre.no\/telemark\/aktuelt\/bli-bedre-kjent-med-stortingskandidat-lars-inge-ronholt\/","title":{"rendered":"Bli bedre kjent med stortingskandidat Lars Inge R\u00f8nholt"},"content":{"rendered":"\n<p class=\"preamble\">For at du skal bli bedre kjent med v\u00e5re kandidater, har vi bedt dem svare p\u00e5 tre sp\u00f8rsm\u00e5l.<\/p>\t\t\t<div class=\"post-meta wp-block teft-byline-wrapper\">\n\t\t\t\t<div class=\"top\">\n\t\t\t\t\t<div class=\"signature\">\n\t\t\t\t\t\t<div class=\"teft-byline\">\n\t\t\t\t\t\t\t\t\t\t\t\t\t\t<div>\n\t\t\t\t\t\t\t\t<h3>H\u00f8yres redaksjon<\/h3>\t\t\t\t\t\t\t\t\n\t\t\t\t\t\t\t\t\t\t\t\t\t\t\t\t\t<span class=\"date\">Sist oppdatert: 21. januar 2025<\/span>\n\t\t\t\t\t\t\t\t\t\t\t\t\t\t\t\t\t\t\t\t\t\t\t\t\t<span class=\"reading-time\" itemprop=\"timeRequired\" content=\"PT2M\"><em>Ca. 2 minutter lesetid<\/em><\/span>\n\t\t\t\t\t\t\t\t\t\t\t\t\t\t\t<\/div>\n\t\t\t\t\t\t<\/div>\n\t\t\t\t\t<\/div>\n\t\t\t\t\t\t<div class=\"sharing\">\n\t\t<a class=\"share-button share-link copy-link\" data-copy=\"https:\/\/hoyre.no\/telemark\/aktuelt\/bli-bedre-kjent-med-stortingskandidat-lars-inge-ronholt\/\" target=\"_blank\"><span class=\"screen-reader-text\">Del link<\/span><\/a>\n\t\t<a class=\"share-button share-twitter\" href=\"http:\/\/twitter.com\/share?text=Bli bedre kjent med stortingskandidat Lars Inge R\u00f8nholt&#038;url=https:\/\/hoyre.no\/telemark\/aktuelt\/bli-bedre-kjent-med-stortingskandidat-lars-inge-ronholt\/&#038;hashtags=Hoyre\" target=\"_blank\"><span class=\"screen-reader-text\">Del p\u00e5 twitter<\/span><\/a>\n\t\t<a class=\"share-button share-facebook\" href=\"https:\/\/www.facebook.com\/sharer\/sharer.php?u=https:\/\/hoyre.no\/telemark\/aktuelt\/bli-bedre-kjent-med-stortingskandidat-lars-inge-ronholt\/\" target=\"_blank\"><span class=\"screen-reader-text\">Del p\u00e5 facebook<\/span><\/a>\n\t<\/div>\n\t\t\t\t\t<\/div>\n\t\t\t<\/div>\n\n\t\t\t<figure class=\"hoyre-image-wrapper\"><div class=\"hoyre-image\"><img loading=\"lazy\" decoding=\"async\" width=\"2500\" height=\"1667\" src=\"https:\/\/hoyre.no\/content\/uploads\/sites\/429\/2025\/01\/Larsinge1-scaled.jpg\" class=\"attachment-scaled size-scaled\" alt=\"\" style=\"object-position: 50% 50%\" srcset=\"https:\/\/hoyre.no\/content\/uploads\/sites\/429\/2025\/01\/Larsinge1-scaled.jpg 2500w, https:\/\/hoyre.no\/content\/uploads\/sites\/429\/2025\/01\/Larsinge1-300x200.jpg 300w, https:\/\/hoyre.no\/content\/uploads\/sites\/429\/2025\/01\/Larsinge1-1024x683.jpg 1024w, https:\/\/hoyre.no\/content\/uploads\/sites\/429\/2025\/01\/Larsinge1-768x512.jpg 768w, https:\/\/hoyre.no\/content\/uploads\/sites\/429\/2025\/01\/Larsinge1-1536x1024.jpg 1536w, https:\/\/hoyre.no\/content\/uploads\/sites\/429\/2025\/01\/Larsinge1-2048x1365.jpg 2048w\" sizes=\"auto, (max-width: 2500px) 100vw, 2500px\" \/><\/div><figcaption class=\"caption\">Lars Inge R\u00f8nholt er stortingskandidat nummer 7 og kommer fra Bamble<\/figcaption><\/figure>\n\n\n\n\n<p><strong>Hva er din bakgrunn og hvilke egenskaper vil du trekke frem ved deg selv?<\/strong><br>Har v\u00e6rt politisk aktiv i lokalpolitikken i mange perioder, og er for tiden varaordf\u00f8rer. I det sivile jobber jeg som dommer ved Telemark jordskifterett. Egenskaper \u2013 dette er vanskelig, men tror jeg blir oppfattet \u00e5 v\u00e6re grei \u00e5 kommunisere med, og at jeg er vant til \u00e5 lytte selv om jeg godt tar ordet selv ogs\u00e5.<\/p>\n\n\n\n<p><strong>Hva er dine viktigste politiske saker?<\/strong><br>Jeg er jo vant til \u00e5 tenke p\u00e5 det litt lokale, alt fra legevakt og skole til industri og samferdsel, har og et bein i \u00abdet prim\u00e6re\u00bb. Det jeg tror gjennomsyrer mye av mitt engasjement er det \u00e5 f\u00e5 til samarbeid p\u00e5 tvers av det meste \u2013 s\u00e5 det \u00e5 gode finne kompromiss er rett og slett viktig. Det er sjeldent en kan bestemme uten \u00e5 ha st\u00f8tte fra andre.. Jeg synes \u00absak\u00bb er vanskelig \u00e5 si noe om, oppfatter meg mer som en \u00aball-rounder\u00bb enn en \u00abspesialist\u00bb p\u00e5 noe felt.. Saken er vel den at jeg i det meste finner mine synspunkter i det H st\u00e5r for \u2013 er oftest enig med eget parti for \u00e5 si det slik.<\/p>\n\n\n\n<p><strong>Hvorfor vil du stille til valg for Telemark H\u00f8yre?<\/strong><br>Jeg liker jo politikk, jeg liker debattene \u2013 jeg er vel kort og godt samfunnsengasjert og siden H har flest av de gode l\u00f8sningene ble det \u00abmitt\u00bb parti.<\/p>\n\n\n<div class=\"tags\">\n\t<\/div>\n<div class=\"post-footer alignfull has-background block-editor-block-list__block\" data-align=full>\n\t<div class=\"post-footer-inner\">\n\t\t<h3>Relaterte artikler<\/h3>\n\t\t<div class=\"related-content\"><div class=\"is-card-hoyre\">\n\t<div class=\"teft-card hoyre-teft-card post-teft-card\">\n\t\t<a href=\"https:\/\/hoyre.no\/telemark\/aktuelt\/na-er-det-pa-tide-at-norge-blir-med-i-eu\/\" class=\"teft-card__primary-action\">\n\n\t\t\t\t\t<div class=\"teft-card__media teft-card__media--16-9\">\n\t\t\t\t\t\t<img loading=\"lazy\" decoding=\"async\" width=\"768\" height=\"733\" src=\"https:\/\/hoyre.no\/content\/uploads\/sites\/429\/2024\/12\/Helene1-768x733.jpg\" class=\"attachment-medium_large size-medium_large\" alt=\"\" srcset=\"https:\/\/hoyre.no\/content\/uploads\/sites\/429\/2024\/12\/Helene1-768x733.jpg 768w, https:\/\/hoyre.no\/content\/uploads\/sites\/429\/2024\/12\/Helene1-300x286.jpg 300w, https:\/\/hoyre.no\/content\/uploads\/sites\/429\/2024\/12\/Helene1-1024x977.jpg 1024w, https:\/\/hoyre.no\/content\/uploads\/sites\/429\/2024\/12\/Helene1.jpg 1043w\" sizes=\"auto, (max-width: 768px) 100vw, 768px\" \/>\t\t<\/div>\n\t\t\n\t\t\t<div class=\"teft-card__content-wrapper\">\n\t\t\t\t<div class=\"teft-card__secondary\">\n\t\t\t\t\t\n\t\t\t\t\t\t\t\t<div class=\"teft-card__meta\">\n\t\t\t\t\t\t\t\t\t<span class=\"post-date\">24. feb 2025<\/span>\n\n\t\t\t\t\t\t\t\t\t<span class=\"post-category\">Nyheter<\/span>\t\t\t\t\t\t\t\t<\/div>\n\t\t\t\t\t\t\t\t\t\t\t<\/div>\n\n\t\t\t\t<div class=\"teft-card__primary\">\n\t\t\t\t\t<h2 class=\"teft-card__title\">N\u00e5 er det p\u00e5 tide at Norge blir med i EU&nbsp;<span class=\"teft-card__primary-title-append\"><\/span><\/h2>\t\t\t\t<\/div>\n\t\t\t<\/div>\n\t\t<\/a>\n\t<\/div>\n\n\t<\/div><div class=\"is-card-hoyre\">\n\t<div class=\"teft-card hoyre-teft-card post-teft-card\">\n\t\t<a href=\"https:\/\/hoyre.no\/telemark\/aktuelt\/sjeldne-jordarter-kritiske-og-strategiske-ravarer\/\" class=\"teft-card__primary-action\">\n\n\t\t\t\t\t<div class=\"teft-card__media teft-card__media--16-9\">\n\t\t\t\t\t\t<img loading=\"lazy\" decoding=\"async\" width=\"768\" height=\"726\" src=\"https:\/\/hoyre.no\/content\/uploads\/sites\/429\/2025\/02\/sjeldenejordarter-768x726.jpg\" class=\"attachment-medium_large size-medium_large\" alt=\"\" srcset=\"https:\/\/hoyre.no\/content\/uploads\/sites\/429\/2025\/02\/sjeldenejordarter-768x726.jpg 768w, https:\/\/hoyre.no\/content\/uploads\/sites\/429\/2025\/02\/sjeldenejordarter-300x283.jpg 300w, https:\/\/hoyre.no\/content\/uploads\/sites\/429\/2025\/02\/sjeldenejordarter-1024x967.jpg 1024w, https:\/\/hoyre.no\/content\/uploads\/sites\/429\/2025\/02\/sjeldenejordarter.jpg 1284w\" sizes=\"auto, (max-width: 768px) 100vw, 768px\" \/>\t\t<\/div>\n\t\t\n\t\t\t<div class=\"teft-card__content-wrapper\">\n\t\t\t\t<div class=\"teft-card__secondary\">\n\t\t\t\t\t\n\t\t\t\t\t\t\t\t<div class=\"teft-card__meta\">\n\t\t\t\t\t\t\t\t\t<span class=\"post-date\">6. feb 2025<\/span>\n\n\t\t\t\t\t\t\t\t\t<span class=\"post-category\">Nyheter<\/span>\t\t\t\t\t\t\t\t<\/div>\n\t\t\t\t\t\t\t\t\t\t\t<\/div>\n\n\t\t\t\t<div class=\"teft-card__primary\">\n\t\t\t\t\t<h2 class=\"teft-card__title\">Sjeldne jordarter \u2013 kritiske og strategiske r\u00e5varer&nbsp;<span class=\"teft-card__primary-title-append\"><\/span><\/h2>\t\t\t\t<\/div>\n\t\t\t<\/div>\n\t\t<\/a>\n\t<\/div>\n\n\t<\/div><div class=\"is-card-hoyre\">\n\t<div class=\"teft-card hoyre-teft-card post-teft-card\">\n\t\t<a href=\"https:\/\/hoyre.no\/telemark\/aktuelt\/norge-et-foregangsland-innen-baerekraftig-energi-og-verdiskaping\/\" class=\"teft-card__primary-action\">\n\n\t\t\t\t\t<div class=\"teft-card__media teft-card__media--16-9\">\n\t\t\t\t\t\t<img loading=\"lazy\" decoding=\"async\" width=\"768\" height=\"646\" src=\"https:\/\/hoyre.no\/content\/uploads\/sites\/429\/2025\/02\/Fornybarenergi-768x646.avif\" class=\"attachment-medium_large size-medium_large\" alt=\"\" srcset=\"https:\/\/hoyre.no\/content\/uploads\/sites\/429\/2025\/02\/Fornybarenergi-768x646.avif 768w, https:\/\/hoyre.no\/content\/uploads\/sites\/429\/2025\/02\/Fornybarenergi-300x252.avif 300w, https:\/\/hoyre.no\/content\/uploads\/sites\/429\/2025\/02\/Fornybarenergi-1024x861.avif 1024w, https:\/\/hoyre.no\/content\/uploads\/sites\/429\/2025\/02\/Fornybarenergi.avif 1272w\" sizes=\"auto, (max-width: 768px) 100vw, 768px\" \/>\t\t<\/div>\n\t\t\n\t\t\t<div class=\"teft-card__content-wrapper\">\n\t\t\t\t<div class=\"teft-card__secondary\">\n\t\t\t\t\t\n\t\t\t\t\t\t\t\t<div class=\"teft-card__meta\">\n\t\t\t\t\t\t\t\t\t<span class=\"post-date\">5. feb 2025<\/span>\n\n\t\t\t\t\t\t\t\t\t<span class=\"post-category\">Nyheter<\/span>\t\t\t\t\t\t\t\t<\/div>\n\t\t\t\t\t\t\t\t\t\t\t<\/div>\n\n\t\t\t\t<div class=\"teft-card__primary\">\n\t\t\t\t\t<h2 class=\"teft-card__title\">Norge, et foregangsland innen b\u00e6rekraftig energi og verdiskaping&nbsp;<span class=\"teft-card__primary-title-append\"><\/span><\/h2>\t\t\t\t<\/div>\n\t\t\t<\/div>\n\t\t<\/a>\n\t<\/div>\n\n\t<\/div><\/div>\t<\/div>\n<\/div>\n","protected":false},"excerpt":{"rendered":"","protected":false},"author":376,"featured_media":0,"comment_status":"closed","ping_status":"closed","sticky":true,"template":"","format":"standard","meta":{"teft_cards_image_url":"","teft_cards_custom_pretitle":"","teft_cards_image_id":245,"teft_cards_image_focal_point_x":0.5,"teft_cards_image_focal_point_y":0.5,"teft_cards_title":"","teft_cards_excerpt":"","teft_show_chapters":false,"author_display_name":"","footnotes":""},"category":[1],"post_tag":[],"hoyre-visibility":[],"article-type":[],"politician":[],"class_list":["post-244","post","type-post","status-publish","format-standard","hentry","category-nyheter"],"yoast_head":"<!-- This site is optimized with the Yoast SEO plugin v26.6 - https:\/\/yoast.com\/wordpress\/plugins\/seo\/ -->\n<title>Bli bedre kjent med stortingskandidat Lars Inge R\u00f8nholt - Telemark H\u00f8yre<\/title>\n<meta name=\"robots\" content=\"index, follow, max-snippet:-1, max-image-preview:large, max-video-preview:-1\" \/>\n<link rel=\"canonical\" href=\"https:\/\/hoyre.no\/telemark\/aktuelt\/bli-bedre-kjent-med-stortingskandidat-lars-inge-ronholt\/\" \/>\n<meta property=\"og:locale\" content=\"nb_NO\" \/>\n<meta property=\"og:type\" content=\"article\" \/>\n<meta property=\"og:title\" content=\"Bli bedre kjent med stortingskandidat Lars Inge R\u00f8nholt - Telemark H\u00f8yre\" \/>\n<meta property=\"og:url\" content=\"https:\/\/hoyre.no\/telemark\/aktuelt\/bli-bedre-kjent-med-stortingskandidat-lars-inge-ronholt\/\" \/>\n<meta property=\"og:site_name\" content=\"Telemark H\u00f8yre\" \/>\n<meta property=\"article:published_time\" content=\"2025-01-21T09:59:41+00:00\" \/>\n<meta property=\"og:image\" content=\"https:\/\/hoyre.no\/content\/uploads\/sites\/429\/2025\/02\/Arsmotet25-1024x768.jpg\" \/>\n<meta name=\"author\" content=\"Ole Espen Strand\" \/>\n<meta name=\"twitter:card\" content=\"summary_large_image\" \/>\n<meta name=\"twitter:label1\" content=\"Skrevet av\" \/>\n\t<meta name=\"twitter:data1\" content=\"Ole Espen Strand\" \/>\n\t<meta name=\"twitter:label2\" content=\"Ansl. lesetid\" \/>\n\t<meta name=\"twitter:data2\" content=\"2 minutter\" \/>\n<script type=\"application\/ld+json\" class=\"yoast-schema-graph\">{\"@context\":\"https:\/\/schema.org\",\"@graph\":[{\"@type\":\"Article\",\"@id\":\"https:\/\/hoyre.no\/telemark\/aktuelt\/bli-bedre-kjent-med-stortingskandidat-lars-inge-ronholt\/#article\",\"isPartOf\":{\"@id\":\"https:\/\/hoyre.no\/telemark\/aktuelt\/bli-bedre-kjent-med-stortingskandidat-lars-inge-ronholt\/\"},\"author\":{\"name\":\"Ole Espen Strand\",\"@id\":\"https:\/\/hoyre.no\/telemark\/#\/schema\/person\/e53549e4110bc61d77480d222e49eef1\"},\"headline\":\"Bli bedre kjent med stortingskandidat Lars Inge R\u00f8nholt\",\"datePublished\":\"2025-01-21T09:59:41+00:00\",\"mainEntityOfPage\":{\"@id\":\"https:\/\/hoyre.no\/telemark\/aktuelt\/bli-bedre-kjent-med-stortingskandidat-lars-inge-ronholt\/\"},\"wordCount\":284,\"publisher\":{\"@id\":\"https:\/\/hoyre.no\/telemark\/#organization\"},\"articleSection\":[\"Nyheter\"],\"inLanguage\":\"nb-NO\"},{\"@type\":\"NewsArticle\",\"@id\":\"https:\/\/hoyre.no\/telemark\/aktuelt\/bli-bedre-kjent-med-stortingskandidat-lars-inge-ronholt\/\",\"url\":\"https:\/\/hoyre.no\/telemark\/aktuelt\/bli-bedre-kjent-med-stortingskandidat-lars-inge-ronholt\/\",\"name\":\"Bli bedre kjent med stortingskandidat Lars Inge R\u00f8nholt - Telemark H\u00f8yre\",\"isPartOf\":{\"@id\":\"https:\/\/hoyre.no\/telemark\/#website\"},\"datePublished\":\"2025-01-21T09:59:41+00:00\",\"breadcrumb\":{\"@id\":\"https:\/\/hoyre.no\/telemark\/aktuelt\/bli-bedre-kjent-med-stortingskandidat-lars-inge-ronholt\/#breadcrumb\"},\"inLanguage\":\"nb-NO\",\"potentialAction\":[{\"@type\":\"ReadAction\",\"target\":[\"https:\/\/hoyre.no\/telemark\/aktuelt\/bli-bedre-kjent-med-stortingskandidat-lars-inge-ronholt\/\"]}]},{\"@type\":\"BreadcrumbList\",\"@id\":\"https:\/\/hoyre.no\/telemark\/aktuelt\/bli-bedre-kjent-med-stortingskandidat-lars-inge-ronholt\/#breadcrumb\",\"itemListElement\":[{\"@type\":\"ListItem\",\"position\":1,\"name\":\"Til hoyre.no\",\"item\":\"https:\/\/hoyre.no\"},{\"@type\":\"ListItem\",\"position\":2,\"name\":\"Hjem\",\"item\":\"https:\/\/hoyre.no\/telemark\/\"},{\"@type\":\"ListItem\",\"position\":3,\"name\":\"Bli bedre kjent med stortingskandidat Lars Inge R\u00f8nholt\"}]},{\"@type\":\"WebSite\",\"@id\":\"https:\/\/hoyre.no\/telemark\/#website\",\"url\":\"https:\/\/hoyre.no\/telemark\/\",\"name\":\"Telemark H\u00f8yre\",\"description\":\"Bare enda et H\u00f8yres nettsteder-nettsted\",\"publisher\":{\"@id\":\"https:\/\/hoyre.no\/telemark\/#organization\"},\"inLanguage\":\"nb-NO\"},{\"@type\":\"Organization\",\"@id\":\"https:\/\/hoyre.no\/telemark\/#organization\",\"name\":\"Telemark H\u00f8yre\",\"url\":\"https:\/\/hoyre.no\/telemark\/\",\"logo\":{\"@type\":\"ImageObject\",\"inLanguage\":\"nb-NO\",\"@id\":\"https:\/\/hoyre.no\/telemark\/#\/schema\/logo\/image\/\",\"url\":\"https:\/\/hoyre.no\/content\/uploads\/sites\/429\/2023\/02\/hoyre_logo.png\",\"contentUrl\":\"https:\/\/hoyre.no\/content\/uploads\/sites\/429\/2023\/02\/hoyre_logo.png\",\"width\":1000,\"height\":1000,\"caption\":\"Telemark H\u00f8yre\"},\"image\":{\"@id\":\"https:\/\/hoyre.no\/telemark\/#\/schema\/logo\/image\/\"}},{\"@type\":\"Person\",\"@id\":\"https:\/\/hoyre.no\/telemark\/#\/schema\/person\/e53549e4110bc61d77480d222e49eef1\",\"name\":\"Ole Espen Strand\",\"image\":{\"@type\":\"ImageObject\",\"inLanguage\":\"nb-NO\",\"@id\":\"https:\/\/hoyre.no\/telemark\/#\/schema\/person\/image\/\",\"url\":\"https:\/\/secure.gravatar.com\/avatar\/b5ab5bf6a88c5268515bd75538435c1a23c6bb23748faa38dbe737b284a38918?s=96&d=mm&r=g\",\"contentUrl\":\"https:\/\/secure.gravatar.com\/avatar\/b5ab5bf6a88c5268515bd75538435c1a23c6bb23748faa38dbe737b284a38918?s=96&d=mm&r=g\",\"caption\":\"Ole Espen Strand\"},\"url\":\"https:\/\/hoyre.no\/telemark\/aktuelt\/author\/m11380987\/\"}]}<\/script>\n<!-- \/ Yoast SEO plugin. -->","yoast_head_json":{"title":"Bli bedre kjent med stortingskandidat Lars Inge R\u00f8nholt - Telemark H\u00f8yre","robots":{"index":"index","follow":"follow","max-snippet":"max-snippet:-1","max-image-preview":"max-image-preview:large","max-video-preview":"max-video-preview:-1"},"canonical":"https:\/\/hoyre.no\/telemark\/aktuelt\/bli-bedre-kjent-med-stortingskandidat-lars-inge-ronholt\/","og_locale":"nb_NO","og_type":"article","og_title":"Bli bedre kjent med stortingskandidat Lars Inge R\u00f8nholt - Telemark H\u00f8yre","og_url":"https:\/\/hoyre.no\/telemark\/aktuelt\/bli-bedre-kjent-med-stortingskandidat-lars-inge-ronholt\/","og_site_name":"Telemark H\u00f8yre","article_published_time":"2025-01-21T09:59:41+00:00","og_image":[{"url":"https:\/\/hoyre.no\/content\/uploads\/sites\/429\/2025\/02\/Arsmotet25-1024x768.jpg","width":"","height":"","type":""}],"author":"Ole Espen Strand","twitter_card":"summary_large_image","twitter_misc":{"Skrevet av":"Ole Espen Strand","Ansl. lesetid":"2 minutter"},"schema":{"@context":"https:\/\/schema.org","@graph":[{"@type":"Article","@id":"https:\/\/hoyre.no\/telemark\/aktuelt\/bli-bedre-kjent-med-stortingskandidat-lars-inge-ronholt\/#article","isPartOf":{"@id":"https:\/\/hoyre.no\/telemark\/aktuelt\/bli-bedre-kjent-med-stortingskandidat-lars-inge-ronholt\/"},"author":{"name":"Ole Espen Strand","@id":"https:\/\/hoyre.no\/telemark\/#\/schema\/person\/e53549e4110bc61d77480d222e49eef1"},"headline":"Bli bedre kjent med stortingskandidat Lars Inge R\u00f8nholt","datePublished":"2025-01-21T09:59:41+00:00","mainEntityOfPage":{"@id":"https:\/\/hoyre.no\/telemark\/aktuelt\/bli-bedre-kjent-med-stortingskandidat-lars-inge-ronholt\/"},"wordCount":284,"publisher":{"@id":"https:\/\/hoyre.no\/telemark\/#organization"},"articleSection":["Nyheter"],"inLanguage":"nb-NO"},{"@type":"NewsArticle","@id":"https:\/\/hoyre.no\/telemark\/aktuelt\/bli-bedre-kjent-med-stortingskandidat-lars-inge-ronholt\/","url":"https:\/\/hoyre.no\/telemark\/aktuelt\/bli-bedre-kjent-med-stortingskandidat-lars-inge-ronholt\/","name":"Bli bedre kjent med stortingskandidat Lars Inge R\u00f8nholt - Telemark H\u00f8yre","isPartOf":{"@id":"https:\/\/hoyre.no\/telemark\/#website"},"datePublished":"2025-01-21T09:59:41+00:00","breadcrumb":{"@id":"https:\/\/hoyre.no\/telemark\/aktuelt\/bli-bedre-kjent-med-stortingskandidat-lars-inge-ronholt\/#breadcrumb"},"inLanguage":"nb-NO","potentialAction":[{"@type":"ReadAction","target":["https:\/\/hoyre.no\/telemark\/aktuelt\/bli-bedre-kjent-med-stortingskandidat-lars-inge-ronholt\/"]}]},{"@type":"BreadcrumbList","@id":"https:\/\/hoyre.no\/telemark\/aktuelt\/bli-bedre-kjent-med-stortingskandidat-lars-inge-ronholt\/#breadcrumb","itemListElement":[{"@type":"ListItem","position":1,"name":"Til hoyre.no","item":"https:\/\/hoyre.no"},{"@type":"ListItem","position":2,"name":"Hjem","item":"https:\/\/hoyre.no\/telemark\/"},{"@type":"ListItem","position":3,"name":"Bli bedre kjent med stortingskandidat Lars Inge R\u00f8nholt"}]},{"@type":"WebSite","@id":"https:\/\/hoyre.no\/telemark\/#website","url":"https:\/\/hoyre.no\/telemark\/","name":"Telemark H\u00f8yre","description":"Bare enda et H\u00f8yres nettsteder-nettsted","publisher":{"@id":"https:\/\/hoyre.no\/telemark\/#organization"},"inLanguage":"nb-NO"},{"@type":"Organization","@id":"https:\/\/hoyre.no\/telemark\/#organization","name":"Telemark H\u00f8yre","url":"https:\/\/hoyre.no\/telemark\/","logo":{"@type":"ImageObject","inLanguage":"nb-NO","@id":"https:\/\/hoyre.no\/telemark\/#\/schema\/logo\/image\/","url":"https:\/\/hoyre.no\/content\/uploads\/sites\/429\/2023\/02\/hoyre_logo.png","contentUrl":"https:\/\/hoyre.no\/content\/uploads\/sites\/429\/2023\/02\/hoyre_logo.png","width":1000,"height":1000,"caption":"Telemark H\u00f8yre"},"image":{"@id":"https:\/\/hoyre.no\/telemark\/#\/schema\/logo\/image\/"}},{"@type":"Person","@id":"https:\/\/hoyre.no\/telemark\/#\/schema\/person\/e53549e4110bc61d77480d222e49eef1","name":"Ole Espen Strand","image":{"@type":"ImageObject","inLanguage":"nb-NO","@id":"https:\/\/hoyre.no\/telemark\/#\/schema\/person\/image\/","url":"https:\/\/secure.gravatar.com\/avatar\/b5ab5bf6a88c5268515bd75538435c1a23c6bb23748faa38dbe737b284a38918?s=96&d=mm&r=g","contentUrl":"https:\/\/secure.gravatar.com\/avatar\/b5ab5bf6a88c5268515bd75538435c1a23c6bb23748faa38dbe737b284a38918?s=96&d=mm&r=g","caption":"Ole Espen Strand"},"url":"https:\/\/hoyre.no\/telemark\/aktuelt\/author\/m11380987\/"}]}},"distributor_meta":false,"distributor_terms":false,"distributor_media":false,"distributor_original_site_name":"Telemark H\u00f8yre","distributor_original_site_url":"https:\/\/hoyre.no\/telemark","push-errors":false,"_links":{"self":[{"href":"https:\/\/hoyre.no\/telemark\/wp-json\/wp\/v2\/posts\/244","targetHints":{"allow":["GET"]}}],"collection":[{"href":"https:\/\/hoyre.no\/telemark\/wp-json\/wp\/v2\/posts"}],"about":[{"href":"https:\/\/hoyre.no\/telemark\/wp-json\/wp\/v2\/types\/post"}],"author":[{"embeddable":true,"href":"https:\/\/hoyre.no\/telemark\/wp-json\/wp\/v2\/users\/376"}],"replies":[{"embeddable":true,"href":"https:\/\/hoyre.no\/telemark\/wp-json\/wp\/v2\/comments?post=244"}],"version-history":[{"count":1,"href":"https:\/\/hoyre.no\/telemark\/wp-json\/wp\/v2\/posts\/244\/revisions"}],"predecessor-version":[{"id":246,"href":"https:\/\/hoyre.no\/telemark\/wp-json\/wp\/v2\/posts\/244\/revisions\/246"}],"wp:attachment":[{"href":"https:\/\/hoyre.no\/telemark\/wp-json\/wp\/v2\/media?parent=244"}],"wp:term":[{"taxonomy":"category","embeddable":true,"href":"https:\/\/hoyre.no\/telemark\/wp-json\/wp\/v2\/category?post=244"},{"taxonomy":"post_tag","embeddable":true,"href":"https:\/\/hoyre.no\/telemark\/wp-json\/wp\/v2\/post_tag?post=244"},{"taxonomy":"hoyre-visibility","embeddable":true,"href":"https:\/\/hoyre.no\/telemark\/wp-json\/wp\/v2\/hoyre-visibility?post=244"},{"taxonomy":"article-type","embeddable":true,"href":"https:\/\/hoyre.no\/telemark\/wp-json\/wp\/v2\/article-type?post=244"},{"taxonomy":"politician","embeddable":true,"href":"https:\/\/hoyre.no\/telemark\/wp-json\/wp\/v2\/politician?post=244"}],"curies":[{"name":"wp","href":"https:\/\/api.w.org\/{rel}","templated":true}]}}