{"id":251,"date":"2025-02-03T10:43:33","date_gmt":"2025-02-03T09:43:33","guid":{"rendered":"https:\/\/hoyre.no\/telemark\/?p=251"},"modified":"2025-02-03T10:43:34","modified_gmt":"2025-02-03T09:43:34","slug":"verdensarvstatus-og-forpliktende-finansieringsplan","status":"publish","type":"post","link":"https:\/\/hoyre.no\/telemark\/aktuelt\/verdensarvstatus-og-forpliktende-finansieringsplan\/","title":{"rendered":"Verdensarvstatus og forpliktende finansieringsplan"},"content":{"rendered":"\n<p class=\"preamble\">\u00c5 f\u00e5 tildelt verdensarvstatus inneb\u00e6rer ansvar for ivaretakelse og utvikling av verdensarvstedene for \u00e5 sikre at de opprettholder de kvalitetene som har kvalifisert de for en plass p\u00e5 UNESCO\u2019s verdensarvliste.<\/p>\t\t\t<div class=\"post-meta wp-block teft-byline-wrapper\">\n\t\t\t\t<div class=\"top\">\n\t\t\t\t\t<div class=\"signature\">\n\t\t\t\t\t\t<div class=\"teft-byline\">\n\t\t\t\t\t\t\t\t\t\t\t\t\t\t<div>\n\t\t\t\t\t\t\t\t<h3>H\u00f8yres redaksjon<\/h3>\t\t\t\t\t\t\t\t\n\t\t\t\t\t\t\t\t\t\t\t\t\t\t\t\t\t<span class=\"date\">Sist oppdatert: 3. februar 2025<\/span>\n\t\t\t\t\t\t\t\t\t\t\t\t\t\t\t\t\t\t\t\t\t\t\t\t\t<span class=\"reading-time\" itemprop=\"timeRequired\" content=\"PT3M\"><em>Ca. 3 minutter lesetid<\/em><\/span>\n\t\t\t\t\t\t\t\t\t\t\t\t\t\t\t<\/div>\n\t\t\t\t\t\t<\/div>\n\t\t\t\t\t<\/div>\n\t\t\t\t\t\t<div class=\"sharing\">\n\t\t<a class=\"share-button share-link copy-link\" data-copy=\"https:\/\/hoyre.no\/telemark\/aktuelt\/verdensarvstatus-og-forpliktende-finansieringsplan\/\" target=\"_blank\"><span class=\"screen-reader-text\">Del link<\/span><\/a>\n\t\t<a class=\"share-button share-twitter\" href=\"http:\/\/twitter.com\/share?text=Verdensarvstatus og forpliktende finansieringsplan&#038;url=https:\/\/hoyre.no\/telemark\/aktuelt\/verdensarvstatus-og-forpliktende-finansieringsplan\/&#038;hashtags=Hoyre\" target=\"_blank\"><span class=\"screen-reader-text\">Del p\u00e5 twitter<\/span><\/a>\n\t\t<a class=\"share-button share-facebook\" href=\"https:\/\/www.facebook.com\/sharer\/sharer.php?u=https:\/\/hoyre.no\/telemark\/aktuelt\/verdensarvstatus-og-forpliktende-finansieringsplan\/\" target=\"_blank\"><span class=\"screen-reader-text\">Del p\u00e5 facebook<\/span><\/a>\n\t<\/div>\n\t\t\t\t\t<\/div>\n\t\t\t<\/div>\n\n\t\t\t<figure class=\"hoyre-image-wrapper\"><div class=\"hoyre-image\"><img loading=\"lazy\" decoding=\"async\" width=\"2500\" height=\"1875\" src=\"https:\/\/hoyre.no\/content\/uploads\/sites\/429\/2025\/02\/Arsmotet25-scaled.jpg\" class=\"attachment-scaled size-scaled\" alt=\"\" style=\"object-position: 50% 50%\" srcset=\"https:\/\/hoyre.no\/content\/uploads\/sites\/429\/2025\/02\/Arsmotet25-scaled.jpg 2500w, https:\/\/hoyre.no\/content\/uploads\/sites\/429\/2025\/02\/Arsmotet25-300x225.jpg 300w, https:\/\/hoyre.no\/content\/uploads\/sites\/429\/2025\/02\/Arsmotet25-1024x768.jpg 1024w, https:\/\/hoyre.no\/content\/uploads\/sites\/429\/2025\/02\/Arsmotet25-768x576.jpg 768w, https:\/\/hoyre.no\/content\/uploads\/sites\/429\/2025\/02\/Arsmotet25-1536x1152.jpg 1536w, https:\/\/hoyre.no\/content\/uploads\/sites\/429\/2025\/02\/Arsmotet25-2048x1536.jpg 2048w\" sizes=\"auto, (max-width: 2500px) 100vw, 2500px\" \/><\/div><figcaption class=\"caption\">Resolusjon vedtatt under helgens \u00e5rsm\u00f8te: Verdensarvstatus og forpliktende finansieringsplan.<\/figcaption><\/figure>\n\n\n\n\n<p>Verdensarvstatus tildeles steder med \u00abenest\u00e5ende universelle verdier\u00bb (UNESCO) etter en lang og omstendelig prosess. Norge har \u00e5tte s\u00e6regne verdensarvsteder fordelt p\u00e5 20 kommuner som staten, gjennom sin s\u00f8knad om og aksept av verdensarvstatus, har det overordnede ansvaret for.<\/p>\n\n\n\n<p>\u2022 Bergkunsten i Alta<br>\u2022 R\u00f8ros bergstad og Circumferensen<br>\u2022 Bryggen i Bergen<br>\u2022 Urnes stavkirke<br>\u2022 Vega\u00f8yan<br>\u2022 Geirangerfjorden og N\u00e6r\u00f8yfjorden<br>\u2022 Struves meridianbue<br>\u2022 Rjukan-Notodden Industriarv<\/p>\n\n\n\n<p>\u00c5 f\u00e5 tildelt verdensarvstatus inneb\u00e6rer ansvar for ivaretakelse og utvikling av verdensarvstedene for \u00e5 sikre at de opprettholder de kvalitetene som har kvalifisert de for en plass p\u00e5 UNESCO\u2019s verdensarvliste. UNESCO stiller krav til om satsing og ivaretakelse: Verdensarvstedene skal forvalte verdien av arven, samt legge til rette for utvikling og formidling. N\u00e6rt opp til dette ligger ogs\u00e5 et stort potensial for utvikling av en turismen\u00e6ring rundt stedet, noe ogs\u00e5 lokale n\u00e6ringsdrivende kan b\u00e5de bidra til og dra nytte av. Flere av stedene har etablert egne Verdensarvsentre som er godt bes\u00f8kt av turister b\u00e5de fra inn- og utland, og formidling av de s\u00e6regne egenskapene ved hvert verdensarvsted st\u00e5r i fokus. Her finner vi store muligheter til samarbeidsprosjekter innen f.eks. forskning, byggvern og forvaltningsplaner.<\/p>\n\n\n\n<p>Rjukan-Notodden Industriarv (RNI) er den forel\u00f8pig siste p\u00e5 listen over verdensarvsteder i Norge, og ligger i de tre kommunene Notodden, Tinn og Vinje. Det er det st\u00f8rste verdensarvobjektet i landet, og statusen som ble tildelt i 2015 er basert p\u00e5 Norsk Hydros etablering av industri p\u00e5 tidlig 1900-tall og p\u00e5f\u00f8lgende kritiske bidrag til \u00f8kt landbruksproduksjon nasjonalt og internasjonalt gjennom sin kunstgj\u00f8dselproduksjon.<\/p>\n\n\n\n<p>Statusen hviler p\u00e5 fire verdier\/s\u00f8yler: Kraften, transportveiene, fabrikkene og byutviklingen. Den ene s\u00f8ylen, transport\u00e5rene, st\u00e5r n\u00e5 p\u00e5 vaklende grunn. De er n\u00e5 i en kritisk tilstand, og strakstiltak m\u00e5 settes i gang for \u00e5 bevare de. Dette gjelder s\u00e6rlig for fergene Storegut og Ammonia, som det er tvingende n\u00f8dvendig \u00e5 f\u00e5 opp p\u00e5 slipp i l\u00f8pet av 2025 f\u00f8r de g\u00e5r tapt, samt Tinnosbanen (25 km togbane mellom Notodden og Tinnoset stasjon\/slippen p\u00e5 Tinnoset fergeleie) og Krossobanen (taubane for arbeidere p\u00e5 Rjukan). Det er startet prosesser b\u00e5de p\u00e5 Tinnosbanen og Krossobanen, men finansiering er vanskelig og g\u00e5r sv\u00e6rt sakte. Forpliktelsen til Tinnosbanen er \u00e5 sette banen i stand slik den var ved fredningstidspunktet i 2009 (hvor den fremdeles var h\u00f8yst kj\u00f8rbar), og Staten gjennom BaneNOR er ansvarlig for oppf\u00f8lging av dette. S\u00e5 har imidlertid ikke skjedd.<\/p>\n\n\n\n<p>S\u00e5 langt har ikke Stortinget innfridd sitt ansvar overfor RNI. Hvis verdensarvstatus betyr noe for videre satsing p\u00e5 kultur, opplevelse og turisme i Telemark, s\u00e5 m\u00e5 dette n\u00e5 bli h\u00f8yere prioritet i b\u00e5de budsjetter og strategiutvikling regionalt og nasjonalt. Det m\u00e5 legges inn i forpliktende planer og strategier, slik at planverket blir enkelt \u00e5 iverksette, strategiene blir tydelige og prosessene blir gjennomsiktige.<\/p>\n\n\n\n<p>Bevilgningene til Riksantikvaren (kap. 1429 Post 79) som ivaretar alle v\u00e5re \u00e5tte verdensarvsteder er til og med dokumentert lavere i dag enn det de var i 2014, \u00e5ret f\u00f8r RNI ble tildelt verdensarvstatus. Dette harmonerer d\u00e5rlig med en vilje til \u00e5 ivare ta og satse p\u00e5 utvikling og fremdrift, og med det ansvaret Norge som vertsnasjon har sagt ja til \u00e5 ta. Vi vil ha \u00e5tte sterke og unike verdensarvsteder \u2013 da m\u00e5 vi ogs\u00e5 legge til rette for det. Dette er et ansvar vi ikke kan g\u00e5 fra, og det haster med \u00e5 oppfylle det ansvaret.<\/p>\n\n\n\n<p>H\u00f8yre vil:<br>\u2022 Legge til rette for ivaretakelse og strategisk utvikling av Norges verdensarvomr\u00e5der.<\/p>\n\n\n\n<p>\u2022 At det utarbeides en forpliktende finansieringsplan for \u00e5 sikre verdensarvobjekter.<\/p>\n\n\n<div class=\"tags\">\n\t<\/div>\n<div class=\"post-footer alignfull has-background block-editor-block-list__block\" data-align=full>\n\t<div class=\"post-footer-inner\">\n\t\t<h3>Relaterte artikler<\/h3>\n\t\t<div class=\"related-content\"><div class=\"is-card-hoyre\">\n\t<div class=\"teft-card hoyre-teft-card post-teft-card\">\n\t\t<a href=\"https:\/\/hoyre.no\/telemark\/aktuelt\/na-er-det-pa-tide-at-norge-blir-med-i-eu\/\" class=\"teft-card__primary-action\">\n\n\t\t\t\t\t<div class=\"teft-card__media teft-card__media--16-9\">\n\t\t\t\t\t\t<img loading=\"lazy\" decoding=\"async\" width=\"768\" height=\"733\" src=\"https:\/\/hoyre.no\/content\/uploads\/sites\/429\/2024\/12\/Helene1-768x733.jpg\" class=\"attachment-medium_large size-medium_large\" alt=\"\" srcset=\"https:\/\/hoyre.no\/content\/uploads\/sites\/429\/2024\/12\/Helene1-768x733.jpg 768w, https:\/\/hoyre.no\/content\/uploads\/sites\/429\/2024\/12\/Helene1-300x286.jpg 300w, https:\/\/hoyre.no\/content\/uploads\/sites\/429\/2024\/12\/Helene1-1024x977.jpg 1024w, https:\/\/hoyre.no\/content\/uploads\/sites\/429\/2024\/12\/Helene1.jpg 1043w\" sizes=\"auto, (max-width: 768px) 100vw, 768px\" \/>\t\t<\/div>\n\t\t\n\t\t\t<div class=\"teft-card__content-wrapper\">\n\t\t\t\t<div class=\"teft-card__secondary\">\n\t\t\t\t\t\n\t\t\t\t\t\t\t\t<div class=\"teft-card__meta\">\n\t\t\t\t\t\t\t\t\t<span class=\"post-date\">24. feb 2025<\/span>\n\n\t\t\t\t\t\t\t\t\t<span class=\"post-category\">Nyheter<\/span>\t\t\t\t\t\t\t\t<\/div>\n\t\t\t\t\t\t\t\t\t\t\t<\/div>\n\n\t\t\t\t<div class=\"teft-card__primary\">\n\t\t\t\t\t<h2 class=\"teft-card__title\">N\u00e5 er det p\u00e5 tide at Norge blir med i EU&nbsp;<span class=\"teft-card__primary-title-append\"><\/span><\/h2>\t\t\t\t<\/div>\n\t\t\t<\/div>\n\t\t<\/a>\n\t<\/div>\n\n\t<\/div><div class=\"is-card-hoyre\">\n\t<div class=\"teft-card hoyre-teft-card post-teft-card\">\n\t\t<a href=\"https:\/\/hoyre.no\/telemark\/aktuelt\/sjeldne-jordarter-kritiske-og-strategiske-ravarer\/\" class=\"teft-card__primary-action\">\n\n\t\t\t\t\t<div class=\"teft-card__media teft-card__media--16-9\">\n\t\t\t\t\t\t<img loading=\"lazy\" decoding=\"async\" width=\"768\" height=\"726\" src=\"https:\/\/hoyre.no\/content\/uploads\/sites\/429\/2025\/02\/sjeldenejordarter-768x726.jpg\" class=\"attachment-medium_large size-medium_large\" alt=\"\" srcset=\"https:\/\/hoyre.no\/content\/uploads\/sites\/429\/2025\/02\/sjeldenejordarter-768x726.jpg 768w, https:\/\/hoyre.no\/content\/uploads\/sites\/429\/2025\/02\/sjeldenejordarter-300x283.jpg 300w, https:\/\/hoyre.no\/content\/uploads\/sites\/429\/2025\/02\/sjeldenejordarter-1024x967.jpg 1024w, https:\/\/hoyre.no\/content\/uploads\/sites\/429\/2025\/02\/sjeldenejordarter.jpg 1284w\" sizes=\"auto, (max-width: 768px) 100vw, 768px\" \/>\t\t<\/div>\n\t\t\n\t\t\t<div class=\"teft-card__content-wrapper\">\n\t\t\t\t<div class=\"teft-card__secondary\">\n\t\t\t\t\t\n\t\t\t\t\t\t\t\t<div class=\"teft-card__meta\">\n\t\t\t\t\t\t\t\t\t<span class=\"post-date\">6. feb 2025<\/span>\n\n\t\t\t\t\t\t\t\t\t<span class=\"post-category\">Nyheter<\/span>\t\t\t\t\t\t\t\t<\/div>\n\t\t\t\t\t\t\t\t\t\t\t<\/div>\n\n\t\t\t\t<div class=\"teft-card__primary\">\n\t\t\t\t\t<h2 class=\"teft-card__title\">Sjeldne jordarter \u2013 kritiske og strategiske r\u00e5varer&nbsp;<span class=\"teft-card__primary-title-append\"><\/span><\/h2>\t\t\t\t<\/div>\n\t\t\t<\/div>\n\t\t<\/a>\n\t<\/div>\n\n\t<\/div><div class=\"is-card-hoyre\">\n\t<div class=\"teft-card hoyre-teft-card post-teft-card\">\n\t\t<a href=\"https:\/\/hoyre.no\/telemark\/aktuelt\/norge-et-foregangsland-innen-baerekraftig-energi-og-verdiskaping\/\" class=\"teft-card__primary-action\">\n\n\t\t\t\t\t<div class=\"teft-card__media teft-card__media--16-9\">\n\t\t\t\t\t\t<img loading=\"lazy\" decoding=\"async\" width=\"768\" height=\"646\" src=\"https:\/\/hoyre.no\/content\/uploads\/sites\/429\/2025\/02\/Fornybarenergi-768x646.avif\" class=\"attachment-medium_large size-medium_large\" alt=\"\" srcset=\"https:\/\/hoyre.no\/content\/uploads\/sites\/429\/2025\/02\/Fornybarenergi-768x646.avif 768w, https:\/\/hoyre.no\/content\/uploads\/sites\/429\/2025\/02\/Fornybarenergi-300x252.avif 300w, https:\/\/hoyre.no\/content\/uploads\/sites\/429\/2025\/02\/Fornybarenergi-1024x861.avif 1024w, https:\/\/hoyre.no\/content\/uploads\/sites\/429\/2025\/02\/Fornybarenergi.avif 1272w\" sizes=\"auto, (max-width: 768px) 100vw, 768px\" \/>\t\t<\/div>\n\t\t\n\t\t\t<div class=\"teft-card__content-wrapper\">\n\t\t\t\t<div class=\"teft-card__secondary\">\n\t\t\t\t\t\n\t\t\t\t\t\t\t\t<div class=\"teft-card__meta\">\n\t\t\t\t\t\t\t\t\t<span class=\"post-date\">5. feb 2025<\/span>\n\n\t\t\t\t\t\t\t\t\t<span class=\"post-category\">Nyheter<\/span>\t\t\t\t\t\t\t\t<\/div>\n\t\t\t\t\t\t\t\t\t\t\t<\/div>\n\n\t\t\t\t<div class=\"teft-card__primary\">\n\t\t\t\t\t<h2 class=\"teft-card__title\">Norge, et foregangsland innen b\u00e6rekraftig energi og verdiskaping&nbsp;<span class=\"teft-card__primary-title-append\"><\/span><\/h2>\t\t\t\t<\/div>\n\t\t\t<\/div>\n\t\t<\/a>\n\t<\/div>\n\n\t<\/div><\/div>\t<\/div>\n<\/div>\n","protected":false},"excerpt":{"rendered":"","protected":false},"author":376,"featured_media":0,"comment_status":"closed","ping_status":"closed","sticky":true,"template":"","format":"standard","meta":{"teft_cards_image_url":"","teft_cards_custom_pretitle":"","teft_cards_image_id":252,"teft_cards_image_focal_point_x":0.5,"teft_cards_image_focal_point_y":0.5,"teft_cards_title":"","teft_cards_excerpt":"","teft_show_chapters":false,"author_display_name":"","footnotes":""},"category":[1],"post_tag":[],"hoyre-visibility":[],"article-type":[],"politician":[],"class_list":["post-251","post","type-post","status-publish","format-standard","hentry","category-nyheter"],"yoast_head":"<!-- This site is optimized with the Yoast SEO plugin v26.6 - https:\/\/yoast.com\/wordpress\/plugins\/seo\/ -->\n<title>Verdensarvstatus og forpliktende finansieringsplan - Telemark H\u00f8yre<\/title>\n<meta name=\"robots\" content=\"index, follow, max-snippet:-1, max-image-preview:large, max-video-preview:-1\" \/>\n<link rel=\"canonical\" href=\"https:\/\/hoyre.no\/telemark\/aktuelt\/verdensarvstatus-og-forpliktende-finansieringsplan\/\" \/>\n<meta property=\"og:locale\" content=\"nb_NO\" \/>\n<meta property=\"og:type\" content=\"article\" \/>\n<meta property=\"og:title\" content=\"Verdensarvstatus og forpliktende finansieringsplan - Telemark H\u00f8yre\" \/>\n<meta property=\"og:url\" content=\"https:\/\/hoyre.no\/telemark\/aktuelt\/verdensarvstatus-og-forpliktende-finansieringsplan\/\" \/>\n<meta property=\"og:site_name\" content=\"Telemark H\u00f8yre\" \/>\n<meta property=\"article:published_time\" content=\"2025-02-03T09:43:33+00:00\" \/>\n<meta property=\"article:modified_time\" content=\"2025-02-03T09:43:34+00:00\" \/>\n<meta property=\"og:image\" content=\"https:\/\/hoyre.no\/content\/uploads\/sites\/429\/2025\/01\/Helene2-835x1024.jpg\" \/>\n<meta name=\"author\" content=\"Ole Espen Strand\" \/>\n<meta name=\"twitter:card\" content=\"summary_large_image\" \/>\n<meta name=\"twitter:label1\" content=\"Skrevet av\" \/>\n\t<meta name=\"twitter:data1\" content=\"Ole Espen Strand\" \/>\n\t<meta name=\"twitter:label2\" content=\"Ansl. lesetid\" \/>\n\t<meta name=\"twitter:data2\" content=\"4 minutter\" \/>\n<script type=\"application\/ld+json\" class=\"yoast-schema-graph\">{\"@context\":\"https:\/\/schema.org\",\"@graph\":[{\"@type\":\"Article\",\"@id\":\"https:\/\/hoyre.no\/telemark\/aktuelt\/verdensarvstatus-og-forpliktende-finansieringsplan\/#article\",\"isPartOf\":{\"@id\":\"https:\/\/hoyre.no\/telemark\/aktuelt\/verdensarvstatus-og-forpliktende-finansieringsplan\/\"},\"author\":{\"name\":\"Ole Espen Strand\",\"@id\":\"https:\/\/hoyre.no\/telemark\/#\/schema\/person\/e53549e4110bc61d77480d222e49eef1\"},\"headline\":\"Verdensarvstatus og forpliktende finansieringsplan\",\"datePublished\":\"2025-02-03T09:43:33+00:00\",\"dateModified\":\"2025-02-03T09:43:34+00:00\",\"mainEntityOfPage\":{\"@id\":\"https:\/\/hoyre.no\/telemark\/aktuelt\/verdensarvstatus-og-forpliktende-finansieringsplan\/\"},\"wordCount\":647,\"publisher\":{\"@id\":\"https:\/\/hoyre.no\/telemark\/#organization\"},\"articleSection\":[\"Nyheter\"],\"inLanguage\":\"nb-NO\"},{\"@type\":\"NewsArticle\",\"@id\":\"https:\/\/hoyre.no\/telemark\/aktuelt\/verdensarvstatus-og-forpliktende-finansieringsplan\/\",\"url\":\"https:\/\/hoyre.no\/telemark\/aktuelt\/verdensarvstatus-og-forpliktende-finansieringsplan\/\",\"name\":\"Verdensarvstatus og forpliktende finansieringsplan - Telemark H\u00f8yre\",\"isPartOf\":{\"@id\":\"https:\/\/hoyre.no\/telemark\/#website\"},\"datePublished\":\"2025-02-03T09:43:33+00:00\",\"dateModified\":\"2025-02-03T09:43:34+00:00\",\"breadcrumb\":{\"@id\":\"https:\/\/hoyre.no\/telemark\/aktuelt\/verdensarvstatus-og-forpliktende-finansieringsplan\/#breadcrumb\"},\"inLanguage\":\"nb-NO\",\"potentialAction\":[{\"@type\":\"ReadAction\",\"target\":[\"https:\/\/hoyre.no\/telemark\/aktuelt\/verdensarvstatus-og-forpliktende-finansieringsplan\/\"]}]},{\"@type\":\"BreadcrumbList\",\"@id\":\"https:\/\/hoyre.no\/telemark\/aktuelt\/verdensarvstatus-og-forpliktende-finansieringsplan\/#breadcrumb\",\"itemListElement\":[{\"@type\":\"ListItem\",\"position\":1,\"name\":\"Til hoyre.no\",\"item\":\"https:\/\/hoyre.no\"},{\"@type\":\"ListItem\",\"position\":2,\"name\":\"Hjem\",\"item\":\"https:\/\/hoyre.no\/telemark\/\"},{\"@type\":\"ListItem\",\"position\":3,\"name\":\"Verdensarvstatus og forpliktende finansieringsplan\"}]},{\"@type\":\"WebSite\",\"@id\":\"https:\/\/hoyre.no\/telemark\/#website\",\"url\":\"https:\/\/hoyre.no\/telemark\/\",\"name\":\"Telemark H\u00f8yre\",\"description\":\"Bare enda et H\u00f8yres nettsteder-nettsted\",\"publisher\":{\"@id\":\"https:\/\/hoyre.no\/telemark\/#organization\"},\"inLanguage\":\"nb-NO\"},{\"@type\":\"Organization\",\"@id\":\"https:\/\/hoyre.no\/telemark\/#organization\",\"name\":\"Telemark H\u00f8yre\",\"url\":\"https:\/\/hoyre.no\/telemark\/\",\"logo\":{\"@type\":\"ImageObject\",\"inLanguage\":\"nb-NO\",\"@id\":\"https:\/\/hoyre.no\/telemark\/#\/schema\/logo\/image\/\",\"url\":\"https:\/\/hoyre.no\/content\/uploads\/sites\/429\/2023\/02\/hoyre_logo.png\",\"contentUrl\":\"https:\/\/hoyre.no\/content\/uploads\/sites\/429\/2023\/02\/hoyre_logo.png\",\"width\":1000,\"height\":1000,\"caption\":\"Telemark H\u00f8yre\"},\"image\":{\"@id\":\"https:\/\/hoyre.no\/telemark\/#\/schema\/logo\/image\/\"}},{\"@type\":\"Person\",\"@id\":\"https:\/\/hoyre.no\/telemark\/#\/schema\/person\/e53549e4110bc61d77480d222e49eef1\",\"name\":\"Ole Espen Strand\",\"image\":{\"@type\":\"ImageObject\",\"inLanguage\":\"nb-NO\",\"@id\":\"https:\/\/hoyre.no\/telemark\/#\/schema\/person\/image\/\",\"url\":\"https:\/\/secure.gravatar.com\/avatar\/b5ab5bf6a88c5268515bd75538435c1a23c6bb23748faa38dbe737b284a38918?s=96&d=mm&r=g\",\"contentUrl\":\"https:\/\/secure.gravatar.com\/avatar\/b5ab5bf6a88c5268515bd75538435c1a23c6bb23748faa38dbe737b284a38918?s=96&d=mm&r=g\",\"caption\":\"Ole Espen Strand\"},\"url\":\"https:\/\/hoyre.no\/telemark\/aktuelt\/author\/m11380987\/\"}]}<\/script>\n<!-- \/ Yoast SEO plugin. -->","yoast_head_json":{"title":"Verdensarvstatus og forpliktende finansieringsplan - Telemark H\u00f8yre","robots":{"index":"index","follow":"follow","max-snippet":"max-snippet:-1","max-image-preview":"max-image-preview:large","max-video-preview":"max-video-preview:-1"},"canonical":"https:\/\/hoyre.no\/telemark\/aktuelt\/verdensarvstatus-og-forpliktende-finansieringsplan\/","og_locale":"nb_NO","og_type":"article","og_title":"Verdensarvstatus og forpliktende finansieringsplan - Telemark H\u00f8yre","og_url":"https:\/\/hoyre.no\/telemark\/aktuelt\/verdensarvstatus-og-forpliktende-finansieringsplan\/","og_site_name":"Telemark H\u00f8yre","article_published_time":"2025-02-03T09:43:33+00:00","article_modified_time":"2025-02-03T09:43:34+00:00","og_image":[{"url":"https:\/\/hoyre.no\/content\/uploads\/sites\/429\/2025\/01\/Helene2-835x1024.jpg","width":"","height":"","type":""}],"author":"Ole Espen Strand","twitter_card":"summary_large_image","twitter_misc":{"Skrevet av":"Ole Espen Strand","Ansl. lesetid":"4 minutter"},"schema":{"@context":"https:\/\/schema.org","@graph":[{"@type":"Article","@id":"https:\/\/hoyre.no\/telemark\/aktuelt\/verdensarvstatus-og-forpliktende-finansieringsplan\/#article","isPartOf":{"@id":"https:\/\/hoyre.no\/telemark\/aktuelt\/verdensarvstatus-og-forpliktende-finansieringsplan\/"},"author":{"name":"Ole Espen Strand","@id":"https:\/\/hoyre.no\/telemark\/#\/schema\/person\/e53549e4110bc61d77480d222e49eef1"},"headline":"Verdensarvstatus og forpliktende finansieringsplan","datePublished":"2025-02-03T09:43:33+00:00","dateModified":"2025-02-03T09:43:34+00:00","mainEntityOfPage":{"@id":"https:\/\/hoyre.no\/telemark\/aktuelt\/verdensarvstatus-og-forpliktende-finansieringsplan\/"},"wordCount":647,"publisher":{"@id":"https:\/\/hoyre.no\/telemark\/#organization"},"articleSection":["Nyheter"],"inLanguage":"nb-NO"},{"@type":"NewsArticle","@id":"https:\/\/hoyre.no\/telemark\/aktuelt\/verdensarvstatus-og-forpliktende-finansieringsplan\/","url":"https:\/\/hoyre.no\/telemark\/aktuelt\/verdensarvstatus-og-forpliktende-finansieringsplan\/","name":"Verdensarvstatus og forpliktende finansieringsplan - Telemark H\u00f8yre","isPartOf":{"@id":"https:\/\/hoyre.no\/telemark\/#website"},"datePublished":"2025-02-03T09:43:33+00:00","dateModified":"2025-02-03T09:43:34+00:00","breadcrumb":{"@id":"https:\/\/hoyre.no\/telemark\/aktuelt\/verdensarvstatus-og-forpliktende-finansieringsplan\/#breadcrumb"},"inLanguage":"nb-NO","potentialAction":[{"@type":"ReadAction","target":["https:\/\/hoyre.no\/telemark\/aktuelt\/verdensarvstatus-og-forpliktende-finansieringsplan\/"]}]},{"@type":"BreadcrumbList","@id":"https:\/\/hoyre.no\/telemark\/aktuelt\/verdensarvstatus-og-forpliktende-finansieringsplan\/#breadcrumb","itemListElement":[{"@type":"ListItem","position":1,"name":"Til hoyre.no","item":"https:\/\/hoyre.no"},{"@type":"ListItem","position":2,"name":"Hjem","item":"https:\/\/hoyre.no\/telemark\/"},{"@type":"ListItem","position":3,"name":"Verdensarvstatus og forpliktende finansieringsplan"}]},{"@type":"WebSite","@id":"https:\/\/hoyre.no\/telemark\/#website","url":"https:\/\/hoyre.no\/telemark\/","name":"Telemark H\u00f8yre","description":"Bare enda et H\u00f8yres nettsteder-nettsted","publisher":{"@id":"https:\/\/hoyre.no\/telemark\/#organization"},"inLanguage":"nb-NO"},{"@type":"Organization","@id":"https:\/\/hoyre.no\/telemark\/#organization","name":"Telemark H\u00f8yre","url":"https:\/\/hoyre.no\/telemark\/","logo":{"@type":"ImageObject","inLanguage":"nb-NO","@id":"https:\/\/hoyre.no\/telemark\/#\/schema\/logo\/image\/","url":"https:\/\/hoyre.no\/content\/uploads\/sites\/429\/2023\/02\/hoyre_logo.png","contentUrl":"https:\/\/hoyre.no\/content\/uploads\/sites\/429\/2023\/02\/hoyre_logo.png","width":1000,"height":1000,"caption":"Telemark H\u00f8yre"},"image":{"@id":"https:\/\/hoyre.no\/telemark\/#\/schema\/logo\/image\/"}},{"@type":"Person","@id":"https:\/\/hoyre.no\/telemark\/#\/schema\/person\/e53549e4110bc61d77480d222e49eef1","name":"Ole Espen Strand","image":{"@type":"ImageObject","inLanguage":"nb-NO","@id":"https:\/\/hoyre.no\/telemark\/#\/schema\/person\/image\/","url":"https:\/\/secure.gravatar.com\/avatar\/b5ab5bf6a88c5268515bd75538435c1a23c6bb23748faa38dbe737b284a38918?s=96&d=mm&r=g","contentUrl":"https:\/\/secure.gravatar.com\/avatar\/b5ab5bf6a88c5268515bd75538435c1a23c6bb23748faa38dbe737b284a38918?s=96&d=mm&r=g","caption":"Ole Espen Strand"},"url":"https:\/\/hoyre.no\/telemark\/aktuelt\/author\/m11380987\/"}]}},"distributor_meta":false,"distributor_terms":false,"distributor_media":false,"distributor_original_site_name":"Telemark H\u00f8yre","distributor_original_site_url":"https:\/\/hoyre.no\/telemark","push-errors":false,"_links":{"self":[{"href":"https:\/\/hoyre.no\/telemark\/wp-json\/wp\/v2\/posts\/251","targetHints":{"allow":["GET"]}}],"collection":[{"href":"https:\/\/hoyre.no\/telemark\/wp-json\/wp\/v2\/posts"}],"about":[{"href":"https:\/\/hoyre.no\/telemark\/wp-json\/wp\/v2\/types\/post"}],"author":[{"embeddable":true,"href":"https:\/\/hoyre.no\/telemark\/wp-json\/wp\/v2\/users\/376"}],"replies":[{"embeddable":true,"href":"https:\/\/hoyre.no\/telemark\/wp-json\/wp\/v2\/comments?post=251"}],"version-history":[{"count":1,"href":"https:\/\/hoyre.no\/telemark\/wp-json\/wp\/v2\/posts\/251\/revisions"}],"predecessor-version":[{"id":253,"href":"https:\/\/hoyre.no\/telemark\/wp-json\/wp\/v2\/posts\/251\/revisions\/253"}],"wp:attachment":[{"href":"https:\/\/hoyre.no\/telemark\/wp-json\/wp\/v2\/media?parent=251"}],"wp:term":[{"taxonomy":"category","embeddable":true,"href":"https:\/\/hoyre.no\/telemark\/wp-json\/wp\/v2\/category?post=251"},{"taxonomy":"post_tag","embeddable":true,"href":"https:\/\/hoyre.no\/telemark\/wp-json\/wp\/v2\/post_tag?post=251"},{"taxonomy":"hoyre-visibility","embeddable":true,"href":"https:\/\/hoyre.no\/telemark\/wp-json\/wp\/v2\/hoyre-visibility?post=251"},{"taxonomy":"article-type","embeddable":true,"href":"https:\/\/hoyre.no\/telemark\/wp-json\/wp\/v2\/article-type?post=251"},{"taxonomy":"politician","embeddable":true,"href":"https:\/\/hoyre.no\/telemark\/wp-json\/wp\/v2\/politician?post=251"}],"curies":[{"name":"wp","href":"https:\/\/api.w.org\/{rel}","templated":true}]}}