{"id":267,"date":"2025-03-11T12:20:27","date_gmt":"2025-03-11T11:20:27","guid":{"rendered":"https:\/\/hoyre.no\/telemark\/?p=267"},"modified":"2025-03-11T12:20:28","modified_gmt":"2025-03-11T11:20:28","slug":"fred-oppmuntrer-bjornen-i-ost","status":"publish","type":"post","link":"https:\/\/hoyre.no\/telemark\/aktuelt\/fred-oppmuntrer-bjornen-i-ost\/","title":{"rendered":"\u00abFred\u00bb oppmuntrer bj\u00f8rnen i \u00f8st"},"content":{"rendered":"\n<p class=\"preamble\">N\u00e5r det internasjonale samfunnet aksepterer milit\u00e6r erobring av territorier gjennom en fredsavtale, sender det et farlig signal om at makt g\u00e5r foran rett.<\/p>\t\t\t<div class=\"post-meta wp-block teft-byline-wrapper\">\n\t\t\t\t<div class=\"top\">\n\t\t\t\t\t<div class=\"signature\">\n\t\t\t\t\t\t<div class=\"teft-byline\">\n\t\t\t\t\t\t\t\t\t\t\t\t\t\t<div>\n\t\t\t\t\t\t\t\t<h3>H\u00f8yres redaksjon<\/h3>\t\t\t\t\t\t\t\t\n\t\t\t\t\t\t\t\t\t\t\t\t\t\t\t\t\t<span class=\"date\">Sist oppdatert: 11. mars 2025<\/span>\n\t\t\t\t\t\t\t\t\t\t\t\t\t\t\t\t\t\t\t\t\t\t\t\t\t<span class=\"reading-time\" itemprop=\"timeRequired\" content=\"PT4M\"><em>Ca. 4 minutter lesetid<\/em><\/span>\n\t\t\t\t\t\t\t\t\t\t\t\t\t\t\t<\/div>\n\t\t\t\t\t\t<\/div>\n\t\t\t\t\t<\/div>\n\t\t\t\t\t\t<div class=\"sharing\">\n\t\t<a class=\"share-button share-link copy-link\" data-copy=\"https:\/\/hoyre.no\/telemark\/aktuelt\/fred-oppmuntrer-bjornen-i-ost\/\" target=\"_blank\"><span class=\"screen-reader-text\">Del link<\/span><\/a>\n\t\t<a class=\"share-button share-twitter\" href=\"http:\/\/twitter.com\/share?text=\u00abFred\u00bb oppmuntrer bj\u00f8rnen i \u00f8st&#038;url=https:\/\/hoyre.no\/telemark\/aktuelt\/fred-oppmuntrer-bjornen-i-ost\/&#038;hashtags=Hoyre\" target=\"_blank\"><span class=\"screen-reader-text\">Del p\u00e5 twitter<\/span><\/a>\n\t\t<a class=\"share-button share-facebook\" href=\"https:\/\/www.facebook.com\/sharer\/sharer.php?u=https:\/\/hoyre.no\/telemark\/aktuelt\/fred-oppmuntrer-bjornen-i-ost\/\" target=\"_blank\"><span class=\"screen-reader-text\">Del p\u00e5 facebook<\/span><\/a>\n\t<\/div>\n\t\t\t\t\t<\/div>\n\t\t\t<\/div>\n\n\t\t\t<figure class=\"hoyre-image-wrapper\"><div class=\"hoyre-image\"><img loading=\"lazy\" decoding=\"async\" width=\"1200\" height=\"1284\" src=\"https:\/\/hoyre.no\/content\/uploads\/sites\/429\/2025\/03\/Mahmoud4.jpg\" class=\"attachment-scaled size-scaled\" alt=\"\" style=\"object-position: 56.00000000000001% 22%\" srcset=\"https:\/\/hoyre.no\/content\/uploads\/sites\/429\/2025\/03\/Mahmoud4.jpg 1200w, https:\/\/hoyre.no\/content\/uploads\/sites\/429\/2025\/03\/Mahmoud4-280x300.jpg 280w, https:\/\/hoyre.no\/content\/uploads\/sites\/429\/2025\/03\/Mahmoud4-957x1024.jpg 957w, https:\/\/hoyre.no\/content\/uploads\/sites\/429\/2025\/03\/Mahmoud4-768x822.jpg 768w\" sizes=\"auto, (max-width: 1200px) 100vw, 1200px\" \/><\/div><figcaption class=\"caption\">Mahmoud Farahmand, Stortingsrepresentant<\/figcaption><\/figure>\n\n\n\n\n<p>\u00abKrig er politikkens fortsettelse med andre midler\u00bb skrev den pr\u00f8yssiske milit\u00e6rteoretikeren Carl von Clausewitz. I dagens kontekst kan vi legge til at fred p\u00e5 aggressorens premisser er krigens fortsettelse med politiske midler \u2013 en legitimering av maktbruk som undergraver hele den internasjonale rettsordenen.<\/p>\n\n\n\n<p>En fredsavtale mellom Russland og Ukraina som gir etter for Russlands territorielle krav vil ikke bare v\u00e6re et nederlag for Ukraina, men kan f\u00e5 dramatiske f\u00f8lger for den regelbaserte verdensordenen vi har bygget opp siden andre verdenskrig.<\/p>\n\n\n\n<p>For land som Norge, som deler grense med Russland og har verdens nest lengste kystlinje og rikelig med ressurser, vil en slik avtale kunne f\u00e5 direkte sikkerhetspolitiske konsekvenser. Disse konsekvensene m\u00e5 h\u00e5ndteres gjennom \u00f8kt forsvarsevne og beredskap, ikke reduksjon.<\/p>\n\n\n\n<p>Den internasjonale rettsordenen bygger p\u00e5 grunnleggende prinsipper om staters suverenitet og territorielle integritet. N\u00e5r et land kan bruke milit\u00e6rmakt til \u00e5 erobre territorium fra en nabo, og det internasjonale samfunnet aksepterer dette gjennom en fredsavtale, sender det et klart og farlig signal om at makt g\u00e5r foran rett.<\/p>\n\n\n\n<p>Dette er s\u00e6rlig alvorlig n\u00e5r aggressoren er en atommakt som bruker sitt kjernefysiske arsenal som et diplomatisk pressmiddel, slik Russland flere ganger har truet med i l\u00f8pet av den p\u00e5g\u00e5ende krigen i Ukraina.<\/p>\n\n\n\n<p>For mindre stater som grenser til Russland, vil en slik fredsl\u00f8sning representere en fundamental endring i deres sikkerhetspolitiske situasjon. Dersom det internasjonale samfunnet aksepterer at Russland kan tvinge gjennom territorielle endringer med milit\u00e6rmakt, hva hindrer dem i \u00e5 gj\u00f8re det samme mot andre naboer i fremtiden? Dette gjelder ikke bare NATO-medlemmer som Norge og de baltiske statene, men ogs\u00e5 andre land i Russlands \u00abn\u00e6re utland\u00bb.<\/p>\n\n\n\n<p>Paradoksalt nok vil en fredsavtale p\u00e5 Russlands premisser derfor kunne f\u00f8re til \u00f8kt militarisering i Europas nordlige og \u00f8stlige regioner. For \u00e5 forebygge fremtidig russisk aggresjon vil land som grenser til Russland bli n\u00f8dt til \u00e5 styrke sin forsvarsevne og milit\u00e6re avskrekking.<\/p>\n\n\n\n<p>For Norges del betyr dette at vi m\u00e5 fortsette \u00e5 investere tungt i Forsvaret. Dette inneb\u00e6rer kapasiteter som har en avskrekkende effekt og \u00f8ker kostnadene for en eventuell aggressor.<\/p>\n\n\n\n<p>En krig kjempes ikke av Forsvaret alene. Forsvarsevne handler om samfunnets totale kapasitet til \u00e5 h\u00e5ndtere fasene f\u00f8r en fullskala krig bryter ut og selve krigshandlingene. Derfor er ikke et sterkt forsvar alene tilstrekkelig.<\/p>\n\n\n\n<p>Det er en selvf\u00f8lge at tempoet p\u00e5 forsvarsinvesteringene m\u00e5 \u00f8kes, \u00f8vingsaktiviteten i nord intensiveres og samarbeidet med v\u00e5re allierte styrkes ytterligere. Men v\u00e5r totale forsvarsevne utover de ovennevnte satsingene m\u00e5 ogs\u00e5 styrkes betydelig.<\/p>\n\n\n\n<p>Dette betyr blant annet at vi m\u00e5 kunne opprettholde \u00f8konomisk aktivitet i forskjellige faser av krig og konflikt. Alle samfunnsfunksjoner m\u00e5 kunne levere grunnleggende tjenester, og befolkningen m\u00e5 i st\u00f8rre grad kunne st\u00e5 p\u00e5 egne bein i lengre perioder. Av erfaring vet vi at det er store forskjeller mellom by og land n\u00e5r det kommer til disse problemstillingene.<\/p>\n\n\n\n<p>Det er en farlig misforst\u00e5else \u00e5 tro at en fredsavtale som bel\u00f8nner russisk aggresjon vil f\u00f8re til redusert spenning og dermed lavere forsvarsbehov. Historien har vist oss gjentatte ganger at ettergivenhet overfor aggressive stater sjelden f\u00f8rer til varig fred, men ofte til nye konflikter. En fredsavtale med Russland vil dermed kunne oppmuntre til mer aggressiv atferd fra bj\u00f8rnen i \u00f8st.<\/p>\n\n\n\n<p>Dette handler ikke bare om forsvarsevne, men ogs\u00e5 om politisk vilje og evne til \u00e5 st\u00e5 imot press. En fredsavtale som legitimerer bruk av milit\u00e6rmakt for \u00e5 endre grenser vil undergrave hele det sikkerhetspolitiske fundamentet som har sikret stabilitet i Europa i etterkrigstiden.<\/p>\n\n\n\n<p>Derfor m\u00e5 det internasjonale samfunnet st\u00e5 fast p\u00e5 prinsippet om at grenser ikke kan endres med makt. En fredsl\u00f8sning m\u00e5 inkludere Ukraina, og ivareta dets suverenitet. Alt annet vil sende et signal om at aggresjon l\u00f8nner seg, noe som vil true sikkerheten til alle stater som grenser til land med territorielle ambisjoner.<\/p>\n\n\n\n<p>For Norge betyr dette at vi m\u00e5 fortsette \u00e5 investere i et v\u00e5r forsvarsevne, uavhengig av hvordan krigen i Ukraina ender. En fredsavtale p\u00e5 Russlands premisser vil ikke redusere behovet for avskrekking \u2013 den vil tvert imot \u00f8ke det. Dette er en realitet vi m\u00e5 forholde oss til, og som m\u00e5 reflekteres i v\u00e5re forsvars- og sikkerhetspolitiske prioriteringer i \u00e5rene som kommer.<\/p>\n\n\n<div class=\"tags\">\n\t<\/div>\n<div class=\"post-footer alignfull has-background block-editor-block-list__block\" data-align=full>\n\t<div class=\"post-footer-inner\">\n\t\t<h3>Relaterte artikler<\/h3>\n\t\t<div class=\"related-content\"><div class=\"is-card-hoyre\">\n\t<div class=\"teft-card hoyre-teft-card post-teft-card\">\n\t\t<a href=\"https:\/\/hoyre.no\/telemark\/aktuelt\/na-er-det-pa-tide-at-norge-blir-med-i-eu\/\" class=\"teft-card__primary-action\">\n\n\t\t\t\t\t<div class=\"teft-card__media teft-card__media--16-9\">\n\t\t\t\t\t\t<img loading=\"lazy\" decoding=\"async\" width=\"768\" height=\"733\" src=\"https:\/\/hoyre.no\/content\/uploads\/sites\/429\/2024\/12\/Helene1-768x733.jpg\" class=\"attachment-medium_large size-medium_large\" alt=\"\" srcset=\"https:\/\/hoyre.no\/content\/uploads\/sites\/429\/2024\/12\/Helene1-768x733.jpg 768w, https:\/\/hoyre.no\/content\/uploads\/sites\/429\/2024\/12\/Helene1-300x286.jpg 300w, https:\/\/hoyre.no\/content\/uploads\/sites\/429\/2024\/12\/Helene1-1024x977.jpg 1024w, https:\/\/hoyre.no\/content\/uploads\/sites\/429\/2024\/12\/Helene1.jpg 1043w\" sizes=\"auto, (max-width: 768px) 100vw, 768px\" \/>\t\t<\/div>\n\t\t\n\t\t\t<div class=\"teft-card__content-wrapper\">\n\t\t\t\t<div class=\"teft-card__secondary\">\n\t\t\t\t\t\n\t\t\t\t\t\t\t\t<div class=\"teft-card__meta\">\n\t\t\t\t\t\t\t\t\t<span class=\"post-date\">24. feb 2025<\/span>\n\n\t\t\t\t\t\t\t\t\t<span class=\"post-category\">Nyheter<\/span>\t\t\t\t\t\t\t\t<\/div>\n\t\t\t\t\t\t\t\t\t\t\t<\/div>\n\n\t\t\t\t<div class=\"teft-card__primary\">\n\t\t\t\t\t<h2 class=\"teft-card__title\">N\u00e5 er det p\u00e5 tide at Norge blir med i EU&nbsp;<span class=\"teft-card__primary-title-append\"><\/span><\/h2>\t\t\t\t<\/div>\n\t\t\t<\/div>\n\t\t<\/a>\n\t<\/div>\n\n\t<\/div><div class=\"is-card-hoyre\">\n\t<div class=\"teft-card hoyre-teft-card post-teft-card\">\n\t\t<a href=\"https:\/\/hoyre.no\/telemark\/aktuelt\/sjeldne-jordarter-kritiske-og-strategiske-ravarer\/\" class=\"teft-card__primary-action\">\n\n\t\t\t\t\t<div class=\"teft-card__media teft-card__media--16-9\">\n\t\t\t\t\t\t<img loading=\"lazy\" decoding=\"async\" width=\"768\" height=\"726\" src=\"https:\/\/hoyre.no\/content\/uploads\/sites\/429\/2025\/02\/sjeldenejordarter-768x726.jpg\" class=\"attachment-medium_large size-medium_large\" alt=\"\" srcset=\"https:\/\/hoyre.no\/content\/uploads\/sites\/429\/2025\/02\/sjeldenejordarter-768x726.jpg 768w, https:\/\/hoyre.no\/content\/uploads\/sites\/429\/2025\/02\/sjeldenejordarter-300x283.jpg 300w, https:\/\/hoyre.no\/content\/uploads\/sites\/429\/2025\/02\/sjeldenejordarter-1024x967.jpg 1024w, https:\/\/hoyre.no\/content\/uploads\/sites\/429\/2025\/02\/sjeldenejordarter.jpg 1284w\" sizes=\"auto, (max-width: 768px) 100vw, 768px\" \/>\t\t<\/div>\n\t\t\n\t\t\t<div class=\"teft-card__content-wrapper\">\n\t\t\t\t<div class=\"teft-card__secondary\">\n\t\t\t\t\t\n\t\t\t\t\t\t\t\t<div class=\"teft-card__meta\">\n\t\t\t\t\t\t\t\t\t<span class=\"post-date\">6. feb 2025<\/span>\n\n\t\t\t\t\t\t\t\t\t<span class=\"post-category\">Nyheter<\/span>\t\t\t\t\t\t\t\t<\/div>\n\t\t\t\t\t\t\t\t\t\t\t<\/div>\n\n\t\t\t\t<div class=\"teft-card__primary\">\n\t\t\t\t\t<h2 class=\"teft-card__title\">Sjeldne jordarter \u2013 kritiske og strategiske r\u00e5varer&nbsp;<span class=\"teft-card__primary-title-append\"><\/span><\/h2>\t\t\t\t<\/div>\n\t\t\t<\/div>\n\t\t<\/a>\n\t<\/div>\n\n\t<\/div><div class=\"is-card-hoyre\">\n\t<div class=\"teft-card hoyre-teft-card post-teft-card\">\n\t\t<a href=\"https:\/\/hoyre.no\/telemark\/aktuelt\/norge-et-foregangsland-innen-baerekraftig-energi-og-verdiskaping\/\" class=\"teft-card__primary-action\">\n\n\t\t\t\t\t<div class=\"teft-card__media teft-card__media--16-9\">\n\t\t\t\t\t\t<img loading=\"lazy\" decoding=\"async\" width=\"768\" height=\"646\" src=\"https:\/\/hoyre.no\/content\/uploads\/sites\/429\/2025\/02\/Fornybarenergi-768x646.avif\" class=\"attachment-medium_large size-medium_large\" alt=\"\" srcset=\"https:\/\/hoyre.no\/content\/uploads\/sites\/429\/2025\/02\/Fornybarenergi-768x646.avif 768w, https:\/\/hoyre.no\/content\/uploads\/sites\/429\/2025\/02\/Fornybarenergi-300x252.avif 300w, https:\/\/hoyre.no\/content\/uploads\/sites\/429\/2025\/02\/Fornybarenergi-1024x861.avif 1024w, https:\/\/hoyre.no\/content\/uploads\/sites\/429\/2025\/02\/Fornybarenergi.avif 1272w\" sizes=\"auto, (max-width: 768px) 100vw, 768px\" \/>\t\t<\/div>\n\t\t\n\t\t\t<div class=\"teft-card__content-wrapper\">\n\t\t\t\t<div class=\"teft-card__secondary\">\n\t\t\t\t\t\n\t\t\t\t\t\t\t\t<div class=\"teft-card__meta\">\n\t\t\t\t\t\t\t\t\t<span class=\"post-date\">5. feb 2025<\/span>\n\n\t\t\t\t\t\t\t\t\t<span class=\"post-category\">Nyheter<\/span>\t\t\t\t\t\t\t\t<\/div>\n\t\t\t\t\t\t\t\t\t\t\t<\/div>\n\n\t\t\t\t<div class=\"teft-card__primary\">\n\t\t\t\t\t<h2 class=\"teft-card__title\">Norge, et foregangsland innen b\u00e6rekraftig energi og verdiskaping&nbsp;<span class=\"teft-card__primary-title-append\"><\/span><\/h2>\t\t\t\t<\/div>\n\t\t\t<\/div>\n\t\t<\/a>\n\t<\/div>\n\n\t<\/div><\/div>\t<\/div>\n<\/div>\n","protected":false},"excerpt":{"rendered":"","protected":false},"author":376,"featured_media":0,"comment_status":"closed","ping_status":"closed","sticky":false,"template":"","format":"standard","meta":{"teft_cards_image_url":"","teft_cards_custom_pretitle":"","teft_cards_image_id":268,"teft_cards_image_focal_point_x":0.56,"teft_cards_image_focal_point_y":0.2,"teft_cards_title":"","teft_cards_excerpt":"","teft_show_chapters":false,"author_display_name":"","footnotes":""},"category":[1],"post_tag":[],"hoyre-visibility":[],"article-type":[],"politician":[],"class_list":["post-267","post","type-post","status-publish","format-standard","hentry","category-nyheter"],"yoast_head":"<!-- This site is optimized with the Yoast SEO plugin v26.6 - https:\/\/yoast.com\/wordpress\/plugins\/seo\/ -->\n<title>\u00abFred\u00bb oppmuntrer bj\u00f8rnen i \u00f8st - Telemark H\u00f8yre<\/title>\n<meta name=\"robots\" content=\"index, follow, max-snippet:-1, max-image-preview:large, max-video-preview:-1\" \/>\n<link rel=\"canonical\" href=\"https:\/\/hoyre.no\/telemark\/aktuelt\/fred-oppmuntrer-bjornen-i-ost\/\" \/>\n<meta property=\"og:locale\" content=\"nb_NO\" \/>\n<meta property=\"og:type\" content=\"article\" \/>\n<meta property=\"og:title\" content=\"\u00abFred\u00bb oppmuntrer bj\u00f8rnen i \u00f8st - Telemark H\u00f8yre\" \/>\n<meta property=\"og:url\" content=\"https:\/\/hoyre.no\/telemark\/aktuelt\/fred-oppmuntrer-bjornen-i-ost\/\" \/>\n<meta property=\"og:site_name\" content=\"Telemark H\u00f8yre\" \/>\n<meta property=\"article:published_time\" content=\"2025-03-11T11:20:27+00:00\" \/>\n<meta property=\"article:modified_time\" content=\"2025-03-11T11:20:28+00:00\" \/>\n<meta property=\"og:image\" content=\"https:\/\/hoyre.no\/content\/uploads\/sites\/429\/2025\/02\/Arsmotet25-1024x768.jpg\" \/>\n<meta name=\"author\" content=\"Ole Espen Strand\" \/>\n<meta name=\"twitter:card\" content=\"summary_large_image\" \/>\n<meta name=\"twitter:label1\" content=\"Skrevet av\" \/>\n\t<meta name=\"twitter:data1\" content=\"Ole Espen Strand\" \/>\n\t<meta name=\"twitter:label2\" content=\"Ansl. lesetid\" \/>\n\t<meta name=\"twitter:data2\" content=\"4 minutter\" \/>\n<script type=\"application\/ld+json\" class=\"yoast-schema-graph\">{\"@context\":\"https:\/\/schema.org\",\"@graph\":[{\"@type\":\"Article\",\"@id\":\"https:\/\/hoyre.no\/telemark\/aktuelt\/fred-oppmuntrer-bjornen-i-ost\/#article\",\"isPartOf\":{\"@id\":\"https:\/\/hoyre.no\/telemark\/aktuelt\/fred-oppmuntrer-bjornen-i-ost\/\"},\"author\":{\"name\":\"Ole Espen Strand\",\"@id\":\"https:\/\/hoyre.no\/telemark\/#\/schema\/person\/e53549e4110bc61d77480d222e49eef1\"},\"headline\":\"\u00abFred\u00bb oppmuntrer bj\u00f8rnen i \u00f8st\",\"datePublished\":\"2025-03-11T11:20:27+00:00\",\"dateModified\":\"2025-03-11T11:20:28+00:00\",\"mainEntityOfPage\":{\"@id\":\"https:\/\/hoyre.no\/telemark\/aktuelt\/fred-oppmuntrer-bjornen-i-ost\/\"},\"wordCount\":753,\"publisher\":{\"@id\":\"https:\/\/hoyre.no\/telemark\/#organization\"},\"articleSection\":[\"Nyheter\"],\"inLanguage\":\"nb-NO\"},{\"@type\":\"NewsArticle\",\"@id\":\"https:\/\/hoyre.no\/telemark\/aktuelt\/fred-oppmuntrer-bjornen-i-ost\/\",\"url\":\"https:\/\/hoyre.no\/telemark\/aktuelt\/fred-oppmuntrer-bjornen-i-ost\/\",\"name\":\"\u00abFred\u00bb oppmuntrer bj\u00f8rnen i \u00f8st - Telemark H\u00f8yre\",\"isPartOf\":{\"@id\":\"https:\/\/hoyre.no\/telemark\/#website\"},\"datePublished\":\"2025-03-11T11:20:27+00:00\",\"dateModified\":\"2025-03-11T11:20:28+00:00\",\"breadcrumb\":{\"@id\":\"https:\/\/hoyre.no\/telemark\/aktuelt\/fred-oppmuntrer-bjornen-i-ost\/#breadcrumb\"},\"inLanguage\":\"nb-NO\",\"potentialAction\":[{\"@type\":\"ReadAction\",\"target\":[\"https:\/\/hoyre.no\/telemark\/aktuelt\/fred-oppmuntrer-bjornen-i-ost\/\"]}]},{\"@type\":\"BreadcrumbList\",\"@id\":\"https:\/\/hoyre.no\/telemark\/aktuelt\/fred-oppmuntrer-bjornen-i-ost\/#breadcrumb\",\"itemListElement\":[{\"@type\":\"ListItem\",\"position\":1,\"name\":\"Til hoyre.no\",\"item\":\"https:\/\/hoyre.no\"},{\"@type\":\"ListItem\",\"position\":2,\"name\":\"Hjem\",\"item\":\"https:\/\/hoyre.no\/telemark\/\"},{\"@type\":\"ListItem\",\"position\":3,\"name\":\"\u00abFred\u00bb oppmuntrer bj\u00f8rnen i \u00f8st\"}]},{\"@type\":\"WebSite\",\"@id\":\"https:\/\/hoyre.no\/telemark\/#website\",\"url\":\"https:\/\/hoyre.no\/telemark\/\",\"name\":\"Telemark H\u00f8yre\",\"description\":\"Bare enda et H\u00f8yres nettsteder-nettsted\",\"publisher\":{\"@id\":\"https:\/\/hoyre.no\/telemark\/#organization\"},\"inLanguage\":\"nb-NO\"},{\"@type\":\"Organization\",\"@id\":\"https:\/\/hoyre.no\/telemark\/#organization\",\"name\":\"Telemark H\u00f8yre\",\"url\":\"https:\/\/hoyre.no\/telemark\/\",\"logo\":{\"@type\":\"ImageObject\",\"inLanguage\":\"nb-NO\",\"@id\":\"https:\/\/hoyre.no\/telemark\/#\/schema\/logo\/image\/\",\"url\":\"https:\/\/hoyre.no\/content\/uploads\/sites\/429\/2023\/02\/hoyre_logo.png\",\"contentUrl\":\"https:\/\/hoyre.no\/content\/uploads\/sites\/429\/2023\/02\/hoyre_logo.png\",\"width\":1000,\"height\":1000,\"caption\":\"Telemark H\u00f8yre\"},\"image\":{\"@id\":\"https:\/\/hoyre.no\/telemark\/#\/schema\/logo\/image\/\"}},{\"@type\":\"Person\",\"@id\":\"https:\/\/hoyre.no\/telemark\/#\/schema\/person\/e53549e4110bc61d77480d222e49eef1\",\"name\":\"Ole Espen Strand\",\"image\":{\"@type\":\"ImageObject\",\"inLanguage\":\"nb-NO\",\"@id\":\"https:\/\/hoyre.no\/telemark\/#\/schema\/person\/image\/\",\"url\":\"https:\/\/secure.gravatar.com\/avatar\/b5ab5bf6a88c5268515bd75538435c1a23c6bb23748faa38dbe737b284a38918?s=96&d=mm&r=g\",\"contentUrl\":\"https:\/\/secure.gravatar.com\/avatar\/b5ab5bf6a88c5268515bd75538435c1a23c6bb23748faa38dbe737b284a38918?s=96&d=mm&r=g\",\"caption\":\"Ole Espen Strand\"},\"url\":\"https:\/\/hoyre.no\/telemark\/aktuelt\/author\/m11380987\/\"}]}<\/script>\n<!-- \/ Yoast SEO plugin. -->","yoast_head_json":{"title":"\u00abFred\u00bb oppmuntrer bj\u00f8rnen i \u00f8st - Telemark H\u00f8yre","robots":{"index":"index","follow":"follow","max-snippet":"max-snippet:-1","max-image-preview":"max-image-preview:large","max-video-preview":"max-video-preview:-1"},"canonical":"https:\/\/hoyre.no\/telemark\/aktuelt\/fred-oppmuntrer-bjornen-i-ost\/","og_locale":"nb_NO","og_type":"article","og_title":"\u00abFred\u00bb oppmuntrer bj\u00f8rnen i \u00f8st - Telemark H\u00f8yre","og_url":"https:\/\/hoyre.no\/telemark\/aktuelt\/fred-oppmuntrer-bjornen-i-ost\/","og_site_name":"Telemark H\u00f8yre","article_published_time":"2025-03-11T11:20:27+00:00","article_modified_time":"2025-03-11T11:20:28+00:00","og_image":[{"url":"https:\/\/hoyre.no\/content\/uploads\/sites\/429\/2025\/02\/Arsmotet25-1024x768.jpg","width":"","height":"","type":""}],"author":"Ole Espen Strand","twitter_card":"summary_large_image","twitter_misc":{"Skrevet av":"Ole Espen Strand","Ansl. lesetid":"4 minutter"},"schema":{"@context":"https:\/\/schema.org","@graph":[{"@type":"Article","@id":"https:\/\/hoyre.no\/telemark\/aktuelt\/fred-oppmuntrer-bjornen-i-ost\/#article","isPartOf":{"@id":"https:\/\/hoyre.no\/telemark\/aktuelt\/fred-oppmuntrer-bjornen-i-ost\/"},"author":{"name":"Ole Espen Strand","@id":"https:\/\/hoyre.no\/telemark\/#\/schema\/person\/e53549e4110bc61d77480d222e49eef1"},"headline":"\u00abFred\u00bb oppmuntrer bj\u00f8rnen i \u00f8st","datePublished":"2025-03-11T11:20:27+00:00","dateModified":"2025-03-11T11:20:28+00:00","mainEntityOfPage":{"@id":"https:\/\/hoyre.no\/telemark\/aktuelt\/fred-oppmuntrer-bjornen-i-ost\/"},"wordCount":753,"publisher":{"@id":"https:\/\/hoyre.no\/telemark\/#organization"},"articleSection":["Nyheter"],"inLanguage":"nb-NO"},{"@type":"NewsArticle","@id":"https:\/\/hoyre.no\/telemark\/aktuelt\/fred-oppmuntrer-bjornen-i-ost\/","url":"https:\/\/hoyre.no\/telemark\/aktuelt\/fred-oppmuntrer-bjornen-i-ost\/","name":"\u00abFred\u00bb oppmuntrer bj\u00f8rnen i \u00f8st - Telemark H\u00f8yre","isPartOf":{"@id":"https:\/\/hoyre.no\/telemark\/#website"},"datePublished":"2025-03-11T11:20:27+00:00","dateModified":"2025-03-11T11:20:28+00:00","breadcrumb":{"@id":"https:\/\/hoyre.no\/telemark\/aktuelt\/fred-oppmuntrer-bjornen-i-ost\/#breadcrumb"},"inLanguage":"nb-NO","potentialAction":[{"@type":"ReadAction","target":["https:\/\/hoyre.no\/telemark\/aktuelt\/fred-oppmuntrer-bjornen-i-ost\/"]}]},{"@type":"BreadcrumbList","@id":"https:\/\/hoyre.no\/telemark\/aktuelt\/fred-oppmuntrer-bjornen-i-ost\/#breadcrumb","itemListElement":[{"@type":"ListItem","position":1,"name":"Til hoyre.no","item":"https:\/\/hoyre.no"},{"@type":"ListItem","position":2,"name":"Hjem","item":"https:\/\/hoyre.no\/telemark\/"},{"@type":"ListItem","position":3,"name":"\u00abFred\u00bb oppmuntrer bj\u00f8rnen i \u00f8st"}]},{"@type":"WebSite","@id":"https:\/\/hoyre.no\/telemark\/#website","url":"https:\/\/hoyre.no\/telemark\/","name":"Telemark H\u00f8yre","description":"Bare enda et H\u00f8yres nettsteder-nettsted","publisher":{"@id":"https:\/\/hoyre.no\/telemark\/#organization"},"inLanguage":"nb-NO"},{"@type":"Organization","@id":"https:\/\/hoyre.no\/telemark\/#organization","name":"Telemark H\u00f8yre","url":"https:\/\/hoyre.no\/telemark\/","logo":{"@type":"ImageObject","inLanguage":"nb-NO","@id":"https:\/\/hoyre.no\/telemark\/#\/schema\/logo\/image\/","url":"https:\/\/hoyre.no\/content\/uploads\/sites\/429\/2023\/02\/hoyre_logo.png","contentUrl":"https:\/\/hoyre.no\/content\/uploads\/sites\/429\/2023\/02\/hoyre_logo.png","width":1000,"height":1000,"caption":"Telemark H\u00f8yre"},"image":{"@id":"https:\/\/hoyre.no\/telemark\/#\/schema\/logo\/image\/"}},{"@type":"Person","@id":"https:\/\/hoyre.no\/telemark\/#\/schema\/person\/e53549e4110bc61d77480d222e49eef1","name":"Ole Espen Strand","image":{"@type":"ImageObject","inLanguage":"nb-NO","@id":"https:\/\/hoyre.no\/telemark\/#\/schema\/person\/image\/","url":"https:\/\/secure.gravatar.com\/avatar\/b5ab5bf6a88c5268515bd75538435c1a23c6bb23748faa38dbe737b284a38918?s=96&d=mm&r=g","contentUrl":"https:\/\/secure.gravatar.com\/avatar\/b5ab5bf6a88c5268515bd75538435c1a23c6bb23748faa38dbe737b284a38918?s=96&d=mm&r=g","caption":"Ole Espen Strand"},"url":"https:\/\/hoyre.no\/telemark\/aktuelt\/author\/m11380987\/"}]}},"distributor_meta":false,"distributor_terms":false,"distributor_media":false,"distributor_original_site_name":"Telemark H\u00f8yre","distributor_original_site_url":"https:\/\/hoyre.no\/telemark","push-errors":false,"_links":{"self":[{"href":"https:\/\/hoyre.no\/telemark\/wp-json\/wp\/v2\/posts\/267","targetHints":{"allow":["GET"]}}],"collection":[{"href":"https:\/\/hoyre.no\/telemark\/wp-json\/wp\/v2\/posts"}],"about":[{"href":"https:\/\/hoyre.no\/telemark\/wp-json\/wp\/v2\/types\/post"}],"author":[{"embeddable":true,"href":"https:\/\/hoyre.no\/telemark\/wp-json\/wp\/v2\/users\/376"}],"replies":[{"embeddable":true,"href":"https:\/\/hoyre.no\/telemark\/wp-json\/wp\/v2\/comments?post=267"}],"version-history":[{"count":1,"href":"https:\/\/hoyre.no\/telemark\/wp-json\/wp\/v2\/posts\/267\/revisions"}],"predecessor-version":[{"id":269,"href":"https:\/\/hoyre.no\/telemark\/wp-json\/wp\/v2\/posts\/267\/revisions\/269"}],"wp:attachment":[{"href":"https:\/\/hoyre.no\/telemark\/wp-json\/wp\/v2\/media?parent=267"}],"wp:term":[{"taxonomy":"category","embeddable":true,"href":"https:\/\/hoyre.no\/telemark\/wp-json\/wp\/v2\/category?post=267"},{"taxonomy":"post_tag","embeddable":true,"href":"https:\/\/hoyre.no\/telemark\/wp-json\/wp\/v2\/post_tag?post=267"},{"taxonomy":"hoyre-visibility","embeddable":true,"href":"https:\/\/hoyre.no\/telemark\/wp-json\/wp\/v2\/hoyre-visibility?post=267"},{"taxonomy":"article-type","embeddable":true,"href":"https:\/\/hoyre.no\/telemark\/wp-json\/wp\/v2\/article-type?post=267"},{"taxonomy":"politician","embeddable":true,"href":"https:\/\/hoyre.no\/telemark\/wp-json\/wp\/v2\/politician?post=267"}],"curies":[{"name":"wp","href":"https:\/\/api.w.org\/{rel}","templated":true}]}}