{"id":320,"date":"2025-05-08T12:00:00","date_gmt":"2025-05-08T10:00:00","guid":{"rendered":"https:\/\/hoyre.no\/telemark\/?p=320"},"modified":"2025-05-08T09:45:39","modified_gmt":"2025-05-08T07:45:39","slug":"i-dag-er-det-80-ar-siden-norge-ble-frigjort","status":"publish","type":"post","link":"https:\/\/hoyre.no\/telemark\/aktuelt\/i-dag-er-det-80-ar-siden-norge-ble-frigjort\/","title":{"rendered":"I dag er det 80 \u00e5r siden Norge ble frigjort"},"content":{"rendered":"\n<p class=\"preamble\"><strong>Mahmoud Farahmand holdt i dag tale ved Akershus festning. Talen kan du lese her.<\/strong><\/p>\t\t\t<div class=\"post-meta wp-block teft-byline-wrapper\">\n\t\t\t\t<div class=\"top\">\n\t\t\t\t\t<div class=\"signature\">\n\t\t\t\t\t\t<div class=\"teft-byline\">\n\t\t\t\t\t\t\t\t\t\t\t\t\t\t<div>\n\t\t\t\t\t\t\t\t<h3>H\u00f8yres redaksjon<\/h3>\t\t\t\t\t\t\t\t\n\t\t\t\t\t\t\t\t\t\t\t\t\t\t\t\t\t<span class=\"date\">Sist oppdatert: 8. mai 2025<\/span>\n\t\t\t\t\t\t\t\t\t\t\t\t\t\t\t\t\t\t\t\t\t\t\t\t\t<span class=\"reading-time\" itemprop=\"timeRequired\" content=\"PT4M\"><em>Ca. 4 minutter lesetid<\/em><\/span>\n\t\t\t\t\t\t\t\t\t\t\t\t\t\t\t<\/div>\n\t\t\t\t\t\t<\/div>\n\t\t\t\t\t<\/div>\n\t\t\t\t\t\t<div class=\"sharing\">\n\t\t<a class=\"share-button share-link copy-link\" data-copy=\"https:\/\/hoyre.no\/telemark\/aktuelt\/i-dag-er-det-80-ar-siden-norge-ble-frigjort\/\" target=\"_blank\"><span class=\"screen-reader-text\">Del link<\/span><\/a>\n\t\t<a class=\"share-button share-twitter\" href=\"http:\/\/twitter.com\/share?text=I dag er det 80 \u00e5r siden Norge ble frigjort&#038;url=https:\/\/hoyre.no\/telemark\/aktuelt\/i-dag-er-det-80-ar-siden-norge-ble-frigjort\/&#038;hashtags=Hoyre\" target=\"_blank\"><span class=\"screen-reader-text\">Del p\u00e5 twitter<\/span><\/a>\n\t\t<a class=\"share-button share-facebook\" href=\"https:\/\/www.facebook.com\/sharer\/sharer.php?u=https:\/\/hoyre.no\/telemark\/aktuelt\/i-dag-er-det-80-ar-siden-norge-ble-frigjort\/\" target=\"_blank\"><span class=\"screen-reader-text\">Del p\u00e5 facebook<\/span><\/a>\n\t<\/div>\n\t\t\t\t\t<\/div>\n\t\t\t<\/div>\n\n\t\t\t<figure class=\"hoyre-image-wrapper\"><div class=\"hoyre-image\"><img loading=\"lazy\" decoding=\"async\" width=\"605\" height=\"802\" src=\"https:\/\/hoyre.no\/content\/uploads\/sites\/429\/2025\/05\/Mahmoud8mai.png\" class=\"attachment-scaled size-scaled\" alt=\"\" style=\"object-position: 50% 50%\" srcset=\"https:\/\/hoyre.no\/content\/uploads\/sites\/429\/2025\/05\/Mahmoud8mai.png 605w, https:\/\/hoyre.no\/content\/uploads\/sites\/429\/2025\/05\/Mahmoud8mai-226x300.png 226w\" sizes=\"auto, (max-width: 605px) 100vw, 605px\" \/><\/div><figcaption class=\"caption\"><strong>Mahmoud Farahmand holdt i dag tale ved Akershus festning.<\/strong><\/figcaption><\/figure>\n\n\n\n\n<p>Det h\u00f8res s\u00e5 passivt ut n\u00e5r vi sier \u00abble frigjort\u00bb. Som om det plutselig bare ble slik.<\/p>\n\n\n\n<p>Realiteten er at modige nordmenn og allierte kjempet i 5 \u00e5r for at nordmenn p\u00e5 denne dagen for 80 \u00e5r siden igjen kunne oppleve ytringsfrihet, demokrati, likhet for lover og regler og grunnleggende rettigheter.<\/p>\n\n\n\n<p>Friheter og rettigheter som mange i dag tar for gitt.<\/p>\n\n\n\n<p>Denne dagen har ogs\u00e5 en personlig betydning for meg.<\/p>\n\n\n\n<p>Som b\u00e5de navn og utsende tilsier er jeg ikke akkurat en ektef\u00f8dt telemarking. Det skal ikke st\u00e5 p\u00e5 innsatsen, men en ting kan ingen av oss kan endre p\u00e5 og det er hvor vi er f\u00f8dt.<\/p>\n\n\n\n<p>Og jeg er f\u00f8dt i Iran.<\/p>\n\n\n\n<p>Et land hvor dets regime har frar\u00f8vet sine innbyggere demokrati. Et land hvor ytringsfrihet kun er en dr\u00f8m, og hvor individuelle friheter og rettigheter kun er noe man har h\u00f8rt og lest om.&nbsp;<\/p>\n\n\n\n<p>Et av de minnene jeg har aller klarest for meg er f\u00f8rste skoledag i Iran. En h\u00f8stdag i 1985 m\u00f8tte jeg og mange andre f\u00f8rsteklassinger opp i en skoleg\u00e5rd i Iran. I skoleg\u00e5rden omringet av murer ble vi m\u00f8tt av slagord som ble ropt over en megafon. Slagord som forkynte d\u00f8d og forakt for nasjoner og individer som landets ledelse hadde utpekt som sine fiender. De kommende dagene, ukene og m\u00e5nedene startet skoledagen med taktfaste rop av de samme slagordene.<\/p>\n\n\n\n<p>Mine barns opplevelser av f\u00f8rste skoledag st\u00e5r heldigvis i sterk kontrast til mitt f\u00f8rste m\u00f8te med skolen.<\/p>\n\n\n\n<p>Mine barn, Margit og Darius, ble m\u00f8tt med musikk i en \u00e5pen skoleg\u00e5rd. Rektor og viserektor m\u00f8tte dem med et smil, ga dem en blomst, tok dem i h\u00e5nden, og \u00f8nsket dem velkommen til skolen.<\/p>\n\n\n\n<p>N\u00e5r man har slike opplevelser med seg, og har opplevd frav\u00e6r av de friheter vi tar for gitt, s\u00e5 f\u00e5r disse en helt annen verdi.<\/p>\n\n\n\n<p>Det er disse grunnleggende frihetene og verdiene som bidrar til \u00e5 gj\u00f8re v\u00e5rt land og v\u00e5rt levesett unikt. Som bidrar til at individer \u2013 uavhengig av deres bakgrunn og sosiale status \u2013 kan oppleve endringer i sine liv.<\/p>\n\n\n\n<p>Dette er frihet i dens virkelige betydning.<\/p>\n\n\n\n<p>&nbsp;\u00abFred og frihet er ingen selvf\u00f8lge\u00bb, sa andreverdenskrigsveteranen Odd Borlaug.<\/p>\n\n\n\n<p>Nei, det er det ikke. Det m\u00e5 forsvares, beskyttes og pleies, av kvinner og menn som er villig til \u00e5 gj\u00f8re nettopp det.<\/p>\n\n\n\n<p>Som s\u00e5 mange andre veteraner er jeg ufattelig takknemlig for \u00e5 ha f\u00e5tt muligheten til \u00e5 tjenestegj\u00f8re for Norge.<\/p>\n\n\n\n<p>For \u00e5 ha f\u00e5tt muligheten til \u00e5 forsvare og ivareta v\u00e5r frihet, og ikke minst bidra til at ogs\u00e5 andre under fjerne himmelstr\u00f8k kan oppleve noen av det samme.<\/p>\n\n\n\n<p>De fleste av oss som har tjenestegjort har latt oss motivere av tilh\u00f8righetsf\u00f8lelse, mestring og ikke minst det \u00e5 v\u00e6re del av noe st\u00f8rre og viktigere enn oss selv.<\/p>\n\n\n\n<p>Vi har gjort v\u00e5rt ytterste for at v\u00e5re medsoldater, som vi har jobbet med, har gjennomf\u00f8rt utdanningsl\u00f8p sammen med og tatt en kopp kaffe med skal komme hjem igjen for \u00e5 oppleve dager som denne med sine kj\u00e6re. Mange fikk dessverre ikke oppleve det.<\/p>\n\n\n\n<p>Det \u00e5 st\u00e5 skulder til skulder for \u00e5 ivareta sine kolleger og forsvare verdier vi holder kj\u00e6r skaper en felleskapsf\u00f8lelse som er vanskelig \u00e5 oppleve andre steder i v\u00e5rt individualistiske samfunn.<\/p>\n\n\n\n<p>V\u00e5re soldaters innsats er ogs\u00e5 med p\u00e5 \u00e5 sikre norske interesser og bidra til at vi som nasjon f\u00e5r et sikkerhetspolitisk overskudd.<\/p>\n\n\n\n<p>De samme soldatene vil spille en avgj\u00f8rende rolle hvis det verste skulle skje \u2013 at vi m\u00e5 h\u00e5ndtere en krise eller krig p\u00e5 v\u00e5r egen jord.<\/p>\n\n\n\n<p>\u00c5 v\u00e6re soldat og offiser er heller ingen solo-oppgave. Det krever en hel familie. Ektefeller, barn, foreldre, og ja svigerforeldre er en del av oppdraget. Disse familiemedlemmene f\u00e5r ingen medaljer for \u00e5 gi avkall p\u00e5 verdifull tid med sine n\u00e6re og kj\u00e6re, eller for \u00e5 ha driftet en familie mens deres kj\u00e6re har v\u00e6rt i operasjoner. De fortjener ogs\u00e5 anerkjennelse og respekt.<\/p>\n\n\n\n<p>Som Joachim R\u00f8nneberg sa: \u00abFrihet er ikke gratis!\u00bb<\/p>\n\n\n\n<p>Og n\u00e5 som en autorit\u00e6r stormakt igjen fors\u00f8ker \u00e5 tilrane seg et europeisk naboland, F\u00f8les dissee ordene mer relevant enn p\u00e5 lenge.<\/p>\n\n\n\n<p>Jeg er stolt av \u00e5 v\u00e6re veteran. Jeg er stolt av \u00e5 f\u00e5 lov til \u00e5 v\u00e6re norsk. Jeg er stolt av \u00e5 leve i frihet.<\/p>\n\n\n\n<p>Gratulerer med dagen til alle sammen, og en s\u00e6rskilt gratulasjon til alle veteran og soldater som stiller opp og har stilt opp for Norge har bedt om deres innsats.<\/p>\n\n\n<div class=\"tags\">\n\t<\/div>\n<div class=\"post-footer alignfull has-background block-editor-block-list__block\" data-align=full>\n\t<div class=\"post-footer-inner\">\n\t\t<h3>Relaterte artikler<\/h3>\n\t\t<div class=\"related-content\"><div class=\"is-card-hoyre\">\n\t<div class=\"teft-card hoyre-teft-card post-teft-card\">\n\t\t<a href=\"https:\/\/hoyre.no\/telemark\/aktuelt\/na-er-det-pa-tide-at-norge-blir-med-i-eu\/\" class=\"teft-card__primary-action\">\n\n\t\t\t\t\t<div class=\"teft-card__media teft-card__media--16-9\">\n\t\t\t\t\t\t<img loading=\"lazy\" decoding=\"async\" width=\"768\" height=\"733\" src=\"https:\/\/hoyre.no\/content\/uploads\/sites\/429\/2024\/12\/Helene1-768x733.jpg\" class=\"attachment-medium_large size-medium_large\" alt=\"\" srcset=\"https:\/\/hoyre.no\/content\/uploads\/sites\/429\/2024\/12\/Helene1-768x733.jpg 768w, https:\/\/hoyre.no\/content\/uploads\/sites\/429\/2024\/12\/Helene1-300x286.jpg 300w, https:\/\/hoyre.no\/content\/uploads\/sites\/429\/2024\/12\/Helene1-1024x977.jpg 1024w, https:\/\/hoyre.no\/content\/uploads\/sites\/429\/2024\/12\/Helene1.jpg 1043w\" sizes=\"auto, (max-width: 768px) 100vw, 768px\" \/>\t\t<\/div>\n\t\t\n\t\t\t<div class=\"teft-card__content-wrapper\">\n\t\t\t\t<div class=\"teft-card__secondary\">\n\t\t\t\t\t\n\t\t\t\t\t\t\t\t<div class=\"teft-card__meta\">\n\t\t\t\t\t\t\t\t\t<span class=\"post-date\">24. feb 2025<\/span>\n\n\t\t\t\t\t\t\t\t\t<span class=\"post-category\">Nyheter<\/span>\t\t\t\t\t\t\t\t<\/div>\n\t\t\t\t\t\t\t\t\t\t\t<\/div>\n\n\t\t\t\t<div class=\"teft-card__primary\">\n\t\t\t\t\t<h2 class=\"teft-card__title\">N\u00e5 er det p\u00e5 tide at Norge blir med i EU&nbsp;<span class=\"teft-card__primary-title-append\"><\/span><\/h2>\t\t\t\t<\/div>\n\t\t\t<\/div>\n\t\t<\/a>\n\t<\/div>\n\n\t<\/div><div class=\"is-card-hoyre\">\n\t<div class=\"teft-card hoyre-teft-card post-teft-card\">\n\t\t<a href=\"https:\/\/hoyre.no\/telemark\/aktuelt\/sjeldne-jordarter-kritiske-og-strategiske-ravarer\/\" class=\"teft-card__primary-action\">\n\n\t\t\t\t\t<div class=\"teft-card__media teft-card__media--16-9\">\n\t\t\t\t\t\t<img loading=\"lazy\" decoding=\"async\" width=\"768\" height=\"726\" src=\"https:\/\/hoyre.no\/content\/uploads\/sites\/429\/2025\/02\/sjeldenejordarter-768x726.jpg\" class=\"attachment-medium_large size-medium_large\" alt=\"\" srcset=\"https:\/\/hoyre.no\/content\/uploads\/sites\/429\/2025\/02\/sjeldenejordarter-768x726.jpg 768w, https:\/\/hoyre.no\/content\/uploads\/sites\/429\/2025\/02\/sjeldenejordarter-300x283.jpg 300w, https:\/\/hoyre.no\/content\/uploads\/sites\/429\/2025\/02\/sjeldenejordarter-1024x967.jpg 1024w, https:\/\/hoyre.no\/content\/uploads\/sites\/429\/2025\/02\/sjeldenejordarter.jpg 1284w\" sizes=\"auto, (max-width: 768px) 100vw, 768px\" \/>\t\t<\/div>\n\t\t\n\t\t\t<div class=\"teft-card__content-wrapper\">\n\t\t\t\t<div class=\"teft-card__secondary\">\n\t\t\t\t\t\n\t\t\t\t\t\t\t\t<div class=\"teft-card__meta\">\n\t\t\t\t\t\t\t\t\t<span class=\"post-date\">6. feb 2025<\/span>\n\n\t\t\t\t\t\t\t\t\t<span class=\"post-category\">Nyheter<\/span>\t\t\t\t\t\t\t\t<\/div>\n\t\t\t\t\t\t\t\t\t\t\t<\/div>\n\n\t\t\t\t<div class=\"teft-card__primary\">\n\t\t\t\t\t<h2 class=\"teft-card__title\">Sjeldne jordarter \u2013 kritiske og strategiske r\u00e5varer&nbsp;<span class=\"teft-card__primary-title-append\"><\/span><\/h2>\t\t\t\t<\/div>\n\t\t\t<\/div>\n\t\t<\/a>\n\t<\/div>\n\n\t<\/div><div class=\"is-card-hoyre\">\n\t<div class=\"teft-card hoyre-teft-card post-teft-card\">\n\t\t<a href=\"https:\/\/hoyre.no\/telemark\/aktuelt\/norge-et-foregangsland-innen-baerekraftig-energi-og-verdiskaping\/\" class=\"teft-card__primary-action\">\n\n\t\t\t\t\t<div class=\"teft-card__media teft-card__media--16-9\">\n\t\t\t\t\t\t<img loading=\"lazy\" decoding=\"async\" width=\"768\" height=\"646\" src=\"https:\/\/hoyre.no\/content\/uploads\/sites\/429\/2025\/02\/Fornybarenergi-768x646.avif\" class=\"attachment-medium_large size-medium_large\" alt=\"\" srcset=\"https:\/\/hoyre.no\/content\/uploads\/sites\/429\/2025\/02\/Fornybarenergi-768x646.avif 768w, https:\/\/hoyre.no\/content\/uploads\/sites\/429\/2025\/02\/Fornybarenergi-300x252.avif 300w, https:\/\/hoyre.no\/content\/uploads\/sites\/429\/2025\/02\/Fornybarenergi-1024x861.avif 1024w, https:\/\/hoyre.no\/content\/uploads\/sites\/429\/2025\/02\/Fornybarenergi.avif 1272w\" sizes=\"auto, (max-width: 768px) 100vw, 768px\" \/>\t\t<\/div>\n\t\t\n\t\t\t<div class=\"teft-card__content-wrapper\">\n\t\t\t\t<div class=\"teft-card__secondary\">\n\t\t\t\t\t\n\t\t\t\t\t\t\t\t<div class=\"teft-card__meta\">\n\t\t\t\t\t\t\t\t\t<span class=\"post-date\">5. feb 2025<\/span>\n\n\t\t\t\t\t\t\t\t\t<span class=\"post-category\">Nyheter<\/span>\t\t\t\t\t\t\t\t<\/div>\n\t\t\t\t\t\t\t\t\t\t\t<\/div>\n\n\t\t\t\t<div class=\"teft-card__primary\">\n\t\t\t\t\t<h2 class=\"teft-card__title\">Norge, et foregangsland innen b\u00e6rekraftig energi og verdiskaping&nbsp;<span class=\"teft-card__primary-title-append\"><\/span><\/h2>\t\t\t\t<\/div>\n\t\t\t<\/div>\n\t\t<\/a>\n\t<\/div>\n\n\t<\/div><\/div>\t<\/div>\n<\/div>\n","protected":false},"excerpt":{"rendered":"","protected":false},"author":376,"featured_media":0,"comment_status":"closed","ping_status":"closed","sticky":false,"template":"","format":"standard","meta":{"teft_cards_image_url":"","teft_cards_custom_pretitle":"","teft_cards_image_id":321,"teft_cards_image_focal_point_x":0.5,"teft_cards_image_focal_point_y":0.5,"teft_cards_title":"","teft_cards_excerpt":"","teft_show_chapters":false,"author_display_name":"","footnotes":""},"category":[1],"post_tag":[],"hoyre-visibility":[],"article-type":[],"politician":[],"class_list":["post-320","post","type-post","status-publish","format-standard","hentry","category-nyheter"],"yoast_head":"<!-- This site is optimized with the Yoast SEO plugin v26.6 - https:\/\/yoast.com\/wordpress\/plugins\/seo\/ -->\n<title>I dag er det 80 \u00e5r siden Norge ble frigjort - Telemark H\u00f8yre<\/title>\n<meta name=\"robots\" content=\"index, follow, max-snippet:-1, max-image-preview:large, max-video-preview:-1\" \/>\n<link rel=\"canonical\" href=\"https:\/\/hoyre.no\/telemark\/aktuelt\/i-dag-er-det-80-ar-siden-norge-ble-frigjort\/\" \/>\n<meta property=\"og:locale\" content=\"nb_NO\" \/>\n<meta property=\"og:type\" content=\"article\" \/>\n<meta property=\"og:title\" content=\"I dag er det 80 \u00e5r siden Norge ble frigjort - Telemark H\u00f8yre\" \/>\n<meta property=\"og:url\" content=\"https:\/\/hoyre.no\/telemark\/aktuelt\/i-dag-er-det-80-ar-siden-norge-ble-frigjort\/\" \/>\n<meta property=\"og:site_name\" content=\"Telemark H\u00f8yre\" \/>\n<meta property=\"article:published_time\" content=\"2025-05-08T10:00:00+00:00\" \/>\n<meta property=\"og:image\" content=\"https:\/\/hoyre.no\/content\/uploads\/sites\/429\/2025\/02\/Arsmotet25-1024x768.jpg\" \/>\n<meta name=\"author\" content=\"Ole Espen Strand\" \/>\n<meta name=\"twitter:card\" content=\"summary_large_image\" \/>\n<meta name=\"twitter:label1\" content=\"Skrevet av\" \/>\n\t<meta name=\"twitter:data1\" content=\"Ole Espen Strand\" \/>\n\t<meta name=\"twitter:label2\" content=\"Ansl. lesetid\" \/>\n\t<meta name=\"twitter:data2\" content=\"5 minutter\" \/>\n<script type=\"application\/ld+json\" class=\"yoast-schema-graph\">{\"@context\":\"https:\/\/schema.org\",\"@graph\":[{\"@type\":\"Article\",\"@id\":\"https:\/\/hoyre.no\/telemark\/aktuelt\/i-dag-er-det-80-ar-siden-norge-ble-frigjort\/#article\",\"isPartOf\":{\"@id\":\"https:\/\/hoyre.no\/telemark\/aktuelt\/i-dag-er-det-80-ar-siden-norge-ble-frigjort\/\"},\"author\":{\"name\":\"Ole Espen Strand\",\"@id\":\"https:\/\/hoyre.no\/telemark\/#\/schema\/person\/e53549e4110bc61d77480d222e49eef1\"},\"headline\":\"I dag er det 80 \u00e5r siden Norge ble frigjort\",\"datePublished\":\"2025-05-08T10:00:00+00:00\",\"mainEntityOfPage\":{\"@id\":\"https:\/\/hoyre.no\/telemark\/aktuelt\/i-dag-er-det-80-ar-siden-norge-ble-frigjort\/\"},\"wordCount\":819,\"publisher\":{\"@id\":\"https:\/\/hoyre.no\/telemark\/#organization\"},\"articleSection\":[\"Nyheter\"],\"inLanguage\":\"nb-NO\"},{\"@type\":\"NewsArticle\",\"@id\":\"https:\/\/hoyre.no\/telemark\/aktuelt\/i-dag-er-det-80-ar-siden-norge-ble-frigjort\/\",\"url\":\"https:\/\/hoyre.no\/telemark\/aktuelt\/i-dag-er-det-80-ar-siden-norge-ble-frigjort\/\",\"name\":\"I dag er det 80 \u00e5r siden Norge ble frigjort - Telemark H\u00f8yre\",\"isPartOf\":{\"@id\":\"https:\/\/hoyre.no\/telemark\/#website\"},\"datePublished\":\"2025-05-08T10:00:00+00:00\",\"breadcrumb\":{\"@id\":\"https:\/\/hoyre.no\/telemark\/aktuelt\/i-dag-er-det-80-ar-siden-norge-ble-frigjort\/#breadcrumb\"},\"inLanguage\":\"nb-NO\",\"potentialAction\":[{\"@type\":\"ReadAction\",\"target\":[\"https:\/\/hoyre.no\/telemark\/aktuelt\/i-dag-er-det-80-ar-siden-norge-ble-frigjort\/\"]}]},{\"@type\":\"BreadcrumbList\",\"@id\":\"https:\/\/hoyre.no\/telemark\/aktuelt\/i-dag-er-det-80-ar-siden-norge-ble-frigjort\/#breadcrumb\",\"itemListElement\":[{\"@type\":\"ListItem\",\"position\":1,\"name\":\"Til hoyre.no\",\"item\":\"https:\/\/hoyre.no\"},{\"@type\":\"ListItem\",\"position\":2,\"name\":\"Hjem\",\"item\":\"https:\/\/hoyre.no\/telemark\/\"},{\"@type\":\"ListItem\",\"position\":3,\"name\":\"I dag er det 80 \u00e5r siden Norge ble frigjort\"}]},{\"@type\":\"WebSite\",\"@id\":\"https:\/\/hoyre.no\/telemark\/#website\",\"url\":\"https:\/\/hoyre.no\/telemark\/\",\"name\":\"Telemark H\u00f8yre\",\"description\":\"Bare enda et H\u00f8yres nettsteder-nettsted\",\"publisher\":{\"@id\":\"https:\/\/hoyre.no\/telemark\/#organization\"},\"inLanguage\":\"nb-NO\"},{\"@type\":\"Organization\",\"@id\":\"https:\/\/hoyre.no\/telemark\/#organization\",\"name\":\"Telemark H\u00f8yre\",\"url\":\"https:\/\/hoyre.no\/telemark\/\",\"logo\":{\"@type\":\"ImageObject\",\"inLanguage\":\"nb-NO\",\"@id\":\"https:\/\/hoyre.no\/telemark\/#\/schema\/logo\/image\/\",\"url\":\"https:\/\/hoyre.no\/content\/uploads\/sites\/429\/2023\/02\/hoyre_logo.png\",\"contentUrl\":\"https:\/\/hoyre.no\/content\/uploads\/sites\/429\/2023\/02\/hoyre_logo.png\",\"width\":1000,\"height\":1000,\"caption\":\"Telemark H\u00f8yre\"},\"image\":{\"@id\":\"https:\/\/hoyre.no\/telemark\/#\/schema\/logo\/image\/\"}},{\"@type\":\"Person\",\"@id\":\"https:\/\/hoyre.no\/telemark\/#\/schema\/person\/e53549e4110bc61d77480d222e49eef1\",\"name\":\"Ole Espen Strand\",\"image\":{\"@type\":\"ImageObject\",\"inLanguage\":\"nb-NO\",\"@id\":\"https:\/\/hoyre.no\/telemark\/#\/schema\/person\/image\/\",\"url\":\"https:\/\/secure.gravatar.com\/avatar\/b5ab5bf6a88c5268515bd75538435c1a23c6bb23748faa38dbe737b284a38918?s=96&d=mm&r=g\",\"contentUrl\":\"https:\/\/secure.gravatar.com\/avatar\/b5ab5bf6a88c5268515bd75538435c1a23c6bb23748faa38dbe737b284a38918?s=96&d=mm&r=g\",\"caption\":\"Ole Espen Strand\"},\"url\":\"https:\/\/hoyre.no\/telemark\/aktuelt\/author\/m11380987\/\"}]}<\/script>\n<!-- \/ Yoast SEO plugin. -->","yoast_head_json":{"title":"I dag er det 80 \u00e5r siden Norge ble frigjort - Telemark H\u00f8yre","robots":{"index":"index","follow":"follow","max-snippet":"max-snippet:-1","max-image-preview":"max-image-preview:large","max-video-preview":"max-video-preview:-1"},"canonical":"https:\/\/hoyre.no\/telemark\/aktuelt\/i-dag-er-det-80-ar-siden-norge-ble-frigjort\/","og_locale":"nb_NO","og_type":"article","og_title":"I dag er det 80 \u00e5r siden Norge ble frigjort - Telemark H\u00f8yre","og_url":"https:\/\/hoyre.no\/telemark\/aktuelt\/i-dag-er-det-80-ar-siden-norge-ble-frigjort\/","og_site_name":"Telemark H\u00f8yre","article_published_time":"2025-05-08T10:00:00+00:00","og_image":[{"url":"https:\/\/hoyre.no\/content\/uploads\/sites\/429\/2025\/02\/Arsmotet25-1024x768.jpg","width":"","height":"","type":""}],"author":"Ole Espen Strand","twitter_card":"summary_large_image","twitter_misc":{"Skrevet av":"Ole Espen Strand","Ansl. lesetid":"5 minutter"},"schema":{"@context":"https:\/\/schema.org","@graph":[{"@type":"Article","@id":"https:\/\/hoyre.no\/telemark\/aktuelt\/i-dag-er-det-80-ar-siden-norge-ble-frigjort\/#article","isPartOf":{"@id":"https:\/\/hoyre.no\/telemark\/aktuelt\/i-dag-er-det-80-ar-siden-norge-ble-frigjort\/"},"author":{"name":"Ole Espen Strand","@id":"https:\/\/hoyre.no\/telemark\/#\/schema\/person\/e53549e4110bc61d77480d222e49eef1"},"headline":"I dag er det 80 \u00e5r siden Norge ble frigjort","datePublished":"2025-05-08T10:00:00+00:00","mainEntityOfPage":{"@id":"https:\/\/hoyre.no\/telemark\/aktuelt\/i-dag-er-det-80-ar-siden-norge-ble-frigjort\/"},"wordCount":819,"publisher":{"@id":"https:\/\/hoyre.no\/telemark\/#organization"},"articleSection":["Nyheter"],"inLanguage":"nb-NO"},{"@type":"NewsArticle","@id":"https:\/\/hoyre.no\/telemark\/aktuelt\/i-dag-er-det-80-ar-siden-norge-ble-frigjort\/","url":"https:\/\/hoyre.no\/telemark\/aktuelt\/i-dag-er-det-80-ar-siden-norge-ble-frigjort\/","name":"I dag er det 80 \u00e5r siden Norge ble frigjort - Telemark H\u00f8yre","isPartOf":{"@id":"https:\/\/hoyre.no\/telemark\/#website"},"datePublished":"2025-05-08T10:00:00+00:00","breadcrumb":{"@id":"https:\/\/hoyre.no\/telemark\/aktuelt\/i-dag-er-det-80-ar-siden-norge-ble-frigjort\/#breadcrumb"},"inLanguage":"nb-NO","potentialAction":[{"@type":"ReadAction","target":["https:\/\/hoyre.no\/telemark\/aktuelt\/i-dag-er-det-80-ar-siden-norge-ble-frigjort\/"]}]},{"@type":"BreadcrumbList","@id":"https:\/\/hoyre.no\/telemark\/aktuelt\/i-dag-er-det-80-ar-siden-norge-ble-frigjort\/#breadcrumb","itemListElement":[{"@type":"ListItem","position":1,"name":"Til hoyre.no","item":"https:\/\/hoyre.no"},{"@type":"ListItem","position":2,"name":"Hjem","item":"https:\/\/hoyre.no\/telemark\/"},{"@type":"ListItem","position":3,"name":"I dag er det 80 \u00e5r siden Norge ble frigjort"}]},{"@type":"WebSite","@id":"https:\/\/hoyre.no\/telemark\/#website","url":"https:\/\/hoyre.no\/telemark\/","name":"Telemark H\u00f8yre","description":"Bare enda et H\u00f8yres nettsteder-nettsted","publisher":{"@id":"https:\/\/hoyre.no\/telemark\/#organization"},"inLanguage":"nb-NO"},{"@type":"Organization","@id":"https:\/\/hoyre.no\/telemark\/#organization","name":"Telemark H\u00f8yre","url":"https:\/\/hoyre.no\/telemark\/","logo":{"@type":"ImageObject","inLanguage":"nb-NO","@id":"https:\/\/hoyre.no\/telemark\/#\/schema\/logo\/image\/","url":"https:\/\/hoyre.no\/content\/uploads\/sites\/429\/2023\/02\/hoyre_logo.png","contentUrl":"https:\/\/hoyre.no\/content\/uploads\/sites\/429\/2023\/02\/hoyre_logo.png","width":1000,"height":1000,"caption":"Telemark H\u00f8yre"},"image":{"@id":"https:\/\/hoyre.no\/telemark\/#\/schema\/logo\/image\/"}},{"@type":"Person","@id":"https:\/\/hoyre.no\/telemark\/#\/schema\/person\/e53549e4110bc61d77480d222e49eef1","name":"Ole Espen Strand","image":{"@type":"ImageObject","inLanguage":"nb-NO","@id":"https:\/\/hoyre.no\/telemark\/#\/schema\/person\/image\/","url":"https:\/\/secure.gravatar.com\/avatar\/b5ab5bf6a88c5268515bd75538435c1a23c6bb23748faa38dbe737b284a38918?s=96&d=mm&r=g","contentUrl":"https:\/\/secure.gravatar.com\/avatar\/b5ab5bf6a88c5268515bd75538435c1a23c6bb23748faa38dbe737b284a38918?s=96&d=mm&r=g","caption":"Ole Espen Strand"},"url":"https:\/\/hoyre.no\/telemark\/aktuelt\/author\/m11380987\/"}]}},"distributor_meta":false,"distributor_terms":false,"distributor_media":false,"distributor_original_site_name":"Telemark H\u00f8yre","distributor_original_site_url":"https:\/\/hoyre.no\/telemark","push-errors":false,"_links":{"self":[{"href":"https:\/\/hoyre.no\/telemark\/wp-json\/wp\/v2\/posts\/320","targetHints":{"allow":["GET"]}}],"collection":[{"href":"https:\/\/hoyre.no\/telemark\/wp-json\/wp\/v2\/posts"}],"about":[{"href":"https:\/\/hoyre.no\/telemark\/wp-json\/wp\/v2\/types\/post"}],"author":[{"embeddable":true,"href":"https:\/\/hoyre.no\/telemark\/wp-json\/wp\/v2\/users\/376"}],"replies":[{"embeddable":true,"href":"https:\/\/hoyre.no\/telemark\/wp-json\/wp\/v2\/comments?post=320"}],"version-history":[{"count":1,"href":"https:\/\/hoyre.no\/telemark\/wp-json\/wp\/v2\/posts\/320\/revisions"}],"predecessor-version":[{"id":322,"href":"https:\/\/hoyre.no\/telemark\/wp-json\/wp\/v2\/posts\/320\/revisions\/322"}],"wp:attachment":[{"href":"https:\/\/hoyre.no\/telemark\/wp-json\/wp\/v2\/media?parent=320"}],"wp:term":[{"taxonomy":"category","embeddable":true,"href":"https:\/\/hoyre.no\/telemark\/wp-json\/wp\/v2\/category?post=320"},{"taxonomy":"post_tag","embeddable":true,"href":"https:\/\/hoyre.no\/telemark\/wp-json\/wp\/v2\/post_tag?post=320"},{"taxonomy":"hoyre-visibility","embeddable":true,"href":"https:\/\/hoyre.no\/telemark\/wp-json\/wp\/v2\/hoyre-visibility?post=320"},{"taxonomy":"article-type","embeddable":true,"href":"https:\/\/hoyre.no\/telemark\/wp-json\/wp\/v2\/article-type?post=320"},{"taxonomy":"politician","embeddable":true,"href":"https:\/\/hoyre.no\/telemark\/wp-json\/wp\/v2\/politician?post=320"}],"curies":[{"name":"wp","href":"https:\/\/api.w.org\/{rel}","templated":true}]}}