{"id":39,"date":"2023-04-24T11:40:03","date_gmt":"2023-04-24T09:40:03","guid":{"rendered":"https:\/\/hoyre.no\/telemark\/?p=39"},"modified":"2023-04-24T11:40:04","modified_gmt":"2023-04-24T09:40:04","slug":"ikke-ta-livet-av-opplaeringskontorene","status":"publish","type":"post","link":"https:\/\/hoyre.no\/telemark\/aktuelt\/ikke-ta-livet-av-opplaeringskontorene\/","title":{"rendered":"Ikke ta livet av oppl\u00e6ringskontorene"},"content":{"rendered":"\n<p class=\"preamble\">\u00c5 beholde oppl\u00e6ringskontorene burde v\u00e6re lett \u00e5 si ja til, og deres rolle burde styrkes heller enn \u00e5 svekkes.<br>H\u00f8yre vil sikre at oppl\u00e6ringskontorene fortsatt kan v\u00e6re part i oppl\u00e6ringskontrakter. Det er synd at Arbeiderpartiet ikke kan gi den samme garantien.<\/p>\t\t\t<div class=\"post-meta wp-block teft-byline-wrapper\">\n\t\t\t\t<div class=\"top\">\n\t\t\t\t\t<div class=\"signature\">\n\t\t\t\t\t\t<div class=\"teft-byline\">\n\t\t\t\t\t\t\t\t\t\t\t\t\t\t<div>\n\t\t\t\t\t\t\t\t<h3>H\u00f8yres redaksjon<\/h3>\t\t\t\t\t\t\t\t\n\t\t\t\t\t\t\t\t\t\t\t\t\t\t\t\t\t<span class=\"date\">Sist oppdatert: 24. april 2023<\/span>\n\t\t\t\t\t\t\t\t\t\t\t\t\t\t\t\t\t\t\t\t\t\t\t\t\t<span class=\"reading-time\" itemprop=\"timeRequired\" content=\"PT2M\"><em>Ca. 2 minutter lesetid<\/em><\/span>\n\t\t\t\t\t\t\t\t\t\t\t\t\t\t\t<\/div>\n\t\t\t\t\t\t<\/div>\n\t\t\t\t\t<\/div>\n\t\t\t\t\t\t<div class=\"sharing\">\n\t\t<a class=\"share-button share-link copy-link\" data-copy=\"https:\/\/hoyre.no\/telemark\/aktuelt\/ikke-ta-livet-av-opplaeringskontorene\/\" target=\"_blank\"><span class=\"screen-reader-text\">Del link<\/span><\/a>\n\t\t<a class=\"share-button share-twitter\" href=\"http:\/\/twitter.com\/share?text=Ikke ta livet av oppl\u00e6ringskontorene&#038;url=https:\/\/hoyre.no\/telemark\/aktuelt\/ikke-ta-livet-av-opplaeringskontorene\/&#038;hashtags=Hoyre\" target=\"_blank\"><span class=\"screen-reader-text\">Del p\u00e5 twitter<\/span><\/a>\n\t\t<a class=\"share-button share-facebook\" href=\"https:\/\/www.facebook.com\/sharer\/sharer.php?u=https:\/\/hoyre.no\/telemark\/aktuelt\/ikke-ta-livet-av-opplaeringskontorene\/\" target=\"_blank\"><span class=\"screen-reader-text\">Del p\u00e5 facebook<\/span><\/a>\n\t<\/div>\n\t\t\t\t\t<\/div>\n\t\t\t<\/div>\n\n\t\t\t<figure class=\"hoyre-image-wrapper\"><div class=\"hoyre-image\"><img loading=\"lazy\" decoding=\"async\" width=\"1173\" height=\"782\" src=\"https:\/\/hoyre.no\/content\/uploads\/sites\/429\/2023\/03\/7.jpg\" class=\"attachment-scaled size-scaled\" alt=\"\" style=\"object-position: 50% 50%\" srcset=\"https:\/\/hoyre.no\/content\/uploads\/sites\/429\/2023\/03\/7.jpg 1173w, https:\/\/hoyre.no\/content\/uploads\/sites\/429\/2023\/03\/7-300x200.jpg 300w, https:\/\/hoyre.no\/content\/uploads\/sites\/429\/2023\/03\/7-1024x683.jpg 1024w, https:\/\/hoyre.no\/content\/uploads\/sites\/429\/2023\/03\/7-768x512.jpg 768w\" sizes=\"auto, (max-width: 1173px) 100vw, 1173px\" \/><\/div><figcaption class=\"caption\">Fylkestingskandidat Karoline Roheim Aarvold<\/figcaption><\/figure>\n\n\n\n\n<p>I forsalget til ny oppl\u00e6ringslov, som regjeringen n\u00e5 har lagt frem for stortinget, er det forsl\u00e5tt \u00e5 svekke oppl\u00e6ringskontorenes rolle i oppf\u00f8lging og oppl\u00e6ringen av l\u00e6rlingene, og ikke gi oppl\u00e6ringskontorene mulighet til \u00e5 v\u00e6re part i oppl\u00e6ringskontrakter. Det er alvorlig. Og l\u00e6rlingene Marlin, Benjamin og Celine beskriver godt hvorfor.<\/p>\n\n\n\n<p>I Varden 21.april forteller de at de frykter at de mister tryggheten og sikkerheten ved \u00e5 ha en tredjepart som kan f\u00f8lge dem opp hvis oppl\u00e6ringskontorene forsvinner, og de frykter at den nye loven vil f\u00f8re til akkurat det. Derfor er det synd at Arbeiderpartiet i den samme saken ikke kan svare ja eller nei p\u00e5 om de vil sikre oppl\u00e6ringskontorene i den nye loven.<\/p>\n\n\n\n<p>I dag g\u00e5r 8 av 10 nye l\u00e6rekontrakter gjennom oppl\u00e6ringskontor.<\/p>\n\n\n\n<p>Oppl\u00e6ringskontorene hjelper bedriftene sine med det praktiske rundt l\u00e6rlingordningen, som for eksempel \u00e5 rekruttere l\u00e6rlinger til bedriftene, finne nye l\u00e6replasser til l\u00e6rlinger ved behov, tilby kurs, sikrer at l\u00e6rerplanen f\u00f8lges og ha kontakt med fylkeskommunen og laget rundt eleven. Det skaper trygghet for l\u00e6rlingen og bedriften, og sikrer god oppf\u00f8lging og oppl\u00e6ring gjennom hele l\u00e6rlingel\u00f8pet.<\/p>\n\n\n\n<p>Derfor har vi i H\u00f8yre v\u00e6rt tydelige p\u00e5 at vi \u00f8nsker \u00e5 beholde muligheten til \u00e5 organisere arbeidet med rekruttering og oppf\u00f8lging av l\u00e6rlinger gjennom oppl\u00e6ringskontor. Det er viktig for \u00e5 f\u00e5 flere l\u00e6replasser og beholde de vi har, og det er viktig for \u00e5 gi l\u00e6rlingene god oppf\u00f8lging og oppl\u00e6ring. S\u00e6rlig for sm\u00e5 og mellomstore bedrifter.<\/p>\n\n\n\n<p>Skal vi sikre at Telemark f\u00e5r enda flere gode fagarbeidere i fremtiden, m\u00e5 vi s\u00f8rge for at det blir enklere, og ikke vanskeligere, for bedriftene og kommunene \u00e5 ta inn l\u00e6rlinger. Da m\u00e5 vi starte med \u00e5 sikre tryggheten og sikkerheten til l\u00e6rlingene ved \u00e5 beholde oppl\u00e6ringskontorenes mulighet til \u00e5 v\u00e6re part i oppl\u00e6ringskontrakter<\/p>\n\n\n<div class=\"tags\">\n\t<\/div>\n<div class=\"post-footer alignfull has-background block-editor-block-list__block\" data-align=full>\n\t<div class=\"post-footer-inner\">\n\t\t<h3>Relaterte artikler<\/h3>\n\t\t<div class=\"related-content\"><div class=\"is-card-hoyre\">\n\t<div class=\"teft-card hoyre-teft-card post-teft-card\">\n\t\t<a href=\"https:\/\/hoyre.no\/telemark\/aktuelt\/na-er-det-pa-tide-at-norge-blir-med-i-eu\/\" class=\"teft-card__primary-action\">\n\n\t\t\t\t\t<div class=\"teft-card__media teft-card__media--16-9\">\n\t\t\t\t\t\t<img loading=\"lazy\" decoding=\"async\" width=\"768\" height=\"733\" src=\"https:\/\/hoyre.no\/content\/uploads\/sites\/429\/2024\/12\/Helene1-768x733.jpg\" class=\"attachment-medium_large size-medium_large\" alt=\"\" srcset=\"https:\/\/hoyre.no\/content\/uploads\/sites\/429\/2024\/12\/Helene1-768x733.jpg 768w, https:\/\/hoyre.no\/content\/uploads\/sites\/429\/2024\/12\/Helene1-300x286.jpg 300w, https:\/\/hoyre.no\/content\/uploads\/sites\/429\/2024\/12\/Helene1-1024x977.jpg 1024w, https:\/\/hoyre.no\/content\/uploads\/sites\/429\/2024\/12\/Helene1.jpg 1043w\" sizes=\"auto, (max-width: 768px) 100vw, 768px\" \/>\t\t<\/div>\n\t\t\n\t\t\t<div class=\"teft-card__content-wrapper\">\n\t\t\t\t<div class=\"teft-card__secondary\">\n\t\t\t\t\t\n\t\t\t\t\t\t\t\t<div class=\"teft-card__meta\">\n\t\t\t\t\t\t\t\t\t<span class=\"post-date\">24. feb 2025<\/span>\n\n\t\t\t\t\t\t\t\t\t<span class=\"post-category\">Nyheter<\/span>\t\t\t\t\t\t\t\t<\/div>\n\t\t\t\t\t\t\t\t\t\t\t<\/div>\n\n\t\t\t\t<div class=\"teft-card__primary\">\n\t\t\t\t\t<h2 class=\"teft-card__title\">N\u00e5 er det p\u00e5 tide at Norge blir med i EU&nbsp;<span class=\"teft-card__primary-title-append\"><\/span><\/h2>\t\t\t\t<\/div>\n\t\t\t<\/div>\n\t\t<\/a>\n\t<\/div>\n\n\t<\/div><div class=\"is-card-hoyre\">\n\t<div class=\"teft-card hoyre-teft-card post-teft-card\">\n\t\t<a href=\"https:\/\/hoyre.no\/telemark\/aktuelt\/sjeldne-jordarter-kritiske-og-strategiske-ravarer\/\" class=\"teft-card__primary-action\">\n\n\t\t\t\t\t<div class=\"teft-card__media teft-card__media--16-9\">\n\t\t\t\t\t\t<img loading=\"lazy\" decoding=\"async\" width=\"768\" height=\"726\" src=\"https:\/\/hoyre.no\/content\/uploads\/sites\/429\/2025\/02\/sjeldenejordarter-768x726.jpg\" class=\"attachment-medium_large size-medium_large\" alt=\"\" srcset=\"https:\/\/hoyre.no\/content\/uploads\/sites\/429\/2025\/02\/sjeldenejordarter-768x726.jpg 768w, https:\/\/hoyre.no\/content\/uploads\/sites\/429\/2025\/02\/sjeldenejordarter-300x283.jpg 300w, https:\/\/hoyre.no\/content\/uploads\/sites\/429\/2025\/02\/sjeldenejordarter-1024x967.jpg 1024w, https:\/\/hoyre.no\/content\/uploads\/sites\/429\/2025\/02\/sjeldenejordarter.jpg 1284w\" sizes=\"auto, (max-width: 768px) 100vw, 768px\" \/>\t\t<\/div>\n\t\t\n\t\t\t<div class=\"teft-card__content-wrapper\">\n\t\t\t\t<div class=\"teft-card__secondary\">\n\t\t\t\t\t\n\t\t\t\t\t\t\t\t<div class=\"teft-card__meta\">\n\t\t\t\t\t\t\t\t\t<span class=\"post-date\">6. feb 2025<\/span>\n\n\t\t\t\t\t\t\t\t\t<span class=\"post-category\">Nyheter<\/span>\t\t\t\t\t\t\t\t<\/div>\n\t\t\t\t\t\t\t\t\t\t\t<\/div>\n\n\t\t\t\t<div class=\"teft-card__primary\">\n\t\t\t\t\t<h2 class=\"teft-card__title\">Sjeldne jordarter \u2013 kritiske og strategiske r\u00e5varer&nbsp;<span class=\"teft-card__primary-title-append\"><\/span><\/h2>\t\t\t\t<\/div>\n\t\t\t<\/div>\n\t\t<\/a>\n\t<\/div>\n\n\t<\/div><div class=\"is-card-hoyre\">\n\t<div class=\"teft-card hoyre-teft-card post-teft-card\">\n\t\t<a href=\"https:\/\/hoyre.no\/telemark\/aktuelt\/norge-et-foregangsland-innen-baerekraftig-energi-og-verdiskaping\/\" class=\"teft-card__primary-action\">\n\n\t\t\t\t\t<div class=\"teft-card__media teft-card__media--16-9\">\n\t\t\t\t\t\t<img loading=\"lazy\" decoding=\"async\" width=\"768\" height=\"646\" src=\"https:\/\/hoyre.no\/content\/uploads\/sites\/429\/2025\/02\/Fornybarenergi-768x646.avif\" class=\"attachment-medium_large size-medium_large\" alt=\"\" srcset=\"https:\/\/hoyre.no\/content\/uploads\/sites\/429\/2025\/02\/Fornybarenergi-768x646.avif 768w, https:\/\/hoyre.no\/content\/uploads\/sites\/429\/2025\/02\/Fornybarenergi-300x252.avif 300w, https:\/\/hoyre.no\/content\/uploads\/sites\/429\/2025\/02\/Fornybarenergi-1024x861.avif 1024w, https:\/\/hoyre.no\/content\/uploads\/sites\/429\/2025\/02\/Fornybarenergi.avif 1272w\" sizes=\"auto, (max-width: 768px) 100vw, 768px\" \/>\t\t<\/div>\n\t\t\n\t\t\t<div class=\"teft-card__content-wrapper\">\n\t\t\t\t<div class=\"teft-card__secondary\">\n\t\t\t\t\t\n\t\t\t\t\t\t\t\t<div class=\"teft-card__meta\">\n\t\t\t\t\t\t\t\t\t<span class=\"post-date\">5. feb 2025<\/span>\n\n\t\t\t\t\t\t\t\t\t<span class=\"post-category\">Nyheter<\/span>\t\t\t\t\t\t\t\t<\/div>\n\t\t\t\t\t\t\t\t\t\t\t<\/div>\n\n\t\t\t\t<div class=\"teft-card__primary\">\n\t\t\t\t\t<h2 class=\"teft-card__title\">Norge, et foregangsland innen b\u00e6rekraftig energi og verdiskaping&nbsp;<span class=\"teft-card__primary-title-append\"><\/span><\/h2>\t\t\t\t<\/div>\n\t\t\t<\/div>\n\t\t<\/a>\n\t<\/div>\n\n\t<\/div><\/div>\t<\/div>\n<\/div>\n","protected":false},"excerpt":{"rendered":"","protected":false},"author":376,"featured_media":0,"comment_status":"closed","ping_status":"closed","sticky":true,"template":"","format":"standard","meta":{"teft_cards_image_url":"","teft_cards_custom_pretitle":"","teft_cards_image_id":21,"teft_cards_image_focal_point_x":0.5,"teft_cards_image_focal_point_y":0.5,"teft_cards_title":"","teft_cards_excerpt":"","teft_show_chapters":false,"author_display_name":"Karoline Roheim Aarvold","footnotes":""},"category":[1],"post_tag":[],"hoyre-visibility":[],"article-type":[],"politician":[],"class_list":["post-39","post","type-post","status-publish","format-standard","hentry","category-nyheter"],"yoast_head":"<!-- This site is optimized with the Yoast SEO plugin v26.6 - https:\/\/yoast.com\/wordpress\/plugins\/seo\/ -->\n<title>Ikke ta livet av oppl\u00e6ringskontorene - Telemark H\u00f8yre<\/title>\n<meta name=\"robots\" content=\"index, follow, max-snippet:-1, max-image-preview:large, max-video-preview:-1\" \/>\n<link rel=\"canonical\" href=\"https:\/\/hoyre.no\/telemark\/aktuelt\/ikke-ta-livet-av-opplaeringskontorene\/\" \/>\n<meta property=\"og:locale\" content=\"nb_NO\" \/>\n<meta property=\"og:type\" content=\"article\" \/>\n<meta property=\"og:title\" content=\"Ikke ta livet av oppl\u00e6ringskontorene - Telemark H\u00f8yre\" \/>\n<meta property=\"og:url\" content=\"https:\/\/hoyre.no\/telemark\/aktuelt\/ikke-ta-livet-av-opplaeringskontorene\/\" \/>\n<meta property=\"og:site_name\" content=\"Telemark H\u00f8yre\" \/>\n<meta property=\"article:published_time\" content=\"2023-04-24T09:40:03+00:00\" \/>\n<meta property=\"article:modified_time\" content=\"2023-04-24T09:40:04+00:00\" \/>\n<meta property=\"og:image\" content=\"https:\/\/hoyre.no\/content\/uploads\/sites\/429\/2025\/02\/Arsmotet25-1024x768.jpg\" \/>\n<meta name=\"author\" content=\"Ole Espen Strand\" \/>\n<meta name=\"twitter:card\" content=\"summary_large_image\" \/>\n<meta name=\"twitter:label1\" content=\"Skrevet av\" \/>\n\t<meta name=\"twitter:data1\" content=\"Ole Espen Strand\" \/>\n\t<meta name=\"twitter:label2\" content=\"Ansl. lesetid\" \/>\n\t<meta name=\"twitter:data2\" content=\"2 minutter\" \/>\n<script type=\"application\/ld+json\" class=\"yoast-schema-graph\">{\"@context\":\"https:\/\/schema.org\",\"@graph\":[{\"@type\":\"Article\",\"@id\":\"https:\/\/hoyre.no\/telemark\/aktuelt\/ikke-ta-livet-av-opplaeringskontorene\/#article\",\"isPartOf\":{\"@id\":\"https:\/\/hoyre.no\/telemark\/aktuelt\/ikke-ta-livet-av-opplaeringskontorene\/\"},\"author\":{\"name\":\"Ole Espen Strand\",\"@id\":\"https:\/\/hoyre.no\/telemark\/#\/schema\/person\/e53549e4110bc61d77480d222e49eef1\"},\"headline\":\"Ikke ta livet av oppl\u00e6ringskontorene\",\"datePublished\":\"2023-04-24T09:40:03+00:00\",\"dateModified\":\"2023-04-24T09:40:04+00:00\",\"mainEntityOfPage\":{\"@id\":\"https:\/\/hoyre.no\/telemark\/aktuelt\/ikke-ta-livet-av-opplaeringskontorene\/\"},\"wordCount\":389,\"publisher\":{\"@id\":\"https:\/\/hoyre.no\/telemark\/#organization\"},\"articleSection\":[\"Nyheter\"],\"inLanguage\":\"nb-NO\"},{\"@type\":\"NewsArticle\",\"@id\":\"https:\/\/hoyre.no\/telemark\/aktuelt\/ikke-ta-livet-av-opplaeringskontorene\/\",\"url\":\"https:\/\/hoyre.no\/telemark\/aktuelt\/ikke-ta-livet-av-opplaeringskontorene\/\",\"name\":\"Ikke ta livet av oppl\u00e6ringskontorene - Telemark H\u00f8yre\",\"isPartOf\":{\"@id\":\"https:\/\/hoyre.no\/telemark\/#website\"},\"datePublished\":\"2023-04-24T09:40:03+00:00\",\"dateModified\":\"2023-04-24T09:40:04+00:00\",\"breadcrumb\":{\"@id\":\"https:\/\/hoyre.no\/telemark\/aktuelt\/ikke-ta-livet-av-opplaeringskontorene\/#breadcrumb\"},\"inLanguage\":\"nb-NO\",\"potentialAction\":[{\"@type\":\"ReadAction\",\"target\":[\"https:\/\/hoyre.no\/telemark\/aktuelt\/ikke-ta-livet-av-opplaeringskontorene\/\"]}]},{\"@type\":\"BreadcrumbList\",\"@id\":\"https:\/\/hoyre.no\/telemark\/aktuelt\/ikke-ta-livet-av-opplaeringskontorene\/#breadcrumb\",\"itemListElement\":[{\"@type\":\"ListItem\",\"position\":1,\"name\":\"Til hoyre.no\",\"item\":\"https:\/\/hoyre.no\"},{\"@type\":\"ListItem\",\"position\":2,\"name\":\"Hjem\",\"item\":\"https:\/\/hoyre.no\/telemark\/\"},{\"@type\":\"ListItem\",\"position\":3,\"name\":\"Ikke ta livet av oppl\u00e6ringskontorene\"}]},{\"@type\":\"WebSite\",\"@id\":\"https:\/\/hoyre.no\/telemark\/#website\",\"url\":\"https:\/\/hoyre.no\/telemark\/\",\"name\":\"Telemark H\u00f8yre\",\"description\":\"Bare enda et H\u00f8yres nettsteder-nettsted\",\"publisher\":{\"@id\":\"https:\/\/hoyre.no\/telemark\/#organization\"},\"inLanguage\":\"nb-NO\"},{\"@type\":\"Organization\",\"@id\":\"https:\/\/hoyre.no\/telemark\/#organization\",\"name\":\"Telemark H\u00f8yre\",\"url\":\"https:\/\/hoyre.no\/telemark\/\",\"logo\":{\"@type\":\"ImageObject\",\"inLanguage\":\"nb-NO\",\"@id\":\"https:\/\/hoyre.no\/telemark\/#\/schema\/logo\/image\/\",\"url\":\"https:\/\/hoyre.no\/content\/uploads\/sites\/429\/2023\/02\/hoyre_logo.png\",\"contentUrl\":\"https:\/\/hoyre.no\/content\/uploads\/sites\/429\/2023\/02\/hoyre_logo.png\",\"width\":1000,\"height\":1000,\"caption\":\"Telemark H\u00f8yre\"},\"image\":{\"@id\":\"https:\/\/hoyre.no\/telemark\/#\/schema\/logo\/image\/\"}},{\"@type\":\"Person\",\"@id\":\"https:\/\/hoyre.no\/telemark\/#\/schema\/person\/e53549e4110bc61d77480d222e49eef1\",\"name\":\"Ole Espen Strand\",\"image\":{\"@type\":\"ImageObject\",\"inLanguage\":\"nb-NO\",\"@id\":\"https:\/\/hoyre.no\/telemark\/#\/schema\/person\/image\/\",\"url\":\"https:\/\/secure.gravatar.com\/avatar\/b5ab5bf6a88c5268515bd75538435c1a23c6bb23748faa38dbe737b284a38918?s=96&d=mm&r=g\",\"contentUrl\":\"https:\/\/secure.gravatar.com\/avatar\/b5ab5bf6a88c5268515bd75538435c1a23c6bb23748faa38dbe737b284a38918?s=96&d=mm&r=g\",\"caption\":\"Ole Espen Strand\"},\"url\":\"https:\/\/hoyre.no\/telemark\/aktuelt\/author\/m11380987\/\"}]}<\/script>\n<!-- \/ Yoast SEO plugin. -->","yoast_head_json":{"title":"Ikke ta livet av oppl\u00e6ringskontorene - Telemark H\u00f8yre","robots":{"index":"index","follow":"follow","max-snippet":"max-snippet:-1","max-image-preview":"max-image-preview:large","max-video-preview":"max-video-preview:-1"},"canonical":"https:\/\/hoyre.no\/telemark\/aktuelt\/ikke-ta-livet-av-opplaeringskontorene\/","og_locale":"nb_NO","og_type":"article","og_title":"Ikke ta livet av oppl\u00e6ringskontorene - Telemark H\u00f8yre","og_url":"https:\/\/hoyre.no\/telemark\/aktuelt\/ikke-ta-livet-av-opplaeringskontorene\/","og_site_name":"Telemark H\u00f8yre","article_published_time":"2023-04-24T09:40:03+00:00","article_modified_time":"2023-04-24T09:40:04+00:00","og_image":[{"url":"https:\/\/hoyre.no\/content\/uploads\/sites\/429\/2025\/02\/Arsmotet25-1024x768.jpg","width":"","height":"","type":""}],"author":"Ole Espen Strand","twitter_card":"summary_large_image","twitter_misc":{"Skrevet av":"Ole Espen Strand","Ansl. lesetid":"2 minutter"},"schema":{"@context":"https:\/\/schema.org","@graph":[{"@type":"Article","@id":"https:\/\/hoyre.no\/telemark\/aktuelt\/ikke-ta-livet-av-opplaeringskontorene\/#article","isPartOf":{"@id":"https:\/\/hoyre.no\/telemark\/aktuelt\/ikke-ta-livet-av-opplaeringskontorene\/"},"author":{"name":"Ole Espen Strand","@id":"https:\/\/hoyre.no\/telemark\/#\/schema\/person\/e53549e4110bc61d77480d222e49eef1"},"headline":"Ikke ta livet av oppl\u00e6ringskontorene","datePublished":"2023-04-24T09:40:03+00:00","dateModified":"2023-04-24T09:40:04+00:00","mainEntityOfPage":{"@id":"https:\/\/hoyre.no\/telemark\/aktuelt\/ikke-ta-livet-av-opplaeringskontorene\/"},"wordCount":389,"publisher":{"@id":"https:\/\/hoyre.no\/telemark\/#organization"},"articleSection":["Nyheter"],"inLanguage":"nb-NO"},{"@type":"NewsArticle","@id":"https:\/\/hoyre.no\/telemark\/aktuelt\/ikke-ta-livet-av-opplaeringskontorene\/","url":"https:\/\/hoyre.no\/telemark\/aktuelt\/ikke-ta-livet-av-opplaeringskontorene\/","name":"Ikke ta livet av oppl\u00e6ringskontorene - Telemark H\u00f8yre","isPartOf":{"@id":"https:\/\/hoyre.no\/telemark\/#website"},"datePublished":"2023-04-24T09:40:03+00:00","dateModified":"2023-04-24T09:40:04+00:00","breadcrumb":{"@id":"https:\/\/hoyre.no\/telemark\/aktuelt\/ikke-ta-livet-av-opplaeringskontorene\/#breadcrumb"},"inLanguage":"nb-NO","potentialAction":[{"@type":"ReadAction","target":["https:\/\/hoyre.no\/telemark\/aktuelt\/ikke-ta-livet-av-opplaeringskontorene\/"]}]},{"@type":"BreadcrumbList","@id":"https:\/\/hoyre.no\/telemark\/aktuelt\/ikke-ta-livet-av-opplaeringskontorene\/#breadcrumb","itemListElement":[{"@type":"ListItem","position":1,"name":"Til hoyre.no","item":"https:\/\/hoyre.no"},{"@type":"ListItem","position":2,"name":"Hjem","item":"https:\/\/hoyre.no\/telemark\/"},{"@type":"ListItem","position":3,"name":"Ikke ta livet av oppl\u00e6ringskontorene"}]},{"@type":"WebSite","@id":"https:\/\/hoyre.no\/telemark\/#website","url":"https:\/\/hoyre.no\/telemark\/","name":"Telemark H\u00f8yre","description":"Bare enda et H\u00f8yres nettsteder-nettsted","publisher":{"@id":"https:\/\/hoyre.no\/telemark\/#organization"},"inLanguage":"nb-NO"},{"@type":"Organization","@id":"https:\/\/hoyre.no\/telemark\/#organization","name":"Telemark H\u00f8yre","url":"https:\/\/hoyre.no\/telemark\/","logo":{"@type":"ImageObject","inLanguage":"nb-NO","@id":"https:\/\/hoyre.no\/telemark\/#\/schema\/logo\/image\/","url":"https:\/\/hoyre.no\/content\/uploads\/sites\/429\/2023\/02\/hoyre_logo.png","contentUrl":"https:\/\/hoyre.no\/content\/uploads\/sites\/429\/2023\/02\/hoyre_logo.png","width":1000,"height":1000,"caption":"Telemark H\u00f8yre"},"image":{"@id":"https:\/\/hoyre.no\/telemark\/#\/schema\/logo\/image\/"}},{"@type":"Person","@id":"https:\/\/hoyre.no\/telemark\/#\/schema\/person\/e53549e4110bc61d77480d222e49eef1","name":"Ole Espen Strand","image":{"@type":"ImageObject","inLanguage":"nb-NO","@id":"https:\/\/hoyre.no\/telemark\/#\/schema\/person\/image\/","url":"https:\/\/secure.gravatar.com\/avatar\/b5ab5bf6a88c5268515bd75538435c1a23c6bb23748faa38dbe737b284a38918?s=96&d=mm&r=g","contentUrl":"https:\/\/secure.gravatar.com\/avatar\/b5ab5bf6a88c5268515bd75538435c1a23c6bb23748faa38dbe737b284a38918?s=96&d=mm&r=g","caption":"Ole Espen Strand"},"url":"https:\/\/hoyre.no\/telemark\/aktuelt\/author\/m11380987\/"}]}},"distributor_meta":false,"distributor_terms":false,"distributor_media":false,"distributor_original_site_name":"Telemark H\u00f8yre","distributor_original_site_url":"https:\/\/hoyre.no\/telemark","push-errors":false,"_links":{"self":[{"href":"https:\/\/hoyre.no\/telemark\/wp-json\/wp\/v2\/posts\/39","targetHints":{"allow":["GET"]}}],"collection":[{"href":"https:\/\/hoyre.no\/telemark\/wp-json\/wp\/v2\/posts"}],"about":[{"href":"https:\/\/hoyre.no\/telemark\/wp-json\/wp\/v2\/types\/post"}],"author":[{"embeddable":true,"href":"https:\/\/hoyre.no\/telemark\/wp-json\/wp\/v2\/users\/376"}],"replies":[{"embeddable":true,"href":"https:\/\/hoyre.no\/telemark\/wp-json\/wp\/v2\/comments?post=39"}],"version-history":[{"count":1,"href":"https:\/\/hoyre.no\/telemark\/wp-json\/wp\/v2\/posts\/39\/revisions"}],"predecessor-version":[{"id":41,"href":"https:\/\/hoyre.no\/telemark\/wp-json\/wp\/v2\/posts\/39\/revisions\/41"}],"wp:attachment":[{"href":"https:\/\/hoyre.no\/telemark\/wp-json\/wp\/v2\/media?parent=39"}],"wp:term":[{"taxonomy":"category","embeddable":true,"href":"https:\/\/hoyre.no\/telemark\/wp-json\/wp\/v2\/category?post=39"},{"taxonomy":"post_tag","embeddable":true,"href":"https:\/\/hoyre.no\/telemark\/wp-json\/wp\/v2\/post_tag?post=39"},{"taxonomy":"hoyre-visibility","embeddable":true,"href":"https:\/\/hoyre.no\/telemark\/wp-json\/wp\/v2\/hoyre-visibility?post=39"},{"taxonomy":"article-type","embeddable":true,"href":"https:\/\/hoyre.no\/telemark\/wp-json\/wp\/v2\/article-type?post=39"},{"taxonomy":"politician","embeddable":true,"href":"https:\/\/hoyre.no\/telemark\/wp-json\/wp\/v2\/politician?post=39"}],"curies":[{"name":"wp","href":"https:\/\/api.w.org\/{rel}","templated":true}]}}