{"id":38,"date":"2023-02-01T17:35:57","date_gmt":"2023-02-01T16:35:57","guid":{"rendered":"https:\/\/hoyre.no\/tinn\/?p=38"},"modified":"2023-06-12T12:18:34","modified_gmt":"2023-06-12T10:18:34","slug":"bent-frode-bystrom-valgt-til-ordforerkandidat-for-tinn-hoyre","status":"publish","type":"post","link":"https:\/\/hoyre.no\/tinn\/aktuelt\/bent-frode-bystrom-valgt-til-ordforerkandidat-for-tinn-hoyre\/","title":{"rendered":"Bent Frode Bystr\u00f8m valgt til ordf\u00f8rerkandidat for Tinn H\u00f8yre"},"content":{"rendered":"\n<p class=\"preamble\">P\u00e5 nominasjonsm\u00f8tet onsdag 25. januar ble Bent Frode Bystr\u00f8m enstemmig valgt til Tinn H\u00f8yre sin ordf\u00f8rerkandidat. Nominasjonskomiteens innstilling til valgliste ble enstemmig vedtatt. <br><br><strong>Tinn H\u00f8yre sin valgliste<\/strong> <strong>Kommunevalget 2023:<\/strong><br>\u00a0<br><strong>1.\u00a0\u00a0\u00a0\u00a0 Bent Frode Bystr\u00f8m (kumulert)<\/strong><br><strong>2.\u00a0\u00a0\u00a0\u00a0 Siw Hege Langeland (kumulert)<\/strong><br>3.\u00a0\u00a0\u00a0\u00a0 Gunnar Odd Hagen<br>4.\u00a0\u00a0\u00a0\u00a0 Lill Iren Berg<br>5.\u00a0\u00a0\u00a0\u00a0 Annfinn Helleberg<br>6.\u00a0\u00a0\u00a0\u00a0 Herbj\u00f8rn Bakka<br>7.\u00a0\u00a0\u00a0\u00a0 Tommy Stor\u00f8ygard<br>8.\u00a0\u00a0\u00a0\u00a0 Bj\u00f8rn Berge<br>9.\u00a0\u00a0\u00a0\u00a0 Tracy Lynn Murphy<br>10. Oddvar Haugen<br>11. Espen Faane<br>12. Gro R\u00e5nman<br>13. Espen Nilsen<br>14. St\u00e5le Slorafoss\u00a0<br>15. Karin R\u00f8<br>16. Per L\u00f8itegaard<br>17. Per Edvin Ruud<br>18. \u00c5selene Brautaset\u00a0<br>19. Knut Mogen \u00d8rnes<br>20. Bj\u00f8rn N\u00e6ss Hansen<br>21. Jarle Skaardal<br>22. Grethe Vr\u00e5lstad Hansen\u00a0<br>23. Torgeir Luraas<\/p>\t\t\t<div class=\"post-meta wp-block teft-byline-wrapper\">\n\t\t\t\t<div class=\"top\">\n\t\t\t\t\t<div class=\"signature\">\n\t\t\t\t\t\t<div class=\"teft-byline\">\n\t\t\t\t\t\t\t\t\t\t\t\t\t\t<div>\n\t\t\t\t\t\t\t\t<h3>H\u00f8yres redaksjon<\/h3>\t\t\t\t\t\t\t\t\n\t\t\t\t\t\t\t\t\t\t\t\t\t\t\t\t\t<span class=\"date\">Sist oppdatert: 12. juni 2023<\/span>\n\t\t\t\t\t\t\t\t\t\t\t\t\t\t\t\t\t\t\t\t\t\t\t\t\t<span class=\"reading-time\" itemprop=\"timeRequired\" content=\"PT1M\"><em>Ca. 1 minutter lesetid<\/em><\/span>\n\t\t\t\t\t\t\t\t\t\t\t\t\t\t\t<\/div>\n\t\t\t\t\t\t<\/div>\n\t\t\t\t\t<\/div>\n\t\t\t\t\t\t<div class=\"sharing\">\n\t\t<a class=\"share-button share-link copy-link\" data-copy=\"https:\/\/hoyre.no\/tinn\/aktuelt\/bent-frode-bystrom-valgt-til-ordforerkandidat-for-tinn-hoyre\/\" target=\"_blank\"><span class=\"screen-reader-text\">Del link<\/span><\/a>\n\t\t<a class=\"share-button share-twitter\" href=\"http:\/\/twitter.com\/share?text=Bent Frode Bystr\u00f8m valgt til ordf\u00f8rerkandidat for Tinn H\u00f8yre&#038;url=https:\/\/hoyre.no\/tinn\/aktuelt\/bent-frode-bystrom-valgt-til-ordforerkandidat-for-tinn-hoyre\/&#038;hashtags=Hoyre\" target=\"_blank\"><span class=\"screen-reader-text\">Del p\u00e5 twitter<\/span><\/a>\n\t\t<a class=\"share-button share-facebook\" href=\"https:\/\/www.facebook.com\/sharer\/sharer.php?u=https:\/\/hoyre.no\/tinn\/aktuelt\/bent-frode-bystrom-valgt-til-ordforerkandidat-for-tinn-hoyre\/\" target=\"_blank\"><span class=\"screen-reader-text\">Del p\u00e5 facebook<\/span><\/a>\n\t<\/div>\n\t\t\t\t\t<\/div>\n\t\t\t<\/div>\n\n\t\t\t<figure class=\"hoyre-image-wrapper\"><div class=\"hoyre-image\"><img loading=\"lazy\" decoding=\"async\" width=\"737\" height=\"686\" src=\"https:\/\/hoyre.no\/content\/uploads\/sites\/354\/2023\/02\/9D324C7C-5159-4081-9E22-62579860A7B4-e1675269274880.jpeg\" class=\"attachment-scaled size-scaled\" alt=\"\" style=\"object-position: 50% 50%\" srcset=\"https:\/\/hoyre.no\/content\/uploads\/sites\/354\/2023\/02\/9D324C7C-5159-4081-9E22-62579860A7B4-e1675269274880.jpeg 737w, https:\/\/hoyre.no\/content\/uploads\/sites\/354\/2023\/02\/9D324C7C-5159-4081-9E22-62579860A7B4-e1675269274880-300x279.jpeg 300w\" sizes=\"auto, (max-width: 737px) 100vw, 737px\" \/><\/div><figcaption class=\"caption\">Bent Frode Bystr\u00f8m &#8211; Tinn H\u00f8yre sin ordf\u00f8rerkandidat<\/figcaption><\/figure>\n\n\n\n\n<p><\/p>\n\n\n<div class=\"tags\">\n\t<\/div>\n<div class=\"post-footer alignfull has-background block-editor-block-list__block\" data-align=full>\n\t<div class=\"post-footer-inner\">\n\t\t<h3>Relaterte artikler<\/h3>\n\t\t<div class=\"related-content\"><div class=\"is-card-hoyre\">\n\t<div class=\"teft-card hoyre-teft-card post-teft-card\">\n\t\t<a href=\"https:\/\/hoyre.no\/tinn\/aktuelt\/8-gode-grunner-til-a-stemme-hoyre-i-tinn\/\" class=\"teft-card__primary-action\">\n\n\t\t\t\t\t<div class=\"teft-card__media teft-card__media--16-9\">\n\t\t\t\t\t\t<img loading=\"lazy\" decoding=\"async\" width=\"768\" height=\"512\" src=\"https:\/\/hoyre.no\/content\/uploads\/sites\/354\/2023\/06\/GettyImages-1219527349-768x512.jpg\" class=\"attachment-medium_large size-medium_large\" alt=\"\" srcset=\"https:\/\/hoyre.no\/content\/uploads\/sites\/354\/2023\/06\/GettyImages-1219527349-768x512.jpg 768w, https:\/\/hoyre.no\/content\/uploads\/sites\/354\/2023\/06\/GettyImages-1219527349-300x200.jpg 300w, https:\/\/hoyre.no\/content\/uploads\/sites\/354\/2023\/06\/GettyImages-1219527349-1024x683.jpg 1024w, https:\/\/hoyre.no\/content\/uploads\/sites\/354\/2023\/06\/GettyImages-1219527349-1536x1024.jpg 1536w, https:\/\/hoyre.no\/content\/uploads\/sites\/354\/2023\/06\/GettyImages-1219527349-2048x1366.jpg 2048w\" sizes=\"auto, (max-width: 768px) 100vw, 768px\" \/>\t\t<\/div>\n\t\t\n\t\t\t<div class=\"teft-card__content-wrapper\">\n\t\t\t\t<div class=\"teft-card__secondary\">\n\t\t\t\t\t\n\t\t\t\t\t\t\t\t<div class=\"teft-card__meta\">\n\t\t\t\t\t\t\t\t\t<span class=\"post-date\">29. jun 2023<\/span>\n\n\t\t\t\t\t\t\t\t\t<span class=\"post-category\">Nyheter<\/span>\t\t\t\t\t\t\t\t<\/div>\n\t\t\t\t\t\t\t\t\t\t\t<\/div>\n\n\t\t\t\t<div class=\"teft-card__primary\">\n\t\t\t\t\t<h2 class=\"teft-card__title\">8 gode grunner til \u00e5 stemme H\u00f8yre i Tinn&nbsp;<span class=\"teft-card__primary-title-append\"><\/span><\/h2>\t\t\t\t<\/div>\n\t\t\t<\/div>\n\t\t<\/a>\n\t<\/div>\n\n\t<\/div><div class=\"is-card-hoyre\">\n\t<div class=\"teft-card hoyre-teft-card post-teft-card\">\n\t\t<a href=\"https:\/\/hoyre.no\/tinn\/aktuelt\/partiprogram-tinn-hoyre-2023-2027\/\" class=\"teft-card__primary-action\">\n\n\t\t\t\t\t<div class=\"teft-card__media teft-card__media--16-9\">\n\t\t\t\t\t\t<img loading=\"lazy\" decoding=\"async\" width=\"768\" height=\"488\" src=\"https:\/\/hoyre.no\/content\/uploads\/sites\/354\/2023\/06\/tinn-768x488.jpg\" class=\"attachment-medium_large size-medium_large\" alt=\"\" srcset=\"https:\/\/hoyre.no\/content\/uploads\/sites\/354\/2023\/06\/tinn-768x488.jpg 768w, https:\/\/hoyre.no\/content\/uploads\/sites\/354\/2023\/06\/tinn-300x191.jpg 300w, https:\/\/hoyre.no\/content\/uploads\/sites\/354\/2023\/06\/tinn.jpg 949w\" sizes=\"auto, (max-width: 768px) 100vw, 768px\" \/>\t\t<\/div>\n\t\t\n\t\t\t<div class=\"teft-card__content-wrapper\">\n\t\t\t\t<div class=\"teft-card__secondary\">\n\t\t\t\t\t\n\t\t\t\t\t\t\t\t<div class=\"teft-card__meta\">\n\t\t\t\t\t\t\t\t\t<span class=\"post-date\">8. jun 2023<\/span>\n\n\t\t\t\t\t\t\t\t\t<span class=\"post-category\">Nyheter<\/span>\t\t\t\t\t\t\t\t<\/div>\n\t\t\t\t\t\t\t\t\t\t\t<\/div>\n\n\t\t\t\t<div class=\"teft-card__primary\">\n\t\t\t\t\t<h2 class=\"teft-card__title\">Partiprogram Tinn H\u00f8yre 2023-2027&nbsp;<span class=\"teft-card__primary-title-append\"><\/span><\/h2>\t\t\t\t<\/div>\n\t\t\t<\/div>\n\t\t<\/a>\n\t<\/div>\n\n\t<\/div><div class=\"is-card-hoyre\">\n\t<div class=\"teft-card hoyre-teft-card post-teft-card\">\n\t\t<a href=\"https:\/\/hoyre.no\/tinn\/aktuelt\/nominasjonsmote-i-tinn-hoyre\/\" class=\"teft-card__primary-action\">\n\n\t\t\t<div class=\"teft-card__media teft-card__media--16-9 no-image\"><\/div>\n\t\t\t<div class=\"teft-card__content-wrapper\">\n\t\t\t\t<div class=\"teft-card__secondary\">\n\t\t\t\t\t\n\t\t\t\t\t\t\t\t<div class=\"teft-card__meta\">\n\t\t\t\t\t\t\t\t\t<span class=\"post-date\">11. jan 2023<\/span>\n\n\t\t\t\t\t\t\t\t\t\t\t\t\t\t\t\t\t<\/div>\n\t\t\t\t\t\t\t\t\t\t\t<\/div>\n\n\t\t\t\t<div class=\"teft-card__primary\">\n\t\t\t\t\t<h2 class=\"teft-card__title\">Nominasjonsm\u00f8te i Tinn H\u00f8yre&nbsp;<span class=\"teft-card__primary-title-append\"><\/span><\/h2>\t\t\t\t<\/div>\n\t\t\t<\/div>\n\t\t<\/a>\n\t<\/div>\n\n\t<\/div><\/div>\t<\/div>\n<\/div>\n","protected":false},"excerpt":{"rendered":"","protected":false},"author":16058,"featured_media":0,"comment_status":"closed","ping_status":"closed","sticky":false,"template":"","format":"standard","meta":{"teft_cards_image_url":"","teft_cards_custom_pretitle":"","teft_cards_image_id":74,"teft_cards_image_focal_point_x":0.5,"teft_cards_image_focal_point_y":0.5,"teft_cards_title":"","teft_cards_excerpt":"","teft_show_chapters":false,"author_display_name":"","footnotes":""},"category":[1],"post_tag":[],"hoyre-visibility":[],"article-type":[],"politician":[],"class_list":["post-38","post","type-post","status-publish","format-standard","hentry","category-nyheter"],"yoast_head":"<!-- This site is optimized with the Yoast SEO plugin v26.6 - https:\/\/yoast.com\/wordpress\/plugins\/seo\/ -->\n<title>Bent Frode Bystr\u00f8m valgt til ordf\u00f8rerkandidat for Tinn H\u00f8yre - Tinn H\u00f8yre<\/title>\n<meta name=\"robots\" content=\"index, follow, max-snippet:-1, max-image-preview:large, max-video-preview:-1\" \/>\n<link rel=\"canonical\" href=\"https:\/\/hoyre.no\/tinn\/aktuelt\/bent-frode-bystrom-valgt-til-ordforerkandidat-for-tinn-hoyre\/\" \/>\n<meta property=\"og:locale\" content=\"nb_NO\" \/>\n<meta property=\"og:type\" content=\"article\" \/>\n<meta property=\"og:title\" content=\"Bent Frode Bystr\u00f8m valgt til ordf\u00f8rerkandidat for Tinn H\u00f8yre - Tinn H\u00f8yre\" \/>\n<meta property=\"og:url\" content=\"https:\/\/hoyre.no\/tinn\/aktuelt\/bent-frode-bystrom-valgt-til-ordforerkandidat-for-tinn-hoyre\/\" \/>\n<meta property=\"og:site_name\" content=\"Tinn H\u00f8yre\" \/>\n<meta property=\"article:published_time\" content=\"2023-02-01T16:35:57+00:00\" \/>\n<meta property=\"article:modified_time\" content=\"2023-06-12T10:18:34+00:00\" \/>\n<meta property=\"og:image\" content=\"https:\/\/hoyre.no\/content\/uploads\/sites\/354\/2022\/11\/Hoyres-logo.png\" \/>\n\t<meta property=\"og:image:width\" content=\"1000\" \/>\n\t<meta property=\"og:image:height\" content=\"1000\" \/>\n\t<meta property=\"og:image:type\" content=\"image\/png\" \/>\n<meta name=\"author\" content=\"Bent Frode Bystr\u00f8m\" \/>\n<meta name=\"twitter:card\" content=\"summary_large_image\" \/>\n<meta name=\"twitter:label1\" content=\"Skrevet av\" \/>\n\t<meta name=\"twitter:data1\" content=\"Bent Frode Bystr\u00f8m\" \/>\n\t<meta name=\"twitter:label2\" content=\"Ansl. lesetid\" \/>\n\t<meta name=\"twitter:data2\" content=\"1 minutt\" \/>\n<script type=\"application\/ld+json\" class=\"yoast-schema-graph\">{\"@context\":\"https:\/\/schema.org\",\"@graph\":[{\"@type\":\"NewsArticle\",\"@id\":\"https:\/\/hoyre.no\/tinn\/aktuelt\/bent-frode-bystrom-valgt-til-ordforerkandidat-for-tinn-hoyre\/\",\"url\":\"https:\/\/hoyre.no\/tinn\/aktuelt\/bent-frode-bystrom-valgt-til-ordforerkandidat-for-tinn-hoyre\/\",\"name\":\"Bent Frode Bystr\u00f8m valgt til ordf\u00f8rerkandidat for Tinn H\u00f8yre - Tinn H\u00f8yre\",\"isPartOf\":{\"@id\":\"https:\/\/hoyre.no\/tinn\/#website\"},\"datePublished\":\"2023-02-01T16:35:57+00:00\",\"dateModified\":\"2023-06-12T10:18:34+00:00\",\"author\":{\"@id\":\"https:\/\/hoyre.no\/tinn\/#\/schema\/person\/b23c510d4891251b1c7a3fa40f555a8c\"},\"breadcrumb\":{\"@id\":\"https:\/\/hoyre.no\/tinn\/aktuelt\/bent-frode-bystrom-valgt-til-ordforerkandidat-for-tinn-hoyre\/#breadcrumb\"},\"inLanguage\":\"nb-NO\",\"potentialAction\":[{\"@type\":\"ReadAction\",\"target\":[\"https:\/\/hoyre.no\/tinn\/aktuelt\/bent-frode-bystrom-valgt-til-ordforerkandidat-for-tinn-hoyre\/\"]}]},{\"@type\":\"BreadcrumbList\",\"@id\":\"https:\/\/hoyre.no\/tinn\/aktuelt\/bent-frode-bystrom-valgt-til-ordforerkandidat-for-tinn-hoyre\/#breadcrumb\",\"itemListElement\":[{\"@type\":\"ListItem\",\"position\":1,\"name\":\"Til hoyre.no\",\"item\":\"https:\/\/hoyre.no\"},{\"@type\":\"ListItem\",\"position\":2,\"name\":\"Hjem\",\"item\":\"https:\/\/hoyre.no\/tinn\/\"},{\"@type\":\"ListItem\",\"position\":3,\"name\":\"Bent Frode Bystr\u00f8m valgt til ordf\u00f8rerkandidat for Tinn H\u00f8yre\"}]},{\"@type\":\"WebSite\",\"@id\":\"https:\/\/hoyre.no\/tinn\/#website\",\"url\":\"https:\/\/hoyre.no\/tinn\/\",\"name\":\"Tinn H\u00f8yre\",\"description\":\"Bare enda et H\u00f8yres nettsteder-nettsted\",\"inLanguage\":\"nb-NO\"},{\"@type\":\"Person\",\"@id\":\"https:\/\/hoyre.no\/tinn\/#\/schema\/person\/b23c510d4891251b1c7a3fa40f555a8c\",\"name\":\"Bent Frode Bystr\u00f8m\",\"image\":{\"@type\":\"ImageObject\",\"inLanguage\":\"nb-NO\",\"@id\":\"https:\/\/hoyre.no\/tinn\/#\/schema\/person\/image\/\",\"url\":\"https:\/\/secure.gravatar.com\/avatar\/a3a5ba96b4365125cd789d0a1cafd1d4b2b98159c293e89e39ad8e2f3e5da3bb?s=96&d=mm&r=g\",\"contentUrl\":\"https:\/\/secure.gravatar.com\/avatar\/a3a5ba96b4365125cd789d0a1cafd1d4b2b98159c293e89e39ad8e2f3e5da3bb?s=96&d=mm&r=g\",\"caption\":\"Bent Frode Bystr\u00f8m\"},\"url\":\"https:\/\/hoyre.no\/tinn\/aktuelt\/author\/m50636331\/\"}]}<\/script>\n<!-- \/ Yoast SEO plugin. -->","yoast_head_json":{"title":"Bent Frode Bystr\u00f8m valgt til ordf\u00f8rerkandidat for Tinn H\u00f8yre - Tinn H\u00f8yre","robots":{"index":"index","follow":"follow","max-snippet":"max-snippet:-1","max-image-preview":"max-image-preview:large","max-video-preview":"max-video-preview:-1"},"canonical":"https:\/\/hoyre.no\/tinn\/aktuelt\/bent-frode-bystrom-valgt-til-ordforerkandidat-for-tinn-hoyre\/","og_locale":"nb_NO","og_type":"article","og_title":"Bent Frode Bystr\u00f8m valgt til ordf\u00f8rerkandidat for Tinn H\u00f8yre - Tinn H\u00f8yre","og_url":"https:\/\/hoyre.no\/tinn\/aktuelt\/bent-frode-bystrom-valgt-til-ordforerkandidat-for-tinn-hoyre\/","og_site_name":"Tinn H\u00f8yre","article_published_time":"2023-02-01T16:35:57+00:00","article_modified_time":"2023-06-12T10:18:34+00:00","og_image":[{"width":1000,"height":1000,"url":"https:\/\/hoyre.no\/content\/uploads\/sites\/354\/2022\/11\/Hoyres-logo.png","type":"image\/png"}],"author":"Bent Frode Bystr\u00f8m","twitter_card":"summary_large_image","twitter_misc":{"Skrevet av":"Bent Frode Bystr\u00f8m","Ansl. lesetid":"1 minutt"},"schema":{"@context":"https:\/\/schema.org","@graph":[{"@type":"NewsArticle","@id":"https:\/\/hoyre.no\/tinn\/aktuelt\/bent-frode-bystrom-valgt-til-ordforerkandidat-for-tinn-hoyre\/","url":"https:\/\/hoyre.no\/tinn\/aktuelt\/bent-frode-bystrom-valgt-til-ordforerkandidat-for-tinn-hoyre\/","name":"Bent Frode Bystr\u00f8m valgt til ordf\u00f8rerkandidat for Tinn H\u00f8yre - Tinn H\u00f8yre","isPartOf":{"@id":"https:\/\/hoyre.no\/tinn\/#website"},"datePublished":"2023-02-01T16:35:57+00:00","dateModified":"2023-06-12T10:18:34+00:00","author":{"@id":"https:\/\/hoyre.no\/tinn\/#\/schema\/person\/b23c510d4891251b1c7a3fa40f555a8c"},"breadcrumb":{"@id":"https:\/\/hoyre.no\/tinn\/aktuelt\/bent-frode-bystrom-valgt-til-ordforerkandidat-for-tinn-hoyre\/#breadcrumb"},"inLanguage":"nb-NO","potentialAction":[{"@type":"ReadAction","target":["https:\/\/hoyre.no\/tinn\/aktuelt\/bent-frode-bystrom-valgt-til-ordforerkandidat-for-tinn-hoyre\/"]}]},{"@type":"BreadcrumbList","@id":"https:\/\/hoyre.no\/tinn\/aktuelt\/bent-frode-bystrom-valgt-til-ordforerkandidat-for-tinn-hoyre\/#breadcrumb","itemListElement":[{"@type":"ListItem","position":1,"name":"Til hoyre.no","item":"https:\/\/hoyre.no"},{"@type":"ListItem","position":2,"name":"Hjem","item":"https:\/\/hoyre.no\/tinn\/"},{"@type":"ListItem","position":3,"name":"Bent Frode Bystr\u00f8m valgt til ordf\u00f8rerkandidat for Tinn H\u00f8yre"}]},{"@type":"WebSite","@id":"https:\/\/hoyre.no\/tinn\/#website","url":"https:\/\/hoyre.no\/tinn\/","name":"Tinn H\u00f8yre","description":"Bare enda et H\u00f8yres nettsteder-nettsted","inLanguage":"nb-NO"},{"@type":"Person","@id":"https:\/\/hoyre.no\/tinn\/#\/schema\/person\/b23c510d4891251b1c7a3fa40f555a8c","name":"Bent Frode Bystr\u00f8m","image":{"@type":"ImageObject","inLanguage":"nb-NO","@id":"https:\/\/hoyre.no\/tinn\/#\/schema\/person\/image\/","url":"https:\/\/secure.gravatar.com\/avatar\/a3a5ba96b4365125cd789d0a1cafd1d4b2b98159c293e89e39ad8e2f3e5da3bb?s=96&d=mm&r=g","contentUrl":"https:\/\/secure.gravatar.com\/avatar\/a3a5ba96b4365125cd789d0a1cafd1d4b2b98159c293e89e39ad8e2f3e5da3bb?s=96&d=mm&r=g","caption":"Bent Frode Bystr\u00f8m"},"url":"https:\/\/hoyre.no\/tinn\/aktuelt\/author\/m50636331\/"}]}},"distributor_meta":false,"distributor_terms":false,"distributor_media":false,"distributor_original_site_name":"Tinn H\u00f8yre","distributor_original_site_url":"https:\/\/hoyre.no\/tinn","push-errors":false,"_links":{"self":[{"href":"https:\/\/hoyre.no\/tinn\/wp-json\/wp\/v2\/posts\/38","targetHints":{"allow":["GET"]}}],"collection":[{"href":"https:\/\/hoyre.no\/tinn\/wp-json\/wp\/v2\/posts"}],"about":[{"href":"https:\/\/hoyre.no\/tinn\/wp-json\/wp\/v2\/types\/post"}],"author":[{"embeddable":true,"href":"https:\/\/hoyre.no\/tinn\/wp-json\/wp\/v2\/users\/16058"}],"replies":[{"embeddable":true,"href":"https:\/\/hoyre.no\/tinn\/wp-json\/wp\/v2\/comments?post=38"}],"version-history":[{"count":4,"href":"https:\/\/hoyre.no\/tinn\/wp-json\/wp\/v2\/posts\/38\/revisions"}],"predecessor-version":[{"id":46,"href":"https:\/\/hoyre.no\/tinn\/wp-json\/wp\/v2\/posts\/38\/revisions\/46"}],"wp:attachment":[{"href":"https:\/\/hoyre.no\/tinn\/wp-json\/wp\/v2\/media?parent=38"}],"wp:term":[{"taxonomy":"category","embeddable":true,"href":"https:\/\/hoyre.no\/tinn\/wp-json\/wp\/v2\/category?post=38"},{"taxonomy":"post_tag","embeddable":true,"href":"https:\/\/hoyre.no\/tinn\/wp-json\/wp\/v2\/post_tag?post=38"},{"taxonomy":"hoyre-visibility","embeddable":true,"href":"https:\/\/hoyre.no\/tinn\/wp-json\/wp\/v2\/hoyre-visibility?post=38"},{"taxonomy":"article-type","embeddable":true,"href":"https:\/\/hoyre.no\/tinn\/wp-json\/wp\/v2\/article-type?post=38"},{"taxonomy":"politician","embeddable":true,"href":"https:\/\/hoyre.no\/tinn\/wp-json\/wp\/v2\/politician?post=38"}],"curies":[{"name":"wp","href":"https:\/\/api.w.org\/{rel}","templated":true}]}}