{"id":54,"date":"2023-06-08T21:42:07","date_gmt":"2023-06-08T19:42:07","guid":{"rendered":"https:\/\/hoyre.no\/tinn\/?p=54"},"modified":"2023-06-22T00:44:55","modified_gmt":"2023-06-21T22:44:55","slug":"partiprogram-tinn-hoyre-2023-2027","status":"publish","type":"post","link":"https:\/\/hoyre.no\/tinn\/aktuelt\/partiprogram-tinn-hoyre-2023-2027\/","title":{"rendered":"Partiprogram Tinn H\u00f8yre 2023-2027"},"content":{"rendered":"\n<p>Her kan du lese v\u00e5rt<a href=\"https:\/\/hoyre.no\/content\/uploads\/sites\/354\/2023\/06\/Tinn-Hoyre-program-2023-2027-utkast-2-2.pdf\"> program<\/a> for kommunestyreperioden 2023-2027<\/p>\n\n\n\n<p class=\"preamble\"><strong>Tinn H\u00f8yre skal bidra til \u00e5 skape en mer attraktiv, inkluderende og fremtidsrettet kommune<\/strong>. <strong>H\u00f8yre vil ha en fremoverlent kommune med muligheter for alle<\/strong>.<\/p>\t\t\t<div class=\"post-meta wp-block teft-byline-wrapper\">\n\t\t\t\t<div class=\"top\">\n\t\t\t\t\t<div class=\"signature\">\n\t\t\t\t\t\t<div class=\"teft-byline\">\n\t\t\t\t\t\t\t\t\t\t\t\t\t\t<div>\n\t\t\t\t\t\t\t\t<h3>H\u00f8yres redaksjon<\/h3>\t\t\t\t\t\t\t\t\n\t\t\t\t\t\t\t\t\t\t\t\t\t\t\t\t\t<span class=\"date\">Sist oppdatert: 22. juni 2023<\/span>\n\t\t\t\t\t\t\t\t\t\t\t\t\t\t\t\t\t\t\t\t\t\t\t<\/div>\n\t\t\t\t\t\t<\/div>\n\t\t\t\t\t<\/div>\n\t\t\t\t\t\t<div class=\"sharing\">\n\t\t<a class=\"share-button share-link copy-link\" data-copy=\"https:\/\/hoyre.no\/tinn\/aktuelt\/partiprogram-tinn-hoyre-2023-2027\/\" target=\"_blank\"><span class=\"screen-reader-text\">Del link<\/span><\/a>\n\t\t<a class=\"share-button share-twitter\" href=\"http:\/\/twitter.com\/share?text=Partiprogram Tinn H\u00f8yre 2023-2027&#038;url=https:\/\/hoyre.no\/tinn\/aktuelt\/partiprogram-tinn-hoyre-2023-2027\/&#038;hashtags=Hoyre\" target=\"_blank\"><span class=\"screen-reader-text\">Del p\u00e5 twitter<\/span><\/a>\n\t\t<a class=\"share-button share-facebook\" href=\"https:\/\/www.facebook.com\/sharer\/sharer.php?u=https:\/\/hoyre.no\/tinn\/aktuelt\/partiprogram-tinn-hoyre-2023-2027\/\" target=\"_blank\"><span class=\"screen-reader-text\">Del p\u00e5 facebook<\/span><\/a>\n\t<\/div>\n\t\t\t\t\t<\/div>\n\t\t\t<\/div>\n\n\t\t\t<figure class=\"hoyre-image-wrapper\"><div class=\"hoyre-image\"><img loading=\"lazy\" decoding=\"async\" width=\"949\" height=\"603\" src=\"https:\/\/hoyre.no\/content\/uploads\/sites\/354\/2023\/06\/tinn.jpg\" class=\"attachment-scaled size-scaled\" alt=\"\" style=\"object-position: 50% 50%\" srcset=\"https:\/\/hoyre.no\/content\/uploads\/sites\/354\/2023\/06\/tinn.jpg 949w, https:\/\/hoyre.no\/content\/uploads\/sites\/354\/2023\/06\/tinn-300x191.jpg 300w, https:\/\/hoyre.no\/content\/uploads\/sites\/354\/2023\/06\/tinn-768x488.jpg 768w\" sizes=\"auto, (max-width: 949px) 100vw, 949px\" \/><\/div><\/figure>\n\n\n\n\n<p><\/p>\n\n\n<div class=\"tags\">\n\t<\/div>\n<div class=\"post-footer alignfull has-background block-editor-block-list__block\" data-align=full>\n\t<div class=\"post-footer-inner\">\n\t\t<h3>Relaterte artikler<\/h3>\n\t\t<div class=\"related-content\"><div class=\"is-card-hoyre\">\n\t<div class=\"teft-card hoyre-teft-card post-teft-card\">\n\t\t<a href=\"https:\/\/hoyre.no\/tinn\/aktuelt\/8-gode-grunner-til-a-stemme-hoyre-i-tinn\/\" class=\"teft-card__primary-action\">\n\n\t\t\t\t\t<div class=\"teft-card__media teft-card__media--16-9\">\n\t\t\t\t\t\t<img loading=\"lazy\" decoding=\"async\" width=\"768\" height=\"512\" src=\"https:\/\/hoyre.no\/content\/uploads\/sites\/354\/2023\/06\/GettyImages-1219527349-768x512.jpg\" class=\"attachment-medium_large size-medium_large\" alt=\"\" srcset=\"https:\/\/hoyre.no\/content\/uploads\/sites\/354\/2023\/06\/GettyImages-1219527349-768x512.jpg 768w, https:\/\/hoyre.no\/content\/uploads\/sites\/354\/2023\/06\/GettyImages-1219527349-300x200.jpg 300w, https:\/\/hoyre.no\/content\/uploads\/sites\/354\/2023\/06\/GettyImages-1219527349-1024x683.jpg 1024w, https:\/\/hoyre.no\/content\/uploads\/sites\/354\/2023\/06\/GettyImages-1219527349-1536x1024.jpg 1536w, https:\/\/hoyre.no\/content\/uploads\/sites\/354\/2023\/06\/GettyImages-1219527349-2048x1366.jpg 2048w\" sizes=\"auto, (max-width: 768px) 100vw, 768px\" \/>\t\t<\/div>\n\t\t\n\t\t\t<div class=\"teft-card__content-wrapper\">\n\t\t\t\t<div class=\"teft-card__secondary\">\n\t\t\t\t\t\n\t\t\t\t\t\t\t\t<div class=\"teft-card__meta\">\n\t\t\t\t\t\t\t\t\t<span class=\"post-date\">29. jun 2023<\/span>\n\n\t\t\t\t\t\t\t\t\t<span class=\"post-category\">Nyheter<\/span>\t\t\t\t\t\t\t\t<\/div>\n\t\t\t\t\t\t\t\t\t\t\t<\/div>\n\n\t\t\t\t<div class=\"teft-card__primary\">\n\t\t\t\t\t<h2 class=\"teft-card__title\">8 gode grunner til \u00e5 stemme H\u00f8yre i Tinn&nbsp;<span class=\"teft-card__primary-title-append\"><\/span><\/h2>\t\t\t\t<\/div>\n\t\t\t<\/div>\n\t\t<\/a>\n\t<\/div>\n\n\t<\/div><div class=\"is-card-hoyre\">\n\t<div class=\"teft-card hoyre-teft-card post-teft-card\">\n\t\t<a href=\"https:\/\/hoyre.no\/tinn\/aktuelt\/bent-frode-bystrom-valgt-til-ordforerkandidat-for-tinn-hoyre\/\" class=\"teft-card__primary-action\">\n\n\t\t\t\t\t<div class=\"teft-card__media teft-card__media--16-9\">\n\t\t\t\t\t\t<img loading=\"lazy\" decoding=\"async\" width=\"768\" height=\"495\" src=\"https:\/\/hoyre.no\/content\/uploads\/sites\/354\/2023\/02\/Bent-Frode-Bystrom-768x495.jpg\" class=\"attachment-medium_large size-medium_large\" alt=\"\" srcset=\"https:\/\/hoyre.no\/content\/uploads\/sites\/354\/2023\/02\/Bent-Frode-Bystrom-768x495.jpg 768w, https:\/\/hoyre.no\/content\/uploads\/sites\/354\/2023\/02\/Bent-Frode-Bystrom-300x193.jpg 300w, https:\/\/hoyre.no\/content\/uploads\/sites\/354\/2023\/02\/Bent-Frode-Bystrom-1024x660.jpg 1024w, https:\/\/hoyre.no\/content\/uploads\/sites\/354\/2023\/02\/Bent-Frode-Bystrom-1536x989.jpg 1536w, https:\/\/hoyre.no\/content\/uploads\/sites\/354\/2023\/02\/Bent-Frode-Bystrom.jpg 2048w\" sizes=\"auto, (max-width: 768px) 100vw, 768px\" \/>\t\t<\/div>\n\t\t\n\t\t\t<div class=\"teft-card__content-wrapper\">\n\t\t\t\t<div class=\"teft-card__secondary\">\n\t\t\t\t\t\n\t\t\t\t\t\t\t\t<div class=\"teft-card__meta\">\n\t\t\t\t\t\t\t\t\t<span class=\"post-date\">1. feb 2023<\/span>\n\n\t\t\t\t\t\t\t\t\t<span class=\"post-category\">Nyheter<\/span>\t\t\t\t\t\t\t\t<\/div>\n\t\t\t\t\t\t\t\t\t\t\t<\/div>\n\n\t\t\t\t<div class=\"teft-card__primary\">\n\t\t\t\t\t<h2 class=\"teft-card__title\">Bent Frode Bystr\u00f8m valgt til ordf\u00f8rerkandidat for Tinn H\u00f8yre&nbsp;<span class=\"teft-card__primary-title-append\"><\/span><\/h2>\t\t\t\t<\/div>\n\t\t\t<\/div>\n\t\t<\/a>\n\t<\/div>\n\n\t<\/div><div class=\"is-card-hoyre\">\n\t<div class=\"teft-card hoyre-teft-card post-teft-card\">\n\t\t<a href=\"https:\/\/hoyre.no\/tinn\/aktuelt\/nominasjonsmote-i-tinn-hoyre\/\" class=\"teft-card__primary-action\">\n\n\t\t\t<div class=\"teft-card__media teft-card__media--16-9 no-image\"><\/div>\n\t\t\t<div class=\"teft-card__content-wrapper\">\n\t\t\t\t<div class=\"teft-card__secondary\">\n\t\t\t\t\t\n\t\t\t\t\t\t\t\t<div class=\"teft-card__meta\">\n\t\t\t\t\t\t\t\t\t<span class=\"post-date\">11. jan 2023<\/span>\n\n\t\t\t\t\t\t\t\t\t\t\t\t\t\t\t\t\t<\/div>\n\t\t\t\t\t\t\t\t\t\t\t<\/div>\n\n\t\t\t\t<div class=\"teft-card__primary\">\n\t\t\t\t\t<h2 class=\"teft-card__title\">Nominasjonsm\u00f8te i Tinn H\u00f8yre&nbsp;<span class=\"teft-card__primary-title-append\"><\/span><\/h2>\t\t\t\t<\/div>\n\t\t\t<\/div>\n\t\t<\/a>\n\t<\/div>\n\n\t<\/div><\/div>\t<\/div>\n<\/div>\n","protected":false},"excerpt":{"rendered":"<p>Her kan du lese v\u00e5rt program for kommunestyreperioden 2023-2027<\/p>\n","protected":false},"author":16058,"featured_media":0,"comment_status":"closed","ping_status":"closed","sticky":false,"template":"","format":"standard","meta":{"teft_cards_image_url":"","teft_cards_custom_pretitle":"","teft_cards_image_id":70,"teft_cards_image_focal_point_x":0.5,"teft_cards_image_focal_point_y":0.5,"teft_cards_title":"","teft_cards_excerpt":"","teft_show_chapters":false,"author_display_name":"","footnotes":""},"category":[1],"post_tag":[],"hoyre-visibility":[],"article-type":[],"politician":[],"class_list":["post-54","post","type-post","status-publish","format-standard","hentry","category-nyheter"],"yoast_head":"<!-- This site is optimized with the Yoast SEO plugin v26.6 - https:\/\/yoast.com\/wordpress\/plugins\/seo\/ -->\n<title>Partiprogram Tinn H\u00f8yre 2023-2027 - Tinn H\u00f8yre<\/title>\n<meta name=\"robots\" content=\"index, follow, max-snippet:-1, max-image-preview:large, max-video-preview:-1\" \/>\n<link rel=\"canonical\" href=\"https:\/\/hoyre.no\/tinn\/aktuelt\/partiprogram-tinn-hoyre-2023-2027\/\" \/>\n<meta property=\"og:locale\" content=\"nb_NO\" \/>\n<meta property=\"og:type\" content=\"article\" \/>\n<meta property=\"og:title\" content=\"Partiprogram Tinn H\u00f8yre 2023-2027 - Tinn H\u00f8yre\" \/>\n<meta property=\"og:description\" content=\"Her kan du lese v\u00e5rt program for kommunestyreperioden 2023-2027\" \/>\n<meta property=\"og:url\" content=\"https:\/\/hoyre.no\/tinn\/aktuelt\/partiprogram-tinn-hoyre-2023-2027\/\" \/>\n<meta property=\"og:site_name\" content=\"Tinn H\u00f8yre\" \/>\n<meta property=\"article:published_time\" content=\"2023-06-08T19:42:07+00:00\" \/>\n<meta property=\"article:modified_time\" content=\"2023-06-21T22:44:55+00:00\" \/>\n<meta property=\"og:image\" content=\"https:\/\/hoyre.no\/content\/uploads\/sites\/354\/2022\/11\/Hoyres-logo.png\" \/>\n\t<meta property=\"og:image:width\" content=\"1000\" \/>\n\t<meta property=\"og:image:height\" content=\"1000\" \/>\n\t<meta property=\"og:image:type\" content=\"image\/png\" \/>\n<meta name=\"author\" content=\"Bent Frode Bystr\u00f8m\" \/>\n<meta name=\"twitter:card\" content=\"summary_large_image\" \/>\n<meta name=\"twitter:label1\" content=\"Skrevet av\" \/>\n\t<meta name=\"twitter:data1\" content=\"Bent Frode Bystr\u00f8m\" \/>\n\t<meta name=\"twitter:label2\" content=\"Ansl. lesetid\" \/>\n\t<meta name=\"twitter:data2\" content=\"1 minutt\" \/>\n<script type=\"application\/ld+json\" class=\"yoast-schema-graph\">{\"@context\":\"https:\/\/schema.org\",\"@graph\":[{\"@type\":\"NewsArticle\",\"@id\":\"https:\/\/hoyre.no\/tinn\/aktuelt\/partiprogram-tinn-hoyre-2023-2027\/\",\"url\":\"https:\/\/hoyre.no\/tinn\/aktuelt\/partiprogram-tinn-hoyre-2023-2027\/\",\"name\":\"Partiprogram Tinn H\u00f8yre 2023-2027 - Tinn H\u00f8yre\",\"isPartOf\":{\"@id\":\"https:\/\/hoyre.no\/tinn\/#website\"},\"datePublished\":\"2023-06-08T19:42:07+00:00\",\"dateModified\":\"2023-06-21T22:44:55+00:00\",\"author\":{\"@id\":\"https:\/\/hoyre.no\/tinn\/#\/schema\/person\/b23c510d4891251b1c7a3fa40f555a8c\"},\"breadcrumb\":{\"@id\":\"https:\/\/hoyre.no\/tinn\/aktuelt\/partiprogram-tinn-hoyre-2023-2027\/#breadcrumb\"},\"inLanguage\":\"nb-NO\",\"potentialAction\":[{\"@type\":\"ReadAction\",\"target\":[\"https:\/\/hoyre.no\/tinn\/aktuelt\/partiprogram-tinn-hoyre-2023-2027\/\"]}]},{\"@type\":\"BreadcrumbList\",\"@id\":\"https:\/\/hoyre.no\/tinn\/aktuelt\/partiprogram-tinn-hoyre-2023-2027\/#breadcrumb\",\"itemListElement\":[{\"@type\":\"ListItem\",\"position\":1,\"name\":\"Til hoyre.no\",\"item\":\"https:\/\/hoyre.no\"},{\"@type\":\"ListItem\",\"position\":2,\"name\":\"Hjem\",\"item\":\"https:\/\/hoyre.no\/tinn\/\"},{\"@type\":\"ListItem\",\"position\":3,\"name\":\"Partiprogram Tinn H\u00f8yre 2023-2027\"}]},{\"@type\":\"WebSite\",\"@id\":\"https:\/\/hoyre.no\/tinn\/#website\",\"url\":\"https:\/\/hoyre.no\/tinn\/\",\"name\":\"Tinn H\u00f8yre\",\"description\":\"Bare enda et H\u00f8yres nettsteder-nettsted\",\"inLanguage\":\"nb-NO\"},{\"@type\":\"Person\",\"@id\":\"https:\/\/hoyre.no\/tinn\/#\/schema\/person\/b23c510d4891251b1c7a3fa40f555a8c\",\"name\":\"Bent Frode Bystr\u00f8m\",\"image\":{\"@type\":\"ImageObject\",\"inLanguage\":\"nb-NO\",\"@id\":\"https:\/\/hoyre.no\/tinn\/#\/schema\/person\/image\/\",\"url\":\"https:\/\/secure.gravatar.com\/avatar\/a3a5ba96b4365125cd789d0a1cafd1d4b2b98159c293e89e39ad8e2f3e5da3bb?s=96&d=mm&r=g\",\"contentUrl\":\"https:\/\/secure.gravatar.com\/avatar\/a3a5ba96b4365125cd789d0a1cafd1d4b2b98159c293e89e39ad8e2f3e5da3bb?s=96&d=mm&r=g\",\"caption\":\"Bent Frode Bystr\u00f8m\"},\"url\":\"https:\/\/hoyre.no\/tinn\/aktuelt\/author\/m50636331\/\"}]}<\/script>\n<!-- \/ Yoast SEO plugin. -->","yoast_head_json":{"title":"Partiprogram Tinn H\u00f8yre 2023-2027 - Tinn H\u00f8yre","robots":{"index":"index","follow":"follow","max-snippet":"max-snippet:-1","max-image-preview":"max-image-preview:large","max-video-preview":"max-video-preview:-1"},"canonical":"https:\/\/hoyre.no\/tinn\/aktuelt\/partiprogram-tinn-hoyre-2023-2027\/","og_locale":"nb_NO","og_type":"article","og_title":"Partiprogram Tinn H\u00f8yre 2023-2027 - Tinn H\u00f8yre","og_description":"Her kan du lese v\u00e5rt program for kommunestyreperioden 2023-2027","og_url":"https:\/\/hoyre.no\/tinn\/aktuelt\/partiprogram-tinn-hoyre-2023-2027\/","og_site_name":"Tinn H\u00f8yre","article_published_time":"2023-06-08T19:42:07+00:00","article_modified_time":"2023-06-21T22:44:55+00:00","og_image":[{"width":1000,"height":1000,"url":"https:\/\/hoyre.no\/content\/uploads\/sites\/354\/2022\/11\/Hoyres-logo.png","type":"image\/png"}],"author":"Bent Frode Bystr\u00f8m","twitter_card":"summary_large_image","twitter_misc":{"Skrevet av":"Bent Frode Bystr\u00f8m","Ansl. lesetid":"1 minutt"},"schema":{"@context":"https:\/\/schema.org","@graph":[{"@type":"NewsArticle","@id":"https:\/\/hoyre.no\/tinn\/aktuelt\/partiprogram-tinn-hoyre-2023-2027\/","url":"https:\/\/hoyre.no\/tinn\/aktuelt\/partiprogram-tinn-hoyre-2023-2027\/","name":"Partiprogram Tinn H\u00f8yre 2023-2027 - Tinn H\u00f8yre","isPartOf":{"@id":"https:\/\/hoyre.no\/tinn\/#website"},"datePublished":"2023-06-08T19:42:07+00:00","dateModified":"2023-06-21T22:44:55+00:00","author":{"@id":"https:\/\/hoyre.no\/tinn\/#\/schema\/person\/b23c510d4891251b1c7a3fa40f555a8c"},"breadcrumb":{"@id":"https:\/\/hoyre.no\/tinn\/aktuelt\/partiprogram-tinn-hoyre-2023-2027\/#breadcrumb"},"inLanguage":"nb-NO","potentialAction":[{"@type":"ReadAction","target":["https:\/\/hoyre.no\/tinn\/aktuelt\/partiprogram-tinn-hoyre-2023-2027\/"]}]},{"@type":"BreadcrumbList","@id":"https:\/\/hoyre.no\/tinn\/aktuelt\/partiprogram-tinn-hoyre-2023-2027\/#breadcrumb","itemListElement":[{"@type":"ListItem","position":1,"name":"Til hoyre.no","item":"https:\/\/hoyre.no"},{"@type":"ListItem","position":2,"name":"Hjem","item":"https:\/\/hoyre.no\/tinn\/"},{"@type":"ListItem","position":3,"name":"Partiprogram Tinn H\u00f8yre 2023-2027"}]},{"@type":"WebSite","@id":"https:\/\/hoyre.no\/tinn\/#website","url":"https:\/\/hoyre.no\/tinn\/","name":"Tinn H\u00f8yre","description":"Bare enda et H\u00f8yres nettsteder-nettsted","inLanguage":"nb-NO"},{"@type":"Person","@id":"https:\/\/hoyre.no\/tinn\/#\/schema\/person\/b23c510d4891251b1c7a3fa40f555a8c","name":"Bent Frode Bystr\u00f8m","image":{"@type":"ImageObject","inLanguage":"nb-NO","@id":"https:\/\/hoyre.no\/tinn\/#\/schema\/person\/image\/","url":"https:\/\/secure.gravatar.com\/avatar\/a3a5ba96b4365125cd789d0a1cafd1d4b2b98159c293e89e39ad8e2f3e5da3bb?s=96&d=mm&r=g","contentUrl":"https:\/\/secure.gravatar.com\/avatar\/a3a5ba96b4365125cd789d0a1cafd1d4b2b98159c293e89e39ad8e2f3e5da3bb?s=96&d=mm&r=g","caption":"Bent Frode Bystr\u00f8m"},"url":"https:\/\/hoyre.no\/tinn\/aktuelt\/author\/m50636331\/"}]}},"distributor_meta":false,"distributor_terms":false,"distributor_media":false,"distributor_original_site_name":"Tinn H\u00f8yre","distributor_original_site_url":"https:\/\/hoyre.no\/tinn","push-errors":false,"_links":{"self":[{"href":"https:\/\/hoyre.no\/tinn\/wp-json\/wp\/v2\/posts\/54","targetHints":{"allow":["GET"]}}],"collection":[{"href":"https:\/\/hoyre.no\/tinn\/wp-json\/wp\/v2\/posts"}],"about":[{"href":"https:\/\/hoyre.no\/tinn\/wp-json\/wp\/v2\/types\/post"}],"author":[{"embeddable":true,"href":"https:\/\/hoyre.no\/tinn\/wp-json\/wp\/v2\/users\/16058"}],"replies":[{"embeddable":true,"href":"https:\/\/hoyre.no\/tinn\/wp-json\/wp\/v2\/comments?post=54"}],"version-history":[{"count":4,"href":"https:\/\/hoyre.no\/tinn\/wp-json\/wp\/v2\/posts\/54\/revisions"}],"predecessor-version":[{"id":95,"href":"https:\/\/hoyre.no\/tinn\/wp-json\/wp\/v2\/posts\/54\/revisions\/95"}],"wp:attachment":[{"href":"https:\/\/hoyre.no\/tinn\/wp-json\/wp\/v2\/media?parent=54"}],"wp:term":[{"taxonomy":"category","embeddable":true,"href":"https:\/\/hoyre.no\/tinn\/wp-json\/wp\/v2\/category?post=54"},{"taxonomy":"post_tag","embeddable":true,"href":"https:\/\/hoyre.no\/tinn\/wp-json\/wp\/v2\/post_tag?post=54"},{"taxonomy":"hoyre-visibility","embeddable":true,"href":"https:\/\/hoyre.no\/tinn\/wp-json\/wp\/v2\/hoyre-visibility?post=54"},{"taxonomy":"article-type","embeddable":true,"href":"https:\/\/hoyre.no\/tinn\/wp-json\/wp\/v2\/article-type?post=54"},{"taxonomy":"politician","embeddable":true,"href":"https:\/\/hoyre.no\/tinn\/wp-json\/wp\/v2\/politician?post=54"}],"curies":[{"name":"wp","href":"https:\/\/api.w.org\/{rel}","templated":true}]}}