{"id":99,"date":"2023-06-29T13:50:45","date_gmt":"2023-06-29T11:50:45","guid":{"rendered":"https:\/\/hoyre.no\/tinn\/?p=99"},"modified":"2025-02-04T15:20:48","modified_gmt":"2025-02-04T14:20:48","slug":"8-gode-grunner-til-a-stemme-hoyre-i-tinn","status":"publish","type":"post","link":"https:\/\/hoyre.no\/tinn\/aktuelt\/8-gode-grunner-til-a-stemme-hoyre-i-tinn\/","title":{"rendered":"8 gode grunner til \u00e5 stemme H\u00f8yre i Tinn"},"content":{"rendered":"\n\t\t<div class=\"has-lightest-blue-background-color is-layout-left alignwide alignwide wp-block-hoyre-media-text\">\n\t\t\t<div class=\"hoyre-media-text__media\">\n\t\t\t\t<img loading=\"lazy\" decoding=\"async\" width=\"949\" height=\"603\" src=\"https:\/\/hoyre.no\/content\/uploads\/sites\/354\/2023\/06\/tinn.jpg\" class=\"hoyre-media-text__media-image\" alt=\"\" style=\"--focal: 50% 50%;\" srcset=\"https:\/\/hoyre.no\/content\/uploads\/sites\/354\/2023\/06\/tinn.jpg 949w, https:\/\/hoyre.no\/content\/uploads\/sites\/354\/2023\/06\/tinn-300x191.jpg 300w, https:\/\/hoyre.no\/content\/uploads\/sites\/354\/2023\/06\/tinn-768x488.jpg 768w\" sizes=\"auto, (max-width: 949px) 100vw, 949px\" \/>\n\t\t\t<\/div>\n\t\t\t<div class=\"hoyre-media-text__content\">\n\t\t\t\t<div class=\"hoyre-media-text__content-inner\">\n\t\t\t\t\t\n\t\t\t<div class=\"hoyre-media-text__title-container\">\n\t\t\t\t\n\t\t\t\t<h2 class=\"hoyre-media-text__title\">1. Ansvarlig \u00f8konomisk politikk<\/h2>\n\t\t\t<\/div>\n\t\t\t\n\t\t\t\t\t<div class=\"hoyre-media-text__blocks\">\n<p>Vi m\u00e5 rigge kommunen slik, at vi unng\u00e5r \u00e5 v\u00e6re s\u00e5rbare for fremtidige \u00f8konomiske svingninger og endringer i rammebetingelser fra staten. Dette skaper forutsigbarhet n\u00e5r det gjelder kommunens tjenester.<\/p>\n<\/div>\n\t\t\t\t\t\n\t\t\t\t<\/div>\n\t\t\t<\/div>\n\t\t<\/div>\n\t\t\n\n\n\t\t<div class=\"has-lightest-blue-background-color is-layout-right alignwide alignwide wp-block-hoyre-media-text\">\n\t\t\t<div class=\"hoyre-media-text__media\">\n\t\t\t\t<img loading=\"lazy\" decoding=\"async\" width=\"1024\" height=\"683\" src=\"https:\/\/hoyre.no\/content\/uploads\/sites\/354\/2023\/06\/GettyImages-1214950612-1024x683.jpg\" class=\"hoyre-media-text__media-image\" alt=\"skole\" style=\"--focal: 50% 50%;\" srcset=\"https:\/\/hoyre.no\/content\/uploads\/sites\/354\/2023\/06\/GettyImages-1214950612-1024x683.jpg 1024w, https:\/\/hoyre.no\/content\/uploads\/sites\/354\/2023\/06\/GettyImages-1214950612-300x200.jpg 300w, https:\/\/hoyre.no\/content\/uploads\/sites\/354\/2023\/06\/GettyImages-1214950612-768x512.jpg 768w, https:\/\/hoyre.no\/content\/uploads\/sites\/354\/2023\/06\/GettyImages-1214950612-1536x1024.jpg 1536w, https:\/\/hoyre.no\/content\/uploads\/sites\/354\/2023\/06\/GettyImages-1214950612-2048x1365.jpg 2048w\" sizes=\"auto, (max-width: 1024px) 100vw, 1024px\" \/>\n\t\t\t<\/div>\n\t\t\t<div class=\"hoyre-media-text__content\">\n\t\t\t\t<div class=\"hoyre-media-text__content-inner\">\n\t\t\t\t\t\n\t\t\t<div class=\"hoyre-media-text__title-container\">\n\t\t\t\t\n\t\t\t\t<h2 class=\"hoyre-media-text__title\">2. Beholde dagens skolestruktur<\/h2>\n\t\t\t<\/div>\n\t\t\t\n\t\t\t\t\t<div class=\"hoyre-media-text__blocks\">\n<p>Vi skal ha en skole der alle lykkes og hvor man f\u00f8ler seg inkludert. Tinn er en langstrakt kommune med store avstander. H\u00f8yre \u00f8nsker \u00e5 beholde skolestrukturen som i dag. Vi mener, at blant annet Hovin har alle forutsetninger for \u00e5 tiltrekke seg barnefamilier fra n\u00e6rliggende omr\u00e5der, noe som vil styrke skolen der.<\/p>\n<\/div>\n\t\t\t\t\t\n\t\t\t\t<\/div>\n\t\t\t<\/div>\n\t\t<\/div>\n\t\t\n\n\n\t\t<div class=\"has-lightest-blue-background-color is-layout-left alignwide alignwide wp-block-hoyre-media-text\">\n\t\t\t<div class=\"hoyre-media-text__media\">\n\t\t\t\t<img loading=\"lazy\" decoding=\"async\" width=\"1024\" height=\"683\" src=\"https:\/\/hoyre.no\/content\/uploads\/sites\/354\/2023\/06\/GettyImages-1219527349-1024x683.jpg\" class=\"hoyre-media-text__media-image\" alt=\"\" style=\"--focal: 50% 50%;\" srcset=\"https:\/\/hoyre.no\/content\/uploads\/sites\/354\/2023\/06\/GettyImages-1219527349-1024x683.jpg 1024w, https:\/\/hoyre.no\/content\/uploads\/sites\/354\/2023\/06\/GettyImages-1219527349-300x200.jpg 300w, https:\/\/hoyre.no\/content\/uploads\/sites\/354\/2023\/06\/GettyImages-1219527349-768x512.jpg 768w, https:\/\/hoyre.no\/content\/uploads\/sites\/354\/2023\/06\/GettyImages-1219527349-1536x1024.jpg 1536w, https:\/\/hoyre.no\/content\/uploads\/sites\/354\/2023\/06\/GettyImages-1219527349-2048x1366.jpg 2048w\" sizes=\"auto, (max-width: 1024px) 100vw, 1024px\" \/>\n\t\t\t<\/div>\n\t\t\t<div class=\"hoyre-media-text__content\">\n\t\t\t\t<div class=\"hoyre-media-text__content-inner\">\n\t\t\t\t\t\n\t\t\t<div class=\"hoyre-media-text__title-container\">\n\t\t\t\t\n\t\t\t\t<h2 class=\"hoyre-media-text__title\">3. Jobbe for \u00e5 f\u00e5 en h\u00f8gskole innen reiseliv<\/h2>\n\t\t\t<\/div>\n\t\t\t\n\t\t\t\t\t<div class=\"hoyre-media-text__blocks\">\n<p>Reiseliv er satsningsomr\u00e5de i Tinn kommune, og reiselivet ettersp\u00f8r folk med kompetanse som \u00f8nsker \u00e5 bli v\u00e6rende for \u00e5 sikre forutsigbarhet. Ved \u00e5 samarbeide tett med reiselivsakt\u00f8rene vil man kunne legge til rette for en attraktiv utdanning i et av Norges mest ekspanderende turistomr\u00e5der.<\/p>\n<\/div>\n\t\t\t\t\t\n\t\t\t\t<\/div>\n\t\t\t<\/div>\n\t\t<\/div>\n\t\t\n\n\n\t\t<div class=\"has-lightest-blue-background-color is-layout-right alignwide alignwide wp-block-hoyre-media-text\">\n\t\t\t<div class=\"hoyre-media-text__media\">\n\t\t\t\t<img loading=\"lazy\" decoding=\"async\" width=\"1024\" height=\"683\" src=\"https:\/\/hoyre.no\/content\/uploads\/sites\/354\/2023\/06\/GettyImages-1271529518-1024x683.jpg\" class=\"hoyre-media-text__media-image\" alt=\"\" style=\"--focal: 50% 50%;\" srcset=\"https:\/\/hoyre.no\/content\/uploads\/sites\/354\/2023\/06\/GettyImages-1271529518-1024x683.jpg 1024w, https:\/\/hoyre.no\/content\/uploads\/sites\/354\/2023\/06\/GettyImages-1271529518-300x200.jpg 300w, https:\/\/hoyre.no\/content\/uploads\/sites\/354\/2023\/06\/GettyImages-1271529518-768x512.jpg 768w, https:\/\/hoyre.no\/content\/uploads\/sites\/354\/2023\/06\/GettyImages-1271529518-1536x1024.jpg 1536w, https:\/\/hoyre.no\/content\/uploads\/sites\/354\/2023\/06\/GettyImages-1271529518-2048x1366.jpg 2048w\" sizes=\"auto, (max-width: 1024px) 100vw, 1024px\" \/>\n\t\t\t<\/div>\n\t\t\t<div class=\"hoyre-media-text__content\">\n\t\t\t\t<div class=\"hoyre-media-text__content-inner\">\n\t\t\t\t\t\n\t\t\t<div class=\"hoyre-media-text__title-container\">\n\t\t\t\t\n\t\t\t\t<h2 class=\"hoyre-media-text__title\">4. Godt fysisk og psykisk helsetilbud for alle<\/h2>\n\t\t\t<\/div>\n\t\t\t\n\t\t\t\t\t<div class=\"hoyre-media-text__blocks\">\n<p>Vi vil bekjempe utenforskap, og skal gi et godt fysisk og psykisk helsetilbud tilpasset den enkelte bruker sitt behov. Du skal oppleve \u00e5 f\u00f8le deg trygg og godt ivaretatt i Tinn uansett alder.<\/p><p><\/p>\n<\/div>\n\t\t\t\t\t\n\t\t\t\t<\/div>\n\t\t\t<\/div>\n\t\t<\/div>\n\t\t\n\n\n\t\t<div class=\"has-lightest-blue-background-color is-layout-left alignwide alignwide wp-block-hoyre-media-text\">\n\t\t\t<div class=\"hoyre-media-text__media\">\n\t\t\t\t<img loading=\"lazy\" decoding=\"async\" width=\"1024\" height=\"683\" src=\"https:\/\/hoyre.no\/content\/uploads\/sites\/354\/2023\/06\/GettyImages-648945872-1024x683.jpg\" class=\"hoyre-media-text__media-image\" alt=\"\" style=\"--focal: 50% 50%;\" srcset=\"https:\/\/hoyre.no\/content\/uploads\/sites\/354\/2023\/06\/GettyImages-648945872-1024x683.jpg 1024w, https:\/\/hoyre.no\/content\/uploads\/sites\/354\/2023\/06\/GettyImages-648945872-300x200.jpg 300w, https:\/\/hoyre.no\/content\/uploads\/sites\/354\/2023\/06\/GettyImages-648945872-768x512.jpg 768w, https:\/\/hoyre.no\/content\/uploads\/sites\/354\/2023\/06\/GettyImages-648945872-1536x1024.jpg 1536w, https:\/\/hoyre.no\/content\/uploads\/sites\/354\/2023\/06\/GettyImages-648945872-2048x1365.jpg 2048w\" sizes=\"auto, (max-width: 1024px) 100vw, 1024px\" \/>\n\t\t\t<\/div>\n\t\t\t<div class=\"hoyre-media-text__content\">\n\t\t\t\t<div class=\"hoyre-media-text__content-inner\">\n\t\t\t\t\t\n\t\t\t<div class=\"hoyre-media-text__title-container\">\n\t\t\t\t\n\t\t\t\t<h2 class=\"hoyre-media-text__title\">5. Jobbe for \u00e5 realisere ny flerbrukshall<\/h2>\n\t\t\t<\/div>\n\t\t\t\n\t\t\t\t\t<div class=\"hoyre-media-text__blocks\">\n<p>En ny flerbrukshall p\u00e5 Rjukan vil gi et godt tilbud til b\u00e5de organiserte og uorganiserte aktiviteter. En flerbrukshall vil bidra til \u00e5 redusere utenforskap, gi \u00f8kt bolyst og bedre folkehelsen. Tinn H\u00f8yre \u00f8nsker \u00e5 samarbeide aktivt med blant annet Rjukan Idrettslag for en slik realisering.<\/p>\n<\/div>\n\t\t\t\t\t\n\t\t\t\t<\/div>\n\t\t\t<\/div>\n\t\t<\/div>\n\t\t\n\n\n\t\t<div class=\"has-lightest-blue-background-color is-layout-right alignwide alignwide wp-block-hoyre-media-text\">\n\t\t\t<div class=\"hoyre-media-text__media\">\n\t\t\t\t<img loading=\"lazy\" decoding=\"async\" width=\"1024\" height=\"683\" src=\"https:\/\/hoyre.no\/content\/uploads\/sites\/354\/2023\/06\/GettyImages-1322919743-1024x683.jpg\" class=\"hoyre-media-text__media-image\" alt=\"\" style=\"--focal: 50% 50%;\" srcset=\"https:\/\/hoyre.no\/content\/uploads\/sites\/354\/2023\/06\/GettyImages-1322919743-1024x683.jpg 1024w, https:\/\/hoyre.no\/content\/uploads\/sites\/354\/2023\/06\/GettyImages-1322919743-300x200.jpg 300w, https:\/\/hoyre.no\/content\/uploads\/sites\/354\/2023\/06\/GettyImages-1322919743-768x512.jpg 768w, https:\/\/hoyre.no\/content\/uploads\/sites\/354\/2023\/06\/GettyImages-1322919743-1536x1024.jpg 1536w, https:\/\/hoyre.no\/content\/uploads\/sites\/354\/2023\/06\/GettyImages-1322919743-2048x1365.jpg 2048w\" sizes=\"auto, (max-width: 1024px) 100vw, 1024px\" \/>\n\t\t\t<\/div>\n\t\t\t<div class=\"hoyre-media-text__content\">\n\t\t\t\t<div class=\"hoyre-media-text__content-inner\">\n\t\t\t\t\t\n\t\t\t<div class=\"hoyre-media-text__title-container\">\n\t\t\t\t\n\t\t\t\t<h2 class=\"hoyre-media-text__title\">6. Ingen eiendomsskatt<\/h2>\n\t\t\t<\/div>\n\t\t\t\n\t\t\t\t\t<div class=\"hoyre-media-text__blocks\">\n<p>Vi \u00f8nsker ikke \u00e5 p\u00e5f\u00f8re v\u00e5re innbyggere, eller de med fritidsboliger i Tinn, ytterligere \u00f8konomisk belastning i en tid med stadig \u00f8kende kostnader. Tinn H\u00f8yre garanterer for at det ikke innf\u00f8res eiendomsskatt eller annen ekstra beskatning for innbyggerne eller de med fritidsbolig.<\/p>\n<\/div>\n\t\t\t\t\t\n\t\t\t\t<\/div>\n\t\t\t<\/div>\n\t\t<\/div>\n\t\t\n\n\n\t\t<div class=\"has-lightest-blue-background-color is-layout-left alignwide alignwide wp-block-hoyre-media-text\">\n\t\t\t<div class=\"hoyre-media-text__media\">\n\t\t\t\t<img loading=\"lazy\" decoding=\"async\" width=\"1024\" height=\"684\" src=\"https:\/\/hoyre.no\/content\/uploads\/sites\/354\/2023\/06\/GettyImages-585791656-1024x684.jpg\" class=\"hoyre-media-text__media-image\" alt=\"\" style=\"--focal: 50% 50%;\" srcset=\"https:\/\/hoyre.no\/content\/uploads\/sites\/354\/2023\/06\/GettyImages-585791656-1024x684.jpg 1024w, https:\/\/hoyre.no\/content\/uploads\/sites\/354\/2023\/06\/GettyImages-585791656-300x200.jpg 300w, https:\/\/hoyre.no\/content\/uploads\/sites\/354\/2023\/06\/GettyImages-585791656-768x513.jpg 768w, https:\/\/hoyre.no\/content\/uploads\/sites\/354\/2023\/06\/GettyImages-585791656-1536x1025.jpg 1536w, https:\/\/hoyre.no\/content\/uploads\/sites\/354\/2023\/06\/GettyImages-585791656-2048x1367.jpg 2048w\" sizes=\"auto, (max-width: 1024px) 100vw, 1024px\" \/>\n\t\t\t<\/div>\n\t\t\t<div class=\"hoyre-media-text__content\">\n\t\t\t\t<div class=\"hoyre-media-text__content-inner\">\n\t\t\t\t\t\n\t\t\t<div class=\"hoyre-media-text__title-container\">\n\t\t\t\t\n\t\t\t\t<h2 class=\"hoyre-media-text__title\">7. Fokus p\u00e5 utbedring av FV37 Dale-Miland<\/h2>\n\t\t\t<\/div>\n\t\t\t\n\t\t\t\t\t<div class=\"hoyre-media-text__blocks\">\n<p>Med de store industrietableringene som foreg\u00e5r i Tinn, i tillegg til all trafikk b\u00e5de med lette og tyngre kj\u00f8ret\u00f8y inn og ut av kommunen, er vi avhengige av \u00e5 f\u00e5 rustet opp denne strekningen som er i d\u00e5rlig forfatning. Tinn H\u00f8yre vil v\u00e6re en p\u00e5driver, og jobbe aktivt for \u00e5 s\u00f8rge for at fylkeskommunen prioriteter \u00e5 ruste opp denne strekningen.<\/p>\n<\/div>\n\t\t\t\t\t\n\t\t\t\t<\/div>\n\t\t\t<\/div>\n\t\t<\/div>\n\t\t\n\n\n\t\t<div class=\"has-lightest-blue-background-color is-layout-right alignwide alignwide wp-block-hoyre-media-text\">\n\t\t\t<div class=\"hoyre-media-text__media\">\n\t\t\t\t<img loading=\"lazy\" decoding=\"async\" width=\"1024\" height=\"810\" src=\"https:\/\/hoyre.no\/content\/uploads\/sites\/354\/2023\/06\/GettyImages-495901622-1024x810.jpg\" class=\"hoyre-media-text__media-image\" alt=\"\" style=\"--focal: 50% 50%;\" srcset=\"https:\/\/hoyre.no\/content\/uploads\/sites\/354\/2023\/06\/GettyImages-495901622-1024x810.jpg 1024w, https:\/\/hoyre.no\/content\/uploads\/sites\/354\/2023\/06\/GettyImages-495901622-300x237.jpg 300w, https:\/\/hoyre.no\/content\/uploads\/sites\/354\/2023\/06\/GettyImages-495901622-768x607.jpg 768w, https:\/\/hoyre.no\/content\/uploads\/sites\/354\/2023\/06\/GettyImages-495901622-1536x1214.jpg 1536w, https:\/\/hoyre.no\/content\/uploads\/sites\/354\/2023\/06\/GettyImages-495901622-2048x1619.jpg 2048w\" sizes=\"auto, (max-width: 1024px) 100vw, 1024px\" \/>\n\t\t\t<\/div>\n\t\t\t<div class=\"hoyre-media-text__content\">\n\t\t\t\t<div class=\"hoyre-media-text__content-inner\">\n\t\t\t\t\t\n\t\t\t<div class=\"hoyre-media-text__title-container\">\n\t\t\t\t\n\t\t\t\t<h2 class=\"hoyre-media-text__title\">8. Oppgradere Br\u00e5vollparken med \u00e9n tennis- og to padeltennisbaner<\/h2>\n\t\t\t<\/div>\n\t\t\t\n\t\t\t\t\t<div class=\"hoyre-media-text__blocks\">\n<p>I Br\u00e5voll ligger det til rette for \u00e5 lage en bane for tennis- og to baner for padeltennis. Padeltennis er et lavterskeltilbud som appellerer til alle aldersgrupper. Dette vil gi parken et estetisk l\u00f8ft i tr\u00e5d med verdensarven, og vil bidra til \u00f8kt bolyst.<\/p>\n<\/div>\n\t\t\t\t\t\n\t\t\t\t<\/div>\n\t\t\t<\/div>\n\t\t<\/div>\n\t\t\n\n\n\n<p><\/p>\n\n\n<div class=\"tags\">\n\t<\/div>\n<div class=\"post-footer alignfull has-background block-editor-block-list__block\" data-align=full>\n\t<div class=\"post-footer-inner\">\n\t\t<h3>Relaterte artikler<\/h3>\n\t\t<div class=\"related-content\"><div class=\"is-card-hoyre\">\n\t<div class=\"teft-card hoyre-teft-card post-teft-card\">\n\t\t<a href=\"https:\/\/hoyre.no\/tinn\/aktuelt\/partiprogram-tinn-hoyre-2023-2027\/\" class=\"teft-card__primary-action\">\n\n\t\t\t\t\t<div class=\"teft-card__media teft-card__media--16-9\">\n\t\t\t\t\t\t<img loading=\"lazy\" decoding=\"async\" width=\"768\" height=\"488\" src=\"https:\/\/hoyre.no\/content\/uploads\/sites\/354\/2023\/06\/tinn-768x488.jpg\" class=\"attachment-medium_large size-medium_large\" alt=\"\" srcset=\"https:\/\/hoyre.no\/content\/uploads\/sites\/354\/2023\/06\/tinn-768x488.jpg 768w, https:\/\/hoyre.no\/content\/uploads\/sites\/354\/2023\/06\/tinn-300x191.jpg 300w, https:\/\/hoyre.no\/content\/uploads\/sites\/354\/2023\/06\/tinn.jpg 949w\" sizes=\"auto, (max-width: 768px) 100vw, 768px\" \/>\t\t<\/div>\n\t\t\n\t\t\t<div class=\"teft-card__content-wrapper\">\n\t\t\t\t<div class=\"teft-card__secondary\">\n\t\t\t\t\t\n\t\t\t\t\t\t\t\t<div class=\"teft-card__meta\">\n\t\t\t\t\t\t\t\t\t<span class=\"post-date\">8. jun 2023<\/span>\n\n\t\t\t\t\t\t\t\t\t<span class=\"post-category\">Nyheter<\/span>\t\t\t\t\t\t\t\t<\/div>\n\t\t\t\t\t\t\t\t\t\t\t<\/div>\n\n\t\t\t\t<div class=\"teft-card__primary\">\n\t\t\t\t\t<h2 class=\"teft-card__title\">Partiprogram Tinn H\u00f8yre 2023-2027&nbsp;<span class=\"teft-card__primary-title-append\"><\/span><\/h2>\t\t\t\t<\/div>\n\t\t\t<\/div>\n\t\t<\/a>\n\t<\/div>\n\n\t<\/div><div class=\"is-card-hoyre\">\n\t<div class=\"teft-card hoyre-teft-card post-teft-card\">\n\t\t<a href=\"https:\/\/hoyre.no\/tinn\/aktuelt\/bent-frode-bystrom-valgt-til-ordforerkandidat-for-tinn-hoyre\/\" class=\"teft-card__primary-action\">\n\n\t\t\t\t\t<div class=\"teft-card__media teft-card__media--16-9\">\n\t\t\t\t\t\t<img loading=\"lazy\" decoding=\"async\" width=\"768\" height=\"495\" src=\"https:\/\/hoyre.no\/content\/uploads\/sites\/354\/2023\/02\/Bent-Frode-Bystrom-768x495.jpg\" class=\"attachment-medium_large size-medium_large\" alt=\"\" srcset=\"https:\/\/hoyre.no\/content\/uploads\/sites\/354\/2023\/02\/Bent-Frode-Bystrom-768x495.jpg 768w, https:\/\/hoyre.no\/content\/uploads\/sites\/354\/2023\/02\/Bent-Frode-Bystrom-300x193.jpg 300w, https:\/\/hoyre.no\/content\/uploads\/sites\/354\/2023\/02\/Bent-Frode-Bystrom-1024x660.jpg 1024w, https:\/\/hoyre.no\/content\/uploads\/sites\/354\/2023\/02\/Bent-Frode-Bystrom-1536x989.jpg 1536w, https:\/\/hoyre.no\/content\/uploads\/sites\/354\/2023\/02\/Bent-Frode-Bystrom.jpg 2048w\" sizes=\"auto, (max-width: 768px) 100vw, 768px\" \/>\t\t<\/div>\n\t\t\n\t\t\t<div class=\"teft-card__content-wrapper\">\n\t\t\t\t<div class=\"teft-card__secondary\">\n\t\t\t\t\t\n\t\t\t\t\t\t\t\t<div class=\"teft-card__meta\">\n\t\t\t\t\t\t\t\t\t<span class=\"post-date\">1. feb 2023<\/span>\n\n\t\t\t\t\t\t\t\t\t<span class=\"post-category\">Nyheter<\/span>\t\t\t\t\t\t\t\t<\/div>\n\t\t\t\t\t\t\t\t\t\t\t<\/div>\n\n\t\t\t\t<div class=\"teft-card__primary\">\n\t\t\t\t\t<h2 class=\"teft-card__title\">Bent Frode Bystr\u00f8m valgt til ordf\u00f8rerkandidat for Tinn H\u00f8yre&nbsp;<span class=\"teft-card__primary-title-append\"><\/span><\/h2>\t\t\t\t<\/div>\n\t\t\t<\/div>\n\t\t<\/a>\n\t<\/div>\n\n\t<\/div><div class=\"is-card-hoyre\">\n\t<div class=\"teft-card hoyre-teft-card post-teft-card\">\n\t\t<a href=\"https:\/\/hoyre.no\/tinn\/aktuelt\/nominasjonsmote-i-tinn-hoyre\/\" class=\"teft-card__primary-action\">\n\n\t\t\t<div class=\"teft-card__media teft-card__media--16-9 no-image\"><\/div>\n\t\t\t<div class=\"teft-card__content-wrapper\">\n\t\t\t\t<div class=\"teft-card__secondary\">\n\t\t\t\t\t\n\t\t\t\t\t\t\t\t<div class=\"teft-card__meta\">\n\t\t\t\t\t\t\t\t\t<span class=\"post-date\">11. jan 2023<\/span>\n\n\t\t\t\t\t\t\t\t\t\t\t\t\t\t\t\t\t<\/div>\n\t\t\t\t\t\t\t\t\t\t\t<\/div>\n\n\t\t\t\t<div class=\"teft-card__primary\">\n\t\t\t\t\t<h2 class=\"teft-card__title\">Nominasjonsm\u00f8te i Tinn H\u00f8yre&nbsp;<span class=\"teft-card__primary-title-append\"><\/span><\/h2>\t\t\t\t<\/div>\n\t\t\t<\/div>\n\t\t<\/a>\n\t<\/div>\n\n\t<\/div><\/div>\t<\/div>\n<\/div>\n","protected":false},"excerpt":{"rendered":"","protected":false},"author":29643,"featured_media":0,"comment_status":"closed","ping_status":"closed","sticky":false,"template":"","format":"standard","meta":{"teft_cards_image_url":"","teft_cards_custom_pretitle":"","teft_cards_image_id":102,"teft_cards_image_focal_point_x":0.5,"teft_cards_image_focal_point_y":0.5,"teft_cards_title":"","teft_cards_excerpt":"","teft_show_chapters":false,"author_display_name":"Tinn H\u00f8yre","footnotes":""},"category":[1],"post_tag":[],"hoyre-visibility":[],"article-type":[],"politician":[],"class_list":["post-99","post","type-post","status-publish","format-standard","hentry","category-nyheter"],"yoast_head":"<!-- This site is optimized with the Yoast SEO plugin v26.6 - https:\/\/yoast.com\/wordpress\/plugins\/seo\/ -->\n<title>8 gode grunner til \u00e5 stemme H\u00f8yre i Tinn - Tinn H\u00f8yre<\/title>\n<meta name=\"robots\" content=\"index, follow, max-snippet:-1, max-image-preview:large, max-video-preview:-1\" \/>\n<link rel=\"canonical\" href=\"https:\/\/hoyre.no\/tinn\/aktuelt\/8-gode-grunner-til-a-stemme-hoyre-i-tinn\/\" \/>\n<meta property=\"og:locale\" content=\"nb_NO\" \/>\n<meta property=\"og:type\" content=\"article\" \/>\n<meta property=\"og:title\" content=\"8 gode grunner til \u00e5 stemme H\u00f8yre i Tinn - Tinn H\u00f8yre\" \/>\n<meta property=\"og:url\" content=\"https:\/\/hoyre.no\/tinn\/aktuelt\/8-gode-grunner-til-a-stemme-hoyre-i-tinn\/\" \/>\n<meta property=\"og:site_name\" content=\"Tinn H\u00f8yre\" \/>\n<meta property=\"article:published_time\" content=\"2023-06-29T11:50:45+00:00\" \/>\n<meta property=\"article:modified_time\" content=\"2025-02-04T14:20:48+00:00\" \/>\n<meta property=\"og:image\" content=\"https:\/\/hoyre.no\/content\/uploads\/sites\/354\/2022\/11\/Hoyres-logo.png\" \/>\n\t<meta property=\"og:image:width\" content=\"1000\" \/>\n\t<meta property=\"og:image:height\" content=\"1000\" \/>\n\t<meta property=\"og:image:type\" content=\"image\/png\" \/>\n<meta name=\"author\" content=\"Elias Eide\" \/>\n<meta name=\"twitter:card\" content=\"summary_large_image\" \/>\n<meta name=\"twitter:label1\" content=\"Skrevet av\" \/>\n\t<meta name=\"twitter:data1\" content=\"Elias Eide\" \/>\n\t<meta name=\"twitter:label2\" content=\"Ansl. lesetid\" \/>\n\t<meta name=\"twitter:data2\" content=\"2 minutter\" \/>\n<script type=\"application\/ld+json\" class=\"yoast-schema-graph\">{\"@context\":\"https:\/\/schema.org\",\"@graph\":[{\"@type\":\"NewsArticle\",\"@id\":\"https:\/\/hoyre.no\/tinn\/aktuelt\/8-gode-grunner-til-a-stemme-hoyre-i-tinn\/\",\"url\":\"https:\/\/hoyre.no\/tinn\/aktuelt\/8-gode-grunner-til-a-stemme-hoyre-i-tinn\/\",\"name\":\"8 gode grunner til \u00e5 stemme H\u00f8yre i Tinn - Tinn H\u00f8yre\",\"isPartOf\":{\"@id\":\"https:\/\/hoyre.no\/tinn\/#website\"},\"datePublished\":\"2023-06-29T11:50:45+00:00\",\"dateModified\":\"2025-02-04T14:20:48+00:00\",\"author\":{\"@id\":\"https:\/\/hoyre.no\/tinn\/#\/schema\/person\/a62a20d5220c6fccf39f5073bb4aeca2\"},\"breadcrumb\":{\"@id\":\"https:\/\/hoyre.no\/tinn\/aktuelt\/8-gode-grunner-til-a-stemme-hoyre-i-tinn\/#breadcrumb\"},\"inLanguage\":\"nb-NO\",\"potentialAction\":[{\"@type\":\"ReadAction\",\"target\":[\"https:\/\/hoyre.no\/tinn\/aktuelt\/8-gode-grunner-til-a-stemme-hoyre-i-tinn\/\"]}]},{\"@type\":\"BreadcrumbList\",\"@id\":\"https:\/\/hoyre.no\/tinn\/aktuelt\/8-gode-grunner-til-a-stemme-hoyre-i-tinn\/#breadcrumb\",\"itemListElement\":[{\"@type\":\"ListItem\",\"position\":1,\"name\":\"Til hoyre.no\",\"item\":\"https:\/\/hoyre.no\"},{\"@type\":\"ListItem\",\"position\":2,\"name\":\"Hjem\",\"item\":\"https:\/\/hoyre.no\/tinn\/\"},{\"@type\":\"ListItem\",\"position\":3,\"name\":\"8 gode grunner til \u00e5 stemme H\u00f8yre i Tinn\"}]},{\"@type\":\"WebSite\",\"@id\":\"https:\/\/hoyre.no\/tinn\/#website\",\"url\":\"https:\/\/hoyre.no\/tinn\/\",\"name\":\"Tinn H\u00f8yre\",\"description\":\"Bare enda et H\u00f8yres nettsteder-nettsted\",\"inLanguage\":\"nb-NO\"},{\"@type\":\"Person\",\"@id\":\"https:\/\/hoyre.no\/tinn\/#\/schema\/person\/a62a20d5220c6fccf39f5073bb4aeca2\",\"name\":\"Elias Eide\",\"image\":{\"@type\":\"ImageObject\",\"inLanguage\":\"nb-NO\",\"@id\":\"https:\/\/hoyre.no\/tinn\/#\/schema\/person\/image\/\",\"url\":\"https:\/\/secure.gravatar.com\/avatar\/e58459efce1cee92773c25f907405b7381b572080c4222498554bdddac6b4e00?s=96&d=mm&r=g\",\"contentUrl\":\"https:\/\/secure.gravatar.com\/avatar\/e58459efce1cee92773c25f907405b7381b572080c4222498554bdddac6b4e00?s=96&d=mm&r=g\",\"caption\":\"Elias Eide\"},\"url\":\"https:\/\/hoyre.no\/tinn\/aktuelt\/author\/m52040375\/\"}]}<\/script>\n<!-- \/ Yoast SEO plugin. -->","yoast_head_json":{"title":"8 gode grunner til \u00e5 stemme H\u00f8yre i Tinn - Tinn H\u00f8yre","robots":{"index":"index","follow":"follow","max-snippet":"max-snippet:-1","max-image-preview":"max-image-preview:large","max-video-preview":"max-video-preview:-1"},"canonical":"https:\/\/hoyre.no\/tinn\/aktuelt\/8-gode-grunner-til-a-stemme-hoyre-i-tinn\/","og_locale":"nb_NO","og_type":"article","og_title":"8 gode grunner til \u00e5 stemme H\u00f8yre i Tinn - Tinn H\u00f8yre","og_url":"https:\/\/hoyre.no\/tinn\/aktuelt\/8-gode-grunner-til-a-stemme-hoyre-i-tinn\/","og_site_name":"Tinn H\u00f8yre","article_published_time":"2023-06-29T11:50:45+00:00","article_modified_time":"2025-02-04T14:20:48+00:00","og_image":[{"width":1000,"height":1000,"url":"https:\/\/hoyre.no\/content\/uploads\/sites\/354\/2022\/11\/Hoyres-logo.png","type":"image\/png"}],"author":"Elias Eide","twitter_card":"summary_large_image","twitter_misc":{"Skrevet av":"Elias Eide","Ansl. lesetid":"2 minutter"},"schema":{"@context":"https:\/\/schema.org","@graph":[{"@type":"NewsArticle","@id":"https:\/\/hoyre.no\/tinn\/aktuelt\/8-gode-grunner-til-a-stemme-hoyre-i-tinn\/","url":"https:\/\/hoyre.no\/tinn\/aktuelt\/8-gode-grunner-til-a-stemme-hoyre-i-tinn\/","name":"8 gode grunner til \u00e5 stemme H\u00f8yre i Tinn - Tinn H\u00f8yre","isPartOf":{"@id":"https:\/\/hoyre.no\/tinn\/#website"},"datePublished":"2023-06-29T11:50:45+00:00","dateModified":"2025-02-04T14:20:48+00:00","author":{"@id":"https:\/\/hoyre.no\/tinn\/#\/schema\/person\/a62a20d5220c6fccf39f5073bb4aeca2"},"breadcrumb":{"@id":"https:\/\/hoyre.no\/tinn\/aktuelt\/8-gode-grunner-til-a-stemme-hoyre-i-tinn\/#breadcrumb"},"inLanguage":"nb-NO","potentialAction":[{"@type":"ReadAction","target":["https:\/\/hoyre.no\/tinn\/aktuelt\/8-gode-grunner-til-a-stemme-hoyre-i-tinn\/"]}]},{"@type":"BreadcrumbList","@id":"https:\/\/hoyre.no\/tinn\/aktuelt\/8-gode-grunner-til-a-stemme-hoyre-i-tinn\/#breadcrumb","itemListElement":[{"@type":"ListItem","position":1,"name":"Til hoyre.no","item":"https:\/\/hoyre.no"},{"@type":"ListItem","position":2,"name":"Hjem","item":"https:\/\/hoyre.no\/tinn\/"},{"@type":"ListItem","position":3,"name":"8 gode grunner til \u00e5 stemme H\u00f8yre i Tinn"}]},{"@type":"WebSite","@id":"https:\/\/hoyre.no\/tinn\/#website","url":"https:\/\/hoyre.no\/tinn\/","name":"Tinn H\u00f8yre","description":"Bare enda et H\u00f8yres nettsteder-nettsted","inLanguage":"nb-NO"},{"@type":"Person","@id":"https:\/\/hoyre.no\/tinn\/#\/schema\/person\/a62a20d5220c6fccf39f5073bb4aeca2","name":"Elias Eide","image":{"@type":"ImageObject","inLanguage":"nb-NO","@id":"https:\/\/hoyre.no\/tinn\/#\/schema\/person\/image\/","url":"https:\/\/secure.gravatar.com\/avatar\/e58459efce1cee92773c25f907405b7381b572080c4222498554bdddac6b4e00?s=96&d=mm&r=g","contentUrl":"https:\/\/secure.gravatar.com\/avatar\/e58459efce1cee92773c25f907405b7381b572080c4222498554bdddac6b4e00?s=96&d=mm&r=g","caption":"Elias Eide"},"url":"https:\/\/hoyre.no\/tinn\/aktuelt\/author\/m52040375\/"}]}},"distributor_meta":false,"distributor_terms":false,"distributor_media":false,"distributor_original_site_name":"Tinn H\u00f8yre","distributor_original_site_url":"https:\/\/hoyre.no\/tinn","push-errors":false,"_links":{"self":[{"href":"https:\/\/hoyre.no\/tinn\/wp-json\/wp\/v2\/posts\/99","targetHints":{"allow":["GET"]}}],"collection":[{"href":"https:\/\/hoyre.no\/tinn\/wp-json\/wp\/v2\/posts"}],"about":[{"href":"https:\/\/hoyre.no\/tinn\/wp-json\/wp\/v2\/types\/post"}],"author":[{"embeddable":true,"href":"https:\/\/hoyre.no\/tinn\/wp-json\/wp\/v2\/users\/29643"}],"replies":[{"embeddable":true,"href":"https:\/\/hoyre.no\/tinn\/wp-json\/wp\/v2\/comments?post=99"}],"version-history":[{"count":4,"href":"https:\/\/hoyre.no\/tinn\/wp-json\/wp\/v2\/posts\/99\/revisions"}],"predecessor-version":[{"id":161,"href":"https:\/\/hoyre.no\/tinn\/wp-json\/wp\/v2\/posts\/99\/revisions\/161"}],"wp:attachment":[{"href":"https:\/\/hoyre.no\/tinn\/wp-json\/wp\/v2\/media?parent=99"}],"wp:term":[{"taxonomy":"category","embeddable":true,"href":"https:\/\/hoyre.no\/tinn\/wp-json\/wp\/v2\/category?post=99"},{"taxonomy":"post_tag","embeddable":true,"href":"https:\/\/hoyre.no\/tinn\/wp-json\/wp\/v2\/post_tag?post=99"},{"taxonomy":"hoyre-visibility","embeddable":true,"href":"https:\/\/hoyre.no\/tinn\/wp-json\/wp\/v2\/hoyre-visibility?post=99"},{"taxonomy":"article-type","embeddable":true,"href":"https:\/\/hoyre.no\/tinn\/wp-json\/wp\/v2\/article-type?post=99"},{"taxonomy":"politician","embeddable":true,"href":"https:\/\/hoyre.no\/tinn\/wp-json\/wp\/v2\/politician?post=99"}],"curies":[{"name":"wp","href":"https:\/\/api.w.org\/{rel}","templated":true}]}}