{"id":30,"date":"2023-06-12T11:09:38","date_gmt":"2023-06-12T09:09:38","guid":{"rendered":"https:\/\/hoyre.no\/tokke\/?p=30"},"modified":"2023-07-26T13:02:03","modified_gmt":"2023-07-26T11:02:03","slug":"valprogram-for-tokke-hogre-2023","status":"publish","type":"post","link":"https:\/\/hoyre.no\/tokke\/aktuelt\/valprogram-for-tokke-hogre-2023\/","title":{"rendered":"VALPROGRAM FOR TOKKE H\u00d8GRE 2023"},"content":{"rendered":"\n<p class=\"preamble\">Vi vil gjerne at s\u00e5 mange unge som r\u00e5d s\u00f8kjer seg tilbake til Tokke etter avslutta utdanning. Alle unge skal kunne f\u00e5 lyst til \u00e5 \u2018kome heim\u2019 til ein kommune med gode servicetilbod i trygge og gode oppvekstmilj\u00f8.<\/p>\t\t\t<div class=\"post-meta wp-block teft-byline-wrapper\">\n\t\t\t\t<div class=\"top\">\n\t\t\t\t\t<div class=\"signature\">\n\t\t\t\t\t\t<div class=\"teft-byline\">\n\t\t\t\t\t\t\t\t\t\t\t\t\t\t<div>\n\t\t\t\t\t\t\t\t<h3>H\u00f8yres redaksjon<\/h3>\t\t\t\t\t\t\t\t\n\t\t\t\t\t\t\t\t\t\t\t\t\t\t\t\t\t<span class=\"date\">Sist oppdatert: 26. juli 2023<\/span>\n\t\t\t\t\t\t\t\t\t\t\t\t\t\t\t\t\t\t\t\t\t\t\t\t\t<span class=\"reading-time\" itemprop=\"timeRequired\" content=\"PT1M\"><em>Ca. 1 minutter lesetid<\/em><\/span>\n\t\t\t\t\t\t\t\t\t\t\t\t\t\t\t<\/div>\n\t\t\t\t\t\t<\/div>\n\t\t\t\t\t<\/div>\n\t\t\t\t\t\t<div class=\"sharing\">\n\t\t<a class=\"share-button share-link copy-link\" data-copy=\"https:\/\/hoyre.no\/tokke\/aktuelt\/valprogram-for-tokke-hogre-2023\/\" target=\"_blank\"><span class=\"screen-reader-text\">Del link<\/span><\/a>\n\t\t<a class=\"share-button share-twitter\" href=\"http:\/\/twitter.com\/share?text=VALPROGRAM FOR TOKKE H\u00d8GRE 2023&#038;url=https:\/\/hoyre.no\/tokke\/aktuelt\/valprogram-for-tokke-hogre-2023\/&#038;hashtags=Hoyre\" target=\"_blank\"><span class=\"screen-reader-text\">Del p\u00e5 twitter<\/span><\/a>\n\t\t<a class=\"share-button share-facebook\" href=\"https:\/\/www.facebook.com\/sharer\/sharer.php?u=https:\/\/hoyre.no\/tokke\/aktuelt\/valprogram-for-tokke-hogre-2023\/\" target=\"_blank\"><span class=\"screen-reader-text\">Del p\u00e5 facebook<\/span><\/a>\n\t<\/div>\n\t\t\t\t\t<\/div>\n\t\t\t<\/div>\n\n\t\t\t<figure class=\"hoyre-image-wrapper\"><div class=\"hoyre-image\"><img loading=\"lazy\" decoding=\"async\" width=\"1000\" height=\"1000\" src=\"https:\/\/hoyre.no\/content\/uploads\/sites\/355\/2022\/11\/Hoyres-logo.png\" class=\"attachment-scaled size-scaled\" alt=\"\" style=\"object-position: 50% 50%\" srcset=\"https:\/\/hoyre.no\/content\/uploads\/sites\/355\/2022\/11\/Hoyres-logo.png 1000w, https:\/\/hoyre.no\/content\/uploads\/sites\/355\/2022\/11\/Hoyres-logo-300x300.png 300w, https:\/\/hoyre.no\/content\/uploads\/sites\/355\/2022\/11\/Hoyres-logo-150x150.png 150w, https:\/\/hoyre.no\/content\/uploads\/sites\/355\/2022\/11\/Hoyres-logo-768x768.png 768w\" sizes=\"auto, (max-width: 1000px) 100vw, 1000px\" \/><\/div><\/figure>\n\n\n\n<p><strong>Tokke H\u00f8gre vil derfor<\/strong><\/p>\n\n\n\n<ul class=\"wp-block-list\"><li>lage attraktive m\u00f8teplassar for dei unge i forskjellige aldersgrupper med fokus p\u00e5 ungdomane sine eigne ynskje og interesser<\/li><li>tilby sommararbeid til all ungdom under utdanning<\/li><li>medverke til at det blir etablert fleire arbeidsplassar for l\u00e6rlingar<\/li><li>stimulere til at dei unge s\u00f8kjer seg arbeid i Tokke etter ferdig utdanning<\/li><li>gje stipend til unge Tokkebuarar som tek h\u00f8gare utdanning<\/li><li>stimulere til etablering av bustader og tilby attraktive bustadtomter<\/li><li>arbeide for \u00e5 oppretthalde k\u00f8yreskule og oppk\u00f8yring p\u00e5 Dalen.<\/li><\/ul>\n\n\n\n<p><strong>Les hele programmet som er vedlagt. <\/strong><\/p>\n\n\n\n<div class=\"wp-block-teft-file icon-link-block\"><a href=\"https:\/\/hoyre.no\/content\/uploads\/sites\/355\/2023\/06\/Valprogram-for-Tokke-Hogre-2023-2027.pdf\" download><span class=\"file-title\">Valprogram for Tokke H\u00f8gre 2023-2027<\/span><span class=\"file-name\"><\/span><\/a><\/div>\n","protected":false},"excerpt":{"rendered":"<p>Tokke H\u00f8gre vil derfor lage attraktive m\u00f8teplassar for dei unge i forskjellige aldersgrupper med fokus p\u00e5 ungdomane sine eigne ynskje og interesser tilby sommararbeid til all ungdom under utdanning medverke til at det blir etablert fleire arbeidsplassar for l\u00e6rlingar stimulere til at dei unge s\u00f8kjer seg arbeid i Tokke etter ferdig utdanning gje stipend til [&hellip;]<\/p>\n","protected":false},"author":376,"featured_media":0,"comment_status":"closed","ping_status":"closed","sticky":false,"template":"","format":"standard","meta":{"teft_cards_image_url":"","teft_cards_custom_pretitle":"","teft_cards_image_id":20,"teft_cards_image_focal_point_x":0.5,"teft_cards_image_focal_point_y":0.5,"teft_cards_title":"","teft_cards_excerpt":"","teft_show_chapters":false,"author_display_name":"","footnotes":""},"category":[1],"post_tag":[],"hoyre-visibility":[],"article-type":[],"politician":[],"class_list":["post-30","post","type-post","status-publish","format-standard","hentry","category-nyheiter"],"yoast_head":"<!-- This site is optimized with the Yoast SEO plugin v26.6 - https:\/\/yoast.com\/wordpress\/plugins\/seo\/ -->\n<title>VALPROGRAM FOR TOKKE H\u00d8GRE 2023 - Tokke H\u00f8gre<\/title>\n<meta name=\"robots\" content=\"index, follow, max-snippet:-1, max-image-preview:large, max-video-preview:-1\" \/>\n<link rel=\"canonical\" href=\"https:\/\/hoyre.no\/tokke\/aktuelt\/valprogram-for-tokke-hogre-2023\/\" \/>\n<meta property=\"og:locale\" content=\"nn_NO\" \/>\n<meta property=\"og:type\" content=\"article\" \/>\n<meta property=\"og:title\" content=\"VALPROGRAM FOR TOKKE H\u00d8GRE 2023 - Tokke H\u00f8gre\" \/>\n<meta property=\"og:description\" content=\"Tokke H\u00f8gre vil derfor lage attraktive m\u00f8teplassar for dei unge i forskjellige aldersgrupper med fokus p\u00e5 ungdomane sine eigne ynskje og interesser tilby sommararbeid til all ungdom under utdanning medverke til at det blir etablert fleire arbeidsplassar for l\u00e6rlingar stimulere til at dei unge s\u00f8kjer seg arbeid i Tokke etter ferdig utdanning gje stipend til [&hellip;]\" \/>\n<meta property=\"og:url\" content=\"https:\/\/hoyre.no\/tokke\/aktuelt\/valprogram-for-tokke-hogre-2023\/\" \/>\n<meta property=\"og:site_name\" content=\"Tokke H\u00f8gre\" \/>\n<meta property=\"article:published_time\" content=\"2023-06-12T09:09:38+00:00\" \/>\n<meta property=\"article:modified_time\" content=\"2023-07-26T11:02:03+00:00\" \/>\n<meta property=\"og:image\" content=\"https:\/\/hoyre.no\/content\/uploads\/sites\/355\/2022\/11\/Hoyres-logo.png\" \/>\n<meta name=\"author\" content=\"Ole Espen Strand\" \/>\n<meta name=\"twitter:card\" content=\"summary_large_image\" \/>\n<meta name=\"twitter:label1\" content=\"Written by\" \/>\n\t<meta name=\"twitter:data1\" content=\"Ole Espen Strand\" \/>\n\t<meta name=\"twitter:label2\" content=\"Est. reading time\" \/>\n\t<meta name=\"twitter:data2\" content=\"1 minutt\" \/>\n<script type=\"application\/ld+json\" class=\"yoast-schema-graph\">{\"@context\":\"https:\/\/schema.org\",\"@graph\":[{\"@type\":\"NewsArticle\",\"@id\":\"https:\/\/hoyre.no\/tokke\/aktuelt\/valprogram-for-tokke-hogre-2023\/\",\"url\":\"https:\/\/hoyre.no\/tokke\/aktuelt\/valprogram-for-tokke-hogre-2023\/\",\"name\":\"VALPROGRAM FOR TOKKE H\u00d8GRE 2023 - Tokke H\u00f8gre\",\"isPartOf\":{\"@id\":\"https:\/\/hoyre.no\/tokke\/#website\"},\"datePublished\":\"2023-06-12T09:09:38+00:00\",\"dateModified\":\"2023-07-26T11:02:03+00:00\",\"author\":{\"@id\":\"https:\/\/hoyre.no\/tokke\/#\/schema\/person\/e53549e4110bc61d77480d222e49eef1\"},\"breadcrumb\":{\"@id\":\"https:\/\/hoyre.no\/tokke\/aktuelt\/valprogram-for-tokke-hogre-2023\/#breadcrumb\"},\"inLanguage\":\"nn-NO\",\"potentialAction\":[{\"@type\":\"ReadAction\",\"target\":[\"https:\/\/hoyre.no\/tokke\/aktuelt\/valprogram-for-tokke-hogre-2023\/\"]}]},{\"@type\":\"BreadcrumbList\",\"@id\":\"https:\/\/hoyre.no\/tokke\/aktuelt\/valprogram-for-tokke-hogre-2023\/#breadcrumb\",\"itemListElement\":[{\"@type\":\"ListItem\",\"position\":1,\"name\":\"Til hoyre.no\",\"item\":\"https:\/\/hoyre.no\"},{\"@type\":\"ListItem\",\"position\":2,\"name\":\"Hjem\",\"item\":\"https:\/\/hoyre.no\/tokke\/\"},{\"@type\":\"ListItem\",\"position\":3,\"name\":\"VALPROGRAM FOR TOKKE H\u00d8GRE 2023\"}]},{\"@type\":\"WebSite\",\"@id\":\"https:\/\/hoyre.no\/tokke\/#website\",\"url\":\"https:\/\/hoyre.no\/tokke\/\",\"name\":\"Tokke H\u00f8gre\",\"description\":\"Bare enda et H\u00f8yres nettsteder-nettsted\",\"inLanguage\":\"nn-NO\"},{\"@type\":\"Person\",\"@id\":\"https:\/\/hoyre.no\/tokke\/#\/schema\/person\/e53549e4110bc61d77480d222e49eef1\",\"name\":\"Ole Espen Strand\",\"image\":{\"@type\":\"ImageObject\",\"inLanguage\":\"nn-NO\",\"@id\":\"https:\/\/hoyre.no\/tokke\/#\/schema\/person\/image\/\",\"url\":\"https:\/\/secure.gravatar.com\/avatar\/b5ab5bf6a88c5268515bd75538435c1a23c6bb23748faa38dbe737b284a38918?s=96&d=mm&r=g\",\"contentUrl\":\"https:\/\/secure.gravatar.com\/avatar\/b5ab5bf6a88c5268515bd75538435c1a23c6bb23748faa38dbe737b284a38918?s=96&d=mm&r=g\",\"caption\":\"Ole Espen Strand\"},\"url\":\"https:\/\/hoyre.no\/tokke\/aktuelt\/author\/m11380987\/\"}]}<\/script>\n<!-- \/ Yoast SEO plugin. -->","yoast_head_json":{"title":"VALPROGRAM FOR TOKKE H\u00d8GRE 2023 - Tokke H\u00f8gre","robots":{"index":"index","follow":"follow","max-snippet":"max-snippet:-1","max-image-preview":"max-image-preview:large","max-video-preview":"max-video-preview:-1"},"canonical":"https:\/\/hoyre.no\/tokke\/aktuelt\/valprogram-for-tokke-hogre-2023\/","og_locale":"nn_NO","og_type":"article","og_title":"VALPROGRAM FOR TOKKE H\u00d8GRE 2023 - Tokke H\u00f8gre","og_description":"Tokke H\u00f8gre vil derfor lage attraktive m\u00f8teplassar for dei unge i forskjellige aldersgrupper med fokus p\u00e5 ungdomane sine eigne ynskje og interesser tilby sommararbeid til all ungdom under utdanning medverke til at det blir etablert fleire arbeidsplassar for l\u00e6rlingar stimulere til at dei unge s\u00f8kjer seg arbeid i Tokke etter ferdig utdanning gje stipend til [&hellip;]","og_url":"https:\/\/hoyre.no\/tokke\/aktuelt\/valprogram-for-tokke-hogre-2023\/","og_site_name":"Tokke H\u00f8gre","article_published_time":"2023-06-12T09:09:38+00:00","article_modified_time":"2023-07-26T11:02:03+00:00","og_image":[{"url":"https:\/\/hoyre.no\/content\/uploads\/sites\/355\/2022\/11\/Hoyres-logo.png","width":"","height":"","type":""}],"author":"Ole Espen Strand","twitter_card":"summary_large_image","twitter_misc":{"Written by":"Ole Espen Strand","Est. reading time":"1 minutt"},"schema":{"@context":"https:\/\/schema.org","@graph":[{"@type":"NewsArticle","@id":"https:\/\/hoyre.no\/tokke\/aktuelt\/valprogram-for-tokke-hogre-2023\/","url":"https:\/\/hoyre.no\/tokke\/aktuelt\/valprogram-for-tokke-hogre-2023\/","name":"VALPROGRAM FOR TOKKE H\u00d8GRE 2023 - Tokke H\u00f8gre","isPartOf":{"@id":"https:\/\/hoyre.no\/tokke\/#website"},"datePublished":"2023-06-12T09:09:38+00:00","dateModified":"2023-07-26T11:02:03+00:00","author":{"@id":"https:\/\/hoyre.no\/tokke\/#\/schema\/person\/e53549e4110bc61d77480d222e49eef1"},"breadcrumb":{"@id":"https:\/\/hoyre.no\/tokke\/aktuelt\/valprogram-for-tokke-hogre-2023\/#breadcrumb"},"inLanguage":"nn-NO","potentialAction":[{"@type":"ReadAction","target":["https:\/\/hoyre.no\/tokke\/aktuelt\/valprogram-for-tokke-hogre-2023\/"]}]},{"@type":"BreadcrumbList","@id":"https:\/\/hoyre.no\/tokke\/aktuelt\/valprogram-for-tokke-hogre-2023\/#breadcrumb","itemListElement":[{"@type":"ListItem","position":1,"name":"Til hoyre.no","item":"https:\/\/hoyre.no"},{"@type":"ListItem","position":2,"name":"Hjem","item":"https:\/\/hoyre.no\/tokke\/"},{"@type":"ListItem","position":3,"name":"VALPROGRAM FOR TOKKE H\u00d8GRE 2023"}]},{"@type":"WebSite","@id":"https:\/\/hoyre.no\/tokke\/#website","url":"https:\/\/hoyre.no\/tokke\/","name":"Tokke H\u00f8gre","description":"Bare enda et H\u00f8yres nettsteder-nettsted","inLanguage":"nn-NO"},{"@type":"Person","@id":"https:\/\/hoyre.no\/tokke\/#\/schema\/person\/e53549e4110bc61d77480d222e49eef1","name":"Ole Espen Strand","image":{"@type":"ImageObject","inLanguage":"nn-NO","@id":"https:\/\/hoyre.no\/tokke\/#\/schema\/person\/image\/","url":"https:\/\/secure.gravatar.com\/avatar\/b5ab5bf6a88c5268515bd75538435c1a23c6bb23748faa38dbe737b284a38918?s=96&d=mm&r=g","contentUrl":"https:\/\/secure.gravatar.com\/avatar\/b5ab5bf6a88c5268515bd75538435c1a23c6bb23748faa38dbe737b284a38918?s=96&d=mm&r=g","caption":"Ole Espen Strand"},"url":"https:\/\/hoyre.no\/tokke\/aktuelt\/author\/m11380987\/"}]}},"distributor_meta":false,"distributor_terms":false,"distributor_media":false,"distributor_original_site_name":"Tokke H\u00f8gre","distributor_original_site_url":"https:\/\/hoyre.no\/tokke","push-errors":false,"_links":{"self":[{"href":"https:\/\/hoyre.no\/tokke\/wp-json\/wp\/v2\/posts\/30","targetHints":{"allow":["GET"]}}],"collection":[{"href":"https:\/\/hoyre.no\/tokke\/wp-json\/wp\/v2\/posts"}],"about":[{"href":"https:\/\/hoyre.no\/tokke\/wp-json\/wp\/v2\/types\/post"}],"author":[{"embeddable":true,"href":"https:\/\/hoyre.no\/tokke\/wp-json\/wp\/v2\/users\/376"}],"replies":[{"embeddable":true,"href":"https:\/\/hoyre.no\/tokke\/wp-json\/wp\/v2\/comments?post=30"}],"version-history":[{"count":2,"href":"https:\/\/hoyre.no\/tokke\/wp-json\/wp\/v2\/posts\/30\/revisions"}],"predecessor-version":[{"id":34,"href":"https:\/\/hoyre.no\/tokke\/wp-json\/wp\/v2\/posts\/30\/revisions\/34"}],"wp:attachment":[{"href":"https:\/\/hoyre.no\/tokke\/wp-json\/wp\/v2\/media?parent=30"}],"wp:term":[{"taxonomy":"category","embeddable":true,"href":"https:\/\/hoyre.no\/tokke\/wp-json\/wp\/v2\/category?post=30"},{"taxonomy":"post_tag","embeddable":true,"href":"https:\/\/hoyre.no\/tokke\/wp-json\/wp\/v2\/post_tag?post=30"},{"taxonomy":"hoyre-visibility","embeddable":true,"href":"https:\/\/hoyre.no\/tokke\/wp-json\/wp\/v2\/hoyre-visibility?post=30"},{"taxonomy":"article-type","embeddable":true,"href":"https:\/\/hoyre.no\/tokke\/wp-json\/wp\/v2\/article-type?post=30"},{"taxonomy":"politician","embeddable":true,"href":"https:\/\/hoyre.no\/tokke\/wp-json\/wp\/v2\/politician?post=30"}],"curies":[{"name":"wp","href":"https:\/\/api.w.org\/{rel}","templated":true}]}}