{"id":1106,"date":"2022-09-02T16:38:13","date_gmt":"2022-09-02T14:38:13","guid":{"rendered":"https:\/\/hoyre.no\/tonsberg\/?p=1106"},"modified":"2022-09-02T18:26:17","modified_gmt":"2022-09-02T16:26:17","slug":"frank-pedersen-tonsberg-politikken-trenger-en-kursendring","status":"publish","type":"post","link":"https:\/\/hoyre.no\/tonsberg\/aktuelt\/frank-pedersen-tonsberg-politikken-trenger-en-kursendring\/","title":{"rendered":"Frank Pedersen: \u2013 T\u00f8nsberg-politikken trenger en kursendring"},"content":{"rendered":"\n<p class=\"preamble\">H\u00f8yres kommunalkonferanse arrangeres i T\u00f8nsberg denne helgen. Her kommer 500 H\u00f8yre-folk fra hele landet for \u00e5 legge grunnlaget for valgseier i 2023. T\u00f8nsberg H\u00f8yres ordf\u00f8rerkandidat Frank Pedersen holdt \u00e5pningstalen og \u00f8nsket alle velkommen til T\u00f8nsberg. Les talen hans her: <\/p>\t\t\t<div class=\"post-meta wp-block teft-byline-wrapper\">\n\t\t\t\t<div class=\"top\">\n\t\t\t\t\t<div class=\"signature\">\n\t\t\t\t\t\t<div class=\"teft-byline\">\n\t\t\t\t\t\t\t\t\t\t\t\t\t\t<div>\n\t\t\t\t\t\t\t\t<h3>H\u00f8yres redaksjon<\/h3>\t\t\t\t\t\t\t\t\n\t\t\t\t\t\t\t\t\t\t\t\t\t\t\t\t\t<span class=\"date\">Sist oppdatert: 2. september 2022<\/span>\n\t\t\t\t\t\t\t\t\t\t\t\t\t\t\t\t\t\t\t\t\t\t\t\t\t<span class=\"reading-time\" itemprop=\"timeRequired\" content=\"PT5M\"><em>Ca. 5 minutter lesetid<\/em><\/span>\n\t\t\t\t\t\t\t\t\t\t\t\t\t\t\t<\/div>\n\t\t\t\t\t\t<\/div>\n\t\t\t\t\t<\/div>\n\t\t\t\t\t\t<div class=\"sharing\">\n\t\t<a class=\"share-button share-link copy-link\" data-copy=\"https:\/\/hoyre.no\/tonsberg\/aktuelt\/frank-pedersen-tonsberg-politikken-trenger-en-kursendring\/\" target=\"_blank\"><span class=\"screen-reader-text\">Del link<\/span><\/a>\n\t\t<a class=\"share-button share-twitter\" href=\"http:\/\/twitter.com\/share?text=Frank Pedersen: \u2013 T\u00f8nsberg-politikken trenger en kursendring&#038;url=https:\/\/hoyre.no\/tonsberg\/aktuelt\/frank-pedersen-tonsberg-politikken-trenger-en-kursendring\/&#038;hashtags=Hoyre\" target=\"_blank\"><span class=\"screen-reader-text\">Del p\u00e5 twitter<\/span><\/a>\n\t\t<a class=\"share-button share-facebook\" href=\"https:\/\/www.facebook.com\/sharer\/sharer.php?u=https:\/\/hoyre.no\/tonsberg\/aktuelt\/frank-pedersen-tonsberg-politikken-trenger-en-kursendring\/\" target=\"_blank\"><span class=\"screen-reader-text\">Del p\u00e5 facebook<\/span><\/a>\n\t<\/div>\n\t\t\t\t\t<\/div>\n\t\t\t<\/div>\n\n\t\t\t<figure class=\"hoyre-image-wrapper\"><div class=\"hoyre-image\"><img loading=\"lazy\" decoding=\"async\" width=\"2500\" height=\"1667\" src=\"https:\/\/hoyre.no\/content\/uploads\/sites\/353\/2022\/09\/8077681C-6888-4704-A238-3EAB130DCE03-scaled.jpeg\" class=\"attachment-scaled size-scaled\" alt=\"\" style=\"object-position: 50% 50%\" srcset=\"https:\/\/hoyre.no\/content\/uploads\/sites\/353\/2022\/09\/8077681C-6888-4704-A238-3EAB130DCE03-scaled.jpeg 2500w, https:\/\/hoyre.no\/content\/uploads\/sites\/353\/2022\/09\/8077681C-6888-4704-A238-3EAB130DCE03-300x200.jpeg 300w, https:\/\/hoyre.no\/content\/uploads\/sites\/353\/2022\/09\/8077681C-6888-4704-A238-3EAB130DCE03-1024x683.jpeg 1024w, https:\/\/hoyre.no\/content\/uploads\/sites\/353\/2022\/09\/8077681C-6888-4704-A238-3EAB130DCE03-768x512.jpeg 768w, https:\/\/hoyre.no\/content\/uploads\/sites\/353\/2022\/09\/8077681C-6888-4704-A238-3EAB130DCE03-1536x1024.jpeg 1536w, https:\/\/hoyre.no\/content\/uploads\/sites\/353\/2022\/09\/8077681C-6888-4704-A238-3EAB130DCE03-2048x1365.jpeg 2048w\" sizes=\"auto, (max-width: 2500px) 100vw, 2500px\" \/><\/div><figcaption class=\"caption\">\u00d8NSKET ALLE VELKOMMEN TIL T\u00d8NSBERG: Ordf\u00f8rerkandidat Frank Pedersen \u00f8nsket de 500 H\u00f8yre-tillitsvalgte fra hele landet velkommen til T\u00f8nsberg.  Foto: Maiken Brenn\u00e5s\/H\u00f8yre. <\/figcaption><\/figure>\n\n\n\n\n<p>\u00abKj\u00e6re&nbsp;gode&nbsp;H\u00f8yre-venner,&nbsp;<\/p>\n\n\n\n<p>Det er med stor glede&nbsp;vi&nbsp;\u00f8nsker&nbsp;dere alle&nbsp;velkommen til \u00e5rets kommunalkonferanse&nbsp;her i T\u00f8nsberg, Norges eldste \u2013 og vakreste by.&nbsp;Vi skal f\u00e5 ny kunnskap, dele erfaringer og&nbsp;utvikle&nbsp;gode ideer til politikk i v\u00e5re hjemkommuner. &nbsp;M\u00e5let&nbsp;for oss her i T\u00f8nsberg H\u00f8yre er \u00e5&nbsp;ta tilbake makten vi tapte ved forrige valg.<\/p>\n\n\n\n<p>Vi er&nbsp;idag&nbsp;samlet&nbsp;ved den gamle brygga&nbsp;, T\u00f8nsbergs store stolthet. Her&nbsp;er det et yrende&nbsp;folkeliv hele \u00e5ret, med restauranter, utesteder og kulturakt\u00f8rer p\u00e5 rekke og rad.<\/p>\n\n\n\n<p>Men det var ikke gitt at det skulle bli slik. For p\u00e5 70-tallet ville Arbeiderpartiet rive&nbsp;alle&nbsp;de gamle sj\u00f8bodene&nbsp;dere ser&nbsp;utenfor hotellets d\u00f8r. For&nbsp;Ap&nbsp;var det viktigere \u00e5 gi plass&nbsp;til&nbsp;en ny bensinstasjon&nbsp;enn \u00e5 bevare den viktige delen av v\u00e5r sj\u00f8fartshistorie som&nbsp;den&nbsp;gamle bryggen representer.<\/p>\n\n\n\n<p>Men med H\u00f8yre i spissen lykkes det et flertall i bystyret \u00e5 hindre den planlagte rivingen. Sj\u00f8bodene ble tvert imot gjenoppbygget og grunnlaget&nbsp;lagt&nbsp;for etablering av&nbsp;restauranter&nbsp;og opplevelser.&nbsp;Det skal vi&nbsp;t\u00f8nsbergensere v\u00e6re glade for&nbsp;og en av&nbsp;dem vi&nbsp;kan takke&nbsp;for&nbsp;bevaring av&nbsp;brygga, nemlig lederen for Oslo H\u00f8yre Morten Steenstrup.&nbsp;Han var listekandidat og bidro b\u00e5de til bevaring av brygga og valgseier. Morten&nbsp;var ikke alene. H\u00f8yres ordf\u00f8rer gjennom mange perioder Erik Carlsen spilte ogs\u00e5 en viktig rolle.<\/p>\n\n\n\n<p>Denne historien minner oss om betydningen av hvilke partier som styrer kommunene v\u00e5re. Her i T\u00f8nsberg&nbsp;ser vi i dag&nbsp;tydelig&nbsp;konsekvensene av&nbsp;snart to \u00e5r med&nbsp;r\u00f8dgr\u00f8nt styre.&nbsp;T\u00f8nsbergs innbyggere fortjener noe bedre.&nbsp;Og, gode venner &#8211; det har vi et \u00e5r p\u00e5 oss for \u00e5 sikre.&nbsp;La oss komme i gang.<\/p>\n\n\n\n<p>P\u00e5 den andre siden av kanalen&nbsp;l\u00e5&nbsp;i sin tid&nbsp;Kaldnes&nbsp;mekaniske verksted&nbsp;med&nbsp;sine&nbsp;mange arbeidsplasser. I dag&nbsp;fremst\u00e5r&nbsp;omr\u00e5det&nbsp;som v\u00e5r nye&nbsp;og moderne bydel. Meningene&nbsp;om arkitekturen&nbsp;og&nbsp;h\u00f8ydene p\u00e5&nbsp;byggene&nbsp;er mange.&nbsp;Men&nbsp;ingen kan bestride&nbsp;at&nbsp;det&nbsp;i dag&nbsp;er&nbsp;flere arbeidsplasser&nbsp;i omr\u00e5det&nbsp;enn da Kaldnes Mekaniske&nbsp;Verksted eksisterte.&nbsp;Ogs\u00e5 denne transformasjonen&nbsp;ble&nbsp;ledet av H\u00f8yre.<\/p>\n\n\n\n<p>Gode H\u00f8yre-venner. Dere befinner dere n\u00e5 i&nbsp;Norges eldste by, grunnlagt i vikingtiden. Arkeologiske utgravninger i 1904 brakte frem historiens st\u00f8rste og rikeste funn fra vikingtiden &#8211; det praktfulle Osebergskipet, gravlagt \u00e5r 834 like \u00f8st for T\u00f8nsberg sentrum. I dag kan du oppleve en n\u00f8yaktig kopi av det ber\u00f8mte skipet&nbsp;her,&nbsp;rett utenfor hotellet&nbsp;v\u00e5rt.&nbsp;Og v\u00e5rtlandemerke&nbsp;Slottsfjellst\u00e5rnet&nbsp;som&nbsp;sto ferdig i 1888 symboliserer Slottsfjellsomr\u00e5dets tilknytning til middelalderen.&nbsp;<\/p>\n\n\n\n<p>Byens historie er viktig for politikerne&nbsp;i&nbsp;T\u00f8nsberg.&nbsp;Det har alle utgravningene vist.&nbsp;Og vi i H\u00f8yre&nbsp;tar&nbsp;historienmed oss&nbsp;i v\u00e5rt arbeid med&nbsp;\u00e5&nbsp;forandre&nbsp;for \u00e5&nbsp;bevare.Transformasjon&nbsp;og&nbsp;omstilling&nbsp;er&nbsp;viktige&nbsp;utfordringer for oss.&nbsp;I H\u00f8yre vil vi ha en&nbsp;fremoverlent Ja kommune&nbsp;hvor&nbsp;innbyggerne&nbsp;sikres&nbsp;gode liv og n\u00e6ringslivet de riktige rammebetingelsene.&nbsp;For H\u00f8yre er det viktig atinnbyggerne&nbsp;er&nbsp;stolte av&nbsp;den kommunen de bor i.<\/p>\n\n\n\n<p>G\u00e5r vi lenger opp i byen&nbsp;kommer vi til&nbsp;torget.&nbsp;Et torg som&nbsp;f\u00f8r i tiden&nbsp;hadde et yrende liv&nbsp;og som for noen \u00e5r siden fikk en kraftig oppgradering&nbsp;med&nbsp;H\u00f8yres tidligere ordf\u00f8rer, Petter Berg&nbsp;i spissen.&nbsp;N\u00e5 er&nbsp;torget&nbsp;igjen&nbsp;et av v\u00e5re viktigste byrom&nbsp;med et&nbsp;yrende liv&nbsp;til tider.&nbsp;Og&nbsp;vi&nbsp;har&nbsp;klart \u00e5 bevare&nbsp;de historiske&nbsp;bygningene som omkranser torget.&nbsp;<\/p>\n\n\n\n<p>N\u00e5 tenker dere sikkert \u00abhvorfor f\u00e5r vi en innf\u00f8ring i T\u00f8nsbergs historie?\u00bb Jo, fordi dette&nbsp;er viktig for \u00e5 forst\u00e5 T\u00f8nsberg og den utviklingen kommunen har hatt de siste ti\u00e5rene, stort sett under H\u00f8yres ledelse.<\/p>\n\n\n\n<p>Som landets eldste by er H\u00f8yres slagord om \u00e5&nbsp;forandre for \u00e5 bevare&nbsp;sv\u00e6rt aktuelt.&nbsp;Og fordi vi ikke bare er en gammel by, men ogs\u00e5 en&nbsp;attraktiv vekstkommune er&nbsp;v\u00e5r evne til \u00e5 finne balansepunktet mellom&nbsp;utvikling og&nbsp;bevaring stadig aktuell, og utfordrende.&nbsp;Et viktig tiltak blir \u00e5 gjenskape de gjemte byg\u00e5rdene og skjulte byrommene for \u00e5 skape liv, opplevelser og aktivitet&nbsp;i sentrum.<\/p>\n\n\n\n<p>I 2019 overtok Arbeiderpartiet styringen av denne&nbsp;kommunen.&nbsp;Resultatet lot ikke vente p\u00e5 seg. Dagens posisjon prioriterer system og ideologi&nbsp;fremover \u00e5 fokusere p\u00e5&nbsp;mennesket og hvordan det \u00f8nsker \u00e5 leve sitt liv. Frav\u00e6ret av valgfrihet spesielt gitt negative konsekvenser innenfor oppvekst\/helse og omsorgssektoren.&nbsp;T\u00f8nsberg-politikken trenger n\u00e5 en kursendring.&nbsp;<\/p>\n\n\n\n<p>Vi&nbsp;i H\u00f8yre&nbsp;skal s\u00f8ke virkelige svar p\u00e5 virkelige problemer for virkelige mennesker.&nbsp;Og vi&nbsp;skal v\u00e6re partiet som setter mennesket foran systemet.&nbsp;For det partiet som skal vinne valget m\u00e5 holde hodet klart, og hjerte varmt, med lave skuldre og brede smil \u2013 og som lytter til innbyggerne og deres behov.<\/p>\n\n\n\n<p>Da trenger vi en mer familievennlig barnehagepolitikk med fleksible barnehageopptak hvor familiene f\u00e5r barnehageplass i n\u00e6rheten av hvor de bor. At \u00e5pningstidene er tilpasset barnefamilienes behov, og ikke hva som passer kommunen best<\/p>\n\n\n\n<p>Og vi er n\u00f8dt til \u00e5 prioritere en kraftig satsing p\u00e5 psykisk helse.&nbsp;Flere og flere unger sliter med sin psykiske helse. Det m\u00e5 vi ta p\u00e5 alvor.&nbsp;<\/p>\n\n\n\n<p>T\u00f8nsberg er en attraktiv kommune for sm\u00e5barnsfamilier, men vi har&nbsp;ogs\u00e5 mange eldre.&nbsp;Derfor&nbsp;m\u00e5 vi gj\u00f8re T\u00f8nsberg til en aldersvennlig kommune hvor man gleder&nbsp;seg til \u00e5 bli eldre.&nbsp;Og ikke minst \u2013 vi m\u00e5 gjeninnf\u00f8re fritt brukervalg i T\u00f8nsberg. De eldre skal f\u00e5 v\u00e6re sjef i eget liv med meg som ordf\u00f8rer i T\u00f8nsberg.&nbsp;<\/p>\n\n\n\n<p>Kj\u00e6re H\u00f8yre venner,<\/p>\n\n\n\n<p>Nyt helgen i T\u00f8nsberg, ta vare p\u00e5 hverandre, l\u00e6r av hverandre og ikke minst ha det g\u00f8y.<\/p>\n\n\n\n<p>Jeg h\u00e5per vi i denne helgen sammen kan skape motivasjon, entusiasme og gj\u00f8re hverandre gode, slik at vi sammen driver tidenes beste valgkamp.<\/p>\n\n\n\n<p>Ha en flott og givende konferanse.&nbsp;Jeg gleder meg til \u00e5 bruke helgen sammen med dere.\u00bb<\/p>\n\n\n<div class=\"tags\">\n\t\t<div class=\"wp-block-tag-cloud\">\n\t\t\t\t\t<a href=\"https:\/\/hoyre.no\/tonsberg\/aktuelt\/tag\/frank-pedersen\/\" class=\"tag-cloud-link\">frank pedersen<\/a>\n\t\t\t<\/div>\n\t<\/div>\n<div class=\"post-footer alignfull has-background block-editor-block-list__block\" data-align=full>\n\t<div class=\"post-footer-inner\">\n\t\t<h3>Relaterte artikler<\/h3>\n\t\t<div class=\"related-content\"><div class=\"is-card-hoyre\">\n\t<div class=\"teft-card hoyre-teft-card post-teft-card\">\n\t\t<a href=\"https:\/\/hoyre.no\/tonsberg\/aktuelt\/vi-ma-skape-for-a-kunne-dele\/\" class=\"teft-card__primary-action\">\n\n\t\t\t\t\t<div class=\"teft-card__media teft-card__media--16-9\">\n\t\t\t\t\t\t<img loading=\"lazy\" decoding=\"async\" width=\"768\" height=\"576\" src=\"https:\/\/hoyre.no\/content\/uploads\/sites\/353\/2026\/04\/Frank-og-Jill-768x576.jpg\" class=\"attachment-medium_large size-medium_large\" alt=\"Frank Pedersen og Jill Eirin Undem. Foto: H\u00f8yre\" srcset=\"https:\/\/hoyre.no\/content\/uploads\/sites\/353\/2026\/04\/Frank-og-Jill-768x576.jpg 768w, https:\/\/hoyre.no\/content\/uploads\/sites\/353\/2026\/04\/Frank-og-Jill-300x225.jpg 300w, https:\/\/hoyre.no\/content\/uploads\/sites\/353\/2026\/04\/Frank-og-Jill.jpg 1024w\" sizes=\"auto, (max-width: 768px) 100vw, 768px\" \/>\t\t<\/div>\n\t\t\n\t\t\t<div class=\"teft-card__content-wrapper\">\n\t\t\t\t<div class=\"teft-card__secondary\">\n\t\t\t\t\t\n\t\t\t\t\t\t\t\t<div class=\"teft-card__meta\">\n\t\t\t\t\t\t\t\t\t<span class=\"post-date\">8. apr 2026<\/span>\n\n\t\t\t\t\t\t\t\t\t<span class=\"post-category\">Lokalt n\u00e6ringsliv<\/span>\t\t\t\t\t\t\t\t<\/div>\n\t\t\t\t\t\t\t\t\t\t\t<\/div>\n\n\t\t\t\t<div class=\"teft-card__primary\">\n\t\t\t\t\t<h2 class=\"teft-card__title\">Vi m\u00e5 skape for \u00e5 kunne dele&nbsp;<span class=\"teft-card__primary-title-append\"><\/span><\/h2>\t\t\t\t<\/div>\n\t\t\t<\/div>\n\t\t<\/a>\n\t<\/div>\n\n\t<\/div><div class=\"is-card-hoyre\">\n\t<div class=\"teft-card hoyre-teft-card post-teft-card\">\n\t\t<a href=\"https:\/\/hoyre.no\/tonsberg\/aktuelt\/fagfrokost\/\" class=\"teft-card__primary-action\">\n\n\t\t\t\t\t<div class=\"teft-card__media teft-card__media--16-9\">\n\t\t\t\t\t\t<img loading=\"lazy\" decoding=\"async\" width=\"640\" height=\"480\" src=\"https:\/\/hoyre.no\/content\/uploads\/sites\/353\/2024\/11\/IMG_5221.jpg\" class=\"attachment-medium_large size-medium_large\" alt=\"\" srcset=\"https:\/\/hoyre.no\/content\/uploads\/sites\/353\/2024\/11\/IMG_5221.jpg 640w, https:\/\/hoyre.no\/content\/uploads\/sites\/353\/2024\/11\/IMG_5221-300x225.jpg 300w\" sizes=\"auto, (max-width: 640px) 100vw, 640px\" \/>\t\t<\/div>\n\t\t\n\t\t\t<div class=\"teft-card__content-wrapper\">\n\t\t\t\t<div class=\"teft-card__secondary\">\n\t\t\t\t\t\n\t\t\t\t\t\t\t\t<div class=\"teft-card__meta\">\n\t\t\t\t\t\t\t\t\t<span class=\"post-date\">27. nov 2024<\/span>\n\n\t\t\t\t\t\t\t\t\t\t\t\t\t\t\t\t\t<\/div>\n\t\t\t\t\t\t\t\t\t\t\t<\/div>\n\n\t\t\t\t<div class=\"teft-card__primary\">\n\t\t\t\t\t<h2 class=\"teft-card__title\">Fagfrokost&nbsp;<span class=\"teft-card__primary-title-append\"><\/span><\/h2>\t\t\t\t<\/div>\n\t\t\t<\/div>\n\t\t<\/a>\n\t<\/div>\n\n\t<\/div><div class=\"is-card-hoyre\">\n\t<div class=\"teft-card hoyre-teft-card post-teft-card\">\n\t\t<a href=\"https:\/\/hoyre.no\/tonsberg\/aktuelt\/provenominasjon-resultat\/\" class=\"teft-card__primary-action\">\n\n\t\t\t\t\t<div class=\"teft-card__media teft-card__media--16-9\">\n\t\t\t\t\t\t<img loading=\"lazy\" decoding=\"async\" width=\"768\" height=\"344\" src=\"https:\/\/hoyre.no\/content\/uploads\/sites\/353\/2024\/09\/Stortingssalen-768x344.jpg\" class=\"attachment-medium_large size-medium_large\" alt=\"\" srcset=\"https:\/\/hoyre.no\/content\/uploads\/sites\/353\/2024\/09\/Stortingssalen-768x344.jpg 768w, https:\/\/hoyre.no\/content\/uploads\/sites\/353\/2024\/09\/Stortingssalen-300x134.jpg 300w, https:\/\/hoyre.no\/content\/uploads\/sites\/353\/2024\/09\/Stortingssalen-1024x459.jpg 1024w, https:\/\/hoyre.no\/content\/uploads\/sites\/353\/2024\/09\/Stortingssalen-1536x688.jpg 1536w, https:\/\/hoyre.no\/content\/uploads\/sites\/353\/2024\/09\/Stortingssalen-2048x918.jpg 2048w\" sizes=\"auto, (max-width: 768px) 100vw, 768px\" \/>\t\t<\/div>\n\t\t\n\t\t\t<div class=\"teft-card__content-wrapper\">\n\t\t\t\t<div class=\"teft-card__secondary\">\n\t\t\t\t\t\n\t\t\t\t\t\t\t\t<div class=\"teft-card__meta\">\n\t\t\t\t\t\t\t\t\t<span class=\"post-date\">16. sep 2024<\/span>\n\n\t\t\t\t\t\t\t\t\t\t\t\t\t\t\t\t\t<\/div>\n\t\t\t\t\t\t\t\t\t\t\t<\/div>\n\n\t\t\t\t<div class=\"teft-card__primary\">\n\t\t\t\t\t<h2 class=\"teft-card__title\">Pr\u00f8venominasjon resultat&nbsp;<span class=\"teft-card__primary-title-append\"><\/span><\/h2>\t\t\t\t<\/div>\n\t\t\t<\/div>\n\t\t<\/a>\n\t<\/div>\n\n\t<\/div><\/div>\t<\/div>\n<\/div>\n","protected":false},"excerpt":{"rendered":"","protected":false},"author":14966,"featured_media":0,"comment_status":"closed","ping_status":"closed","sticky":false,"template":"","format":"standard","meta":{"teft_cards_image_url":"","teft_cards_custom_pretitle":"","teft_cards_image_id":1113,"teft_cards_image_focal_point_x":0.5,"teft_cards_image_focal_point_y":0.5,"teft_cards_title":"","teft_cards_excerpt":"","teft_show_chapters":false,"author_display_name":"","footnotes":""},"category":[5],"post_tag":[16],"hoyre-visibility":[],"article-type":[],"politician":[],"class_list":["post-1106","post","type-post","status-publish","format-standard","hentry","category-tonsberg","tag-frank-pedersen"],"yoast_head":"<!-- This site is optimized with the Yoast SEO plugin v26.6 - https:\/\/yoast.com\/wordpress\/plugins\/seo\/ -->\n<title>Frank Pedersen: \u2013 T\u00f8nsberg-politikken trenger en kursendring - T\u00f8nsberg H\u00f8yre<\/title>\n<meta name=\"robots\" content=\"index, follow, max-snippet:-1, max-image-preview:large, max-video-preview:-1\" \/>\n<link rel=\"canonical\" href=\"https:\/\/hoyre.no\/tonsberg\/aktuelt\/frank-pedersen-tonsberg-politikken-trenger-en-kursendring\/\" \/>\n<meta property=\"og:locale\" content=\"nb_NO\" \/>\n<meta property=\"og:type\" content=\"article\" \/>\n<meta property=\"og:title\" content=\"Frank Pedersen: \u2013 T\u00f8nsberg-politikken trenger en kursendring - T\u00f8nsberg H\u00f8yre\" \/>\n<meta property=\"og:url\" content=\"https:\/\/hoyre.no\/tonsberg\/aktuelt\/frank-pedersen-tonsberg-politikken-trenger-en-kursendring\/\" \/>\n<meta property=\"og:site_name\" content=\"T\u00f8nsberg H\u00f8yre\" \/>\n<meta property=\"article:published_time\" content=\"2022-09-02T14:38:13+00:00\" \/>\n<meta property=\"article:modified_time\" content=\"2022-09-02T16:26:17+00:00\" \/>\n<meta property=\"og:image\" content=\"https:\/\/hoyre.no\/content\/uploads\/sites\/353\/2024\/09\/Stortingssalen-1024x459.jpg\" \/>\n<meta name=\"author\" content=\"Mathias Willassen Hanssen\" \/>\n<meta name=\"twitter:card\" content=\"summary_large_image\" \/>\n<meta name=\"twitter:label1\" content=\"Skrevet av\" \/>\n\t<meta name=\"twitter:data1\" content=\"Mathias Willassen Hanssen\" \/>\n\t<meta name=\"twitter:label2\" content=\"Ansl. lesetid\" \/>\n\t<meta name=\"twitter:data2\" content=\"6 minutter\" \/>\n<script type=\"application\/ld+json\" class=\"yoast-schema-graph\">{\"@context\":\"https:\/\/schema.org\",\"@graph\":[{\"@type\":\"NewsArticle\",\"@id\":\"https:\/\/hoyre.no\/tonsberg\/aktuelt\/frank-pedersen-tonsberg-politikken-trenger-en-kursendring\/\",\"url\":\"https:\/\/hoyre.no\/tonsberg\/aktuelt\/frank-pedersen-tonsberg-politikken-trenger-en-kursendring\/\",\"name\":\"Frank Pedersen: \u2013 T\u00f8nsberg-politikken trenger en kursendring - T\u00f8nsberg H\u00f8yre\",\"isPartOf\":{\"@id\":\"https:\/\/hoyre.no\/tonsberg\/#website\"},\"datePublished\":\"2022-09-02T14:38:13+00:00\",\"dateModified\":\"2022-09-02T16:26:17+00:00\",\"author\":{\"@id\":\"https:\/\/hoyre.no\/tonsberg\/#\/schema\/person\/5b9a64e7dac21e844b7b117f5bef5469\"},\"breadcrumb\":{\"@id\":\"https:\/\/hoyre.no\/tonsberg\/aktuelt\/frank-pedersen-tonsberg-politikken-trenger-en-kursendring\/#breadcrumb\"},\"inLanguage\":\"nb-NO\",\"potentialAction\":[{\"@type\":\"ReadAction\",\"target\":[\"https:\/\/hoyre.no\/tonsberg\/aktuelt\/frank-pedersen-tonsberg-politikken-trenger-en-kursendring\/\"]}]},{\"@type\":\"BreadcrumbList\",\"@id\":\"https:\/\/hoyre.no\/tonsberg\/aktuelt\/frank-pedersen-tonsberg-politikken-trenger-en-kursendring\/#breadcrumb\",\"itemListElement\":[{\"@type\":\"ListItem\",\"position\":1,\"name\":\"Til hoyre.no\",\"item\":\"https:\/\/hoyre.no\"},{\"@type\":\"ListItem\",\"position\":2,\"name\":\"Hjem\",\"item\":\"https:\/\/hoyre.no\/tonsberg\/\"},{\"@type\":\"ListItem\",\"position\":3,\"name\":\"Frank Pedersen: \u2013 T\u00f8nsberg-politikken trenger en kursendring\"}]},{\"@type\":\"WebSite\",\"@id\":\"https:\/\/hoyre.no\/tonsberg\/#website\",\"url\":\"https:\/\/hoyre.no\/tonsberg\/\",\"name\":\"T\u00f8nsberg H\u00f8yre\",\"description\":\"Bare enda et H\u00f8yres nettsteder-nettsted\",\"inLanguage\":\"nb-NO\"},{\"@type\":\"Person\",\"@id\":\"https:\/\/hoyre.no\/tonsberg\/#\/schema\/person\/5b9a64e7dac21e844b7b117f5bef5469\",\"name\":\"Mathias Willassen Hanssen\",\"image\":{\"@type\":\"ImageObject\",\"inLanguage\":\"nb-NO\",\"@id\":\"https:\/\/hoyre.no\/tonsberg\/#\/schema\/person\/image\/\",\"url\":\"https:\/\/secure.gravatar.com\/avatar\/3aa074e26e66110fb42e1b643153d53e3622b92c0f7667ce64f42e19ac9342e5?s=96&d=mm&r=g\",\"contentUrl\":\"https:\/\/secure.gravatar.com\/avatar\/3aa074e26e66110fb42e1b643153d53e3622b92c0f7667ce64f42e19ac9342e5?s=96&d=mm&r=g\",\"caption\":\"Mathias Willassen Hanssen\"},\"url\":\"https:\/\/hoyre.no\/tonsberg\/aktuelt\/author\/m51844959\/\"}]}<\/script>\n<!-- \/ Yoast SEO plugin. -->","yoast_head_json":{"title":"Frank Pedersen: \u2013 T\u00f8nsberg-politikken trenger en kursendring - T\u00f8nsberg H\u00f8yre","robots":{"index":"index","follow":"follow","max-snippet":"max-snippet:-1","max-image-preview":"max-image-preview:large","max-video-preview":"max-video-preview:-1"},"canonical":"https:\/\/hoyre.no\/tonsberg\/aktuelt\/frank-pedersen-tonsberg-politikken-trenger-en-kursendring\/","og_locale":"nb_NO","og_type":"article","og_title":"Frank Pedersen: \u2013 T\u00f8nsberg-politikken trenger en kursendring - T\u00f8nsberg H\u00f8yre","og_url":"https:\/\/hoyre.no\/tonsberg\/aktuelt\/frank-pedersen-tonsberg-politikken-trenger-en-kursendring\/","og_site_name":"T\u00f8nsberg H\u00f8yre","article_published_time":"2022-09-02T14:38:13+00:00","article_modified_time":"2022-09-02T16:26:17+00:00","og_image":[{"url":"https:\/\/hoyre.no\/content\/uploads\/sites\/353\/2024\/09\/Stortingssalen-1024x459.jpg","width":"","height":"","type":""}],"author":"Mathias Willassen Hanssen","twitter_card":"summary_large_image","twitter_misc":{"Skrevet av":"Mathias Willassen Hanssen","Ansl. lesetid":"6 minutter"},"schema":{"@context":"https:\/\/schema.org","@graph":[{"@type":"NewsArticle","@id":"https:\/\/hoyre.no\/tonsberg\/aktuelt\/frank-pedersen-tonsberg-politikken-trenger-en-kursendring\/","url":"https:\/\/hoyre.no\/tonsberg\/aktuelt\/frank-pedersen-tonsberg-politikken-trenger-en-kursendring\/","name":"Frank Pedersen: \u2013 T\u00f8nsberg-politikken trenger en kursendring - T\u00f8nsberg H\u00f8yre","isPartOf":{"@id":"https:\/\/hoyre.no\/tonsberg\/#website"},"datePublished":"2022-09-02T14:38:13+00:00","dateModified":"2022-09-02T16:26:17+00:00","author":{"@id":"https:\/\/hoyre.no\/tonsberg\/#\/schema\/person\/5b9a64e7dac21e844b7b117f5bef5469"},"breadcrumb":{"@id":"https:\/\/hoyre.no\/tonsberg\/aktuelt\/frank-pedersen-tonsberg-politikken-trenger-en-kursendring\/#breadcrumb"},"inLanguage":"nb-NO","potentialAction":[{"@type":"ReadAction","target":["https:\/\/hoyre.no\/tonsberg\/aktuelt\/frank-pedersen-tonsberg-politikken-trenger-en-kursendring\/"]}]},{"@type":"BreadcrumbList","@id":"https:\/\/hoyre.no\/tonsberg\/aktuelt\/frank-pedersen-tonsberg-politikken-trenger-en-kursendring\/#breadcrumb","itemListElement":[{"@type":"ListItem","position":1,"name":"Til hoyre.no","item":"https:\/\/hoyre.no"},{"@type":"ListItem","position":2,"name":"Hjem","item":"https:\/\/hoyre.no\/tonsberg\/"},{"@type":"ListItem","position":3,"name":"Frank Pedersen: \u2013 T\u00f8nsberg-politikken trenger en kursendring"}]},{"@type":"WebSite","@id":"https:\/\/hoyre.no\/tonsberg\/#website","url":"https:\/\/hoyre.no\/tonsberg\/","name":"T\u00f8nsberg H\u00f8yre","description":"Bare enda et H\u00f8yres nettsteder-nettsted","inLanguage":"nb-NO"},{"@type":"Person","@id":"https:\/\/hoyre.no\/tonsberg\/#\/schema\/person\/5b9a64e7dac21e844b7b117f5bef5469","name":"Mathias Willassen Hanssen","image":{"@type":"ImageObject","inLanguage":"nb-NO","@id":"https:\/\/hoyre.no\/tonsberg\/#\/schema\/person\/image\/","url":"https:\/\/secure.gravatar.com\/avatar\/3aa074e26e66110fb42e1b643153d53e3622b92c0f7667ce64f42e19ac9342e5?s=96&d=mm&r=g","contentUrl":"https:\/\/secure.gravatar.com\/avatar\/3aa074e26e66110fb42e1b643153d53e3622b92c0f7667ce64f42e19ac9342e5?s=96&d=mm&r=g","caption":"Mathias Willassen Hanssen"},"url":"https:\/\/hoyre.no\/tonsberg\/aktuelt\/author\/m51844959\/"}]}},"distributor_meta":false,"distributor_terms":false,"distributor_media":false,"distributor_original_site_name":"T\u00f8nsberg H\u00f8yre","distributor_original_site_url":"https:\/\/hoyre.no\/tonsberg","push-errors":false,"_links":{"self":[{"href":"https:\/\/hoyre.no\/tonsberg\/wp-json\/wp\/v2\/posts\/1106","targetHints":{"allow":["GET"]}}],"collection":[{"href":"https:\/\/hoyre.no\/tonsberg\/wp-json\/wp\/v2\/posts"}],"about":[{"href":"https:\/\/hoyre.no\/tonsberg\/wp-json\/wp\/v2\/types\/post"}],"author":[{"embeddable":true,"href":"https:\/\/hoyre.no\/tonsberg\/wp-json\/wp\/v2\/users\/14966"}],"replies":[{"embeddable":true,"href":"https:\/\/hoyre.no\/tonsberg\/wp-json\/wp\/v2\/comments?post=1106"}],"version-history":[{"count":3,"href":"https:\/\/hoyre.no\/tonsberg\/wp-json\/wp\/v2\/posts\/1106\/revisions"}],"predecessor-version":[{"id":1115,"href":"https:\/\/hoyre.no\/tonsberg\/wp-json\/wp\/v2\/posts\/1106\/revisions\/1115"}],"wp:attachment":[{"href":"https:\/\/hoyre.no\/tonsberg\/wp-json\/wp\/v2\/media?parent=1106"}],"wp:term":[{"taxonomy":"category","embeddable":true,"href":"https:\/\/hoyre.no\/tonsberg\/wp-json\/wp\/v2\/category?post=1106"},{"taxonomy":"post_tag","embeddable":true,"href":"https:\/\/hoyre.no\/tonsberg\/wp-json\/wp\/v2\/post_tag?post=1106"},{"taxonomy":"hoyre-visibility","embeddable":true,"href":"https:\/\/hoyre.no\/tonsberg\/wp-json\/wp\/v2\/hoyre-visibility?post=1106"},{"taxonomy":"article-type","embeddable":true,"href":"https:\/\/hoyre.no\/tonsberg\/wp-json\/wp\/v2\/article-type?post=1106"},{"taxonomy":"politician","embeddable":true,"href":"https:\/\/hoyre.no\/tonsberg\/wp-json\/wp\/v2\/politician?post=1106"}],"curies":[{"name":"wp","href":"https:\/\/api.w.org\/{rel}","templated":true}]}}