{"id":1230,"date":"2023-01-02T14:59:38","date_gmt":"2023-01-02T13:59:38","guid":{"rendered":"https:\/\/hoyre.no\/tonsberg\/?p=1230"},"modified":"2023-01-02T15:00:17","modified_gmt":"2023-01-02T14:00:17","slug":"hoyres-ordforerkandidat-frank-pedersen-tonsberg-trenger-en-politikk-som-setter-mennesket-foran-systemet%ef%bf%bc","status":"publish","type":"post","link":"https:\/\/hoyre.no\/tonsberg\/aktuelt\/hoyres-ordforerkandidat-frank-pedersen-tonsberg-trenger-en-politikk-som-setter-mennesket-foran-systemet%ef%bf%bc\/","title":{"rendered":"H\u00f8yres ordf\u00f8rerkandidat Frank Pedersen: \u2013 T\u00f8nsberg trenger en politikk som setter mennesket foran systemet\ufffc"},"content":{"rendered":"\n<figure class=\"hoyre-image-wrapper\"><div class=\"hoyre-image\"><img loading=\"lazy\" decoding=\"async\" width=\"1875\" height=\"2500\" src=\"https:\/\/hoyre.no\/content\/uploads\/sites\/353\/2023\/01\/322152368_487637910131099_1942486296330158521_n-scaled.jpg\" class=\"attachment-scaled size-scaled\" alt=\"Ordf\u00f8rerkandidat Frank Pedersen\" style=\"object-position: 50% 50%\" srcset=\"https:\/\/hoyre.no\/content\/uploads\/sites\/353\/2023\/01\/322152368_487637910131099_1942486296330158521_n-scaled.jpg 1875w, https:\/\/hoyre.no\/content\/uploads\/sites\/353\/2023\/01\/322152368_487637910131099_1942486296330158521_n-225x300.jpg 225w, https:\/\/hoyre.no\/content\/uploads\/sites\/353\/2023\/01\/322152368_487637910131099_1942486296330158521_n-768x1024.jpg 768w, https:\/\/hoyre.no\/content\/uploads\/sites\/353\/2023\/01\/322152368_487637910131099_1942486296330158521_n-1152x1536.jpg 1152w, https:\/\/hoyre.no\/content\/uploads\/sites\/353\/2023\/01\/322152368_487637910131099_1942486296330158521_n-1536x2048.jpg 1536w\" sizes=\"auto, (max-width: 1875px) 100vw, 1875px\" \/><\/div><figcaption class=\"caption\">T\u00f8nsberg H\u00f8yres ordf\u00f8rerkandidat, Frank Pedersen.<\/figcaption><\/figure>\n\n\n\n\n<p>\u00c5ret 2022 med krig i Europa og dramatisk kostnadsvekst for mange, er blitt historie. I en nytt\u00e5rssamtale med H\u00f8yres nettredaksjon legger ikke ordf\u00f8rerkandidat Frank Pedersen skjul p\u00e5 at den nye hverdagen med lange matk\u00f8er ber\u00f8rer ham sterkt.<\/p>\n\n\n\n<p>\u2013 Derfor var det s\u00e5 gledelig \u00e5 se\u00a0omsorgen mange viste f\u00f8r jul ved \u00e5 v\u00e6re med p\u00e5 Spleis til inntekt for de som ikke har s\u00e5 mye, sier Frank Pedersen som mener det er viktig at\u00a0kommunen ser p\u00e5 alle muligheter vi har for \u00e5 avhjelpe og bidra. <\/p>\n\n\n\n<p>Men samtidig er det if\u00f8lge Frank begrenset hvor mye kommunen kan gj\u00f8re i denne situasjonen. Rett og slett fordi \u00e5rsakene til problemene ligger utenfor kommunens beslutningsomr\u00e5de.\u00a0<\/p>\n\n\n\n<h2 class=\"wp-block-heading\"><strong>Ny gruppe- og opposisjonsleder<\/strong><\/h2>\n\n\n\n<p>Fra 1. januar 2023 tok for \u00f8vrig Frank Pedersen over som gruppeleder for H\u00f8yres kommunestyregruppe og opposisjonsleder. Dette ansvaret vil gi ham enda bedre innsikt og ikke minst bringe ham tettere p\u00e5 det politiske arbeidet i T\u00f8nsberg.<\/p>\n\n\n\n<p>\u2013 Erfaringen og l\u00e6ringen jeg f\u00e5r ved \u00e5 lede H\u00f8yres gruppe og samtidig f\u00e5 muligheten til \u00e5 bygge relasjoner med de andre partiene vil v\u00e6re sv\u00e6rt viktig n\u00e5r vi i 2023 er i et valg\u00e5r. Samtidig er det viktig for meg \u00e5 vise lederskap og synliggj\u00f8re hva man f\u00e5r med meg som ordf\u00f8rer, sier Frank som allerede den f\u00f8rste uken i det nye \u00e5ret m\u00f8ter alle de nye listekandidatene til H\u00f8yre p\u00e5 en felles samling. 254 dager f\u00f8r valget er han opptatt av \u00e5 bruke tiden til \u00e5 bygge team. B\u00e5de internt i partiet og med samarbeidspartiene.<\/p>\n\n\n\n<h2 class=\"wp-block-heading\"><strong>Hvilket nytt\u00e5rsforsett har du?<\/strong><\/h2>\n\n\n\n<p>\u2013 \u00c5 synliggj\u00f8re T\u00f8nsberg H\u00f8yres politikk p\u00e5 en god m\u00e5te. Noe av det viktigste for oss i H\u00f8yre er at T\u00f8nsberg blir en attraktiv kommune for barnefamilier med fleksibelt barnehageopptak og en god skole med nok l\u00e6rere. Samtidig m\u00e5 vi f\u00f8re en n\u00e6ringsvennlig politikk som tiltrekker oss flere bedrifter og skaper flere arbeidsplasser. Her er serviceinnstilling avgj\u00f8rende viktig.<\/p>\n\n\n\n<h2 class=\"wp-block-heading\"><strong>Hva er du mest bekymret for at skal skje i 2023?\u00a0<\/strong><\/h2>\n\n\n\n<p>\u2013 Jeg er bekymret for at kommune\u00f8konomien blir forverret gjennom posisjonens budsjettopplegg med fortsatt \u00f8kte kostnader, mindre skatteinngang enn beregnet og dermed ytterligere tapping av kommunens disposisjonsfond. I tillegg har vi en regjering som hele tiden er bakp\u00e5 med \u00e5 gjennomf\u00f8re vedtak som kan bidra til lette hverdagen til vanlige folk, sier Frank som er bekymret for at Ap skal fortsette med sin \u00abav-privatiseringspolitikk\u00bb ved \u00e5 ikke slippe private til for \u00e5 avlaste offentlige tjenester.\u00a0<\/p>\n\n\n\n<p>\u2013 Vi kan ikke l\u00f8se fremtidens utfordringer hvis private skal stenges ute. Se bare p\u00e5 pandemien og flyktningstr\u00f8mmen som kom etter krigsutbruddet i Ukraina, sier han.<\/p>\n\n\n\n<h2 class=\"wp-block-heading\"><strong>Hva h\u00e5per du skal skje neste \u00e5r?<\/strong><\/h2>\n\n\n\n<p>\u2013 Jeg h\u00e5per p\u00e5 et valgresultat som gir borglig seier og at vi derved f\u00e5r en kommune som f\u00f8rer en politikk som setter mennesket foran systemet.<\/p>\n\n\n\n<h2 class=\"wp-block-heading\"><strong>Hvordan vil du beskrive \u00e5ret 2022?<\/strong><\/h2>\n\n\n\n<p>\u2013 Et spennende \u00e5r hvor vi i T\u00f8nsberg H\u00f8yre nominerte en flott liste med meget gode listekandidater.\u00a0Politisk har det v\u00e6rt et interessant og givende \u00e5r hvor H\u00f8yre har bidratt til en n\u00f8ktern og god \u00f8konomistyring av kommunen. Samtidig har vi f\u00e5tt vist frem bredden av v\u00e5re politikere, markert oss ved \u00e5 synliggj\u00f8re H\u00f8yres politiske l\u00f8sninger.<\/p>\n\n\n\n<p>\u2013 For meg personlig har det v\u00e6rt et flott \u00e5r hvor h\u00f8ydepunktet kom 9. juni da jeg ble nominert som T\u00f8nsberg H\u00f8yres ordf\u00f8rerkandidat. Det ble et taktskifte og den lange reisen frem til 11. september 2023 startet. Det har v\u00e6rt en interessant h\u00f8st hvor tiden har blitt brukt godt med \u00e5 arbeide med en tydelig politisk retning som T\u00f8nsberg H\u00f8yre skal vise frem i valgkampen i 2023.<\/p>\n\n\n\n<h2 class=\"wp-block-heading\"><strong>Hva gledet deg mest?<\/strong><\/h2>\n\n\n\n<p>\u2013 Sommerbyen T\u00f8nsberg leverte med blant annet Slottsfjellfestivalen tilbake. Kultur og idretts livet kom tilbake etter pandemien og ikke minst omsorgen mange viste f\u00f8r jul ved \u00e5 v\u00e6re med p\u00e5 spleis til inntekt for de som ikke har s\u00e5 mye.\u00a0I tillegg m\u00e5 jeg si at det har v\u00e6rt mange veldig hyggelige tilbakemeldinger p\u00e5 min nominasjon som T\u00f8nsberg H\u00f8yres ordf\u00f8rerkandidat. Det varmer og motiverer.<\/p>\n\n\n\n<h2 class=\"wp-block-heading\"><strong>Hva gjorde deg mest bekymret?<\/strong><\/h2>\n\n\n\n<p>\u2013 Det stigende kostnadsniv\u00e5et for vanlige folk og at flere blir fattige. Her i kommunen er jeg bekymret for barnefamilier som har behov for barnehageplass i n\u00e6rheten av der de bor. F\u00e5r vi ikke til et bedre opptakssystem er jeg redd for at kommunen blir mindre attraktiv. Vi trenger at barnefamilier bosetter seg hos oss som gj\u00f8r at vi tiltrekker oss verdifull arbeidskraft.\u00a0<\/p>\n\n\n\n<p>I tillegg har vi blitt en kommune som ikke ser verdien av et godt n\u00e6ringsliv som skaper arbeidsplasser. Det m\u00e5 en holdningsendring til som sp\u00f8r n\u00e6ringslivet: Hva kan vi gj\u00f8re for dere?<\/p>\n\n\n\n<h2 class=\"wp-block-heading\"><strong>Hvorfor trenger vi et politisk skifte i T\u00f8nsberg?<\/strong><\/h2>\n\n\n\n<p>\u2013 T\u00f8nsberg H\u00f8yre vil ha en kommune som er p\u00e5 lag med deg. Med H\u00f8yre i f\u00f8rersetet skal vi v\u00e6re p\u00e5 lag med de som skaper arbeidsplasser.\u00a0Vi vil gi deg st\u00f8rre frihet i hverdagen, og kommunen skal v\u00e6re der for deg n\u00e5r du trenger den. H\u00f8yre vil ha en mer familievennlig barnehagepolitikk hvor barnefamilienes \u00f8nsker og behov settes i fokus.\u00a0I tillegg \u00f8nsker vi \u00e5 gj\u00f8re T\u00f8nsberg til en aldersvennlig kommune hvor du skal glede deg til \u00e5 bli gammel.<\/p>\n\n\n\n<h2 class=\"wp-block-heading\"><strong>Hvordan vil du beskrive konsekvensene av posisjonens vedtatte budsjettopplegg for neste \u00e5r?<\/strong><\/h2>\n\n\n\n<p>\u2013 Jeg synes det er bekymringsfullt at posisjonen bruker s\u00e5 mye av kommunens disposisjonsfond. Usikre fremtidsutsikter krever et budsjett med tydelige prioriteringer og n\u00f8kternhet. Disposisjonsfondet er det sentralt \u00e5 ha som et bufferfond. Det skal i fremtiden sikre et stabilt tjenesteniv\u00e5. Vi kan f\u00e5 negative overraskelser som p\u00e5virker rammebetingelsene v\u00e5re. Situasjon vi er i n\u00e5 er usikker og vi st\u00e5r midt opp i en situasjon hvor forsiktighet er n\u00f8kkelordet.<\/p>\n\n\n\n<p>\u2013 Investeringsbehovet vil \u00f8ke framover og vi har allerede store investeringer foran oss i 2023 som for eksempel:\u00a0Ungdomshuset p\u00e5 Revetal, kj\u00f8p av boliger til vanskeligstilte, Hogsnes barnehage og Anleggsplan idrett er blant investeringene utenfor selvkostomr\u00e5det. I tillegg utbygging av Prester\u00f8d barneskole er forventet \u00e5 f\u00e5 oppstart i 2023.\u00a0I tillegg vet vi at det m\u00e5 p\u00e5regnes nye investeringsbehov b\u00e5de innenfor skoler og barnehager og innenfor held\u00f8gns omsorgsplasser. For \u00e5 ikke snakke om etterslepet av vedlikehold vi har p\u00e5 kommunale bygg.\u00a0<\/p>\n\n\n\n<p>\u2013 En enorm investering som etter all sannsynlighet vil bli et krav er nitrogenrensing. Da m\u00e5 vi v\u00e6re forberedt og en kommune\u00f8konomi som er robust og har et disposisjonsfond som kan h\u00e5ndtere et slikt krav vil v\u00e6re viktig. Det er derfor viktig at vi er klar over konsekvensene av varige tiltak.<\/p>\n\n\n\n<p>\u2013 Vi er kommet til et vippepunkt n\u00e5r det gjelder skatt. Vi m\u00e5 regne med at skatteinngangen i fremtiden er usikker. Vi er inne i og kommer til \u00e5 oppleve en dyrtid i tiden fremover. Vi som kommunestyre skal s\u00f8rge for trygghet i en urolig verden og s\u00f8rge for et godt lokalsamfunn. Vi skal legge til rette for verdiskaping og gr\u00f8nn omstilling.\u00a0<\/p>\n\n\n\n<p>\u2013 Solberg-regjeringen hjalp oss med \u00e5 bygge fond og dermed s\u00f8rget for at vi er bedre rustet for fremtiden. N\u00e5 legges opp til en betydelig tapping og dermed sv\u00e6rt usikre \u00f8konomiske utsikter. Det er ikke lenge siden det ble formidlet fra ordf\u00f8rer hvor stolte posisjonen var over \u00e5 ha spart mange millioner kroner gjennom handlingsrom 2024, og det er sv\u00e6rt overraskende at med Arbeiderpartiet i f\u00f8ringen n\u00e5 setter dette i spill i kommende \u00f8konomiplan.<\/p>\n\n\n\n<h2 class=\"wp-block-heading\"><strong>Hvordan ville H\u00f8yre ha styrket tilbudet til innbyggerne?<\/strong><\/h2>\n\n\n\n<p>Det er s\u00e6rlig fire omr\u00e5der jeg har lyst til \u00e5 trekke frem:<\/p>\n\n\n\n<ol class=\"wp-block-list\"><li><strong>Arbeidsplasser:<\/strong><br>H\u00f8yre vil at kommunen skal oppleves som en \u00abfremoverlent\u00bb medspiller med en positiv vilje til \u00e5 spille p\u00e5 lag med n\u00e6ringslivet. T\u00f8nsberg H\u00f8yre vil gj\u00f8re det lettere \u00e5 etablere ny n\u00e6ringsvirksomhet i T\u00f8nsberg, og s\u00f8rge for at n\u00e6ringslivet har muligheten til \u00e5 vokse. Da m\u00e5 T\u00f8nsberg v\u00e6re en attraktiv kommune \u00e5 bo og jobbe i. H\u00f8yre vil s\u00f8rge for at T\u00f8nsberg igjen blir en ja-kommune, hvor vi heier p\u00e5 mennesker som \u00f8nsker \u00e5 skape noe.<\/li><li><strong>En aldersvennlig kommune:<\/strong><br>Andelen eldre i kommunen \u00f8ker, flere har sammensatte omsorgsbehov og mange er ensomme. T\u00f8nsberg H\u00f8yre vil at alle eldre skal f\u00e5 muligheten til et aktivt og sosialt liv, smakfulle m\u00e5ltider, god pleie og mer sammenhengende tjenester. Vi vil gjeninnf\u00f8re fritt brukervalg, slik at eldre skal f\u00e5 v\u00e6re sjef i eget liv og selv f\u00e5 velge mellom kommunale, ideelle eller private tjenester som passer deres behov best.\u00a0<\/li><li><strong>En mer familievennlig barnehagepolitikk:<\/strong><br>T\u00f8nsberg H\u00f8yre vil innf\u00f8re mer fleksible barnehageopptak hvor barnefamiliene kan f\u00e5 barnehageplass n\u00e6r der de bor. H\u00f8yre vil utvide hvem som har rett til barnehageplass i T\u00f8nsberg. Vi vil at barn som er f\u00f8dt i desember skal f\u00e5 barnehageplass n\u00e5r de fyller ett \u00e5r. Vi vil utvide \u00e5pningstidene i de kommunale barnehagene, slik at de er tilpasset barnefamilienes behov. T\u00f8nsberg H\u00f8yre vil ogs\u00e5 styrke bemanningen i barnehagene og ansette spesialpedagoger. Slik kan vi kan fange opp barn som trenger ekstra st\u00f8tte.<\/li><li><strong>En kunnskapsskole med muligheter for alle<\/strong>:<br>H\u00f8yres m\u00e5l med T\u00f8nsberg-skolen er \u00e5 skape en skole med muligheter for alle, uavhengig av hvilken familie du kommer fra. Elevene skal kjenne p\u00e5 l\u00e6ringsglede og f\u00e5 den hjelpen de trenger. H\u00f8yre vil ansette flere l\u00e6rere. Vi vil styrke skolenes \u00f8konomi, slik at alle skolene har r\u00e5d til \u00e5 oppgradere l\u00e6remidlene og kan tilby like god undervisning i alle fag. Vi vil ogs\u00e5 styrke laget rundt elevene med flere helsesykepleiere og milj\u00f8arbeidere.<\/li><\/ol>\n\n\n\n<h2 class=\"wp-block-heading\"><strong>Hva blir din f\u00f8rste prioritering som ordf\u00f8rer?<\/strong><\/h2>\n\n\n\n<p>I samarbeid med kommunestyre legge frem et budsjett som setter menneskene foran systemet som vil bety 3 prioriteringer:<\/p>\n\n\n\n<ul class=\"wp-block-list\"><li>Satsing p\u00e5 barn og unge, b\u00e5de barnehage og skole.<\/li><li>F\u00e5 p\u00e5 plass en plan for \u00e5 gj\u00f8re T\u00f8nsberg til en aldersvennlig kommune<\/li><li>En forutsigbar og offensiv arealplan som er p\u00e5 lag med n\u00e6ringslivet<\/li><\/ul>\n\n\n\n<p>I tillegg vil jeg som ordf\u00f8rer v\u00e6re opptatt av \u00e5 v\u00e6re ute og m\u00f8te innbyggerne for \u00e5 f\u00e5 innspill p\u00e5 hva som betyr noe for hver enkelt og hvordan vi som politikere kan bidra til at kommunen blir et bedre sted \u00e5 bo, bes\u00f8ke og drive bedrift i.<\/p>\n\n\n\n<h2 class=\"wp-block-heading\"><strong>Hvilke prioriteringer vil du som ordf\u00f8rer foreta for et helsevesen som sliter p\u00e5 flere omr\u00e5der?<\/strong><\/h2>\n\n\n\n<p>\u2013 For det f\u00f8rste danne meg et helhetsbilde og en gjennomgang av utfordringer og muligheter slik at det politisk kan legges frem en sak hvor kommunestyre kan prioritere hva som vil ha v\u00e6re de viktigste tiltakene for at vi skal ha et brukervennlig kommunalt helsevesen.\u00a0Men det er tre prioriteringer som det vil v\u00e6re viktig \u00e5 se n\u00e6rmere p\u00e5:<\/p>\n\n\n\n<ul class=\"wp-block-list\"><li>Fritt brukervalg<\/li><li>Plan for en bedre hverdag for utviklingshemmede<\/li><li>L\u00f8se fastlegekrisen i T\u00f8nsberg<\/li><\/ul>\n\n\n\n<h2 class=\"wp-block-heading\"><strong>Hvordan tenker om den store \u00f8kningen i antall som sto i matk\u00f8 f\u00f8r jul? Alle de som sliter og ikke f\u00e5r endene til \u00e5 m\u00f8tes.<\/strong><\/h2>\n\n\n\n<p>\u2013 Det er noe jeg tenker mye p\u00e5 og synes det er en utvikling som ikke er bra. Det er viktig at kommunen ser p\u00e5 alle muligheter de har for \u00e5 avhjelpe og bidra der vi som kommune kan bidra. Mye av situasjonen som har oppst\u00e5tt er internasjonale hendelser, med blant annet krig i Europa som det er vanskelig for en kommune \u00e5 gj\u00f8re noe med, sier Frank som minner om hvilken viktig rolle frivilligheten i T\u00f8nsberg spiller ogs\u00e5 p\u00e5 dette omr\u00e5det.<\/p>\n\n\n\n<h2 class=\"wp-block-heading\">Hvordan kan avgiftene i T\u00f8nsberg holdes under kontroll?<\/h2>\n\n\n\n<p><em>Neste \u00e5r skal vi betale 3600 kroner mer i vann- og kloakkavgift. 900 kroner mer p\u00e5 kvartals-regningen? En formidabel regning? Finnes det noen beredskap for de som ikke makter dette p\u00e5slaget?<\/em><\/p>\n\n\n\n<p>\u2013 Bakgrunnen for kostnads\u00f8kningen er \u00f8kte kostnader for vann og avl\u00f8p blant annet fordi det er gjort store investeringer i infrastrukturen som var n\u00f8dvendig for \u00e5 opprettholde en god beredskap og sikker leveranse av vann og avl\u00f8p i \u00e5rene som kommer. I tillegg er det h\u00f8yrere energipriser og h\u00f8yere renter som bidrar til denne \u00f8kningen. Kommunestyre bevilget nettopp et l\u00e5n fra disposisjonsfondet for \u00e5 dempe effekten av den store pris\u00f8kningen.\u00a0<\/p>\n\n\n\n<p>\u2013 For dem som har behov for mer forutsigbarhet i forhold til \u00f8konomien, s\u00e5 g\u00e5r det an \u00e5 bli fakturert for de kommunale avgiftene hver m\u00e5ned istedenfor \u00e5 m\u00e5tte betale et stort bel\u00f8p hver tredje m\u00e5ned, sier Frank og presisere at de kommunale avgiftene baserer seg p\u00e5 selvkost, det vil si at innbyggerne kun betaler det det koster for kommunen \u00e5 levere tjenesten, understreker Frank Pedersen.<\/p>\n\n\n<div class=\"tags\">\n\t\t<div class=\"wp-block-tag-cloud\">\n\t\t\t\t\t<a href=\"https:\/\/hoyre.no\/tonsberg\/aktuelt\/tag\/frank-pedersen\/\" class=\"tag-cloud-link\">frank pedersen<\/a>\n\t\t\t<\/div>\n\t<\/div>\n<div class=\"post-footer alignfull has-background block-editor-block-list__block\" data-align=full>\n\t<div class=\"post-footer-inner\">\n\t\t<h3>Relaterte artikler<\/h3>\n\t\t<div class=\"related-content\"><div class=\"is-card-hoyre\">\n\t<div class=\"teft-card hoyre-teft-card post-teft-card\">\n\t\t<a href=\"https:\/\/hoyre.no\/tonsberg\/aktuelt\/vi-ma-skape-for-a-kunne-dele\/\" class=\"teft-card__primary-action\">\n\n\t\t\t\t\t<div class=\"teft-card__media teft-card__media--16-9\">\n\t\t\t\t\t\t<img loading=\"lazy\" decoding=\"async\" width=\"768\" height=\"576\" src=\"https:\/\/hoyre.no\/content\/uploads\/sites\/353\/2026\/04\/Frank-og-Jill-768x576.jpg\" class=\"attachment-medium_large size-medium_large\" alt=\"Frank Pedersen og Jill Eirin Undem. Foto: H\u00f8yre\" srcset=\"https:\/\/hoyre.no\/content\/uploads\/sites\/353\/2026\/04\/Frank-og-Jill-768x576.jpg 768w, https:\/\/hoyre.no\/content\/uploads\/sites\/353\/2026\/04\/Frank-og-Jill-300x225.jpg 300w, https:\/\/hoyre.no\/content\/uploads\/sites\/353\/2026\/04\/Frank-og-Jill.jpg 1024w\" sizes=\"auto, (max-width: 768px) 100vw, 768px\" \/>\t\t<\/div>\n\t\t\n\t\t\t<div class=\"teft-card__content-wrapper\">\n\t\t\t\t<div class=\"teft-card__secondary\">\n\t\t\t\t\t\n\t\t\t\t\t\t\t\t<div class=\"teft-card__meta\">\n\t\t\t\t\t\t\t\t\t<span class=\"post-date\">8. apr 2026<\/span>\n\n\t\t\t\t\t\t\t\t\t<span class=\"post-category\">Lokalt n\u00e6ringsliv<\/span>\t\t\t\t\t\t\t\t<\/div>\n\t\t\t\t\t\t\t\t\t\t\t<\/div>\n\n\t\t\t\t<div class=\"teft-card__primary\">\n\t\t\t\t\t<h2 class=\"teft-card__title\">Vi m\u00e5 skape for \u00e5 kunne dele&nbsp;<span class=\"teft-card__primary-title-append\"><\/span><\/h2>\t\t\t\t<\/div>\n\t\t\t<\/div>\n\t\t<\/a>\n\t<\/div>\n\n\t<\/div><div class=\"is-card-hoyre\">\n\t<div class=\"teft-card hoyre-teft-card post-teft-card\">\n\t\t<a href=\"https:\/\/hoyre.no\/tonsberg\/aktuelt\/fagfrokost\/\" class=\"teft-card__primary-action\">\n\n\t\t\t\t\t<div class=\"teft-card__media teft-card__media--16-9\">\n\t\t\t\t\t\t<img loading=\"lazy\" decoding=\"async\" width=\"640\" height=\"480\" src=\"https:\/\/hoyre.no\/content\/uploads\/sites\/353\/2024\/11\/IMG_5221.jpg\" class=\"attachment-medium_large size-medium_large\" alt=\"\" srcset=\"https:\/\/hoyre.no\/content\/uploads\/sites\/353\/2024\/11\/IMG_5221.jpg 640w, https:\/\/hoyre.no\/content\/uploads\/sites\/353\/2024\/11\/IMG_5221-300x225.jpg 300w\" sizes=\"auto, (max-width: 640px) 100vw, 640px\" \/>\t\t<\/div>\n\t\t\n\t\t\t<div class=\"teft-card__content-wrapper\">\n\t\t\t\t<div class=\"teft-card__secondary\">\n\t\t\t\t\t\n\t\t\t\t\t\t\t\t<div class=\"teft-card__meta\">\n\t\t\t\t\t\t\t\t\t<span class=\"post-date\">27. nov 2024<\/span>\n\n\t\t\t\t\t\t\t\t\t\t\t\t\t\t\t\t\t<\/div>\n\t\t\t\t\t\t\t\t\t\t\t<\/div>\n\n\t\t\t\t<div class=\"teft-card__primary\">\n\t\t\t\t\t<h2 class=\"teft-card__title\">Fagfrokost&nbsp;<span class=\"teft-card__primary-title-append\"><\/span><\/h2>\t\t\t\t<\/div>\n\t\t\t<\/div>\n\t\t<\/a>\n\t<\/div>\n\n\t<\/div><div class=\"is-card-hoyre\">\n\t<div class=\"teft-card hoyre-teft-card post-teft-card\">\n\t\t<a href=\"https:\/\/hoyre.no\/tonsberg\/aktuelt\/provenominasjon-resultat\/\" class=\"teft-card__primary-action\">\n\n\t\t\t\t\t<div class=\"teft-card__media teft-card__media--16-9\">\n\t\t\t\t\t\t<img loading=\"lazy\" decoding=\"async\" width=\"768\" height=\"344\" src=\"https:\/\/hoyre.no\/content\/uploads\/sites\/353\/2024\/09\/Stortingssalen-768x344.jpg\" class=\"attachment-medium_large size-medium_large\" alt=\"\" srcset=\"https:\/\/hoyre.no\/content\/uploads\/sites\/353\/2024\/09\/Stortingssalen-768x344.jpg 768w, https:\/\/hoyre.no\/content\/uploads\/sites\/353\/2024\/09\/Stortingssalen-300x134.jpg 300w, https:\/\/hoyre.no\/content\/uploads\/sites\/353\/2024\/09\/Stortingssalen-1024x459.jpg 1024w, https:\/\/hoyre.no\/content\/uploads\/sites\/353\/2024\/09\/Stortingssalen-1536x688.jpg 1536w, https:\/\/hoyre.no\/content\/uploads\/sites\/353\/2024\/09\/Stortingssalen-2048x918.jpg 2048w\" sizes=\"auto, (max-width: 768px) 100vw, 768px\" \/>\t\t<\/div>\n\t\t\n\t\t\t<div class=\"teft-card__content-wrapper\">\n\t\t\t\t<div class=\"teft-card__secondary\">\n\t\t\t\t\t\n\t\t\t\t\t\t\t\t<div class=\"teft-card__meta\">\n\t\t\t\t\t\t\t\t\t<span class=\"post-date\">16. sep 2024<\/span>\n\n\t\t\t\t\t\t\t\t\t\t\t\t\t\t\t\t\t<\/div>\n\t\t\t\t\t\t\t\t\t\t\t<\/div>\n\n\t\t\t\t<div class=\"teft-card__primary\">\n\t\t\t\t\t<h2 class=\"teft-card__title\">Pr\u00f8venominasjon resultat&nbsp;<span class=\"teft-card__primary-title-append\"><\/span><\/h2>\t\t\t\t<\/div>\n\t\t\t<\/div>\n\t\t<\/a>\n\t<\/div>\n\n\t<\/div><\/div>\t<\/div>\n<\/div>\n","protected":false},"excerpt":{"rendered":"","protected":false},"author":14966,"featured_media":0,"comment_status":"closed","ping_status":"closed","sticky":false,"template":"","format":"standard","meta":{"teft_cards_image_url":"","teft_cards_custom_pretitle":"","teft_cards_image_id":1231,"teft_cards_image_focal_point_x":0.5,"teft_cards_image_focal_point_y":0.5,"teft_cards_title":"","teft_cards_excerpt":"","teft_show_chapters":false,"author_display_name":"Marit Haukom","footnotes":""},"category":[5],"post_tag":[16],"hoyre-visibility":[],"article-type":[],"politician":[],"class_list":["post-1230","post","type-post","status-publish","format-standard","hentry","category-tonsberg","tag-frank-pedersen"],"yoast_head":"<!-- This site is optimized with the Yoast SEO plugin v26.6 - https:\/\/yoast.com\/wordpress\/plugins\/seo\/ -->\n<title>H\u00f8yres ordf\u00f8rerkandidat Frank Pedersen: \u2013 T\u00f8nsberg trenger en politikk som setter mennesket foran systemet\ufffc - T\u00f8nsberg H\u00f8yre<\/title>\n<meta name=\"robots\" content=\"index, follow, max-snippet:-1, max-image-preview:large, max-video-preview:-1\" \/>\n<link rel=\"canonical\" href=\"https:\/\/hoyre.no\/tonsberg\/aktuelt\/hoyres-ordforerkandidat-frank-pedersen-tonsberg-trenger-en-politikk-som-setter-mennesket-foran-systemet\ufffc\/\" \/>\n<meta property=\"og:locale\" content=\"nb_NO\" \/>\n<meta property=\"og:type\" content=\"article\" \/>\n<meta property=\"og:title\" content=\"H\u00f8yres ordf\u00f8rerkandidat Frank Pedersen: \u2013 T\u00f8nsberg trenger en politikk som setter mennesket foran systemet\ufffc - T\u00f8nsberg H\u00f8yre\" \/>\n<meta property=\"og:url\" content=\"https:\/\/hoyre.no\/tonsberg\/aktuelt\/hoyres-ordforerkandidat-frank-pedersen-tonsberg-trenger-en-politikk-som-setter-mennesket-foran-systemet\ufffc\/\" \/>\n<meta property=\"og:site_name\" content=\"T\u00f8nsberg H\u00f8yre\" \/>\n<meta property=\"article:published_time\" content=\"2023-01-02T13:59:38+00:00\" \/>\n<meta property=\"article:modified_time\" content=\"2023-01-02T14:00:17+00:00\" \/>\n<meta property=\"og:image\" content=\"https:\/\/hoyre.no\/content\/uploads\/sites\/353\/2024\/09\/Stortingssalen-1024x459.jpg\" \/>\n<meta name=\"author\" content=\"Mathias Willassen Hanssen\" \/>\n<meta name=\"twitter:card\" content=\"summary_large_image\" \/>\n<meta name=\"twitter:label1\" content=\"Skrevet av\" \/>\n\t<meta name=\"twitter:data1\" content=\"Mathias Willassen Hanssen\" \/>\n\t<meta name=\"twitter:label2\" content=\"Ansl. lesetid\" \/>\n\t<meta name=\"twitter:data2\" content=\"11 minutter\" \/>\n<script type=\"application\/ld+json\" class=\"yoast-schema-graph\">{\"@context\":\"https:\/\/schema.org\",\"@graph\":[{\"@type\":\"NewsArticle\",\"@id\":\"https:\/\/hoyre.no\/tonsberg\/aktuelt\/hoyres-ordforerkandidat-frank-pedersen-tonsberg-trenger-en-politikk-som-setter-mennesket-foran-systemet%ef%bf%bc\/\",\"url\":\"https:\/\/hoyre.no\/tonsberg\/aktuelt\/hoyres-ordforerkandidat-frank-pedersen-tonsberg-trenger-en-politikk-som-setter-mennesket-foran-systemet%ef%bf%bc\/\",\"name\":\"H\u00f8yres ordf\u00f8rerkandidat Frank Pedersen: \u2013 T\u00f8nsberg trenger en politikk som setter mennesket foran systemet\ufffc - T\u00f8nsberg H\u00f8yre\",\"isPartOf\":{\"@id\":\"https:\/\/hoyre.no\/tonsberg\/#website\"},\"datePublished\":\"2023-01-02T13:59:38+00:00\",\"dateModified\":\"2023-01-02T14:00:17+00:00\",\"author\":{\"@id\":\"https:\/\/hoyre.no\/tonsberg\/#\/schema\/person\/5b9a64e7dac21e844b7b117f5bef5469\"},\"breadcrumb\":{\"@id\":\"https:\/\/hoyre.no\/tonsberg\/aktuelt\/hoyres-ordforerkandidat-frank-pedersen-tonsberg-trenger-en-politikk-som-setter-mennesket-foran-systemet%ef%bf%bc\/#breadcrumb\"},\"inLanguage\":\"nb-NO\",\"potentialAction\":[{\"@type\":\"ReadAction\",\"target\":[\"https:\/\/hoyre.no\/tonsberg\/aktuelt\/hoyres-ordforerkandidat-frank-pedersen-tonsberg-trenger-en-politikk-som-setter-mennesket-foran-systemet%ef%bf%bc\/\"]}]},{\"@type\":\"BreadcrumbList\",\"@id\":\"https:\/\/hoyre.no\/tonsberg\/aktuelt\/hoyres-ordforerkandidat-frank-pedersen-tonsberg-trenger-en-politikk-som-setter-mennesket-foran-systemet%ef%bf%bc\/#breadcrumb\",\"itemListElement\":[{\"@type\":\"ListItem\",\"position\":1,\"name\":\"Til hoyre.no\",\"item\":\"https:\/\/hoyre.no\"},{\"@type\":\"ListItem\",\"position\":2,\"name\":\"Hjem\",\"item\":\"https:\/\/hoyre.no\/tonsberg\/\"},{\"@type\":\"ListItem\",\"position\":3,\"name\":\"H\u00f8yres ordf\u00f8rerkandidat Frank Pedersen: \u2013 T\u00f8nsberg trenger en politikk som setter mennesket foran systemet\ufffc\"}]},{\"@type\":\"WebSite\",\"@id\":\"https:\/\/hoyre.no\/tonsberg\/#website\",\"url\":\"https:\/\/hoyre.no\/tonsberg\/\",\"name\":\"T\u00f8nsberg H\u00f8yre\",\"description\":\"Bare enda et H\u00f8yres nettsteder-nettsted\",\"inLanguage\":\"nb-NO\"},{\"@type\":\"Person\",\"@id\":\"https:\/\/hoyre.no\/tonsberg\/#\/schema\/person\/5b9a64e7dac21e844b7b117f5bef5469\",\"name\":\"Mathias Willassen Hanssen\",\"image\":{\"@type\":\"ImageObject\",\"inLanguage\":\"nb-NO\",\"@id\":\"https:\/\/hoyre.no\/tonsberg\/#\/schema\/person\/image\/\",\"url\":\"https:\/\/secure.gravatar.com\/avatar\/3aa074e26e66110fb42e1b643153d53e3622b92c0f7667ce64f42e19ac9342e5?s=96&d=mm&r=g\",\"contentUrl\":\"https:\/\/secure.gravatar.com\/avatar\/3aa074e26e66110fb42e1b643153d53e3622b92c0f7667ce64f42e19ac9342e5?s=96&d=mm&r=g\",\"caption\":\"Mathias Willassen Hanssen\"},\"url\":\"https:\/\/hoyre.no\/tonsberg\/aktuelt\/author\/m51844959\/\"}]}<\/script>\n<!-- \/ Yoast SEO plugin. -->","yoast_head_json":{"title":"H\u00f8yres ordf\u00f8rerkandidat Frank Pedersen: \u2013 T\u00f8nsberg trenger en politikk som setter mennesket foran systemet\ufffc - T\u00f8nsberg H\u00f8yre","robots":{"index":"index","follow":"follow","max-snippet":"max-snippet:-1","max-image-preview":"max-image-preview:large","max-video-preview":"max-video-preview:-1"},"canonical":"https:\/\/hoyre.no\/tonsberg\/aktuelt\/hoyres-ordforerkandidat-frank-pedersen-tonsberg-trenger-en-politikk-som-setter-mennesket-foran-systemet\ufffc\/","og_locale":"nb_NO","og_type":"article","og_title":"H\u00f8yres ordf\u00f8rerkandidat Frank Pedersen: \u2013 T\u00f8nsberg trenger en politikk som setter mennesket foran systemet\ufffc - T\u00f8nsberg H\u00f8yre","og_url":"https:\/\/hoyre.no\/tonsberg\/aktuelt\/hoyres-ordforerkandidat-frank-pedersen-tonsberg-trenger-en-politikk-som-setter-mennesket-foran-systemet\ufffc\/","og_site_name":"T\u00f8nsberg H\u00f8yre","article_published_time":"2023-01-02T13:59:38+00:00","article_modified_time":"2023-01-02T14:00:17+00:00","og_image":[{"url":"https:\/\/hoyre.no\/content\/uploads\/sites\/353\/2024\/09\/Stortingssalen-1024x459.jpg","width":"","height":"","type":""}],"author":"Mathias Willassen Hanssen","twitter_card":"summary_large_image","twitter_misc":{"Skrevet av":"Mathias Willassen Hanssen","Ansl. lesetid":"11 minutter"},"schema":{"@context":"https:\/\/schema.org","@graph":[{"@type":"NewsArticle","@id":"https:\/\/hoyre.no\/tonsberg\/aktuelt\/hoyres-ordforerkandidat-frank-pedersen-tonsberg-trenger-en-politikk-som-setter-mennesket-foran-systemet%ef%bf%bc\/","url":"https:\/\/hoyre.no\/tonsberg\/aktuelt\/hoyres-ordforerkandidat-frank-pedersen-tonsberg-trenger-en-politikk-som-setter-mennesket-foran-systemet%ef%bf%bc\/","name":"H\u00f8yres ordf\u00f8rerkandidat Frank Pedersen: \u2013 T\u00f8nsberg trenger en politikk som setter mennesket foran systemet\ufffc - T\u00f8nsberg H\u00f8yre","isPartOf":{"@id":"https:\/\/hoyre.no\/tonsberg\/#website"},"datePublished":"2023-01-02T13:59:38+00:00","dateModified":"2023-01-02T14:00:17+00:00","author":{"@id":"https:\/\/hoyre.no\/tonsberg\/#\/schema\/person\/5b9a64e7dac21e844b7b117f5bef5469"},"breadcrumb":{"@id":"https:\/\/hoyre.no\/tonsberg\/aktuelt\/hoyres-ordforerkandidat-frank-pedersen-tonsberg-trenger-en-politikk-som-setter-mennesket-foran-systemet%ef%bf%bc\/#breadcrumb"},"inLanguage":"nb-NO","potentialAction":[{"@type":"ReadAction","target":["https:\/\/hoyre.no\/tonsberg\/aktuelt\/hoyres-ordforerkandidat-frank-pedersen-tonsberg-trenger-en-politikk-som-setter-mennesket-foran-systemet%ef%bf%bc\/"]}]},{"@type":"BreadcrumbList","@id":"https:\/\/hoyre.no\/tonsberg\/aktuelt\/hoyres-ordforerkandidat-frank-pedersen-tonsberg-trenger-en-politikk-som-setter-mennesket-foran-systemet%ef%bf%bc\/#breadcrumb","itemListElement":[{"@type":"ListItem","position":1,"name":"Til hoyre.no","item":"https:\/\/hoyre.no"},{"@type":"ListItem","position":2,"name":"Hjem","item":"https:\/\/hoyre.no\/tonsberg\/"},{"@type":"ListItem","position":3,"name":"H\u00f8yres ordf\u00f8rerkandidat Frank Pedersen: \u2013 T\u00f8nsberg trenger en politikk som setter mennesket foran systemet\ufffc"}]},{"@type":"WebSite","@id":"https:\/\/hoyre.no\/tonsberg\/#website","url":"https:\/\/hoyre.no\/tonsberg\/","name":"T\u00f8nsberg H\u00f8yre","description":"Bare enda et H\u00f8yres nettsteder-nettsted","inLanguage":"nb-NO"},{"@type":"Person","@id":"https:\/\/hoyre.no\/tonsberg\/#\/schema\/person\/5b9a64e7dac21e844b7b117f5bef5469","name":"Mathias Willassen Hanssen","image":{"@type":"ImageObject","inLanguage":"nb-NO","@id":"https:\/\/hoyre.no\/tonsberg\/#\/schema\/person\/image\/","url":"https:\/\/secure.gravatar.com\/avatar\/3aa074e26e66110fb42e1b643153d53e3622b92c0f7667ce64f42e19ac9342e5?s=96&d=mm&r=g","contentUrl":"https:\/\/secure.gravatar.com\/avatar\/3aa074e26e66110fb42e1b643153d53e3622b92c0f7667ce64f42e19ac9342e5?s=96&d=mm&r=g","caption":"Mathias Willassen Hanssen"},"url":"https:\/\/hoyre.no\/tonsberg\/aktuelt\/author\/m51844959\/"}]}},"distributor_meta":false,"distributor_terms":false,"distributor_media":false,"distributor_original_site_name":"T\u00f8nsberg H\u00f8yre","distributor_original_site_url":"https:\/\/hoyre.no\/tonsberg","push-errors":false,"_links":{"self":[{"href":"https:\/\/hoyre.no\/tonsberg\/wp-json\/wp\/v2\/posts\/1230","targetHints":{"allow":["GET"]}}],"collection":[{"href":"https:\/\/hoyre.no\/tonsberg\/wp-json\/wp\/v2\/posts"}],"about":[{"href":"https:\/\/hoyre.no\/tonsberg\/wp-json\/wp\/v2\/types\/post"}],"author":[{"embeddable":true,"href":"https:\/\/hoyre.no\/tonsberg\/wp-json\/wp\/v2\/users\/14966"}],"replies":[{"embeddable":true,"href":"https:\/\/hoyre.no\/tonsberg\/wp-json\/wp\/v2\/comments?post=1230"}],"version-history":[{"count":3,"href":"https:\/\/hoyre.no\/tonsberg\/wp-json\/wp\/v2\/posts\/1230\/revisions"}],"predecessor-version":[{"id":1234,"href":"https:\/\/hoyre.no\/tonsberg\/wp-json\/wp\/v2\/posts\/1230\/revisions\/1234"}],"wp:attachment":[{"href":"https:\/\/hoyre.no\/tonsberg\/wp-json\/wp\/v2\/media?parent=1230"}],"wp:term":[{"taxonomy":"category","embeddable":true,"href":"https:\/\/hoyre.no\/tonsberg\/wp-json\/wp\/v2\/category?post=1230"},{"taxonomy":"post_tag","embeddable":true,"href":"https:\/\/hoyre.no\/tonsberg\/wp-json\/wp\/v2\/post_tag?post=1230"},{"taxonomy":"hoyre-visibility","embeddable":true,"href":"https:\/\/hoyre.no\/tonsberg\/wp-json\/wp\/v2\/hoyre-visibility?post=1230"},{"taxonomy":"article-type","embeddable":true,"href":"https:\/\/hoyre.no\/tonsberg\/wp-json\/wp\/v2\/article-type?post=1230"},{"taxonomy":"politician","embeddable":true,"href":"https:\/\/hoyre.no\/tonsberg\/wp-json\/wp\/v2\/politician?post=1230"}],"curies":[{"name":"wp","href":"https:\/\/api.w.org\/{rel}","templated":true}]}}