{"id":1620,"date":"2024-11-27T21:13:17","date_gmt":"2024-11-27T20:13:17","guid":{"rendered":"https:\/\/hoyre.no\/tonsberg\/?p=1620"},"modified":"2024-11-27T21:13:18","modified_gmt":"2024-11-27T20:13:18","slug":"fagfrokost","status":"publish","type":"post","link":"https:\/\/hoyre.no\/tonsberg\/aktuelt\/fagfrokost\/","title":{"rendered":"Fagfrokost"},"content":{"rendered":"\n<p class=\"preamble\">Tirsdag 26. november inviterte Kirkens Bymisjon i samarbeid med T\u00f8nsberg kommune og NAV til Fagfrokost i bymisjonens lokaler i Halfdan Wilhelmsens all\u00e9 1B. Temaet var utfordringer og muligheter innenfor det boligsosiale feltet i T\u00f8nsberg.<\/p>\t\t\t<div class=\"post-meta wp-block teft-byline-wrapper\">\n\t\t\t\t<div class=\"top\">\n\t\t\t\t\t<div class=\"signature\">\n\t\t\t\t\t\t<div class=\"teft-byline\">\n\t\t\t\t\t\t\t\t\t\t\t\t\t\t<div>\n\t\t\t\t\t\t\t\t<h3>H\u00f8yres redaksjon<\/h3>\t\t\t\t\t\t\t\t\n\t\t\t\t\t\t\t\t\t\t\t\t\t\t\t\t\t<span class=\"date\">Sist oppdatert: 27. november 2024<\/span>\n\t\t\t\t\t\t\t\t\t\t\t\t\t\t\t\t\t\t\t\t\t\t\t\t\t<span class=\"reading-time\" itemprop=\"timeRequired\" content=\"PT3M\"><em>Ca. 3 minutter lesetid<\/em><\/span>\n\t\t\t\t\t\t\t\t\t\t\t\t\t\t\t<\/div>\n\t\t\t\t\t\t<\/div>\n\t\t\t\t\t<\/div>\n\t\t\t\t\t\t<div class=\"sharing\">\n\t\t<a class=\"share-button share-link copy-link\" data-copy=\"https:\/\/hoyre.no\/tonsberg\/aktuelt\/fagfrokost\/\" target=\"_blank\"><span class=\"screen-reader-text\">Del link<\/span><\/a>\n\t\t<a class=\"share-button share-twitter\" href=\"http:\/\/twitter.com\/share?text=Fagfrokost&#038;url=https:\/\/hoyre.no\/tonsberg\/aktuelt\/fagfrokost\/&#038;hashtags=Hoyre\" target=\"_blank\"><span class=\"screen-reader-text\">Del p\u00e5 twitter<\/span><\/a>\n\t\t<a class=\"share-button share-facebook\" href=\"https:\/\/www.facebook.com\/sharer\/sharer.php?u=https:\/\/hoyre.no\/tonsberg\/aktuelt\/fagfrokost\/\" target=\"_blank\"><span class=\"screen-reader-text\">Del p\u00e5 facebook<\/span><\/a>\n\t<\/div>\n\t\t\t\t\t<\/div>\n\t\t\t<\/div>\n\n\t\t\t<figure class=\"hoyre-image-wrapper\"><div class=\"hoyre-image\"><img loading=\"lazy\" decoding=\"async\" width=\"640\" height=\"480\" src=\"https:\/\/hoyre.no\/content\/uploads\/sites\/353\/2024\/11\/IMG_5221.jpg\" class=\"attachment-scaled size-scaled\" alt=\"\" style=\"object-position: 50% 50%\" srcset=\"https:\/\/hoyre.no\/content\/uploads\/sites\/353\/2024\/11\/IMG_5221.jpg 640w, https:\/\/hoyre.no\/content\/uploads\/sites\/353\/2024\/11\/IMG_5221-300x225.jpg 300w\" sizes=\"auto, (max-width: 640px) 100vw, 640px\" \/><\/div><figcaption class=\"caption\">Bildet fra venstre: Dag \u00d8stby, Juliane Herzog fra Kirkens Bymisjon, Anette S\u00f8rum, Lars<br>Sollie (H), Benedicte Brekke, Marit \u00d8deg\u00e5rden, Henning Wold (H) og Erik Bjune.<\/figcaption><\/figure>\n\n\n\n\n<p>Det var mange som var interesserte, og det kom representanter fra flere tjenesteenheter i kommunen. Og blant de inviterte var ogs\u00e5 Frelsesarmeen, F\u00e6rder kommune og noen politikere fra T\u00f8nsberg kommune for \u00e5 nevne noen. <\/p>\n\n\n\n<p>Dag \u00d8stby, som er leder for samfunn og utvikling Region S\u00f8r i Kirkens Bymisjon, ledet et fagpanel som bestod av Benedicte Brekke fra Tildelingskontoret i kommunen, Anette S\u00f8rum fra Bo-team i Kirkens Bymisjon, Erik Johan Bjune som arbeider med boligsosiale virkemidler i T\u00f8nsberg Kommunale Eiendom (TKE) og Marit \u00d8deg\u00e5rden fra NAV T\u00f8nsberg.<br><\/p>\n\n\n\n<p>Et av temaene som ble dr\u00f8ftet, var utfordringene knyttet til lavinntektsfamilier og mangel p\u00e5 bolig, b\u00e5de p\u00e5 det private og i det kommunale boligmarkedet. Det har i \u00e5r v\u00e6rt en \u00f8kende andel barnefamilier i k\u00f8 for \u00e5 f\u00e5 kommunal bolig. Utfordringen er at det er f\u00e5 kommunale boliger som er av den st\u00f8rrelsen som noen av disse familiene trenger. <\/p>\n\n\n\n<p>Bo-team opplever ogs\u00e5 \u00e5 f\u00e5 mange henvendelser fra barnefamilier der huseier skal selge eller benytte boligen selv. Familien f\u00e5r p\u00e5 bakgrunn av dette oppsigelse. Husleieprisene er h\u00f8ye, og det er mange p\u00e5 visninger. Utleier er da i posisjon til \u00e5 stille h\u00f8ye krav til leietager, og brukerne blir lett taperne p\u00e5 utleiemarkedet. Familier som er i god stand til \u00e5 forvalte en privat utleiebolig, havner derfor p\u00e5 listen over s\u00f8kere til kommunal bolig.<\/p>\n\n\n\n<p><br>Boligsituasjonen til de som har utfordringer knyttet til rus og psykisk helse, ble ogs\u00e5 dr\u00f8ftet. Det er en utfordring at T\u00f8nsberg kommune per i dag ikke har nok egnede botilbud til denne gruppen. Kommunen kj\u00f8per 23 plasser i Farmannshjemmet, som drives av Frelsesarmeen, og har egne botilbud i Stoltenbergs gate 24, men mangler et tilbud midt imellom. Det oppleves at mange med ROP (rus og\/eller psykiatri)-lidelser \u00abrullerer\u00bb i systemet, og at det er vanskelig \u00e5 finne gode l\u00f8sninger for denne gruppa.<\/p>\n\n\n\n<p><br>Det er ingen tvil om at kommunen har betydelige utfordringer n\u00e5r det gjelder \u00e5 bosette ulike marginaliserte grupper i tillegg til de flyktninger vi tar imot via IMDI. Og her m\u00e5 kommunen spille p\u00e5 lag med b\u00e5de ideelle og private akt\u00f8rer for \u00e5 l\u00f8se utfordringene, og dette m\u00f8tet \u00f8kte definitivt kunnskapsniv\u00e5et til deltakerne om dette viktige temaet. <\/p>\n\n\n\n<p>Det var en meget interessant og l\u00e6rerik samtale om de boligsosiale utfordringene kommunen st\u00e5r overfor, og det er ingen tvil om at det arbeides meget godt og bredt med dette viktige sp\u00f8rsm\u00e5let i v\u00e5r kommune.<br><\/p>\n\n\n\n<p>Vi takker for en hyggelig fagfrokost med god stemning og deilig frokost, og for at man l\u00f8ftet og belyste de boligsosiale utfordringene vi ser i kommunen.<\/p>\n\n\n\n<p><br>Sammen kan vi finne gode l\u00f8sninger for fremtiden.<\/p>\n\n\n<div class=\"tags\">\n\t<\/div>\n<div class=\"post-footer alignfull has-background block-editor-block-list__block\" data-align=full>\n\t<div class=\"post-footer-inner\">\n\t\t<h3>Relaterte artikler<\/h3>\n\t\t<div class=\"related-content\"><div class=\"is-card-hoyre\">\n\t<div class=\"teft-card hoyre-teft-card post-teft-card\">\n\t\t<a href=\"https:\/\/hoyre.no\/tonsberg\/aktuelt\/vi-ma-skape-for-a-kunne-dele\/\" class=\"teft-card__primary-action\">\n\n\t\t\t\t\t<div class=\"teft-card__media teft-card__media--16-9\">\n\t\t\t\t\t\t<img loading=\"lazy\" decoding=\"async\" width=\"768\" height=\"576\" src=\"https:\/\/hoyre.no\/content\/uploads\/sites\/353\/2026\/04\/Frank-og-Jill-768x576.jpg\" class=\"attachment-medium_large size-medium_large\" alt=\"Frank Pedersen og Jill Eirin Undem. Foto: H\u00f8yre\" srcset=\"https:\/\/hoyre.no\/content\/uploads\/sites\/353\/2026\/04\/Frank-og-Jill-768x576.jpg 768w, https:\/\/hoyre.no\/content\/uploads\/sites\/353\/2026\/04\/Frank-og-Jill-300x225.jpg 300w, https:\/\/hoyre.no\/content\/uploads\/sites\/353\/2026\/04\/Frank-og-Jill.jpg 1024w\" sizes=\"auto, (max-width: 768px) 100vw, 768px\" \/>\t\t<\/div>\n\t\t\n\t\t\t<div class=\"teft-card__content-wrapper\">\n\t\t\t\t<div class=\"teft-card__secondary\">\n\t\t\t\t\t\n\t\t\t\t\t\t\t\t<div class=\"teft-card__meta\">\n\t\t\t\t\t\t\t\t\t<span class=\"post-date\">8. apr 2026<\/span>\n\n\t\t\t\t\t\t\t\t\t<span class=\"post-category\">Lokalt n\u00e6ringsliv<\/span>\t\t\t\t\t\t\t\t<\/div>\n\t\t\t\t\t\t\t\t\t\t\t<\/div>\n\n\t\t\t\t<div class=\"teft-card__primary\">\n\t\t\t\t\t<h2 class=\"teft-card__title\">Vi m\u00e5 skape for \u00e5 kunne dele&nbsp;<span class=\"teft-card__primary-title-append\"><\/span><\/h2>\t\t\t\t<\/div>\n\t\t\t<\/div>\n\t\t<\/a>\n\t<\/div>\n\n\t<\/div><div class=\"is-card-hoyre\">\n\t<div class=\"teft-card hoyre-teft-card post-teft-card\">\n\t\t<a href=\"https:\/\/hoyre.no\/tonsberg\/aktuelt\/provenominasjon-resultat\/\" class=\"teft-card__primary-action\">\n\n\t\t\t\t\t<div class=\"teft-card__media teft-card__media--16-9\">\n\t\t\t\t\t\t<img loading=\"lazy\" decoding=\"async\" width=\"768\" height=\"344\" src=\"https:\/\/hoyre.no\/content\/uploads\/sites\/353\/2024\/09\/Stortingssalen-768x344.jpg\" class=\"attachment-medium_large size-medium_large\" alt=\"\" srcset=\"https:\/\/hoyre.no\/content\/uploads\/sites\/353\/2024\/09\/Stortingssalen-768x344.jpg 768w, https:\/\/hoyre.no\/content\/uploads\/sites\/353\/2024\/09\/Stortingssalen-300x134.jpg 300w, https:\/\/hoyre.no\/content\/uploads\/sites\/353\/2024\/09\/Stortingssalen-1024x459.jpg 1024w, https:\/\/hoyre.no\/content\/uploads\/sites\/353\/2024\/09\/Stortingssalen-1536x688.jpg 1536w, https:\/\/hoyre.no\/content\/uploads\/sites\/353\/2024\/09\/Stortingssalen-2048x918.jpg 2048w\" sizes=\"auto, (max-width: 768px) 100vw, 768px\" \/>\t\t<\/div>\n\t\t\n\t\t\t<div class=\"teft-card__content-wrapper\">\n\t\t\t\t<div class=\"teft-card__secondary\">\n\t\t\t\t\t\n\t\t\t\t\t\t\t\t<div class=\"teft-card__meta\">\n\t\t\t\t\t\t\t\t\t<span class=\"post-date\">16. sep 2024<\/span>\n\n\t\t\t\t\t\t\t\t\t\t\t\t\t\t\t\t\t<\/div>\n\t\t\t\t\t\t\t\t\t\t\t<\/div>\n\n\t\t\t\t<div class=\"teft-card__primary\">\n\t\t\t\t\t<h2 class=\"teft-card__title\">Pr\u00f8venominasjon resultat&nbsp;<span class=\"teft-card__primary-title-append\"><\/span><\/h2>\t\t\t\t<\/div>\n\t\t\t<\/div>\n\t\t<\/a>\n\t<\/div>\n\n\t<\/div><div class=\"is-card-hoyre\">\n\t<div class=\"teft-card hoyre-teft-card post-teft-card\">\n\t\t<a href=\"https:\/\/hoyre.no\/tonsberg\/aktuelt\/planinitiativ-kanalbredden\/\" class=\"teft-card__primary-action\">\n\n\t\t\t\t\t<div class=\"teft-card__media teft-card__media--16-9\">\n\t\t\t\t\t\t<img loading=\"lazy\" decoding=\"async\" width=\"768\" height=\"375\" src=\"https:\/\/hoyre.no\/content\/uploads\/sites\/353\/2024\/04\/Image-1-768x375.jpg\" class=\"attachment-medium_large size-medium_large\" alt=\"Kanalbredden\" srcset=\"https:\/\/hoyre.no\/content\/uploads\/sites\/353\/2024\/04\/Image-1-768x375.jpg 768w, https:\/\/hoyre.no\/content\/uploads\/sites\/353\/2024\/04\/Image-1-300x146.jpg 300w, https:\/\/hoyre.no\/content\/uploads\/sites\/353\/2024\/04\/Image-1-1024x500.jpg 1024w, https:\/\/hoyre.no\/content\/uploads\/sites\/353\/2024\/04\/Image-1.jpg 1201w\" sizes=\"auto, (max-width: 768px) 100vw, 768px\" \/>\t\t<\/div>\n\t\t\n\t\t\t<div class=\"teft-card__content-wrapper\">\n\t\t\t\t<div class=\"teft-card__secondary\">\n\t\t\t\t\t\n\t\t\t\t\t\t\t\t<div class=\"teft-card__meta\">\n\t\t\t\t\t\t\t\t\t<span class=\"post-date\">26. apr 2024<\/span>\n\n\t\t\t\t\t\t\t\t\t\t\t\t\t\t\t\t\t<\/div>\n\t\t\t\t\t\t\t\t\t\t\t<\/div>\n\n\t\t\t\t<div class=\"teft-card__primary\">\n\t\t\t\t\t<h2 class=\"teft-card__title\">Planinitiativ Kanalbredden&nbsp;<span class=\"teft-card__primary-title-append\"><\/span><\/h2>\t\t\t\t<\/div>\n\t\t\t<\/div>\n\t\t<\/a>\n\t<\/div>\n\n\t<\/div><\/div>\t<\/div>\n<\/div>\n","protected":false},"excerpt":{"rendered":"","protected":false},"author":38220,"featured_media":0,"comment_status":"closed","ping_status":"closed","sticky":false,"template":"","format":"standard","meta":{"teft_cards_image_url":"","teft_cards_custom_pretitle":"","teft_cards_image_id":1621,"teft_cards_image_focal_point_x":0.5,"teft_cards_image_focal_point_y":0.5,"teft_cards_title":"","teft_cards_excerpt":"","teft_show_chapters":false,"author_display_name":"","footnotes":""},"category":[1],"post_tag":[],"hoyre-visibility":[],"article-type":[],"politician":[],"class_list":["post-1620","post","type-post","status-publish","format-standard","hentry","category-ukategorisert"],"yoast_head":"<!-- This site is optimized with the Yoast SEO plugin v26.6 - https:\/\/yoast.com\/wordpress\/plugins\/seo\/ -->\n<title>Fagfrokost - T\u00f8nsberg H\u00f8yre<\/title>\n<meta name=\"robots\" content=\"index, follow, max-snippet:-1, max-image-preview:large, max-video-preview:-1\" \/>\n<link rel=\"canonical\" href=\"https:\/\/hoyre.no\/tonsberg\/aktuelt\/fagfrokost\/\" \/>\n<meta property=\"og:locale\" content=\"nb_NO\" \/>\n<meta property=\"og:type\" content=\"article\" \/>\n<meta property=\"og:title\" content=\"Fagfrokost - T\u00f8nsberg H\u00f8yre\" \/>\n<meta property=\"og:url\" content=\"https:\/\/hoyre.no\/tonsberg\/aktuelt\/fagfrokost\/\" \/>\n<meta property=\"og:site_name\" content=\"T\u00f8nsberg H\u00f8yre\" \/>\n<meta property=\"article:published_time\" content=\"2024-11-27T20:13:17+00:00\" \/>\n<meta property=\"article:modified_time\" content=\"2024-11-27T20:13:18+00:00\" \/>\n<meta property=\"og:image\" content=\"https:\/\/hoyre.no\/content\/uploads\/sites\/353\/2024\/04\/Image-1-1024x500.jpg\" \/>\n<meta name=\"author\" content=\"Pernille Lillevik Skovly\" \/>\n<meta name=\"twitter:card\" content=\"summary_large_image\" \/>\n<meta name=\"twitter:label1\" content=\"Skrevet av\" \/>\n\t<meta name=\"twitter:data1\" content=\"Pernille Lillevik Skovly\" \/>\n\t<meta name=\"twitter:label2\" content=\"Ansl. lesetid\" \/>\n\t<meta name=\"twitter:data2\" content=\"3 minutter\" \/>\n<script type=\"application\/ld+json\" class=\"yoast-schema-graph\">{\"@context\":\"https:\/\/schema.org\",\"@graph\":[{\"@type\":\"NewsArticle\",\"@id\":\"https:\/\/hoyre.no\/tonsberg\/aktuelt\/fagfrokost\/\",\"url\":\"https:\/\/hoyre.no\/tonsberg\/aktuelt\/fagfrokost\/\",\"name\":\"Fagfrokost - T\u00f8nsberg H\u00f8yre\",\"isPartOf\":{\"@id\":\"https:\/\/hoyre.no\/tonsberg\/#website\"},\"datePublished\":\"2024-11-27T20:13:17+00:00\",\"dateModified\":\"2024-11-27T20:13:18+00:00\",\"author\":{\"@id\":\"https:\/\/hoyre.no\/tonsberg\/#\/schema\/person\/b86ff9e0e0ea03a3d8e4cef919169882\"},\"breadcrumb\":{\"@id\":\"https:\/\/hoyre.no\/tonsberg\/aktuelt\/fagfrokost\/#breadcrumb\"},\"inLanguage\":\"nb-NO\",\"potentialAction\":[{\"@type\":\"ReadAction\",\"target\":[\"https:\/\/hoyre.no\/tonsberg\/aktuelt\/fagfrokost\/\"]}]},{\"@type\":\"BreadcrumbList\",\"@id\":\"https:\/\/hoyre.no\/tonsberg\/aktuelt\/fagfrokost\/#breadcrumb\",\"itemListElement\":[{\"@type\":\"ListItem\",\"position\":1,\"name\":\"Til hoyre.no\",\"item\":\"https:\/\/hoyre.no\"},{\"@type\":\"ListItem\",\"position\":2,\"name\":\"Hjem\",\"item\":\"https:\/\/hoyre.no\/tonsberg\/\"},{\"@type\":\"ListItem\",\"position\":3,\"name\":\"Fagfrokost\"}]},{\"@type\":\"WebSite\",\"@id\":\"https:\/\/hoyre.no\/tonsberg\/#website\",\"url\":\"https:\/\/hoyre.no\/tonsberg\/\",\"name\":\"T\u00f8nsberg H\u00f8yre\",\"description\":\"Bare enda et H\u00f8yres nettsteder-nettsted\",\"inLanguage\":\"nb-NO\"},{\"@type\":\"Person\",\"@id\":\"https:\/\/hoyre.no\/tonsberg\/#\/schema\/person\/b86ff9e0e0ea03a3d8e4cef919169882\",\"name\":\"Pernille Lillevik Skovly\",\"image\":{\"@type\":\"ImageObject\",\"inLanguage\":\"nb-NO\",\"@id\":\"https:\/\/hoyre.no\/tonsberg\/#\/schema\/person\/image\/\",\"url\":\"https:\/\/secure.gravatar.com\/avatar\/d510b98dcd7e5f856003ca8b7f539240f970daed4271408a034e6a3e8c5b1a2d?s=96&d=mm&r=g\",\"contentUrl\":\"https:\/\/secure.gravatar.com\/avatar\/d510b98dcd7e5f856003ca8b7f539240f970daed4271408a034e6a3e8c5b1a2d?s=96&d=mm&r=g\",\"caption\":\"Pernille Lillevik Skovly\"},\"url\":\"https:\/\/hoyre.no\/tonsberg\/aktuelt\/author\/m52179942\/\"}]}<\/script>\n<!-- \/ Yoast SEO plugin. -->","yoast_head_json":{"title":"Fagfrokost - T\u00f8nsberg H\u00f8yre","robots":{"index":"index","follow":"follow","max-snippet":"max-snippet:-1","max-image-preview":"max-image-preview:large","max-video-preview":"max-video-preview:-1"},"canonical":"https:\/\/hoyre.no\/tonsberg\/aktuelt\/fagfrokost\/","og_locale":"nb_NO","og_type":"article","og_title":"Fagfrokost - T\u00f8nsberg H\u00f8yre","og_url":"https:\/\/hoyre.no\/tonsberg\/aktuelt\/fagfrokost\/","og_site_name":"T\u00f8nsberg H\u00f8yre","article_published_time":"2024-11-27T20:13:17+00:00","article_modified_time":"2024-11-27T20:13:18+00:00","og_image":[{"url":"https:\/\/hoyre.no\/content\/uploads\/sites\/353\/2024\/04\/Image-1-1024x500.jpg","width":"","height":"","type":""}],"author":"Pernille Lillevik Skovly","twitter_card":"summary_large_image","twitter_misc":{"Skrevet av":"Pernille Lillevik Skovly","Ansl. lesetid":"3 minutter"},"schema":{"@context":"https:\/\/schema.org","@graph":[{"@type":"NewsArticle","@id":"https:\/\/hoyre.no\/tonsberg\/aktuelt\/fagfrokost\/","url":"https:\/\/hoyre.no\/tonsberg\/aktuelt\/fagfrokost\/","name":"Fagfrokost - T\u00f8nsberg H\u00f8yre","isPartOf":{"@id":"https:\/\/hoyre.no\/tonsberg\/#website"},"datePublished":"2024-11-27T20:13:17+00:00","dateModified":"2024-11-27T20:13:18+00:00","author":{"@id":"https:\/\/hoyre.no\/tonsberg\/#\/schema\/person\/b86ff9e0e0ea03a3d8e4cef919169882"},"breadcrumb":{"@id":"https:\/\/hoyre.no\/tonsberg\/aktuelt\/fagfrokost\/#breadcrumb"},"inLanguage":"nb-NO","potentialAction":[{"@type":"ReadAction","target":["https:\/\/hoyre.no\/tonsberg\/aktuelt\/fagfrokost\/"]}]},{"@type":"BreadcrumbList","@id":"https:\/\/hoyre.no\/tonsberg\/aktuelt\/fagfrokost\/#breadcrumb","itemListElement":[{"@type":"ListItem","position":1,"name":"Til hoyre.no","item":"https:\/\/hoyre.no"},{"@type":"ListItem","position":2,"name":"Hjem","item":"https:\/\/hoyre.no\/tonsberg\/"},{"@type":"ListItem","position":3,"name":"Fagfrokost"}]},{"@type":"WebSite","@id":"https:\/\/hoyre.no\/tonsberg\/#website","url":"https:\/\/hoyre.no\/tonsberg\/","name":"T\u00f8nsberg H\u00f8yre","description":"Bare enda et H\u00f8yres nettsteder-nettsted","inLanguage":"nb-NO"},{"@type":"Person","@id":"https:\/\/hoyre.no\/tonsberg\/#\/schema\/person\/b86ff9e0e0ea03a3d8e4cef919169882","name":"Pernille Lillevik Skovly","image":{"@type":"ImageObject","inLanguage":"nb-NO","@id":"https:\/\/hoyre.no\/tonsberg\/#\/schema\/person\/image\/","url":"https:\/\/secure.gravatar.com\/avatar\/d510b98dcd7e5f856003ca8b7f539240f970daed4271408a034e6a3e8c5b1a2d?s=96&d=mm&r=g","contentUrl":"https:\/\/secure.gravatar.com\/avatar\/d510b98dcd7e5f856003ca8b7f539240f970daed4271408a034e6a3e8c5b1a2d?s=96&d=mm&r=g","caption":"Pernille Lillevik Skovly"},"url":"https:\/\/hoyre.no\/tonsberg\/aktuelt\/author\/m52179942\/"}]}},"distributor_meta":false,"distributor_terms":false,"distributor_media":false,"distributor_original_site_name":"T\u00f8nsberg H\u00f8yre","distributor_original_site_url":"https:\/\/hoyre.no\/tonsberg","push-errors":false,"_links":{"self":[{"href":"https:\/\/hoyre.no\/tonsberg\/wp-json\/wp\/v2\/posts\/1620","targetHints":{"allow":["GET"]}}],"collection":[{"href":"https:\/\/hoyre.no\/tonsberg\/wp-json\/wp\/v2\/posts"}],"about":[{"href":"https:\/\/hoyre.no\/tonsberg\/wp-json\/wp\/v2\/types\/post"}],"author":[{"embeddable":true,"href":"https:\/\/hoyre.no\/tonsberg\/wp-json\/wp\/v2\/users\/38220"}],"replies":[{"embeddable":true,"href":"https:\/\/hoyre.no\/tonsberg\/wp-json\/wp\/v2\/comments?post=1620"}],"version-history":[{"count":1,"href":"https:\/\/hoyre.no\/tonsberg\/wp-json\/wp\/v2\/posts\/1620\/revisions"}],"predecessor-version":[{"id":1622,"href":"https:\/\/hoyre.no\/tonsberg\/wp-json\/wp\/v2\/posts\/1620\/revisions\/1622"}],"wp:attachment":[{"href":"https:\/\/hoyre.no\/tonsberg\/wp-json\/wp\/v2\/media?parent=1620"}],"wp:term":[{"taxonomy":"category","embeddable":true,"href":"https:\/\/hoyre.no\/tonsberg\/wp-json\/wp\/v2\/category?post=1620"},{"taxonomy":"post_tag","embeddable":true,"href":"https:\/\/hoyre.no\/tonsberg\/wp-json\/wp\/v2\/post_tag?post=1620"},{"taxonomy":"hoyre-visibility","embeddable":true,"href":"https:\/\/hoyre.no\/tonsberg\/wp-json\/wp\/v2\/hoyre-visibility?post=1620"},{"taxonomy":"article-type","embeddable":true,"href":"https:\/\/hoyre.no\/tonsberg\/wp-json\/wp\/v2\/article-type?post=1620"},{"taxonomy":"politician","embeddable":true,"href":"https:\/\/hoyre.no\/tonsberg\/wp-json\/wp\/v2\/politician?post=1620"}],"curies":[{"name":"wp","href":"https:\/\/api.w.org\/{rel}","templated":true}]}}