{"id":908,"date":"2021-12-08T17:14:12","date_gmt":"2021-12-08T16:14:12","guid":{"rendered":"https:\/\/hoyre.no\/tonsberg\/?p=908"},"modified":"2021-12-08T17:19:46","modified_gmt":"2021-12-08T16:19:46","slug":"hoyres-frank-pedersens-onsker-seg-stort-folkelig-engasjement","status":"publish","type":"post","link":"https:\/\/hoyre.no\/tonsberg\/aktuelt\/hoyres-frank-pedersens-onsker-seg-stort-folkelig-engasjement\/","title":{"rendered":"H\u00f8yres Frank Pedersens \u00f8nsker seg stort folkelig engasjement"},"content":{"rendered":"\n<p class=\"preamble\">Videreutvikling av T\u00f8nsberg sentrum samtidig som man sikrer helsefremmende, inkluderende og trygge lokalsamfunn. Dette er if\u00f8lge H\u00f8yres Frank Pedersen det viktigste \u00e5 ha fokus p\u00e5 n\u00e5r n\u00e5 planprogrammet til Kommuneplanens arealdel 2023-2035 n\u00e5 skal sendes ut p\u00e5 h\u00f8ring. Samtidig minnet han kommunestyrets medlemmer om betydningen av at innbyggerne n\u00e5 engasjerer seg i arbeidet med planforslaget.<\/p>\t\t\t<div class=\"post-meta wp-block teft-byline-wrapper\">\n\t\t\t\t<div class=\"top\">\n\t\t\t\t\t<div class=\"signature\">\n\t\t\t\t\t\t<div class=\"teft-byline\">\n\t\t\t\t\t\t\t\t\t\t\t\t\t\t<div>\n\t\t\t\t\t\t\t\t<h3>H\u00f8yres redaksjon<\/h3>\t\t\t\t\t\t\t\t\n\t\t\t\t\t\t\t\t\t\t\t\t\t\t\t\t\t<span class=\"date\">Sist oppdatert: 8. desember 2021<\/span>\n\t\t\t\t\t\t\t\t\t\t\t\t\t\t\t\t\t\t\t\t\t\t\t\t\t<span class=\"reading-time\" itemprop=\"timeRequired\" content=\"PT6M\"><em>Ca. 6 minutter lesetid<\/em><\/span>\n\t\t\t\t\t\t\t\t\t\t\t\t\t\t\t<\/div>\n\t\t\t\t\t\t<\/div>\n\t\t\t\t\t<\/div>\n\t\t\t\t\t\t<div class=\"sharing\">\n\t\t<a class=\"share-button share-link copy-link\" data-copy=\"https:\/\/hoyre.no\/tonsberg\/aktuelt\/hoyres-frank-pedersens-onsker-seg-stort-folkelig-engasjement\/\" target=\"_blank\"><span class=\"screen-reader-text\">Del link<\/span><\/a>\n\t\t<a class=\"share-button share-twitter\" href=\"http:\/\/twitter.com\/share?text=H\u00f8yres Frank Pedersens \u00f8nsker seg stort folkelig engasjement&#038;url=https:\/\/hoyre.no\/tonsberg\/aktuelt\/hoyres-frank-pedersens-onsker-seg-stort-folkelig-engasjement\/&#038;hashtags=Hoyre\" target=\"_blank\"><span class=\"screen-reader-text\">Del p\u00e5 twitter<\/span><\/a>\n\t\t<a class=\"share-button share-facebook\" href=\"https:\/\/www.facebook.com\/sharer\/sharer.php?u=https:\/\/hoyre.no\/tonsberg\/aktuelt\/hoyres-frank-pedersens-onsker-seg-stort-folkelig-engasjement\/\" target=\"_blank\"><span class=\"screen-reader-text\">Del p\u00e5 facebook<\/span><\/a>\n\t<\/div>\n\t\t\t\t\t<\/div>\n\t\t\t<\/div>\n\n\t\t\t<figure class=\"hoyre-image-wrapper\"><div class=\"hoyre-image\"><img loading=\"lazy\" decoding=\"async\" width=\"1257\" height=\"838\" src=\"https:\/\/hoyre.no\/content\/uploads\/sites\/353\/2021\/06\/IMG_8249.jpg\" class=\"attachment-scaled size-scaled\" alt=\"\" style=\"object-position: 50% 50%\" srcset=\"https:\/\/hoyre.no\/content\/uploads\/sites\/353\/2021\/06\/IMG_8249.jpg 1257w, https:\/\/hoyre.no\/content\/uploads\/sites\/353\/2021\/06\/IMG_8249-300x200.jpg 300w, https:\/\/hoyre.no\/content\/uploads\/sites\/353\/2021\/06\/IMG_8249-1024x683.jpg 1024w, https:\/\/hoyre.no\/content\/uploads\/sites\/353\/2021\/06\/IMG_8249-768x512.jpg 768w\" sizes=\"auto, (max-width: 1257px) 100vw, 1257px\" \/><\/div><figcaption class=\"caption\"><strong>KOM MED DINE INNSPILL:<\/strong> Frank Pedersen vil ha dine innspill. Foto: Marit Haukom.<\/figcaption><\/figure>\n\n\n\n\n<p><strong>Frank \u00f8nsker seg gode og varierte boomr\u00e5der som skal stimulere til aktivitet med n\u00e6rhet til turomr\u00e5der, sosiale m\u00f8teplasser og andre tjenester som man trenger i hverdagen. I tillegg er han opptatt av at T\u00f8nsberg sentrum utvikles som et attraktivt og urbant by- og regionsenter.<\/strong>&nbsp;<\/p>\n\n\n\n<p>-Vi skal v\u00e6re et naturlig knutepunkt for innbyggere, bes\u00f8kende og n\u00e6ringsliv med et mangfold av tilbud innen handel, arbeidsplasser, kultur \u2013 og tjenestetilbud, understreket Frank Pedersen under kommunestyrets behandling av saken p\u00e5 Teams i dag.<\/p>\n\n\n\n<p><\/p>\n\n\n\n<div class=\"wp-block-teft-factbox\"><div class=\"factbox-inner\"><div class=\"entry-content\"><h4 class=\"toggle\">Her kan du lese hele innlegget til Frank:<\/h4>\n<p>\u00abOrdf\u00f8rer<\/p>\n\n\n\n<p>Forslaget til planprogram er et godt gjennomarbeidet dokument som gir et grunnlag for en god prosess frem til endelig vedtak.<\/p>\n\n\n\n<p>Med blant annet strategiene:<\/p>\n\n\n\n<p>\u2022&nbsp;&nbsp;&nbsp;&nbsp;&nbsp;&nbsp;&nbsp;Klima og milj\u00f8vennlig vekst og utvikling<\/p>\n\n\n\n<p>\u2022&nbsp;&nbsp;&nbsp;&nbsp;&nbsp;&nbsp;&nbsp;Attraktivt og urbant by . og regionsenter<\/p>\n\n\n\n<p>\u2022&nbsp;&nbsp;&nbsp;&nbsp;&nbsp;&nbsp;&nbsp;Samarbeide med innbyggere, n\u00e6ringsliv, frivillighet<\/p>\n\n\n\n<p>gir dette et godt styringsverkt\u00f8y for utvikling av kommunen. Samarbeid, nytenkning, trygghet og b\u00e6rekraft er viktige momenter som vi m\u00e5 s\u00f8rge for at alle interessenter som blir involvert jobber etter. La oss h\u00e5pe at vi f\u00e5r et stort engasjement i h\u00f8ringsperiodene.<\/p>\n\n\n\n<p>Noe av det viktigst er \u00e5 ha fokus p\u00e5 helsefremmende, inkluderende og trygge lokalsamfunn. Det skal v\u00e6re gode og varierte boomr\u00e5der som skal stimulere til aktivitet med n\u00e6rhet til turomr\u00e5der, sosiale m\u00f8teplasser og andre tjenester som man trenger i hverdagen.<\/p>\n\n\n\n<p>Det er viktig \u00e5 videreutvikle T\u00f8nsberg sentrum som et attraktivt og urbant by- og regionsenter. Vi skal v\u00e6re et naturlig knutepunkt for innbyggere, bes\u00f8kende og n\u00e6ringsliv med et mangfold av tilbud innen handel, arbeidsplasser, kultur \u2013 og tjenestetilbud<\/p>\n\n\n\n<p>Det er estimert at vi blir ca 8000 flere innbyggere enn i 2021 (65 000 innbyggere)- Det som er verdt \u00e5 merke seg er at antall eldre over 67 \u00e5r vil \u00f8ke med 48% = 4 500 personer<\/p>\n\n\n\n<p>B\u00e6rekraftig arealbruk er god klimapolitikk. Det er viktig \u00e5 styrke by- og senterstrukturen ved prinsippet om at ny utbygging i hovedsak skjer gjennom fortetting, transformasjon og mer effektiv bruk av arealer.<\/p>\n\n\n\n<p>Planprogrammet peker p\u00e5 utfordringer med v\u00e5r folkehelse i kommunen. Vi m\u00e5 oppmuntre til bevegelse og legge til rette for det.<\/p>\n\n\n\n<p>T\u00f8nsbergs befolkning har h\u00f8yere andel med psykiske symptomer\/lidelser, h\u00f8yere andel med muskel og skjelettplager enn landsgjennomsnittet. Ungdom har lavere grad av trygghet i n\u00e6rmilj\u00f8et.<\/p>\n\n\n\n<p>N\u00e5r det gjelder fortetting og transformasjon s\u00e5 peker programmet p\u00e5 at gjennomsnittlig omr\u00e5deutnyttelse innenfor 5 minuttersbyen er p\u00e5 ca. 40%<\/p>\n\n\n\n<p>Det betyr at potensiale for fortetting er stort. Men m\u00e5 veies opp mot b\u00e5de god kvalitet og at vi skal ta vare p\u00e5 byens identitet og det historiske sentrum. Fortettingsstrategien b\u00f8r evalueres og optimaliseres, samt utvides til \u00e5 gjelde for hele kommunen<\/p>\n\n\n\n<p>Det m\u00e5 vurderes om byplanomr\u00e5det skal f\u00e5 en tydeligere plass og f\u00f8ringer mht h\u00f8yder, lys\/luft, fargebruk, estestikk, materialbruk.&nbsp;<\/p>\n\n\n\n<p>I T\u00f8nsberg er over 70% av boligmassen eneboliger. Mindre leiligheter og andre boformer er ca. 30%. Ser vi p\u00e5 forventet befolkningsvekst og sammensetning vil det v\u00e6re en mulig ubalanse mellom husholdningsst\u00f8rrelse og boligtype. Det forventes et boligbehov p\u00e5 ca. 4 300 boliger frem mot 2035 og v\u00e5re arealreserver til boligbygging er Ca. 7 200 boenheter.<\/p>\n\n\n\n<p>T\u00f8nsberg scorer h\u00f8yt i unders\u00f8kelser om bostedsattraktivitet og er en av de mest popul\u00e6re byene \u00e5 bes\u00f8ke og bosette seg p\u00e5 \u00d8stlandet. Vi m\u00e5 fortsette \u00e5 v\u00e6re fremoverlente og fortsatt s\u00f8rge et mangfoldig boligtilbud for \u00e5 skape sosialt sammensatte bomilj\u00f8er.<\/p>\n\n\n\n<p>Noe bekymringsfullt er v\u00e5r verdiskaping og n\u00e6ringsutvikling.&nbsp;<\/p>\n\n\n\n<p>Men veksten i arbeidsplasser innenfor privat n\u00e6ringsliv har siden 2000 v\u00e6rt 8,7% lavere enn landsgjennomsnittet og det er derfor et behov for \u00e5 se p\u00e5 det negative gapet mellom befolkningsveksten og arbeidsplassutviklingen spesielt i privat sektor. Det er viktig \u00e5 legge merke til at n\u00e6ringslivet i T\u00f8nsberg har hatt en svakere vekst i verdiskapingen enn n\u00e6ringslivet ellers i landet<\/p>\n\n\n\n<p>Det har v\u00e6rt et \u00f8kende press p\u00e5 \u00e5 omgj\u00f8re arealer fra n\u00e6ring til bolig. Dette kan p\u00e5 sikt fortrenge og forringe tilgangen p\u00e5 viktig n\u00e6ringsareal.<\/p>\n\n\n\n<p>Et veldig interessant sp\u00f8rsm\u00e5l som stilles er hvordan ser en levende og regional handelsby ut om 10 \u2013 20 \u00e5r? Det er noe vi b\u00f8r analysere og jobbe med i tiden fremover for \u00e5 m\u00f8te fremtidens trender og utvikling.<\/p>\n\n\n\n<p>Byutvikling er alltid gjenstand for debatt og meninger. Forholdet vekst og vern er en krevende balansegang. Vi har n\u00e5dd m\u00e5l om at 50% av all boligutvikling skal skje i bysentrum. Men pendelen har snudd og det har blitt \u00f8kt behov for \u00e5 sikre at ikke bolig fortrenger variasjoner av funksjoner som en by skal best\u00e5 av. Det er viktig at vi n\u00e5 har et spesielt fokus p\u00e5 funksjonsblanding.<\/p>\n\n\n\n<p>Det er behov for \u00e5 se n\u00e6rmere p\u00e5 et par definisjoner som er viktig for stedsutviklingen i kommunen. Derfor \u00f8nsker vi en presisering og har forslag om f\u00f8lgende:<\/p>\n\n\n\n<p><\/p>\n\n\n\n<p><strong>Forslag til tillegg i planprogrammet:<\/strong><\/p>\n\n\n\n<p>4 Plantemaer og utredningsbehov<\/p>\n\n\n\n<p>4.1 B\u00e6rekraftig by- og stedsutvikling<\/p>\n\n\n\n<p>Legge til under Senterstruktur<\/p>\n\n\n\n<p><strong><em>Det er behov for \u00e5 spesifisere definisjonene av omr\u00e5de-, lokal-, og n\u00e6rsentre og konsekvensene av disse med tanke p\u00e5 videre stedsutvikling<\/em><\/strong><\/p>\n\n\n\n<p>Under Fortetting og transformasjon<\/p>\n\n\n\n<p>Tillegg i 2. avsnitt:<\/p>\n\n\n\n<p><strong><em>I tillegg til 5 minutters byen er det ogs\u00e5 viktig \u00e5 utrede \u00ab15 minutters byen\u00bb \u2013 hvor er \u00f8nsket vekst og hva skal veksten inneholde.<\/em><\/strong>&laquo;<\/p>\n<\/div><\/div><\/div>\n\n\n<div class=\"tags\">\n\t\t<div class=\"wp-block-tag-cloud\">\n\t\t\t\t\t<a href=\"https:\/\/hoyre.no\/tonsberg\/aktuelt\/tag\/byutvikling\/\" class=\"tag-cloud-link\">byutvikling<\/a>\n\t\t\t\t\t<a href=\"https:\/\/hoyre.no\/tonsberg\/aktuelt\/tag\/frank-pedersen\/\" class=\"tag-cloud-link\">frank pedersen<\/a>\n\t\t\t\t\t<a href=\"https:\/\/hoyre.no\/tonsberg\/aktuelt\/tag\/plan-og-bygg\/\" class=\"tag-cloud-link\">plan og bygg<\/a>\n\t\t\t<\/div>\n\t<\/div>\n<div class=\"post-footer alignfull has-background block-editor-block-list__block\" data-align=full>\n\t<div class=\"post-footer-inner\">\n\t\t<h3>Relaterte artikler<\/h3>\n\t\t<div class=\"related-content\"><div class=\"is-card-hoyre\">\n\t<div class=\"teft-card hoyre-teft-card post-teft-card\">\n\t\t<a href=\"https:\/\/hoyre.no\/tonsberg\/aktuelt\/vi-ma-skape-for-a-kunne-dele\/\" class=\"teft-card__primary-action\">\n\n\t\t\t\t\t<div class=\"teft-card__media teft-card__media--16-9\">\n\t\t\t\t\t\t<img loading=\"lazy\" decoding=\"async\" width=\"768\" height=\"576\" src=\"https:\/\/hoyre.no\/content\/uploads\/sites\/353\/2026\/04\/Frank-og-Jill-768x576.jpg\" class=\"attachment-medium_large size-medium_large\" alt=\"Frank Pedersen og Jill Eirin Undem. Foto: H\u00f8yre\" srcset=\"https:\/\/hoyre.no\/content\/uploads\/sites\/353\/2026\/04\/Frank-og-Jill-768x576.jpg 768w, https:\/\/hoyre.no\/content\/uploads\/sites\/353\/2026\/04\/Frank-og-Jill-300x225.jpg 300w, https:\/\/hoyre.no\/content\/uploads\/sites\/353\/2026\/04\/Frank-og-Jill.jpg 1024w\" sizes=\"auto, (max-width: 768px) 100vw, 768px\" \/>\t\t<\/div>\n\t\t\n\t\t\t<div class=\"teft-card__content-wrapper\">\n\t\t\t\t<div class=\"teft-card__secondary\">\n\t\t\t\t\t\n\t\t\t\t\t\t\t\t<div class=\"teft-card__meta\">\n\t\t\t\t\t\t\t\t\t<span class=\"post-date\">8. apr 2026<\/span>\n\n\t\t\t\t\t\t\t\t\t<span class=\"post-category\">Lokalt n\u00e6ringsliv<\/span>\t\t\t\t\t\t\t\t<\/div>\n\t\t\t\t\t\t\t\t\t\t\t<\/div>\n\n\t\t\t\t<div class=\"teft-card__primary\">\n\t\t\t\t\t<h2 class=\"teft-card__title\">Vi m\u00e5 skape for \u00e5 kunne dele&nbsp;<span class=\"teft-card__primary-title-append\"><\/span><\/h2>\t\t\t\t<\/div>\n\t\t\t<\/div>\n\t\t<\/a>\n\t<\/div>\n\n\t<\/div><div class=\"is-card-hoyre\">\n\t<div class=\"teft-card hoyre-teft-card post-teft-card\">\n\t\t<a href=\"https:\/\/hoyre.no\/tonsberg\/aktuelt\/fagfrokost\/\" class=\"teft-card__primary-action\">\n\n\t\t\t\t\t<div class=\"teft-card__media teft-card__media--16-9\">\n\t\t\t\t\t\t<img loading=\"lazy\" decoding=\"async\" width=\"640\" height=\"480\" src=\"https:\/\/hoyre.no\/content\/uploads\/sites\/353\/2024\/11\/IMG_5221.jpg\" class=\"attachment-medium_large size-medium_large\" alt=\"\" srcset=\"https:\/\/hoyre.no\/content\/uploads\/sites\/353\/2024\/11\/IMG_5221.jpg 640w, https:\/\/hoyre.no\/content\/uploads\/sites\/353\/2024\/11\/IMG_5221-300x225.jpg 300w\" sizes=\"auto, (max-width: 640px) 100vw, 640px\" \/>\t\t<\/div>\n\t\t\n\t\t\t<div class=\"teft-card__content-wrapper\">\n\t\t\t\t<div class=\"teft-card__secondary\">\n\t\t\t\t\t\n\t\t\t\t\t\t\t\t<div class=\"teft-card__meta\">\n\t\t\t\t\t\t\t\t\t<span class=\"post-date\">27. nov 2024<\/span>\n\n\t\t\t\t\t\t\t\t\t\t\t\t\t\t\t\t\t<\/div>\n\t\t\t\t\t\t\t\t\t\t\t<\/div>\n\n\t\t\t\t<div class=\"teft-card__primary\">\n\t\t\t\t\t<h2 class=\"teft-card__title\">Fagfrokost&nbsp;<span class=\"teft-card__primary-title-append\"><\/span><\/h2>\t\t\t\t<\/div>\n\t\t\t<\/div>\n\t\t<\/a>\n\t<\/div>\n\n\t<\/div><div class=\"is-card-hoyre\">\n\t<div class=\"teft-card hoyre-teft-card post-teft-card\">\n\t\t<a href=\"https:\/\/hoyre.no\/tonsberg\/aktuelt\/provenominasjon-resultat\/\" class=\"teft-card__primary-action\">\n\n\t\t\t\t\t<div class=\"teft-card__media teft-card__media--16-9\">\n\t\t\t\t\t\t<img loading=\"lazy\" decoding=\"async\" width=\"768\" height=\"344\" src=\"https:\/\/hoyre.no\/content\/uploads\/sites\/353\/2024\/09\/Stortingssalen-768x344.jpg\" class=\"attachment-medium_large size-medium_large\" alt=\"\" srcset=\"https:\/\/hoyre.no\/content\/uploads\/sites\/353\/2024\/09\/Stortingssalen-768x344.jpg 768w, https:\/\/hoyre.no\/content\/uploads\/sites\/353\/2024\/09\/Stortingssalen-300x134.jpg 300w, https:\/\/hoyre.no\/content\/uploads\/sites\/353\/2024\/09\/Stortingssalen-1024x459.jpg 1024w, https:\/\/hoyre.no\/content\/uploads\/sites\/353\/2024\/09\/Stortingssalen-1536x688.jpg 1536w, https:\/\/hoyre.no\/content\/uploads\/sites\/353\/2024\/09\/Stortingssalen-2048x918.jpg 2048w\" sizes=\"auto, (max-width: 768px) 100vw, 768px\" \/>\t\t<\/div>\n\t\t\n\t\t\t<div class=\"teft-card__content-wrapper\">\n\t\t\t\t<div class=\"teft-card__secondary\">\n\t\t\t\t\t\n\t\t\t\t\t\t\t\t<div class=\"teft-card__meta\">\n\t\t\t\t\t\t\t\t\t<span class=\"post-date\">16. sep 2024<\/span>\n\n\t\t\t\t\t\t\t\t\t\t\t\t\t\t\t\t\t<\/div>\n\t\t\t\t\t\t\t\t\t\t\t<\/div>\n\n\t\t\t\t<div class=\"teft-card__primary\">\n\t\t\t\t\t<h2 class=\"teft-card__title\">Pr\u00f8venominasjon resultat&nbsp;<span class=\"teft-card__primary-title-append\"><\/span><\/h2>\t\t\t\t<\/div>\n\t\t\t<\/div>\n\t\t<\/a>\n\t<\/div>\n\n\t<\/div><\/div>\t<\/div>\n<\/div>\n","protected":false},"excerpt":{"rendered":"","protected":false},"author":327,"featured_media":0,"comment_status":"closed","ping_status":"closed","sticky":false,"template":"","format":"standard","meta":{"teft_cards_image_url":"","teft_cards_custom_pretitle":"","teft_cards_image_id":852,"teft_cards_image_focal_point_x":0.5,"teft_cards_image_focal_point_y":0.5,"teft_cards_title":"","teft_cards_excerpt":"","teft_show_chapters":false,"author_display_name":"","footnotes":""},"category":[13],"post_tag":[14,16,15],"hoyre-visibility":[],"article-type":[],"politician":[],"class_list":["post-908","post","type-post","status-publish","format-standard","hentry","category-plan-og-bygg","tag-byutvikling","tag-frank-pedersen","tag-plan-og-bygg"],"yoast_head":"<!-- This site is optimized with the Yoast SEO plugin v26.6 - https:\/\/yoast.com\/wordpress\/plugins\/seo\/ -->\n<title>H\u00f8yres Frank Pedersens \u00f8nsker seg stort folkelig engasjement - T\u00f8nsberg H\u00f8yre<\/title>\n<meta name=\"robots\" content=\"index, follow, max-snippet:-1, max-image-preview:large, max-video-preview:-1\" \/>\n<link rel=\"canonical\" href=\"https:\/\/hoyre.no\/tonsberg\/aktuelt\/hoyres-frank-pedersens-onsker-seg-stort-folkelig-engasjement\/\" \/>\n<meta property=\"og:locale\" content=\"nb_NO\" \/>\n<meta property=\"og:type\" content=\"article\" \/>\n<meta property=\"og:title\" content=\"H\u00f8yres Frank Pedersens \u00f8nsker seg stort folkelig engasjement - T\u00f8nsberg H\u00f8yre\" \/>\n<meta property=\"og:url\" content=\"https:\/\/hoyre.no\/tonsberg\/aktuelt\/hoyres-frank-pedersens-onsker-seg-stort-folkelig-engasjement\/\" \/>\n<meta property=\"og:site_name\" content=\"T\u00f8nsberg H\u00f8yre\" \/>\n<meta property=\"article:published_time\" content=\"2021-12-08T16:14:12+00:00\" \/>\n<meta property=\"article:modified_time\" content=\"2021-12-08T16:19:46+00:00\" \/>\n<meta property=\"og:image\" content=\"https:\/\/hoyre.no\/content\/uploads\/sites\/353\/2024\/09\/Stortingssalen-1024x459.jpg\" \/>\n<meta name=\"author\" content=\"Marit Haukom\" \/>\n<meta name=\"twitter:card\" content=\"summary_large_image\" \/>\n<meta name=\"twitter:label1\" content=\"Skrevet av\" \/>\n\t<meta name=\"twitter:data1\" content=\"Marit Haukom\" \/>\n\t<meta name=\"twitter:label2\" content=\"Ansl. lesetid\" \/>\n\t<meta name=\"twitter:data2\" content=\"4 minutter\" \/>\n<script type=\"application\/ld+json\" class=\"yoast-schema-graph\">{\"@context\":\"https:\/\/schema.org\",\"@graph\":[{\"@type\":\"NewsArticle\",\"@id\":\"https:\/\/hoyre.no\/tonsberg\/aktuelt\/hoyres-frank-pedersens-onsker-seg-stort-folkelig-engasjement\/\",\"url\":\"https:\/\/hoyre.no\/tonsberg\/aktuelt\/hoyres-frank-pedersens-onsker-seg-stort-folkelig-engasjement\/\",\"name\":\"H\u00f8yres Frank Pedersens \u00f8nsker seg stort folkelig engasjement - T\u00f8nsberg H\u00f8yre\",\"isPartOf\":{\"@id\":\"https:\/\/hoyre.no\/tonsberg\/#website\"},\"datePublished\":\"2021-12-08T16:14:12+00:00\",\"dateModified\":\"2021-12-08T16:19:46+00:00\",\"author\":{\"@id\":\"https:\/\/hoyre.no\/tonsberg\/#\/schema\/person\/636862bc1914187d4a727b2fcced907a\"},\"breadcrumb\":{\"@id\":\"https:\/\/hoyre.no\/tonsberg\/aktuelt\/hoyres-frank-pedersens-onsker-seg-stort-folkelig-engasjement\/#breadcrumb\"},\"inLanguage\":\"nb-NO\",\"potentialAction\":[{\"@type\":\"ReadAction\",\"target\":[\"https:\/\/hoyre.no\/tonsberg\/aktuelt\/hoyres-frank-pedersens-onsker-seg-stort-folkelig-engasjement\/\"]}]},{\"@type\":\"BreadcrumbList\",\"@id\":\"https:\/\/hoyre.no\/tonsberg\/aktuelt\/hoyres-frank-pedersens-onsker-seg-stort-folkelig-engasjement\/#breadcrumb\",\"itemListElement\":[{\"@type\":\"ListItem\",\"position\":1,\"name\":\"Til hoyre.no\",\"item\":\"https:\/\/hoyre.no\"},{\"@type\":\"ListItem\",\"position\":2,\"name\":\"Hjem\",\"item\":\"https:\/\/hoyre.no\/tonsberg\/\"},{\"@type\":\"ListItem\",\"position\":3,\"name\":\"H\u00f8yres Frank Pedersens \u00f8nsker seg stort folkelig engasjement\"}]},{\"@type\":\"WebSite\",\"@id\":\"https:\/\/hoyre.no\/tonsberg\/#website\",\"url\":\"https:\/\/hoyre.no\/tonsberg\/\",\"name\":\"T\u00f8nsberg H\u00f8yre\",\"description\":\"Bare enda et H\u00f8yres nettsteder-nettsted\",\"inLanguage\":\"nb-NO\"},{\"@type\":\"Person\",\"@id\":\"https:\/\/hoyre.no\/tonsberg\/#\/schema\/person\/636862bc1914187d4a727b2fcced907a\",\"name\":\"Marit Haukom\",\"image\":{\"@type\":\"ImageObject\",\"inLanguage\":\"nb-NO\",\"@id\":\"https:\/\/hoyre.no\/tonsberg\/#\/schema\/person\/image\/\",\"url\":\"https:\/\/secure.gravatar.com\/avatar\/76deb223a8c928f6e73c6a2d95a1e66e9e372b26e3decc6c4b8653fe098815ca?s=96&d=mm&r=g\",\"contentUrl\":\"https:\/\/secure.gravatar.com\/avatar\/76deb223a8c928f6e73c6a2d95a1e66e9e372b26e3decc6c4b8653fe098815ca?s=96&d=mm&r=g\",\"caption\":\"Marit Haukom\"},\"url\":\"https:\/\/hoyre.no\/tonsberg\/aktuelt\/author\/m51900207\/\"}]}<\/script>\n<!-- \/ Yoast SEO plugin. -->","yoast_head_json":{"title":"H\u00f8yres Frank Pedersens \u00f8nsker seg stort folkelig engasjement - T\u00f8nsberg H\u00f8yre","robots":{"index":"index","follow":"follow","max-snippet":"max-snippet:-1","max-image-preview":"max-image-preview:large","max-video-preview":"max-video-preview:-1"},"canonical":"https:\/\/hoyre.no\/tonsberg\/aktuelt\/hoyres-frank-pedersens-onsker-seg-stort-folkelig-engasjement\/","og_locale":"nb_NO","og_type":"article","og_title":"H\u00f8yres Frank Pedersens \u00f8nsker seg stort folkelig engasjement - T\u00f8nsberg H\u00f8yre","og_url":"https:\/\/hoyre.no\/tonsberg\/aktuelt\/hoyres-frank-pedersens-onsker-seg-stort-folkelig-engasjement\/","og_site_name":"T\u00f8nsberg H\u00f8yre","article_published_time":"2021-12-08T16:14:12+00:00","article_modified_time":"2021-12-08T16:19:46+00:00","og_image":[{"url":"https:\/\/hoyre.no\/content\/uploads\/sites\/353\/2024\/09\/Stortingssalen-1024x459.jpg","width":"","height":"","type":""}],"author":"Marit Haukom","twitter_card":"summary_large_image","twitter_misc":{"Skrevet av":"Marit Haukom","Ansl. lesetid":"4 minutter"},"schema":{"@context":"https:\/\/schema.org","@graph":[{"@type":"NewsArticle","@id":"https:\/\/hoyre.no\/tonsberg\/aktuelt\/hoyres-frank-pedersens-onsker-seg-stort-folkelig-engasjement\/","url":"https:\/\/hoyre.no\/tonsberg\/aktuelt\/hoyres-frank-pedersens-onsker-seg-stort-folkelig-engasjement\/","name":"H\u00f8yres Frank Pedersens \u00f8nsker seg stort folkelig engasjement - T\u00f8nsberg H\u00f8yre","isPartOf":{"@id":"https:\/\/hoyre.no\/tonsberg\/#website"},"datePublished":"2021-12-08T16:14:12+00:00","dateModified":"2021-12-08T16:19:46+00:00","author":{"@id":"https:\/\/hoyre.no\/tonsberg\/#\/schema\/person\/636862bc1914187d4a727b2fcced907a"},"breadcrumb":{"@id":"https:\/\/hoyre.no\/tonsberg\/aktuelt\/hoyres-frank-pedersens-onsker-seg-stort-folkelig-engasjement\/#breadcrumb"},"inLanguage":"nb-NO","potentialAction":[{"@type":"ReadAction","target":["https:\/\/hoyre.no\/tonsberg\/aktuelt\/hoyres-frank-pedersens-onsker-seg-stort-folkelig-engasjement\/"]}]},{"@type":"BreadcrumbList","@id":"https:\/\/hoyre.no\/tonsberg\/aktuelt\/hoyres-frank-pedersens-onsker-seg-stort-folkelig-engasjement\/#breadcrumb","itemListElement":[{"@type":"ListItem","position":1,"name":"Til hoyre.no","item":"https:\/\/hoyre.no"},{"@type":"ListItem","position":2,"name":"Hjem","item":"https:\/\/hoyre.no\/tonsberg\/"},{"@type":"ListItem","position":3,"name":"H\u00f8yres Frank Pedersens \u00f8nsker seg stort folkelig engasjement"}]},{"@type":"WebSite","@id":"https:\/\/hoyre.no\/tonsberg\/#website","url":"https:\/\/hoyre.no\/tonsberg\/","name":"T\u00f8nsberg H\u00f8yre","description":"Bare enda et H\u00f8yres nettsteder-nettsted","inLanguage":"nb-NO"},{"@type":"Person","@id":"https:\/\/hoyre.no\/tonsberg\/#\/schema\/person\/636862bc1914187d4a727b2fcced907a","name":"Marit Haukom","image":{"@type":"ImageObject","inLanguage":"nb-NO","@id":"https:\/\/hoyre.no\/tonsberg\/#\/schema\/person\/image\/","url":"https:\/\/secure.gravatar.com\/avatar\/76deb223a8c928f6e73c6a2d95a1e66e9e372b26e3decc6c4b8653fe098815ca?s=96&d=mm&r=g","contentUrl":"https:\/\/secure.gravatar.com\/avatar\/76deb223a8c928f6e73c6a2d95a1e66e9e372b26e3decc6c4b8653fe098815ca?s=96&d=mm&r=g","caption":"Marit Haukom"},"url":"https:\/\/hoyre.no\/tonsberg\/aktuelt\/author\/m51900207\/"}]}},"distributor_meta":false,"distributor_terms":false,"distributor_media":false,"distributor_original_site_name":"T\u00f8nsberg H\u00f8yre","distributor_original_site_url":"https:\/\/hoyre.no\/tonsberg","push-errors":false,"_links":{"self":[{"href":"https:\/\/hoyre.no\/tonsberg\/wp-json\/wp\/v2\/posts\/908","targetHints":{"allow":["GET"]}}],"collection":[{"href":"https:\/\/hoyre.no\/tonsberg\/wp-json\/wp\/v2\/posts"}],"about":[{"href":"https:\/\/hoyre.no\/tonsberg\/wp-json\/wp\/v2\/types\/post"}],"author":[{"embeddable":true,"href":"https:\/\/hoyre.no\/tonsberg\/wp-json\/wp\/v2\/users\/327"}],"replies":[{"embeddable":true,"href":"https:\/\/hoyre.no\/tonsberg\/wp-json\/wp\/v2\/comments?post=908"}],"version-history":[{"count":4,"href":"https:\/\/hoyre.no\/tonsberg\/wp-json\/wp\/v2\/posts\/908\/revisions"}],"predecessor-version":[{"id":913,"href":"https:\/\/hoyre.no\/tonsberg\/wp-json\/wp\/v2\/posts\/908\/revisions\/913"}],"wp:attachment":[{"href":"https:\/\/hoyre.no\/tonsberg\/wp-json\/wp\/v2\/media?parent=908"}],"wp:term":[{"taxonomy":"category","embeddable":true,"href":"https:\/\/hoyre.no\/tonsberg\/wp-json\/wp\/v2\/category?post=908"},{"taxonomy":"post_tag","embeddable":true,"href":"https:\/\/hoyre.no\/tonsberg\/wp-json\/wp\/v2\/post_tag?post=908"},{"taxonomy":"hoyre-visibility","embeddable":true,"href":"https:\/\/hoyre.no\/tonsberg\/wp-json\/wp\/v2\/hoyre-visibility?post=908"},{"taxonomy":"article-type","embeddable":true,"href":"https:\/\/hoyre.no\/tonsberg\/wp-json\/wp\/v2\/article-type?post=908"},{"taxonomy":"politician","embeddable":true,"href":"https:\/\/hoyre.no\/tonsberg\/wp-json\/wp\/v2\/politician?post=908"}],"curies":[{"name":"wp","href":"https:\/\/api.w.org\/{rel}","templated":true}]}}