{"id":1371,"date":"2026-04-27T12:04:04","date_gmt":"2026-04-27T10:04:04","guid":{"rendered":"https:\/\/hoyre.no\/troms\/?p=1371"},"modified":"2026-04-27T12:04:04","modified_gmt":"2026-04-27T10:04:04","slug":"det-er-forskjell-pa-hvor-vi-bor","status":"publish","type":"post","link":"https:\/\/hoyre.no\/troms\/aktuelt\/det-er-forskjell-pa-hvor-vi-bor\/","title":{"rendered":"Det er forskjell p\u00e5 hvor vi bor"},"content":{"rendered":"\n<p class=\"preamble\">Det st\u00f8rste problemet er likevel at St\u00f8re-regjeringen pr\u00f8ver \u00e5 lage et regelverk for et land som er sv\u00e6rt forskjellig. Det er forskjell p\u00e5 hvor vi bor. Det er forskjell p\u00e5 avstander, klima, bosetting og hvordan naturen brukes.<\/p>\t\t\t<div class=\"post-meta wp-block teft-byline-wrapper\">\n\t\t\t\t<div class=\"top\">\n\t\t\t\t\t<div class=\"signature\">\n\t\t\t\t\t\t<div class=\"teft-byline\">\n\t\t\t\t\t\t\t\t\t\t\t\t\t\t<div>\n\t\t\t\t\t\t\t\t<h3>H\u00f8yres redaksjon<\/h3>\t\t\t\t\t\t\t\t\n\t\t\t\t\t\t\t\t\t\t\t\t\t\t\t\t\t<span class=\"date\">Sist oppdatert: 27. april 2026<\/span>\n\t\t\t\t\t\t\t\t\t\t\t\t\t\t\t\t\t\t\t\t\t\t\t\t\t<span class=\"reading-time\" itemprop=\"timeRequired\" content=\"PT3M\"><em>Ca. 3 minutter lesetid<\/em><\/span>\n\t\t\t\t\t\t\t\t\t\t\t\t\t\t\t<\/div>\n\t\t\t\t\t\t<\/div>\n\t\t\t\t\t<\/div>\n\t\t\t\t\t\t<div class=\"sharing\">\n\t\t<a class=\"share-button share-link copy-link\" data-copy=\"https:\/\/hoyre.no\/troms\/aktuelt\/det-er-forskjell-pa-hvor-vi-bor\/\" target=\"_blank\"><span class=\"screen-reader-text\">Del link<\/span><\/a>\n\t\t<a class=\"share-button share-twitter\" href=\"http:\/\/twitter.com\/share?text=Det er forskjell p\u00e5 hvor vi bor&#038;url=https:\/\/hoyre.no\/troms\/aktuelt\/det-er-forskjell-pa-hvor-vi-bor\/&#038;hashtags=Hoyre\" target=\"_blank\"><span class=\"screen-reader-text\">Del p\u00e5 twitter<\/span><\/a>\n\t\t<a class=\"share-button share-facebook\" href=\"https:\/\/www.facebook.com\/sharer\/sharer.php?u=https:\/\/hoyre.no\/troms\/aktuelt\/det-er-forskjell-pa-hvor-vi-bor\/\" target=\"_blank\"><span class=\"screen-reader-text\">Del p\u00e5 facebook<\/span><\/a>\n\t<\/div>\n\t\t\t\t\t<\/div>\n\t\t\t<\/div>\n\n\t\t\t<figure class=\"hoyre-image-wrapper\"><div class=\"hoyre-image\"><img loading=\"lazy\" decoding=\"async\" width=\"380\" height=\"335\" src=\"https:\/\/hoyre.no\/content\/uploads\/sites\/430\/2025\/06\/image.png\" class=\"attachment-scaled size-scaled\" alt=\"\" style=\"object-position: 50% 50%\" srcset=\"https:\/\/hoyre.no\/content\/uploads\/sites\/430\/2025\/06\/image.png 380w, https:\/\/hoyre.no\/content\/uploads\/sites\/430\/2025\/06\/image-300x264.png 300w\" sizes=\"auto, (max-width: 380px) 100vw, 380px\" \/><\/div><figcaption class=\"caption\">Cecilie Mathisen er H\u00f8yre gruppeleder i fylkestinget. <\/figcaption><\/figure>\n\n\n\n\n<p><em>Av: Cecilie Mathisen, gruppeleder Troms H\u00f8yre<\/em><\/p>\n\n\n\n<p>I 2021 ba Stortinget om en ny motorferdsellov med en tydelig bestilling om at loven m\u00e5tte ha mer lokalt selvstyre og mindre byr\u00e5krati. N\u00e5 har St\u00f8re-regjeringen lagt frem sitt lovforslag, men leverer det motsatte.<\/p>\n\n\n\n<p>Regjeringen sier at lovforslaget vil gi mer lokalt selvstyre. Det de imidlertid ikke sier er at vurderingene som kommunene f\u00e5r gj\u00f8re selv f\u00e5r s\u00e5 h\u00f8ye terskler, og prosessene som legges til er s\u00e5 krevende, at det reelle resultatet er at kommunene uansett m\u00e5 vurdere det til et \u00abnei\u00bb. Da f\u00e5r man selvstyre p\u00e5 papiret, men ikke i virkeligheten. Loven har dessverre flere eksempler p\u00e5 at kommunene f\u00e5r ansvaret, men ikke friheten til \u00e5 bruke lokalkunnskap og sunn fornuft.<\/p>\n\n\n\n<p>Videre sier Regjeringen at lovforslaget vil gi mindre byr\u00e5krati. Samtidig foresl\u00e5r de at skuterl\u00f8ypene skal inn under plan- og bygningsloven, med enda strengere krav til utredninger, h\u00f8ringsrunder, lengre saksbehandling og innsigelsesmuligheter. For sm\u00e5 kommuner med en presset \u00f8konomi og begrenset kapasitet betyr dette at nye l\u00f8yper blir en umulighet \u00e5 kunne prioritere, og vi ser allerede hvor krevende dette kan v\u00e6re. Storfjord kommune har brukt de siste fire \u00e5rene og om lag 600 000 kroner p\u00e5 \u00e5 regulere fire kilometer med ny l\u00f8ype. Det er med dagens system, og viser hvorfor Stortingets bestilling ba om en forenkling av loven.<\/p>\n\n\n\n<p>Det st\u00f8rste problemet er likevel at St\u00f8re-regjeringen pr\u00f8ver \u00e5 lage et regelverk for et land som er sv\u00e6rt forskjellig. Det er forskjell p\u00e5 hvor vi bor. Det er forskjell p\u00e5 avstander, klima, bosetting og hvordan naturen brukes.<\/p>\n\n\n\n<p>Her i nord er motorferdsel i utmark en naturlig del av hverdagen og friluftslivet. Det handler om hvordan vi kommer oss til hytta, drar p\u00e5 isfiske, frakter utstyr eller bruker naturen rundt oss i omr\u00e5der med store avstander. Andre steder i landet har motorferdsel i utmark en annen bruk og form\u00e5l. Derfor fungerer det d\u00e5rlig med nasjonale standardl\u00f8sninger som skal passe alle omr\u00e5der og kulturer.<\/p>\n\n\n\n<p>Ta eksempelvis sp\u00f8rsm\u00e5let om n\u00e5r skuterl\u00f8yper skal stenge. En felles dato kan kanskje se ryddig ut i et departement eller p\u00e5 et papir, men blir uforst\u00e5elig n\u00e5r sn\u00f8en er borte s\u00f8rp\u00e5, mens vi fortsatt har vinter i nord. Slike vurderinger gj\u00f8res derfor best lokalt.<\/p>\n\n\n\n<p>Det samme gjelder p\u00e5 andre omr\u00e5der som dispensasjoner, unntak, vurdering av rasteplasser og lignende. N\u00e5r regelverket blir s\u00e5 detaljert fra nasjonalt hold, at svaret i praksis allerede er gitt, forsvinner det lokale selvstyret.<\/p>\n\n\n\n<p>H\u00f8yre mener at staten kan sette tydelige rammer, men at disse m\u00e5 gi gode rom for kommunene til \u00e5 kunne bruke sin kunnskap og sitt lokale skj\u00f8nn. Det gir bedre l\u00f8sninger og ikke minst forst\u00e5else og respekt for regelverket. P\u00e5 den m\u00e5ten klarer vi \u00e5 ivareta de ulike behovene rundt om i landet p\u00e5 en best mulig m\u00e5te.<\/p>\n\n\n\n<p>Jeg mener at St\u00f8re-regjeringens forslag bommer s\u00e5 kraftig p\u00e5 bestillingen, at forslaget m\u00e5 sendes tilbake. Jeg vil heller ha et d\u00e5rlig system i to \u00e5r til, enn en enda mer rigid og byr\u00e5kratisk lov som skal styre lokalsamfunnene v\u00e5re de neste 50 \u00e5rene.<\/p>\n\n\n\n<p>Det er forskjell p\u00e5 hvor vi bor. Da m\u00e5 vi ogs\u00e5 ha en motorferdsellov som tar hensyn til dette.<\/p>\n\n\n<div class=\"tags\">\n\t<\/div>\n<div class=\"post-footer alignfull has-background block-editor-block-list__block\" data-align=full>\n\t<div class=\"post-footer-inner\">\n\t\t<h3>Relaterte artikler<\/h3>\n\t\t<div class=\"related-content\"><div class=\"is-card-hoyre\">\n\t<div class=\"teft-card hoyre-teft-card post-teft-card\">\n\t\t<a href=\"https:\/\/hoyre.no\/troms\/aktuelt\/nominasjon-til-fylkestingsvalget-2027-har-du-forslag\/\" class=\"teft-card__primary-action\">\n\n\t\t\t\t\t<div class=\"teft-card__media teft-card__media--16-9\">\n\t\t\t\t\t\t<img loading=\"lazy\" decoding=\"async\" width=\"768\" height=\"576\" src=\"https:\/\/hoyre.no\/content\/uploads\/sites\/430\/2026\/04\/Fylkestingsvalg-1-768x576.jpeg\" class=\"attachment-medium_large size-medium_large\" alt=\"\" srcset=\"https:\/\/hoyre.no\/content\/uploads\/sites\/430\/2026\/04\/Fylkestingsvalg-1-768x576.jpeg 768w, https:\/\/hoyre.no\/content\/uploads\/sites\/430\/2026\/04\/Fylkestingsvalg-1-300x225.jpeg 300w, https:\/\/hoyre.no\/content\/uploads\/sites\/430\/2026\/04\/Fylkestingsvalg-1-1024x768.jpeg 1024w, https:\/\/hoyre.no\/content\/uploads\/sites\/430\/2026\/04\/Fylkestingsvalg-1-1536x1152.jpeg 1536w, https:\/\/hoyre.no\/content\/uploads\/sites\/430\/2026\/04\/Fylkestingsvalg-1.jpeg 2016w\" sizes=\"auto, (max-width: 768px) 100vw, 768px\" \/>\t\t<\/div>\n\t\t\n\t\t\t<div class=\"teft-card__content-wrapper\">\n\t\t\t\t<div class=\"teft-card__secondary\">\n\t\t\t\t\t\n\t\t\t\t\t\t\t\t<div class=\"teft-card__meta\">\n\t\t\t\t\t\t\t\t\t<span class=\"post-date\">8. apr 2026<\/span>\n\n\t\t\t\t\t\t\t\t\t\t\t\t\t\t\t\t\t<\/div>\n\t\t\t\t\t\t\t\t\t\t\t<\/div>\n\n\t\t\t\t<div class=\"teft-card__primary\">\n\t\t\t\t\t<h2 class=\"teft-card__title\">Nominasjon til fylkestingsvalget 2027 &#8211; har du forslag?&nbsp;<span class=\"teft-card__primary-title-append\"><\/span><\/h2>\t\t\t\t<\/div>\n\t\t\t<\/div>\n\t\t<\/a>\n\t<\/div>\n\n\t<\/div><div class=\"is-card-hoyre\">\n\t<div class=\"teft-card hoyre-teft-card post-teft-card\">\n\t\t<a href=\"https:\/\/hoyre.no\/troms\/aktuelt\/hoyre-fikk-flertall-til-a-senke-drivstoffprisene\/\" class=\"teft-card__primary-action\">\n\n\t\t\t\t\t<div class=\"teft-card__media teft-card__media--16-9\">\n\t\t\t\t\t\t<img loading=\"lazy\" decoding=\"async\" width=\"768\" height=\"591\" src=\"https:\/\/hoyre.no\/content\/uploads\/sites\/430\/2025\/03\/Erlend-HLM-Hassi-e1754915100180-768x591.jpg\" class=\"attachment-medium_large size-medium_large\" alt=\"\" srcset=\"https:\/\/hoyre.no\/content\/uploads\/sites\/430\/2025\/03\/Erlend-HLM-Hassi-e1754915100180-768x591.jpg 768w, https:\/\/hoyre.no\/content\/uploads\/sites\/430\/2025\/03\/Erlend-HLM-Hassi-e1754915100180-300x231.jpg 300w, https:\/\/hoyre.no\/content\/uploads\/sites\/430\/2025\/03\/Erlend-HLM-Hassi-e1754915100180-1024x787.jpg 1024w, https:\/\/hoyre.no\/content\/uploads\/sites\/430\/2025\/03\/Erlend-HLM-Hassi-e1754915100180.jpg 1303w\" sizes=\"auto, (max-width: 768px) 100vw, 768px\" \/>\t\t<\/div>\n\t\t\n\t\t\t<div class=\"teft-card__content-wrapper\">\n\t\t\t\t<div class=\"teft-card__secondary\">\n\t\t\t\t\t\n\t\t\t\t\t\t\t\t<div class=\"teft-card__meta\">\n\t\t\t\t\t\t\t\t\t<span class=\"post-date\">27. mar 2026<\/span>\n\n\t\t\t\t\t\t\t\t\t\t\t\t\t\t\t\t\t<\/div>\n\t\t\t\t\t\t\t\t\t\t\t<\/div>\n\n\t\t\t\t<div class=\"teft-card__primary\">\n\t\t\t\t\t<h2 class=\"teft-card__title\">H\u00f8yre fikk flertall til \u00e5 senke drivstoffprisene&nbsp;<span class=\"teft-card__primary-title-append\"><\/span><\/h2>\t\t\t\t<\/div>\n\t\t\t<\/div>\n\t\t<\/a>\n\t<\/div>\n\n\t<\/div><div class=\"is-card-hoyre\">\n\t<div class=\"teft-card hoyre-teft-card post-teft-card\">\n\t\t<a href=\"https:\/\/hoyre.no\/troms\/aktuelt\/landsmoteinnleggene-fra-troms\/\" class=\"teft-card__primary-action\">\n\n\t\t\t\t\t<div class=\"teft-card__media teft-card__media--16-9\">\n\t\t\t\t\t\t<img loading=\"lazy\" decoding=\"async\" width=\"768\" height=\"615\" src=\"https:\/\/hoyre.no\/content\/uploads\/sites\/430\/2026\/02\/HLM-2026-HI_RES-foto-Hans-Kristian-Thorbjornsen-3528-1-768x615.jpg\" class=\"attachment-medium_large size-medium_large\" alt=\"\" srcset=\"https:\/\/hoyre.no\/content\/uploads\/sites\/430\/2026\/02\/HLM-2026-HI_RES-foto-Hans-Kristian-Thorbjornsen-3528-1-768x615.jpg 768w, https:\/\/hoyre.no\/content\/uploads\/sites\/430\/2026\/02\/HLM-2026-HI_RES-foto-Hans-Kristian-Thorbjornsen-3528-1-300x240.jpg 300w, https:\/\/hoyre.no\/content\/uploads\/sites\/430\/2026\/02\/HLM-2026-HI_RES-foto-Hans-Kristian-Thorbjornsen-3528-1-1024x821.jpg 1024w, https:\/\/hoyre.no\/content\/uploads\/sites\/430\/2026\/02\/HLM-2026-HI_RES-foto-Hans-Kristian-Thorbjornsen-3528-1-1536x1231.jpg 1536w, https:\/\/hoyre.no\/content\/uploads\/sites\/430\/2026\/02\/HLM-2026-HI_RES-foto-Hans-Kristian-Thorbjornsen-3528-1-2048x1641.jpg 2048w\" sizes=\"auto, (max-width: 768px) 100vw, 768px\" \/>\t\t<\/div>\n\t\t\n\t\t\t<div class=\"teft-card__content-wrapper\">\n\t\t\t\t<div class=\"teft-card__secondary\">\n\t\t\t\t\t\n\t\t\t\t\t\t\t\t<div class=\"teft-card__meta\">\n\t\t\t\t\t\t\t\t\t<span class=\"post-date\">25. feb 2026<\/span>\n\n\t\t\t\t\t\t\t\t\t\t\t\t\t\t\t\t\t<\/div>\n\t\t\t\t\t\t\t\t\t\t\t<\/div>\n\n\t\t\t\t<div class=\"teft-card__primary\">\n\t\t\t\t\t<h2 class=\"teft-card__title\">Landsm\u00f8te innleggene fra Troms H\u00f8yre&nbsp;<span class=\"teft-card__primary-title-append\"><\/span><\/h2>\t\t\t\t<\/div>\n\t\t\t<\/div>\n\t\t<\/a>\n\t<\/div>\n\n\t<\/div><\/div>\t<\/div>\n<\/div>\n","protected":false},"excerpt":{"rendered":"","protected":false},"author":442,"featured_media":0,"comment_status":"closed","ping_status":"closed","sticky":false,"template":"","format":"standard","meta":{"teft_cards_image_url":"","teft_cards_custom_pretitle":"","teft_cards_image_id":1372,"teft_cards_image_focal_point_x":0.5,"teft_cards_image_focal_point_y":0.5,"teft_cards_title":"","teft_cards_excerpt":"","teft_show_chapters":false,"author_display_name":"","footnotes":""},"category":[1],"post_tag":[],"hoyre-visibility":[],"article-type":[],"politician":[],"class_list":["post-1371","post","type-post","status-publish","format-standard","hentry","category-nyheter"],"yoast_head":"<!-- This site is optimized with the Yoast SEO plugin v26.6 - https:\/\/yoast.com\/wordpress\/plugins\/seo\/ -->\n<title>Det er forskjell p\u00e5 hvor vi bor - Troms H\u00f8yre<\/title>\n<meta name=\"robots\" content=\"index, follow, max-snippet:-1, max-image-preview:large, max-video-preview:-1\" \/>\n<link rel=\"canonical\" href=\"https:\/\/hoyre.no\/troms\/aktuelt\/det-er-forskjell-pa-hvor-vi-bor\/\" \/>\n<meta property=\"og:locale\" content=\"nb_NO\" \/>\n<meta property=\"og:type\" content=\"article\" \/>\n<meta property=\"og:title\" content=\"Det er forskjell p\u00e5 hvor vi bor - Troms H\u00f8yre\" \/>\n<meta property=\"og:url\" content=\"https:\/\/hoyre.no\/troms\/aktuelt\/det-er-forskjell-pa-hvor-vi-bor\/\" \/>\n<meta property=\"og:site_name\" content=\"Troms H\u00f8yre\" \/>\n<meta property=\"article:published_time\" content=\"2026-04-27T10:04:04+00:00\" \/>\n<meta property=\"og:image\" content=\"https:\/\/hoyre.no\/content\/uploads\/sites\/430\/2026\/02\/HLM-2026-HI_RES-foto-Hans-Kristian-Thorbjornsen-3528-1-1024x821.jpg\" \/>\n<meta name=\"author\" content=\"Vanja Terentieff\" \/>\n<meta name=\"twitter:card\" content=\"summary_large_image\" \/>\n<meta name=\"twitter:label1\" content=\"Skrevet av\" \/>\n\t<meta name=\"twitter:data1\" content=\"Vanja Terentieff\" \/>\n\t<meta name=\"twitter:label2\" content=\"Ansl. lesetid\" \/>\n\t<meta name=\"twitter:data2\" content=\"4 minutter\" \/>\n<script type=\"application\/ld+json\" class=\"yoast-schema-graph\">{\"@context\":\"https:\/\/schema.org\",\"@graph\":[{\"@type\":\"NewsArticle\",\"@id\":\"https:\/\/hoyre.no\/troms\/aktuelt\/det-er-forskjell-pa-hvor-vi-bor\/\",\"url\":\"https:\/\/hoyre.no\/troms\/aktuelt\/det-er-forskjell-pa-hvor-vi-bor\/\",\"name\":\"Det er forskjell p\u00e5 hvor vi bor - Troms H\u00f8yre\",\"isPartOf\":{\"@id\":\"https:\/\/hoyre.no\/troms\/#website\"},\"datePublished\":\"2026-04-27T10:04:04+00:00\",\"author\":{\"@id\":\"https:\/\/hoyre.no\/troms\/#\/schema\/person\/3d43c1a64e3b9eaa414dd5b19ee21247\"},\"breadcrumb\":{\"@id\":\"https:\/\/hoyre.no\/troms\/aktuelt\/det-er-forskjell-pa-hvor-vi-bor\/#breadcrumb\"},\"inLanguage\":\"nb-NO\",\"potentialAction\":[{\"@type\":\"ReadAction\",\"target\":[\"https:\/\/hoyre.no\/troms\/aktuelt\/det-er-forskjell-pa-hvor-vi-bor\/\"]}]},{\"@type\":\"BreadcrumbList\",\"@id\":\"https:\/\/hoyre.no\/troms\/aktuelt\/det-er-forskjell-pa-hvor-vi-bor\/#breadcrumb\",\"itemListElement\":[{\"@type\":\"ListItem\",\"position\":1,\"name\":\"Til hoyre.no\",\"item\":\"https:\/\/hoyre.no\"},{\"@type\":\"ListItem\",\"position\":2,\"name\":\"Hjem\",\"item\":\"https:\/\/hoyre.no\/troms\/\"},{\"@type\":\"ListItem\",\"position\":3,\"name\":\"Det er forskjell p\u00e5 hvor vi bor\"}]},{\"@type\":\"WebSite\",\"@id\":\"https:\/\/hoyre.no\/troms\/#website\",\"url\":\"https:\/\/hoyre.no\/troms\/\",\"name\":\"Troms H\u00f8yre\",\"description\":\"Bare enda et H\u00f8yres nettsteder-nettsted\",\"inLanguage\":\"nb-NO\"},{\"@type\":\"Person\",\"@id\":\"https:\/\/hoyre.no\/troms\/#\/schema\/person\/3d43c1a64e3b9eaa414dd5b19ee21247\",\"name\":\"Vanja Terentieff\",\"image\":{\"@type\":\"ImageObject\",\"inLanguage\":\"nb-NO\",\"@id\":\"https:\/\/hoyre.no\/troms\/#\/schema\/person\/image\/\",\"url\":\"https:\/\/secure.gravatar.com\/avatar\/5147902dbb74efcf9647da37061c0e25e516b193a83d336759fdf78857787ae7?s=96&d=mm&r=g\",\"contentUrl\":\"https:\/\/secure.gravatar.com\/avatar\/5147902dbb74efcf9647da37061c0e25e516b193a83d336759fdf78857787ae7?s=96&d=mm&r=g\",\"caption\":\"Vanja Terentieff\"},\"url\":\"https:\/\/hoyre.no\/troms\/aktuelt\/author\/m11212743\/\"}]}<\/script>\n<!-- \/ Yoast SEO plugin. -->","yoast_head_json":{"title":"Det er forskjell p\u00e5 hvor vi bor - Troms H\u00f8yre","robots":{"index":"index","follow":"follow","max-snippet":"max-snippet:-1","max-image-preview":"max-image-preview:large","max-video-preview":"max-video-preview:-1"},"canonical":"https:\/\/hoyre.no\/troms\/aktuelt\/det-er-forskjell-pa-hvor-vi-bor\/","og_locale":"nb_NO","og_type":"article","og_title":"Det er forskjell p\u00e5 hvor vi bor - Troms H\u00f8yre","og_url":"https:\/\/hoyre.no\/troms\/aktuelt\/det-er-forskjell-pa-hvor-vi-bor\/","og_site_name":"Troms H\u00f8yre","article_published_time":"2026-04-27T10:04:04+00:00","og_image":[{"url":"https:\/\/hoyre.no\/content\/uploads\/sites\/430\/2026\/02\/HLM-2026-HI_RES-foto-Hans-Kristian-Thorbjornsen-3528-1-1024x821.jpg","width":"","height":"","type":""}],"author":"Vanja Terentieff","twitter_card":"summary_large_image","twitter_misc":{"Skrevet av":"Vanja Terentieff","Ansl. lesetid":"4 minutter"},"schema":{"@context":"https:\/\/schema.org","@graph":[{"@type":"NewsArticle","@id":"https:\/\/hoyre.no\/troms\/aktuelt\/det-er-forskjell-pa-hvor-vi-bor\/","url":"https:\/\/hoyre.no\/troms\/aktuelt\/det-er-forskjell-pa-hvor-vi-bor\/","name":"Det er forskjell p\u00e5 hvor vi bor - Troms H\u00f8yre","isPartOf":{"@id":"https:\/\/hoyre.no\/troms\/#website"},"datePublished":"2026-04-27T10:04:04+00:00","author":{"@id":"https:\/\/hoyre.no\/troms\/#\/schema\/person\/3d43c1a64e3b9eaa414dd5b19ee21247"},"breadcrumb":{"@id":"https:\/\/hoyre.no\/troms\/aktuelt\/det-er-forskjell-pa-hvor-vi-bor\/#breadcrumb"},"inLanguage":"nb-NO","potentialAction":[{"@type":"ReadAction","target":["https:\/\/hoyre.no\/troms\/aktuelt\/det-er-forskjell-pa-hvor-vi-bor\/"]}]},{"@type":"BreadcrumbList","@id":"https:\/\/hoyre.no\/troms\/aktuelt\/det-er-forskjell-pa-hvor-vi-bor\/#breadcrumb","itemListElement":[{"@type":"ListItem","position":1,"name":"Til hoyre.no","item":"https:\/\/hoyre.no"},{"@type":"ListItem","position":2,"name":"Hjem","item":"https:\/\/hoyre.no\/troms\/"},{"@type":"ListItem","position":3,"name":"Det er forskjell p\u00e5 hvor vi bor"}]},{"@type":"WebSite","@id":"https:\/\/hoyre.no\/troms\/#website","url":"https:\/\/hoyre.no\/troms\/","name":"Troms H\u00f8yre","description":"Bare enda et H\u00f8yres nettsteder-nettsted","inLanguage":"nb-NO"},{"@type":"Person","@id":"https:\/\/hoyre.no\/troms\/#\/schema\/person\/3d43c1a64e3b9eaa414dd5b19ee21247","name":"Vanja Terentieff","image":{"@type":"ImageObject","inLanguage":"nb-NO","@id":"https:\/\/hoyre.no\/troms\/#\/schema\/person\/image\/","url":"https:\/\/secure.gravatar.com\/avatar\/5147902dbb74efcf9647da37061c0e25e516b193a83d336759fdf78857787ae7?s=96&d=mm&r=g","contentUrl":"https:\/\/secure.gravatar.com\/avatar\/5147902dbb74efcf9647da37061c0e25e516b193a83d336759fdf78857787ae7?s=96&d=mm&r=g","caption":"Vanja Terentieff"},"url":"https:\/\/hoyre.no\/troms\/aktuelt\/author\/m11212743\/"}]}},"distributor_meta":false,"distributor_terms":false,"distributor_media":false,"distributor_original_site_name":"Troms H\u00f8yre","distributor_original_site_url":"https:\/\/hoyre.no\/troms","push-errors":false,"_links":{"self":[{"href":"https:\/\/hoyre.no\/troms\/wp-json\/wp\/v2\/posts\/1371","targetHints":{"allow":["GET"]}}],"collection":[{"href":"https:\/\/hoyre.no\/troms\/wp-json\/wp\/v2\/posts"}],"about":[{"href":"https:\/\/hoyre.no\/troms\/wp-json\/wp\/v2\/types\/post"}],"author":[{"embeddable":true,"href":"https:\/\/hoyre.no\/troms\/wp-json\/wp\/v2\/users\/442"}],"replies":[{"embeddable":true,"href":"https:\/\/hoyre.no\/troms\/wp-json\/wp\/v2\/comments?post=1371"}],"version-history":[{"count":1,"href":"https:\/\/hoyre.no\/troms\/wp-json\/wp\/v2\/posts\/1371\/revisions"}],"predecessor-version":[{"id":1373,"href":"https:\/\/hoyre.no\/troms\/wp-json\/wp\/v2\/posts\/1371\/revisions\/1373"}],"wp:attachment":[{"href":"https:\/\/hoyre.no\/troms\/wp-json\/wp\/v2\/media?parent=1371"}],"wp:term":[{"taxonomy":"category","embeddable":true,"href":"https:\/\/hoyre.no\/troms\/wp-json\/wp\/v2\/category?post=1371"},{"taxonomy":"post_tag","embeddable":true,"href":"https:\/\/hoyre.no\/troms\/wp-json\/wp\/v2\/post_tag?post=1371"},{"taxonomy":"hoyre-visibility","embeddable":true,"href":"https:\/\/hoyre.no\/troms\/wp-json\/wp\/v2\/hoyre-visibility?post=1371"},{"taxonomy":"article-type","embeddable":true,"href":"https:\/\/hoyre.no\/troms\/wp-json\/wp\/v2\/article-type?post=1371"},{"taxonomy":"politician","embeddable":true,"href":"https:\/\/hoyre.no\/troms\/wp-json\/wp\/v2\/politician?post=1371"}],"curies":[{"name":"wp","href":"https:\/\/api.w.org\/{rel}","templated":true}]}}