{"id":149,"date":"2020-05-13T22:00:00","date_gmt":"2020-05-13T20:00:00","guid":{"rendered":"https:\/\/hoyre.no\/trondelag\/aktuelt\/frivillighetssentralene_en_suksesshistorie_vi_skal_ta_vare_pa\/"},"modified":"2020-05-13T22:00:00","modified_gmt":"2020-05-13T20:00:00","slug":"frivillighetssentralene_en_suksesshistorie_vi_skal_ta_vare_pa","status":"publish","type":"post","link":"https:\/\/hoyre.no\/trondelag\/aktuelt\/frivillighetssentralene_en_suksesshistorie_vi_skal_ta_vare_pa\/","title":{"rendered":"Frivillighetssentralene \u2013 en suksesshistorie vi skal ta vare p\u00e5"},"content":{"rendered":"<p class=\"preamble\">Frivillighetenerviktig forb\u00e5dekommuner og innbyggere over hele landet. N\u00e5 m\u00e5 vi alle s\u00f8rge for \u00e5 bidra til \u00e5 at suksesshistorienmed frivilligsentralerkan fortsette i \u00e5rene fremover.<\/p>\t\t\t<div class=\"post-meta wp-block teft-byline-wrapper\">\n\t\t\t\t<div class=\"top\">\n\t\t\t\t\t<div class=\"signature\">\n\t\t\t\t\t\t<div class=\"teft-byline\">\n\t\t\t\t\t\t\t\t\t\t\t\t\t\t<div>\n\t\t\t\t\t\t\t\t<h3>H\u00f8yres redaksjon<\/h3>\t\t\t\t\t\t\t\t\n\t\t\t\t\t\t\t\t\t\t\t\t\t\t\t\t\t<span class=\"date\">Sist oppdatert: 13. mai 2020<\/span>\n\t\t\t\t\t\t\t\t\t\t\t\t\t\t\t\t\t\t\t\t\t\t\t\t\t<span class=\"reading-time\" itemprop=\"timeRequired\" content=\"PT2M\"><em>Ca. 2 minutter lesetid<\/em><\/span>\n\t\t\t\t\t\t\t\t\t\t\t\t\t\t\t<\/div>\n\t\t\t\t\t\t<\/div>\n\t\t\t\t\t<\/div>\n\t\t\t\t\t\t<div class=\"sharing\">\n\t\t<a class=\"share-button share-link copy-link\" data-copy=\"https:\/\/hoyre.no\/trondelag\/aktuelt\/frivillighetssentralene_en_suksesshistorie_vi_skal_ta_vare_pa\/\" target=\"_blank\"><span class=\"screen-reader-text\">Del link<\/span><\/a>\n\t\t<a class=\"share-button share-twitter\" href=\"http:\/\/twitter.com\/share?text=Frivillighetssentralene \u2013 en suksesshistorie vi skal ta vare p\u00e5&#038;url=https:\/\/hoyre.no\/trondelag\/aktuelt\/frivillighetssentralene_en_suksesshistorie_vi_skal_ta_vare_pa\/&#038;hashtags=Hoyre\" target=\"_blank\"><span class=\"screen-reader-text\">Del p\u00e5 twitter<\/span><\/a>\n\t\t<a class=\"share-button share-facebook\" href=\"https:\/\/www.facebook.com\/sharer\/sharer.php?u=https:\/\/hoyre.no\/trondelag\/aktuelt\/frivillighetssentralene_en_suksesshistorie_vi_skal_ta_vare_pa\/\" target=\"_blank\"><span class=\"screen-reader-text\">Del p\u00e5 facebook<\/span><\/a>\n\t<\/div>\n\t\t\t\t\t<\/div>\n\t\t\t<\/div>\n\n\t\t\t<figure class=\"hoyre-image-wrapper\"><div class=\"hoyre-image\"><img loading=\"lazy\" decoding=\"async\" width=\"2560\" height=\"1439\" src=\"https:\/\/hoyre.no\/content\/uploads\/sites\/13\/2020\/11\/elin_frivillighet_01_16x9-scaled.jpg\" class=\"attachment-scaled size-scaled\" alt=\"\" style=\"object-position: 50% 50%\" srcset=\"https:\/\/hoyre.no\/content\/uploads\/sites\/13\/2020\/11\/elin_frivillighet_01_16x9-scaled.jpg 2560w, https:\/\/hoyre.no\/content\/uploads\/sites\/13\/2020\/11\/elin_frivillighet_01_16x9-300x169.jpg 300w, https:\/\/hoyre.no\/content\/uploads\/sites\/13\/2020\/11\/elin_frivillighet_01_16x9-1024x576.jpg 1024w, https:\/\/hoyre.no\/content\/uploads\/sites\/13\/2020\/11\/elin_frivillighet_01_16x9-768x432.jpg 768w, https:\/\/hoyre.no\/content\/uploads\/sites\/13\/2020\/11\/elin_frivillighet_01_16x9-1536x863.jpg 1536w, https:\/\/hoyre.no\/content\/uploads\/sites\/13\/2020\/11\/elin_frivillighet_01_16x9-2048x1151.jpg 2048w\" sizes=\"auto, (max-width: 2560px) 100vw, 2560px\" \/><\/div><\/figure><div id=\"hoyre-old-article-content-wrapper\"><p>  I \u00e5r feirer vi at det er 30 \u00e5r siden dav\u00e6rende sosialminister fra H\u00f8yre, Wenche Frogn Sell\u00e6g inspirerte kommunene til \u00e5 starte opp det som ble hetende frivillighetssentraler for lokalt forankrede m\u00f8teplasser, \u00e5pen for alle som har lyst til \u00e5 delta innen frivillig virksomhet. <\/p><p>Allerede \u00e5ret etter fikk frivillighetssentralene sin f\u00f8rste bevilgning over statsbudsjettet. Det ble startskuddet for suksesshistorie innenfor frivilligheten, og i dag finnes det 468 frivillighetssentraler over hele Norge.  <\/p><p>Frivilligheten har lenge v\u00e6rt en av H\u00f8yres hjertesaker. Frivillighet er ikke noe en stat kan skape og tre ned over sine innbyggere. Det er noe som skjer lokalt gjennom ildsjeler.  <\/p><p>H\u00f8yre i regjering har gitt kommunene mulighet til \u00e5 gjennomf\u00f8re frivillighetspolitikken p\u00e5 en m\u00e5te de mener er best lokalt. Bevilgningene har \u00f8kt ogs\u00e5 i \u00e5r og n\u00e5 g\u00e5r om lag 200 millioner kroner g\u00e5r til frivilligsentralene i 2020. <\/p><p>Gjennom forenklingsarbeidet med kommune\u00f8konomien har det tidligere v\u00e6rt varslet at tilskuddet fra neste \u00e5r skulle fordeles etter innbyggertall som erstatning for antall frivilligsentraler. Vi har sett innvendingene mot dette og regjeringen videref\u00f8rer n\u00e5 dagens ordning inn i 2021. Dermed ivaretar vi at midlene fortsatt fordeles etter antall frivilligsentraler.<\/p><p>N\u00e5 m\u00e5 landets lokale folkevalgte f\u00f8lge opp slik at vi sammen l\u00f8fter den verdien frivilligheten lokalt og det arbeidet frivilligsentralene skaper, og den viktige m\u00f8teplassen de er for veldig mange. N\u00e5 som regjeringen \u00f8ker bevilgningene til frivilligsentralene, h\u00e5per vi at kommunene f\u00f8lger etter og t\u00f8r satse for fremtiden.<\/p><\/div>\n<div class=\"tags\">\n\t<\/div>\n<div class=\"post-footer alignfull has-background block-editor-block-list__block\" data-align=full>\n\t<div class=\"post-footer-inner\">\n\t\t<h3>Relaterte artikler<\/h3>\n\t\t<div class=\"related-content\"><div class=\"is-card-hoyre\">\n\t<div class=\"teft-card hoyre-teft-card post-teft-card\">\n\t\t<a href=\"https:\/\/hoyre.no\/trondelag\/aktuelt\/informasjons-om-nominasjonsprosessen-ved-fylkestingsvalget-2027\/\" class=\"teft-card__primary-action\">\n\n\t\t\t<div class=\"teft-card__media teft-card__media--16-9 no-image\"><\/div>\n\t\t\t<div class=\"teft-card__content-wrapper\">\n\t\t\t\t<div class=\"teft-card__secondary\">\n\t\t\t\t\t\n\t\t\t\t\t\t\t\t<div class=\"teft-card__meta\">\n\t\t\t\t\t\t\t\t\t<span class=\"post-date\">18. apr 2026<\/span>\n\n\t\t\t\t\t\t\t\t\t\t\t\t\t\t\t\t\t<\/div>\n\t\t\t\t\t\t\t\t\t\t\t<\/div>\n\n\t\t\t\t<div class=\"teft-card__primary\">\n\t\t\t\t\t<h2 class=\"teft-card__title\">Informasjon om nominasjonsprosessen ved fylkestingsvalget 2027&nbsp;<span class=\"teft-card__primary-title-append\"><\/span><\/h2>\t\t\t\t<\/div>\n\t\t\t<\/div>\n\t\t<\/a>\n\t<\/div>\n\n\t<\/div><div class=\"is-card-hoyre\">\n\t<div class=\"teft-card hoyre-teft-card post-teft-card\">\n\t\t<a href=\"https:\/\/hoyre.no\/trondelag\/aktuelt\/offentliggjoring-av-svar-fra-kandidater-ved-forrige-fylkestingsvalg\/\" class=\"teft-card__primary-action\">\n\n\t\t\t<div class=\"teft-card__media teft-card__media--16-9 no-image\"><\/div>\n\t\t\t<div class=\"teft-card__content-wrapper\">\n\t\t\t\t<div class=\"teft-card__secondary\">\n\t\t\t\t\t\n\t\t\t\t\t\t\t\t<div class=\"teft-card__meta\">\n\t\t\t\t\t\t\t\t\t<span class=\"post-date\">18. apr 2026<\/span>\n\n\t\t\t\t\t\t\t\t\t\t\t\t\t\t\t\t\t<\/div>\n\t\t\t\t\t\t\t\t\t\t\t<\/div>\n\n\t\t\t\t<div class=\"teft-card__primary\">\n\t\t\t\t\t<h2 class=\"teft-card__title\">Offentliggj\u00f8ring av svar fra kandidater ved forrige fylkestingsvalg&nbsp;<span class=\"teft-card__primary-title-append\"><\/span><\/h2>\t\t\t\t<\/div>\n\t\t\t<\/div>\n\t\t<\/a>\n\t<\/div>\n\n\t<\/div><div class=\"is-card-hoyre\">\n\t<div class=\"teft-card hoyre-teft-card post-teft-card\">\n\t\t<a href=\"https:\/\/hoyre.no\/trondelag\/aktuelt\/vedtatte-resolusjoner-og-uttalelser-fra-fylkesarsmotet-2026\/\" class=\"teft-card__primary-action\">\n\n\t\t\t<div class=\"teft-card__media teft-card__media--16-9 no-image\"><\/div>\n\t\t\t<div class=\"teft-card__content-wrapper\">\n\t\t\t\t<div class=\"teft-card__secondary\">\n\t\t\t\t\t\n\t\t\t\t\t\t\t\t<div class=\"teft-card__meta\">\n\t\t\t\t\t\t\t\t\t<span class=\"post-date\">28. jan 2026<\/span>\n\n\t\t\t\t\t\t\t\t\t\t\t\t\t\t\t\t\t<\/div>\n\t\t\t\t\t\t\t\t\t\t\t<\/div>\n\n\t\t\t\t<div class=\"teft-card__primary\">\n\t\t\t\t\t<h2 class=\"teft-card__title\">Vedtatte resolusjoner og uttalelser fra Fylkes\u00e5rsm\u00f8tet 2026&nbsp;<span class=\"teft-card__primary-title-append\"><\/span><\/h2>\t\t\t\t<\/div>\n\t\t\t<\/div>\n\t\t<\/a>\n\t<\/div>\n\n\t<\/div><\/div>\t<\/div>\n<\/div>\n","protected":false},"excerpt":{"rendered":"","protected":false},"author":0,"featured_media":0,"comment_status":"open","ping_status":"open","sticky":false,"template":"","format":"standard","meta":{"teft_cards_image_url":"https:\/\/hoyre.no\/content\/uploads\/sites\/13\/2020\/11\/elin_frivillighet_01_16x9-scaled.jpg","teft_cards_custom_pretitle":"","teft_cards_image_id":148,"teft_cards_image_focal_point_x":0,"teft_cards_image_focal_point_y":0,"teft_cards_title":"","teft_cards_excerpt":"","teft_show_chapters":false,"author_display_name":"Av stortingsrepresentantene Elin Agdestein og Norunn Tveiten Benestad (H)","footnotes":""},"category":[1],"post_tag":[],"hoyre-visibility":[],"article-type":[],"politician":[],"class_list":["post-149","post","type-post","status-publish","format-standard","hentry","category-ukategorisert"],"yoast_head":"<!-- This site is optimized with the Yoast SEO plugin v26.6 - https:\/\/yoast.com\/wordpress\/plugins\/seo\/ -->\n<title>Frivillighetssentralene \u2013 en suksesshistorie vi skal ta vare p\u00e5 - Tr\u00f8ndelag H\u00f8yre<\/title>\n<meta name=\"robots\" content=\"index, follow, max-snippet:-1, max-image-preview:large, max-video-preview:-1\" \/>\n<link rel=\"canonical\" href=\"https:\/\/hoyre.no\/trondelag\/aktuelt\/frivillighetssentralene_en_suksesshistorie_vi_skal_ta_vare_pa\/\" \/>\n<meta property=\"og:locale\" content=\"nb_NO\" \/>\n<meta property=\"og:type\" content=\"article\" \/>\n<meta property=\"og:title\" content=\"Frivillighetssentralene \u2013 en suksesshistorie vi skal ta vare p\u00e5 - Tr\u00f8ndelag H\u00f8yre\" \/>\n<meta property=\"og:url\" content=\"https:\/\/hoyre.no\/trondelag\/aktuelt\/frivillighetssentralene_en_suksesshistorie_vi_skal_ta_vare_pa\/\" \/>\n<meta property=\"og:site_name\" content=\"Tr\u00f8ndelag H\u00f8yre\" \/>\n<meta property=\"article:published_time\" content=\"2020-05-13T20:00:00+00:00\" \/>\n<meta property=\"og:image\" content=\"https:\/\/hoyre.no\/content\/uploads\/sites\/13\/2022\/11\/Hoyres-logo.png\" \/>\n\t<meta property=\"og:image:width\" content=\"1000\" \/>\n\t<meta property=\"og:image:height\" content=\"1000\" \/>\n\t<meta property=\"og:image:type\" content=\"image\/png\" \/>\n<meta name=\"twitter:card\" content=\"summary_large_image\" \/>\n<meta name=\"twitter:label1\" content=\"Ansl. lesetid\" \/>\n\t<meta name=\"twitter:data1\" content=\"1 minutt\" \/>\n<script type=\"application\/ld+json\" class=\"yoast-schema-graph\">{\"@context\":\"https:\/\/schema.org\",\"@graph\":[{\"@type\":\"NewsArticle\",\"@id\":\"https:\/\/hoyre.no\/trondelag\/aktuelt\/frivillighetssentralene_en_suksesshistorie_vi_skal_ta_vare_pa\/\",\"url\":\"https:\/\/hoyre.no\/trondelag\/aktuelt\/frivillighetssentralene_en_suksesshistorie_vi_skal_ta_vare_pa\/\",\"name\":\"Frivillighetssentralene \u2013 en suksesshistorie vi skal ta vare p\u00e5 - Tr\u00f8ndelag H\u00f8yre\",\"isPartOf\":{\"@id\":\"https:\/\/hoyre.no\/trondelag\/#website\"},\"datePublished\":\"2020-05-13T20:00:00+00:00\",\"author\":{\"@id\":\"\"},\"breadcrumb\":{\"@id\":\"https:\/\/hoyre.no\/trondelag\/aktuelt\/frivillighetssentralene_en_suksesshistorie_vi_skal_ta_vare_pa\/#breadcrumb\"},\"inLanguage\":\"nb-NO\",\"potentialAction\":[{\"@type\":\"ReadAction\",\"target\":[\"https:\/\/hoyre.no\/trondelag\/aktuelt\/frivillighetssentralene_en_suksesshistorie_vi_skal_ta_vare_pa\/\"]}]},{\"@type\":\"BreadcrumbList\",\"@id\":\"https:\/\/hoyre.no\/trondelag\/aktuelt\/frivillighetssentralene_en_suksesshistorie_vi_skal_ta_vare_pa\/#breadcrumb\",\"itemListElement\":[{\"@type\":\"ListItem\",\"position\":1,\"name\":\"Til hoyre.no\",\"item\":\"https:\/\/hoyre.no\"},{\"@type\":\"ListItem\",\"position\":2,\"name\":\"Hjem\",\"item\":\"https:\/\/hoyre.no\/trondelag\/\"},{\"@type\":\"ListItem\",\"position\":3,\"name\":\"Frivillighetssentralene \u2013 en suksesshistorie vi skal ta vare p\u00e5\"}]},{\"@type\":\"WebSite\",\"@id\":\"https:\/\/hoyre.no\/trondelag\/#website\",\"url\":\"https:\/\/hoyre.no\/trondelag\/\",\"name\":\"Tr\u00f8ndelag H\u00f8yre\",\"description\":\"Bare enda et H\u00f8yres nettsteder-nettsted\",\"inLanguage\":\"nb-NO\"}]}<\/script>\n<!-- \/ Yoast SEO plugin. -->","yoast_head_json":{"title":"Frivillighetssentralene \u2013 en suksesshistorie vi skal ta vare p\u00e5 - Tr\u00f8ndelag H\u00f8yre","robots":{"index":"index","follow":"follow","max-snippet":"max-snippet:-1","max-image-preview":"max-image-preview:large","max-video-preview":"max-video-preview:-1"},"canonical":"https:\/\/hoyre.no\/trondelag\/aktuelt\/frivillighetssentralene_en_suksesshistorie_vi_skal_ta_vare_pa\/","og_locale":"nb_NO","og_type":"article","og_title":"Frivillighetssentralene \u2013 en suksesshistorie vi skal ta vare p\u00e5 - Tr\u00f8ndelag H\u00f8yre","og_url":"https:\/\/hoyre.no\/trondelag\/aktuelt\/frivillighetssentralene_en_suksesshistorie_vi_skal_ta_vare_pa\/","og_site_name":"Tr\u00f8ndelag H\u00f8yre","article_published_time":"2020-05-13T20:00:00+00:00","og_image":[{"width":1000,"height":1000,"url":"https:\/\/hoyre.no\/content\/uploads\/sites\/13\/2022\/11\/Hoyres-logo.png","type":"image\/png"}],"twitter_card":"summary_large_image","twitter_misc":{"Ansl. lesetid":"1 minutt"},"schema":{"@context":"https:\/\/schema.org","@graph":[{"@type":"NewsArticle","@id":"https:\/\/hoyre.no\/trondelag\/aktuelt\/frivillighetssentralene_en_suksesshistorie_vi_skal_ta_vare_pa\/","url":"https:\/\/hoyre.no\/trondelag\/aktuelt\/frivillighetssentralene_en_suksesshistorie_vi_skal_ta_vare_pa\/","name":"Frivillighetssentralene \u2013 en suksesshistorie vi skal ta vare p\u00e5 - Tr\u00f8ndelag H\u00f8yre","isPartOf":{"@id":"https:\/\/hoyre.no\/trondelag\/#website"},"datePublished":"2020-05-13T20:00:00+00:00","author":{"@id":""},"breadcrumb":{"@id":"https:\/\/hoyre.no\/trondelag\/aktuelt\/frivillighetssentralene_en_suksesshistorie_vi_skal_ta_vare_pa\/#breadcrumb"},"inLanguage":"nb-NO","potentialAction":[{"@type":"ReadAction","target":["https:\/\/hoyre.no\/trondelag\/aktuelt\/frivillighetssentralene_en_suksesshistorie_vi_skal_ta_vare_pa\/"]}]},{"@type":"BreadcrumbList","@id":"https:\/\/hoyre.no\/trondelag\/aktuelt\/frivillighetssentralene_en_suksesshistorie_vi_skal_ta_vare_pa\/#breadcrumb","itemListElement":[{"@type":"ListItem","position":1,"name":"Til hoyre.no","item":"https:\/\/hoyre.no"},{"@type":"ListItem","position":2,"name":"Hjem","item":"https:\/\/hoyre.no\/trondelag\/"},{"@type":"ListItem","position":3,"name":"Frivillighetssentralene \u2013 en suksesshistorie vi skal ta vare p\u00e5"}]},{"@type":"WebSite","@id":"https:\/\/hoyre.no\/trondelag\/#website","url":"https:\/\/hoyre.no\/trondelag\/","name":"Tr\u00f8ndelag H\u00f8yre","description":"Bare enda et H\u00f8yres nettsteder-nettsted","inLanguage":"nb-NO"}]}},"distributor_meta":false,"distributor_terms":false,"distributor_media":false,"distributor_original_site_name":"Tr\u00f8ndelag H\u00f8yre","distributor_original_site_url":"https:\/\/hoyre.no\/trondelag","push-errors":false,"_links":{"self":[{"href":"https:\/\/hoyre.no\/trondelag\/wp-json\/wp\/v2\/posts\/149","targetHints":{"allow":["GET"]}}],"collection":[{"href":"https:\/\/hoyre.no\/trondelag\/wp-json\/wp\/v2\/posts"}],"about":[{"href":"https:\/\/hoyre.no\/trondelag\/wp-json\/wp\/v2\/types\/post"}],"replies":[{"embeddable":true,"href":"https:\/\/hoyre.no\/trondelag\/wp-json\/wp\/v2\/comments?post=149"}],"version-history":[{"count":0,"href":"https:\/\/hoyre.no\/trondelag\/wp-json\/wp\/v2\/posts\/149\/revisions"}],"wp:attachment":[{"href":"https:\/\/hoyre.no\/trondelag\/wp-json\/wp\/v2\/media?parent=149"}],"wp:term":[{"taxonomy":"category","embeddable":true,"href":"https:\/\/hoyre.no\/trondelag\/wp-json\/wp\/v2\/category?post=149"},{"taxonomy":"post_tag","embeddable":true,"href":"https:\/\/hoyre.no\/trondelag\/wp-json\/wp\/v2\/post_tag?post=149"},{"taxonomy":"hoyre-visibility","embeddable":true,"href":"https:\/\/hoyre.no\/trondelag\/wp-json\/wp\/v2\/hoyre-visibility?post=149"},{"taxonomy":"article-type","embeddable":true,"href":"https:\/\/hoyre.no\/trondelag\/wp-json\/wp\/v2\/article-type?post=149"},{"taxonomy":"politician","embeddable":true,"href":"https:\/\/hoyre.no\/trondelag\/wp-json\/wp\/v2\/politician?post=149"}],"curies":[{"name":"wp","href":"https:\/\/api.w.org\/{rel}","templated":true}]}}