{"id":202,"date":"2017-11-29T23:00:00","date_gmt":"2017-11-29T22:00:00","guid":{"rendered":"https:\/\/hoyre.no\/trondelag\/aktuelt\/innleieforbud-feil-v\/"},"modified":"2017-11-29T23:00:00","modified_gmt":"2017-11-29T22:00:00","slug":"innleieforbud-feil-v","status":"publish","type":"post","link":"https:\/\/hoyre.no\/trondelag\/aktuelt\/innleieforbud-feil-v\/","title":{"rendered":"Innleieforbud feil vei \u00e5 g\u00e5"},"content":{"rendered":"<p class=\"preamble\">Mens Arild Grande (Ap) tar til orde for \u00e5 brette opp ermene og forby innleid arbeidskraft, er regjeringen allerede godt i gang med b\u00e5de \u00e5 sikre seri\u00f8se forhold og n\u00f8dvendig fleksibilitet i norsk arbeidsliv.<\/p>\t\t\t<div class=\"post-meta wp-block teft-byline-wrapper\">\n\t\t\t\t<div class=\"top\">\n\t\t\t\t\t<div class=\"signature\">\n\t\t\t\t\t\t<div class=\"teft-byline\">\n\t\t\t\t\t\t\t\t\t\t\t\t\t\t<div>\n\t\t\t\t\t\t\t\t<h3>H\u00f8yres redaksjon<\/h3>\t\t\t\t\t\t\t\t\n\t\t\t\t\t\t\t\t\t\t\t\t\t\t\t\t\t<span class=\"date\">Sist oppdatert: 29. november 2017<\/span>\n\t\t\t\t\t\t\t\t\t\t\t\t\t\t\t\t\t\t\t\t\t\t\t\t\t<span class=\"reading-time\" itemprop=\"timeRequired\" content=\"PT2M\"><em>Ca. 2 minutter lesetid<\/em><\/span>\n\t\t\t\t\t\t\t\t\t\t\t\t\t\t\t<\/div>\n\t\t\t\t\t\t<\/div>\n\t\t\t\t\t<\/div>\n\t\t\t\t\t\t<div class=\"sharing\">\n\t\t<a class=\"share-button share-link copy-link\" data-copy=\"https:\/\/hoyre.no\/trondelag\/aktuelt\/innleieforbud-feil-v\/\" target=\"_blank\"><span class=\"screen-reader-text\">Del link<\/span><\/a>\n\t\t<a class=\"share-button share-twitter\" href=\"http:\/\/twitter.com\/share?text=Innleieforbud feil vei \u00e5 g\u00e5&#038;url=https:\/\/hoyre.no\/trondelag\/aktuelt\/innleieforbud-feil-v\/&#038;hashtags=Hoyre\" target=\"_blank\"><span class=\"screen-reader-text\">Del p\u00e5 twitter<\/span><\/a>\n\t\t<a class=\"share-button share-facebook\" href=\"https:\/\/www.facebook.com\/sharer\/sharer.php?u=https:\/\/hoyre.no\/trondelag\/aktuelt\/innleieforbud-feil-v\/\" target=\"_blank\"><span class=\"screen-reader-text\">Del p\u00e5 facebook<\/span><\/a>\n\t<\/div>\n\t\t\t\t\t<\/div>\n\t\t\t<\/div>\n\n\t\t\t<figure class=\"hoyre-image-wrapper\"><div class=\"hoyre-image\"><img loading=\"lazy\" decoding=\"async\" width=\"1851\" height=\"2425\" src=\"https:\/\/hoyre.no\/content\/uploads\/sites\/13\/2020\/11\/elin-agdestein_1.jpg\" class=\"attachment-scaled size-scaled\" alt=\"\" style=\"object-position: 50% 50%\" srcset=\"https:\/\/hoyre.no\/content\/uploads\/sites\/13\/2020\/11\/elin-agdestein_1.jpg 1851w, https:\/\/hoyre.no\/content\/uploads\/sites\/13\/2020\/11\/elin-agdestein_1-229x300.jpg 229w, https:\/\/hoyre.no\/content\/uploads\/sites\/13\/2020\/11\/elin-agdestein_1-782x1024.jpg 782w, https:\/\/hoyre.no\/content\/uploads\/sites\/13\/2020\/11\/elin-agdestein_1-768x1006.jpg 768w, https:\/\/hoyre.no\/content\/uploads\/sites\/13\/2020\/11\/elin-agdestein_1-1172x1536.jpg 1172w, https:\/\/hoyre.no\/content\/uploads\/sites\/13\/2020\/11\/elin-agdestein_1-1563x2048.jpg 1563w\" sizes=\"auto, (max-width: 1851px) 100vw, 1851px\" \/><\/div><\/figure><div id=\"hoyre-old-article-content-wrapper\"><div>H\u00f8yre jobber kontinuerlig for \u00e5 bekjempe useri\u00f8se akt\u00f8rer og arbeidslivskriminalitet som undergraver norske arbeidsplasser og den norske modellen. Men selv om deler av bygg- og anleggsbransjen i hovedstaden melder om utfordringer knyttet til akt\u00f8rer som nesten utelukkende bruker innleid arbeidskraft, mener H\u00f8yre forbud er feil l\u00f8sning. I stedet for \u00e5 l\u00f8se problemet, vil dette skape nye utfordringer for eiere og ansatte av seri\u00f8se virksomheter som trenger den fleksibiliteten innleie gir. <\/div><div><\/div><div>Selv om alle er enige om at fast ansettelse er og skal v\u00e6re hovedregelen i norsk arbeidsliv, er det behov for fleksibilitet for \u00e5 dekke opp ved legitime behov for \u00e5 leie inn arbeidskraft relatert til variasjoner i oppdragsmengden, noe som er ganske vanlig innen bygg- og anleggsbransjen. Innleieforbud er heller ikke en god l\u00f8sning for arbeidstakerne. Krav om faste ansettelser for \u00e5 ta midlertidige topper, kan f\u00f8re til flere permitteringer eller oppsigelser n\u00e5r oppdragsmengden normaliseres.<\/div><div><\/div><div>Useri\u00f8se akt\u00f8rer og arbeidslivskriminalitet undergraver norsk n\u00e6ringsliv og norske arbeidsplasser. Nettopp derfor er kampen mot arbeidslivskriminalitet trappet opp. I l\u00f8pet av de fire f\u00f8rste \u00e5rene i regjering, ble det opprettet syv sentre mot arbeidslivskriminalitet som allerede gir sv\u00e6rt gode resultater. I fjor ble 3200 virksomheter kontrollert, dobbelt s\u00e5 mange som \u00e5ret f\u00f8r, og 254 kriminelle nettverk er avsl\u00f8rt.<\/div><div><\/div><div>Allerede f\u00f8r sommeren foreslo H\u00f8yre grep for \u00e5 sl\u00e5 ned p\u00e5 de useri\u00f8se akt\u00f8rene.  Det ble foresl\u00e5tt en presisering av \u00abfast ansettelse\u00bb, for \u00e5 sikre forutsigbarhet for arbeid og et fullt stillingsvern. Vi lanserte ogs\u00e5 en l\u00f8sning i form av en kvote for antall innleide i virksomheten. I tillegg ble det foresl\u00e5tt en ny hjemmel for midlertidig ansatte i bemanningsbyr\u00e5, n\u00e5r arbeidstaker skal leies ut til reelle vikariater. H\u00f8ringen er akkurat ferdig, og innspillene er n\u00e5 til vurdering av regjeringen. <\/div><div><\/div><div>Det er behov for \u00f8kt samordnet innsats mot arbeidslivskriminalitet p\u00e5 europeisk niv\u00e5. Regjeringen har derfor nylig invitert EU til et utvidet samarbeid for \u00e5 stanse de kriminelle akt\u00f8rene.<\/div><div><\/div><div>Mens Arbeiderpartiet vil ha et midlertidig forbud, s\u00f8rger regjeringen for langvarige tiltak for b\u00e5de \u00e5 sikre seri\u00f8se forhold og n\u00f8dvendig fleksibilitet i norsk arbeidsliv. <\/div><\/div>\n<div class=\"tags\">\n\t<\/div>\n<div class=\"post-footer alignfull has-background block-editor-block-list__block\" data-align=full>\n\t<div class=\"post-footer-inner\">\n\t\t<h3>Relaterte artikler<\/h3>\n\t\t<div class=\"related-content\"><div class=\"is-card-hoyre\">\n\t<div class=\"teft-card hoyre-teft-card post-teft-card\">\n\t\t<a href=\"https:\/\/hoyre.no\/trondelag\/aktuelt\/informasjons-om-nominasjonsprosessen-ved-fylkestingsvalget-2027\/\" class=\"teft-card__primary-action\">\n\n\t\t\t<div class=\"teft-card__media teft-card__media--16-9 no-image\"><\/div>\n\t\t\t<div class=\"teft-card__content-wrapper\">\n\t\t\t\t<div class=\"teft-card__secondary\">\n\t\t\t\t\t\n\t\t\t\t\t\t\t\t<div class=\"teft-card__meta\">\n\t\t\t\t\t\t\t\t\t<span class=\"post-date\">18. apr 2026<\/span>\n\n\t\t\t\t\t\t\t\t\t\t\t\t\t\t\t\t\t<\/div>\n\t\t\t\t\t\t\t\t\t\t\t<\/div>\n\n\t\t\t\t<div class=\"teft-card__primary\">\n\t\t\t\t\t<h2 class=\"teft-card__title\">Informasjon om nominasjonsprosessen ved fylkestingsvalget 2027&nbsp;<span class=\"teft-card__primary-title-append\"><\/span><\/h2>\t\t\t\t<\/div>\n\t\t\t<\/div>\n\t\t<\/a>\n\t<\/div>\n\n\t<\/div><div class=\"is-card-hoyre\">\n\t<div class=\"teft-card hoyre-teft-card post-teft-card\">\n\t\t<a href=\"https:\/\/hoyre.no\/trondelag\/aktuelt\/offentliggjoring-av-svar-fra-kandidater-ved-forrige-fylkestingsvalg\/\" class=\"teft-card__primary-action\">\n\n\t\t\t<div class=\"teft-card__media teft-card__media--16-9 no-image\"><\/div>\n\t\t\t<div class=\"teft-card__content-wrapper\">\n\t\t\t\t<div class=\"teft-card__secondary\">\n\t\t\t\t\t\n\t\t\t\t\t\t\t\t<div class=\"teft-card__meta\">\n\t\t\t\t\t\t\t\t\t<span class=\"post-date\">18. apr 2026<\/span>\n\n\t\t\t\t\t\t\t\t\t\t\t\t\t\t\t\t\t<\/div>\n\t\t\t\t\t\t\t\t\t\t\t<\/div>\n\n\t\t\t\t<div class=\"teft-card__primary\">\n\t\t\t\t\t<h2 class=\"teft-card__title\">Offentliggj\u00f8ring av svar fra kandidater ved forrige fylkestingsvalg&nbsp;<span class=\"teft-card__primary-title-append\"><\/span><\/h2>\t\t\t\t<\/div>\n\t\t\t<\/div>\n\t\t<\/a>\n\t<\/div>\n\n\t<\/div><div class=\"is-card-hoyre\">\n\t<div class=\"teft-card hoyre-teft-card post-teft-card\">\n\t\t<a href=\"https:\/\/hoyre.no\/trondelag\/aktuelt\/vedtatte-resolusjoner-og-uttalelser-fra-fylkesarsmotet-2026\/\" class=\"teft-card__primary-action\">\n\n\t\t\t<div class=\"teft-card__media teft-card__media--16-9 no-image\"><\/div>\n\t\t\t<div class=\"teft-card__content-wrapper\">\n\t\t\t\t<div class=\"teft-card__secondary\">\n\t\t\t\t\t\n\t\t\t\t\t\t\t\t<div class=\"teft-card__meta\">\n\t\t\t\t\t\t\t\t\t<span class=\"post-date\">28. jan 2026<\/span>\n\n\t\t\t\t\t\t\t\t\t\t\t\t\t\t\t\t\t<\/div>\n\t\t\t\t\t\t\t\t\t\t\t<\/div>\n\n\t\t\t\t<div class=\"teft-card__primary\">\n\t\t\t\t\t<h2 class=\"teft-card__title\">Vedtatte resolusjoner og uttalelser fra Fylkes\u00e5rsm\u00f8tet 2026&nbsp;<span class=\"teft-card__primary-title-append\"><\/span><\/h2>\t\t\t\t<\/div>\n\t\t\t<\/div>\n\t\t<\/a>\n\t<\/div>\n\n\t<\/div><\/div>\t<\/div>\n<\/div>\n","protected":false},"excerpt":{"rendered":"","protected":false},"author":0,"featured_media":0,"comment_status":"open","ping_status":"open","sticky":false,"template":"","format":"standard","meta":{"teft_cards_image_url":"https:\/\/hoyre.no\/content\/uploads\/sites\/13\/2020\/11\/elin-agdestein_1.jpg","teft_cards_custom_pretitle":"","teft_cards_image_id":201,"teft_cards_image_focal_point_x":0,"teft_cards_image_focal_point_y":0,"teft_cards_title":"","teft_cards_excerpt":"","teft_show_chapters":false,"author_display_name":"Av Elin Agdestein, stortingsrepresentant Nord-Tr\u00f8ndelag (H)","footnotes":""},"category":[1],"post_tag":[],"hoyre-visibility":[],"article-type":[],"politician":[],"class_list":["post-202","post","type-post","status-publish","format-standard","hentry","category-ukategorisert"],"yoast_head":"<!-- This site is optimized with the Yoast SEO plugin v26.6 - https:\/\/yoast.com\/wordpress\/plugins\/seo\/ -->\n<title>Innleieforbud feil vei \u00e5 g\u00e5 - Tr\u00f8ndelag H\u00f8yre<\/title>\n<meta name=\"robots\" content=\"index, follow, max-snippet:-1, max-image-preview:large, max-video-preview:-1\" \/>\n<link rel=\"canonical\" href=\"https:\/\/hoyre.no\/trondelag\/aktuelt\/innleieforbud-feil-v\/\" \/>\n<meta property=\"og:locale\" content=\"nb_NO\" \/>\n<meta property=\"og:type\" content=\"article\" \/>\n<meta property=\"og:title\" content=\"Innleieforbud feil vei \u00e5 g\u00e5 - Tr\u00f8ndelag H\u00f8yre\" \/>\n<meta property=\"og:url\" content=\"https:\/\/hoyre.no\/trondelag\/aktuelt\/innleieforbud-feil-v\/\" \/>\n<meta property=\"og:site_name\" content=\"Tr\u00f8ndelag H\u00f8yre\" \/>\n<meta property=\"article:published_time\" content=\"2017-11-29T22:00:00+00:00\" \/>\n<meta property=\"og:image\" content=\"https:\/\/hoyre.no\/content\/uploads\/sites\/13\/2022\/11\/Hoyres-logo.png\" \/>\n\t<meta property=\"og:image:width\" content=\"1000\" \/>\n\t<meta property=\"og:image:height\" content=\"1000\" \/>\n\t<meta property=\"og:image:type\" content=\"image\/png\" \/>\n<meta name=\"twitter:card\" content=\"summary_large_image\" \/>\n<meta name=\"twitter:label1\" content=\"Ansl. lesetid\" \/>\n\t<meta name=\"twitter:data1\" content=\"2 minutter\" \/>\n<script type=\"application\/ld+json\" class=\"yoast-schema-graph\">{\"@context\":\"https:\/\/schema.org\",\"@graph\":[{\"@type\":\"NewsArticle\",\"@id\":\"https:\/\/hoyre.no\/trondelag\/aktuelt\/innleieforbud-feil-v\/\",\"url\":\"https:\/\/hoyre.no\/trondelag\/aktuelt\/innleieforbud-feil-v\/\",\"name\":\"Innleieforbud feil vei \u00e5 g\u00e5 - Tr\u00f8ndelag H\u00f8yre\",\"isPartOf\":{\"@id\":\"https:\/\/hoyre.no\/trondelag\/#website\"},\"datePublished\":\"2017-11-29T22:00:00+00:00\",\"author\":{\"@id\":\"\"},\"breadcrumb\":{\"@id\":\"https:\/\/hoyre.no\/trondelag\/aktuelt\/innleieforbud-feil-v\/#breadcrumb\"},\"inLanguage\":\"nb-NO\",\"potentialAction\":[{\"@type\":\"ReadAction\",\"target\":[\"https:\/\/hoyre.no\/trondelag\/aktuelt\/innleieforbud-feil-v\/\"]}]},{\"@type\":\"BreadcrumbList\",\"@id\":\"https:\/\/hoyre.no\/trondelag\/aktuelt\/innleieforbud-feil-v\/#breadcrumb\",\"itemListElement\":[{\"@type\":\"ListItem\",\"position\":1,\"name\":\"Til hoyre.no\",\"item\":\"https:\/\/hoyre.no\"},{\"@type\":\"ListItem\",\"position\":2,\"name\":\"Hjem\",\"item\":\"https:\/\/hoyre.no\/trondelag\/\"},{\"@type\":\"ListItem\",\"position\":3,\"name\":\"Innleieforbud feil vei \u00e5 g\u00e5\"}]},{\"@type\":\"WebSite\",\"@id\":\"https:\/\/hoyre.no\/trondelag\/#website\",\"url\":\"https:\/\/hoyre.no\/trondelag\/\",\"name\":\"Tr\u00f8ndelag H\u00f8yre\",\"description\":\"Bare enda et H\u00f8yres nettsteder-nettsted\",\"inLanguage\":\"nb-NO\"}]}<\/script>\n<!-- \/ Yoast SEO plugin. -->","yoast_head_json":{"title":"Innleieforbud feil vei \u00e5 g\u00e5 - Tr\u00f8ndelag H\u00f8yre","robots":{"index":"index","follow":"follow","max-snippet":"max-snippet:-1","max-image-preview":"max-image-preview:large","max-video-preview":"max-video-preview:-1"},"canonical":"https:\/\/hoyre.no\/trondelag\/aktuelt\/innleieforbud-feil-v\/","og_locale":"nb_NO","og_type":"article","og_title":"Innleieforbud feil vei \u00e5 g\u00e5 - Tr\u00f8ndelag H\u00f8yre","og_url":"https:\/\/hoyre.no\/trondelag\/aktuelt\/innleieforbud-feil-v\/","og_site_name":"Tr\u00f8ndelag H\u00f8yre","article_published_time":"2017-11-29T22:00:00+00:00","og_image":[{"width":1000,"height":1000,"url":"https:\/\/hoyre.no\/content\/uploads\/sites\/13\/2022\/11\/Hoyres-logo.png","type":"image\/png"}],"twitter_card":"summary_large_image","twitter_misc":{"Ansl. lesetid":"2 minutter"},"schema":{"@context":"https:\/\/schema.org","@graph":[{"@type":"NewsArticle","@id":"https:\/\/hoyre.no\/trondelag\/aktuelt\/innleieforbud-feil-v\/","url":"https:\/\/hoyre.no\/trondelag\/aktuelt\/innleieforbud-feil-v\/","name":"Innleieforbud feil vei \u00e5 g\u00e5 - Tr\u00f8ndelag H\u00f8yre","isPartOf":{"@id":"https:\/\/hoyre.no\/trondelag\/#website"},"datePublished":"2017-11-29T22:00:00+00:00","author":{"@id":""},"breadcrumb":{"@id":"https:\/\/hoyre.no\/trondelag\/aktuelt\/innleieforbud-feil-v\/#breadcrumb"},"inLanguage":"nb-NO","potentialAction":[{"@type":"ReadAction","target":["https:\/\/hoyre.no\/trondelag\/aktuelt\/innleieforbud-feil-v\/"]}]},{"@type":"BreadcrumbList","@id":"https:\/\/hoyre.no\/trondelag\/aktuelt\/innleieforbud-feil-v\/#breadcrumb","itemListElement":[{"@type":"ListItem","position":1,"name":"Til hoyre.no","item":"https:\/\/hoyre.no"},{"@type":"ListItem","position":2,"name":"Hjem","item":"https:\/\/hoyre.no\/trondelag\/"},{"@type":"ListItem","position":3,"name":"Innleieforbud feil vei \u00e5 g\u00e5"}]},{"@type":"WebSite","@id":"https:\/\/hoyre.no\/trondelag\/#website","url":"https:\/\/hoyre.no\/trondelag\/","name":"Tr\u00f8ndelag H\u00f8yre","description":"Bare enda et H\u00f8yres nettsteder-nettsted","inLanguage":"nb-NO"}]}},"distributor_meta":false,"distributor_terms":false,"distributor_media":false,"distributor_original_site_name":"Tr\u00f8ndelag H\u00f8yre","distributor_original_site_url":"https:\/\/hoyre.no\/trondelag","push-errors":false,"_links":{"self":[{"href":"https:\/\/hoyre.no\/trondelag\/wp-json\/wp\/v2\/posts\/202","targetHints":{"allow":["GET"]}}],"collection":[{"href":"https:\/\/hoyre.no\/trondelag\/wp-json\/wp\/v2\/posts"}],"about":[{"href":"https:\/\/hoyre.no\/trondelag\/wp-json\/wp\/v2\/types\/post"}],"replies":[{"embeddable":true,"href":"https:\/\/hoyre.no\/trondelag\/wp-json\/wp\/v2\/comments?post=202"}],"version-history":[{"count":0,"href":"https:\/\/hoyre.no\/trondelag\/wp-json\/wp\/v2\/posts\/202\/revisions"}],"wp:attachment":[{"href":"https:\/\/hoyre.no\/trondelag\/wp-json\/wp\/v2\/media?parent=202"}],"wp:term":[{"taxonomy":"category","embeddable":true,"href":"https:\/\/hoyre.no\/trondelag\/wp-json\/wp\/v2\/category?post=202"},{"taxonomy":"post_tag","embeddable":true,"href":"https:\/\/hoyre.no\/trondelag\/wp-json\/wp\/v2\/post_tag?post=202"},{"taxonomy":"hoyre-visibility","embeddable":true,"href":"https:\/\/hoyre.no\/trondelag\/wp-json\/wp\/v2\/hoyre-visibility?post=202"},{"taxonomy":"article-type","embeddable":true,"href":"https:\/\/hoyre.no\/trondelag\/wp-json\/wp\/v2\/article-type?post=202"},{"taxonomy":"politician","embeddable":true,"href":"https:\/\/hoyre.no\/trondelag\/wp-json\/wp\/v2\/politician?post=202"}],"curies":[{"name":"wp","href":"https:\/\/api.w.org\/{rel}","templated":true}]}}