{"id":222,"date":"2017-11-27T23:00:00","date_gmt":"2017-11-27T22:00:00","guid":{"rendered":"https:\/\/hoyre.no\/trondelag\/aktuelt\/kritikerne-tok-feil\/"},"modified":"2017-11-27T23:00:00","modified_gmt":"2017-11-27T22:00:00","slug":"kritikerne-tok-feil","status":"publish","type":"post","link":"https:\/\/hoyre.no\/trondelag\/aktuelt\/kritikerne-tok-feil\/","title":{"rendered":"Kritikerne tok feil om frav\u00e6rsgrensa"},"content":{"rendered":"<p class=\"preamble\">Frav\u00e6rsgrensa i videreg\u00e5ende skole er en suksess. Dagfrav\u00e6ret p\u00e5 landsbasis har stupt med 40 %, mens timefrav\u00e6ret er redusert med 25 %. Frav\u00e6ret g\u00e5r ned i alle fylker. Aller mest g\u00e5r frav\u00e6ret ned for de svakeste elevene \u2013 elevene som har st\u00f8rst frav\u00e6r.<\/p>\t\t\t<div class=\"post-meta wp-block teft-byline-wrapper\">\n\t\t\t\t<div class=\"top\">\n\t\t\t\t\t<div class=\"signature\">\n\t\t\t\t\t\t<div class=\"teft-byline\">\n\t\t\t\t\t\t\t\t\t\t\t\t\t\t<div>\n\t\t\t\t\t\t\t\t<h3>H\u00f8yres redaksjon<\/h3>\t\t\t\t\t\t\t\t\n\t\t\t\t\t\t\t\t\t\t\t\t\t\t\t\t\t<span class=\"date\">Sist oppdatert: 27. november 2017<\/span>\n\t\t\t\t\t\t\t\t\t\t\t\t\t\t\t\t\t\t\t\t\t\t\t\t\t<span class=\"reading-time\" itemprop=\"timeRequired\" content=\"PT2M\"><em>Ca. 2 minutter lesetid<\/em><\/span>\n\t\t\t\t\t\t\t\t\t\t\t\t\t\t\t<\/div>\n\t\t\t\t\t\t<\/div>\n\t\t\t\t\t<\/div>\n\t\t\t\t\t\t<div class=\"sharing\">\n\t\t<a class=\"share-button share-link copy-link\" data-copy=\"https:\/\/hoyre.no\/trondelag\/aktuelt\/kritikerne-tok-feil\/\" target=\"_blank\"><span class=\"screen-reader-text\">Del link<\/span><\/a>\n\t\t<a class=\"share-button share-twitter\" href=\"http:\/\/twitter.com\/share?text=Kritikerne tok feil om frav\u00e6rsgrensa&#038;url=https:\/\/hoyre.no\/trondelag\/aktuelt\/kritikerne-tok-feil\/&#038;hashtags=Hoyre\" target=\"_blank\"><span class=\"screen-reader-text\">Del p\u00e5 twitter<\/span><\/a>\n\t\t<a class=\"share-button share-facebook\" href=\"https:\/\/www.facebook.com\/sharer\/sharer.php?u=https:\/\/hoyre.no\/trondelag\/aktuelt\/kritikerne-tok-feil\/\" target=\"_blank\"><span class=\"screen-reader-text\">Del p\u00e5 facebook<\/span><\/a>\n\t<\/div>\n\t\t\t\t\t<\/div>\n\t\t\t<\/div>\n\n\t\t\t<figure class=\"hoyre-image-wrapper\"><div class=\"hoyre-image\"><img loading=\"lazy\" decoding=\"async\" width=\"860\" height=\"513\" src=\"https:\/\/hoyre.no\/content\/uploads\/sites\/13\/2020\/11\/erna-og-torbjorn-fra_1.jpg\" class=\"attachment-scaled size-scaled\" alt=\"\" style=\"object-position: 50% 50%\" srcset=\"https:\/\/hoyre.no\/content\/uploads\/sites\/13\/2020\/11\/erna-og-torbjorn-fra_1.jpg 860w, https:\/\/hoyre.no\/content\/uploads\/sites\/13\/2020\/11\/erna-og-torbjorn-fra_1-300x179.jpg 300w, https:\/\/hoyre.no\/content\/uploads\/sites\/13\/2020\/11\/erna-og-torbjorn-fra_1-768x458.jpg 768w\" sizes=\"auto, (max-width: 860px) 100vw, 860px\" \/><\/div><\/figure><div id=\"hoyre-old-article-content-wrapper\"><div>Utdanningsdirektoratet har n\u00e5 presentert de endelige frav\u00e6rstallene for siste skole\u00e5r og den f\u00f8rste evalueringsrapporten om frav\u00e6rsgrensa. Tallene er gledelige for alle som er opptatt av norske skole. I tillegg til at frav\u00e6ret g\u00e5r ned, er det f\u00e6rre elever som f\u00e5r strykkarakter og f\u00e6rre som faller ut av skolen. <\/div><div><br \/><\/div><div>Her i Nord-Tr\u00f8ndelag er dagfrav\u00e6ret redusert med 2 dager, fra 5 til 3 og timefrav\u00e6ret har g\u00e5tt ned fra 12 til 8. De endelige tallene vi har f\u00e5tt n\u00e5, bekrefter tallene fra i sommer. Det er ikke lenger noen tvil om at frav\u00e6ret faktisk har g\u00e5tt ned og derfor h\u00e5per jeg det n\u00e5 blir ro rundt frav\u00e6rsreglene i hele fors\u00f8ksperioden som varer i tre \u00e5r.<\/div><div><br \/><\/div><div>\u00c5 stille krav til at elevene m\u00f8ter opp p\u00e5 skolen er \u00e5 bry seg. Vi gj\u00f8r elevene i videreg\u00e5ende oppl\u00e6ring en stor bj\u00f8rnetjeneste hvis vi ikke stiller tydelige krav til oppm\u00f8te. For at elevene skal l\u00e6re m\u00e5 de v\u00e6re til stede i klasserommet. Det er for tidlig \u00e5 trekke en bastant konklusjon, men tallene tyder p\u00e5 at eksamenskarakterene i de fleste fellesfagene p\u00e5 videreg\u00e5ende g\u00e5r opp samtidig som andelen elever som stryker g\u00e5r ned. <\/div><div><br \/><\/div><div>Krav til oppm\u00f8te i skolen er ogs\u00e5 en god forberedelse til de kravene ungdom vil m\u00f8te i arbeidslivet.<\/div><div><br \/><\/div><div>Mange var bekymret for hvordan frav\u00e6rsgrensa ville sl\u00e5 ut for de mest utsatte elevene. De endelige tallene viser at frav\u00e6rsgrensen ogs\u00e5 har v\u00e6rt bra for elever med h\u00f8yt frav\u00e6r. Dagsfrav\u00e6ret til elevene som er mest borte fra skolen har g\u00e5tt ned med 30 prosent. Dette betyr at utsatte elever blir fanget opp tidlig og f\u00e5r mer hjelp fra skolene enn tidligere. Frav\u00e6rsgrensa fungerer som et verkt\u00f8y for \u00e5 fange opp elever tidligere. Det er jeg glad for. <\/div><div><br \/><\/div><div>Sammen med et fleksibelt regelverk er det viktig \u00e5 videref\u00f8re dagens frav\u00e6rsgrense. Skolelederne mener frav\u00e6rsgrensa er hoved\u00e5rsaken til at udokumentert frav\u00e6r har sunket betydelig. Rektorene mener frav\u00e6rsgrensa har v\u00e6rt bra for de aller fleste elevene og syv av ti l\u00e6rere er godt forn\u00f8yd med de nye reglene. Frav\u00e6rsgrensa har s\u00f8rget for at norske elever er p\u00e5 skolen 3,5 millioner flere timer enn forrige skole\u00e5r. Frav\u00e6rsgrensa er en suksess og det er p\u00e5 tide \u00e5 legge striden om den d\u00f8d. <\/div><\/div>\n<div class=\"tags\">\n\t<\/div>\n<div class=\"post-footer alignfull has-background block-editor-block-list__block\" data-align=full>\n\t<div class=\"post-footer-inner\">\n\t\t<h3>Relaterte artikler<\/h3>\n\t\t<div class=\"related-content\"><div class=\"is-card-hoyre\">\n\t<div class=\"teft-card hoyre-teft-card post-teft-card\">\n\t\t<a href=\"https:\/\/hoyre.no\/trondelag\/aktuelt\/informasjons-om-nominasjonsprosessen-ved-fylkestingsvalget-2027\/\" class=\"teft-card__primary-action\">\n\n\t\t\t<div class=\"teft-card__media teft-card__media--16-9 no-image\"><\/div>\n\t\t\t<div class=\"teft-card__content-wrapper\">\n\t\t\t\t<div class=\"teft-card__secondary\">\n\t\t\t\t\t\n\t\t\t\t\t\t\t\t<div class=\"teft-card__meta\">\n\t\t\t\t\t\t\t\t\t<span class=\"post-date\">18. apr 2026<\/span>\n\n\t\t\t\t\t\t\t\t\t\t\t\t\t\t\t\t\t<\/div>\n\t\t\t\t\t\t\t\t\t\t\t<\/div>\n\n\t\t\t\t<div class=\"teft-card__primary\">\n\t\t\t\t\t<h2 class=\"teft-card__title\">Informasjon om nominasjonsprosessen ved fylkestingsvalget 2027&nbsp;<span class=\"teft-card__primary-title-append\"><\/span><\/h2>\t\t\t\t<\/div>\n\t\t\t<\/div>\n\t\t<\/a>\n\t<\/div>\n\n\t<\/div><div class=\"is-card-hoyre\">\n\t<div class=\"teft-card hoyre-teft-card post-teft-card\">\n\t\t<a href=\"https:\/\/hoyre.no\/trondelag\/aktuelt\/offentliggjoring-av-svar-fra-kandidater-ved-forrige-fylkestingsvalg\/\" class=\"teft-card__primary-action\">\n\n\t\t\t<div class=\"teft-card__media teft-card__media--16-9 no-image\"><\/div>\n\t\t\t<div class=\"teft-card__content-wrapper\">\n\t\t\t\t<div class=\"teft-card__secondary\">\n\t\t\t\t\t\n\t\t\t\t\t\t\t\t<div class=\"teft-card__meta\">\n\t\t\t\t\t\t\t\t\t<span class=\"post-date\">18. apr 2026<\/span>\n\n\t\t\t\t\t\t\t\t\t\t\t\t\t\t\t\t\t<\/div>\n\t\t\t\t\t\t\t\t\t\t\t<\/div>\n\n\t\t\t\t<div class=\"teft-card__primary\">\n\t\t\t\t\t<h2 class=\"teft-card__title\">Offentliggj\u00f8ring av svar fra kandidater ved forrige fylkestingsvalg&nbsp;<span class=\"teft-card__primary-title-append\"><\/span><\/h2>\t\t\t\t<\/div>\n\t\t\t<\/div>\n\t\t<\/a>\n\t<\/div>\n\n\t<\/div><div class=\"is-card-hoyre\">\n\t<div class=\"teft-card hoyre-teft-card post-teft-card\">\n\t\t<a href=\"https:\/\/hoyre.no\/trondelag\/aktuelt\/vedtatte-resolusjoner-og-uttalelser-fra-fylkesarsmotet-2026\/\" class=\"teft-card__primary-action\">\n\n\t\t\t<div class=\"teft-card__media teft-card__media--16-9 no-image\"><\/div>\n\t\t\t<div class=\"teft-card__content-wrapper\">\n\t\t\t\t<div class=\"teft-card__secondary\">\n\t\t\t\t\t\n\t\t\t\t\t\t\t\t<div class=\"teft-card__meta\">\n\t\t\t\t\t\t\t\t\t<span class=\"post-date\">28. jan 2026<\/span>\n\n\t\t\t\t\t\t\t\t\t\t\t\t\t\t\t\t\t<\/div>\n\t\t\t\t\t\t\t\t\t\t\t<\/div>\n\n\t\t\t\t<div class=\"teft-card__primary\">\n\t\t\t\t\t<h2 class=\"teft-card__title\">Vedtatte resolusjoner og uttalelser fra Fylkes\u00e5rsm\u00f8tet 2026&nbsp;<span class=\"teft-card__primary-title-append\"><\/span><\/h2>\t\t\t\t<\/div>\n\t\t\t<\/div>\n\t\t<\/a>\n\t<\/div>\n\n\t<\/div><\/div>\t<\/div>\n<\/div>\n","protected":false},"excerpt":{"rendered":"","protected":false},"author":0,"featured_media":0,"comment_status":"open","ping_status":"open","sticky":false,"template":"","format":"standard","meta":{"teft_cards_image_url":"https:\/\/hoyre.no\/content\/uploads\/sites\/13\/2020\/11\/erna-og-torbjorn-fra_1.jpg","teft_cards_custom_pretitle":"","teft_cards_image_id":221,"teft_cards_image_focal_point_x":0,"teft_cards_image_focal_point_y":0,"teft_cards_title":"","teft_cards_excerpt":"","teft_show_chapters":false,"author_display_name":"Av Elin Agdestein (H), stortingsrepresentant Nord-Tr\u00f8ndelag","footnotes":""},"category":[1],"post_tag":[],"hoyre-visibility":[],"article-type":[],"politician":[],"class_list":["post-222","post","type-post","status-publish","format-standard","hentry","category-ukategorisert"],"yoast_head":"<!-- This site is optimized with the Yoast SEO plugin v26.6 - https:\/\/yoast.com\/wordpress\/plugins\/seo\/ -->\n<title>Kritikerne tok feil om frav\u00e6rsgrensa - Tr\u00f8ndelag H\u00f8yre<\/title>\n<meta name=\"robots\" content=\"index, follow, max-snippet:-1, max-image-preview:large, max-video-preview:-1\" \/>\n<link rel=\"canonical\" href=\"https:\/\/hoyre.no\/trondelag\/aktuelt\/kritikerne-tok-feil\/\" \/>\n<meta property=\"og:locale\" content=\"nb_NO\" \/>\n<meta property=\"og:type\" content=\"article\" \/>\n<meta property=\"og:title\" content=\"Kritikerne tok feil om frav\u00e6rsgrensa - Tr\u00f8ndelag H\u00f8yre\" \/>\n<meta property=\"og:url\" content=\"https:\/\/hoyre.no\/trondelag\/aktuelt\/kritikerne-tok-feil\/\" \/>\n<meta property=\"og:site_name\" content=\"Tr\u00f8ndelag H\u00f8yre\" \/>\n<meta property=\"article:published_time\" content=\"2017-11-27T22:00:00+00:00\" \/>\n<meta property=\"og:image\" content=\"https:\/\/hoyre.no\/content\/uploads\/sites\/13\/2022\/11\/Hoyres-logo.png\" \/>\n\t<meta property=\"og:image:width\" content=\"1000\" \/>\n\t<meta property=\"og:image:height\" content=\"1000\" \/>\n\t<meta property=\"og:image:type\" content=\"image\/png\" \/>\n<meta name=\"twitter:card\" content=\"summary_large_image\" \/>\n<meta name=\"twitter:label1\" content=\"Ansl. lesetid\" \/>\n\t<meta name=\"twitter:data1\" content=\"2 minutter\" \/>\n<script type=\"application\/ld+json\" class=\"yoast-schema-graph\">{\"@context\":\"https:\/\/schema.org\",\"@graph\":[{\"@type\":\"NewsArticle\",\"@id\":\"https:\/\/hoyre.no\/trondelag\/aktuelt\/kritikerne-tok-feil\/\",\"url\":\"https:\/\/hoyre.no\/trondelag\/aktuelt\/kritikerne-tok-feil\/\",\"name\":\"Kritikerne tok feil om frav\u00e6rsgrensa - Tr\u00f8ndelag H\u00f8yre\",\"isPartOf\":{\"@id\":\"https:\/\/hoyre.no\/trondelag\/#website\"},\"datePublished\":\"2017-11-27T22:00:00+00:00\",\"author\":{\"@id\":\"\"},\"breadcrumb\":{\"@id\":\"https:\/\/hoyre.no\/trondelag\/aktuelt\/kritikerne-tok-feil\/#breadcrumb\"},\"inLanguage\":\"nb-NO\",\"potentialAction\":[{\"@type\":\"ReadAction\",\"target\":[\"https:\/\/hoyre.no\/trondelag\/aktuelt\/kritikerne-tok-feil\/\"]}]},{\"@type\":\"BreadcrumbList\",\"@id\":\"https:\/\/hoyre.no\/trondelag\/aktuelt\/kritikerne-tok-feil\/#breadcrumb\",\"itemListElement\":[{\"@type\":\"ListItem\",\"position\":1,\"name\":\"Til hoyre.no\",\"item\":\"https:\/\/hoyre.no\"},{\"@type\":\"ListItem\",\"position\":2,\"name\":\"Hjem\",\"item\":\"https:\/\/hoyre.no\/trondelag\/\"},{\"@type\":\"ListItem\",\"position\":3,\"name\":\"Kritikerne tok feil om frav\u00e6rsgrensa\"}]},{\"@type\":\"WebSite\",\"@id\":\"https:\/\/hoyre.no\/trondelag\/#website\",\"url\":\"https:\/\/hoyre.no\/trondelag\/\",\"name\":\"Tr\u00f8ndelag H\u00f8yre\",\"description\":\"Bare enda et H\u00f8yres nettsteder-nettsted\",\"inLanguage\":\"nb-NO\"}]}<\/script>\n<!-- \/ Yoast SEO plugin. -->","yoast_head_json":{"title":"Kritikerne tok feil om frav\u00e6rsgrensa - Tr\u00f8ndelag H\u00f8yre","robots":{"index":"index","follow":"follow","max-snippet":"max-snippet:-1","max-image-preview":"max-image-preview:large","max-video-preview":"max-video-preview:-1"},"canonical":"https:\/\/hoyre.no\/trondelag\/aktuelt\/kritikerne-tok-feil\/","og_locale":"nb_NO","og_type":"article","og_title":"Kritikerne tok feil om frav\u00e6rsgrensa - Tr\u00f8ndelag H\u00f8yre","og_url":"https:\/\/hoyre.no\/trondelag\/aktuelt\/kritikerne-tok-feil\/","og_site_name":"Tr\u00f8ndelag H\u00f8yre","article_published_time":"2017-11-27T22:00:00+00:00","og_image":[{"width":1000,"height":1000,"url":"https:\/\/hoyre.no\/content\/uploads\/sites\/13\/2022\/11\/Hoyres-logo.png","type":"image\/png"}],"twitter_card":"summary_large_image","twitter_misc":{"Ansl. lesetid":"2 minutter"},"schema":{"@context":"https:\/\/schema.org","@graph":[{"@type":"NewsArticle","@id":"https:\/\/hoyre.no\/trondelag\/aktuelt\/kritikerne-tok-feil\/","url":"https:\/\/hoyre.no\/trondelag\/aktuelt\/kritikerne-tok-feil\/","name":"Kritikerne tok feil om frav\u00e6rsgrensa - Tr\u00f8ndelag H\u00f8yre","isPartOf":{"@id":"https:\/\/hoyre.no\/trondelag\/#website"},"datePublished":"2017-11-27T22:00:00+00:00","author":{"@id":""},"breadcrumb":{"@id":"https:\/\/hoyre.no\/trondelag\/aktuelt\/kritikerne-tok-feil\/#breadcrumb"},"inLanguage":"nb-NO","potentialAction":[{"@type":"ReadAction","target":["https:\/\/hoyre.no\/trondelag\/aktuelt\/kritikerne-tok-feil\/"]}]},{"@type":"BreadcrumbList","@id":"https:\/\/hoyre.no\/trondelag\/aktuelt\/kritikerne-tok-feil\/#breadcrumb","itemListElement":[{"@type":"ListItem","position":1,"name":"Til hoyre.no","item":"https:\/\/hoyre.no"},{"@type":"ListItem","position":2,"name":"Hjem","item":"https:\/\/hoyre.no\/trondelag\/"},{"@type":"ListItem","position":3,"name":"Kritikerne tok feil om frav\u00e6rsgrensa"}]},{"@type":"WebSite","@id":"https:\/\/hoyre.no\/trondelag\/#website","url":"https:\/\/hoyre.no\/trondelag\/","name":"Tr\u00f8ndelag H\u00f8yre","description":"Bare enda et H\u00f8yres nettsteder-nettsted","inLanguage":"nb-NO"}]}},"distributor_meta":false,"distributor_terms":false,"distributor_media":false,"distributor_original_site_name":"Tr\u00f8ndelag H\u00f8yre","distributor_original_site_url":"https:\/\/hoyre.no\/trondelag","push-errors":false,"_links":{"self":[{"href":"https:\/\/hoyre.no\/trondelag\/wp-json\/wp\/v2\/posts\/222","targetHints":{"allow":["GET"]}}],"collection":[{"href":"https:\/\/hoyre.no\/trondelag\/wp-json\/wp\/v2\/posts"}],"about":[{"href":"https:\/\/hoyre.no\/trondelag\/wp-json\/wp\/v2\/types\/post"}],"replies":[{"embeddable":true,"href":"https:\/\/hoyre.no\/trondelag\/wp-json\/wp\/v2\/comments?post=222"}],"version-history":[{"count":0,"href":"https:\/\/hoyre.no\/trondelag\/wp-json\/wp\/v2\/posts\/222\/revisions"}],"wp:attachment":[{"href":"https:\/\/hoyre.no\/trondelag\/wp-json\/wp\/v2\/media?parent=222"}],"wp:term":[{"taxonomy":"category","embeddable":true,"href":"https:\/\/hoyre.no\/trondelag\/wp-json\/wp\/v2\/category?post=222"},{"taxonomy":"post_tag","embeddable":true,"href":"https:\/\/hoyre.no\/trondelag\/wp-json\/wp\/v2\/post_tag?post=222"},{"taxonomy":"hoyre-visibility","embeddable":true,"href":"https:\/\/hoyre.no\/trondelag\/wp-json\/wp\/v2\/hoyre-visibility?post=222"},{"taxonomy":"article-type","embeddable":true,"href":"https:\/\/hoyre.no\/trondelag\/wp-json\/wp\/v2\/article-type?post=222"},{"taxonomy":"politician","embeddable":true,"href":"https:\/\/hoyre.no\/trondelag\/wp-json\/wp\/v2\/politician?post=222"}],"curies":[{"name":"wp","href":"https:\/\/api.w.org\/{rel}","templated":true}]}}