{"id":29,"date":"2017-11-16T23:00:00","date_gmt":"2017-11-16T22:00:00","guid":{"rendered":"https:\/\/hoyre.no\/trondelag\/aktuelt\/ap-snur-kappen-etter\/"},"modified":"2017-11-16T23:00:00","modified_gmt":"2017-11-16T22:00:00","slug":"ap-snur-kappen-etter","status":"publish","type":"post","link":"https:\/\/hoyre.no\/trondelag\/aktuelt\/ap-snur-kappen-etter\/","title":{"rendered":"Ap snur kappen etter vinden i asylpolitikken"},"content":{"rendered":"<p class=\"preamble\">Etter en hastebehandling vedtok Stortinget denne uken flere forslag fra Arbeiderpartiet i forbindelse med saken om stans i retur av asyls\u00f8kere til Afghanistan, mot H\u00f8yre og FrPs stemmer. Dette inneb\u00e6rer en endring i asylpolitikken i mer liberal retning.<\/p>\t\t\t<div class=\"post-meta wp-block teft-byline-wrapper\">\n\t\t\t\t<div class=\"top\">\n\t\t\t\t\t<div class=\"signature\">\n\t\t\t\t\t\t<div class=\"teft-byline\">\n\t\t\t\t\t\t\t\t\t\t\t\t\t\t<div>\n\t\t\t\t\t\t\t\t<h3>H\u00f8yres redaksjon<\/h3>\t\t\t\t\t\t\t\t\n\t\t\t\t\t\t\t\t\t\t\t\t\t\t\t\t\t<span class=\"date\">Sist oppdatert: 16. november 2017<\/span>\n\t\t\t\t\t\t\t\t\t\t\t\t\t\t\t\t\t\t\t\t\t\t\t\t\t<span class=\"reading-time\" itemprop=\"timeRequired\" content=\"PT3M\"><em>Ca. 3 minutter lesetid<\/em><\/span>\n\t\t\t\t\t\t\t\t\t\t\t\t\t\t\t<\/div>\n\t\t\t\t\t\t<\/div>\n\t\t\t\t\t<\/div>\n\t\t\t\t\t\t<div class=\"sharing\">\n\t\t<a class=\"share-button share-link copy-link\" data-copy=\"https:\/\/hoyre.no\/trondelag\/aktuelt\/ap-snur-kappen-etter\/\" target=\"_blank\"><span class=\"screen-reader-text\">Del link<\/span><\/a>\n\t\t<a class=\"share-button share-twitter\" href=\"http:\/\/twitter.com\/share?text=Ap snur kappen etter vinden i asylpolitikken&#038;url=https:\/\/hoyre.no\/trondelag\/aktuelt\/ap-snur-kappen-etter\/&#038;hashtags=Hoyre\" target=\"_blank\"><span class=\"screen-reader-text\">Del p\u00e5 twitter<\/span><\/a>\n\t\t<a class=\"share-button share-facebook\" href=\"https:\/\/www.facebook.com\/sharer\/sharer.php?u=https:\/\/hoyre.no\/trondelag\/aktuelt\/ap-snur-kappen-etter\/\" target=\"_blank\"><span class=\"screen-reader-text\">Del p\u00e5 facebook<\/span><\/a>\n\t<\/div>\n\t\t\t\t\t<\/div>\n\t\t\t<\/div>\n\n\t\t\t<figure class=\"hoyre-image-wrapper\"><div class=\"hoyre-image\"><img loading=\"lazy\" decoding=\"async\" width=\"1709\" height=\"2560\" src=\"https:\/\/hoyre.no\/content\/uploads\/sites\/13\/2020\/11\/13123233944-3097909e-scaled.jpg\" class=\"attachment-scaled size-scaled\" alt=\"\" style=\"object-position: 50% 50%\" srcset=\"https:\/\/hoyre.no\/content\/uploads\/sites\/13\/2020\/11\/13123233944-3097909e-scaled.jpg 1709w, https:\/\/hoyre.no\/content\/uploads\/sites\/13\/2020\/11\/13123233944-3097909e-200x300.jpg 200w, https:\/\/hoyre.no\/content\/uploads\/sites\/13\/2020\/11\/13123233944-3097909e-684x1024.jpg 684w, https:\/\/hoyre.no\/content\/uploads\/sites\/13\/2020\/11\/13123233944-3097909e-768x1150.jpg 768w, https:\/\/hoyre.no\/content\/uploads\/sites\/13\/2020\/11\/13123233944-3097909e-1025x1536.jpg 1025w, https:\/\/hoyre.no\/content\/uploads\/sites\/13\/2020\/11\/13123233944-3097909e-1367x2048.jpg 1367w\" sizes=\"auto, (max-width: 1709px) 100vw, 1709px\" \/><\/div><\/figure><div id=\"hoyre-old-article-content-wrapper\"><p> H\u00f8yres m\u00e5l er en streng, rettferdig og forutsigbar asylpolitikk, i tr\u00e5d med internasjonale konvensjoner og i samarbeid med andre land. Dette inneb\u00e6rer en konsekvent linje som gj\u00f8r at f\u00e6rre grunnl\u00f8se asyls\u00f8kere kommer til landet, og at de som s\u00f8ker asyl, f\u00e5r sine s\u00f8knader behandlet raskt. Anledningen til \u00e5 trenere hjemsendelse etter avslag m\u00e5 begrenses.<\/p><p>Det var AP som i sin tid, i 2009, tok initiativ til innstramminger i dette regelverket. Bakgrunnen var at regelverket hadde blitt liberalisert i 2007, med den konsekvens at tilstr\u00f8mmingene \u00f8kte betydelig fra 700 mindre\u00e5rige i 2007 til 2500 i 2009. Innstrammingen som Jens Stoltenberg innf\u00f8rte f\u00f8rte til at antallet enslige mindre\u00e5rige gikk ned til under 1000 enslige mindre\u00e5rige. <\/p><p>I 2015 \u00f8kte antallet enslige mindre\u00e5rige igjen, som f\u00f8lge av flyktningekrisen p\u00e5 kontinentet. Regjeringen responderte med ytterligere innstramminger, i samarbeid med blant annet Arbeiderpartiet.  N\u00e5 opplever Norge p\u00e5 nytt lave ankomster. Da foresl\u00e5r Ap igjen \u00e5 myke opp politikken, og de fortsetter dermed sin tradisjon hvor de endrer sine holdninger til enslige mindre\u00e5rige i takt med endringer i tilstr\u00f8mmingen. Den type vingling i asylpolitikken er ikke Norge tjent med. Det er tvert om viktig at Norge f\u00f8rer en forutsigbar asyl- og innvandringspolitikk over tid.<\/p><p>Konsekvensen av Arbeiderpartiets endrede politikk p\u00e5 dette feltet er at tilstr\u00f8mmingen kan komme til \u00e5 \u00f8ke, samtidig som man ikke oppn\u00e5r annet enn at livene til disse menneskene kan bli satt p\u00e5 vent enda lenger \u2013 fra 2 \u00e5r til 3 \u00e5r.<\/p><p>Det er tydelig at AP i denne saken har v\u00e6rt i en vanskelig spagat, hvor de til slutt valgte SV-linjen. Det er uheldig at AP bytter standpunkt i innvandringspolitikken etter hvilke stemningsb\u00f8lger som er i media og i ulike pressgrupper. I 2007 ville de liberalisere, i 2009 stramme inn, i 2015 \u00e5pnet de for 10 000 flyktninger, f\u00f8r de senere samme \u00e5r strammet inn i flyktningeforliket. Og n\u00e5 er de igjen tilbake p\u00e5 liberaliseringssporet. Den type vingling trenger ikke norsk asylpolitikk.<\/p><p>Det er problematisk at Stortinget hastebehandler en sak som burde f\u00f8lge normal saksbehandling, hvor b\u00e5de h\u00f8ringsinstanser og departementet f\u00e5r uttale seg. Denne saken hadde fortjent grundig saksbehandling. At det gamle styringspartiet Arbeiderpartiet lar seg friste til en s\u00e5 lettvint og uansvarlig saksbehandling, synes jeg er beklagelig.<\/p><p>Arbeiderpartiet m\u00e5 bestemme seg for hvilken asylpolitikk de vil ha. \u00d8nsker de \u00e5 liberalisere og \u00e5pne opp for at mennesker uten behov for beskyttelse skal f\u00e5 det, s\u00e5 m\u00e5 de si det. Vi \u00f8nsker \u00e5 gi opphold og beskyttelse til de som har krav p\u00e5 det, men da vil ogs\u00e5 noen f\u00e5 avslag og bli returnert. Ikke minst er dette viktig dersom vi skal lykkes i \u00e5 bosette og integrere de nesten 80 000 innvandrerne som har kommet til landet de siste 5 \u00e5rene<\/p> Det er fagmyndighetene UDI og UNE som skal avgj\u00f8re hvorvidt det er trygt \u00e5 returnere personer med avslag p\u00e5 asyls\u00f8knaden sin til hjemlandet. N\u00e5r Stortinget n\u00e5 instruerer UDI, politiserer vi utlendingsforvaltningen, noe H\u00f8yre er imot. <\/div>\n<div class=\"tags\">\n\t<\/div>\n<div class=\"post-footer alignfull has-background block-editor-block-list__block\" data-align=full>\n\t<div class=\"post-footer-inner\">\n\t\t<h3>Relaterte artikler<\/h3>\n\t\t<div class=\"related-content\"><div class=\"is-card-hoyre\">\n\t<div class=\"teft-card hoyre-teft-card post-teft-card\">\n\t\t<a href=\"https:\/\/hoyre.no\/trondelag\/aktuelt\/informasjons-om-nominasjonsprosessen-ved-fylkestingsvalget-2027\/\" class=\"teft-card__primary-action\">\n\n\t\t\t<div class=\"teft-card__media teft-card__media--16-9 no-image\"><\/div>\n\t\t\t<div class=\"teft-card__content-wrapper\">\n\t\t\t\t<div class=\"teft-card__secondary\">\n\t\t\t\t\t\n\t\t\t\t\t\t\t\t<div class=\"teft-card__meta\">\n\t\t\t\t\t\t\t\t\t<span class=\"post-date\">18. apr 2026<\/span>\n\n\t\t\t\t\t\t\t\t\t\t\t\t\t\t\t\t\t<\/div>\n\t\t\t\t\t\t\t\t\t\t\t<\/div>\n\n\t\t\t\t<div class=\"teft-card__primary\">\n\t\t\t\t\t<h2 class=\"teft-card__title\">Informasjon om nominasjonsprosessen ved fylkestingsvalget 2027&nbsp;<span class=\"teft-card__primary-title-append\"><\/span><\/h2>\t\t\t\t<\/div>\n\t\t\t<\/div>\n\t\t<\/a>\n\t<\/div>\n\n\t<\/div><div class=\"is-card-hoyre\">\n\t<div class=\"teft-card hoyre-teft-card post-teft-card\">\n\t\t<a href=\"https:\/\/hoyre.no\/trondelag\/aktuelt\/offentliggjoring-av-svar-fra-kandidater-ved-forrige-fylkestingsvalg\/\" class=\"teft-card__primary-action\">\n\n\t\t\t<div class=\"teft-card__media teft-card__media--16-9 no-image\"><\/div>\n\t\t\t<div class=\"teft-card__content-wrapper\">\n\t\t\t\t<div class=\"teft-card__secondary\">\n\t\t\t\t\t\n\t\t\t\t\t\t\t\t<div class=\"teft-card__meta\">\n\t\t\t\t\t\t\t\t\t<span class=\"post-date\">18. apr 2026<\/span>\n\n\t\t\t\t\t\t\t\t\t\t\t\t\t\t\t\t\t<\/div>\n\t\t\t\t\t\t\t\t\t\t\t<\/div>\n\n\t\t\t\t<div class=\"teft-card__primary\">\n\t\t\t\t\t<h2 class=\"teft-card__title\">Offentliggj\u00f8ring av svar fra kandidater ved forrige fylkestingsvalg&nbsp;<span class=\"teft-card__primary-title-append\"><\/span><\/h2>\t\t\t\t<\/div>\n\t\t\t<\/div>\n\t\t<\/a>\n\t<\/div>\n\n\t<\/div><div class=\"is-card-hoyre\">\n\t<div class=\"teft-card hoyre-teft-card post-teft-card\">\n\t\t<a href=\"https:\/\/hoyre.no\/trondelag\/aktuelt\/vedtatte-resolusjoner-og-uttalelser-fra-fylkesarsmotet-2026\/\" class=\"teft-card__primary-action\">\n\n\t\t\t<div class=\"teft-card__media teft-card__media--16-9 no-image\"><\/div>\n\t\t\t<div class=\"teft-card__content-wrapper\">\n\t\t\t\t<div class=\"teft-card__secondary\">\n\t\t\t\t\t\n\t\t\t\t\t\t\t\t<div class=\"teft-card__meta\">\n\t\t\t\t\t\t\t\t\t<span class=\"post-date\">28. jan 2026<\/span>\n\n\t\t\t\t\t\t\t\t\t\t\t\t\t\t\t\t\t<\/div>\n\t\t\t\t\t\t\t\t\t\t\t<\/div>\n\n\t\t\t\t<div class=\"teft-card__primary\">\n\t\t\t\t\t<h2 class=\"teft-card__title\">Vedtatte resolusjoner og uttalelser fra Fylkes\u00e5rsm\u00f8tet 2026&nbsp;<span class=\"teft-card__primary-title-append\"><\/span><\/h2>\t\t\t\t<\/div>\n\t\t\t<\/div>\n\t\t<\/a>\n\t<\/div>\n\n\t<\/div><\/div>\t<\/div>\n<\/div>\n","protected":false},"excerpt":{"rendered":"","protected":false},"author":0,"featured_media":0,"comment_status":"open","ping_status":"open","sticky":false,"template":"","format":"standard","meta":{"teft_cards_image_url":"https:\/\/hoyre.no\/content\/uploads\/sites\/13\/2020\/11\/13123233944-3097909e-scaled.jpg","teft_cards_custom_pretitle":"","teft_cards_image_id":28,"teft_cards_image_focal_point_x":0,"teft_cards_image_focal_point_y":0,"teft_cards_title":"","teft_cards_excerpt":"","teft_show_chapters":false,"author_display_name":"Elin R. Agdestein, stortingsrepresentant for H\u00f8yre i Nord-Tr\u00f8ndelag","footnotes":""},"category":[1],"post_tag":[],"hoyre-visibility":[],"article-type":[],"politician":[],"class_list":["post-29","post","type-post","status-publish","format-standard","hentry","category-ukategorisert"],"yoast_head":"<!-- This site is optimized with the Yoast SEO plugin v26.6 - https:\/\/yoast.com\/wordpress\/plugins\/seo\/ -->\n<title>Ap snur kappen etter vinden i asylpolitikken - Tr\u00f8ndelag H\u00f8yre<\/title>\n<meta name=\"robots\" content=\"index, follow, max-snippet:-1, max-image-preview:large, max-video-preview:-1\" \/>\n<link rel=\"canonical\" href=\"https:\/\/hoyre.no\/trondelag\/aktuelt\/ap-snur-kappen-etter\/\" \/>\n<meta property=\"og:locale\" content=\"nb_NO\" \/>\n<meta property=\"og:type\" content=\"article\" \/>\n<meta property=\"og:title\" content=\"Ap snur kappen etter vinden i asylpolitikken - Tr\u00f8ndelag H\u00f8yre\" \/>\n<meta property=\"og:url\" content=\"https:\/\/hoyre.no\/trondelag\/aktuelt\/ap-snur-kappen-etter\/\" \/>\n<meta property=\"og:site_name\" content=\"Tr\u00f8ndelag H\u00f8yre\" \/>\n<meta property=\"article:published_time\" content=\"2017-11-16T22:00:00+00:00\" \/>\n<meta property=\"og:image\" content=\"https:\/\/hoyre.no\/content\/uploads\/sites\/13\/2022\/11\/Hoyres-logo.png\" \/>\n\t<meta property=\"og:image:width\" content=\"1000\" \/>\n\t<meta property=\"og:image:height\" content=\"1000\" \/>\n\t<meta property=\"og:image:type\" content=\"image\/png\" \/>\n<meta name=\"twitter:card\" content=\"summary_large_image\" \/>\n<meta name=\"twitter:label1\" content=\"Ansl. lesetid\" \/>\n\t<meta name=\"twitter:data1\" content=\"3 minutter\" \/>\n<script type=\"application\/ld+json\" class=\"yoast-schema-graph\">{\"@context\":\"https:\/\/schema.org\",\"@graph\":[{\"@type\":\"NewsArticle\",\"@id\":\"https:\/\/hoyre.no\/trondelag\/aktuelt\/ap-snur-kappen-etter\/\",\"url\":\"https:\/\/hoyre.no\/trondelag\/aktuelt\/ap-snur-kappen-etter\/\",\"name\":\"Ap snur kappen etter vinden i asylpolitikken - Tr\u00f8ndelag H\u00f8yre\",\"isPartOf\":{\"@id\":\"https:\/\/hoyre.no\/trondelag\/#website\"},\"datePublished\":\"2017-11-16T22:00:00+00:00\",\"author\":{\"@id\":\"\"},\"breadcrumb\":{\"@id\":\"https:\/\/hoyre.no\/trondelag\/aktuelt\/ap-snur-kappen-etter\/#breadcrumb\"},\"inLanguage\":\"nb-NO\",\"potentialAction\":[{\"@type\":\"ReadAction\",\"target\":[\"https:\/\/hoyre.no\/trondelag\/aktuelt\/ap-snur-kappen-etter\/\"]}]},{\"@type\":\"BreadcrumbList\",\"@id\":\"https:\/\/hoyre.no\/trondelag\/aktuelt\/ap-snur-kappen-etter\/#breadcrumb\",\"itemListElement\":[{\"@type\":\"ListItem\",\"position\":1,\"name\":\"Til hoyre.no\",\"item\":\"https:\/\/hoyre.no\"},{\"@type\":\"ListItem\",\"position\":2,\"name\":\"Hjem\",\"item\":\"https:\/\/hoyre.no\/trondelag\/\"},{\"@type\":\"ListItem\",\"position\":3,\"name\":\"Ap snur kappen etter vinden i asylpolitikken\"}]},{\"@type\":\"WebSite\",\"@id\":\"https:\/\/hoyre.no\/trondelag\/#website\",\"url\":\"https:\/\/hoyre.no\/trondelag\/\",\"name\":\"Tr\u00f8ndelag H\u00f8yre\",\"description\":\"Bare enda et H\u00f8yres nettsteder-nettsted\",\"inLanguage\":\"nb-NO\"}]}<\/script>\n<!-- \/ Yoast SEO plugin. -->","yoast_head_json":{"title":"Ap snur kappen etter vinden i asylpolitikken - Tr\u00f8ndelag H\u00f8yre","robots":{"index":"index","follow":"follow","max-snippet":"max-snippet:-1","max-image-preview":"max-image-preview:large","max-video-preview":"max-video-preview:-1"},"canonical":"https:\/\/hoyre.no\/trondelag\/aktuelt\/ap-snur-kappen-etter\/","og_locale":"nb_NO","og_type":"article","og_title":"Ap snur kappen etter vinden i asylpolitikken - Tr\u00f8ndelag H\u00f8yre","og_url":"https:\/\/hoyre.no\/trondelag\/aktuelt\/ap-snur-kappen-etter\/","og_site_name":"Tr\u00f8ndelag H\u00f8yre","article_published_time":"2017-11-16T22:00:00+00:00","og_image":[{"width":1000,"height":1000,"url":"https:\/\/hoyre.no\/content\/uploads\/sites\/13\/2022\/11\/Hoyres-logo.png","type":"image\/png"}],"twitter_card":"summary_large_image","twitter_misc":{"Ansl. lesetid":"3 minutter"},"schema":{"@context":"https:\/\/schema.org","@graph":[{"@type":"NewsArticle","@id":"https:\/\/hoyre.no\/trondelag\/aktuelt\/ap-snur-kappen-etter\/","url":"https:\/\/hoyre.no\/trondelag\/aktuelt\/ap-snur-kappen-etter\/","name":"Ap snur kappen etter vinden i asylpolitikken - Tr\u00f8ndelag H\u00f8yre","isPartOf":{"@id":"https:\/\/hoyre.no\/trondelag\/#website"},"datePublished":"2017-11-16T22:00:00+00:00","author":{"@id":""},"breadcrumb":{"@id":"https:\/\/hoyre.no\/trondelag\/aktuelt\/ap-snur-kappen-etter\/#breadcrumb"},"inLanguage":"nb-NO","potentialAction":[{"@type":"ReadAction","target":["https:\/\/hoyre.no\/trondelag\/aktuelt\/ap-snur-kappen-etter\/"]}]},{"@type":"BreadcrumbList","@id":"https:\/\/hoyre.no\/trondelag\/aktuelt\/ap-snur-kappen-etter\/#breadcrumb","itemListElement":[{"@type":"ListItem","position":1,"name":"Til hoyre.no","item":"https:\/\/hoyre.no"},{"@type":"ListItem","position":2,"name":"Hjem","item":"https:\/\/hoyre.no\/trondelag\/"},{"@type":"ListItem","position":3,"name":"Ap snur kappen etter vinden i asylpolitikken"}]},{"@type":"WebSite","@id":"https:\/\/hoyre.no\/trondelag\/#website","url":"https:\/\/hoyre.no\/trondelag\/","name":"Tr\u00f8ndelag H\u00f8yre","description":"Bare enda et H\u00f8yres nettsteder-nettsted","inLanguage":"nb-NO"}]}},"distributor_meta":false,"distributor_terms":false,"distributor_media":false,"distributor_original_site_name":"Tr\u00f8ndelag H\u00f8yre","distributor_original_site_url":"https:\/\/hoyre.no\/trondelag","push-errors":false,"_links":{"self":[{"href":"https:\/\/hoyre.no\/trondelag\/wp-json\/wp\/v2\/posts\/29","targetHints":{"allow":["GET"]}}],"collection":[{"href":"https:\/\/hoyre.no\/trondelag\/wp-json\/wp\/v2\/posts"}],"about":[{"href":"https:\/\/hoyre.no\/trondelag\/wp-json\/wp\/v2\/types\/post"}],"replies":[{"embeddable":true,"href":"https:\/\/hoyre.no\/trondelag\/wp-json\/wp\/v2\/comments?post=29"}],"version-history":[{"count":0,"href":"https:\/\/hoyre.no\/trondelag\/wp-json\/wp\/v2\/posts\/29\/revisions"}],"wp:attachment":[{"href":"https:\/\/hoyre.no\/trondelag\/wp-json\/wp\/v2\/media?parent=29"}],"wp:term":[{"taxonomy":"category","embeddable":true,"href":"https:\/\/hoyre.no\/trondelag\/wp-json\/wp\/v2\/category?post=29"},{"taxonomy":"post_tag","embeddable":true,"href":"https:\/\/hoyre.no\/trondelag\/wp-json\/wp\/v2\/post_tag?post=29"},{"taxonomy":"hoyre-visibility","embeddable":true,"href":"https:\/\/hoyre.no\/trondelag\/wp-json\/wp\/v2\/hoyre-visibility?post=29"},{"taxonomy":"article-type","embeddable":true,"href":"https:\/\/hoyre.no\/trondelag\/wp-json\/wp\/v2\/article-type?post=29"},{"taxonomy":"politician","embeddable":true,"href":"https:\/\/hoyre.no\/trondelag\/wp-json\/wp\/v2\/politician?post=29"}],"curies":[{"name":"wp","href":"https:\/\/api.w.org\/{rel}","templated":true}]}}