{"id":359,"date":"2020-03-17T23:00:00","date_gmt":"2020-03-17T22:00:00","guid":{"rendered":"https:\/\/hoyre.no\/trondelag\/aktuelt\/vi_skal_komme_oss_gjennom_krisen_sammen\/"},"modified":"2020-03-17T23:00:00","modified_gmt":"2020-03-17T22:00:00","slug":"vi_skal_komme_oss_gjennom_krisen_sammen","status":"publish","type":"post","link":"https:\/\/hoyre.no\/trondelag\/aktuelt\/vi_skal_komme_oss_gjennom_krisen_sammen\/","title":{"rendered":"Vi skal komme oss gjennom krisen sammen!"},"content":{"rendered":"<p class=\"preamble\">Landet er inne i en sv\u00e6rt alvorlig situasjon etter at spredningen av korona-viruset har kommet ut av kontroll ogs\u00e5 i Norge.<\/p>\t\t\t<div class=\"post-meta wp-block teft-byline-wrapper\">\n\t\t\t\t<div class=\"top\">\n\t\t\t\t\t<div class=\"signature\">\n\t\t\t\t\t\t<div class=\"teft-byline\">\n\t\t\t\t\t\t\t\t\t\t\t\t\t\t<div>\n\t\t\t\t\t\t\t\t<h3>H\u00f8yres redaksjon<\/h3>\t\t\t\t\t\t\t\t\n\t\t\t\t\t\t\t\t\t\t\t\t\t\t\t\t\t<span class=\"date\">Sist oppdatert: 17. mars 2020<\/span>\n\t\t\t\t\t\t\t\t\t\t\t\t\t\t\t\t\t\t\t\t\t\t\t\t\t<span class=\"reading-time\" itemprop=\"timeRequired\" content=\"PT2M\"><em>Ca. 2 minutter lesetid<\/em><\/span>\n\t\t\t\t\t\t\t\t\t\t\t\t\t\t\t<\/div>\n\t\t\t\t\t\t<\/div>\n\t\t\t\t\t<\/div>\n\t\t\t\t\t\t<div class=\"sharing\">\n\t\t<a class=\"share-button share-link copy-link\" data-copy=\"https:\/\/hoyre.no\/trondelag\/aktuelt\/vi_skal_komme_oss_gjennom_krisen_sammen\/\" target=\"_blank\"><span class=\"screen-reader-text\">Del link<\/span><\/a>\n\t\t<a class=\"share-button share-twitter\" href=\"http:\/\/twitter.com\/share?text=Vi skal komme oss gjennom krisen sammen!&#038;url=https:\/\/hoyre.no\/trondelag\/aktuelt\/vi_skal_komme_oss_gjennom_krisen_sammen\/&#038;hashtags=Hoyre\" target=\"_blank\"><span class=\"screen-reader-text\">Del p\u00e5 twitter<\/span><\/a>\n\t\t<a class=\"share-button share-facebook\" href=\"https:\/\/www.facebook.com\/sharer\/sharer.php?u=https:\/\/hoyre.no\/trondelag\/aktuelt\/vi_skal_komme_oss_gjennom_krisen_sammen\/\" target=\"_blank\"><span class=\"screen-reader-text\">Del p\u00e5 facebook<\/span><\/a>\n\t<\/div>\n\t\t\t\t\t<\/div>\n\t\t\t<\/div>\n\n\t\t\t<figure class=\"hoyre-image-wrapper\"><div class=\"hoyre-image\"><img loading=\"lazy\" decoding=\"async\" width=\"1876\" height=\"1055\" src=\"https:\/\/hoyre.no\/content\/uploads\/sites\/13\/2020\/11\/elin_agdestein_fb_we_16x9.jpg\" class=\"attachment-scaled size-scaled\" alt=\"\" style=\"object-position: 50% 50%\" srcset=\"https:\/\/hoyre.no\/content\/uploads\/sites\/13\/2020\/11\/elin_agdestein_fb_we_16x9.jpg 1876w, https:\/\/hoyre.no\/content\/uploads\/sites\/13\/2020\/11\/elin_agdestein_fb_we_16x9-300x169.jpg 300w, https:\/\/hoyre.no\/content\/uploads\/sites\/13\/2020\/11\/elin_agdestein_fb_we_16x9-1024x576.jpg 1024w, https:\/\/hoyre.no\/content\/uploads\/sites\/13\/2020\/11\/elin_agdestein_fb_we_16x9-768x432.jpg 768w, https:\/\/hoyre.no\/content\/uploads\/sites\/13\/2020\/11\/elin_agdestein_fb_we_16x9-1536x864.jpg 1536w\" sizes=\"auto, (max-width: 1876px) 100vw, 1876px\" \/><\/div><\/figure><div id=\"hoyre-old-article-content-wrapper\"><p>  Siden krisepakken med strakstiltak ble lagt frem p\u00e5 fredag, har problemene tiltatt i styrke, og alle samfunnssektorer er n\u00e5 ber\u00f8rt. <\/p><p>Fra i f\u00f8rste fase \u00e5 ramme enkeltn\u00e6ringer, ber\u00f8res alle bransjer n\u00e5 av effekten av epidemien i form av mindre ettersp\u00f8rsel etter varer og tjenester og bortfall av oppdrag.<\/p><p>Situasjonen endrer seg raskt. Mange mennesker er bekymret, for egen og familiemedlemmers helse, for familie\u00f8konomien og for jobben sin. <\/p><p>De som har folk i jobb f\u00f8ler et tyngende ansvar for sine ansatte.<\/p><p>Men vi skal komme gjennom dette sammen. Det vil imidlertid kreve en ekstraordin\u00e6r innsats fra oss alle, en stor samfunnsdugnad.<\/p><p>Det aller viktigste arbeidet er det som n\u00e5 p\u00e5g\u00e5r for \u00e5 begrense smittespredning og ivareta liv og helse. En stor takk til alle som st\u00e5r p\u00e5 i helsevesenet, i andre kritiske samfunnsfunksjoner og de som ellers s\u00f8rger for at hjulene holdes i gang.<\/p><p>Regjeringen har forsikret at den vil gj\u00f8re alt som er n\u00f8dvendig og bruke de pengene som trengs for \u00e5 sikre norsk \u00f8konomi, ivareta finansiell stabilitet og begrense risikoen for langvarige negative konsekvenser for verdiskaping og sysselsetting.<\/p><p>Heldigvis er norsk \u00f8konomi robust fra f\u00f8r. Statsfinansene er solide og norske banker er solide.<\/p><p>Norges bank var tidlig ute med \u00e5 sette ned renten med 0,5 pst enheter. S\u00e5 kom \u00f8kte F-l\u00e5n som gir \u00f8kt likviditet til bankene slik at de kan l\u00e5ne ut mer.<\/p><p>At den kapitalbufferkravet er redusert med 1,5 pst gir bankene en \u00f8kt utl\u00e5nskapasitet p\u00e5 anslagsvis 500-600 mrd kr. <\/p><p>I g\u00e5r utvidet regjeringen krisetiltakene med et krisefond p\u00e5 100 mrd kr retta mot bedriftene.<\/p><p>Finansmarkedsakt\u00f8rene i Norge, banker og forsikringsselskaper, viser n\u00e5 at de tar samfunnsansvar og vil hjelpe folk og bedrifter gjennom krisen.<\/p><p>Bankene er et viktig f\u00f8rstelinjeforsvar, de har varslet at de vil g\u00e5 i dialog med sine kunder og tilby avdragsfrihet, midlertidig kreditt og andre m\u00e5ter \u00e5 komme seg gjennom krisen.<\/p><p>Boligl\u00e5nsforskriften \u00e5pner ogs\u00e5 for at det kan innvilges avdragsfrihet ved plutselig inntektsbortfall. <\/p><p>Er du usikker eller bekymret for \u00f8konomien, ta kontakt med banken din!<\/p><p>Tilbakef\u00f8ring av underskudd mot tidligere betalt selskapsskatt gir bedriftene sikre penger som gj\u00f8r det enklere \u00e5 kunne l\u00e5ne penger av banken for \u00e5 \u00f8ke likviditeten. <\/p><p>Utsatt betaling av arbeidsgiveravgift, moms og skatt vil ogs\u00e5 bedre likviditeten for mange.<\/p><p>N\u00e5r det n\u00e5 er enighet om at permitterte sikres full l\u00f8nn inntil 6G de f\u00f8rste 20 dagene, at ordningen med sykel\u00f8nn og omsorgspenger forbedres, at arbeidsgiverperioden reduseres, at lavtl\u00f8nte og selvstendig n\u00e6ringsdrivende f\u00e5r bedre inntektssikring, s\u00e5 er det klart det betyr sv\u00e6rt mye for folks trygghet.<\/p><p>Rask gjennomf\u00f8ring av tiltakene er viktig. Utviklingen f\u00f8lges tett av b\u00e5de Regjering og Storting. Dette er en start, og vi kan forsikre alle om at det vil komme flere tiltak fremover!<\/p><\/div>\n<div class=\"tags\">\n\t<\/div>\n<div class=\"post-footer alignfull has-background block-editor-block-list__block\" data-align=full>\n\t<div class=\"post-footer-inner\">\n\t\t<h3>Relaterte artikler<\/h3>\n\t\t<div class=\"related-content\"><div class=\"is-card-hoyre\">\n\t<div class=\"teft-card hoyre-teft-card post-teft-card\">\n\t\t<a href=\"https:\/\/hoyre.no\/trondelag\/aktuelt\/informasjons-om-nominasjonsprosessen-ved-fylkestingsvalget-2027\/\" class=\"teft-card__primary-action\">\n\n\t\t\t<div class=\"teft-card__media teft-card__media--16-9 no-image\"><\/div>\n\t\t\t<div class=\"teft-card__content-wrapper\">\n\t\t\t\t<div class=\"teft-card__secondary\">\n\t\t\t\t\t\n\t\t\t\t\t\t\t\t<div class=\"teft-card__meta\">\n\t\t\t\t\t\t\t\t\t<span class=\"post-date\">18. apr 2026<\/span>\n\n\t\t\t\t\t\t\t\t\t\t\t\t\t\t\t\t\t<\/div>\n\t\t\t\t\t\t\t\t\t\t\t<\/div>\n\n\t\t\t\t<div class=\"teft-card__primary\">\n\t\t\t\t\t<h2 class=\"teft-card__title\">Informasjon om nominasjonsprosessen ved fylkestingsvalget 2027&nbsp;<span class=\"teft-card__primary-title-append\"><\/span><\/h2>\t\t\t\t<\/div>\n\t\t\t<\/div>\n\t\t<\/a>\n\t<\/div>\n\n\t<\/div><div class=\"is-card-hoyre\">\n\t<div class=\"teft-card hoyre-teft-card post-teft-card\">\n\t\t<a href=\"https:\/\/hoyre.no\/trondelag\/aktuelt\/offentliggjoring-av-svar-fra-kandidater-ved-forrige-fylkestingsvalg\/\" class=\"teft-card__primary-action\">\n\n\t\t\t<div class=\"teft-card__media teft-card__media--16-9 no-image\"><\/div>\n\t\t\t<div class=\"teft-card__content-wrapper\">\n\t\t\t\t<div class=\"teft-card__secondary\">\n\t\t\t\t\t\n\t\t\t\t\t\t\t\t<div class=\"teft-card__meta\">\n\t\t\t\t\t\t\t\t\t<span class=\"post-date\">18. apr 2026<\/span>\n\n\t\t\t\t\t\t\t\t\t\t\t\t\t\t\t\t\t<\/div>\n\t\t\t\t\t\t\t\t\t\t\t<\/div>\n\n\t\t\t\t<div class=\"teft-card__primary\">\n\t\t\t\t\t<h2 class=\"teft-card__title\">Offentliggj\u00f8ring av svar fra kandidater ved forrige fylkestingsvalg&nbsp;<span class=\"teft-card__primary-title-append\"><\/span><\/h2>\t\t\t\t<\/div>\n\t\t\t<\/div>\n\t\t<\/a>\n\t<\/div>\n\n\t<\/div><div class=\"is-card-hoyre\">\n\t<div class=\"teft-card hoyre-teft-card post-teft-card\">\n\t\t<a href=\"https:\/\/hoyre.no\/trondelag\/aktuelt\/vedtatte-resolusjoner-og-uttalelser-fra-fylkesarsmotet-2026\/\" class=\"teft-card__primary-action\">\n\n\t\t\t<div class=\"teft-card__media teft-card__media--16-9 no-image\"><\/div>\n\t\t\t<div class=\"teft-card__content-wrapper\">\n\t\t\t\t<div class=\"teft-card__secondary\">\n\t\t\t\t\t\n\t\t\t\t\t\t\t\t<div class=\"teft-card__meta\">\n\t\t\t\t\t\t\t\t\t<span class=\"post-date\">28. jan 2026<\/span>\n\n\t\t\t\t\t\t\t\t\t\t\t\t\t\t\t\t\t<\/div>\n\t\t\t\t\t\t\t\t\t\t\t<\/div>\n\n\t\t\t\t<div class=\"teft-card__primary\">\n\t\t\t\t\t<h2 class=\"teft-card__title\">Vedtatte resolusjoner og uttalelser fra Fylkes\u00e5rsm\u00f8tet 2026&nbsp;<span class=\"teft-card__primary-title-append\"><\/span><\/h2>\t\t\t\t<\/div>\n\t\t\t<\/div>\n\t\t<\/a>\n\t<\/div>\n\n\t<\/div><\/div>\t<\/div>\n<\/div>\n","protected":false},"excerpt":{"rendered":"","protected":false},"author":0,"featured_media":0,"comment_status":"open","ping_status":"open","sticky":false,"template":"","format":"standard","meta":{"teft_cards_image_url":"https:\/\/hoyre.no\/content\/uploads\/sites\/13\/2020\/11\/elin_agdestein_fb_we_16x9.jpg","teft_cards_custom_pretitle":"","teft_cards_image_id":358,"teft_cards_image_focal_point_x":0,"teft_cards_image_focal_point_y":0,"teft_cards_title":"","teft_cards_excerpt":"","teft_show_chapters":false,"author_display_name":"Elin Agdestein, Stortingsrepresentant (H)","footnotes":""},"category":[1],"post_tag":[],"hoyre-visibility":[],"article-type":[],"politician":[],"class_list":["post-359","post","type-post","status-publish","format-standard","hentry","category-ukategorisert"],"yoast_head":"<!-- This site is optimized with the Yoast SEO plugin v26.6 - https:\/\/yoast.com\/wordpress\/plugins\/seo\/ -->\n<title>Vi skal komme oss gjennom krisen sammen! - Tr\u00f8ndelag H\u00f8yre<\/title>\n<meta name=\"robots\" content=\"index, follow, max-snippet:-1, max-image-preview:large, max-video-preview:-1\" \/>\n<link rel=\"canonical\" href=\"https:\/\/hoyre.no\/trondelag\/aktuelt\/vi_skal_komme_oss_gjennom_krisen_sammen\/\" \/>\n<meta property=\"og:locale\" content=\"nb_NO\" \/>\n<meta property=\"og:type\" content=\"article\" \/>\n<meta property=\"og:title\" content=\"Vi skal komme oss gjennom krisen sammen! - Tr\u00f8ndelag H\u00f8yre\" \/>\n<meta property=\"og:url\" content=\"https:\/\/hoyre.no\/trondelag\/aktuelt\/vi_skal_komme_oss_gjennom_krisen_sammen\/\" \/>\n<meta property=\"og:site_name\" content=\"Tr\u00f8ndelag H\u00f8yre\" \/>\n<meta property=\"article:published_time\" content=\"2020-03-17T22:00:00+00:00\" \/>\n<meta property=\"og:image\" content=\"https:\/\/hoyre.no\/content\/uploads\/sites\/13\/2022\/11\/Hoyres-logo.png\" \/>\n\t<meta property=\"og:image:width\" content=\"1000\" \/>\n\t<meta property=\"og:image:height\" content=\"1000\" \/>\n\t<meta property=\"og:image:type\" content=\"image\/png\" \/>\n<meta name=\"twitter:card\" content=\"summary_large_image\" \/>\n<meta name=\"twitter:label1\" content=\"Ansl. lesetid\" \/>\n\t<meta name=\"twitter:data1\" content=\"3 minutter\" \/>\n<script type=\"application\/ld+json\" class=\"yoast-schema-graph\">{\"@context\":\"https:\/\/schema.org\",\"@graph\":[{\"@type\":\"NewsArticle\",\"@id\":\"https:\/\/hoyre.no\/trondelag\/aktuelt\/vi_skal_komme_oss_gjennom_krisen_sammen\/\",\"url\":\"https:\/\/hoyre.no\/trondelag\/aktuelt\/vi_skal_komme_oss_gjennom_krisen_sammen\/\",\"name\":\"Vi skal komme oss gjennom krisen sammen! - Tr\u00f8ndelag H\u00f8yre\",\"isPartOf\":{\"@id\":\"https:\/\/hoyre.no\/trondelag\/#website\"},\"datePublished\":\"2020-03-17T22:00:00+00:00\",\"author\":{\"@id\":\"\"},\"breadcrumb\":{\"@id\":\"https:\/\/hoyre.no\/trondelag\/aktuelt\/vi_skal_komme_oss_gjennom_krisen_sammen\/#breadcrumb\"},\"inLanguage\":\"nb-NO\",\"potentialAction\":[{\"@type\":\"ReadAction\",\"target\":[\"https:\/\/hoyre.no\/trondelag\/aktuelt\/vi_skal_komme_oss_gjennom_krisen_sammen\/\"]}]},{\"@type\":\"BreadcrumbList\",\"@id\":\"https:\/\/hoyre.no\/trondelag\/aktuelt\/vi_skal_komme_oss_gjennom_krisen_sammen\/#breadcrumb\",\"itemListElement\":[{\"@type\":\"ListItem\",\"position\":1,\"name\":\"Til hoyre.no\",\"item\":\"https:\/\/hoyre.no\"},{\"@type\":\"ListItem\",\"position\":2,\"name\":\"Hjem\",\"item\":\"https:\/\/hoyre.no\/trondelag\/\"},{\"@type\":\"ListItem\",\"position\":3,\"name\":\"Vi skal komme oss gjennom krisen sammen!\"}]},{\"@type\":\"WebSite\",\"@id\":\"https:\/\/hoyre.no\/trondelag\/#website\",\"url\":\"https:\/\/hoyre.no\/trondelag\/\",\"name\":\"Tr\u00f8ndelag H\u00f8yre\",\"description\":\"Bare enda et H\u00f8yres nettsteder-nettsted\",\"inLanguage\":\"nb-NO\"}]}<\/script>\n<!-- \/ Yoast SEO plugin. -->","yoast_head_json":{"title":"Vi skal komme oss gjennom krisen sammen! - Tr\u00f8ndelag H\u00f8yre","robots":{"index":"index","follow":"follow","max-snippet":"max-snippet:-1","max-image-preview":"max-image-preview:large","max-video-preview":"max-video-preview:-1"},"canonical":"https:\/\/hoyre.no\/trondelag\/aktuelt\/vi_skal_komme_oss_gjennom_krisen_sammen\/","og_locale":"nb_NO","og_type":"article","og_title":"Vi skal komme oss gjennom krisen sammen! - Tr\u00f8ndelag H\u00f8yre","og_url":"https:\/\/hoyre.no\/trondelag\/aktuelt\/vi_skal_komme_oss_gjennom_krisen_sammen\/","og_site_name":"Tr\u00f8ndelag H\u00f8yre","article_published_time":"2020-03-17T22:00:00+00:00","og_image":[{"width":1000,"height":1000,"url":"https:\/\/hoyre.no\/content\/uploads\/sites\/13\/2022\/11\/Hoyres-logo.png","type":"image\/png"}],"twitter_card":"summary_large_image","twitter_misc":{"Ansl. lesetid":"3 minutter"},"schema":{"@context":"https:\/\/schema.org","@graph":[{"@type":"NewsArticle","@id":"https:\/\/hoyre.no\/trondelag\/aktuelt\/vi_skal_komme_oss_gjennom_krisen_sammen\/","url":"https:\/\/hoyre.no\/trondelag\/aktuelt\/vi_skal_komme_oss_gjennom_krisen_sammen\/","name":"Vi skal komme oss gjennom krisen sammen! - Tr\u00f8ndelag H\u00f8yre","isPartOf":{"@id":"https:\/\/hoyre.no\/trondelag\/#website"},"datePublished":"2020-03-17T22:00:00+00:00","author":{"@id":""},"breadcrumb":{"@id":"https:\/\/hoyre.no\/trondelag\/aktuelt\/vi_skal_komme_oss_gjennom_krisen_sammen\/#breadcrumb"},"inLanguage":"nb-NO","potentialAction":[{"@type":"ReadAction","target":["https:\/\/hoyre.no\/trondelag\/aktuelt\/vi_skal_komme_oss_gjennom_krisen_sammen\/"]}]},{"@type":"BreadcrumbList","@id":"https:\/\/hoyre.no\/trondelag\/aktuelt\/vi_skal_komme_oss_gjennom_krisen_sammen\/#breadcrumb","itemListElement":[{"@type":"ListItem","position":1,"name":"Til hoyre.no","item":"https:\/\/hoyre.no"},{"@type":"ListItem","position":2,"name":"Hjem","item":"https:\/\/hoyre.no\/trondelag\/"},{"@type":"ListItem","position":3,"name":"Vi skal komme oss gjennom krisen sammen!"}]},{"@type":"WebSite","@id":"https:\/\/hoyre.no\/trondelag\/#website","url":"https:\/\/hoyre.no\/trondelag\/","name":"Tr\u00f8ndelag H\u00f8yre","description":"Bare enda et H\u00f8yres nettsteder-nettsted","inLanguage":"nb-NO"}]}},"distributor_meta":false,"distributor_terms":false,"distributor_media":false,"distributor_original_site_name":"Tr\u00f8ndelag H\u00f8yre","distributor_original_site_url":"https:\/\/hoyre.no\/trondelag","push-errors":false,"_links":{"self":[{"href":"https:\/\/hoyre.no\/trondelag\/wp-json\/wp\/v2\/posts\/359","targetHints":{"allow":["GET"]}}],"collection":[{"href":"https:\/\/hoyre.no\/trondelag\/wp-json\/wp\/v2\/posts"}],"about":[{"href":"https:\/\/hoyre.no\/trondelag\/wp-json\/wp\/v2\/types\/post"}],"replies":[{"embeddable":true,"href":"https:\/\/hoyre.no\/trondelag\/wp-json\/wp\/v2\/comments?post=359"}],"version-history":[{"count":0,"href":"https:\/\/hoyre.no\/trondelag\/wp-json\/wp\/v2\/posts\/359\/revisions"}],"wp:attachment":[{"href":"https:\/\/hoyre.no\/trondelag\/wp-json\/wp\/v2\/media?parent=359"}],"wp:term":[{"taxonomy":"category","embeddable":true,"href":"https:\/\/hoyre.no\/trondelag\/wp-json\/wp\/v2\/category?post=359"},{"taxonomy":"post_tag","embeddable":true,"href":"https:\/\/hoyre.no\/trondelag\/wp-json\/wp\/v2\/post_tag?post=359"},{"taxonomy":"hoyre-visibility","embeddable":true,"href":"https:\/\/hoyre.no\/trondelag\/wp-json\/wp\/v2\/hoyre-visibility?post=359"},{"taxonomy":"article-type","embeddable":true,"href":"https:\/\/hoyre.no\/trondelag\/wp-json\/wp\/v2\/article-type?post=359"},{"taxonomy":"politician","embeddable":true,"href":"https:\/\/hoyre.no\/trondelag\/wp-json\/wp\/v2\/politician?post=359"}],"curies":[{"name":"wp","href":"https:\/\/api.w.org\/{rel}","templated":true}]}}