{"id":531,"date":"2021-04-21T11:11:47","date_gmt":"2021-04-21T09:11:47","guid":{"rendered":"https:\/\/hoyre.no\/trondelag\/?p=531"},"modified":"2021-04-21T11:11:48","modified_gmt":"2021-04-21T09:11:48","slug":"utsetter-betaling-av-skatt-og-mva","status":"publish","type":"post","link":"https:\/\/hoyre.no\/trondelag\/aktuelt\/utsetter-betaling-av-skatt-og-mva\/","title":{"rendered":"Utsetter betaling av skatt og mva"},"content":{"rendered":"\n<p class=\"preamble\">Innbetalingen av utsatte krav utsettes fra 30. juli til 31. oktober. Avdragsperioden forlenges fra 6 til 12 m\u00e5neder.<\/p>\t\t\t<div class=\"post-meta wp-block teft-byline-wrapper\">\n\t\t\t\t<div class=\"top\">\n\t\t\t\t\t<div class=\"signature\">\n\t\t\t\t\t\t<div class=\"teft-byline\">\n\t\t\t\t\t\t\t\t\t\t\t\t\t\t<div>\n\t\t\t\t\t\t\t\t<h3>H\u00f8yres redaksjon<\/h3>\t\t\t\t\t\t\t\t\n\t\t\t\t\t\t\t\t\t\t\t\t\t\t\t\t\t<span class=\"date\">Sist oppdatert: 21. april 2021<\/span>\n\t\t\t\t\t\t\t\t\t\t\t\t\t\t\t\t\t\t\t\t\t\t\t\t\t<span class=\"reading-time\" itemprop=\"timeRequired\" content=\"PT1M\"><em>Ca. 1 minutter lesetid<\/em><\/span>\n\t\t\t\t\t\t\t\t\t\t\t\t\t\t\t<\/div>\n\t\t\t\t\t\t<\/div>\n\t\t\t\t\t<\/div>\n\t\t\t\t\t\t<div class=\"sharing\">\n\t\t<a class=\"share-button share-link copy-link\" data-copy=\"https:\/\/hoyre.no\/trondelag\/aktuelt\/utsetter-betaling-av-skatt-og-mva\/\" target=\"_blank\"><span class=\"screen-reader-text\">Del link<\/span><\/a>\n\t\t<a class=\"share-button share-twitter\" href=\"http:\/\/twitter.com\/share?text=Utsetter betaling av skatt og mva&#038;url=https:\/\/hoyre.no\/trondelag\/aktuelt\/utsetter-betaling-av-skatt-og-mva\/&#038;hashtags=Hoyre\" target=\"_blank\"><span class=\"screen-reader-text\">Del p\u00e5 twitter<\/span><\/a>\n\t\t<a class=\"share-button share-facebook\" href=\"https:\/\/www.facebook.com\/sharer\/sharer.php?u=https:\/\/hoyre.no\/trondelag\/aktuelt\/utsetter-betaling-av-skatt-og-mva\/\" target=\"_blank\"><span class=\"screen-reader-text\">Del p\u00e5 facebook<\/span><\/a>\n\t<\/div>\n\t\t\t\t\t<\/div>\n\t\t\t<\/div>\n\n\t\t\t<figure class=\"hoyre-image-wrapper\"><div class=\"hoyre-image\"><img loading=\"lazy\" decoding=\"async\" width=\"1876\" height=\"1055\" src=\"https:\/\/hoyre.no\/content\/uploads\/sites\/13\/2020\/11\/elin_agdestein_fb_we_16x9.jpg\" class=\"attachment-scaled size-scaled\" alt=\"\" style=\"object-position: 45% 43%\" srcset=\"https:\/\/hoyre.no\/content\/uploads\/sites\/13\/2020\/11\/elin_agdestein_fb_we_16x9.jpg 1876w, https:\/\/hoyre.no\/content\/uploads\/sites\/13\/2020\/11\/elin_agdestein_fb_we_16x9-300x169.jpg 300w, https:\/\/hoyre.no\/content\/uploads\/sites\/13\/2020\/11\/elin_agdestein_fb_we_16x9-1024x576.jpg 1024w, https:\/\/hoyre.no\/content\/uploads\/sites\/13\/2020\/11\/elin_agdestein_fb_we_16x9-768x432.jpg 768w, https:\/\/hoyre.no\/content\/uploads\/sites\/13\/2020\/11\/elin_agdestein_fb_we_16x9-1536x864.jpg 1536w\" sizes=\"auto, (max-width: 1876px) 100vw, 1876px\" \/><\/div><\/figure>\n\n\n\n\n<p>\u2013 <strong>Jeg er glad for at regjeringen har lyttet til innspill fra n\u00e6ringslivet. Flere bedrifter som har det t\u00f8ft n\u00e5, f\u00e5r muligheten til \u00e5 hente seg inn igjen etter koronakrisen. Det viktigste er at bedriftene f\u00e5r folk tilbake i jobb, s\u00e5 f\u00e5r staten heller vente noe lengre med \u00e5 f\u00e5 utsatte skatter og avgifter inn p\u00e5 konto, sier stortingsrepresentant Elin Agdestein (H).<\/strong><\/p>\n\n\n\n<p>Forslagene vil bli lagt frem i forbindelse med revidert nasjonalbudsjett for 2021, som skal behandles i Stortinget i l\u00f8pet av v\u00e5ren.\u00a0<\/p>\n\n\n<div class=\"tags\">\n\t<\/div>\n<div class=\"post-footer alignfull has-background block-editor-block-list__block\" data-align=full>\n\t<div class=\"post-footer-inner\">\n\t\t<h3>Relaterte artikler<\/h3>\n\t\t<div class=\"related-content\"><div class=\"is-card-hoyre\">\n\t<div class=\"teft-card hoyre-teft-card post-teft-card\">\n\t\t<a href=\"https:\/\/hoyre.no\/trondelag\/aktuelt\/informasjons-om-nominasjonsprosessen-ved-fylkestingsvalget-2027\/\" class=\"teft-card__primary-action\">\n\n\t\t\t<div class=\"teft-card__media teft-card__media--16-9 no-image\"><\/div>\n\t\t\t<div class=\"teft-card__content-wrapper\">\n\t\t\t\t<div class=\"teft-card__secondary\">\n\t\t\t\t\t\n\t\t\t\t\t\t\t\t<div class=\"teft-card__meta\">\n\t\t\t\t\t\t\t\t\t<span class=\"post-date\">18. apr 2026<\/span>\n\n\t\t\t\t\t\t\t\t\t\t\t\t\t\t\t\t\t<\/div>\n\t\t\t\t\t\t\t\t\t\t\t<\/div>\n\n\t\t\t\t<div class=\"teft-card__primary\">\n\t\t\t\t\t<h2 class=\"teft-card__title\">Informasjon om nominasjonsprosessen ved fylkestingsvalget 2027&nbsp;<span class=\"teft-card__primary-title-append\"><\/span><\/h2>\t\t\t\t<\/div>\n\t\t\t<\/div>\n\t\t<\/a>\n\t<\/div>\n\n\t<\/div><div class=\"is-card-hoyre\">\n\t<div class=\"teft-card hoyre-teft-card post-teft-card\">\n\t\t<a href=\"https:\/\/hoyre.no\/trondelag\/aktuelt\/offentliggjoring-av-svar-fra-kandidater-ved-forrige-fylkestingsvalg\/\" class=\"teft-card__primary-action\">\n\n\t\t\t<div class=\"teft-card__media teft-card__media--16-9 no-image\"><\/div>\n\t\t\t<div class=\"teft-card__content-wrapper\">\n\t\t\t\t<div class=\"teft-card__secondary\">\n\t\t\t\t\t\n\t\t\t\t\t\t\t\t<div class=\"teft-card__meta\">\n\t\t\t\t\t\t\t\t\t<span class=\"post-date\">18. apr 2026<\/span>\n\n\t\t\t\t\t\t\t\t\t\t\t\t\t\t\t\t\t<\/div>\n\t\t\t\t\t\t\t\t\t\t\t<\/div>\n\n\t\t\t\t<div class=\"teft-card__primary\">\n\t\t\t\t\t<h2 class=\"teft-card__title\">Offentliggj\u00f8ring av svar fra kandidater ved forrige fylkestingsvalg&nbsp;<span class=\"teft-card__primary-title-append\"><\/span><\/h2>\t\t\t\t<\/div>\n\t\t\t<\/div>\n\t\t<\/a>\n\t<\/div>\n\n\t<\/div><div class=\"is-card-hoyre\">\n\t<div class=\"teft-card hoyre-teft-card post-teft-card\">\n\t\t<a href=\"https:\/\/hoyre.no\/trondelag\/aktuelt\/vedtatte-resolusjoner-og-uttalelser-fra-fylkesarsmotet-2026\/\" class=\"teft-card__primary-action\">\n\n\t\t\t<div class=\"teft-card__media teft-card__media--16-9 no-image\"><\/div>\n\t\t\t<div class=\"teft-card__content-wrapper\">\n\t\t\t\t<div class=\"teft-card__secondary\">\n\t\t\t\t\t\n\t\t\t\t\t\t\t\t<div class=\"teft-card__meta\">\n\t\t\t\t\t\t\t\t\t<span class=\"post-date\">28. jan 2026<\/span>\n\n\t\t\t\t\t\t\t\t\t\t\t\t\t\t\t\t\t<\/div>\n\t\t\t\t\t\t\t\t\t\t\t<\/div>\n\n\t\t\t\t<div class=\"teft-card__primary\">\n\t\t\t\t\t<h2 class=\"teft-card__title\">Vedtatte resolusjoner og uttalelser fra Fylkes\u00e5rsm\u00f8tet 2026&nbsp;<span class=\"teft-card__primary-title-append\"><\/span><\/h2>\t\t\t\t<\/div>\n\t\t\t<\/div>\n\t\t<\/a>\n\t<\/div>\n\n\t<\/div><\/div>\t<\/div>\n<\/div>\n","protected":false},"excerpt":{"rendered":"","protected":false},"author":173,"featured_media":0,"comment_status":"closed","ping_status":"closed","sticky":false,"template":"","format":"standard","meta":{"teft_cards_image_url":"","teft_cards_custom_pretitle":"","teft_cards_image_id":514,"teft_cards_image_focal_point_x":0.5,"teft_cards_image_focal_point_y":0.5,"teft_cards_title":"","teft_cards_excerpt":"","teft_show_chapters":false,"author_display_name":"","footnotes":""},"category":[1],"post_tag":[],"hoyre-visibility":[],"article-type":[],"politician":[],"class_list":["post-531","post","type-post","status-publish","format-standard","hentry","category-ukategorisert"],"yoast_head":"<!-- This site is optimized with the Yoast SEO plugin v26.6 - https:\/\/yoast.com\/wordpress\/plugins\/seo\/ -->\n<title>Utsetter betaling av skatt og mva - Tr\u00f8ndelag H\u00f8yre<\/title>\n<meta name=\"robots\" content=\"index, follow, max-snippet:-1, max-image-preview:large, max-video-preview:-1\" \/>\n<link rel=\"canonical\" href=\"https:\/\/hoyre.no\/trondelag\/aktuelt\/utsetter-betaling-av-skatt-og-mva\/\" \/>\n<meta property=\"og:locale\" content=\"nb_NO\" \/>\n<meta property=\"og:type\" content=\"article\" \/>\n<meta property=\"og:title\" content=\"Utsetter betaling av skatt og mva - Tr\u00f8ndelag H\u00f8yre\" \/>\n<meta property=\"og:url\" content=\"https:\/\/hoyre.no\/trondelag\/aktuelt\/utsetter-betaling-av-skatt-og-mva\/\" \/>\n<meta property=\"og:site_name\" content=\"Tr\u00f8ndelag H\u00f8yre\" \/>\n<meta property=\"article:published_time\" content=\"2021-04-21T09:11:47+00:00\" \/>\n<meta property=\"article:modified_time\" content=\"2021-04-21T09:11:48+00:00\" \/>\n<meta property=\"og:image\" content=\"https:\/\/hoyre.no\/content\/uploads\/sites\/13\/2020\/11\/elin_agdestein_fb_we_16x9.jpg\" \/>\n\t<meta property=\"og:image:width\" content=\"1876\" \/>\n\t<meta property=\"og:image:height\" content=\"1055\" \/>\n\t<meta property=\"og:image:type\" content=\"image\/jpeg\" \/>\n<meta name=\"author\" content=\"Stephen \u00d8rmen Johnsen\" \/>\n<meta name=\"twitter:card\" content=\"summary_large_image\" \/>\n<meta name=\"twitter:label1\" content=\"Skrevet av\" \/>\n\t<meta name=\"twitter:data1\" content=\"Stephen \u00d8rmen Johnsen\" \/>\n\t<meta name=\"twitter:label2\" content=\"Ansl. lesetid\" \/>\n\t<meta name=\"twitter:data2\" content=\"1 minutt\" \/>\n<script type=\"application\/ld+json\" class=\"yoast-schema-graph\">{\"@context\":\"https:\/\/schema.org\",\"@graph\":[{\"@type\":\"NewsArticle\",\"@id\":\"https:\/\/hoyre.no\/trondelag\/aktuelt\/utsetter-betaling-av-skatt-og-mva\/\",\"url\":\"https:\/\/hoyre.no\/trondelag\/aktuelt\/utsetter-betaling-av-skatt-og-mva\/\",\"name\":\"Utsetter betaling av skatt og mva - Tr\u00f8ndelag H\u00f8yre\",\"isPartOf\":{\"@id\":\"https:\/\/hoyre.no\/trondelag\/#website\"},\"datePublished\":\"2021-04-21T09:11:47+00:00\",\"dateModified\":\"2021-04-21T09:11:48+00:00\",\"author\":{\"@id\":\"https:\/\/hoyre.no\/trondelag\/#\/schema\/person\/fc2a7784cfef3bbe4019c898160ce017\"},\"breadcrumb\":{\"@id\":\"https:\/\/hoyre.no\/trondelag\/aktuelt\/utsetter-betaling-av-skatt-og-mva\/#breadcrumb\"},\"inLanguage\":\"nb-NO\",\"potentialAction\":[{\"@type\":\"ReadAction\",\"target\":[\"https:\/\/hoyre.no\/trondelag\/aktuelt\/utsetter-betaling-av-skatt-og-mva\/\"]}]},{\"@type\":\"BreadcrumbList\",\"@id\":\"https:\/\/hoyre.no\/trondelag\/aktuelt\/utsetter-betaling-av-skatt-og-mva\/#breadcrumb\",\"itemListElement\":[{\"@type\":\"ListItem\",\"position\":1,\"name\":\"Til hoyre.no\",\"item\":\"https:\/\/hoyre.no\"},{\"@type\":\"ListItem\",\"position\":2,\"name\":\"Hjem\",\"item\":\"https:\/\/hoyre.no\/trondelag\/\"},{\"@type\":\"ListItem\",\"position\":3,\"name\":\"Utsetter betaling av skatt og mva\"}]},{\"@type\":\"WebSite\",\"@id\":\"https:\/\/hoyre.no\/trondelag\/#website\",\"url\":\"https:\/\/hoyre.no\/trondelag\/\",\"name\":\"Tr\u00f8ndelag H\u00f8yre\",\"description\":\"Bare enda et H\u00f8yres nettsteder-nettsted\",\"inLanguage\":\"nb-NO\"},{\"@type\":\"Person\",\"@id\":\"https:\/\/hoyre.no\/trondelag\/#\/schema\/person\/fc2a7784cfef3bbe4019c898160ce017\",\"name\":\"Stephen \u00d8rmen Johnsen\",\"image\":{\"@type\":\"ImageObject\",\"inLanguage\":\"nb-NO\",\"@id\":\"https:\/\/hoyre.no\/trondelag\/#\/schema\/person\/image\/\",\"url\":\"https:\/\/secure.gravatar.com\/avatar\/5ab724d970541b44cf7bfc46946562e6d0d4dc65c300bc99cd58b5bf211c9cd5?s=96&d=mm&r=g\",\"contentUrl\":\"https:\/\/secure.gravatar.com\/avatar\/5ab724d970541b44cf7bfc46946562e6d0d4dc65c300bc99cd58b5bf211c9cd5?s=96&d=mm&r=g\",\"caption\":\"Stephen \u00d8rmen Johnsen\"},\"url\":\"https:\/\/hoyre.no\/trondelag\/aktuelt\/author\/m50286780-2\/\"}]}<\/script>\n<!-- \/ Yoast SEO plugin. -->","yoast_head_json":{"title":"Utsetter betaling av skatt og mva - Tr\u00f8ndelag H\u00f8yre","robots":{"index":"index","follow":"follow","max-snippet":"max-snippet:-1","max-image-preview":"max-image-preview:large","max-video-preview":"max-video-preview:-1"},"canonical":"https:\/\/hoyre.no\/trondelag\/aktuelt\/utsetter-betaling-av-skatt-og-mva\/","og_locale":"nb_NO","og_type":"article","og_title":"Utsetter betaling av skatt og mva - Tr\u00f8ndelag H\u00f8yre","og_url":"https:\/\/hoyre.no\/trondelag\/aktuelt\/utsetter-betaling-av-skatt-og-mva\/","og_site_name":"Tr\u00f8ndelag H\u00f8yre","article_published_time":"2021-04-21T09:11:47+00:00","article_modified_time":"2021-04-21T09:11:48+00:00","og_image":[{"width":1876,"height":1055,"url":"https:\/\/hoyre.no\/content\/uploads\/sites\/13\/2020\/11\/elin_agdestein_fb_we_16x9.jpg","type":"image\/jpeg"}],"author":"Stephen \u00d8rmen Johnsen","twitter_card":"summary_large_image","twitter_misc":{"Skrevet av":"Stephen \u00d8rmen Johnsen","Ansl. lesetid":"1 minutt"},"schema":{"@context":"https:\/\/schema.org","@graph":[{"@type":"NewsArticle","@id":"https:\/\/hoyre.no\/trondelag\/aktuelt\/utsetter-betaling-av-skatt-og-mva\/","url":"https:\/\/hoyre.no\/trondelag\/aktuelt\/utsetter-betaling-av-skatt-og-mva\/","name":"Utsetter betaling av skatt og mva - Tr\u00f8ndelag H\u00f8yre","isPartOf":{"@id":"https:\/\/hoyre.no\/trondelag\/#website"},"datePublished":"2021-04-21T09:11:47+00:00","dateModified":"2021-04-21T09:11:48+00:00","author":{"@id":"https:\/\/hoyre.no\/trondelag\/#\/schema\/person\/fc2a7784cfef3bbe4019c898160ce017"},"breadcrumb":{"@id":"https:\/\/hoyre.no\/trondelag\/aktuelt\/utsetter-betaling-av-skatt-og-mva\/#breadcrumb"},"inLanguage":"nb-NO","potentialAction":[{"@type":"ReadAction","target":["https:\/\/hoyre.no\/trondelag\/aktuelt\/utsetter-betaling-av-skatt-og-mva\/"]}]},{"@type":"BreadcrumbList","@id":"https:\/\/hoyre.no\/trondelag\/aktuelt\/utsetter-betaling-av-skatt-og-mva\/#breadcrumb","itemListElement":[{"@type":"ListItem","position":1,"name":"Til hoyre.no","item":"https:\/\/hoyre.no"},{"@type":"ListItem","position":2,"name":"Hjem","item":"https:\/\/hoyre.no\/trondelag\/"},{"@type":"ListItem","position":3,"name":"Utsetter betaling av skatt og mva"}]},{"@type":"WebSite","@id":"https:\/\/hoyre.no\/trondelag\/#website","url":"https:\/\/hoyre.no\/trondelag\/","name":"Tr\u00f8ndelag H\u00f8yre","description":"Bare enda et H\u00f8yres nettsteder-nettsted","inLanguage":"nb-NO"},{"@type":"Person","@id":"https:\/\/hoyre.no\/trondelag\/#\/schema\/person\/fc2a7784cfef3bbe4019c898160ce017","name":"Stephen \u00d8rmen Johnsen","image":{"@type":"ImageObject","inLanguage":"nb-NO","@id":"https:\/\/hoyre.no\/trondelag\/#\/schema\/person\/image\/","url":"https:\/\/secure.gravatar.com\/avatar\/5ab724d970541b44cf7bfc46946562e6d0d4dc65c300bc99cd58b5bf211c9cd5?s=96&d=mm&r=g","contentUrl":"https:\/\/secure.gravatar.com\/avatar\/5ab724d970541b44cf7bfc46946562e6d0d4dc65c300bc99cd58b5bf211c9cd5?s=96&d=mm&r=g","caption":"Stephen \u00d8rmen Johnsen"},"url":"https:\/\/hoyre.no\/trondelag\/aktuelt\/author\/m50286780-2\/"}]}},"distributor_meta":false,"distributor_terms":false,"distributor_media":false,"distributor_original_site_name":"Tr\u00f8ndelag H\u00f8yre","distributor_original_site_url":"https:\/\/hoyre.no\/trondelag","push-errors":false,"_links":{"self":[{"href":"https:\/\/hoyre.no\/trondelag\/wp-json\/wp\/v2\/posts\/531","targetHints":{"allow":["GET"]}}],"collection":[{"href":"https:\/\/hoyre.no\/trondelag\/wp-json\/wp\/v2\/posts"}],"about":[{"href":"https:\/\/hoyre.no\/trondelag\/wp-json\/wp\/v2\/types\/post"}],"author":[{"embeddable":true,"href":"https:\/\/hoyre.no\/trondelag\/wp-json\/wp\/v2\/users\/173"}],"replies":[{"embeddable":true,"href":"https:\/\/hoyre.no\/trondelag\/wp-json\/wp\/v2\/comments?post=531"}],"version-history":[{"count":1,"href":"https:\/\/hoyre.no\/trondelag\/wp-json\/wp\/v2\/posts\/531\/revisions"}],"predecessor-version":[{"id":532,"href":"https:\/\/hoyre.no\/trondelag\/wp-json\/wp\/v2\/posts\/531\/revisions\/532"}],"wp:attachment":[{"href":"https:\/\/hoyre.no\/trondelag\/wp-json\/wp\/v2\/media?parent=531"}],"wp:term":[{"taxonomy":"category","embeddable":true,"href":"https:\/\/hoyre.no\/trondelag\/wp-json\/wp\/v2\/category?post=531"},{"taxonomy":"post_tag","embeddable":true,"href":"https:\/\/hoyre.no\/trondelag\/wp-json\/wp\/v2\/post_tag?post=531"},{"taxonomy":"hoyre-visibility","embeddable":true,"href":"https:\/\/hoyre.no\/trondelag\/wp-json\/wp\/v2\/hoyre-visibility?post=531"},{"taxonomy":"article-type","embeddable":true,"href":"https:\/\/hoyre.no\/trondelag\/wp-json\/wp\/v2\/article-type?post=531"},{"taxonomy":"politician","embeddable":true,"href":"https:\/\/hoyre.no\/trondelag\/wp-json\/wp\/v2\/politician?post=531"}],"curies":[{"name":"wp","href":"https:\/\/api.w.org\/{rel}","templated":true}]}}