{"id":599,"date":"2023-02-27T22:05:34","date_gmt":"2023-02-27T21:05:34","guid":{"rendered":"https:\/\/hoyre.no\/trondelag\/?p=599"},"modified":"2023-04-27T18:03:28","modified_gmt":"2023-04-27T16:03:28","slug":"trondelag-hoyres-fylkestingsgruppe-soker-radgiver","status":"publish","type":"post","link":"https:\/\/hoyre.no\/trondelag\/aktuelt\/trondelag-hoyres-fylkestingsgruppe-soker-radgiver\/","title":{"rendered":"Tr\u00f8ndelag H\u00f8yres fylkestingsgruppe s\u00f8ker r\u00e5dgiver"},"content":{"rendered":"\n<p class=\"preamble\">Vi s\u00f8ker en r\u00e5dgiver som kan bist\u00e5 fylkestingsgruppen i l\u00f8pende kommunikasjons- og mediearbeid og bidra i forberedelser til debatter og praktisk bistand i forbindelse med valget.<\/p>\t\t\t<div class=\"post-meta wp-block teft-byline-wrapper\">\n\t\t\t\t<div class=\"top\">\n\t\t\t\t\t<div class=\"signature\">\n\t\t\t\t\t\t<div class=\"teft-byline\">\n\t\t\t\t\t\t\t\t\t\t\t\t\t\t<div>\n\t\t\t\t\t\t\t\t<h3>H\u00f8yres redaksjon<\/h3>\t\t\t\t\t\t\t\t\n\t\t\t\t\t\t\t\t\t\t\t\t\t\t\t\t\t<span class=\"date\">Sist oppdatert: 27. april 2023<\/span>\n\t\t\t\t\t\t\t\t\t\t\t\t\t\t\t\t\t\t\t\t\t\t\t\t\t<span class=\"reading-time\" itemprop=\"timeRequired\" content=\"PT1M\"><em>Ca. 1 minutter lesetid<\/em><\/span>\n\t\t\t\t\t\t\t\t\t\t\t\t\t\t\t<\/div>\n\t\t\t\t\t\t<\/div>\n\t\t\t\t\t<\/div>\n\t\t\t\t\t\t<div class=\"sharing\">\n\t\t<a class=\"share-button share-link copy-link\" data-copy=\"https:\/\/hoyre.no\/trondelag\/aktuelt\/trondelag-hoyres-fylkestingsgruppe-soker-radgiver\/\" target=\"_blank\"><span class=\"screen-reader-text\">Del link<\/span><\/a>\n\t\t<a class=\"share-button share-twitter\" href=\"http:\/\/twitter.com\/share?text=Tr\u00f8ndelag H\u00f8yres fylkestingsgruppe s\u00f8ker r\u00e5dgiver&#038;url=https:\/\/hoyre.no\/trondelag\/aktuelt\/trondelag-hoyres-fylkestingsgruppe-soker-radgiver\/&#038;hashtags=Hoyre\" target=\"_blank\"><span class=\"screen-reader-text\">Del p\u00e5 twitter<\/span><\/a>\n\t\t<a class=\"share-button share-facebook\" href=\"https:\/\/www.facebook.com\/sharer\/sharer.php?u=https:\/\/hoyre.no\/trondelag\/aktuelt\/trondelag-hoyres-fylkestingsgruppe-soker-radgiver\/\" target=\"_blank\"><span class=\"screen-reader-text\">Del p\u00e5 facebook<\/span><\/a>\n\t<\/div>\n\t\t\t\t\t<\/div>\n\t\t\t<\/div>\n\n\t\t\t<figure class=\"hoyre-image-wrapper\"><div class=\"hoyre-image\"><img loading=\"lazy\" decoding=\"async\" width=\"2500\" height=\"1667\" src=\"https:\/\/hoyre.no\/content\/uploads\/sites\/13\/2023\/04\/52768558206_3b476e27e3_o-scaled.jpg\" class=\"attachment-scaled size-scaled\" alt=\"\" style=\"object-position: 50% 50%\" srcset=\"https:\/\/hoyre.no\/content\/uploads\/sites\/13\/2023\/04\/52768558206_3b476e27e3_o-scaled.jpg 2500w, https:\/\/hoyre.no\/content\/uploads\/sites\/13\/2023\/04\/52768558206_3b476e27e3_o-300x200.jpg 300w, https:\/\/hoyre.no\/content\/uploads\/sites\/13\/2023\/04\/52768558206_3b476e27e3_o-1024x683.jpg 1024w, https:\/\/hoyre.no\/content\/uploads\/sites\/13\/2023\/04\/52768558206_3b476e27e3_o-768x512.jpg 768w, https:\/\/hoyre.no\/content\/uploads\/sites\/13\/2023\/04\/52768558206_3b476e27e3_o-1536x1024.jpg 1536w, https:\/\/hoyre.no\/content\/uploads\/sites\/13\/2023\/04\/52768558206_3b476e27e3_o-2048x1365.jpg 2048w\" sizes=\"auto, (max-width: 2500px) 100vw, 2500px\" \/><\/div><\/figure>\n\n\n\n\n<p>R\u00e5dgiverens fremste oppgave er \u00e5 bist\u00e5 gruppen i det daglige arbeidet med praktisk tilrettelegging, saksforberedelse og presentasjon av H\u00f8yres politikk. S\u00e6rdeles viktig blir arbeidet med forberedelse og gjennomf\u00f8ring av valgkampen 2023. Ansatt m\u00e5 regne med en del reiseaktivitet Valgkamputvalget vil spesifisere arbeidsoppgaver fortl\u00f8pende.<\/p>\n\n\n\n<p>Du b\u00f8r ha god kjennskap til medieutviklingen, v\u00e6re kreativ og id\u00e9rik, uredd, selvg\u00e5ende og kan jobbe med flere saker samtidig.<\/p>\n\n\n\n<p><strong>Kvalifikasjoner:<\/strong><\/p>\n\n\n\n<ul class=\"wp-block-list\"><li>Inng\u00e5ende kjennskap til H\u00f8yres politikk, og god kjennskap til norsk politikk og samfunnsliv<\/li><li>Evne til \u00e5 planlegge og gjennomf\u00f8re en god valgkamp<\/li><li>Bist\u00e5 kommuner \/ andre der fylkestingsgruppa finner det hensiktsmessig<\/li><li>God skriftlig fremstillingsevne<\/li><li>Kunnskap om SOME, enkel bilderedigering og film<\/li><li>Evne til raskt \u00e5 sette deg inn i nye saksomr\u00e5der og problemstillinger<\/li><\/ul>\n\n\n\n<p>Har du et politisk engasjement og lyst til \u00e5 jobbe for fylkestingsgruppen h\u00e5per vi \u00e5 h\u00f8re fra deg!<\/p>\n\n\n\n<p>S\u00f8knad sendes til&nbsp;<a href=\"mailto:trondelag@hoyre.no\">trondelag@hoyre.no<\/a>&nbsp;innen 12. mars 2023.<\/p>\n\n\n\n<p>Sp\u00f8rsm\u00e5l til stillingen kan rettes til gruppeleder \/ fylkesordf\u00f8rerkandidat P\u00e5l S\u00e6ther Eiden -90527323<\/p>\n\n\n\n<p>Stillingens st\u00f8rrelse tilpasses arbeidsmengde. Ved oppstart vil stillingsomfanget v\u00e6re ca 20%. Den siste tiden f\u00f8r valget vil stillingen v\u00e6re 100% Stillingen er tidsavgrenset og engasjementet varer til 20. september 2023. Tiltredelse etter avtale. L\u00f8nn etter avtale.<\/p>\n\n\n<div class=\"tags\">\n\t<\/div>\n<div class=\"post-footer alignfull has-background block-editor-block-list__block\" data-align=full>\n\t<div class=\"post-footer-inner\">\n\t\t<h3>Relaterte artikler<\/h3>\n\t\t<div class=\"related-content\"><div class=\"is-card-hoyre\">\n\t<div class=\"teft-card hoyre-teft-card post-teft-card\">\n\t\t<a href=\"https:\/\/hoyre.no\/trondelag\/aktuelt\/informasjons-om-nominasjonsprosessen-ved-fylkestingsvalget-2027\/\" class=\"teft-card__primary-action\">\n\n\t\t\t<div class=\"teft-card__media teft-card__media--16-9 no-image\"><\/div>\n\t\t\t<div class=\"teft-card__content-wrapper\">\n\t\t\t\t<div class=\"teft-card__secondary\">\n\t\t\t\t\t\n\t\t\t\t\t\t\t\t<div class=\"teft-card__meta\">\n\t\t\t\t\t\t\t\t\t<span class=\"post-date\">18. apr 2026<\/span>\n\n\t\t\t\t\t\t\t\t\t\t\t\t\t\t\t\t\t<\/div>\n\t\t\t\t\t\t\t\t\t\t\t<\/div>\n\n\t\t\t\t<div class=\"teft-card__primary\">\n\t\t\t\t\t<h2 class=\"teft-card__title\">Informasjon om nominasjonsprosessen ved fylkestingsvalget 2027&nbsp;<span class=\"teft-card__primary-title-append\"><\/span><\/h2>\t\t\t\t<\/div>\n\t\t\t<\/div>\n\t\t<\/a>\n\t<\/div>\n\n\t<\/div><div class=\"is-card-hoyre\">\n\t<div class=\"teft-card hoyre-teft-card post-teft-card\">\n\t\t<a href=\"https:\/\/hoyre.no\/trondelag\/aktuelt\/offentliggjoring-av-svar-fra-kandidater-ved-forrige-fylkestingsvalg\/\" class=\"teft-card__primary-action\">\n\n\t\t\t<div class=\"teft-card__media teft-card__media--16-9 no-image\"><\/div>\n\t\t\t<div class=\"teft-card__content-wrapper\">\n\t\t\t\t<div class=\"teft-card__secondary\">\n\t\t\t\t\t\n\t\t\t\t\t\t\t\t<div class=\"teft-card__meta\">\n\t\t\t\t\t\t\t\t\t<span class=\"post-date\">18. apr 2026<\/span>\n\n\t\t\t\t\t\t\t\t\t\t\t\t\t\t\t\t\t<\/div>\n\t\t\t\t\t\t\t\t\t\t\t<\/div>\n\n\t\t\t\t<div class=\"teft-card__primary\">\n\t\t\t\t\t<h2 class=\"teft-card__title\">Offentliggj\u00f8ring av svar fra kandidater ved forrige fylkestingsvalg&nbsp;<span class=\"teft-card__primary-title-append\"><\/span><\/h2>\t\t\t\t<\/div>\n\t\t\t<\/div>\n\t\t<\/a>\n\t<\/div>\n\n\t<\/div><div class=\"is-card-hoyre\">\n\t<div class=\"teft-card hoyre-teft-card post-teft-card\">\n\t\t<a href=\"https:\/\/hoyre.no\/trondelag\/aktuelt\/vedtatte-resolusjoner-og-uttalelser-fra-fylkesarsmotet-2026\/\" class=\"teft-card__primary-action\">\n\n\t\t\t<div class=\"teft-card__media teft-card__media--16-9 no-image\"><\/div>\n\t\t\t<div class=\"teft-card__content-wrapper\">\n\t\t\t\t<div class=\"teft-card__secondary\">\n\t\t\t\t\t\n\t\t\t\t\t\t\t\t<div class=\"teft-card__meta\">\n\t\t\t\t\t\t\t\t\t<span class=\"post-date\">28. jan 2026<\/span>\n\n\t\t\t\t\t\t\t\t\t\t\t\t\t\t\t\t\t<\/div>\n\t\t\t\t\t\t\t\t\t\t\t<\/div>\n\n\t\t\t\t<div class=\"teft-card__primary\">\n\t\t\t\t\t<h2 class=\"teft-card__title\">Vedtatte resolusjoner og uttalelser fra Fylkes\u00e5rsm\u00f8tet 2026&nbsp;<span class=\"teft-card__primary-title-append\"><\/span><\/h2>\t\t\t\t<\/div>\n\t\t\t<\/div>\n\t\t<\/a>\n\t<\/div>\n\n\t<\/div><\/div>\t<\/div>\n<\/div>\n","protected":false},"excerpt":{"rendered":"","protected":false},"author":30816,"featured_media":0,"comment_status":"closed","ping_status":"closed","sticky":false,"template":"","format":"standard","meta":{"teft_cards_image_url":"","teft_cards_custom_pretitle":"","teft_cards_image_id":0,"teft_cards_image_focal_point_x":0,"teft_cards_image_focal_point_y":0,"teft_cards_title":"","teft_cards_excerpt":"","teft_show_chapters":false,"author_display_name":"","footnotes":""},"category":[1],"post_tag":[],"hoyre-visibility":[],"article-type":[],"politician":[],"class_list":["post-599","post","type-post","status-publish","format-standard","hentry","category-ukategorisert"],"yoast_head":"<!-- This site is optimized with the Yoast SEO plugin v26.6 - https:\/\/yoast.com\/wordpress\/plugins\/seo\/ -->\n<title>Tr\u00f8ndelag H\u00f8yres fylkestingsgruppe s\u00f8ker r\u00e5dgiver - Tr\u00f8ndelag H\u00f8yre<\/title>\n<meta name=\"robots\" content=\"index, follow, max-snippet:-1, max-image-preview:large, max-video-preview:-1\" \/>\n<link rel=\"canonical\" href=\"https:\/\/hoyre.no\/trondelag\/aktuelt\/trondelag-hoyres-fylkestingsgruppe-soker-radgiver\/\" \/>\n<meta property=\"og:locale\" content=\"nb_NO\" \/>\n<meta property=\"og:type\" content=\"article\" \/>\n<meta property=\"og:title\" content=\"Tr\u00f8ndelag H\u00f8yres fylkestingsgruppe s\u00f8ker r\u00e5dgiver - Tr\u00f8ndelag H\u00f8yre\" \/>\n<meta property=\"og:url\" content=\"https:\/\/hoyre.no\/trondelag\/aktuelt\/trondelag-hoyres-fylkestingsgruppe-soker-radgiver\/\" \/>\n<meta property=\"og:site_name\" content=\"Tr\u00f8ndelag H\u00f8yre\" \/>\n<meta property=\"article:published_time\" content=\"2023-02-27T21:05:34+00:00\" \/>\n<meta property=\"article:modified_time\" content=\"2023-04-27T16:03:28+00:00\" \/>\n<meta property=\"og:image\" content=\"https:\/\/hoyre.no\/content\/uploads\/sites\/13\/2022\/11\/Hoyres-logo.png\" \/>\n\t<meta property=\"og:image:width\" content=\"1000\" \/>\n\t<meta property=\"og:image:height\" content=\"1000\" \/>\n\t<meta property=\"og:image:type\" content=\"image\/png\" \/>\n<meta name=\"author\" content=\"Renate Tr\u00f8an Bj\u00f8rshol\" \/>\n<meta name=\"twitter:card\" content=\"summary_large_image\" \/>\n<meta name=\"twitter:label1\" content=\"Skrevet av\" \/>\n\t<meta name=\"twitter:data1\" content=\"Renate Tr\u00f8an Bj\u00f8rshol\" \/>\n\t<meta name=\"twitter:label2\" content=\"Ansl. lesetid\" \/>\n\t<meta name=\"twitter:data2\" content=\"2 minutter\" \/>\n<script type=\"application\/ld+json\" class=\"yoast-schema-graph\">{\"@context\":\"https:\/\/schema.org\",\"@graph\":[{\"@type\":\"NewsArticle\",\"@id\":\"https:\/\/hoyre.no\/trondelag\/aktuelt\/trondelag-hoyres-fylkestingsgruppe-soker-radgiver\/\",\"url\":\"https:\/\/hoyre.no\/trondelag\/aktuelt\/trondelag-hoyres-fylkestingsgruppe-soker-radgiver\/\",\"name\":\"Tr\u00f8ndelag H\u00f8yres fylkestingsgruppe s\u00f8ker r\u00e5dgiver - Tr\u00f8ndelag H\u00f8yre\",\"isPartOf\":{\"@id\":\"https:\/\/hoyre.no\/trondelag\/#website\"},\"datePublished\":\"2023-02-27T21:05:34+00:00\",\"dateModified\":\"2023-04-27T16:03:28+00:00\",\"author\":{\"@id\":\"https:\/\/hoyre.no\/trondelag\/#\/schema\/person\/121c66e730f27416b828b957a46e6ac9\"},\"breadcrumb\":{\"@id\":\"https:\/\/hoyre.no\/trondelag\/aktuelt\/trondelag-hoyres-fylkestingsgruppe-soker-radgiver\/#breadcrumb\"},\"inLanguage\":\"nb-NO\",\"potentialAction\":[{\"@type\":\"ReadAction\",\"target\":[\"https:\/\/hoyre.no\/trondelag\/aktuelt\/trondelag-hoyres-fylkestingsgruppe-soker-radgiver\/\"]}]},{\"@type\":\"BreadcrumbList\",\"@id\":\"https:\/\/hoyre.no\/trondelag\/aktuelt\/trondelag-hoyres-fylkestingsgruppe-soker-radgiver\/#breadcrumb\",\"itemListElement\":[{\"@type\":\"ListItem\",\"position\":1,\"name\":\"Til hoyre.no\",\"item\":\"https:\/\/hoyre.no\"},{\"@type\":\"ListItem\",\"position\":2,\"name\":\"Hjem\",\"item\":\"https:\/\/hoyre.no\/trondelag\/\"},{\"@type\":\"ListItem\",\"position\":3,\"name\":\"Tr\u00f8ndelag H\u00f8yres fylkestingsgruppe s\u00f8ker r\u00e5dgiver\"}]},{\"@type\":\"WebSite\",\"@id\":\"https:\/\/hoyre.no\/trondelag\/#website\",\"url\":\"https:\/\/hoyre.no\/trondelag\/\",\"name\":\"Tr\u00f8ndelag H\u00f8yre\",\"description\":\"Bare enda et H\u00f8yres nettsteder-nettsted\",\"inLanguage\":\"nb-NO\"},{\"@type\":\"Person\",\"@id\":\"https:\/\/hoyre.no\/trondelag\/#\/schema\/person\/121c66e730f27416b828b957a46e6ac9\",\"name\":\"Renate Tr\u00f8an Bj\u00f8rshol\",\"image\":{\"@type\":\"ImageObject\",\"inLanguage\":\"nb-NO\",\"@id\":\"https:\/\/hoyre.no\/trondelag\/#\/schema\/person\/image\/\",\"url\":\"https:\/\/secure.gravatar.com\/avatar\/2f94708b22c6948a3fde6ca322be9d0bdd546f3e93df7f32a4a09a2e6a6cd180?s=96&d=mm&r=g\",\"contentUrl\":\"https:\/\/secure.gravatar.com\/avatar\/2f94708b22c6948a3fde6ca322be9d0bdd546f3e93df7f32a4a09a2e6a6cd180?s=96&d=mm&r=g\",\"caption\":\"Renate Tr\u00f8an Bj\u00f8rshol\"},\"url\":\"https:\/\/hoyre.no\/trondelag\/aktuelt\/author\/m50188390\/\"}]}<\/script>\n<!-- \/ Yoast SEO plugin. -->","yoast_head_json":{"title":"Tr\u00f8ndelag H\u00f8yres fylkestingsgruppe s\u00f8ker r\u00e5dgiver - Tr\u00f8ndelag H\u00f8yre","robots":{"index":"index","follow":"follow","max-snippet":"max-snippet:-1","max-image-preview":"max-image-preview:large","max-video-preview":"max-video-preview:-1"},"canonical":"https:\/\/hoyre.no\/trondelag\/aktuelt\/trondelag-hoyres-fylkestingsgruppe-soker-radgiver\/","og_locale":"nb_NO","og_type":"article","og_title":"Tr\u00f8ndelag H\u00f8yres fylkestingsgruppe s\u00f8ker r\u00e5dgiver - Tr\u00f8ndelag H\u00f8yre","og_url":"https:\/\/hoyre.no\/trondelag\/aktuelt\/trondelag-hoyres-fylkestingsgruppe-soker-radgiver\/","og_site_name":"Tr\u00f8ndelag H\u00f8yre","article_published_time":"2023-02-27T21:05:34+00:00","article_modified_time":"2023-04-27T16:03:28+00:00","og_image":[{"width":1000,"height":1000,"url":"https:\/\/hoyre.no\/content\/uploads\/sites\/13\/2022\/11\/Hoyres-logo.png","type":"image\/png"}],"author":"Renate Tr\u00f8an Bj\u00f8rshol","twitter_card":"summary_large_image","twitter_misc":{"Skrevet av":"Renate Tr\u00f8an Bj\u00f8rshol","Ansl. lesetid":"2 minutter"},"schema":{"@context":"https:\/\/schema.org","@graph":[{"@type":"NewsArticle","@id":"https:\/\/hoyre.no\/trondelag\/aktuelt\/trondelag-hoyres-fylkestingsgruppe-soker-radgiver\/","url":"https:\/\/hoyre.no\/trondelag\/aktuelt\/trondelag-hoyres-fylkestingsgruppe-soker-radgiver\/","name":"Tr\u00f8ndelag H\u00f8yres fylkestingsgruppe s\u00f8ker r\u00e5dgiver - Tr\u00f8ndelag H\u00f8yre","isPartOf":{"@id":"https:\/\/hoyre.no\/trondelag\/#website"},"datePublished":"2023-02-27T21:05:34+00:00","dateModified":"2023-04-27T16:03:28+00:00","author":{"@id":"https:\/\/hoyre.no\/trondelag\/#\/schema\/person\/121c66e730f27416b828b957a46e6ac9"},"breadcrumb":{"@id":"https:\/\/hoyre.no\/trondelag\/aktuelt\/trondelag-hoyres-fylkestingsgruppe-soker-radgiver\/#breadcrumb"},"inLanguage":"nb-NO","potentialAction":[{"@type":"ReadAction","target":["https:\/\/hoyre.no\/trondelag\/aktuelt\/trondelag-hoyres-fylkestingsgruppe-soker-radgiver\/"]}]},{"@type":"BreadcrumbList","@id":"https:\/\/hoyre.no\/trondelag\/aktuelt\/trondelag-hoyres-fylkestingsgruppe-soker-radgiver\/#breadcrumb","itemListElement":[{"@type":"ListItem","position":1,"name":"Til hoyre.no","item":"https:\/\/hoyre.no"},{"@type":"ListItem","position":2,"name":"Hjem","item":"https:\/\/hoyre.no\/trondelag\/"},{"@type":"ListItem","position":3,"name":"Tr\u00f8ndelag H\u00f8yres fylkestingsgruppe s\u00f8ker r\u00e5dgiver"}]},{"@type":"WebSite","@id":"https:\/\/hoyre.no\/trondelag\/#website","url":"https:\/\/hoyre.no\/trondelag\/","name":"Tr\u00f8ndelag H\u00f8yre","description":"Bare enda et H\u00f8yres nettsteder-nettsted","inLanguage":"nb-NO"},{"@type":"Person","@id":"https:\/\/hoyre.no\/trondelag\/#\/schema\/person\/121c66e730f27416b828b957a46e6ac9","name":"Renate Tr\u00f8an Bj\u00f8rshol","image":{"@type":"ImageObject","inLanguage":"nb-NO","@id":"https:\/\/hoyre.no\/trondelag\/#\/schema\/person\/image\/","url":"https:\/\/secure.gravatar.com\/avatar\/2f94708b22c6948a3fde6ca322be9d0bdd546f3e93df7f32a4a09a2e6a6cd180?s=96&d=mm&r=g","contentUrl":"https:\/\/secure.gravatar.com\/avatar\/2f94708b22c6948a3fde6ca322be9d0bdd546f3e93df7f32a4a09a2e6a6cd180?s=96&d=mm&r=g","caption":"Renate Tr\u00f8an Bj\u00f8rshol"},"url":"https:\/\/hoyre.no\/trondelag\/aktuelt\/author\/m50188390\/"}]}},"distributor_meta":false,"distributor_terms":false,"distributor_media":false,"distributor_original_site_name":"Tr\u00f8ndelag H\u00f8yre","distributor_original_site_url":"https:\/\/hoyre.no\/trondelag","push-errors":false,"_links":{"self":[{"href":"https:\/\/hoyre.no\/trondelag\/wp-json\/wp\/v2\/posts\/599","targetHints":{"allow":["GET"]}}],"collection":[{"href":"https:\/\/hoyre.no\/trondelag\/wp-json\/wp\/v2\/posts"}],"about":[{"href":"https:\/\/hoyre.no\/trondelag\/wp-json\/wp\/v2\/types\/post"}],"author":[{"embeddable":true,"href":"https:\/\/hoyre.no\/trondelag\/wp-json\/wp\/v2\/users\/30816"}],"replies":[{"embeddable":true,"href":"https:\/\/hoyre.no\/trondelag\/wp-json\/wp\/v2\/comments?post=599"}],"version-history":[{"count":2,"href":"https:\/\/hoyre.no\/trondelag\/wp-json\/wp\/v2\/posts\/599\/revisions"}],"predecessor-version":[{"id":668,"href":"https:\/\/hoyre.no\/trondelag\/wp-json\/wp\/v2\/posts\/599\/revisions\/668"}],"wp:attachment":[{"href":"https:\/\/hoyre.no\/trondelag\/wp-json\/wp\/v2\/media?parent=599"}],"wp:term":[{"taxonomy":"category","embeddable":true,"href":"https:\/\/hoyre.no\/trondelag\/wp-json\/wp\/v2\/category?post=599"},{"taxonomy":"post_tag","embeddable":true,"href":"https:\/\/hoyre.no\/trondelag\/wp-json\/wp\/v2\/post_tag?post=599"},{"taxonomy":"hoyre-visibility","embeddable":true,"href":"https:\/\/hoyre.no\/trondelag\/wp-json\/wp\/v2\/hoyre-visibility?post=599"},{"taxonomy":"article-type","embeddable":true,"href":"https:\/\/hoyre.no\/trondelag\/wp-json\/wp\/v2\/article-type?post=599"},{"taxonomy":"politician","embeddable":true,"href":"https:\/\/hoyre.no\/trondelag\/wp-json\/wp\/v2\/politician?post=599"}],"curies":[{"name":"wp","href":"https:\/\/api.w.org\/{rel}","templated":true}]}}