{"id":263,"date":"2022-06-05T10:49:21","date_gmt":"2022-06-05T08:49:21","guid":{"rendered":"https:\/\/hoyre.no\/trondheim\/?p=263"},"modified":"2022-06-05T10:50:42","modified_gmt":"2022-06-05T08:50:42","slug":"oppdatering-fra-nominasjonskomiteen","status":"publish","type":"post","link":"https:\/\/hoyre.no\/trondheim\/aktuelt\/oppdatering-fra-nominasjonskomiteen\/","title":{"rendered":"Oppdatering fra nominasjonskomiteen"},"content":{"rendered":"\n<p class=\"preamble\">Nominasjonskomiteen i Trondheim H\u00f8yre kommer her med en l\u00f8ypemelding og status p\u00e5 hvor arbeidet i nominasjonsarbeidet st\u00e5r etter at sittende medlemmer i  bystyregruppen har svart vedr\u00f8rende eventuelt gjenvalg.<\/p>\n\n\n\n\n<p>Siden vi ble oppnevnt har nominasjonskomiteen blant annet jobbet med \u00e5 innhente svar fra medlemmene av dagens bystyregruppe p\u00e5 om de \u00f8nsker gjenvalg eller ikke. B\u00e5de faste medlemmer og varamedlemmer er spurt. En oversikt over svarene f\u00f8lger nederst i denne saken.<\/p>\n\n\n\n<p>Det har for komiteen v\u00e6rt veldig viktig \u00e5 involvere alle medlemmer av Trondheim H\u00f8yre inkludert sideforeninger i v\u00e5rt arbeid. Det har blitt gjort ved at alle har f\u00e5tt anledning til \u00e5 foresl\u00e5 kandidater til listen gjennom en questback. Komiteen har s\u00e5 langt f\u00e5tt mange forslag p\u00e5 navn og vil takke for engasjementet s\u00e5 langt.&nbsp; Dersom du ikke har rukket \u00e5 foresl\u00e5 kandidater enda eller selv \u00f8nsker \u00e5 v\u00e6re kandidat, er det selvsagt ikke for sent.<\/p>\n\n\n\n<p>H\u00f8yre sentralt gjennomf\u00f8rer ogs\u00e5 en kampanje for \u00e5 innhente forslag p\u00e5 listekandidater hvor du b\u00e5de kan foresl\u00e5 deg selv eller andre. Det kan gj\u00f8res ved \u00e5 g\u00e5 inn p\u00e5 <a href=\"https:\/\/kandidat.hoyre.no\/?_ga=2.253778827.2096041976.1654417368-154303185.1641554832\" target=\"_blank\" rel=\"noreferrer noopener\">H\u00f8yres felles side for \u00e5 foresl\u00e5 kandidater\u00a0<\/a><\/p>\n\n\n\n<p>Komiteen jobber fortl\u00f8pende med \u00e5 innhente svar fra alle foresl\u00e5tte kandidater, p\u00e5 om de \u00f8nsker \u00e5 stille seg til disposisjon, slik at vi kan fortsette arbeidet med \u00e5 vurdere alle innkomne forslag og gjennomf\u00f8re samtaler og intervjuer med aktuelle kandidater.<\/p>\n\n\n\n<p>Dato for nominasjonsm\u00f8te er berammet til <strong>22. oktober<\/strong> og listeforslaget fra komiteen vil foreligge senest 14 dager f\u00f8r m\u00f8tedato. Det blir ikke gjennomf\u00f8rt et eget nominasjonsm\u00f8te for nominering av ordf\u00f8rerkandidat, hele listen nomineres samlet 22. oktober.<\/p>\n\n\n\n<p>Henrik Kierulf<br>Leder nominasjonskomiteen<\/p>\n\n\n\n<p><\/p>\n\n\n\n<p>Svar fra bystyregruppens medlemmer:<br><img loading=\"lazy\" decoding=\"async\" width=\"578\" height=\"722\" class=\"wp-image-264\" style=\"width: 700px\" src=\"https:\/\/hoyre.no\/content\/uploads\/sites\/272\/2022\/06\/hva-har-bystyrets-medlemmer-svart.jpg\" alt=\"\" srcset=\"https:\/\/hoyre.no\/content\/uploads\/sites\/272\/2022\/06\/hva-har-bystyrets-medlemmer-svart.jpg 578w, https:\/\/hoyre.no\/content\/uploads\/sites\/272\/2022\/06\/hva-har-bystyrets-medlemmer-svart-240x300.jpg 240w\" sizes=\"auto, (max-width: 578px) 100vw, 578px\" \/><\/p>\n\n\n\n<p><\/p>\n\n\n\n<p><\/p>\n\n\n\n<p><\/p>\n\n\n<div class=\"tags\">\n\t<\/div>\n<div class=\"post-footer alignfull has-background block-editor-block-list__block\" data-align=full>\n\t<div class=\"post-footer-inner\">\n\t\t<h3>Relaterte artikler<\/h3>\n\t\t<div class=\"related-content\"><div class=\"is-card-hoyre\">\n\t<div class=\"teft-card hoyre-teft-card post-teft-card\">\n\t\t<a href=\"https:\/\/hoyre.no\/trondheim\/aktuelt\/flertallsbudsjett-i-trondheim\/\" class=\"teft-card__primary-action\">\n\n\t\t\t<div class=\"teft-card__media teft-card__media--16-9 no-image\"><\/div>\n\t\t\t<div class=\"teft-card__content-wrapper\">\n\t\t\t\t<div class=\"teft-card__secondary\">\n\t\t\t\t\t\n\t\t\t\t\t\t\t\t<div class=\"teft-card__meta\">\n\t\t\t\t\t\t\t\t\t<span class=\"post-date\">11. des 2024<\/span>\n\n\t\t\t\t\t\t\t\t\t\t\t\t\t\t\t\t\t<\/div>\n\t\t\t\t\t\t\t\t\t\t\t<\/div>\n\n\t\t\t\t<div class=\"teft-card__primary\">\n\t\t\t\t\t<h2 class=\"teft-card__title\">FLERTALLSBUDSJETT I TRONDHEIM&nbsp;<span class=\"teft-card__primary-title-append\"><\/span><\/h2>\t\t\t\t<\/div>\n\t\t\t<\/div>\n\t\t<\/a>\n\t<\/div>\n\n\t<\/div><div class=\"is-card-hoyre\">\n\t<div class=\"teft-card hoyre-teft-card post-teft-card\">\n\t\t<a href=\"https:\/\/hoyre.no\/trondheim\/aktuelt\/trondheim-far-ny-politisk-ledelse\/\" class=\"teft-card__primary-action\">\n\n\t\t\t<div class=\"teft-card__media teft-card__media--16-9 no-image\"><\/div>\n\t\t\t<div class=\"teft-card__content-wrapper\">\n\t\t\t\t<div class=\"teft-card__secondary\">\n\t\t\t\t\t\n\t\t\t\t\t\t\t\t<div class=\"teft-card__meta\">\n\t\t\t\t\t\t\t\t\t<span class=\"post-date\">29. sep 2023<\/span>\n\n\t\t\t\t\t\t\t\t\t\t\t\t\t\t\t\t\t<\/div>\n\t\t\t\t\t\t\t\t\t\t\t<\/div>\n\n\t\t\t\t<div class=\"teft-card__primary\">\n\t\t\t\t\t<h2 class=\"teft-card__title\">Trondheim f\u00e5r ny politisk ledelse&nbsp;<span class=\"teft-card__primary-title-append\"><\/span><\/h2>\t\t\t\t<\/div>\n\t\t\t<\/div>\n\t\t<\/a>\n\t<\/div>\n\n\t<\/div><div class=\"is-card-hoyre\">\n\t<div class=\"teft-card hoyre-teft-card post-teft-card\">\n\t\t<a href=\"https:\/\/hoyre.no\/trondheim\/aktuelt\/hoyre-med-276-i-ny-maling\/\" class=\"teft-card__primary-action\">\n\n\t\t\t\t\t<div class=\"teft-card__media teft-card__media--16-9\">\n\t\t\t\t\t\t<img loading=\"lazy\" decoding=\"async\" width=\"768\" height=\"512\" src=\"https:\/\/hoyre.no\/content\/uploads\/sites\/272\/2023\/08\/nyKsDA_i-1-768x512.jpeg\" class=\"attachment-medium_large size-medium_large\" alt=\"\" srcset=\"https:\/\/hoyre.no\/content\/uploads\/sites\/272\/2023\/08\/nyKsDA_i-1-768x512.jpeg 768w, https:\/\/hoyre.no\/content\/uploads\/sites\/272\/2023\/08\/nyKsDA_i-1-300x200.jpeg 300w, https:\/\/hoyre.no\/content\/uploads\/sites\/272\/2023\/08\/nyKsDA_i-1-1024x683.jpeg 1024w, https:\/\/hoyre.no\/content\/uploads\/sites\/272\/2023\/08\/nyKsDA_i-1-1536x1024.jpeg 1536w, https:\/\/hoyre.no\/content\/uploads\/sites\/272\/2023\/08\/nyKsDA_i-1-2048x1365.jpeg 2048w\" sizes=\"auto, (max-width: 768px) 100vw, 768px\" \/>\t\t<\/div>\n\t\t\n\t\t\t<div class=\"teft-card__content-wrapper\">\n\t\t\t\t<div class=\"teft-card__secondary\">\n\t\t\t\t\t\n\t\t\t\t\t\t\t\t<div class=\"teft-card__meta\">\n\t\t\t\t\t\t\t\t\t<span class=\"post-date\">17. aug 2023<\/span>\n\n\t\t\t\t\t\t\t\t\t<span class=\"post-category\">Nyheter<\/span>\t\t\t\t\t\t\t\t<\/div>\n\t\t\t\t\t\t\t\t\t\t\t<\/div>\n\n\t\t\t\t<div class=\"teft-card__primary\">\n\t\t\t\t\t<h2 class=\"teft-card__title\">H\u00f8yre med 27,6% i ny m\u00e5ling&nbsp;<span class=\"teft-card__primary-title-append\"><\/span><\/h2>\t\t\t\t<\/div>\n\t\t\t<\/div>\n\t\t<\/a>\n\t<\/div>\n\n\t<\/div><\/div>\t<\/div>\n<\/div>\n","protected":false},"excerpt":{"rendered":"","protected":false},"author":29353,"featured_media":0,"comment_status":"closed","ping_status":"closed","sticky":false,"template":"","format":"standard","meta":{"teft_cards_image_url":"","teft_cards_custom_pretitle":"","teft_cards_image_id":140,"teft_cards_image_focal_point_x":0.5,"teft_cards_image_focal_point_y":0.5,"teft_cards_title":"","teft_cards_excerpt":"","teft_show_chapters":false,"author_display_name":"","footnotes":""},"category":[1],"post_tag":[],"hoyre-visibility":[],"article-type":[],"politician":[],"class_list":["post-263","post","type-post","status-publish","format-standard","hentry","category-nyheter"],"yoast_head":"<!-- This site is optimized with the Yoast SEO plugin v26.6 - https:\/\/yoast.com\/wordpress\/plugins\/seo\/ -->\n<title>Oppdatering fra nominasjonskomiteen - Trondheim H\u00f8yre<\/title>\n<meta name=\"robots\" content=\"index, follow, max-snippet:-1, max-image-preview:large, max-video-preview:-1\" \/>\n<link rel=\"canonical\" href=\"https:\/\/hoyre.no\/trondheim\/aktuelt\/oppdatering-fra-nominasjonskomiteen\/\" \/>\n<meta property=\"og:locale\" content=\"nb_NO\" \/>\n<meta property=\"og:type\" content=\"article\" \/>\n<meta property=\"og:title\" content=\"Oppdatering fra nominasjonskomiteen - Trondheim H\u00f8yre\" \/>\n<meta property=\"og:url\" content=\"https:\/\/hoyre.no\/trondheim\/aktuelt\/oppdatering-fra-nominasjonskomiteen\/\" \/>\n<meta property=\"og:site_name\" content=\"Trondheim H\u00f8yre\" \/>\n<meta property=\"article:published_time\" content=\"2022-06-05T08:49:21+00:00\" \/>\n<meta property=\"article:modified_time\" content=\"2022-06-05T08:50:42+00:00\" \/>\n<meta property=\"og:image\" content=\"https:\/\/hoyre.no\/content\/uploads\/sites\/272\/2023\/08\/nyKsDA_i-1-1024x683.jpeg\" \/>\n<meta name=\"author\" content=\"Helge Andersen\" \/>\n<meta name=\"twitter:card\" content=\"summary_large_image\" \/>\n<meta name=\"twitter:label1\" content=\"Skrevet av\" \/>\n\t<meta name=\"twitter:data1\" content=\"Helge Andersen\" \/>\n\t<meta name=\"twitter:label2\" content=\"Ansl. lesetid\" \/>\n\t<meta name=\"twitter:data2\" content=\"2 minutter\" \/>\n<script type=\"application\/ld+json\" class=\"yoast-schema-graph\">{\"@context\":\"https:\/\/schema.org\",\"@graph\":[{\"@type\":\"NewsArticle\",\"@id\":\"https:\/\/hoyre.no\/trondheim\/aktuelt\/oppdatering-fra-nominasjonskomiteen\/\",\"url\":\"https:\/\/hoyre.no\/trondheim\/aktuelt\/oppdatering-fra-nominasjonskomiteen\/\",\"name\":\"Oppdatering fra nominasjonskomiteen - Trondheim H\u00f8yre\",\"isPartOf\":{\"@id\":\"https:\/\/hoyre.no\/trondheim\/#website\"},\"image\":{\"@id\":\"https:\/\/hoyre.no\/trondheim\/aktuelt\/oppdatering-fra-nominasjonskomiteen\/#primaryimage\"},\"thumbnailUrl\":\"https:\/\/hoyre.no\/content\/uploads\/sites\/272\/2022\/06\/hva-har-bystyrets-medlemmer-svart.jpg\",\"datePublished\":\"2022-06-05T08:49:21+00:00\",\"dateModified\":\"2022-06-05T08:50:42+00:00\",\"author\":{\"@id\":\"https:\/\/hoyre.no\/trondheim\/#\/schema\/person\/6735a1d86d360dab0b08bd902633c9e6\"},\"breadcrumb\":{\"@id\":\"https:\/\/hoyre.no\/trondheim\/aktuelt\/oppdatering-fra-nominasjonskomiteen\/#breadcrumb\"},\"inLanguage\":\"nb-NO\",\"potentialAction\":[{\"@type\":\"ReadAction\",\"target\":[\"https:\/\/hoyre.no\/trondheim\/aktuelt\/oppdatering-fra-nominasjonskomiteen\/\"]}]},{\"@type\":\"ImageObject\",\"inLanguage\":\"nb-NO\",\"@id\":\"https:\/\/hoyre.no\/trondheim\/aktuelt\/oppdatering-fra-nominasjonskomiteen\/#primaryimage\",\"url\":\"https:\/\/hoyre.no\/content\/uploads\/sites\/272\/2022\/06\/hva-har-bystyrets-medlemmer-svart.jpg\",\"contentUrl\":\"https:\/\/hoyre.no\/content\/uploads\/sites\/272\/2022\/06\/hva-har-bystyrets-medlemmer-svart.jpg\"},{\"@type\":\"BreadcrumbList\",\"@id\":\"https:\/\/hoyre.no\/trondheim\/aktuelt\/oppdatering-fra-nominasjonskomiteen\/#breadcrumb\",\"itemListElement\":[{\"@type\":\"ListItem\",\"position\":1,\"name\":\"Til hoyre.no\",\"item\":\"https:\/\/hoyre.no\"},{\"@type\":\"ListItem\",\"position\":2,\"name\":\"Hjem\",\"item\":\"https:\/\/hoyre.no\/trondheim\/\"},{\"@type\":\"ListItem\",\"position\":3,\"name\":\"Oppdatering fra nominasjonskomiteen\"}]},{\"@type\":\"WebSite\",\"@id\":\"https:\/\/hoyre.no\/trondheim\/#website\",\"url\":\"https:\/\/hoyre.no\/trondheim\/\",\"name\":\"Trondheim H\u00f8yre\",\"description\":\"Bare enda et H\u00f8yres nettsteder-nettsted\",\"inLanguage\":\"nb-NO\"},{\"@type\":\"Person\",\"@id\":\"https:\/\/hoyre.no\/trondheim\/#\/schema\/person\/6735a1d86d360dab0b08bd902633c9e6\",\"name\":\"Helge Andersen\",\"image\":{\"@type\":\"ImageObject\",\"inLanguage\":\"nb-NO\",\"@id\":\"https:\/\/hoyre.no\/trondheim\/#\/schema\/person\/image\/\",\"url\":\"https:\/\/secure.gravatar.com\/avatar\/bb15d2402f27351f055c8b7df341762dc7f42a9d0b586e85803e01d761252607?s=96&d=mm&r=g\",\"contentUrl\":\"https:\/\/secure.gravatar.com\/avatar\/bb15d2402f27351f055c8b7df341762dc7f42a9d0b586e85803e01d761252607?s=96&d=mm&r=g\",\"caption\":\"Helge Andersen\"},\"url\":\"https:\/\/hoyre.no\/trondheim\/aktuelt\/author\/m50053222\/\"}]}<\/script>\n<!-- \/ Yoast SEO plugin. -->","yoast_head_json":{"title":"Oppdatering fra nominasjonskomiteen - Trondheim H\u00f8yre","robots":{"index":"index","follow":"follow","max-snippet":"max-snippet:-1","max-image-preview":"max-image-preview:large","max-video-preview":"max-video-preview:-1"},"canonical":"https:\/\/hoyre.no\/trondheim\/aktuelt\/oppdatering-fra-nominasjonskomiteen\/","og_locale":"nb_NO","og_type":"article","og_title":"Oppdatering fra nominasjonskomiteen - Trondheim H\u00f8yre","og_url":"https:\/\/hoyre.no\/trondheim\/aktuelt\/oppdatering-fra-nominasjonskomiteen\/","og_site_name":"Trondheim H\u00f8yre","article_published_time":"2022-06-05T08:49:21+00:00","article_modified_time":"2022-06-05T08:50:42+00:00","og_image":[{"url":"https:\/\/hoyre.no\/content\/uploads\/sites\/272\/2023\/08\/nyKsDA_i-1-1024x683.jpeg","width":"","height":"","type":""}],"author":"Helge Andersen","twitter_card":"summary_large_image","twitter_misc":{"Skrevet av":"Helge Andersen","Ansl. lesetid":"2 minutter"},"schema":{"@context":"https:\/\/schema.org","@graph":[{"@type":"NewsArticle","@id":"https:\/\/hoyre.no\/trondheim\/aktuelt\/oppdatering-fra-nominasjonskomiteen\/","url":"https:\/\/hoyre.no\/trondheim\/aktuelt\/oppdatering-fra-nominasjonskomiteen\/","name":"Oppdatering fra nominasjonskomiteen - Trondheim H\u00f8yre","isPartOf":{"@id":"https:\/\/hoyre.no\/trondheim\/#website"},"image":{"@id":"https:\/\/hoyre.no\/trondheim\/aktuelt\/oppdatering-fra-nominasjonskomiteen\/#primaryimage"},"thumbnailUrl":"https:\/\/hoyre.no\/content\/uploads\/sites\/272\/2022\/06\/hva-har-bystyrets-medlemmer-svart.jpg","datePublished":"2022-06-05T08:49:21+00:00","dateModified":"2022-06-05T08:50:42+00:00","author":{"@id":"https:\/\/hoyre.no\/trondheim\/#\/schema\/person\/6735a1d86d360dab0b08bd902633c9e6"},"breadcrumb":{"@id":"https:\/\/hoyre.no\/trondheim\/aktuelt\/oppdatering-fra-nominasjonskomiteen\/#breadcrumb"},"inLanguage":"nb-NO","potentialAction":[{"@type":"ReadAction","target":["https:\/\/hoyre.no\/trondheim\/aktuelt\/oppdatering-fra-nominasjonskomiteen\/"]}]},{"@type":"ImageObject","inLanguage":"nb-NO","@id":"https:\/\/hoyre.no\/trondheim\/aktuelt\/oppdatering-fra-nominasjonskomiteen\/#primaryimage","url":"https:\/\/hoyre.no\/content\/uploads\/sites\/272\/2022\/06\/hva-har-bystyrets-medlemmer-svart.jpg","contentUrl":"https:\/\/hoyre.no\/content\/uploads\/sites\/272\/2022\/06\/hva-har-bystyrets-medlemmer-svart.jpg"},{"@type":"BreadcrumbList","@id":"https:\/\/hoyre.no\/trondheim\/aktuelt\/oppdatering-fra-nominasjonskomiteen\/#breadcrumb","itemListElement":[{"@type":"ListItem","position":1,"name":"Til hoyre.no","item":"https:\/\/hoyre.no"},{"@type":"ListItem","position":2,"name":"Hjem","item":"https:\/\/hoyre.no\/trondheim\/"},{"@type":"ListItem","position":3,"name":"Oppdatering fra nominasjonskomiteen"}]},{"@type":"WebSite","@id":"https:\/\/hoyre.no\/trondheim\/#website","url":"https:\/\/hoyre.no\/trondheim\/","name":"Trondheim H\u00f8yre","description":"Bare enda et H\u00f8yres nettsteder-nettsted","inLanguage":"nb-NO"},{"@type":"Person","@id":"https:\/\/hoyre.no\/trondheim\/#\/schema\/person\/6735a1d86d360dab0b08bd902633c9e6","name":"Helge Andersen","image":{"@type":"ImageObject","inLanguage":"nb-NO","@id":"https:\/\/hoyre.no\/trondheim\/#\/schema\/person\/image\/","url":"https:\/\/secure.gravatar.com\/avatar\/bb15d2402f27351f055c8b7df341762dc7f42a9d0b586e85803e01d761252607?s=96&d=mm&r=g","contentUrl":"https:\/\/secure.gravatar.com\/avatar\/bb15d2402f27351f055c8b7df341762dc7f42a9d0b586e85803e01d761252607?s=96&d=mm&r=g","caption":"Helge Andersen"},"url":"https:\/\/hoyre.no\/trondheim\/aktuelt\/author\/m50053222\/"}]}},"distributor_meta":false,"distributor_terms":false,"distributor_media":false,"distributor_original_site_name":"Trondheim H\u00f8yre","distributor_original_site_url":"https:\/\/hoyre.no\/trondheim","push-errors":false,"_links":{"self":[{"href":"https:\/\/hoyre.no\/trondheim\/wp-json\/wp\/v2\/posts\/263","targetHints":{"allow":["GET"]}}],"collection":[{"href":"https:\/\/hoyre.no\/trondheim\/wp-json\/wp\/v2\/posts"}],"about":[{"href":"https:\/\/hoyre.no\/trondheim\/wp-json\/wp\/v2\/types\/post"}],"author":[{"embeddable":true,"href":"https:\/\/hoyre.no\/trondheim\/wp-json\/wp\/v2\/users\/29353"}],"replies":[{"embeddable":true,"href":"https:\/\/hoyre.no\/trondheim\/wp-json\/wp\/v2\/comments?post=263"}],"version-history":[{"count":4,"href":"https:\/\/hoyre.no\/trondheim\/wp-json\/wp\/v2\/posts\/263\/revisions"}],"predecessor-version":[{"id":282,"href":"https:\/\/hoyre.no\/trondheim\/wp-json\/wp\/v2\/posts\/263\/revisions\/282"}],"wp:attachment":[{"href":"https:\/\/hoyre.no\/trondheim\/wp-json\/wp\/v2\/media?parent=263"}],"wp:term":[{"taxonomy":"category","embeddable":true,"href":"https:\/\/hoyre.no\/trondheim\/wp-json\/wp\/v2\/category?post=263"},{"taxonomy":"post_tag","embeddable":true,"href":"https:\/\/hoyre.no\/trondheim\/wp-json\/wp\/v2\/post_tag?post=263"},{"taxonomy":"hoyre-visibility","embeddable":true,"href":"https:\/\/hoyre.no\/trondheim\/wp-json\/wp\/v2\/hoyre-visibility?post=263"},{"taxonomy":"article-type","embeddable":true,"href":"https:\/\/hoyre.no\/trondheim\/wp-json\/wp\/v2\/article-type?post=263"},{"taxonomy":"politician","embeddable":true,"href":"https:\/\/hoyre.no\/trondheim\/wp-json\/wp\/v2\/politician?post=263"}],"curies":[{"name":"wp","href":"https:\/\/api.w.org\/{rel}","templated":true}]}}