{"id":280,"date":"2022-09-29T22:58:58","date_gmt":"2022-09-29T20:58:58","guid":{"rendered":"https:\/\/hoyre.no\/trondheim\/?p=280"},"modified":"2022-10-19T23:35:59","modified_gmt":"2022-10-19T21:35:59","slug":"disse-har-takket-ja-til-a-vaere-kandidat","status":"publish","type":"post","link":"https:\/\/hoyre.no\/trondheim\/aktuelt\/disse-har-takket-ja-til-a-vaere-kandidat\/","title":{"rendered":"Disse har takket ja til \u00e5 v\u00e6re kandidat"},"content":{"rendered":"\n<p class=\"preamble\">Nominasjonskomiteen i Trondheim H\u00f8yre vil takke alle som s\u00e5 langt har engasjert seg i nominasjonsprosessen. Komiteen har de siste m\u00e5nedene mottatt mange forslag p\u00e5 kandidater til bystyrelisten, noe som er sv\u00e6rt gledelig. Flere har ogs\u00e5 selv henvendt seg med \u00f8nske om \u00e5 v\u00e6re kandidat. I tillegg er det mange fra dagens bystyregruppe som \u00f8nsker gjenvalg. Nesten 100 personer har n\u00e5 takket ja til \u00e5 v\u00e6re kandidat.<\/p>\n\n\n\n\n<p>Nominasjonskomiteen har fulgt opp alle forslag p\u00e5 kandidater og kontaktet alle for \u00e5 blant annet finne ut om vedkommende \u00f8nsker \u00e5 stille seg til disposisjon for listen. Noen av de foresl\u00e5tte kandidatene har av ulike \u00e5rsaker takket nei til \u00e5 v\u00e6re kandidat. Videre er det noen kandidater som vi ikke har f\u00e5tt svar fra, s\u00e5 det kan komme noen navn til i oversikten. Under presenteres en samlet oversikt i alfabetisk rekkef\u00f8lge over de kandidater som har sagt seg villig til \u00e5 st\u00e5 p\u00e5 listen. Den teller nesten 100 personer. Det er denne oversikten som er utgangspunktet for komiteens arbeid med hele listeforslaget, som vil presenteres i god tid f\u00f8r nominasjonsm\u00f8tet.<\/p>\n\n\n\n<p>Med vennlig hilsen<br>Henrik Kierulf<br>Leder nominasjonskomiteen<\/p>\n\n\n\n<figure class=\"wp-block-image size-full is-resized\"><img loading=\"lazy\" decoding=\"async\" src=\"https:\/\/hoyre.no\/content\/uploads\/sites\/272\/2022\/09\/oppdatert-disse-har-sagt-ja.jpg\" alt=\"\" class=\"wp-image-304\" width=\"706\" height=\"1064\" srcset=\"https:\/\/hoyre.no\/content\/uploads\/sites\/272\/2022\/09\/oppdatert-disse-har-sagt-ja.jpg 553w, https:\/\/hoyre.no\/content\/uploads\/sites\/272\/2022\/09\/oppdatert-disse-har-sagt-ja-199x300.jpg 199w\" sizes=\"auto, (max-width: 706px) 100vw, 706px\" \/><\/figure>\n\n\n<div class=\"tags\">\n\t<\/div>\n<div class=\"post-footer alignfull has-background block-editor-block-list__block\" data-align=full>\n\t<div class=\"post-footer-inner\">\n\t\t<h3>Relaterte artikler<\/h3>\n\t\t<div class=\"related-content\"><div class=\"is-card-hoyre\">\n\t<div class=\"teft-card hoyre-teft-card post-teft-card\">\n\t\t<a href=\"https:\/\/hoyre.no\/trondheim\/aktuelt\/flertallsbudsjett-i-trondheim\/\" class=\"teft-card__primary-action\">\n\n\t\t\t<div class=\"teft-card__media teft-card__media--16-9 no-image\"><\/div>\n\t\t\t<div class=\"teft-card__content-wrapper\">\n\t\t\t\t<div class=\"teft-card__secondary\">\n\t\t\t\t\t\n\t\t\t\t\t\t\t\t<div class=\"teft-card__meta\">\n\t\t\t\t\t\t\t\t\t<span class=\"post-date\">11. des 2024<\/span>\n\n\t\t\t\t\t\t\t\t\t\t\t\t\t\t\t\t\t<\/div>\n\t\t\t\t\t\t\t\t\t\t\t<\/div>\n\n\t\t\t\t<div class=\"teft-card__primary\">\n\t\t\t\t\t<h2 class=\"teft-card__title\">FLERTALLSBUDSJETT I TRONDHEIM&nbsp;<span class=\"teft-card__primary-title-append\"><\/span><\/h2>\t\t\t\t<\/div>\n\t\t\t<\/div>\n\t\t<\/a>\n\t<\/div>\n\n\t<\/div><div class=\"is-card-hoyre\">\n\t<div class=\"teft-card hoyre-teft-card post-teft-card\">\n\t\t<a href=\"https:\/\/hoyre.no\/trondheim\/aktuelt\/trondheim-far-ny-politisk-ledelse\/\" class=\"teft-card__primary-action\">\n\n\t\t\t<div class=\"teft-card__media teft-card__media--16-9 no-image\"><\/div>\n\t\t\t<div class=\"teft-card__content-wrapper\">\n\t\t\t\t<div class=\"teft-card__secondary\">\n\t\t\t\t\t\n\t\t\t\t\t\t\t\t<div class=\"teft-card__meta\">\n\t\t\t\t\t\t\t\t\t<span class=\"post-date\">29. sep 2023<\/span>\n\n\t\t\t\t\t\t\t\t\t\t\t\t\t\t\t\t\t<\/div>\n\t\t\t\t\t\t\t\t\t\t\t<\/div>\n\n\t\t\t\t<div class=\"teft-card__primary\">\n\t\t\t\t\t<h2 class=\"teft-card__title\">Trondheim f\u00e5r ny politisk ledelse&nbsp;<span class=\"teft-card__primary-title-append\"><\/span><\/h2>\t\t\t\t<\/div>\n\t\t\t<\/div>\n\t\t<\/a>\n\t<\/div>\n\n\t<\/div><div class=\"is-card-hoyre\">\n\t<div class=\"teft-card hoyre-teft-card post-teft-card\">\n\t\t<a href=\"https:\/\/hoyre.no\/trondheim\/aktuelt\/hoyre-med-276-i-ny-maling\/\" class=\"teft-card__primary-action\">\n\n\t\t\t\t\t<div class=\"teft-card__media teft-card__media--16-9\">\n\t\t\t\t\t\t<img loading=\"lazy\" decoding=\"async\" width=\"768\" height=\"512\" src=\"https:\/\/hoyre.no\/content\/uploads\/sites\/272\/2023\/08\/nyKsDA_i-1-768x512.jpeg\" class=\"attachment-medium_large size-medium_large\" alt=\"\" srcset=\"https:\/\/hoyre.no\/content\/uploads\/sites\/272\/2023\/08\/nyKsDA_i-1-768x512.jpeg 768w, https:\/\/hoyre.no\/content\/uploads\/sites\/272\/2023\/08\/nyKsDA_i-1-300x200.jpeg 300w, https:\/\/hoyre.no\/content\/uploads\/sites\/272\/2023\/08\/nyKsDA_i-1-1024x683.jpeg 1024w, https:\/\/hoyre.no\/content\/uploads\/sites\/272\/2023\/08\/nyKsDA_i-1-1536x1024.jpeg 1536w, https:\/\/hoyre.no\/content\/uploads\/sites\/272\/2023\/08\/nyKsDA_i-1-2048x1365.jpeg 2048w\" sizes=\"auto, (max-width: 768px) 100vw, 768px\" \/>\t\t<\/div>\n\t\t\n\t\t\t<div class=\"teft-card__content-wrapper\">\n\t\t\t\t<div class=\"teft-card__secondary\">\n\t\t\t\t\t\n\t\t\t\t\t\t\t\t<div class=\"teft-card__meta\">\n\t\t\t\t\t\t\t\t\t<span class=\"post-date\">17. aug 2023<\/span>\n\n\t\t\t\t\t\t\t\t\t<span class=\"post-category\">Nyheter<\/span>\t\t\t\t\t\t\t\t<\/div>\n\t\t\t\t\t\t\t\t\t\t\t<\/div>\n\n\t\t\t\t<div class=\"teft-card__primary\">\n\t\t\t\t\t<h2 class=\"teft-card__title\">H\u00f8yre med 27,6% i ny m\u00e5ling&nbsp;<span class=\"teft-card__primary-title-append\"><\/span><\/h2>\t\t\t\t<\/div>\n\t\t\t<\/div>\n\t\t<\/a>\n\t<\/div>\n\n\t<\/div><\/div>\t<\/div>\n<\/div>\n","protected":false},"excerpt":{"rendered":"","protected":false},"author":29353,"featured_media":0,"comment_status":"closed","ping_status":"closed","sticky":false,"template":"","format":"standard","meta":{"teft_cards_image_url":"","teft_cards_custom_pretitle":"","teft_cards_image_id":102,"teft_cards_image_focal_point_x":0.5,"teft_cards_image_focal_point_y":0.5,"teft_cards_title":"","teft_cards_excerpt":"","teft_show_chapters":false,"author_display_name":"","footnotes":""},"category":[1],"post_tag":[],"hoyre-visibility":[],"article-type":[],"politician":[],"class_list":["post-280","post","type-post","status-publish","format-standard","hentry","category-nyheter"],"yoast_head":"<!-- This site is optimized with the Yoast SEO plugin v26.6 - https:\/\/yoast.com\/wordpress\/plugins\/seo\/ -->\n<title>Disse har takket ja til \u00e5 v\u00e6re kandidat - Trondheim H\u00f8yre<\/title>\n<meta name=\"robots\" content=\"index, follow, max-snippet:-1, max-image-preview:large, max-video-preview:-1\" \/>\n<link rel=\"canonical\" href=\"https:\/\/hoyre.no\/trondheim\/aktuelt\/disse-har-takket-ja-til-a-vaere-kandidat\/\" \/>\n<meta property=\"og:locale\" content=\"nb_NO\" \/>\n<meta property=\"og:type\" content=\"article\" \/>\n<meta property=\"og:title\" content=\"Disse har takket ja til \u00e5 v\u00e6re kandidat - Trondheim H\u00f8yre\" \/>\n<meta property=\"og:url\" content=\"https:\/\/hoyre.no\/trondheim\/aktuelt\/disse-har-takket-ja-til-a-vaere-kandidat\/\" \/>\n<meta property=\"og:site_name\" content=\"Trondheim H\u00f8yre\" \/>\n<meta property=\"article:published_time\" content=\"2022-09-29T20:58:58+00:00\" \/>\n<meta property=\"article:modified_time\" content=\"2022-10-19T21:35:59+00:00\" \/>\n<meta property=\"og:image\" content=\"https:\/\/hoyre.no\/content\/uploads\/sites\/272\/2023\/08\/nyKsDA_i-1-1024x683.jpeg\" \/>\n<meta name=\"author\" content=\"Helge Andersen\" \/>\n<meta name=\"twitter:card\" content=\"summary_large_image\" \/>\n<meta name=\"twitter:label1\" content=\"Skrevet av\" \/>\n\t<meta name=\"twitter:data1\" content=\"Helge Andersen\" \/>\n\t<meta name=\"twitter:label2\" content=\"Ansl. lesetid\" \/>\n\t<meta name=\"twitter:data2\" content=\"2 minutter\" \/>\n<script type=\"application\/ld+json\" class=\"yoast-schema-graph\">{\"@context\":\"https:\/\/schema.org\",\"@graph\":[{\"@type\":\"NewsArticle\",\"@id\":\"https:\/\/hoyre.no\/trondheim\/aktuelt\/disse-har-takket-ja-til-a-vaere-kandidat\/\",\"url\":\"https:\/\/hoyre.no\/trondheim\/aktuelt\/disse-har-takket-ja-til-a-vaere-kandidat\/\",\"name\":\"Disse har takket ja til \u00e5 v\u00e6re kandidat - Trondheim H\u00f8yre\",\"isPartOf\":{\"@id\":\"https:\/\/hoyre.no\/trondheim\/#website\"},\"image\":{\"@id\":\"https:\/\/hoyre.no\/trondheim\/aktuelt\/disse-har-takket-ja-til-a-vaere-kandidat\/#primaryimage\"},\"thumbnailUrl\":\"https:\/\/hoyre.no\/content\/uploads\/sites\/272\/2022\/09\/oppdatert-disse-har-sagt-ja.jpg\",\"datePublished\":\"2022-09-29T20:58:58+00:00\",\"dateModified\":\"2022-10-19T21:35:59+00:00\",\"author\":{\"@id\":\"https:\/\/hoyre.no\/trondheim\/#\/schema\/person\/6735a1d86d360dab0b08bd902633c9e6\"},\"breadcrumb\":{\"@id\":\"https:\/\/hoyre.no\/trondheim\/aktuelt\/disse-har-takket-ja-til-a-vaere-kandidat\/#breadcrumb\"},\"inLanguage\":\"nb-NO\",\"potentialAction\":[{\"@type\":\"ReadAction\",\"target\":[\"https:\/\/hoyre.no\/trondheim\/aktuelt\/disse-har-takket-ja-til-a-vaere-kandidat\/\"]}]},{\"@type\":\"ImageObject\",\"inLanguage\":\"nb-NO\",\"@id\":\"https:\/\/hoyre.no\/trondheim\/aktuelt\/disse-har-takket-ja-til-a-vaere-kandidat\/#primaryimage\",\"url\":\"https:\/\/hoyre.no\/content\/uploads\/sites\/272\/2022\/09\/oppdatert-disse-har-sagt-ja.jpg\",\"contentUrl\":\"https:\/\/hoyre.no\/content\/uploads\/sites\/272\/2022\/09\/oppdatert-disse-har-sagt-ja.jpg\"},{\"@type\":\"BreadcrumbList\",\"@id\":\"https:\/\/hoyre.no\/trondheim\/aktuelt\/disse-har-takket-ja-til-a-vaere-kandidat\/#breadcrumb\",\"itemListElement\":[{\"@type\":\"ListItem\",\"position\":1,\"name\":\"Til hoyre.no\",\"item\":\"https:\/\/hoyre.no\"},{\"@type\":\"ListItem\",\"position\":2,\"name\":\"Hjem\",\"item\":\"https:\/\/hoyre.no\/trondheim\/\"},{\"@type\":\"ListItem\",\"position\":3,\"name\":\"Disse har takket ja til \u00e5 v\u00e6re kandidat\"}]},{\"@type\":\"WebSite\",\"@id\":\"https:\/\/hoyre.no\/trondheim\/#website\",\"url\":\"https:\/\/hoyre.no\/trondheim\/\",\"name\":\"Trondheim H\u00f8yre\",\"description\":\"Bare enda et H\u00f8yres nettsteder-nettsted\",\"inLanguage\":\"nb-NO\"},{\"@type\":\"Person\",\"@id\":\"https:\/\/hoyre.no\/trondheim\/#\/schema\/person\/6735a1d86d360dab0b08bd902633c9e6\",\"name\":\"Helge Andersen\",\"image\":{\"@type\":\"ImageObject\",\"inLanguage\":\"nb-NO\",\"@id\":\"https:\/\/hoyre.no\/trondheim\/#\/schema\/person\/image\/\",\"url\":\"https:\/\/secure.gravatar.com\/avatar\/bb15d2402f27351f055c8b7df341762dc7f42a9d0b586e85803e01d761252607?s=96&d=mm&r=g\",\"contentUrl\":\"https:\/\/secure.gravatar.com\/avatar\/bb15d2402f27351f055c8b7df341762dc7f42a9d0b586e85803e01d761252607?s=96&d=mm&r=g\",\"caption\":\"Helge Andersen\"},\"url\":\"https:\/\/hoyre.no\/trondheim\/aktuelt\/author\/m50053222\/\"}]}<\/script>\n<!-- \/ Yoast SEO plugin. -->","yoast_head_json":{"title":"Disse har takket ja til \u00e5 v\u00e6re kandidat - Trondheim H\u00f8yre","robots":{"index":"index","follow":"follow","max-snippet":"max-snippet:-1","max-image-preview":"max-image-preview:large","max-video-preview":"max-video-preview:-1"},"canonical":"https:\/\/hoyre.no\/trondheim\/aktuelt\/disse-har-takket-ja-til-a-vaere-kandidat\/","og_locale":"nb_NO","og_type":"article","og_title":"Disse har takket ja til \u00e5 v\u00e6re kandidat - Trondheim H\u00f8yre","og_url":"https:\/\/hoyre.no\/trondheim\/aktuelt\/disse-har-takket-ja-til-a-vaere-kandidat\/","og_site_name":"Trondheim H\u00f8yre","article_published_time":"2022-09-29T20:58:58+00:00","article_modified_time":"2022-10-19T21:35:59+00:00","og_image":[{"url":"https:\/\/hoyre.no\/content\/uploads\/sites\/272\/2023\/08\/nyKsDA_i-1-1024x683.jpeg","width":"","height":"","type":""}],"author":"Helge Andersen","twitter_card":"summary_large_image","twitter_misc":{"Skrevet av":"Helge Andersen","Ansl. lesetid":"2 minutter"},"schema":{"@context":"https:\/\/schema.org","@graph":[{"@type":"NewsArticle","@id":"https:\/\/hoyre.no\/trondheim\/aktuelt\/disse-har-takket-ja-til-a-vaere-kandidat\/","url":"https:\/\/hoyre.no\/trondheim\/aktuelt\/disse-har-takket-ja-til-a-vaere-kandidat\/","name":"Disse har takket ja til \u00e5 v\u00e6re kandidat - Trondheim H\u00f8yre","isPartOf":{"@id":"https:\/\/hoyre.no\/trondheim\/#website"},"image":{"@id":"https:\/\/hoyre.no\/trondheim\/aktuelt\/disse-har-takket-ja-til-a-vaere-kandidat\/#primaryimage"},"thumbnailUrl":"https:\/\/hoyre.no\/content\/uploads\/sites\/272\/2022\/09\/oppdatert-disse-har-sagt-ja.jpg","datePublished":"2022-09-29T20:58:58+00:00","dateModified":"2022-10-19T21:35:59+00:00","author":{"@id":"https:\/\/hoyre.no\/trondheim\/#\/schema\/person\/6735a1d86d360dab0b08bd902633c9e6"},"breadcrumb":{"@id":"https:\/\/hoyre.no\/trondheim\/aktuelt\/disse-har-takket-ja-til-a-vaere-kandidat\/#breadcrumb"},"inLanguage":"nb-NO","potentialAction":[{"@type":"ReadAction","target":["https:\/\/hoyre.no\/trondheim\/aktuelt\/disse-har-takket-ja-til-a-vaere-kandidat\/"]}]},{"@type":"ImageObject","inLanguage":"nb-NO","@id":"https:\/\/hoyre.no\/trondheim\/aktuelt\/disse-har-takket-ja-til-a-vaere-kandidat\/#primaryimage","url":"https:\/\/hoyre.no\/content\/uploads\/sites\/272\/2022\/09\/oppdatert-disse-har-sagt-ja.jpg","contentUrl":"https:\/\/hoyre.no\/content\/uploads\/sites\/272\/2022\/09\/oppdatert-disse-har-sagt-ja.jpg"},{"@type":"BreadcrumbList","@id":"https:\/\/hoyre.no\/trondheim\/aktuelt\/disse-har-takket-ja-til-a-vaere-kandidat\/#breadcrumb","itemListElement":[{"@type":"ListItem","position":1,"name":"Til hoyre.no","item":"https:\/\/hoyre.no"},{"@type":"ListItem","position":2,"name":"Hjem","item":"https:\/\/hoyre.no\/trondheim\/"},{"@type":"ListItem","position":3,"name":"Disse har takket ja til \u00e5 v\u00e6re kandidat"}]},{"@type":"WebSite","@id":"https:\/\/hoyre.no\/trondheim\/#website","url":"https:\/\/hoyre.no\/trondheim\/","name":"Trondheim H\u00f8yre","description":"Bare enda et H\u00f8yres nettsteder-nettsted","inLanguage":"nb-NO"},{"@type":"Person","@id":"https:\/\/hoyre.no\/trondheim\/#\/schema\/person\/6735a1d86d360dab0b08bd902633c9e6","name":"Helge Andersen","image":{"@type":"ImageObject","inLanguage":"nb-NO","@id":"https:\/\/hoyre.no\/trondheim\/#\/schema\/person\/image\/","url":"https:\/\/secure.gravatar.com\/avatar\/bb15d2402f27351f055c8b7df341762dc7f42a9d0b586e85803e01d761252607?s=96&d=mm&r=g","contentUrl":"https:\/\/secure.gravatar.com\/avatar\/bb15d2402f27351f055c8b7df341762dc7f42a9d0b586e85803e01d761252607?s=96&d=mm&r=g","caption":"Helge Andersen"},"url":"https:\/\/hoyre.no\/trondheim\/aktuelt\/author\/m50053222\/"}]}},"distributor_meta":false,"distributor_terms":false,"distributor_media":false,"distributor_original_site_name":"Trondheim H\u00f8yre","distributor_original_site_url":"https:\/\/hoyre.no\/trondheim","push-errors":false,"_links":{"self":[{"href":"https:\/\/hoyre.no\/trondheim\/wp-json\/wp\/v2\/posts\/280","targetHints":{"allow":["GET"]}}],"collection":[{"href":"https:\/\/hoyre.no\/trondheim\/wp-json\/wp\/v2\/posts"}],"about":[{"href":"https:\/\/hoyre.no\/trondheim\/wp-json\/wp\/v2\/types\/post"}],"author":[{"embeddable":true,"href":"https:\/\/hoyre.no\/trondheim\/wp-json\/wp\/v2\/users\/29353"}],"replies":[{"embeddable":true,"href":"https:\/\/hoyre.no\/trondheim\/wp-json\/wp\/v2\/comments?post=280"}],"version-history":[{"count":2,"href":"https:\/\/hoyre.no\/trondheim\/wp-json\/wp\/v2\/posts\/280\/revisions"}],"predecessor-version":[{"id":305,"href":"https:\/\/hoyre.no\/trondheim\/wp-json\/wp\/v2\/posts\/280\/revisions\/305"}],"wp:attachment":[{"href":"https:\/\/hoyre.no\/trondheim\/wp-json\/wp\/v2\/media?parent=280"}],"wp:term":[{"taxonomy":"category","embeddable":true,"href":"https:\/\/hoyre.no\/trondheim\/wp-json\/wp\/v2\/category?post=280"},{"taxonomy":"post_tag","embeddable":true,"href":"https:\/\/hoyre.no\/trondheim\/wp-json\/wp\/v2\/post_tag?post=280"},{"taxonomy":"hoyre-visibility","embeddable":true,"href":"https:\/\/hoyre.no\/trondheim\/wp-json\/wp\/v2\/hoyre-visibility?post=280"},{"taxonomy":"article-type","embeddable":true,"href":"https:\/\/hoyre.no\/trondheim\/wp-json\/wp\/v2\/article-type?post=280"},{"taxonomy":"politician","embeddable":true,"href":"https:\/\/hoyre.no\/trondheim\/wp-json\/wp\/v2\/politician?post=280"}],"curies":[{"name":"wp","href":"https:\/\/api.w.org\/{rel}","templated":true}]}}