{"id":315,"date":"2022-10-22T20:51:15","date_gmt":"2022-10-22T18:51:15","guid":{"rendered":"https:\/\/hoyre.no\/trondheim\/?p=315"},"modified":"2022-10-22T20:55:08","modified_gmt":"2022-10-22T18:55:08","slug":"kent-ranum-valgt-som-trondheim-hoyres-ordforerkandidat","status":"publish","type":"post","link":"https:\/\/hoyre.no\/trondheim\/aktuelt\/kent-ranum-valgt-som-trondheim-hoyres-ordforerkandidat\/","title":{"rendered":"Kent Ranum valgt som Trondheim H\u00f8yres ordf\u00f8rerkandidat"},"content":{"rendered":"\n<p class=\"preamble\">&#8211; <strong>Jeg er veldig takknemlig og glad for den tilliten partiet har vist meg. Sammen med alle de dyktige kandidatene v\u00e5re skal jeg gj\u00f8re det jeg kan for \u00e5 gi Trondheim en ny og bedre ledelse av byen, sier Kent Ranum, nyvalgt ordf\u00f8rerkandidat for H\u00f8yre i Trondheim<\/strong>.<\/p>\t\t\t<div class=\"post-meta wp-block teft-byline-wrapper\">\n\t\t\t\t<div class=\"top\">\n\t\t\t\t\t<div class=\"signature\">\n\t\t\t\t\t\t<div class=\"teft-byline\">\n\t\t\t\t\t\t\t\t\t\t\t\t\t\t<div>\n\t\t\t\t\t\t\t\t<h3>H\u00f8yres redaksjon<\/h3>\t\t\t\t\t\t\t\t\n\t\t\t\t\t\t\t\t\t\t\t\t\t\t\t\t\t<span class=\"date\">Sist oppdatert: 22. oktober 2022<\/span>\n\t\t\t\t\t\t\t\t\t\t\t\t\t\t\t\t\t\t\t\t\t\t\t\t\t<span class=\"reading-time\" itemprop=\"timeRequired\" content=\"PT2M\"><em>Ca. 2 minutter lesetid<\/em><\/span>\n\t\t\t\t\t\t\t\t\t\t\t\t\t\t\t<\/div>\n\t\t\t\t\t\t<\/div>\n\t\t\t\t\t<\/div>\n\t\t\t\t\t\t<div class=\"sharing\">\n\t\t<a class=\"share-button share-link copy-link\" data-copy=\"https:\/\/hoyre.no\/trondheim\/aktuelt\/kent-ranum-valgt-som-trondheim-hoyres-ordforerkandidat\/\" target=\"_blank\"><span class=\"screen-reader-text\">Del link<\/span><\/a>\n\t\t<a class=\"share-button share-twitter\" href=\"http:\/\/twitter.com\/share?text=Kent Ranum valgt som Trondheim H\u00f8yres ordf\u00f8rerkandidat&#038;url=https:\/\/hoyre.no\/trondheim\/aktuelt\/kent-ranum-valgt-som-trondheim-hoyres-ordforerkandidat\/&#038;hashtags=Hoyre\" target=\"_blank\"><span class=\"screen-reader-text\">Del p\u00e5 twitter<\/span><\/a>\n\t\t<a class=\"share-button share-facebook\" href=\"https:\/\/www.facebook.com\/sharer\/sharer.php?u=https:\/\/hoyre.no\/trondheim\/aktuelt\/kent-ranum-valgt-som-trondheim-hoyres-ordforerkandidat\/\" target=\"_blank\"><span class=\"screen-reader-text\">Del p\u00e5 facebook<\/span><\/a>\n\t<\/div>\n\t\t\t\t\t<\/div>\n\t\t\t<\/div>\n\n\t\t\t<figure class=\"hoyre-image-wrapper\"><div class=\"hoyre-image\"><img loading=\"lazy\" decoding=\"async\" width=\"2500\" height=\"1407\" src=\"https:\/\/hoyre.no\/content\/uploads\/sites\/272\/2022\/10\/Topp-7-scaled.jpg\" class=\"attachment-scaled size-scaled\" alt=\"Topp 7-kandidater\" style=\"object-position: 50% 50%\" srcset=\"https:\/\/hoyre.no\/content\/uploads\/sites\/272\/2022\/10\/Topp-7-scaled.jpg 2500w, https:\/\/hoyre.no\/content\/uploads\/sites\/272\/2022\/10\/Topp-7-300x169.jpg 300w, https:\/\/hoyre.no\/content\/uploads\/sites\/272\/2022\/10\/Topp-7-1024x576.jpg 1024w, https:\/\/hoyre.no\/content\/uploads\/sites\/272\/2022\/10\/Topp-7-768x432.jpg 768w, https:\/\/hoyre.no\/content\/uploads\/sites\/272\/2022\/10\/Topp-7-1536x865.jpg 1536w, https:\/\/hoyre.no\/content\/uploads\/sites\/272\/2022\/10\/Topp-7-2048x1153.jpg 2048w\" sizes=\"auto, (max-width: 2500px) 100vw, 2500px\" \/><\/div><figcaption class=\"caption\">TOPP 7: Bystyrelisten for 2023-2027 toppes av (f.v.) Radino Dizza Mahendra (nr. 6), Nina Westad (nr. 7), Ove Vollan (nr. 4), Berit Tiller (nr. 3), ordf\u00f8rerkandidat Kent Ranum (nr. 1) Christianne Bauck-Larssen (nr. 2) og Ferhat G\u00fcven (nr. 5) (Foto: Benjamin Sandsmark)<\/figcaption><\/figure>\n\n\n\n\n<p>Trondheim H\u00f8yre gjennomf\u00f8rte 22. oktober 2022 sitt nominasjonsm\u00f8te for bystyrelisten 2023-2027. Ved akklamasjon ble Kent Ranum valgt som partiets ordf\u00f8rerkandidat. Med seg p\u00e5 de \u00f8verste plassene f\u00e5r han med seg Christianne Bauck-Larssen, Berit Tiller, Ove Vollan og Ferhat G\u00fcven.<\/p>\n\n\n\n<p>&#8211; Trondheim er en fantastisk by, men det er mye vi kan gj\u00f8re bedre for byens innbyggere. N\u00e5 skal vi ut \u00e5 fortelle hva vi vil gj\u00f8re for at barn og unge skal f\u00e5 en tryggere oppvekst, og hvordan eldre skal oppleve en mer verdig eldreomsorg. Bedre \u00f8konomisk styring og etableringen av nye arbeidsplasser er viktig for H\u00f8yre \u00e5 prioritere, fortsetter Ranum.<\/p>\n\n\n\n<p>Kent Ranum trer som ordf\u00f8rerkandidat inn som leder av Trondheim H\u00f8yres programkomite. Programkomiteen skal levere forslag til program som vil behandles p\u00e5 et eget medlemsm\u00f8te i begynnelsen av 2023. Det er invitert til programkonferanse i Trondheim H\u00f8yre 7. november klokken 17.00 &#8211; 20.30.<\/p>\n\n\n\n<p><br><strong>Trondheim H\u00f8yres bystyreliste for 2023-2027:<\/strong><\/p>\n\n\n\n<figure class=\"wp-block-image size-large is-resized\"><img loading=\"lazy\" decoding=\"async\" src=\"https:\/\/hoyre.no\/content\/uploads\/sites\/272\/2022\/10\/Trondheim-Hoyres-bystyreliste-2023-2027-361x1024.jpg\" alt=\"Trondheim H\u00f8yres bystyreliste 2023-2027\" class=\"wp-image-316\" width=\"703\" height=\"1994\" srcset=\"https:\/\/hoyre.no\/content\/uploads\/sites\/272\/2022\/10\/Trondheim-Hoyres-bystyreliste-2023-2027-361x1024.jpg 361w, https:\/\/hoyre.no\/content\/uploads\/sites\/272\/2022\/10\/Trondheim-Hoyres-bystyreliste-2023-2027-106x300.jpg 106w, https:\/\/hoyre.no\/content\/uploads\/sites\/272\/2022\/10\/Trondheim-Hoyres-bystyreliste-2023-2027.jpg 500w\" sizes=\"auto, (max-width: 703px) 100vw, 703px\" \/><\/figure>\n\n\n<div class=\"tags\">\n\t<\/div>\n<div class=\"post-footer alignfull has-background block-editor-block-list__block\" data-align=full>\n\t<div class=\"post-footer-inner\">\n\t\t<h3>Relaterte artikler<\/h3>\n\t\t<div class=\"related-content\"><div class=\"is-card-hoyre\">\n\t<div class=\"teft-card hoyre-teft-card post-teft-card\">\n\t\t<a href=\"https:\/\/hoyre.no\/trondheim\/aktuelt\/flertallsbudsjett-i-trondheim\/\" class=\"teft-card__primary-action\">\n\n\t\t\t<div class=\"teft-card__media teft-card__media--16-9 no-image\"><\/div>\n\t\t\t<div class=\"teft-card__content-wrapper\">\n\t\t\t\t<div class=\"teft-card__secondary\">\n\t\t\t\t\t\n\t\t\t\t\t\t\t\t<div class=\"teft-card__meta\">\n\t\t\t\t\t\t\t\t\t<span class=\"post-date\">11. des 2024<\/span>\n\n\t\t\t\t\t\t\t\t\t\t\t\t\t\t\t\t\t<\/div>\n\t\t\t\t\t\t\t\t\t\t\t<\/div>\n\n\t\t\t\t<div class=\"teft-card__primary\">\n\t\t\t\t\t<h2 class=\"teft-card__title\">FLERTALLSBUDSJETT I TRONDHEIM&nbsp;<span class=\"teft-card__primary-title-append\"><\/span><\/h2>\t\t\t\t<\/div>\n\t\t\t<\/div>\n\t\t<\/a>\n\t<\/div>\n\n\t<\/div><div class=\"is-card-hoyre\">\n\t<div class=\"teft-card hoyre-teft-card post-teft-card\">\n\t\t<a href=\"https:\/\/hoyre.no\/trondheim\/aktuelt\/trondheim-far-ny-politisk-ledelse\/\" class=\"teft-card__primary-action\">\n\n\t\t\t<div class=\"teft-card__media teft-card__media--16-9 no-image\"><\/div>\n\t\t\t<div class=\"teft-card__content-wrapper\">\n\t\t\t\t<div class=\"teft-card__secondary\">\n\t\t\t\t\t\n\t\t\t\t\t\t\t\t<div class=\"teft-card__meta\">\n\t\t\t\t\t\t\t\t\t<span class=\"post-date\">29. sep 2023<\/span>\n\n\t\t\t\t\t\t\t\t\t\t\t\t\t\t\t\t\t<\/div>\n\t\t\t\t\t\t\t\t\t\t\t<\/div>\n\n\t\t\t\t<div class=\"teft-card__primary\">\n\t\t\t\t\t<h2 class=\"teft-card__title\">Trondheim f\u00e5r ny politisk ledelse&nbsp;<span class=\"teft-card__primary-title-append\"><\/span><\/h2>\t\t\t\t<\/div>\n\t\t\t<\/div>\n\t\t<\/a>\n\t<\/div>\n\n\t<\/div><div class=\"is-card-hoyre\">\n\t<div class=\"teft-card hoyre-teft-card post-teft-card\">\n\t\t<a href=\"https:\/\/hoyre.no\/trondheim\/aktuelt\/hoyre-med-276-i-ny-maling\/\" class=\"teft-card__primary-action\">\n\n\t\t\t\t\t<div class=\"teft-card__media teft-card__media--16-9\">\n\t\t\t\t\t\t<img loading=\"lazy\" decoding=\"async\" width=\"768\" height=\"512\" src=\"https:\/\/hoyre.no\/content\/uploads\/sites\/272\/2023\/08\/nyKsDA_i-1-768x512.jpeg\" class=\"attachment-medium_large size-medium_large\" alt=\"\" srcset=\"https:\/\/hoyre.no\/content\/uploads\/sites\/272\/2023\/08\/nyKsDA_i-1-768x512.jpeg 768w, https:\/\/hoyre.no\/content\/uploads\/sites\/272\/2023\/08\/nyKsDA_i-1-300x200.jpeg 300w, https:\/\/hoyre.no\/content\/uploads\/sites\/272\/2023\/08\/nyKsDA_i-1-1024x683.jpeg 1024w, https:\/\/hoyre.no\/content\/uploads\/sites\/272\/2023\/08\/nyKsDA_i-1-1536x1024.jpeg 1536w, https:\/\/hoyre.no\/content\/uploads\/sites\/272\/2023\/08\/nyKsDA_i-1-2048x1365.jpeg 2048w\" sizes=\"auto, (max-width: 768px) 100vw, 768px\" \/>\t\t<\/div>\n\t\t\n\t\t\t<div class=\"teft-card__content-wrapper\">\n\t\t\t\t<div class=\"teft-card__secondary\">\n\t\t\t\t\t\n\t\t\t\t\t\t\t\t<div class=\"teft-card__meta\">\n\t\t\t\t\t\t\t\t\t<span class=\"post-date\">17. aug 2023<\/span>\n\n\t\t\t\t\t\t\t\t\t<span class=\"post-category\">Nyheter<\/span>\t\t\t\t\t\t\t\t<\/div>\n\t\t\t\t\t\t\t\t\t\t\t<\/div>\n\n\t\t\t\t<div class=\"teft-card__primary\">\n\t\t\t\t\t<h2 class=\"teft-card__title\">H\u00f8yre med 27,6% i ny m\u00e5ling&nbsp;<span class=\"teft-card__primary-title-append\"><\/span><\/h2>\t\t\t\t<\/div>\n\t\t\t<\/div>\n\t\t<\/a>\n\t<\/div>\n\n\t<\/div><\/div>\t<\/div>\n<\/div>\n","protected":false},"excerpt":{"rendered":"","protected":false},"author":29353,"featured_media":0,"comment_status":"closed","ping_status":"closed","sticky":false,"template":"","format":"standard","meta":{"teft_cards_image_url":"","teft_cards_custom_pretitle":"","teft_cards_image_id":320,"teft_cards_image_focal_point_x":0.5,"teft_cards_image_focal_point_y":0.5,"teft_cards_title":"","teft_cards_excerpt":"","teft_show_chapters":false,"author_display_name":"","footnotes":""},"category":[1],"post_tag":[],"hoyre-visibility":[],"article-type":[],"politician":[],"class_list":["post-315","post","type-post","status-publish","format-standard","hentry","category-nyheter"],"yoast_head":"<!-- This site is optimized with the Yoast SEO plugin v26.6 - https:\/\/yoast.com\/wordpress\/plugins\/seo\/ -->\n<title>Kent Ranum valgt som Trondheim H\u00f8yres ordf\u00f8rerkandidat - Trondheim H\u00f8yre<\/title>\n<meta name=\"robots\" content=\"index, follow, max-snippet:-1, max-image-preview:large, max-video-preview:-1\" \/>\n<link rel=\"canonical\" href=\"https:\/\/hoyre.no\/trondheim\/aktuelt\/kent-ranum-valgt-som-trondheim-hoyres-ordforerkandidat\/\" \/>\n<meta property=\"og:locale\" content=\"nb_NO\" \/>\n<meta property=\"og:type\" content=\"article\" \/>\n<meta property=\"og:title\" content=\"Kent Ranum valgt som Trondheim H\u00f8yres ordf\u00f8rerkandidat - Trondheim H\u00f8yre\" \/>\n<meta property=\"og:url\" content=\"https:\/\/hoyre.no\/trondheim\/aktuelt\/kent-ranum-valgt-som-trondheim-hoyres-ordforerkandidat\/\" \/>\n<meta property=\"og:site_name\" content=\"Trondheim H\u00f8yre\" \/>\n<meta property=\"article:published_time\" content=\"2022-10-22T18:51:15+00:00\" \/>\n<meta property=\"article:modified_time\" content=\"2022-10-22T18:55:08+00:00\" \/>\n<meta property=\"og:image\" content=\"https:\/\/hoyre.no\/content\/uploads\/sites\/272\/2023\/08\/nyKsDA_i-1-1024x683.jpeg\" \/>\n<meta name=\"author\" content=\"Helge Andersen\" \/>\n<meta name=\"twitter:card\" content=\"summary_large_image\" \/>\n<meta name=\"twitter:label1\" content=\"Skrevet av\" \/>\n\t<meta name=\"twitter:data1\" content=\"Helge Andersen\" \/>\n\t<meta name=\"twitter:label2\" content=\"Ansl. lesetid\" \/>\n\t<meta name=\"twitter:data2\" content=\"2 minutter\" \/>\n<script type=\"application\/ld+json\" class=\"yoast-schema-graph\">{\"@context\":\"https:\/\/schema.org\",\"@graph\":[{\"@type\":\"NewsArticle\",\"@id\":\"https:\/\/hoyre.no\/trondheim\/aktuelt\/kent-ranum-valgt-som-trondheim-hoyres-ordforerkandidat\/\",\"url\":\"https:\/\/hoyre.no\/trondheim\/aktuelt\/kent-ranum-valgt-som-trondheim-hoyres-ordforerkandidat\/\",\"name\":\"Kent Ranum valgt som Trondheim H\u00f8yres ordf\u00f8rerkandidat - Trondheim H\u00f8yre\",\"isPartOf\":{\"@id\":\"https:\/\/hoyre.no\/trondheim\/#website\"},\"image\":{\"@id\":\"https:\/\/hoyre.no\/trondheim\/aktuelt\/kent-ranum-valgt-som-trondheim-hoyres-ordforerkandidat\/#primaryimage\"},\"thumbnailUrl\":\"https:\/\/hoyre.no\/content\/uploads\/sites\/272\/2022\/10\/Trondheim-Hoyres-bystyreliste-2023-2027-361x1024.jpg\",\"datePublished\":\"2022-10-22T18:51:15+00:00\",\"dateModified\":\"2022-10-22T18:55:08+00:00\",\"author\":{\"@id\":\"https:\/\/hoyre.no\/trondheim\/#\/schema\/person\/6735a1d86d360dab0b08bd902633c9e6\"},\"breadcrumb\":{\"@id\":\"https:\/\/hoyre.no\/trondheim\/aktuelt\/kent-ranum-valgt-som-trondheim-hoyres-ordforerkandidat\/#breadcrumb\"},\"inLanguage\":\"nb-NO\",\"potentialAction\":[{\"@type\":\"ReadAction\",\"target\":[\"https:\/\/hoyre.no\/trondheim\/aktuelt\/kent-ranum-valgt-som-trondheim-hoyres-ordforerkandidat\/\"]}]},{\"@type\":\"ImageObject\",\"inLanguage\":\"nb-NO\",\"@id\":\"https:\/\/hoyre.no\/trondheim\/aktuelt\/kent-ranum-valgt-som-trondheim-hoyres-ordforerkandidat\/#primaryimage\",\"url\":\"https:\/\/hoyre.no\/content\/uploads\/sites\/272\/2022\/10\/Trondheim-Hoyres-bystyreliste-2023-2027-361x1024.jpg\",\"contentUrl\":\"https:\/\/hoyre.no\/content\/uploads\/sites\/272\/2022\/10\/Trondheim-Hoyres-bystyreliste-2023-2027-361x1024.jpg\"},{\"@type\":\"BreadcrumbList\",\"@id\":\"https:\/\/hoyre.no\/trondheim\/aktuelt\/kent-ranum-valgt-som-trondheim-hoyres-ordforerkandidat\/#breadcrumb\",\"itemListElement\":[{\"@type\":\"ListItem\",\"position\":1,\"name\":\"Til hoyre.no\",\"item\":\"https:\/\/hoyre.no\"},{\"@type\":\"ListItem\",\"position\":2,\"name\":\"Hjem\",\"item\":\"https:\/\/hoyre.no\/trondheim\/\"},{\"@type\":\"ListItem\",\"position\":3,\"name\":\"Kent Ranum valgt som Trondheim H\u00f8yres ordf\u00f8rerkandidat\"}]},{\"@type\":\"WebSite\",\"@id\":\"https:\/\/hoyre.no\/trondheim\/#website\",\"url\":\"https:\/\/hoyre.no\/trondheim\/\",\"name\":\"Trondheim H\u00f8yre\",\"description\":\"Bare enda et H\u00f8yres nettsteder-nettsted\",\"inLanguage\":\"nb-NO\"},{\"@type\":\"Person\",\"@id\":\"https:\/\/hoyre.no\/trondheim\/#\/schema\/person\/6735a1d86d360dab0b08bd902633c9e6\",\"name\":\"Helge Andersen\",\"image\":{\"@type\":\"ImageObject\",\"inLanguage\":\"nb-NO\",\"@id\":\"https:\/\/hoyre.no\/trondheim\/#\/schema\/person\/image\/\",\"url\":\"https:\/\/secure.gravatar.com\/avatar\/bb15d2402f27351f055c8b7df341762dc7f42a9d0b586e85803e01d761252607?s=96&d=mm&r=g\",\"contentUrl\":\"https:\/\/secure.gravatar.com\/avatar\/bb15d2402f27351f055c8b7df341762dc7f42a9d0b586e85803e01d761252607?s=96&d=mm&r=g\",\"caption\":\"Helge Andersen\"},\"url\":\"https:\/\/hoyre.no\/trondheim\/aktuelt\/author\/m50053222\/\"}]}<\/script>\n<!-- \/ Yoast SEO plugin. -->","yoast_head_json":{"title":"Kent Ranum valgt som Trondheim H\u00f8yres ordf\u00f8rerkandidat - Trondheim H\u00f8yre","robots":{"index":"index","follow":"follow","max-snippet":"max-snippet:-1","max-image-preview":"max-image-preview:large","max-video-preview":"max-video-preview:-1"},"canonical":"https:\/\/hoyre.no\/trondheim\/aktuelt\/kent-ranum-valgt-som-trondheim-hoyres-ordforerkandidat\/","og_locale":"nb_NO","og_type":"article","og_title":"Kent Ranum valgt som Trondheim H\u00f8yres ordf\u00f8rerkandidat - Trondheim H\u00f8yre","og_url":"https:\/\/hoyre.no\/trondheim\/aktuelt\/kent-ranum-valgt-som-trondheim-hoyres-ordforerkandidat\/","og_site_name":"Trondheim H\u00f8yre","article_published_time":"2022-10-22T18:51:15+00:00","article_modified_time":"2022-10-22T18:55:08+00:00","og_image":[{"url":"https:\/\/hoyre.no\/content\/uploads\/sites\/272\/2023\/08\/nyKsDA_i-1-1024x683.jpeg","width":"","height":"","type":""}],"author":"Helge Andersen","twitter_card":"summary_large_image","twitter_misc":{"Skrevet av":"Helge Andersen","Ansl. lesetid":"2 minutter"},"schema":{"@context":"https:\/\/schema.org","@graph":[{"@type":"NewsArticle","@id":"https:\/\/hoyre.no\/trondheim\/aktuelt\/kent-ranum-valgt-som-trondheim-hoyres-ordforerkandidat\/","url":"https:\/\/hoyre.no\/trondheim\/aktuelt\/kent-ranum-valgt-som-trondheim-hoyres-ordforerkandidat\/","name":"Kent Ranum valgt som Trondheim H\u00f8yres ordf\u00f8rerkandidat - Trondheim H\u00f8yre","isPartOf":{"@id":"https:\/\/hoyre.no\/trondheim\/#website"},"image":{"@id":"https:\/\/hoyre.no\/trondheim\/aktuelt\/kent-ranum-valgt-som-trondheim-hoyres-ordforerkandidat\/#primaryimage"},"thumbnailUrl":"https:\/\/hoyre.no\/content\/uploads\/sites\/272\/2022\/10\/Trondheim-Hoyres-bystyreliste-2023-2027-361x1024.jpg","datePublished":"2022-10-22T18:51:15+00:00","dateModified":"2022-10-22T18:55:08+00:00","author":{"@id":"https:\/\/hoyre.no\/trondheim\/#\/schema\/person\/6735a1d86d360dab0b08bd902633c9e6"},"breadcrumb":{"@id":"https:\/\/hoyre.no\/trondheim\/aktuelt\/kent-ranum-valgt-som-trondheim-hoyres-ordforerkandidat\/#breadcrumb"},"inLanguage":"nb-NO","potentialAction":[{"@type":"ReadAction","target":["https:\/\/hoyre.no\/trondheim\/aktuelt\/kent-ranum-valgt-som-trondheim-hoyres-ordforerkandidat\/"]}]},{"@type":"ImageObject","inLanguage":"nb-NO","@id":"https:\/\/hoyre.no\/trondheim\/aktuelt\/kent-ranum-valgt-som-trondheim-hoyres-ordforerkandidat\/#primaryimage","url":"https:\/\/hoyre.no\/content\/uploads\/sites\/272\/2022\/10\/Trondheim-Hoyres-bystyreliste-2023-2027-361x1024.jpg","contentUrl":"https:\/\/hoyre.no\/content\/uploads\/sites\/272\/2022\/10\/Trondheim-Hoyres-bystyreliste-2023-2027-361x1024.jpg"},{"@type":"BreadcrumbList","@id":"https:\/\/hoyre.no\/trondheim\/aktuelt\/kent-ranum-valgt-som-trondheim-hoyres-ordforerkandidat\/#breadcrumb","itemListElement":[{"@type":"ListItem","position":1,"name":"Til hoyre.no","item":"https:\/\/hoyre.no"},{"@type":"ListItem","position":2,"name":"Hjem","item":"https:\/\/hoyre.no\/trondheim\/"},{"@type":"ListItem","position":3,"name":"Kent Ranum valgt som Trondheim H\u00f8yres ordf\u00f8rerkandidat"}]},{"@type":"WebSite","@id":"https:\/\/hoyre.no\/trondheim\/#website","url":"https:\/\/hoyre.no\/trondheim\/","name":"Trondheim H\u00f8yre","description":"Bare enda et H\u00f8yres nettsteder-nettsted","inLanguage":"nb-NO"},{"@type":"Person","@id":"https:\/\/hoyre.no\/trondheim\/#\/schema\/person\/6735a1d86d360dab0b08bd902633c9e6","name":"Helge Andersen","image":{"@type":"ImageObject","inLanguage":"nb-NO","@id":"https:\/\/hoyre.no\/trondheim\/#\/schema\/person\/image\/","url":"https:\/\/secure.gravatar.com\/avatar\/bb15d2402f27351f055c8b7df341762dc7f42a9d0b586e85803e01d761252607?s=96&d=mm&r=g","contentUrl":"https:\/\/secure.gravatar.com\/avatar\/bb15d2402f27351f055c8b7df341762dc7f42a9d0b586e85803e01d761252607?s=96&d=mm&r=g","caption":"Helge Andersen"},"url":"https:\/\/hoyre.no\/trondheim\/aktuelt\/author\/m50053222\/"}]}},"distributor_meta":false,"distributor_terms":false,"distributor_media":false,"distributor_original_site_name":"Trondheim H\u00f8yre","distributor_original_site_url":"https:\/\/hoyre.no\/trondheim","push-errors":false,"_links":{"self":[{"href":"https:\/\/hoyre.no\/trondheim\/wp-json\/wp\/v2\/posts\/315","targetHints":{"allow":["GET"]}}],"collection":[{"href":"https:\/\/hoyre.no\/trondheim\/wp-json\/wp\/v2\/posts"}],"about":[{"href":"https:\/\/hoyre.no\/trondheim\/wp-json\/wp\/v2\/types\/post"}],"author":[{"embeddable":true,"href":"https:\/\/hoyre.no\/trondheim\/wp-json\/wp\/v2\/users\/29353"}],"replies":[{"embeddable":true,"href":"https:\/\/hoyre.no\/trondheim\/wp-json\/wp\/v2\/comments?post=315"}],"version-history":[{"count":3,"href":"https:\/\/hoyre.no\/trondheim\/wp-json\/wp\/v2\/posts\/315\/revisions"}],"predecessor-version":[{"id":321,"href":"https:\/\/hoyre.no\/trondheim\/wp-json\/wp\/v2\/posts\/315\/revisions\/321"}],"wp:attachment":[{"href":"https:\/\/hoyre.no\/trondheim\/wp-json\/wp\/v2\/media?parent=315"}],"wp:term":[{"taxonomy":"category","embeddable":true,"href":"https:\/\/hoyre.no\/trondheim\/wp-json\/wp\/v2\/category?post=315"},{"taxonomy":"post_tag","embeddable":true,"href":"https:\/\/hoyre.no\/trondheim\/wp-json\/wp\/v2\/post_tag?post=315"},{"taxonomy":"hoyre-visibility","embeddable":true,"href":"https:\/\/hoyre.no\/trondheim\/wp-json\/wp\/v2\/hoyre-visibility?post=315"},{"taxonomy":"article-type","embeddable":true,"href":"https:\/\/hoyre.no\/trondheim\/wp-json\/wp\/v2\/article-type?post=315"},{"taxonomy":"politician","embeddable":true,"href":"https:\/\/hoyre.no\/trondheim\/wp-json\/wp\/v2\/politician?post=315"}],"curies":[{"name":"wp","href":"https:\/\/api.w.org\/{rel}","templated":true}]}}