{"id":680,"date":"2023-08-13T11:52:24","date_gmt":"2023-08-13T09:52:24","guid":{"rendered":"https:\/\/hoyre.no\/trondheim\/?p=680"},"modified":"2023-08-14T22:35:11","modified_gmt":"2023-08-14T20:35:11","slug":"velkommen-til-trondheim","status":"publish","type":"post","link":"https:\/\/hoyre.no\/trondheim\/aktuelt\/velkommen-til-trondheim\/","title":{"rendered":"Kj\u00e6re studenter &#8211; velkommen til Trondheim!"},"content":{"rendered":"\n<p class=\"preamble\">Endelig er studentene tilbake i byen. Noen for aller f\u00f8rste gang, mens andre er tilbake etter sommerferien. Trondheim H\u00f8yre \u00f8nsker alle velkommen!<\/p>\t\t\t<div class=\"post-meta wp-block teft-byline-wrapper\">\n\t\t\t\t<div class=\"top\">\n\t\t\t\t\t<div class=\"signature\">\n\t\t\t\t\t\t<div class=\"teft-byline\">\n\t\t\t\t\t\t\t\t\t\t\t\t\t\t<div>\n\t\t\t\t\t\t\t\t<h3>H\u00f8yres redaksjon<\/h3>\t\t\t\t\t\t\t\t\n\t\t\t\t\t\t\t\t\t\t\t\t\t\t\t\t\t<span class=\"date\">Sist oppdatert: 14. august 2023<\/span>\n\t\t\t\t\t\t\t\t\t\t\t\t\t\t\t\t\t\t\t\t\t\t\t\t\t<span class=\"reading-time\" itemprop=\"timeRequired\" content=\"PT3M\"><em>Ca. 3 minutter lesetid<\/em><\/span>\n\t\t\t\t\t\t\t\t\t\t\t\t\t\t\t<\/div>\n\t\t\t\t\t\t<\/div>\n\t\t\t\t\t<\/div>\n\t\t\t\t\t\t<div class=\"sharing\">\n\t\t<a class=\"share-button share-link copy-link\" data-copy=\"https:\/\/hoyre.no\/trondheim\/aktuelt\/velkommen-til-trondheim\/\" target=\"_blank\"><span class=\"screen-reader-text\">Del link<\/span><\/a>\n\t\t<a class=\"share-button share-twitter\" href=\"http:\/\/twitter.com\/share?text=Kj\u00e6re studenter &#8211; velkommen til Trondheim!&#038;url=https:\/\/hoyre.no\/trondheim\/aktuelt\/velkommen-til-trondheim\/&#038;hashtags=Hoyre\" target=\"_blank\"><span class=\"screen-reader-text\">Del p\u00e5 twitter<\/span><\/a>\n\t\t<a class=\"share-button share-facebook\" href=\"https:\/\/www.facebook.com\/sharer\/sharer.php?u=https:\/\/hoyre.no\/trondheim\/aktuelt\/velkommen-til-trondheim\/\" target=\"_blank\"><span class=\"screen-reader-text\">Del p\u00e5 facebook<\/span><\/a>\n\t<\/div>\n\t\t\t\t\t<\/div>\n\t\t\t<\/div>\n\n\t\t\t<figure class=\"hoyre-image-wrapper\"><div class=\"hoyre-image\"><img loading=\"lazy\" decoding=\"async\" width=\"2500\" height=\"1666\" src=\"https:\/\/hoyre.no\/content\/uploads\/sites\/272\/2023\/08\/Erna-Solberg-valgkamptur-Oslo-Sandvika-Lillestrom-Trondheim-foto-Hans-Kristian-Thorbjornsen-8173-scaled.jpg\" class=\"attachment-scaled size-scaled\" alt=\"\" style=\"object-position: 50% 50%\" srcset=\"https:\/\/hoyre.no\/content\/uploads\/sites\/272\/2023\/08\/Erna-Solberg-valgkamptur-Oslo-Sandvika-Lillestrom-Trondheim-foto-Hans-Kristian-Thorbjornsen-8173-scaled.jpg 2500w, https:\/\/hoyre.no\/content\/uploads\/sites\/272\/2023\/08\/Erna-Solberg-valgkamptur-Oslo-Sandvika-Lillestrom-Trondheim-foto-Hans-Kristian-Thorbjornsen-8173-300x200.jpg 300w, https:\/\/hoyre.no\/content\/uploads\/sites\/272\/2023\/08\/Erna-Solberg-valgkamptur-Oslo-Sandvika-Lillestrom-Trondheim-foto-Hans-Kristian-Thorbjornsen-8173-1024x683.jpg 1024w, https:\/\/hoyre.no\/content\/uploads\/sites\/272\/2023\/08\/Erna-Solberg-valgkamptur-Oslo-Sandvika-Lillestrom-Trondheim-foto-Hans-Kristian-Thorbjornsen-8173-768x512.jpg 768w, https:\/\/hoyre.no\/content\/uploads\/sites\/272\/2023\/08\/Erna-Solberg-valgkamptur-Oslo-Sandvika-Lillestrom-Trondheim-foto-Hans-Kristian-Thorbjornsen-8173-1536x1024.jpg 1536w, https:\/\/hoyre.no\/content\/uploads\/sites\/272\/2023\/08\/Erna-Solberg-valgkamptur-Oslo-Sandvika-Lillestrom-Trondheim-foto-Hans-Kristian-Thorbjornsen-8173-2048x1365.jpg 2048w\" sizes=\"auto, (max-width: 2500px) 100vw, 2500px\" \/><\/div><\/figure>\n\n\n\n<p><\/p>\n\n\n\n\n<p>Hei! Jeg heter Kent Ranum, og er H\u00f8yres ordf\u00f8rerkandidat i Trondheim. Jeg \u00f8nsker deg hjertelig velkommen til Trondheim. Trondheim er en veldig bra studentby, men vi kan bli enda bedre. Under kan du lese tre ting vi vil satse p\u00e5 de neste fire \u00e5rene. <\/p>\n\n\n\n<p>Hilsen Kent<\/p>\n\n\n\n<figure class=\"wp-block-image size-large\"><img loading=\"lazy\" decoding=\"async\" width=\"1024\" height=\"683\" src=\"https:\/\/hoyre.no\/content\/uploads\/sites\/272\/2023\/08\/20230812-IMG_8920-1024x683.jpg\" alt=\"\" class=\"wp-image-685\" srcset=\"https:\/\/hoyre.no\/content\/uploads\/sites\/272\/2023\/08\/20230812-IMG_8920-1024x683.jpg 1024w, https:\/\/hoyre.no\/content\/uploads\/sites\/272\/2023\/08\/20230812-IMG_8920-300x200.jpg 300w, https:\/\/hoyre.no\/content\/uploads\/sites\/272\/2023\/08\/20230812-IMG_8920-768x512.jpg 768w, https:\/\/hoyre.no\/content\/uploads\/sites\/272\/2023\/08\/20230812-IMG_8920-1536x1024.jpg 1536w, https:\/\/hoyre.no\/content\/uploads\/sites\/272\/2023\/08\/20230812-IMG_8920.jpg 2048w\" sizes=\"auto, (max-width: 1024px) 100vw, 1024px\" \/><\/figure>\n\n\n\n\t\t<div class=\"has-lightest-blue-background-color is-layout-right alignwide alignwide wp-block-hoyre-media-text\">\n\t\t\t<div class=\"hoyre-media-text__media\">\n\t\t\t\t<img loading=\"lazy\" decoding=\"async\" width=\"1024\" height=\"576\" src=\"https:\/\/hoyre.no\/content\/uploads\/sites\/272\/2023\/05\/GettyImages-1152836719-edited-1024x576.jpg\" class=\"hoyre-media-text__media-image\" alt=\"\" style=\"--focal: 50% 50%;\" srcset=\"https:\/\/hoyre.no\/content\/uploads\/sites\/272\/2023\/05\/GettyImages-1152836719-edited-1024x576.jpg 1024w, https:\/\/hoyre.no\/content\/uploads\/sites\/272\/2023\/05\/GettyImages-1152836719-edited-300x169.jpg 300w, https:\/\/hoyre.no\/content\/uploads\/sites\/272\/2023\/05\/GettyImages-1152836719-edited-768x432.jpg 768w, https:\/\/hoyre.no\/content\/uploads\/sites\/272\/2023\/05\/GettyImages-1152836719-edited-1536x865.jpg 1536w, https:\/\/hoyre.no\/content\/uploads\/sites\/272\/2023\/05\/GettyImages-1152836719-edited-2048x1153.jpg 2048w\" sizes=\"auto, (max-width: 1024px) 100vw, 1024px\" \/>\n\t\t\t<\/div>\n\t\t\t<div class=\"hoyre-media-text__content\">\n\t\t\t\t<div class=\"hoyre-media-text__content-inner\">\n\t\t\t\t\t\n\t\t\t<div class=\"hoyre-media-text__title-container\">\n\t\t\t\t\n\t\t\t\t<h2 class=\"hoyre-media-text__title\">1. Rask psykisk helsehjelp til alle<\/h2>\n\t\t\t<\/div>\n\t\t\t\n\t\t\t\t\t<div class=\"hoyre-media-text__blocks\">\n<p>Ventetiden p\u00e5 psykisk helsehjelp er alt for lang. Du skal f\u00e5 hjelp n\u00e5r du trenger det, f\u00f8r sm\u00e5 problemer vokser seg store.\u00a0Vi m\u00e5 styrke lavterskeltilbudene i Trondheim, slik at vi fanger opp alle som trenger hjelp. K\u00f8ene skal ned, og det klarer vi ved \u00e5 ta alle gode krefter i bruk.<\/p>\n<\/div>\n\t\t\t\t\t\n\t\t\t<div class=\"hoyre-media-text__buttons\">\n\t\t\t\t<a class=\"button\" href=\"https:\/\/hoyre.no\/trondheim\/et-loft-for-de-som-trenger-det-mest\/\">Les mer<\/a>\n\t\t\t<\/div>\n\t\t\t\n\t\t\t\t<\/div>\n\t\t\t<\/div>\n\t\t<\/div>\n\t\t\n\n\n\t\t<div class=\"has-lightest-blue-background-color is-layout-left alignwide alignwide wp-block-hoyre-media-text\">\n\t\t\t<div class=\"hoyre-media-text__media\">\n\t\t\t\t<img loading=\"lazy\" decoding=\"async\" width=\"1024\" height=\"683\" src=\"https:\/\/hoyre.no\/content\/uploads\/sites\/272\/2023\/05\/GettyImages-1180034719-1024x683.jpg\" class=\"hoyre-media-text__media-image\" alt=\"\" style=\"--focal: 50% 50%;\" srcset=\"https:\/\/hoyre.no\/content\/uploads\/sites\/272\/2023\/05\/GettyImages-1180034719-1024x683.jpg 1024w, https:\/\/hoyre.no\/content\/uploads\/sites\/272\/2023\/05\/GettyImages-1180034719-300x200.jpg 300w, https:\/\/hoyre.no\/content\/uploads\/sites\/272\/2023\/05\/GettyImages-1180034719-768x512.jpg 768w, https:\/\/hoyre.no\/content\/uploads\/sites\/272\/2023\/05\/GettyImages-1180034719-1536x1024.jpg 1536w, https:\/\/hoyre.no\/content\/uploads\/sites\/272\/2023\/05\/GettyImages-1180034719-2048x1365.jpg 2048w\" sizes=\"auto, (max-width: 1024px) 100vw, 1024px\" \/>\n\t\t\t<\/div>\n\t\t\t<div class=\"hoyre-media-text__content\">\n\t\t\t\t<div class=\"hoyre-media-text__content-inner\">\n\t\t\t\t\t\n\t\t\t<div class=\"hoyre-media-text__title-container\">\n\t\t\t\t\n\t\t\t\t<h2 class=\"hoyre-media-text__title\">2. Bygge flere studentboliger og redusere avgiftene<\/h2>\n\t\t\t<\/div>\n\t\t\t\n\t\t\t\t\t<div class=\"hoyre-media-text__blocks\">\n<p>Alt for mange studenter st\u00e5r i k\u00f8 for \u00e5 f\u00e5 studentbolig. Trondheim H\u00f8yre vil bygge flere studentboliger raskere. I tillegg vil vi ikke \u00f8ke eiendomsskatten p\u00e5 studentboliger, slik at leieprisene ikke blir dyrere.<\/p>\n<\/div>\n\t\t\t\t\t\n\t\t\t\t<\/div>\n\t\t\t<\/div>\n\t\t<\/div>\n\t\t\n\n\n\t\t<div class=\"has-lightest-blue-background-color is-layout-right alignwide alignwide wp-block-hoyre-media-text\">\n\t\t\t<div class=\"hoyre-media-text__media\">\n\t\t\t\t<img loading=\"lazy\" decoding=\"async\" width=\"1024\" height=\"720\" src=\"https:\/\/hoyre.no\/content\/uploads\/sites\/272\/2023\/08\/GettyImages-648669234-1024x720.jpg\" class=\"hoyre-media-text__media-image\" alt=\"\" style=\"--focal: 50% 50%;\" srcset=\"https:\/\/hoyre.no\/content\/uploads\/sites\/272\/2023\/08\/GettyImages-648669234-1024x720.jpg 1024w, https:\/\/hoyre.no\/content\/uploads\/sites\/272\/2023\/08\/GettyImages-648669234-300x211.jpg 300w, https:\/\/hoyre.no\/content\/uploads\/sites\/272\/2023\/08\/GettyImages-648669234-768x540.jpg 768w, https:\/\/hoyre.no\/content\/uploads\/sites\/272\/2023\/08\/GettyImages-648669234-1536x1079.jpg 1536w, https:\/\/hoyre.no\/content\/uploads\/sites\/272\/2023\/08\/GettyImages-648669234-2048x1439.jpg 2048w\" sizes=\"auto, (max-width: 1024px) 100vw, 1024px\" \/>\n\t\t\t<\/div>\n\t\t\t<div class=\"hoyre-media-text__content\">\n\t\t\t\t<div class=\"hoyre-media-text__content-inner\">\n\t\t\t\t\t\n\t\t\t<div class=\"hoyre-media-text__title-container\">\n\t\t\t\t\n\t\t\t\t<h2 class=\"hoyre-media-text__title\">3. Billigere enkeltbilletter p\u00e5 bussen<\/h2>\n\t\t\t<\/div>\n\t\t\t\n\t\t\t\t\t<div class=\"hoyre-media-text__blocks\">\n<p>I dag er enkeltbillettene p\u00e5 bussen for dyre. Trondheim H\u00f8yre vil jobbe for at de blir billigere. <\/p>\n<\/div>\n\t\t\t\t\t\n\t\t\t\t<\/div>\n\t\t\t<\/div>\n\t\t<\/div>\n\t\t\n\n\n<figure class=\"wp-block-image size-large is-resized\"><img loading=\"lazy\" decoding=\"async\" src=\"https:\/\/hoyre.no\/content\/uploads\/sites\/272\/2023\/08\/nyKsDA_i-1-1024x683.jpeg\" alt=\"\" class=\"wp-image-684\" width=\"702\" height=\"468\" srcset=\"https:\/\/hoyre.no\/content\/uploads\/sites\/272\/2023\/08\/nyKsDA_i-1-1024x683.jpeg 1024w, https:\/\/hoyre.no\/content\/uploads\/sites\/272\/2023\/08\/nyKsDA_i-1-300x200.jpeg 300w, https:\/\/hoyre.no\/content\/uploads\/sites\/272\/2023\/08\/nyKsDA_i-1-768x512.jpeg 768w, https:\/\/hoyre.no\/content\/uploads\/sites\/272\/2023\/08\/nyKsDA_i-1-1536x1024.jpeg 1536w, https:\/\/hoyre.no\/content\/uploads\/sites\/272\/2023\/08\/nyKsDA_i-1-2048x1365.jpeg 2048w\" sizes=\"auto, (max-width: 702px) 100vw, 702px\" \/><\/figure>\n\n\n\n<p><a href=\"https:\/\/hoyre.no\/trondheim\/politikk\/bystyreprogram-2023-2027\/\">Les hele programmet v\u00e5rt her<\/a><\/p>\n\n\n<div class=\"wp-block hoyre-section alignfull has-background is-style-light-blue wp-block-hoyre-section\"><div class=\"inner-blocks alignwide\">\n\n<h1 class=\"has-text-align-center wp-block-heading\" id=\"h-finn-ditt-valglokale\">Finn ditt n\u00e6rmeste valglokale<\/h1>\n\n\n\n<p class=\"has-text-align-center\">Er du folkeregistrert i Trondheim, kan du stemme ved valget i Trondheim. Viss du er folkeregistrert et annet sted kan du likevel forh\u00e5ndsstemme i Trondheim p\u00e5 de du mener skal styre hjemkommunen din. <\/p>\n\n\n\n<p class=\"has-text-align-center\">Du kan forh\u00e5ndsstemme fra 10. august til og med 8. september. I denne perioden kan du stemme i valglokaler over hele landet. Se oversikt over lokale valglokaler og \u00e5pningstider her:<\/p>\n\n\n\n<div class=\"wp-block-buttons is-layout-flex wp-block-buttons-is-layout-flex\">\n<div class=\"wp-block-button aligncenter is-style-fill\"><a class=\"wp-block-button__link\" href=\"https:\/\/www.valg.no\/valglokaler\/valglokaler2\/stem-pa-forhand\/?mpid=5001\" target=\"_blank\" rel=\"noreferrer noopener\">lokaler for forh\u00e5ndsstemming<\/a><\/div>\n<\/div>\n\n\n\n<p class=\"has-text-align-center\">Valgdagen i \u00e5r er mandag 11. september. P\u00e5 valgdagen m\u00e5 du stemme i Trondheim kommune. Se oversikt over lokale valglokaler og \u00e5pningstider her:<\/p>\n\n\n\n<div class=\"wp-block-buttons is-layout-flex wp-block-buttons-is-layout-flex\">\n<div class=\"wp-block-button aligncenter\"><a class=\"wp-block-button__link\" href=\"https:\/\/www.valg.no\/valglokaler\/valglokaler2\/stemme-pa-valgdagen\/?mpid=5001\" target=\"_blank\" rel=\"noreferrer noopener\">valglokaler p\u00e5 valgdagen<\/a><\/div>\n<\/div>\n\n\n\n<p class=\"has-text-align-center\"><strong>Husk \u00e5 ta med legitimasjon n\u00e5r du skal stemme. Godt valg!<\/strong><\/p>\n\n<\/div><\/div>\n\n<div class=\"tags\">\n\t<\/div>\n<div class=\"post-footer alignfull has-background block-editor-block-list__block\" data-align=full>\n\t<div class=\"post-footer-inner\">\n\t\t<h3>Relaterte artikler<\/h3>\n\t\t<div class=\"related-content\"><div class=\"is-card-hoyre\">\n\t<div class=\"teft-card hoyre-teft-card post-teft-card\">\n\t\t<a href=\"https:\/\/hoyre.no\/trondheim\/aktuelt\/flertallsbudsjett-i-trondheim\/\" class=\"teft-card__primary-action\">\n\n\t\t\t<div class=\"teft-card__media teft-card__media--16-9 no-image\"><\/div>\n\t\t\t<div class=\"teft-card__content-wrapper\">\n\t\t\t\t<div class=\"teft-card__secondary\">\n\t\t\t\t\t\n\t\t\t\t\t\t\t\t<div class=\"teft-card__meta\">\n\t\t\t\t\t\t\t\t\t<span class=\"post-date\">11. des 2024<\/span>\n\n\t\t\t\t\t\t\t\t\t\t\t\t\t\t\t\t\t<\/div>\n\t\t\t\t\t\t\t\t\t\t\t<\/div>\n\n\t\t\t\t<div class=\"teft-card__primary\">\n\t\t\t\t\t<h2 class=\"teft-card__title\">FLERTALLSBUDSJETT I TRONDHEIM&nbsp;<span class=\"teft-card__primary-title-append\"><\/span><\/h2>\t\t\t\t<\/div>\n\t\t\t<\/div>\n\t\t<\/a>\n\t<\/div>\n\n\t<\/div><div class=\"is-card-hoyre\">\n\t<div class=\"teft-card hoyre-teft-card post-teft-card\">\n\t\t<a href=\"https:\/\/hoyre.no\/trondheim\/aktuelt\/trondheim-far-ny-politisk-ledelse\/\" class=\"teft-card__primary-action\">\n\n\t\t\t<div class=\"teft-card__media teft-card__media--16-9 no-image\"><\/div>\n\t\t\t<div class=\"teft-card__content-wrapper\">\n\t\t\t\t<div class=\"teft-card__secondary\">\n\t\t\t\t\t\n\t\t\t\t\t\t\t\t<div class=\"teft-card__meta\">\n\t\t\t\t\t\t\t\t\t<span class=\"post-date\">29. sep 2023<\/span>\n\n\t\t\t\t\t\t\t\t\t\t\t\t\t\t\t\t\t<\/div>\n\t\t\t\t\t\t\t\t\t\t\t<\/div>\n\n\t\t\t\t<div class=\"teft-card__primary\">\n\t\t\t\t\t<h2 class=\"teft-card__title\">Trondheim f\u00e5r ny politisk ledelse&nbsp;<span class=\"teft-card__primary-title-append\"><\/span><\/h2>\t\t\t\t<\/div>\n\t\t\t<\/div>\n\t\t<\/a>\n\t<\/div>\n\n\t<\/div><div class=\"is-card-hoyre\">\n\t<div class=\"teft-card hoyre-teft-card post-teft-card\">\n\t\t<a href=\"https:\/\/hoyre.no\/trondheim\/aktuelt\/hoyre-med-276-i-ny-maling\/\" class=\"teft-card__primary-action\">\n\n\t\t\t\t\t<div class=\"teft-card__media teft-card__media--16-9\">\n\t\t\t\t\t\t<img loading=\"lazy\" decoding=\"async\" width=\"768\" height=\"512\" src=\"https:\/\/hoyre.no\/content\/uploads\/sites\/272\/2023\/08\/nyKsDA_i-1-768x512.jpeg\" class=\"attachment-medium_large size-medium_large\" alt=\"\" srcset=\"https:\/\/hoyre.no\/content\/uploads\/sites\/272\/2023\/08\/nyKsDA_i-1-768x512.jpeg 768w, https:\/\/hoyre.no\/content\/uploads\/sites\/272\/2023\/08\/nyKsDA_i-1-300x200.jpeg 300w, https:\/\/hoyre.no\/content\/uploads\/sites\/272\/2023\/08\/nyKsDA_i-1-1024x683.jpeg 1024w, https:\/\/hoyre.no\/content\/uploads\/sites\/272\/2023\/08\/nyKsDA_i-1-1536x1024.jpeg 1536w, https:\/\/hoyre.no\/content\/uploads\/sites\/272\/2023\/08\/nyKsDA_i-1-2048x1365.jpeg 2048w\" sizes=\"auto, (max-width: 768px) 100vw, 768px\" \/>\t\t<\/div>\n\t\t\n\t\t\t<div class=\"teft-card__content-wrapper\">\n\t\t\t\t<div class=\"teft-card__secondary\">\n\t\t\t\t\t\n\t\t\t\t\t\t\t\t<div class=\"teft-card__meta\">\n\t\t\t\t\t\t\t\t\t<span class=\"post-date\">17. aug 2023<\/span>\n\n\t\t\t\t\t\t\t\t\t<span class=\"post-category\">Nyheter<\/span>\t\t\t\t\t\t\t\t<\/div>\n\t\t\t\t\t\t\t\t\t\t\t<\/div>\n\n\t\t\t\t<div class=\"teft-card__primary\">\n\t\t\t\t\t<h2 class=\"teft-card__title\">H\u00f8yre med 27,6% i ny m\u00e5ling&nbsp;<span class=\"teft-card__primary-title-append\"><\/span><\/h2>\t\t\t\t<\/div>\n\t\t\t<\/div>\n\t\t<\/a>\n\t<\/div>\n\n\t<\/div><\/div>\t<\/div>\n<\/div>\n","protected":false},"excerpt":{"rendered":"","protected":false},"author":29643,"featured_media":0,"comment_status":"closed","ping_status":"closed","sticky":false,"template":"","format":"standard","meta":{"teft_cards_image_url":"","teft_cards_custom_pretitle":"","teft_cards_image_id":681,"teft_cards_image_focal_point_x":0.5,"teft_cards_image_focal_point_y":0.5,"teft_cards_title":"","teft_cards_excerpt":"","teft_show_chapters":false,"author_display_name":"Trondheim H\u00f8yre","footnotes":""},"category":[1],"post_tag":[],"hoyre-visibility":[],"article-type":[],"politician":[],"class_list":["post-680","post","type-post","status-publish","format-standard","hentry","category-nyheter"],"yoast_head":"<!-- This site is optimized with the Yoast SEO plugin v26.6 - https:\/\/yoast.com\/wordpress\/plugins\/seo\/ -->\n<title>Kj\u00e6re studenter - velkommen til Trondheim! - Trondheim H\u00f8yre<\/title>\n<meta name=\"robots\" content=\"index, follow, max-snippet:-1, max-image-preview:large, max-video-preview:-1\" \/>\n<link rel=\"canonical\" href=\"https:\/\/hoyre.no\/trondheim\/aktuelt\/velkommen-til-trondheim\/\" \/>\n<meta property=\"og:locale\" content=\"nb_NO\" \/>\n<meta property=\"og:type\" content=\"article\" \/>\n<meta property=\"og:title\" content=\"Kj\u00e6re studenter - velkommen til Trondheim! - Trondheim H\u00f8yre\" \/>\n<meta property=\"og:url\" content=\"https:\/\/hoyre.no\/trondheim\/aktuelt\/velkommen-til-trondheim\/\" \/>\n<meta property=\"og:site_name\" content=\"Trondheim H\u00f8yre\" \/>\n<meta property=\"article:published_time\" content=\"2023-08-13T09:52:24+00:00\" \/>\n<meta property=\"article:modified_time\" content=\"2023-08-14T20:35:11+00:00\" \/>\n<meta property=\"og:image\" content=\"https:\/\/hoyre.no\/content\/uploads\/sites\/272\/2023\/08\/nyKsDA_i-1-1024x683.jpeg\" \/>\n<meta name=\"author\" content=\"Elias Eide\" \/>\n<meta name=\"twitter:card\" content=\"summary_large_image\" \/>\n<meta name=\"twitter:label1\" content=\"Skrevet av\" \/>\n\t<meta name=\"twitter:data1\" content=\"Elias Eide\" \/>\n\t<meta name=\"twitter:label2\" content=\"Ansl. lesetid\" \/>\n\t<meta name=\"twitter:data2\" content=\"2 minutter\" \/>\n<script type=\"application\/ld+json\" class=\"yoast-schema-graph\">{\"@context\":\"https:\/\/schema.org\",\"@graph\":[{\"@type\":\"NewsArticle\",\"@id\":\"https:\/\/hoyre.no\/trondheim\/aktuelt\/velkommen-til-trondheim\/\",\"url\":\"https:\/\/hoyre.no\/trondheim\/aktuelt\/velkommen-til-trondheim\/\",\"name\":\"Kj\u00e6re studenter - velkommen til Trondheim! - Trondheim H\u00f8yre\",\"isPartOf\":{\"@id\":\"https:\/\/hoyre.no\/trondheim\/#website\"},\"image\":{\"@id\":\"https:\/\/hoyre.no\/trondheim\/aktuelt\/velkommen-til-trondheim\/#primaryimage\"},\"thumbnailUrl\":\"https:\/\/hoyre.no\/content\/uploads\/sites\/272\/2023\/08\/20230812-IMG_8920-1024x683.jpg\",\"datePublished\":\"2023-08-13T09:52:24+00:00\",\"dateModified\":\"2023-08-14T20:35:11+00:00\",\"author\":{\"@id\":\"https:\/\/hoyre.no\/trondheim\/#\/schema\/person\/a62a20d5220c6fccf39f5073bb4aeca2\"},\"breadcrumb\":{\"@id\":\"https:\/\/hoyre.no\/trondheim\/aktuelt\/velkommen-til-trondheim\/#breadcrumb\"},\"inLanguage\":\"nb-NO\",\"potentialAction\":[{\"@type\":\"ReadAction\",\"target\":[\"https:\/\/hoyre.no\/trondheim\/aktuelt\/velkommen-til-trondheim\/\"]}]},{\"@type\":\"ImageObject\",\"inLanguage\":\"nb-NO\",\"@id\":\"https:\/\/hoyre.no\/trondheim\/aktuelt\/velkommen-til-trondheim\/#primaryimage\",\"url\":\"https:\/\/hoyre.no\/content\/uploads\/sites\/272\/2023\/08\/20230812-IMG_8920-1024x683.jpg\",\"contentUrl\":\"https:\/\/hoyre.no\/content\/uploads\/sites\/272\/2023\/08\/20230812-IMG_8920-1024x683.jpg\"},{\"@type\":\"BreadcrumbList\",\"@id\":\"https:\/\/hoyre.no\/trondheim\/aktuelt\/velkommen-til-trondheim\/#breadcrumb\",\"itemListElement\":[{\"@type\":\"ListItem\",\"position\":1,\"name\":\"Til hoyre.no\",\"item\":\"https:\/\/hoyre.no\"},{\"@type\":\"ListItem\",\"position\":2,\"name\":\"Hjem\",\"item\":\"https:\/\/hoyre.no\/trondheim\/\"},{\"@type\":\"ListItem\",\"position\":3,\"name\":\"Kj\u00e6re studenter &#8211; velkommen til Trondheim!\"}]},{\"@type\":\"WebSite\",\"@id\":\"https:\/\/hoyre.no\/trondheim\/#website\",\"url\":\"https:\/\/hoyre.no\/trondheim\/\",\"name\":\"Trondheim H\u00f8yre\",\"description\":\"Bare enda et H\u00f8yres nettsteder-nettsted\",\"inLanguage\":\"nb-NO\"},{\"@type\":\"Person\",\"@id\":\"https:\/\/hoyre.no\/trondheim\/#\/schema\/person\/a62a20d5220c6fccf39f5073bb4aeca2\",\"name\":\"Elias Eide\",\"image\":{\"@type\":\"ImageObject\",\"inLanguage\":\"nb-NO\",\"@id\":\"https:\/\/hoyre.no\/trondheim\/#\/schema\/person\/image\/\",\"url\":\"https:\/\/secure.gravatar.com\/avatar\/e58459efce1cee92773c25f907405b7381b572080c4222498554bdddac6b4e00?s=96&d=mm&r=g\",\"contentUrl\":\"https:\/\/secure.gravatar.com\/avatar\/e58459efce1cee92773c25f907405b7381b572080c4222498554bdddac6b4e00?s=96&d=mm&r=g\",\"caption\":\"Elias Eide\"},\"url\":\"https:\/\/hoyre.no\/trondheim\/aktuelt\/author\/m52040375\/\"}]}<\/script>\n<!-- \/ Yoast SEO plugin. -->","yoast_head_json":{"title":"Kj\u00e6re studenter - velkommen til Trondheim! - Trondheim H\u00f8yre","robots":{"index":"index","follow":"follow","max-snippet":"max-snippet:-1","max-image-preview":"max-image-preview:large","max-video-preview":"max-video-preview:-1"},"canonical":"https:\/\/hoyre.no\/trondheim\/aktuelt\/velkommen-til-trondheim\/","og_locale":"nb_NO","og_type":"article","og_title":"Kj\u00e6re studenter - velkommen til Trondheim! - Trondheim H\u00f8yre","og_url":"https:\/\/hoyre.no\/trondheim\/aktuelt\/velkommen-til-trondheim\/","og_site_name":"Trondheim H\u00f8yre","article_published_time":"2023-08-13T09:52:24+00:00","article_modified_time":"2023-08-14T20:35:11+00:00","og_image":[{"url":"https:\/\/hoyre.no\/content\/uploads\/sites\/272\/2023\/08\/nyKsDA_i-1-1024x683.jpeg","width":"","height":"","type":""}],"author":"Elias Eide","twitter_card":"summary_large_image","twitter_misc":{"Skrevet av":"Elias Eide","Ansl. lesetid":"2 minutter"},"schema":{"@context":"https:\/\/schema.org","@graph":[{"@type":"NewsArticle","@id":"https:\/\/hoyre.no\/trondheim\/aktuelt\/velkommen-til-trondheim\/","url":"https:\/\/hoyre.no\/trondheim\/aktuelt\/velkommen-til-trondheim\/","name":"Kj\u00e6re studenter - velkommen til Trondheim! - Trondheim H\u00f8yre","isPartOf":{"@id":"https:\/\/hoyre.no\/trondheim\/#website"},"image":{"@id":"https:\/\/hoyre.no\/trondheim\/aktuelt\/velkommen-til-trondheim\/#primaryimage"},"thumbnailUrl":"https:\/\/hoyre.no\/content\/uploads\/sites\/272\/2023\/08\/20230812-IMG_8920-1024x683.jpg","datePublished":"2023-08-13T09:52:24+00:00","dateModified":"2023-08-14T20:35:11+00:00","author":{"@id":"https:\/\/hoyre.no\/trondheim\/#\/schema\/person\/a62a20d5220c6fccf39f5073bb4aeca2"},"breadcrumb":{"@id":"https:\/\/hoyre.no\/trondheim\/aktuelt\/velkommen-til-trondheim\/#breadcrumb"},"inLanguage":"nb-NO","potentialAction":[{"@type":"ReadAction","target":["https:\/\/hoyre.no\/trondheim\/aktuelt\/velkommen-til-trondheim\/"]}]},{"@type":"ImageObject","inLanguage":"nb-NO","@id":"https:\/\/hoyre.no\/trondheim\/aktuelt\/velkommen-til-trondheim\/#primaryimage","url":"https:\/\/hoyre.no\/content\/uploads\/sites\/272\/2023\/08\/20230812-IMG_8920-1024x683.jpg","contentUrl":"https:\/\/hoyre.no\/content\/uploads\/sites\/272\/2023\/08\/20230812-IMG_8920-1024x683.jpg"},{"@type":"BreadcrumbList","@id":"https:\/\/hoyre.no\/trondheim\/aktuelt\/velkommen-til-trondheim\/#breadcrumb","itemListElement":[{"@type":"ListItem","position":1,"name":"Til hoyre.no","item":"https:\/\/hoyre.no"},{"@type":"ListItem","position":2,"name":"Hjem","item":"https:\/\/hoyre.no\/trondheim\/"},{"@type":"ListItem","position":3,"name":"Kj\u00e6re studenter &#8211; velkommen til Trondheim!"}]},{"@type":"WebSite","@id":"https:\/\/hoyre.no\/trondheim\/#website","url":"https:\/\/hoyre.no\/trondheim\/","name":"Trondheim H\u00f8yre","description":"Bare enda et H\u00f8yres nettsteder-nettsted","inLanguage":"nb-NO"},{"@type":"Person","@id":"https:\/\/hoyre.no\/trondheim\/#\/schema\/person\/a62a20d5220c6fccf39f5073bb4aeca2","name":"Elias Eide","image":{"@type":"ImageObject","inLanguage":"nb-NO","@id":"https:\/\/hoyre.no\/trondheim\/#\/schema\/person\/image\/","url":"https:\/\/secure.gravatar.com\/avatar\/e58459efce1cee92773c25f907405b7381b572080c4222498554bdddac6b4e00?s=96&d=mm&r=g","contentUrl":"https:\/\/secure.gravatar.com\/avatar\/e58459efce1cee92773c25f907405b7381b572080c4222498554bdddac6b4e00?s=96&d=mm&r=g","caption":"Elias Eide"},"url":"https:\/\/hoyre.no\/trondheim\/aktuelt\/author\/m52040375\/"}]}},"distributor_meta":false,"distributor_terms":false,"distributor_media":false,"distributor_original_site_name":"Trondheim H\u00f8yre","distributor_original_site_url":"https:\/\/hoyre.no\/trondheim","push-errors":false,"_links":{"self":[{"href":"https:\/\/hoyre.no\/trondheim\/wp-json\/wp\/v2\/posts\/680","targetHints":{"allow":["GET"]}}],"collection":[{"href":"https:\/\/hoyre.no\/trondheim\/wp-json\/wp\/v2\/posts"}],"about":[{"href":"https:\/\/hoyre.no\/trondheim\/wp-json\/wp\/v2\/types\/post"}],"author":[{"embeddable":true,"href":"https:\/\/hoyre.no\/trondheim\/wp-json\/wp\/v2\/users\/29643"}],"replies":[{"embeddable":true,"href":"https:\/\/hoyre.no\/trondheim\/wp-json\/wp\/v2\/comments?post=680"}],"version-history":[{"count":5,"href":"https:\/\/hoyre.no\/trondheim\/wp-json\/wp\/v2\/posts\/680\/revisions"}],"predecessor-version":[{"id":691,"href":"https:\/\/hoyre.no\/trondheim\/wp-json\/wp\/v2\/posts\/680\/revisions\/691"}],"wp:attachment":[{"href":"https:\/\/hoyre.no\/trondheim\/wp-json\/wp\/v2\/media?parent=680"}],"wp:term":[{"taxonomy":"category","embeddable":true,"href":"https:\/\/hoyre.no\/trondheim\/wp-json\/wp\/v2\/category?post=680"},{"taxonomy":"post_tag","embeddable":true,"href":"https:\/\/hoyre.no\/trondheim\/wp-json\/wp\/v2\/post_tag?post=680"},{"taxonomy":"hoyre-visibility","embeddable":true,"href":"https:\/\/hoyre.no\/trondheim\/wp-json\/wp\/v2\/hoyre-visibility?post=680"},{"taxonomy":"article-type","embeddable":true,"href":"https:\/\/hoyre.no\/trondheim\/wp-json\/wp\/v2\/article-type?post=680"},{"taxonomy":"politician","embeddable":true,"href":"https:\/\/hoyre.no\/trondheim\/wp-json\/wp\/v2\/politician?post=680"}],"curies":[{"name":"wp","href":"https:\/\/api.w.org\/{rel}","templated":true}]}}