{"id":715,"date":"2023-09-29T14:53:38","date_gmt":"2023-09-29T12:53:38","guid":{"rendered":"https:\/\/hoyre.no\/trondheim\/?p=715"},"modified":"2023-09-29T14:53:39","modified_gmt":"2023-09-29T12:53:39","slug":"trondheim-far-ny-politisk-ledelse","status":"publish","type":"post","link":"https:\/\/hoyre.no\/trondheim\/aktuelt\/trondheim-far-ny-politisk-ledelse\/","title":{"rendered":"Trondheim f\u00e5r ny politisk ledelse"},"content":{"rendered":"\n<p class=\"preamble\">Da er det endelig klart at det blir maktskifte i Trondheim. Avtalen mellom H\u00f8yre, Milj\u00f8partiet De Gr\u00f8nne, Venstre, Pensjonistpartiet, Senterpartiet og Kristelig Folkeparti er signert og Kent Ranum blir ordf\u00f8rer, mens venstres Erling Moe blir vara-ordf\u00f8rer.<\/p>\t\t\t<div class=\"post-meta wp-block teft-byline-wrapper\">\n\t\t\t\t<div class=\"top\">\n\t\t\t\t\t<div class=\"signature\">\n\t\t\t\t\t\t<div class=\"teft-byline\">\n\t\t\t\t\t\t\t\t\t\t\t\t\t\t<div>\n\t\t\t\t\t\t\t\t<h3>H\u00f8yres redaksjon<\/h3>\t\t\t\t\t\t\t\t\n\t\t\t\t\t\t\t\t\t\t\t\t\t\t\t\t\t<span class=\"date\">Sist oppdatert: 29. september 2023<\/span>\n\t\t\t\t\t\t\t\t\t\t\t\t\t\t\t\t\t\t\t\t\t\t\t\t\t<span class=\"reading-time\" itemprop=\"timeRequired\" content=\"PT4M\"><em>Ca. 4 minutter lesetid<\/em><\/span>\n\t\t\t\t\t\t\t\t\t\t\t\t\t\t\t<\/div>\n\t\t\t\t\t\t<\/div>\n\t\t\t\t\t<\/div>\n\t\t\t\t\t\t<div class=\"sharing\">\n\t\t<a class=\"share-button share-link copy-link\" data-copy=\"https:\/\/hoyre.no\/trondheim\/aktuelt\/trondheim-far-ny-politisk-ledelse\/\" target=\"_blank\"><span class=\"screen-reader-text\">Del link<\/span><\/a>\n\t\t<a class=\"share-button share-twitter\" href=\"http:\/\/twitter.com\/share?text=Trondheim f\u00e5r ny politisk ledelse&#038;url=https:\/\/hoyre.no\/trondheim\/aktuelt\/trondheim-far-ny-politisk-ledelse\/&#038;hashtags=Hoyre\" target=\"_blank\"><span class=\"screen-reader-text\">Del p\u00e5 twitter<\/span><\/a>\n\t\t<a class=\"share-button share-facebook\" href=\"https:\/\/www.facebook.com\/sharer\/sharer.php?u=https:\/\/hoyre.no\/trondheim\/aktuelt\/trondheim-far-ny-politisk-ledelse\/\" target=\"_blank\"><span class=\"screen-reader-text\">Del p\u00e5 facebook<\/span><\/a>\n\t<\/div>\n\t\t\t\t\t<\/div>\n\t\t\t<\/div>\n\n\t\t\t<figure class=\"hoyre-image-wrapper\"><div class=\"hoyre-image\"><img loading=\"lazy\" decoding=\"async\" width=\"2500\" height=\"1667\" src=\"https:\/\/hoyre.no\/content\/uploads\/sites\/272\/2023\/09\/DSC03788-scaled.jpg\" class=\"attachment-scaled size-scaled\" alt=\"\" style=\"object-position: 50% 50%\" srcset=\"https:\/\/hoyre.no\/content\/uploads\/sites\/272\/2023\/09\/DSC03788-scaled.jpg 2500w, https:\/\/hoyre.no\/content\/uploads\/sites\/272\/2023\/09\/DSC03788-300x200.jpg 300w, https:\/\/hoyre.no\/content\/uploads\/sites\/272\/2023\/09\/DSC03788-1024x683.jpg 1024w, https:\/\/hoyre.no\/content\/uploads\/sites\/272\/2023\/09\/DSC03788-768x512.jpg 768w, https:\/\/hoyre.no\/content\/uploads\/sites\/272\/2023\/09\/DSC03788-1536x1024.jpg 1536w, https:\/\/hoyre.no\/content\/uploads\/sites\/272\/2023\/09\/DSC03788-2048x1365.jpg 2048w\" sizes=\"auto, (max-width: 2500px) 100vw, 2500px\" \/><\/div><figcaption class=\"caption\">Vegard Fenes(SP), Majen S\u00e6vik (KrF). Erling Moe (V), Kent Ranum (H), Morten Kokaas (PP) og Line Fj\u00f8rstad (MdG). <\/figcaption><\/figure>\n\n\n\n\n<p>Med dette skal vi f\u00f8re Trondheim i en ny retning. Kommunen skal blir mer \u00e5pen og inkluderende og vi skal ta alle krefter i bruk for at innbyggerne v\u00e5re skal f\u00e5 leve gode, fullverdige liv, hele livet, i hele kommunen.<\/p>\n\n\n\n<p>&nbsp;&nbsp;&nbsp;&nbsp;&nbsp;&nbsp;&nbsp;&nbsp;&nbsp;&nbsp;&nbsp;&nbsp;&nbsp;&nbsp;&nbsp;&nbsp;&nbsp;&nbsp;&nbsp;&nbsp;&nbsp;&nbsp;&nbsp;&nbsp;&nbsp;&nbsp;&nbsp; -Jeg er veldig glad og stolt over at disse partiene er blitt enige om hvordan vi skal gj\u00f8re den gode byen v\u00e5r enda bedre. H\u00f8yre gjorde et historisk godt valg, og ble byens klart st\u00f8rste parti. Det var naturlig for oss \u00e5 ta ansvar for at byen f\u00e5r en ny retning, der vi skal ta alle gode krefter i bruk, og sikre en bedre balanse mellom n\u00e6ringslivets behov og klima, natur og byutvikling, sier Kent Ranum.<\/p>\n\n\n\n<p>Byen skal bli gr\u00f8nnere, mer nyskapende og mer levende, og den skal bli kliman\u00f8ytral innen 2030. Vi skal ta vare p\u00e5 naturen, fjorden og livsgrunnlaget v\u00e5rt. Trondheim kommunes klimastrategi skal videreutvikles slik at den inkluderer hvordan privat n\u00e6ringsliv kan akselerere utslippskutt. Vi skal lede an som kunnskaps- og teknologihovedstad i Norge. Trondheim skal v\u00e6re ledestjerne for moderne byutvikling i Norge.<\/p>\n\n\n\n<p>I Trondheim skal det bli mer byliv, b\u00e5de i Midtbyen, sentrum og ute i bydelene. Det blir en bedre by for menneskene og n\u00e6ringslivet, og mer rom for kultur og aktivitet. Kollektivtilbudet blir mer tilgjengelig gjennom flere avganger, s\u00e6rlig i ytre bydeler, og det innf\u00f8res \u201csmart prismodell\u201d for enkeltbilletter og vi redusere prisen for studenter.<\/p>\n\n\n\n<p>Gode helse- og velferdstjenester til alle innbyggere er viktig og det skal vi f\u00e5 ved \u00e5 ta bedre vare p\u00e5 alle som har behov for helse- og omsorgstjenester. Grunnbemanningen i eldreomsorgen skal opp, det skal bygges flere varierte boformer for eldre, og det innf\u00f8res fritt brukervalg i hjemmetjenesten betalt av det offentlige. Vi skal jobbe for et verdig bo- og aktivitetstilbud til innbyggere med funksjonsnedsettelse. Unge som sliter med rus og psykiske problemer skal f\u00e5 mer tilgjengelig og variert hjelp. Kommunen skal gjennomf\u00f8re pilotprosjektet \u201cEt enklere Nav\u201d for bedre oppf\u00f8lging av ungdom utenfor utdanning og arbeid.<\/p>\n\n\n\n<p>-Ranum sier videre at H\u00f8yre er sv\u00e6rt godt forn\u00f8yd med at elevene skal oppleve en skole med mestring, l\u00e6ring og trivsel, at det blir flere ansatte i eldreomsorgen og at \u00f8kningen i eiendomsskatten skal stoppes. &nbsp;&nbsp;&nbsp;&nbsp;&nbsp;&nbsp;&nbsp;&nbsp;&nbsp; &nbsp;<\/p>\n\n\n\n<p>Eiendomsskatten skal holdes nede, og den skal reduseres hvis den \u00f8konomiske situasjonen tillater det. Mer n\u00e6ringsareal skal tilgjengeliggj\u00f8res og vi skal ha forutsigbare og gode rammevilk\u00e5r for n\u00e6ringslivet.<\/p>\n\n\n\n<p>Det skal bli flere lekeplasser og mer beplantning. Det skal iverksettes en kraftsatsing p\u00e5 fotgjengere, syklister og kollektivtrafikken for \u00e5 kunne bli en kliman\u00f8ytral by i 2030. Gr\u00f8nn strek skal ligge fast. Vi vil gradvis erstatte gjennomgangstrafikken og gateparkeringen i sentrum, med flere bilfrie gater og soner som kan fylles med byliv. Vi skal jobbe for \u00e5 forlenge Gr\u00e5kallbanen og arbeide for \u00e5 innf\u00f8re bytog p\u00e5 strekningen Skansen, Marienborg, Lerkendal, Leangen, Lademoen og Sentralstasjonen.<\/p>\n\n\n\n<p>Kommunen skal v\u00e6re en st\u00f8ttespiller for kulturlivet, frivilligheten og idretten slik at alle har muligheten til \u00e5 delta. Partiene vil bla innf\u00f8re et fritidskort p\u00e5 2000 kroner for alle ungdomsskoleelever, realisere bydelsbasseng \u00d8st, bygge ny ishall p\u00e5 Tiller og bygge ny Charlottenlund kirke.<\/p>\n\n\n\n<p>Vi skal skape en skole der alle elever opplever mestring, l\u00e6ring og trivsel.<\/p>\n\n\n\n<p>Trygg \u00f8konomisk styring og budsjettbalanse gjennom hele valgperioden er en forutsetning for den nye samarbeidsplattformen, og forvalteransvaret hviler p\u00e5 v\u00e5re skuldre. Det ansvaret skal Trondheim H\u00f8yre og resten av koalisjonen i Trondheim ta.<\/p>\n\n\n\n<p><strong>Innf\u00f8rer parlamentarisme<\/strong><\/p>\n\n\n\n<p>Partene er blitt enige om at det endelig skal innf\u00f8res parlamentarisk styreform fra og h\u00f8sten 2024. Det har v\u00e6rt flertall for dette i en \u00e5rrekke, men venstresiden har aldri greid \u00e5 innf\u00f8re det. N\u00e5 tar de borgerlige partene og MDG grep. Frem til parlamentarisme er innf\u00f8rt, styres kommunen etter formannskapsmodellen.<\/p>\n\n\n\n<div class=\"wp-block-teft-file icon-link-block\"><a href=\"https:\/\/hoyre.no\/content\/uploads\/sites\/272\/2023\/09\/Samarbeidsplattform-sentrum-Hoyre-2023-2027-digital-versjon.pdf\" download><span class=\"file-title\">Samarbeidsplattform 2023-2027<\/span><span class=\"file-name\"><\/span><\/a><\/div>\n\n\n\n<figure class=\"wp-block-image size-large\"><img loading=\"lazy\" decoding=\"async\" width=\"1024\" height=\"683\" src=\"https:\/\/hoyre.no\/content\/uploads\/sites\/272\/2023\/09\/DSC03796-1024x683.jpg\" alt=\"\" class=\"wp-image-718\" srcset=\"https:\/\/hoyre.no\/content\/uploads\/sites\/272\/2023\/09\/DSC03796-1024x683.jpg 1024w, https:\/\/hoyre.no\/content\/uploads\/sites\/272\/2023\/09\/DSC03796-300x200.jpg 300w, https:\/\/hoyre.no\/content\/uploads\/sites\/272\/2023\/09\/DSC03796-768x512.jpg 768w, https:\/\/hoyre.no\/content\/uploads\/sites\/272\/2023\/09\/DSC03796-1536x1024.jpg 1536w, https:\/\/hoyre.no\/content\/uploads\/sites\/272\/2023\/09\/DSC03796-2048x1365.jpg 2048w\" sizes=\"auto, (max-width: 1024px) 100vw, 1024px\" \/><\/figure>\n\n\n\n<p><\/p>\n\n\n<div class=\"tags\">\n\t<\/div>\n<div class=\"post-footer alignfull has-background block-editor-block-list__block\" data-align=full>\n\t<div class=\"post-footer-inner\">\n\t\t<h3>Relaterte artikler<\/h3>\n\t\t<div class=\"related-content\"><div class=\"is-card-hoyre\">\n\t<div class=\"teft-card hoyre-teft-card post-teft-card\">\n\t\t<a href=\"https:\/\/hoyre.no\/trondheim\/aktuelt\/flertallsbudsjett-i-trondheim\/\" class=\"teft-card__primary-action\">\n\n\t\t\t<div class=\"teft-card__media teft-card__media--16-9 no-image\"><\/div>\n\t\t\t<div class=\"teft-card__content-wrapper\">\n\t\t\t\t<div class=\"teft-card__secondary\">\n\t\t\t\t\t\n\t\t\t\t\t\t\t\t<div class=\"teft-card__meta\">\n\t\t\t\t\t\t\t\t\t<span class=\"post-date\">11. des 2024<\/span>\n\n\t\t\t\t\t\t\t\t\t\t\t\t\t\t\t\t\t<\/div>\n\t\t\t\t\t\t\t\t\t\t\t<\/div>\n\n\t\t\t\t<div class=\"teft-card__primary\">\n\t\t\t\t\t<h2 class=\"teft-card__title\">FLERTALLSBUDSJETT I TRONDHEIM&nbsp;<span class=\"teft-card__primary-title-append\"><\/span><\/h2>\t\t\t\t<\/div>\n\t\t\t<\/div>\n\t\t<\/a>\n\t<\/div>\n\n\t<\/div><div class=\"is-card-hoyre\">\n\t<div class=\"teft-card hoyre-teft-card post-teft-card\">\n\t\t<a href=\"https:\/\/hoyre.no\/trondheim\/aktuelt\/hoyre-med-276-i-ny-maling\/\" class=\"teft-card__primary-action\">\n\n\t\t\t\t\t<div class=\"teft-card__media teft-card__media--16-9\">\n\t\t\t\t\t\t<img loading=\"lazy\" decoding=\"async\" width=\"768\" height=\"512\" src=\"https:\/\/hoyre.no\/content\/uploads\/sites\/272\/2023\/08\/nyKsDA_i-1-768x512.jpeg\" class=\"attachment-medium_large size-medium_large\" alt=\"\" srcset=\"https:\/\/hoyre.no\/content\/uploads\/sites\/272\/2023\/08\/nyKsDA_i-1-768x512.jpeg 768w, https:\/\/hoyre.no\/content\/uploads\/sites\/272\/2023\/08\/nyKsDA_i-1-300x200.jpeg 300w, https:\/\/hoyre.no\/content\/uploads\/sites\/272\/2023\/08\/nyKsDA_i-1-1024x683.jpeg 1024w, https:\/\/hoyre.no\/content\/uploads\/sites\/272\/2023\/08\/nyKsDA_i-1-1536x1024.jpeg 1536w, https:\/\/hoyre.no\/content\/uploads\/sites\/272\/2023\/08\/nyKsDA_i-1-2048x1365.jpeg 2048w\" sizes=\"auto, (max-width: 768px) 100vw, 768px\" \/>\t\t<\/div>\n\t\t\n\t\t\t<div class=\"teft-card__content-wrapper\">\n\t\t\t\t<div class=\"teft-card__secondary\">\n\t\t\t\t\t\n\t\t\t\t\t\t\t\t<div class=\"teft-card__meta\">\n\t\t\t\t\t\t\t\t\t<span class=\"post-date\">17. aug 2023<\/span>\n\n\t\t\t\t\t\t\t\t\t<span class=\"post-category\">Nyheter<\/span>\t\t\t\t\t\t\t\t<\/div>\n\t\t\t\t\t\t\t\t\t\t\t<\/div>\n\n\t\t\t\t<div class=\"teft-card__primary\">\n\t\t\t\t\t<h2 class=\"teft-card__title\">H\u00f8yre med 27,6% i ny m\u00e5ling&nbsp;<span class=\"teft-card__primary-title-append\"><\/span><\/h2>\t\t\t\t<\/div>\n\t\t\t<\/div>\n\t\t<\/a>\n\t<\/div>\n\n\t<\/div><div class=\"is-card-hoyre\">\n\t<div class=\"teft-card hoyre-teft-card post-teft-card\">\n\t\t<a href=\"https:\/\/hoyre.no\/trondheim\/aktuelt\/velkommen-til-trondheim\/\" class=\"teft-card__primary-action\">\n\n\t\t\t\t\t<div class=\"teft-card__media teft-card__media--16-9\">\n\t\t\t\t\t\t<img loading=\"lazy\" decoding=\"async\" width=\"768\" height=\"512\" src=\"https:\/\/hoyre.no\/content\/uploads\/sites\/272\/2023\/08\/Erna-Solberg-valgkamptur-Oslo-Sandvika-Lillestrom-Trondheim-foto-Hans-Kristian-Thorbjornsen-8173-768x512.jpg\" class=\"attachment-medium_large size-medium_large\" alt=\"\" srcset=\"https:\/\/hoyre.no\/content\/uploads\/sites\/272\/2023\/08\/Erna-Solberg-valgkamptur-Oslo-Sandvika-Lillestrom-Trondheim-foto-Hans-Kristian-Thorbjornsen-8173-768x512.jpg 768w, https:\/\/hoyre.no\/content\/uploads\/sites\/272\/2023\/08\/Erna-Solberg-valgkamptur-Oslo-Sandvika-Lillestrom-Trondheim-foto-Hans-Kristian-Thorbjornsen-8173-300x200.jpg 300w, https:\/\/hoyre.no\/content\/uploads\/sites\/272\/2023\/08\/Erna-Solberg-valgkamptur-Oslo-Sandvika-Lillestrom-Trondheim-foto-Hans-Kristian-Thorbjornsen-8173-1024x683.jpg 1024w, https:\/\/hoyre.no\/content\/uploads\/sites\/272\/2023\/08\/Erna-Solberg-valgkamptur-Oslo-Sandvika-Lillestrom-Trondheim-foto-Hans-Kristian-Thorbjornsen-8173-1536x1024.jpg 1536w, https:\/\/hoyre.no\/content\/uploads\/sites\/272\/2023\/08\/Erna-Solberg-valgkamptur-Oslo-Sandvika-Lillestrom-Trondheim-foto-Hans-Kristian-Thorbjornsen-8173-2048x1365.jpg 2048w\" sizes=\"auto, (max-width: 768px) 100vw, 768px\" \/>\t\t<\/div>\n\t\t\n\t\t\t<div class=\"teft-card__content-wrapper\">\n\t\t\t\t<div class=\"teft-card__secondary\">\n\t\t\t\t\t\n\t\t\t\t\t\t\t\t<div class=\"teft-card__meta\">\n\t\t\t\t\t\t\t\t\t<span class=\"post-date\">13. aug 2023<\/span>\n\n\t\t\t\t\t\t\t\t\t<span class=\"post-category\">Nyheter<\/span>\t\t\t\t\t\t\t\t<\/div>\n\t\t\t\t\t\t\t\t\t\t\t<\/div>\n\n\t\t\t\t<div class=\"teft-card__primary\">\n\t\t\t\t\t<h2 class=\"teft-card__title\">Kj\u00e6re studenter &#8211; velkommen til Trondheim!&nbsp;<span class=\"teft-card__primary-title-append\"><\/span><\/h2>\t\t\t\t<\/div>\n\t\t\t<\/div>\n\t\t<\/a>\n\t<\/div>\n\n\t<\/div><\/div>\t<\/div>\n<\/div>\n","protected":false},"excerpt":{"rendered":"","protected":false},"author":11407,"featured_media":0,"comment_status":"closed","ping_status":"closed","sticky":false,"template":"","format":"standard","meta":{"teft_cards_image_url":"","teft_cards_custom_pretitle":"","teft_cards_image_id":0,"teft_cards_image_focal_point_x":0,"teft_cards_image_focal_point_y":0,"teft_cards_title":"","teft_cards_excerpt":"","teft_show_chapters":false,"author_display_name":"","footnotes":""},"category":[1],"post_tag":[],"hoyre-visibility":[],"article-type":[],"politician":[],"class_list":["post-715","post","type-post","status-publish","format-standard","hentry","category-nyheter"],"yoast_head":"<!-- This site is optimized with the Yoast SEO plugin v26.6 - https:\/\/yoast.com\/wordpress\/plugins\/seo\/ -->\n<title>Trondheim f\u00e5r ny politisk ledelse - Trondheim H\u00f8yre<\/title>\n<meta name=\"robots\" content=\"index, follow, max-snippet:-1, max-image-preview:large, max-video-preview:-1\" \/>\n<link rel=\"canonical\" href=\"https:\/\/hoyre.no\/trondheim\/aktuelt\/trondheim-far-ny-politisk-ledelse\/\" \/>\n<meta property=\"og:locale\" content=\"nb_NO\" \/>\n<meta property=\"og:type\" content=\"article\" \/>\n<meta property=\"og:title\" content=\"Trondheim f\u00e5r ny politisk ledelse - Trondheim H\u00f8yre\" \/>\n<meta property=\"og:url\" content=\"https:\/\/hoyre.no\/trondheim\/aktuelt\/trondheim-far-ny-politisk-ledelse\/\" \/>\n<meta property=\"og:site_name\" content=\"Trondheim H\u00f8yre\" \/>\n<meta property=\"article:published_time\" content=\"2023-09-29T12:53:38+00:00\" \/>\n<meta property=\"article:modified_time\" content=\"2023-09-29T12:53:39+00:00\" \/>\n<meta property=\"og:image\" content=\"https:\/\/hoyre.no\/content\/uploads\/sites\/272\/2023\/08\/Erna-Solberg-valgkamptur-Oslo-Sandvika-Lillestrom-Trondheim-foto-Hans-Kristian-Thorbjornsen-8173-1024x683.jpg\" \/>\n<meta name=\"author\" content=\"Aimee Leistad\" \/>\n<meta name=\"twitter:card\" content=\"summary_large_image\" \/>\n<meta name=\"twitter:label1\" content=\"Skrevet av\" \/>\n\t<meta name=\"twitter:data1\" content=\"Aimee Leistad\" \/>\n\t<meta name=\"twitter:label2\" content=\"Ansl. lesetid\" \/>\n\t<meta name=\"twitter:data2\" content=\"4 minutter\" \/>\n<script type=\"application\/ld+json\" class=\"yoast-schema-graph\">{\"@context\":\"https:\/\/schema.org\",\"@graph\":[{\"@type\":\"NewsArticle\",\"@id\":\"https:\/\/hoyre.no\/trondheim\/aktuelt\/trondheim-far-ny-politisk-ledelse\/\",\"url\":\"https:\/\/hoyre.no\/trondheim\/aktuelt\/trondheim-far-ny-politisk-ledelse\/\",\"name\":\"Trondheim f\u00e5r ny politisk ledelse - Trondheim H\u00f8yre\",\"isPartOf\":{\"@id\":\"https:\/\/hoyre.no\/trondheim\/#website\"},\"image\":{\"@id\":\"https:\/\/hoyre.no\/trondheim\/aktuelt\/trondheim-far-ny-politisk-ledelse\/#primaryimage\"},\"thumbnailUrl\":\"https:\/\/hoyre.no\/content\/uploads\/sites\/272\/2023\/09\/DSC03796-1024x683.jpg\",\"datePublished\":\"2023-09-29T12:53:38+00:00\",\"dateModified\":\"2023-09-29T12:53:39+00:00\",\"author\":{\"@id\":\"https:\/\/hoyre.no\/trondheim\/#\/schema\/person\/3118033a691135bc9b720c7a62033447\"},\"breadcrumb\":{\"@id\":\"https:\/\/hoyre.no\/trondheim\/aktuelt\/trondheim-far-ny-politisk-ledelse\/#breadcrumb\"},\"inLanguage\":\"nb-NO\",\"potentialAction\":[{\"@type\":\"ReadAction\",\"target\":[\"https:\/\/hoyre.no\/trondheim\/aktuelt\/trondheim-far-ny-politisk-ledelse\/\"]}]},{\"@type\":\"ImageObject\",\"inLanguage\":\"nb-NO\",\"@id\":\"https:\/\/hoyre.no\/trondheim\/aktuelt\/trondheim-far-ny-politisk-ledelse\/#primaryimage\",\"url\":\"https:\/\/hoyre.no\/content\/uploads\/sites\/272\/2023\/09\/DSC03796-1024x683.jpg\",\"contentUrl\":\"https:\/\/hoyre.no\/content\/uploads\/sites\/272\/2023\/09\/DSC03796-1024x683.jpg\"},{\"@type\":\"BreadcrumbList\",\"@id\":\"https:\/\/hoyre.no\/trondheim\/aktuelt\/trondheim-far-ny-politisk-ledelse\/#breadcrumb\",\"itemListElement\":[{\"@type\":\"ListItem\",\"position\":1,\"name\":\"Til hoyre.no\",\"item\":\"https:\/\/hoyre.no\"},{\"@type\":\"ListItem\",\"position\":2,\"name\":\"Hjem\",\"item\":\"https:\/\/hoyre.no\/trondheim\/\"},{\"@type\":\"ListItem\",\"position\":3,\"name\":\"Trondheim f\u00e5r ny politisk ledelse\"}]},{\"@type\":\"WebSite\",\"@id\":\"https:\/\/hoyre.no\/trondheim\/#website\",\"url\":\"https:\/\/hoyre.no\/trondheim\/\",\"name\":\"Trondheim H\u00f8yre\",\"description\":\"Bare enda et H\u00f8yres nettsteder-nettsted\",\"inLanguage\":\"nb-NO\"},{\"@type\":\"Person\",\"@id\":\"https:\/\/hoyre.no\/trondheim\/#\/schema\/person\/3118033a691135bc9b720c7a62033447\",\"name\":\"Aimee Leistad\",\"image\":{\"@type\":\"ImageObject\",\"inLanguage\":\"nb-NO\",\"@id\":\"https:\/\/hoyre.no\/trondheim\/#\/schema\/person\/image\/\",\"url\":\"https:\/\/secure.gravatar.com\/avatar\/6ef36d235ee749dbb49bd0098f1e4745c51565b399f0abc12afa15996bb600ea?s=96&d=mm&r=g\",\"contentUrl\":\"https:\/\/secure.gravatar.com\/avatar\/6ef36d235ee749dbb49bd0098f1e4745c51565b399f0abc12afa15996bb600ea?s=96&d=mm&r=g\",\"caption\":\"Aimee Leistad\"},\"url\":\"https:\/\/hoyre.no\/trondheim\/aktuelt\/author\/m50052356\/\"}]}<\/script>\n<!-- \/ Yoast SEO plugin. -->","yoast_head_json":{"title":"Trondheim f\u00e5r ny politisk ledelse - Trondheim H\u00f8yre","robots":{"index":"index","follow":"follow","max-snippet":"max-snippet:-1","max-image-preview":"max-image-preview:large","max-video-preview":"max-video-preview:-1"},"canonical":"https:\/\/hoyre.no\/trondheim\/aktuelt\/trondheim-far-ny-politisk-ledelse\/","og_locale":"nb_NO","og_type":"article","og_title":"Trondheim f\u00e5r ny politisk ledelse - Trondheim H\u00f8yre","og_url":"https:\/\/hoyre.no\/trondheim\/aktuelt\/trondheim-far-ny-politisk-ledelse\/","og_site_name":"Trondheim H\u00f8yre","article_published_time":"2023-09-29T12:53:38+00:00","article_modified_time":"2023-09-29T12:53:39+00:00","og_image":[{"url":"https:\/\/hoyre.no\/content\/uploads\/sites\/272\/2023\/08\/Erna-Solberg-valgkamptur-Oslo-Sandvika-Lillestrom-Trondheim-foto-Hans-Kristian-Thorbjornsen-8173-1024x683.jpg","width":"","height":"","type":""}],"author":"Aimee Leistad","twitter_card":"summary_large_image","twitter_misc":{"Skrevet av":"Aimee Leistad","Ansl. lesetid":"4 minutter"},"schema":{"@context":"https:\/\/schema.org","@graph":[{"@type":"NewsArticle","@id":"https:\/\/hoyre.no\/trondheim\/aktuelt\/trondheim-far-ny-politisk-ledelse\/","url":"https:\/\/hoyre.no\/trondheim\/aktuelt\/trondheim-far-ny-politisk-ledelse\/","name":"Trondheim f\u00e5r ny politisk ledelse - Trondheim H\u00f8yre","isPartOf":{"@id":"https:\/\/hoyre.no\/trondheim\/#website"},"image":{"@id":"https:\/\/hoyre.no\/trondheim\/aktuelt\/trondheim-far-ny-politisk-ledelse\/#primaryimage"},"thumbnailUrl":"https:\/\/hoyre.no\/content\/uploads\/sites\/272\/2023\/09\/DSC03796-1024x683.jpg","datePublished":"2023-09-29T12:53:38+00:00","dateModified":"2023-09-29T12:53:39+00:00","author":{"@id":"https:\/\/hoyre.no\/trondheim\/#\/schema\/person\/3118033a691135bc9b720c7a62033447"},"breadcrumb":{"@id":"https:\/\/hoyre.no\/trondheim\/aktuelt\/trondheim-far-ny-politisk-ledelse\/#breadcrumb"},"inLanguage":"nb-NO","potentialAction":[{"@type":"ReadAction","target":["https:\/\/hoyre.no\/trondheim\/aktuelt\/trondheim-far-ny-politisk-ledelse\/"]}]},{"@type":"ImageObject","inLanguage":"nb-NO","@id":"https:\/\/hoyre.no\/trondheim\/aktuelt\/trondheim-far-ny-politisk-ledelse\/#primaryimage","url":"https:\/\/hoyre.no\/content\/uploads\/sites\/272\/2023\/09\/DSC03796-1024x683.jpg","contentUrl":"https:\/\/hoyre.no\/content\/uploads\/sites\/272\/2023\/09\/DSC03796-1024x683.jpg"},{"@type":"BreadcrumbList","@id":"https:\/\/hoyre.no\/trondheim\/aktuelt\/trondheim-far-ny-politisk-ledelse\/#breadcrumb","itemListElement":[{"@type":"ListItem","position":1,"name":"Til hoyre.no","item":"https:\/\/hoyre.no"},{"@type":"ListItem","position":2,"name":"Hjem","item":"https:\/\/hoyre.no\/trondheim\/"},{"@type":"ListItem","position":3,"name":"Trondheim f\u00e5r ny politisk ledelse"}]},{"@type":"WebSite","@id":"https:\/\/hoyre.no\/trondheim\/#website","url":"https:\/\/hoyre.no\/trondheim\/","name":"Trondheim H\u00f8yre","description":"Bare enda et H\u00f8yres nettsteder-nettsted","inLanguage":"nb-NO"},{"@type":"Person","@id":"https:\/\/hoyre.no\/trondheim\/#\/schema\/person\/3118033a691135bc9b720c7a62033447","name":"Aimee Leistad","image":{"@type":"ImageObject","inLanguage":"nb-NO","@id":"https:\/\/hoyre.no\/trondheim\/#\/schema\/person\/image\/","url":"https:\/\/secure.gravatar.com\/avatar\/6ef36d235ee749dbb49bd0098f1e4745c51565b399f0abc12afa15996bb600ea?s=96&d=mm&r=g","contentUrl":"https:\/\/secure.gravatar.com\/avatar\/6ef36d235ee749dbb49bd0098f1e4745c51565b399f0abc12afa15996bb600ea?s=96&d=mm&r=g","caption":"Aimee Leistad"},"url":"https:\/\/hoyre.no\/trondheim\/aktuelt\/author\/m50052356\/"}]}},"distributor_meta":false,"distributor_terms":false,"distributor_media":false,"distributor_original_site_name":"Trondheim H\u00f8yre","distributor_original_site_url":"https:\/\/hoyre.no\/trondheim","push-errors":false,"_links":{"self":[{"href":"https:\/\/hoyre.no\/trondheim\/wp-json\/wp\/v2\/posts\/715","targetHints":{"allow":["GET"]}}],"collection":[{"href":"https:\/\/hoyre.no\/trondheim\/wp-json\/wp\/v2\/posts"}],"about":[{"href":"https:\/\/hoyre.no\/trondheim\/wp-json\/wp\/v2\/types\/post"}],"author":[{"embeddable":true,"href":"https:\/\/hoyre.no\/trondheim\/wp-json\/wp\/v2\/users\/11407"}],"replies":[{"embeddable":true,"href":"https:\/\/hoyre.no\/trondheim\/wp-json\/wp\/v2\/comments?post=715"}],"version-history":[{"count":1,"href":"https:\/\/hoyre.no\/trondheim\/wp-json\/wp\/v2\/posts\/715\/revisions"}],"predecessor-version":[{"id":719,"href":"https:\/\/hoyre.no\/trondheim\/wp-json\/wp\/v2\/posts\/715\/revisions\/719"}],"wp:attachment":[{"href":"https:\/\/hoyre.no\/trondheim\/wp-json\/wp\/v2\/media?parent=715"}],"wp:term":[{"taxonomy":"category","embeddable":true,"href":"https:\/\/hoyre.no\/trondheim\/wp-json\/wp\/v2\/category?post=715"},{"taxonomy":"post_tag","embeddable":true,"href":"https:\/\/hoyre.no\/trondheim\/wp-json\/wp\/v2\/post_tag?post=715"},{"taxonomy":"hoyre-visibility","embeddable":true,"href":"https:\/\/hoyre.no\/trondheim\/wp-json\/wp\/v2\/hoyre-visibility?post=715"},{"taxonomy":"article-type","embeddable":true,"href":"https:\/\/hoyre.no\/trondheim\/wp-json\/wp\/v2\/article-type?post=715"},{"taxonomy":"politician","embeddable":true,"href":"https:\/\/hoyre.no\/trondheim\/wp-json\/wp\/v2\/politician?post=715"}],"curies":[{"name":"wp","href":"https:\/\/api.w.org\/{rel}","templated":true}]}}