{"id":244,"date":"2023-09-14T20:08:04","date_gmt":"2023-09-14T18:08:04","guid":{"rendered":"https:\/\/hoyre.no\/trysil\/?p=244"},"modified":"2023-09-14T20:10:49","modified_gmt":"2023-09-14T18:10:49","slug":"bjarte-blir-varaordforer","status":"publish","type":"post","link":"https:\/\/hoyre.no\/trysil\/aktuelt\/bjarte-blir-varaordforer\/","title":{"rendered":"Bjarte blir varaordf\u00f8rer!"},"content":{"rendered":"\n<p class=\"preamble\">Vi er sv\u00e6rt glade for \u00e5 kunne fortelle at vi har inng\u00e5tt avtale om samarbeid mellom Trysil H\u00f8yre, Trysil Arbeiderparti og Trysil Fremskrittsparti for kommende kommunestyreperiode.<\/p>\n\n\n\n<p><\/p>\n\n\n\n<p>V\u00e5r nye varaordf\u00f8rer blir Bjarte Wigdel, Trysil H\u00f8yre. Ny ordf\u00f8rer blir Turid Backe-Viken, Trysil Arbeiderparti. Trysil H\u00f8yre f\u00e5r ogs\u00e5 leder for det nye hovedutvalg for drift og forvaltning. (Som erstatter de tre tidligere sektorutvalgene) Nestleder for dette utvalget g\u00e5r til Trysil Frp.&nbsp;<\/p>\n\n\n\n<p>I formannskapet og det nye hovedutvalget f\u00e5r Trysil H\u00f8yre to representanter, Trysil Arbeiderparti f\u00e5r to representanter og Trysil Fremskrittsparti f\u00e5r en representant.<\/p>\n\n\n\n<p><strong>Vi gratulerer Turid og Bjarte med de nye vervene og \u00f8nsker lykke til med det viktige arbeidet fremover.<\/strong><\/p>\n\n\n\n\n<p><\/p>\n\n\n<div class=\"tags\">\n\t<\/div>\n<div class=\"post-footer alignfull has-background block-editor-block-list__block\" data-align=full>\n\t<div class=\"post-footer-inner\">\n\t\t<h3>Relaterte artikler<\/h3>\n\t\t<div class=\"related-content\"><div class=\"is-card-hoyre\">\n\t<div class=\"teft-card hoyre-teft-card post-teft-card\">\n\t\t<a href=\"https:\/\/hoyre.no\/trysil\/aktuelt\/en-plan-for-fremtiden-med-respekt-for-fortiden\/\" class=\"teft-card__primary-action\">\n\n\t\t\t\t\t<div class=\"teft-card__media teft-card__media--16-9\">\n\t\t\t\t\t\t<img loading=\"lazy\" decoding=\"async\" width=\"768\" height=\"511\" src=\"https:\/\/hoyre.no\/content\/uploads\/sites\/53\/2024\/02\/sentumsplaninnlegg-e1709211734840-768x511.jpg\" class=\"attachment-medium_large size-medium_large\" alt=\"Portrett av gruppelederne fra H, FrP og Ap.\" srcset=\"https:\/\/hoyre.no\/content\/uploads\/sites\/53\/2024\/02\/sentumsplaninnlegg-e1709211734840-768x511.jpg 768w, https:\/\/hoyre.no\/content\/uploads\/sites\/53\/2024\/02\/sentumsplaninnlegg-e1709211734840-300x200.jpg 300w, https:\/\/hoyre.no\/content\/uploads\/sites\/53\/2024\/02\/sentumsplaninnlegg-e1709211734840.jpg 820w\" sizes=\"auto, (max-width: 768px) 100vw, 768px\" \/>\t\t<\/div>\n\t\t\n\t\t\t<div class=\"teft-card__content-wrapper\">\n\t\t\t\t<div class=\"teft-card__secondary\">\n\t\t\t\t\t\n\t\t\t\t\t\t\t\t<div class=\"teft-card__meta\">\n\t\t\t\t\t\t\t\t\t<span class=\"post-date\">29. feb 2024<\/span>\n\n\t\t\t\t\t\t\t\t\t\t\t\t\t\t\t\t\t<\/div>\n\t\t\t\t\t\t\t\t\t\t\t<\/div>\n\n\t\t\t\t<div class=\"teft-card__primary\">\n\t\t\t\t\t<h2 class=\"teft-card__title\">En plan for fremtiden, med respekt for fortiden.&nbsp;<span class=\"teft-card__primary-title-append\"><\/span><\/h2>\t\t\t\t<\/div>\n\t\t\t<\/div>\n\t\t<\/a>\n\t<\/div>\n\n\t<\/div><div class=\"is-card-hoyre\">\n\t<div class=\"teft-card hoyre-teft-card post-teft-card\">\n\t\t<a href=\"https:\/\/hoyre.no\/trysil\/aktuelt\/det-lonner-seg-a-ha\/\" class=\"teft-card__primary-action\">\n\n\t\t\t\t\t<div class=\"teft-card__media teft-card__media--16-9\">\n\t\t\t\t\t\t<img loading=\"lazy\" decoding=\"async\" width=\"768\" height=\"561\" src=\"https:\/\/hoyre.no\/content\/uploads\/sites\/53\/2020\/11\/19417527-15534980013-768x561.jpg\" class=\"attachment-medium_large size-medium_large\" alt=\"\" srcset=\"https:\/\/hoyre.no\/content\/uploads\/sites\/53\/2020\/11\/19417527-15534980013-768x561.jpg 768w, https:\/\/hoyre.no\/content\/uploads\/sites\/53\/2020\/11\/19417527-15534980013-300x219.jpg 300w, https:\/\/hoyre.no\/content\/uploads\/sites\/53\/2020\/11\/19417527-15534980013-1024x748.jpg 1024w, https:\/\/hoyre.no\/content\/uploads\/sites\/53\/2020\/11\/19417527-15534980013-1536x1123.jpg 1536w, https:\/\/hoyre.no\/content\/uploads\/sites\/53\/2020\/11\/19417527-15534980013.jpg 2044w\" sizes=\"auto, (max-width: 768px) 100vw, 768px\" \/>\t\t<\/div>\n\t\t\n\t\t\t<div class=\"teft-card__content-wrapper\">\n\t\t\t\t<div class=\"teft-card__secondary\">\n\t\t\t\t\t\n\t\t\t\t\t\t\t\t<div class=\"teft-card__meta\">\n\t\t\t\t\t\t\t\t\t<span class=\"post-date\">25. jun 2017<\/span>\n\n\t\t\t\t\t\t\t\t\t\t\t\t\t\t\t\t\t<\/div>\n\t\t\t\t\t\t\t\t\t\t\t<\/div>\n\n\t\t\t\t<div class=\"teft-card__primary\">\n\t\t\t\t\t<h2 class=\"teft-card__title\">Det l\u00f8nner seg \u00e5 ha et m\u00e5lrettet fokus p\u00e5 n\u00e6ringsutvikling!&nbsp;<span class=\"teft-card__primary-title-append\"><\/span><\/h2>\t\t\t\t<\/div>\n\t\t\t<\/div>\n\t\t<\/a>\n\t<\/div>\n\n\t<\/div><\/div>\t<\/div>\n<\/div>\n","protected":false},"excerpt":{"rendered":"<p>V\u00e5r nye varaordf\u00f8rer blir Bjarte Wigdel, Trysil H\u00f8yre. Ny ordf\u00f8rer blir Turid Backe-Viken, Trysil Arbeiderparti. Trysil H\u00f8yre f\u00e5r ogs\u00e5 leder for det nye hovedutvalg for drift og forvaltning. (Som erstatter de tre tidligere sektorutvalgene) Nestleder for dette utvalget g\u00e5r til Trysil Frp.&nbsp; I formannskapet og det nye hovedutvalget f\u00e5r Trysil H\u00f8yre to representanter, Trysil Arbeiderparti [&hellip;]<\/p>\n","protected":false},"author":18598,"featured_media":0,"comment_status":"closed","ping_status":"closed","sticky":false,"template":"","format":"standard","meta":{"teft_cards_image_url":"","teft_cards_custom_pretitle":"","teft_cards_image_id":245,"teft_cards_image_focal_point_x":0.5,"teft_cards_image_focal_point_y":0.5,"teft_cards_title":"","teft_cards_excerpt":"","teft_show_chapters":false,"author_display_name":"","footnotes":""},"category":[1],"post_tag":[],"hoyre-visibility":[],"article-type":[],"politician":[],"class_list":["post-244","post","type-post","status-publish","format-standard","hentry","category-ukategorisert"],"yoast_head":"<!-- This site is optimized with the Yoast SEO plugin v26.6 - https:\/\/yoast.com\/wordpress\/plugins\/seo\/ -->\n<title>Bjarte blir varaordf\u00f8rer! - Trysil H\u00f8yre<\/title>\n<meta name=\"robots\" content=\"index, follow, max-snippet:-1, max-image-preview:large, max-video-preview:-1\" \/>\n<link rel=\"canonical\" href=\"https:\/\/hoyre.no\/trysil\/aktuelt\/bjarte-blir-varaordforer\/\" \/>\n<meta property=\"og:locale\" content=\"nb_NO\" \/>\n<meta property=\"og:type\" content=\"article\" \/>\n<meta property=\"og:title\" content=\"Bjarte blir varaordf\u00f8rer! - Trysil H\u00f8yre\" \/>\n<meta property=\"og:description\" content=\"V\u00e5r nye varaordf\u00f8rer blir Bjarte Wigdel, Trysil H\u00f8yre. Ny ordf\u00f8rer blir Turid Backe-Viken, Trysil Arbeiderparti. Trysil H\u00f8yre f\u00e5r ogs\u00e5 leder for det nye hovedutvalg for drift og forvaltning. (Som erstatter de tre tidligere sektorutvalgene) Nestleder for dette utvalget g\u00e5r til Trysil Frp.&nbsp; I formannskapet og det nye hovedutvalget f\u00e5r Trysil H\u00f8yre to representanter, Trysil Arbeiderparti [&hellip;]\" \/>\n<meta property=\"og:url\" content=\"https:\/\/hoyre.no\/trysil\/aktuelt\/bjarte-blir-varaordforer\/\" \/>\n<meta property=\"og:site_name\" content=\"Trysil H\u00f8yre\" \/>\n<meta property=\"article:published_time\" content=\"2023-09-14T18:08:04+00:00\" \/>\n<meta property=\"article:modified_time\" content=\"2023-09-14T18:10:49+00:00\" \/>\n<meta property=\"og:image\" content=\"https:\/\/hoyre.no\/content\/uploads\/sites\/53\/2020\/11\/19417527-15534980013-1024x748.jpg\" \/>\n<meta name=\"author\" content=\"Anders Nyhuus\" \/>\n<meta name=\"twitter:card\" content=\"summary_large_image\" \/>\n<meta name=\"twitter:label1\" content=\"Skrevet av\" \/>\n\t<meta name=\"twitter:data1\" content=\"Anders Nyhuus\" \/>\n\t<meta name=\"twitter:label2\" content=\"Ansl. lesetid\" \/>\n\t<meta name=\"twitter:data2\" content=\"1 minutt\" \/>\n<script type=\"application\/ld+json\" class=\"yoast-schema-graph\">{\"@context\":\"https:\/\/schema.org\",\"@graph\":[{\"@type\":\"NewsArticle\",\"@id\":\"https:\/\/hoyre.no\/trysil\/aktuelt\/bjarte-blir-varaordforer\/\",\"url\":\"https:\/\/hoyre.no\/trysil\/aktuelt\/bjarte-blir-varaordforer\/\",\"name\":\"Bjarte blir varaordf\u00f8rer! - Trysil H\u00f8yre\",\"isPartOf\":{\"@id\":\"https:\/\/hoyre.no\/trysil\/#website\"},\"datePublished\":\"2023-09-14T18:08:04+00:00\",\"dateModified\":\"2023-09-14T18:10:49+00:00\",\"author\":{\"@id\":\"https:\/\/hoyre.no\/trysil\/#\/schema\/person\/f5785f724b04160d060a7162dac5e8d5\"},\"breadcrumb\":{\"@id\":\"https:\/\/hoyre.no\/trysil\/aktuelt\/bjarte-blir-varaordforer\/#breadcrumb\"},\"inLanguage\":\"nb-NO\",\"potentialAction\":[{\"@type\":\"ReadAction\",\"target\":[\"https:\/\/hoyre.no\/trysil\/aktuelt\/bjarte-blir-varaordforer\/\"]}]},{\"@type\":\"BreadcrumbList\",\"@id\":\"https:\/\/hoyre.no\/trysil\/aktuelt\/bjarte-blir-varaordforer\/#breadcrumb\",\"itemListElement\":[{\"@type\":\"ListItem\",\"position\":1,\"name\":\"Til hoyre.no\",\"item\":\"https:\/\/hoyre.no\"},{\"@type\":\"ListItem\",\"position\":2,\"name\":\"Hjem\",\"item\":\"https:\/\/hoyre.no\/trysil\/\"},{\"@type\":\"ListItem\",\"position\":3,\"name\":\"Bjarte blir varaordf\u00f8rer!\"}]},{\"@type\":\"WebSite\",\"@id\":\"https:\/\/hoyre.no\/trysil\/#website\",\"url\":\"https:\/\/hoyre.no\/trysil\/\",\"name\":\"Trysil H\u00f8yre\",\"description\":\"Bare enda et H\u00f8yres nettsteder-nettsted\",\"inLanguage\":\"nb-NO\"},{\"@type\":\"Person\",\"@id\":\"https:\/\/hoyre.no\/trysil\/#\/schema\/person\/f5785f724b04160d060a7162dac5e8d5\",\"name\":\"Anders Nyhuus\",\"image\":{\"@type\":\"ImageObject\",\"inLanguage\":\"nb-NO\",\"@id\":\"https:\/\/hoyre.no\/trysil\/#\/schema\/person\/image\/\",\"url\":\"https:\/\/secure.gravatar.com\/avatar\/01b6cd65d051adeddddccdfbe1af6c3df69bd2351c66a7e359c41022b3cb5f5f?s=96&d=mm&r=g\",\"contentUrl\":\"https:\/\/secure.gravatar.com\/avatar\/01b6cd65d051adeddddccdfbe1af6c3df69bd2351c66a7e359c41022b3cb5f5f?s=96&d=mm&r=g\",\"caption\":\"Anders Nyhuus\"},\"url\":\"https:\/\/hoyre.no\/trysil\/aktuelt\/author\/m50527274\/\"}]}<\/script>\n<!-- \/ Yoast SEO plugin. -->","yoast_head_json":{"title":"Bjarte blir varaordf\u00f8rer! - Trysil H\u00f8yre","robots":{"index":"index","follow":"follow","max-snippet":"max-snippet:-1","max-image-preview":"max-image-preview:large","max-video-preview":"max-video-preview:-1"},"canonical":"https:\/\/hoyre.no\/trysil\/aktuelt\/bjarte-blir-varaordforer\/","og_locale":"nb_NO","og_type":"article","og_title":"Bjarte blir varaordf\u00f8rer! - Trysil H\u00f8yre","og_description":"V\u00e5r nye varaordf\u00f8rer blir Bjarte Wigdel, Trysil H\u00f8yre. Ny ordf\u00f8rer blir Turid Backe-Viken, Trysil Arbeiderparti. Trysil H\u00f8yre f\u00e5r ogs\u00e5 leder for det nye hovedutvalg for drift og forvaltning. (Som erstatter de tre tidligere sektorutvalgene) Nestleder for dette utvalget g\u00e5r til Trysil Frp.&nbsp; I formannskapet og det nye hovedutvalget f\u00e5r Trysil H\u00f8yre to representanter, Trysil Arbeiderparti [&hellip;]","og_url":"https:\/\/hoyre.no\/trysil\/aktuelt\/bjarte-blir-varaordforer\/","og_site_name":"Trysil H\u00f8yre","article_published_time":"2023-09-14T18:08:04+00:00","article_modified_time":"2023-09-14T18:10:49+00:00","og_image":[{"url":"https:\/\/hoyre.no\/content\/uploads\/sites\/53\/2020\/11\/19417527-15534980013-1024x748.jpg","width":"","height":"","type":""}],"author":"Anders Nyhuus","twitter_card":"summary_large_image","twitter_misc":{"Skrevet av":"Anders Nyhuus","Ansl. lesetid":"1 minutt"},"schema":{"@context":"https:\/\/schema.org","@graph":[{"@type":"NewsArticle","@id":"https:\/\/hoyre.no\/trysil\/aktuelt\/bjarte-blir-varaordforer\/","url":"https:\/\/hoyre.no\/trysil\/aktuelt\/bjarte-blir-varaordforer\/","name":"Bjarte blir varaordf\u00f8rer! - Trysil H\u00f8yre","isPartOf":{"@id":"https:\/\/hoyre.no\/trysil\/#website"},"datePublished":"2023-09-14T18:08:04+00:00","dateModified":"2023-09-14T18:10:49+00:00","author":{"@id":"https:\/\/hoyre.no\/trysil\/#\/schema\/person\/f5785f724b04160d060a7162dac5e8d5"},"breadcrumb":{"@id":"https:\/\/hoyre.no\/trysil\/aktuelt\/bjarte-blir-varaordforer\/#breadcrumb"},"inLanguage":"nb-NO","potentialAction":[{"@type":"ReadAction","target":["https:\/\/hoyre.no\/trysil\/aktuelt\/bjarte-blir-varaordforer\/"]}]},{"@type":"BreadcrumbList","@id":"https:\/\/hoyre.no\/trysil\/aktuelt\/bjarte-blir-varaordforer\/#breadcrumb","itemListElement":[{"@type":"ListItem","position":1,"name":"Til hoyre.no","item":"https:\/\/hoyre.no"},{"@type":"ListItem","position":2,"name":"Hjem","item":"https:\/\/hoyre.no\/trysil\/"},{"@type":"ListItem","position":3,"name":"Bjarte blir varaordf\u00f8rer!"}]},{"@type":"WebSite","@id":"https:\/\/hoyre.no\/trysil\/#website","url":"https:\/\/hoyre.no\/trysil\/","name":"Trysil H\u00f8yre","description":"Bare enda et H\u00f8yres nettsteder-nettsted","inLanguage":"nb-NO"},{"@type":"Person","@id":"https:\/\/hoyre.no\/trysil\/#\/schema\/person\/f5785f724b04160d060a7162dac5e8d5","name":"Anders Nyhuus","image":{"@type":"ImageObject","inLanguage":"nb-NO","@id":"https:\/\/hoyre.no\/trysil\/#\/schema\/person\/image\/","url":"https:\/\/secure.gravatar.com\/avatar\/01b6cd65d051adeddddccdfbe1af6c3df69bd2351c66a7e359c41022b3cb5f5f?s=96&d=mm&r=g","contentUrl":"https:\/\/secure.gravatar.com\/avatar\/01b6cd65d051adeddddccdfbe1af6c3df69bd2351c66a7e359c41022b3cb5f5f?s=96&d=mm&r=g","caption":"Anders Nyhuus"},"url":"https:\/\/hoyre.no\/trysil\/aktuelt\/author\/m50527274\/"}]}},"distributor_meta":false,"distributor_terms":false,"distributor_media":false,"distributor_original_site_name":"Trysil H\u00f8yre","distributor_original_site_url":"https:\/\/hoyre.no\/trysil","push-errors":false,"_links":{"self":[{"href":"https:\/\/hoyre.no\/trysil\/wp-json\/wp\/v2\/posts\/244","targetHints":{"allow":["GET"]}}],"collection":[{"href":"https:\/\/hoyre.no\/trysil\/wp-json\/wp\/v2\/posts"}],"about":[{"href":"https:\/\/hoyre.no\/trysil\/wp-json\/wp\/v2\/types\/post"}],"author":[{"embeddable":true,"href":"https:\/\/hoyre.no\/trysil\/wp-json\/wp\/v2\/users\/18598"}],"replies":[{"embeddable":true,"href":"https:\/\/hoyre.no\/trysil\/wp-json\/wp\/v2\/comments?post=244"}],"version-history":[{"count":3,"href":"https:\/\/hoyre.no\/trysil\/wp-json\/wp\/v2\/posts\/244\/revisions"}],"predecessor-version":[{"id":248,"href":"https:\/\/hoyre.no\/trysil\/wp-json\/wp\/v2\/posts\/244\/revisions\/248"}],"wp:attachment":[{"href":"https:\/\/hoyre.no\/trysil\/wp-json\/wp\/v2\/media?parent=244"}],"wp:term":[{"taxonomy":"category","embeddable":true,"href":"https:\/\/hoyre.no\/trysil\/wp-json\/wp\/v2\/category?post=244"},{"taxonomy":"post_tag","embeddable":true,"href":"https:\/\/hoyre.no\/trysil\/wp-json\/wp\/v2\/post_tag?post=244"},{"taxonomy":"hoyre-visibility","embeddable":true,"href":"https:\/\/hoyre.no\/trysil\/wp-json\/wp\/v2\/hoyre-visibility?post=244"},{"taxonomy":"article-type","embeddable":true,"href":"https:\/\/hoyre.no\/trysil\/wp-json\/wp\/v2\/article-type?post=244"},{"taxonomy":"politician","embeddable":true,"href":"https:\/\/hoyre.no\/trysil\/wp-json\/wp\/v2\/politician?post=244"}],"curies":[{"name":"wp","href":"https:\/\/api.w.org\/{rel}","templated":true}]}}